{"id":101,"date":"2019-01-03T12:03:46","date_gmt":"2019-01-03T11:03:46","guid":{"rendered":"https:\/\/kominki-elektryczne.pl\/blog\/?p=101"},"modified":"2024-10-08T12:14:48","modified_gmt":"2024-10-08T10:14:48","slug":"kominek-elektryczny-led-rocky-i-palas","status":"publish","type":"post","link":"https:\/\/kominki-elektryczne.pl\/blog\/2019\/01\/03\/kominek-elektryczny-led-rocky-i-palas\/","title":{"rendered":"Kominek elektryczny LED Rocky i Palas"},"content":{"rendered":"<p>Witam!<\/p>\n<p>Wielkimi krokami zbli\u017ca si\u0119 kolejna dostawa komink\u00f3w elektrycznych na kt\u00f3r\u0105 wiele os\u00f3b oczekuje! W tej dostawie b\u0119d\u0105 kominki:<\/p>\n<p>&#8211;<a href=\"https:\/\/www.kominki-elektryczne.pl\/glowna\/177-kominek-elektryczny-led-palas-aflamo.html?search_query=palas&amp;results=1\" target=\"_blank\" rel=\"noopener\"> Kominek elektryczny LED Palas<\/a><\/p>\n<figure id=\"attachment_105\" aria-describedby=\"caption-attachment-105\" style=\"width: 958px\" class=\"wp-caption alignnone\"><img loading=\"lazy\" decoding=\"async\" class=\"size-full wp-image-105\" src=\"https:\/\/kominki-elektryczne.pl\/blog\/wp-content\/uploads\/2019\/01\/Palas_A_large.jpg\" alt=\"Kominek elektryczny LED PALAS\" width=\"958\" height=\"1024\" srcset=\"https:\/\/kominki-elektryczne.pl\/blog\/wp-content\/uploads\/2019\/01\/Palas_A_large.jpg 958w, https:\/\/kominki-elektryczne.pl\/blog\/wp-content\/uploads\/2019\/01\/Palas_A_large-281x300.jpg 281w, https:\/\/kominki-elektryczne.pl\/blog\/wp-content\/uploads\/2019\/01\/Palas_A_large-768x821.jpg 768w\" sizes=\"auto, (max-width: 958px) 100vw, 958px\" \/><figcaption id=\"caption-attachment-105\" class=\"wp-caption-text\">Kominek elektryczny LED PALAS<\/figcaption><\/figure>\n<p>&#8211; <a href=\"https:\/\/www.kominki-elektryczne.pl\/glowna\/176-rocky-kamienny-kominek-elektryczny-led-aflamo.html?search_query=rocky&amp;results=1\" target=\"_blank\" rel=\"noopener\">Kominek elektryczny LED Rocky<\/a><\/p>\n<figure id=\"attachment_104\" aria-describedby=\"caption-attachment-104\" style=\"width: 847px\" class=\"wp-caption alignnone\"><img loading=\"lazy\" decoding=\"async\" class=\"size-full wp-image-104\" src=\"https:\/\/kominki-elektryczne.pl\/blog\/wp-content\/uploads\/2019\/01\/Rocky_A_large.jpg\" alt=\"Kominek elektryczny LED ROCKY\" width=\"847\" height=\"1024\" srcset=\"https:\/\/kominki-elektryczne.pl\/blog\/wp-content\/uploads\/2019\/01\/Rocky_A_large.jpg 847w, https:\/\/kominki-elektryczne.pl\/blog\/wp-content\/uploads\/2019\/01\/Rocky_A_large-248x300.jpg 248w, https:\/\/kominki-elektryczne.pl\/blog\/wp-content\/uploads\/2019\/01\/Rocky_A_large-768x928.jpg 768w\" sizes=\"auto, (max-width: 847px) 100vw, 847px\" \/><figcaption id=\"caption-attachment-104\" class=\"wp-caption-text\">Kominek elektryczny LED ROCKY<\/figcaption><\/figure>\n<p>&nbsp;<\/p>\n<p>Te dwa modele s\u0105 wykonane ze specjalnej imitacji kamienia.<br \/>\nKominki niesamowicie prezentuj\u0105 si\u0119 w ka\u017cdym pomieszczeniu.<br \/>\nPosiada on 5 poziom\u00f3w jasno\u015bci p\u0142omienia i jest niezale\u017cny od funkcji grzania.<br \/>\nMo\u017cna ustawi\u0107 sobie dowoln\u0105 temperatur\u0119 grzania jak i r\u00f3wnie\u017c timer, kt\u00f3ry po ustawieniu w dowolnej chwili wy\u0142\u0105czy kominek.<\/p>\n<p>Dostawa tych modeli b\u0119dzie w dniu 07.01.2019<\/p>\n<p>Zapraszamy!<\/p>\n<p>&nbsp;<\/p>\n<p>&nbsp;<\/p>\n","protected":false},"excerpt":{"rendered":"<p>Witam! Wielkimi krokami zbli\u017ca si\u0119 kolejna dostawa komink\u00f3w elektrycznych na kt\u00f3r\u0105 wiele os\u00f3b oczekuje! W tej dostawie b\u0119d\u0105 kominki: &#8211; Kominek elektryczny LED Palas &#8211; Kominek elektryczny LED Rocky &nbsp; Te dwa modele s\u0105 wykonane ze specjalnej imitacji kamienia. Kominki niesamowicie prezentuj\u0105 si\u0119 w ka\u017cdym &hellip; <\/p>\n","protected":false},"author":1,"featured_media":0,"comment_status":"closed","ping_status":"closed","sticky":false,"template":"","format":"standard","meta":{"footnotes":""},"categories":[1],"tags":[],"class_list":["post-101","post","type-post","status-publish","format-standard","hentry","category-bez-kategorii"],"yoast_head":"<!-- This site is optimized with the Yoast SEO plugin v25.7 - https:\/\/yoast.com\/wordpress\/plugins\/seo\/ -->\n<title>Kominek elektryczny LED Rocky i Palas - Kominki-Elektryczne.pl<\/title>\n<meta name=\"robots\" content=\"index, follow, max-snippet:-1, max-image-preview:large, max-video-preview:-1\" \/>\n<link rel=\"canonical\" href=\"https:\/\/kominki-elektryczne.pl\/blog\/2019\/01\/03\/kominek-elektryczny-led-rocky-i-palas\/\" \/>\n<meta property=\"og:locale\" content=\"pl_PL\" \/>\n<meta property=\"og:type\" content=\"article\" \/>\n<meta property=\"og:title\" content=\"Kominek elektryczny LED Rocky i Palas - Kominki-Elektryczne.pl\" \/>\n<meta property=\"og:description\" content=\"Witam! Wielkimi krokami zbli\u017ca si\u0119 kolejna dostawa komink\u00f3w elektrycznych na kt\u00f3r\u0105 wiele os\u00f3b oczekuje! W tej dostawie b\u0119d\u0105 kominki: &#8211; Kominek elektryczny LED Palas &#8211; Kominek elektryczny LED Rocky &nbsp; Te dwa modele s\u0105 wykonane ze specjalnej imitacji kamienia. Kominki niesamowicie prezentuj\u0105 si\u0119 w ka\u017cdym &hellip;\" \/>\n<meta property=\"og:url\" content=\"https:\/\/kominki-elektryczne.pl\/blog\/2019\/01\/03\/kominek-elektryczny-led-rocky-i-palas\/\" \/>\n<meta property=\"og:site_name\" content=\"Kominki-Elektryczne.pl\" \/>\n<meta property=\"article:publisher\" content=\"https:\/\/www.facebook.com\/elektrycznekominki\" \/>\n<meta property=\"article:published_time\" content=\"2019-01-03T11:03:46+00:00\" \/>\n<meta property=\"article:modified_time\" content=\"2024-10-08T10:14:48+00:00\" \/>\n<meta property=\"og:image\" content=\"https:\/\/kominki-elektryczne.pl\/blog\/wp-content\/uploads\/2019\/01\/Palas_A_large.jpg\" \/>\n\t<meta property=\"og:image:width\" content=\"958\" \/>\n\t<meta property=\"og:image:height\" content=\"1024\" \/>\n\t<meta property=\"og:image:type\" content=\"image\/jpeg\" \/>\n<meta name=\"author\" content=\"Kominkowy\" \/>\n<meta name=\"twitter:card\" content=\"summary_large_image\" \/>\n<meta name=\"twitter:label1\" content=\"Napisane przez\" \/>\n\t<meta name=\"twitter:data1\" content=\"Kominkowy\" \/>\n\t<meta name=\"twitter:label2\" content=\"Szacowany czas czytania\" \/>\n\t<meta name=\"twitter:data2\" content=\"1 minuta\" \/>\n<script type=\"application\/ld+json\" class=\"yoast-schema-graph\">{\"@context\":\"https:\/\/schema.org\",\"@graph\":[{\"@type\":\"Article\",\"@id\":\"https:\/\/kominki-elektryczne.pl\/blog\/2019\/01\/03\/kominek-elektryczny-led-rocky-i-palas\/#article\",\"isPartOf\":{\"@id\":\"https:\/\/kominki-elektryczne.pl\/blog\/2019\/01\/03\/kominek-elektryczny-led-rocky-i-palas\/\"},\"author\":{\"name\":\"Kominkowy\",\"@id\":\"https:\/\/kominki-elektryczne.pl\/blog\/#\/schema\/person\/045e7544e3e90364f5f82cc509123089\"},\"headline\":\"Kominek elektryczny LED Rocky i Palas\",\"datePublished\":\"2019-01-03T11:03:46+00:00\",\"dateModified\":\"2024-10-08T10:14:48+00:00\",\"mainEntityOfPage\":{\"@id\":\"https:\/\/kominki-elektryczne.pl\/blog\/2019\/01\/03\/kominek-elektryczny-led-rocky-i-palas\/\"},\"wordCount\":127,\"publisher\":{\"@id\":\"https:\/\/kominki-elektryczne.pl\/blog\/#organization\"},\"image\":{\"@id\":\"https:\/\/kominki-elektryczne.pl\/blog\/2019\/01\/03\/kominek-elektryczny-led-rocky-i-palas\/#primaryimage\"},\"thumbnailUrl\":\"https:\/\/kominki-elektryczne.pl\/blog\/wp-content\/uploads\/2019\/01\/Palas_A_large.jpg\",\"inLanguage\":\"pl-PL\"},{\"@type\":\"WebPage\",\"@id\":\"https:\/\/kominki-elektryczne.pl\/blog\/2019\/01\/03\/kominek-elektryczny-led-rocky-i-palas\/\",\"url\":\"https:\/\/kominki-elektryczne.pl\/blog\/2019\/01\/03\/kominek-elektryczny-led-rocky-i-palas\/\",\"name\":\"Kominek elektryczny LED Rocky i Palas - Kominki-Elektryczne.pl\",\"isPartOf\":{\"@id\":\"https:\/\/kominki-elektryczne.pl\/blog\/#website\"},\"primaryImageOfPage\":{\"@id\":\"https:\/\/kominki-elektryczne.pl\/blog\/2019\/01\/03\/kominek-elektryczny-led-rocky-i-palas\/#primaryimage\"},\"image\":{\"@id\":\"https:\/\/kominki-elektryczne.pl\/blog\/2019\/01\/03\/kominek-elektryczny-led-rocky-i-palas\/#primaryimage\"},\"thumbnailUrl\":\"https:\/\/kominki-elektryczne.pl\/blog\/wp-content\/uploads\/2019\/01\/Palas_A_large.jpg\",\"datePublished\":\"2019-01-03T11:03:46+00:00\",\"dateModified\":\"2024-10-08T10:14:48+00:00\",\"breadcrumb\":{\"@id\":\"https:\/\/kominki-elektryczne.pl\/blog\/2019\/01\/03\/kominek-elektryczny-led-rocky-i-palas\/#breadcrumb\"},\"inLanguage\":\"pl-PL\",\"potentialAction\":[{\"@type\":\"ReadAction\",\"target\":[\"https:\/\/kominki-elektryczne.pl\/blog\/2019\/01\/03\/kominek-elektryczny-led-rocky-i-palas\/\"]}]},{\"@type\":\"ImageObject\",\"inLanguage\":\"pl-PL\",\"@id\":\"https:\/\/kominki-elektryczne.pl\/blog\/2019\/01\/03\/kominek-elektryczny-led-rocky-i-palas\/#primaryimage\",\"url\":\"https:\/\/kominki-elektryczne.pl\/blog\/wp-content\/uploads\/2019\/01\/Palas_A_large.jpg\",\"contentUrl\":\"https:\/\/kominki-elektryczne.pl\/blog\/wp-content\/uploads\/2019\/01\/Palas_A_large.jpg\",\"width\":958,\"height\":1024,\"caption\":\"Kominek elektryczny LED PALAS\"},{\"@type\":\"BreadcrumbList\",\"@id\":\"https:\/\/kominki-elektryczne.pl\/blog\/2019\/01\/03\/kominek-elektryczny-led-rocky-i-palas\/#breadcrumb\",\"itemListElement\":[{\"@type\":\"ListItem\",\"position\":1,\"name\":\"Strona g\u0142\u00f3wna\",\"item\":\"https:\/\/kominki-elektryczne.pl\/blog\/\"},{\"@type\":\"ListItem\",\"position\":2,\"name\":\"Kominek elektryczny LED Rocky i Palas\"}]},{\"@type\":\"WebSite\",\"@id\":\"https:\/\/kominki-elektryczne.pl\/blog\/#website\",\"url\":\"https:\/\/kominki-elektryczne.pl\/blog\/\",\"name\":\"Kominki-Elektryczne.pl\",\"description\":\"Opisy - Porady - Recenzje\",\"publisher\":{\"@id\":\"https:\/\/kominki-elektryczne.pl\/blog\/#organization\"},\"potentialAction\":[{\"@type\":\"SearchAction\",\"target\":{\"@type\":\"EntryPoint\",\"urlTemplate\":\"https:\/\/kominki-elektryczne.pl\/blog\/?s={search_term_string}\"},\"query-input\":{\"@type\":\"PropertyValueSpecification\",\"valueRequired\":true,\"valueName\":\"search_term_string\"}}],\"inLanguage\":\"pl-PL\"},{\"@type\":\"Organization\",\"@id\":\"https:\/\/kominki-elektryczne.pl\/blog\/#organization\",\"name\":\"Kominki-Elektryczne.pl\",\"url\":\"https:\/\/kominki-elektryczne.pl\/blog\/\",\"logo\":{\"@type\":\"ImageObject\",\"inLanguage\":\"pl-PL\",\"@id\":\"https:\/\/kominki-elektryczne.pl\/blog\/#\/schema\/logo\/image\/\",\"url\":\"https:\/\/kominki-elektryczne.pl\/blog\/wp-content\/uploads\/2025\/04\/cropped-LogoAflamo.jpg\",\"contentUrl\":\"https:\/\/kominki-elektryczne.pl\/blog\/wp-content\/uploads\/2025\/04\/cropped-LogoAflamo.jpg\",\"width\":200,\"height\":58,\"caption\":\"Kominki-Elektryczne.pl\"},\"image\":{\"@id\":\"https:\/\/kominki-elektryczne.pl\/blog\/#\/schema\/logo\/image\/\"},\"sameAs\":[\"https:\/\/www.facebook.com\/elektrycznekominki\"]},{\"@type\":\"Person\",\"@id\":\"https:\/\/kominki-elektryczne.pl\/blog\/#\/schema\/person\/045e7544e3e90364f5f82cc509123089\",\"name\":\"Kominkowy\",\"image\":{\"@type\":\"ImageObject\",\"inLanguage\":\"pl-PL\",\"@id\":\"https:\/\/kominki-elektryczne.pl\/blog\/#\/schema\/person\/image\/\",\"url\":\"https:\/\/secure.gravatar.com\/avatar\/8c15720599195e8ba4119df2db28ce7e?s=96&d=mm&r=g\",\"contentUrl\":\"https:\/\/secure.gravatar.com\/avatar\/8c15720599195e8ba4119df2db28ce7e?s=96&d=mm&r=g\",\"caption\":\"Kominkowy\"},\"sameAs\":[\"http:\/\/www.kominki-elektryczne.pl\"],\"url\":\"https:\/\/kominki-elektryczne.pl\/blog\/author\/led-handel\/\"}]}<\/script>\n<!-- \/ Yoast SEO plugin. -->","yoast_head_json":{"title":"Kominek elektryczny LED Rocky i Palas - Kominki-Elektryczne.pl","robots":{"index":"index","follow":"follow","max-snippet":"max-snippet:-1","max-image-preview":"max-image-preview:large","max-video-preview":"max-video-preview:-1"},"canonical":"https:\/\/kominki-elektryczne.pl\/blog\/2019\/01\/03\/kominek-elektryczny-led-rocky-i-palas\/","og_locale":"pl_PL","og_type":"article","og_title":"Kominek elektryczny LED Rocky i Palas - Kominki-Elektryczne.pl","og_description":"Witam! Wielkimi krokami zbli\u017ca si\u0119 kolejna dostawa komink\u00f3w elektrycznych na kt\u00f3r\u0105 wiele os\u00f3b oczekuje! W tej dostawie b\u0119d\u0105 kominki: &#8211; Kominek elektryczny LED Palas &#8211; Kominek elektryczny LED Rocky &nbsp; Te dwa modele s\u0105 wykonane ze specjalnej imitacji kamienia. Kominki niesamowicie prezentuj\u0105 si\u0119 w ka\u017cdym &hellip;","og_url":"https:\/\/kominki-elektryczne.pl\/blog\/2019\/01\/03\/kominek-elektryczny-led-rocky-i-palas\/","og_site_name":"Kominki-Elektryczne.pl","article_publisher":"https:\/\/www.facebook.com\/elektrycznekominki","article_published_time":"2019-01-03T11:03:46+00:00","article_modified_time":"2024-10-08T10:14:48+00:00","og_image":[{"width":958,"height":1024,"url":"https:\/\/kominki-elektryczne.pl\/blog\/wp-content\/uploads\/2019\/01\/Palas_A_large.jpg","type":"image\/jpeg"}],"author":"Kominkowy","twitter_card":"summary_large_image","twitter_misc":{"Napisane przez":"Kominkowy","Szacowany czas czytania":"1 minuta"},"schema":{"@context":"https:\/\/schema.org","@graph":[{"@type":"Article","@id":"https:\/\/kominki-elektryczne.pl\/blog\/2019\/01\/03\/kominek-elektryczny-led-rocky-i-palas\/#article","isPartOf":{"@id":"https:\/\/kominki-elektryczne.pl\/blog\/2019\/01\/03\/kominek-elektryczny-led-rocky-i-palas\/"},"author":{"name":"Kominkowy","@id":"https:\/\/kominki-elektryczne.pl\/blog\/#\/schema\/person\/045e7544e3e90364f5f82cc509123089"},"headline":"Kominek elektryczny LED Rocky i Palas","datePublished":"2019-01-03T11:03:46+00:00","dateModified":"2024-10-08T10:14:48+00:00","mainEntityOfPage":{"@id":"https:\/\/kominki-elektryczne.pl\/blog\/2019\/01\/03\/kominek-elektryczny-led-rocky-i-palas\/"},"wordCount":127,"publisher":{"@id":"https:\/\/kominki-elektryczne.pl\/blog\/#organization"},"image":{"@id":"https:\/\/kominki-elektryczne.pl\/blog\/2019\/01\/03\/kominek-elektryczny-led-rocky-i-palas\/#primaryimage"},"thumbnailUrl":"https:\/\/kominki-elektryczne.pl\/blog\/wp-content\/uploads\/2019\/01\/Palas_A_large.jpg","inLanguage":"pl-PL"},{"@type":"WebPage","@id":"https:\/\/kominki-elektryczne.pl\/blog\/2019\/01\/03\/kominek-elektryczny-led-rocky-i-palas\/","url":"https:\/\/kominki-elektryczne.pl\/blog\/2019\/01\/03\/kominek-elektryczny-led-rocky-i-palas\/","name":"Kominek elektryczny LED Rocky i Palas - Kominki-Elektryczne.pl","isPartOf":{"@id":"https:\/\/kominki-elektryczne.pl\/blog\/#website"},"primaryImageOfPage":{"@id":"https:\/\/kominki-elektryczne.pl\/blog\/2019\/01\/03\/kominek-elektryczny-led-rocky-i-palas\/#primaryimage"},"image":{"@id":"https:\/\/kominki-elektryczne.pl\/blog\/2019\/01\/03\/kominek-elektryczny-led-rocky-i-palas\/#primaryimage"},"thumbnailUrl":"https:\/\/kominki-elektryczne.pl\/blog\/wp-content\/uploads\/2019\/01\/Palas_A_large.jpg","datePublished":"2019-01-03T11:03:46+00:00","dateModified":"2024-10-08T10:14:48+00:00","breadcrumb":{"@id":"https:\/\/kominki-elektryczne.pl\/blog\/2019\/01\/03\/kominek-elektryczny-led-rocky-i-palas\/#breadcrumb"},"inLanguage":"pl-PL","potentialAction":[{"@type":"ReadAction","target":["https:\/\/kominki-elektryczne.pl\/blog\/2019\/01\/03\/kominek-elektryczny-led-rocky-i-palas\/"]}]},{"@type":"ImageObject","inLanguage":"pl-PL","@id":"https:\/\/kominki-elektryczne.pl\/blog\/2019\/01\/03\/kominek-elektryczny-led-rocky-i-palas\/#primaryimage","url":"https:\/\/kominki-elektryczne.pl\/blog\/wp-content\/uploads\/2019\/01\/Palas_A_large.jpg","contentUrl":"https:\/\/kominki-elektryczne.pl\/blog\/wp-content\/uploads\/2019\/01\/Palas_A_large.jpg","width":958,"height":1024,"caption":"Kominek elektryczny LED PALAS"},{"@type":"BreadcrumbList","@id":"https:\/\/kominki-elektryczne.pl\/blog\/2019\/01\/03\/kominek-elektryczny-led-rocky-i-palas\/#breadcrumb","itemListElement":[{"@type":"ListItem","position":1,"name":"Strona g\u0142\u00f3wna","item":"https:\/\/kominki-elektryczne.pl\/blog\/"},{"@type":"ListItem","position":2,"name":"Kominek elektryczny LED Rocky i Palas"}]},{"@type":"WebSite","@id":"https:\/\/kominki-elektryczne.pl\/blog\/#website","url":"https:\/\/kominki-elektryczne.pl\/blog\/","name":"Kominki-Elektryczne.pl","description":"Opisy - Porady - Recenzje","publisher":{"@id":"https:\/\/kominki-elektryczne.pl\/blog\/#organization"},"potentialAction":[{"@type":"SearchAction","target":{"@type":"EntryPoint","urlTemplate":"https:\/\/kominki-elektryczne.pl\/blog\/?s={search_term_string}"},"query-input":{"@type":"PropertyValueSpecification","valueRequired":true,"valueName":"search_term_string"}}],"inLanguage":"pl-PL"},{"@type":"Organization","@id":"https:\/\/kominki-elektryczne.pl\/blog\/#organization","name":"Kominki-Elektryczne.pl","url":"https:\/\/kominki-elektryczne.pl\/blog\/","logo":{"@type":"ImageObject","inLanguage":"pl-PL","@id":"https:\/\/kominki-elektryczne.pl\/blog\/#\/schema\/logo\/image\/","url":"https:\/\/kominki-elektryczne.pl\/blog\/wp-content\/uploads\/2025\/04\/cropped-LogoAflamo.jpg","contentUrl":"https:\/\/kominki-elektryczne.pl\/blog\/wp-content\/uploads\/2025\/04\/cropped-LogoAflamo.jpg","width":200,"height":58,"caption":"Kominki-Elektryczne.pl"},"image":{"@id":"https:\/\/kominki-elektryczne.pl\/blog\/#\/schema\/logo\/image\/"},"sameAs":["https:\/\/www.facebook.com\/elektrycznekominki"]},{"@type":"Person","@id":"https:\/\/kominki-elektryczne.pl\/blog\/#\/schema\/person\/045e7544e3e90364f5f82cc509123089","name":"Kominkowy","image":{"@type":"ImageObject","inLanguage":"pl-PL","@id":"https:\/\/kominki-elektryczne.pl\/blog\/#\/schema\/person\/image\/","url":"https:\/\/secure.gravatar.com\/avatar\/8c15720599195e8ba4119df2db28ce7e?s=96&d=mm&r=g","contentUrl":"https:\/\/secure.gravatar.com\/avatar\/8c15720599195e8ba4119df2db28ce7e?s=96&d=mm&r=g","caption":"Kominkowy"},"sameAs":["http:\/\/www.kominki-elektryczne.pl"],"url":"https:\/\/kominki-elektryczne.pl\/blog\/author\/led-handel\/"}]}},"_links":{"self":[{"href":"https:\/\/kominki-elektryczne.pl\/blog\/wp-json\/wp\/v2\/posts\/101","targetHints":{"allow":["GET"]}}],"collection":[{"href":"https:\/\/kominki-elektryczne.pl\/blog\/wp-json\/wp\/v2\/posts"}],"about":[{"href":"https:\/\/kominki-elektryczne.pl\/blog\/wp-json\/wp\/v2\/types\/post"}],"author":[{"embeddable":true,"href":"https:\/\/kominki-elektryczne.pl\/blog\/wp-json\/wp\/v2\/users\/1"}],"replies":[{"embeddable":true,"href":"https:\/\/kominki-elektryczne.pl\/blog\/wp-json\/wp\/v2\/comments?post=101"}],"version-history":[{"count":3,"href":"https:\/\/kominki-elektryczne.pl\/blog\/wp-json\/wp\/v2\/posts\/101\/revisions"}],"predecessor-version":[{"id":106,"href":"https:\/\/kominki-elektryczne.pl\/blog\/wp-json\/wp\/v2\/posts\/101\/revisions\/106"}],"wp:attachment":[{"href":"https:\/\/kominki-elektryczne.pl\/blog\/wp-json\/wp\/v2\/media?parent=101"}],"wp:term":[{"taxonomy":"category","embeddable":true,"href":"https:\/\/kominki-elektryczne.pl\/blog\/wp-json\/wp\/v2\/categories?post=101"},{"taxonomy":"post_tag","embeddable":true,"href":"https:\/\/kominki-elektryczne.pl\/blog\/wp-json\/wp\/v2\/tags?post=101"}],"curies":[{"name":"wp","href":"https:\/\/api.w.org\/{rel}","templated":true}]}}