{"id":1012,"date":"2025-04-24T12:06:40","date_gmt":"2025-04-24T10:06:40","guid":{"rendered":"https:\/\/kominki-elektryczne.pl\/blog\/?p=1012"},"modified":"2025-04-24T12:06:40","modified_gmt":"2025-04-24T10:06:40","slug":"caminetti-elettrici-indipendenti-tower-una-ventata-di-aria-fresca-nella-tua-casa","status":"publish","type":"post","link":"https:\/\/kominki-elektryczne.pl\/blog\/it\/2025\/04\/24\/caminetti-elettrici-indipendenti-tower-una-ventata-di-aria-fresca-nella-tua-casa\/","title":{"rendered":"Caminetti elettrici indipendenti Tower: una ventata di aria fresca nella tua casa"},"content":{"rendered":"\n<p>I <a href=\"https:\/\/www.kominki-elektryczne.pl\/de\/17-led-eckkamine\">caminetti elettrici<\/a> stanno diventando sempre pi\u00f9 popolari come soluzione moderna e pratica per il riscaldamento e l&#8217;arredamento d&#8217;interni. Tra questi, spicca il modello Tower del marchio Aflamo, che grazie alle sue caratteristiche uniche porta in casa non solo calore, ma anche un&#8217;atmosfera speciale. Il camino elettrico Tower \u00e8 la scelta perfetta per chi apprezza l&#8217;estetica, la funzionalit\u00e0 e le tecnologie moderne.<\/p>\n\n\n\n<figure class=\"wp-block-image size-full\"><img decoding=\"async\" src=\"https:\/\/kominki-elektryczne.com.pl\/wp-content\/uploads\/2025\/04\/tower-46-nie-zawiera-podstawy-3-1.jpg\" alt=\"caminetti elettrici tower aflamo\" class=\"wp-image-1739\"\/><\/figure>\n\n\n\n<h2 class=\"wp-block-heading\">Caratteristiche peculiari del camino elettrico Tower<\/h2>\n\n\n\n<p>Il <a href=\"https:\/\/www.kominki-elektryczne.pl\/de\/szukaj?controller=search&amp;s=tower\">camino elettrico Tower<\/a> \u00e8 un camino indipendente con funzione di riscaldamento che, grazie al suo design e alle tecnologie impiegate, crea un effetto fiamma estremamente realistico. Il camino \u00e8 dotato dell&#8217;innovativo sistema di fiamma AFLAMO PLUS, che genera un&#8217;immagine di fuoco tridimensionale, profonda e naturale. Inoltre, il set include ceppi semitrasparenti che imitano il legno luminoso, aumentando il realismo visivo e rendendo il camino il punto focale di ogni stanza.<\/p>\n\n\n\n<p>Vale la pena sottolineare che il camino elettrico Tower \u00e8 anche un camino elettrico a tre lati: il suo design consente di ammirare l&#8217;effetto fiamma da tre lati, il che aumenta notevolmente il suo fascino visivo e consente una migliore distribuzione della luce e del calore nella stanza. Grazie a questa progettazione, il camino non \u00e8 solo una fonte di calore, ma anche un elemento di design dell&#8217;arredamento d&#8217;interni.<\/p>\n\n\n\n<h2 class=\"wp-block-heading\">Camino elettrico con suono: una nuova dimensione del relax<\/h2>\n\n\n\n<p>Una delle soluzioni pi\u00f9 innovative adottate nel modello Tower \u00e8 l&#8217;altoparlante integrato che riproduce il suono naturale dello scoppiettio della legna. Grazie a questo, quando si utilizza il camino, si ha la sensazione di trovarsi accanto a un vero fal\u00f2, il che aumenta notevolmente il comfort e l&#8217;intimit\u00e0 dell&#8217;ambiente interno. Un camino elettrico con suono \u00e8 la soluzione perfetta per chi desidera creare in casa un&#8217;atmosfera unica che favorisca il relax dopo una giornata faticosa.<\/p>\n\n\n\n<h2 class=\"wp-block-heading\">Compatibilit\u00e0 con il supporto in legno: una soluzione pratica ed elegante<\/h2>\n\n\n\n<p>Inoltre, il camino elettrico Tower \u00e8 compatibile con un supporto in legna, acquistabile separatamente. Questa aggiunta funzionale non solo consente di conservare in modo estetico il legno decorativo, ma sottolinea anche il carattere naturale dell&#8217;intero set. Grazie a ci\u00f2, l&#8217;insieme appare ancora pi\u00f9 elegante e armonioso, creando un design d&#8217;interni coerente.<\/p>\n\n\n\n<h2 class=\"wp-block-heading\">Controllo e funzionalit\u00e0<\/h2>\n\n\n\n<p>Il camino Tower pu\u00f2 essere comodamente controllato tramite un telecomando e un&#8217;applicazione mobile disponibile per i sistemi Android e iOS. La possibilit\u00e0 di accendere e spegnere il dispositivo tramite comando vocale, ad esempio tramite l&#8217;assistente Amazon Alexa, \u00e8 un altro aspetto della modernit\u00e0 di questo modello. Il camino \u00e8 disponibile in diverse misure (46, 56, 61, 71, 76 cm), consentendone l&#8217;adattamento alle dimensioni e allo stile di qualsiasi ambiente interno.<\/p>\n\n\n\n<h2 class=\"wp-block-heading\">Camino elettrico Aflamo: una combinazione di estetica e praticit\u00e0<\/h2>\n\n\n\n<p>Il marchio Aflamo \u00e8 garanzia di alta qualit\u00e0 e soluzioni moderne. Il camino elettrico Aflamo Tower non necessita di collegamento a canne fumarie o installazioni specialistiche, il che ne semplifica notevolmente l&#8217;installazione e l&#8217;utilizzo. Grazie alla funzione di riscaldamento con controllo della temperatura, il camino pu\u00f2 essere utilizzato come fonte di calore aggiuntiva durante tutto l&#8217;anno e nei mesi pi\u00f9 caldi potrete godervi solo l&#8217;effetto visivo della fiamma.<\/p>\n\n\n\n<p>Riassumendo, i caminetti elettrici indipendenti Tower rappresentano una ventata di aria fresca nel mercato dei caminetti elettrici. Uniscono un design moderno, un realistico effetto fiamma tridimensionale, una funzione di riscaldamento e il suono unico della legna che brucia. \u00c8 la soluzione perfetta per chi vuole godersi il calore e l&#8217;atmosfera di un fal\u00f2, senza la complicata installazione e i costi tipici dei caminetti tradizionali.<\/p>\n\n\n\n<p>Fateci sapere se vi piace questa combinazione di camino elettrico e porta-legna.<\/p>\n\n\n\n<p>Alla prossima!<\/p>\n","protected":false},"excerpt":{"rendered":"<p>I caminetti elettrici stanno diventando sempre pi\u00f9 popolari come soluzione moderna e pratica per il riscaldamento e l&#8217;arredamento d&#8217;interni. Tra questi, spicca il modello Tower del marchio Aflamo, che grazie alle sue caratteristiche uniche porta in casa non solo calore, ma anche un&#8217;atmosfera speciale. Il &hellip; <\/p>\n","protected":false},"author":1,"featured_media":1008,"comment_status":"closed","ping_status":"closed","sticky":false,"template":"","format":"standard","meta":{"footnotes":""},"categories":[33],"tags":[570,316,310,692,615,362,314,312],"class_list":["post-1012","post","type-post","status-publish","format-standard","has-post-thumbnail","hentry","category-bez-kategorii-it","tag-caminetti-royal-pro","tag-caminetto-a-led","tag-caminetto-elettrico","tag-caminetto-elettrico-da-incasso","tag-camini-elettrici-3d","tag-camino-elettrico","tag-camino-senza-funzione-di-riscaldamento","tag-camino-senza-riscaldamento"],"yoast_head":"<!-- This site is optimized with the Yoast SEO plugin v25.7 - https:\/\/yoast.com\/wordpress\/plugins\/seo\/ -->\n<title>Caminetti elettrici indipendenti Tower: una ventata di aria fresca nella tua casa - Kominki-Elektryczne.pl<\/title>\n<meta name=\"robots\" content=\"index, follow, max-snippet:-1, max-image-preview:large, max-video-preview:-1\" \/>\n<link rel=\"canonical\" href=\"https:\/\/kominki-elektryczne.pl\/blog\/it\/2025\/04\/24\/caminetti-elettrici-indipendenti-tower-una-ventata-di-aria-fresca-nella-tua-casa\/\" \/>\n<meta property=\"og:locale\" content=\"pl_PL\" \/>\n<meta property=\"og:type\" content=\"article\" \/>\n<meta property=\"og:title\" content=\"Caminetti elettrici indipendenti Tower: una ventata di aria fresca nella tua casa - Kominki-Elektryczne.pl\" \/>\n<meta property=\"og:description\" content=\"I caminetti elettrici stanno diventando sempre pi\u00f9 popolari come soluzione moderna e pratica per il riscaldamento e l&#8217;arredamento d&#8217;interni. Tra questi, spicca il modello Tower del marchio Aflamo, che grazie alle sue caratteristiche uniche porta in casa non solo calore, ma anche un&#8217;atmosfera speciale. Il &hellip;\" \/>\n<meta property=\"og:url\" content=\"https:\/\/kominki-elektryczne.pl\/blog\/it\/2025\/04\/24\/caminetti-elettrici-indipendenti-tower-una-ventata-di-aria-fresca-nella-tua-casa\/\" \/>\n<meta property=\"og:site_name\" content=\"Kominki-Elektryczne.pl\" \/>\n<meta property=\"article:publisher\" content=\"https:\/\/www.facebook.com\/elektrycznekominki\" \/>\n<meta property=\"article:published_time\" content=\"2025-04-24T10:06:40+00:00\" \/>\n<meta property=\"og:image\" content=\"https:\/\/kominki-elektryczne.pl\/blog\/wp-content\/uploads\/2025\/04\/tower-46-nie-zawiera-podstawy-3.jpg\" \/>\n\t<meta property=\"og:image:width\" content=\"800\" \/>\n\t<meta property=\"og:image:height\" content=\"800\" \/>\n\t<meta property=\"og:image:type\" content=\"image\/jpeg\" \/>\n<meta name=\"author\" content=\"Kominkowy\" \/>\n<meta name=\"twitter:card\" content=\"summary_large_image\" \/>\n<meta name=\"twitter:label1\" content=\"Napisane przez\" \/>\n\t<meta name=\"twitter:data1\" content=\"Kominkowy\" \/>\n\t<meta name=\"twitter:label2\" content=\"Szacowany czas czytania\" \/>\n\t<meta name=\"twitter:data2\" content=\"3 minuty\" \/>\n<script type=\"application\/ld+json\" class=\"yoast-schema-graph\">{\"@context\":\"https:\/\/schema.org\",\"@graph\":[{\"@type\":\"Article\",\"@id\":\"https:\/\/kominki-elektryczne.pl\/blog\/it\/2025\/04\/24\/caminetti-elettrici-indipendenti-tower-una-ventata-di-aria-fresca-nella-tua-casa\/#article\",\"isPartOf\":{\"@id\":\"https:\/\/kominki-elektryczne.pl\/blog\/it\/2025\/04\/24\/caminetti-elettrici-indipendenti-tower-una-ventata-di-aria-fresca-nella-tua-casa\/\"},\"author\":{\"name\":\"Kominkowy\",\"@id\":\"https:\/\/kominki-elektryczne.pl\/blog\/#\/schema\/person\/045e7544e3e90364f5f82cc509123089\"},\"headline\":\"Caminetti elettrici indipendenti Tower: una ventata di aria fresca nella tua casa\",\"datePublished\":\"2025-04-24T10:06:40+00:00\",\"mainEntityOfPage\":{\"@id\":\"https:\/\/kominki-elektryczne.pl\/blog\/it\/2025\/04\/24\/caminetti-elettrici-indipendenti-tower-una-ventata-di-aria-fresca-nella-tua-casa\/\"},\"wordCount\":577,\"publisher\":{\"@id\":\"https:\/\/kominki-elektryczne.pl\/blog\/#organization\"},\"image\":{\"@id\":\"https:\/\/kominki-elektryczne.pl\/blog\/it\/2025\/04\/24\/caminetti-elettrici-indipendenti-tower-una-ventata-di-aria-fresca-nella-tua-casa\/#primaryimage\"},\"thumbnailUrl\":\"https:\/\/kominki-elektryczne.pl\/blog\/wp-content\/uploads\/2025\/04\/tower-46-nie-zawiera-podstawy-3.jpg\",\"keywords\":[\"caminetti Royal Pro\",\"caminetto a led\",\"caminetto elettrico\",\"Caminetto elettrico da incasso\",\"camini elettrici 3D\",\"camino elettrico\",\"camino senza funzione di riscaldamento\",\"camino senza riscaldamento\"],\"inLanguage\":\"pl-PL\"},{\"@type\":\"WebPage\",\"@id\":\"https:\/\/kominki-elektryczne.pl\/blog\/it\/2025\/04\/24\/caminetti-elettrici-indipendenti-tower-una-ventata-di-aria-fresca-nella-tua-casa\/\",\"url\":\"https:\/\/kominki-elektryczne.pl\/blog\/it\/2025\/04\/24\/caminetti-elettrici-indipendenti-tower-una-ventata-di-aria-fresca-nella-tua-casa\/\",\"name\":\"Caminetti elettrici indipendenti Tower: una ventata di aria fresca nella tua casa - Kominki-Elektryczne.pl\",\"isPartOf\":{\"@id\":\"https:\/\/kominki-elektryczne.pl\/blog\/#website\"},\"primaryImageOfPage\":{\"@id\":\"https:\/\/kominki-elektryczne.pl\/blog\/it\/2025\/04\/24\/caminetti-elettrici-indipendenti-tower-una-ventata-di-aria-fresca-nella-tua-casa\/#primaryimage\"},\"image\":{\"@id\":\"https:\/\/kominki-elektryczne.pl\/blog\/it\/2025\/04\/24\/caminetti-elettrici-indipendenti-tower-una-ventata-di-aria-fresca-nella-tua-casa\/#primaryimage\"},\"thumbnailUrl\":\"https:\/\/kominki-elektryczne.pl\/blog\/wp-content\/uploads\/2025\/04\/tower-46-nie-zawiera-podstawy-3.jpg\",\"datePublished\":\"2025-04-24T10:06:40+00:00\",\"breadcrumb\":{\"@id\":\"https:\/\/kominki-elektryczne.pl\/blog\/it\/2025\/04\/24\/caminetti-elettrici-indipendenti-tower-una-ventata-di-aria-fresca-nella-tua-casa\/#breadcrumb\"},\"inLanguage\":\"pl-PL\",\"potentialAction\":[{\"@type\":\"ReadAction\",\"target\":[\"https:\/\/kominki-elektryczne.pl\/blog\/it\/2025\/04\/24\/caminetti-elettrici-indipendenti-tower-una-ventata-di-aria-fresca-nella-tua-casa\/\"]}]},{\"@type\":\"ImageObject\",\"inLanguage\":\"pl-PL\",\"@id\":\"https:\/\/kominki-elektryczne.pl\/blog\/it\/2025\/04\/24\/caminetti-elettrici-indipendenti-tower-una-ventata-di-aria-fresca-nella-tua-casa\/#primaryimage\",\"url\":\"https:\/\/kominki-elektryczne.pl\/blog\/wp-content\/uploads\/2025\/04\/tower-46-nie-zawiera-podstawy-3.jpg\",\"contentUrl\":\"https:\/\/kominki-elektryczne.pl\/blog\/wp-content\/uploads\/2025\/04\/tower-46-nie-zawiera-podstawy-3.jpg\",\"width\":800,\"height\":800},{\"@type\":\"BreadcrumbList\",\"@id\":\"https:\/\/kominki-elektryczne.pl\/blog\/it\/2025\/04\/24\/caminetti-elettrici-indipendenti-tower-una-ventata-di-aria-fresca-nella-tua-casa\/#breadcrumb\",\"itemListElement\":[{\"@type\":\"ListItem\",\"position\":1,\"name\":\"Strona g\u0142\u00f3wna\",\"item\":\"https:\/\/kominki-elektryczne.pl\/blog\/\"},{\"@type\":\"ListItem\",\"position\":2,\"name\":\"Caminetti elettrici indipendenti Tower: una ventata di aria fresca nella tua casa\"}]},{\"@type\":\"WebSite\",\"@id\":\"https:\/\/kominki-elektryczne.pl\/blog\/#website\",\"url\":\"https:\/\/kominki-elektryczne.pl\/blog\/\",\"name\":\"Kominki-Elektryczne.pl\",\"description\":\"Opisy - Porady - Recenzje\",\"publisher\":{\"@id\":\"https:\/\/kominki-elektryczne.pl\/blog\/#organization\"},\"potentialAction\":[{\"@type\":\"SearchAction\",\"target\":{\"@type\":\"EntryPoint\",\"urlTemplate\":\"https:\/\/kominki-elektryczne.pl\/blog\/?s={search_term_string}\"},\"query-input\":{\"@type\":\"PropertyValueSpecification\",\"valueRequired\":true,\"valueName\":\"search_term_string\"}}],\"inLanguage\":\"pl-PL\"},{\"@type\":\"Organization\",\"@id\":\"https:\/\/kominki-elektryczne.pl\/blog\/#organization\",\"name\":\"Kominki-Elektryczne.pl\",\"url\":\"https:\/\/kominki-elektryczne.pl\/blog\/\",\"logo\":{\"@type\":\"ImageObject\",\"inLanguage\":\"pl-PL\",\"@id\":\"https:\/\/kominki-elektryczne.pl\/blog\/#\/schema\/logo\/image\/\",\"url\":\"https:\/\/kominki-elektryczne.pl\/blog\/wp-content\/uploads\/2025\/04\/cropped-LogoAflamo.jpg\",\"contentUrl\":\"https:\/\/kominki-elektryczne.pl\/blog\/wp-content\/uploads\/2025\/04\/cropped-LogoAflamo.jpg\",\"width\":200,\"height\":58,\"caption\":\"Kominki-Elektryczne.pl\"},\"image\":{\"@id\":\"https:\/\/kominki-elektryczne.pl\/blog\/#\/schema\/logo\/image\/\"},\"sameAs\":[\"https:\/\/www.facebook.com\/elektrycznekominki\"]},{\"@type\":\"Person\",\"@id\":\"https:\/\/kominki-elektryczne.pl\/blog\/#\/schema\/person\/045e7544e3e90364f5f82cc509123089\",\"name\":\"Kominkowy\",\"image\":{\"@type\":\"ImageObject\",\"inLanguage\":\"pl-PL\",\"@id\":\"https:\/\/kominki-elektryczne.pl\/blog\/#\/schema\/person\/image\/\",\"url\":\"https:\/\/secure.gravatar.com\/avatar\/8c15720599195e8ba4119df2db28ce7e?s=96&d=mm&r=g\",\"contentUrl\":\"https:\/\/secure.gravatar.com\/avatar\/8c15720599195e8ba4119df2db28ce7e?s=96&d=mm&r=g\",\"caption\":\"Kominkowy\"},\"sameAs\":[\"http:\/\/www.kominki-elektryczne.pl\"],\"url\":\"https:\/\/kominki-elektryczne.pl\/blog\/author\/led-handel\/\"}]}<\/script>\n<!-- \/ Yoast SEO plugin. -->","yoast_head_json":{"title":"Caminetti elettrici indipendenti Tower: una ventata di aria fresca nella tua casa - Kominki-Elektryczne.pl","robots":{"index":"index","follow":"follow","max-snippet":"max-snippet:-1","max-image-preview":"max-image-preview:large","max-video-preview":"max-video-preview:-1"},"canonical":"https:\/\/kominki-elektryczne.pl\/blog\/it\/2025\/04\/24\/caminetti-elettrici-indipendenti-tower-una-ventata-di-aria-fresca-nella-tua-casa\/","og_locale":"pl_PL","og_type":"article","og_title":"Caminetti elettrici indipendenti Tower: una ventata di aria fresca nella tua casa - Kominki-Elektryczne.pl","og_description":"I caminetti elettrici stanno diventando sempre pi\u00f9 popolari come soluzione moderna e pratica per il riscaldamento e l&#8217;arredamento d&#8217;interni. Tra questi, spicca il modello Tower del marchio Aflamo, che grazie alle sue caratteristiche uniche porta in casa non solo calore, ma anche un&#8217;atmosfera speciale. Il &hellip;","og_url":"https:\/\/kominki-elektryczne.pl\/blog\/it\/2025\/04\/24\/caminetti-elettrici-indipendenti-tower-una-ventata-di-aria-fresca-nella-tua-casa\/","og_site_name":"Kominki-Elektryczne.pl","article_publisher":"https:\/\/www.facebook.com\/elektrycznekominki","article_published_time":"2025-04-24T10:06:40+00:00","og_image":[{"width":800,"height":800,"url":"https:\/\/kominki-elektryczne.pl\/blog\/wp-content\/uploads\/2025\/04\/tower-46-nie-zawiera-podstawy-3.jpg","type":"image\/jpeg"}],"author":"Kominkowy","twitter_card":"summary_large_image","twitter_misc":{"Napisane przez":"Kominkowy","Szacowany czas czytania":"3 minuty"},"schema":{"@context":"https:\/\/schema.org","@graph":[{"@type":"Article","@id":"https:\/\/kominki-elektryczne.pl\/blog\/it\/2025\/04\/24\/caminetti-elettrici-indipendenti-tower-una-ventata-di-aria-fresca-nella-tua-casa\/#article","isPartOf":{"@id":"https:\/\/kominki-elektryczne.pl\/blog\/it\/2025\/04\/24\/caminetti-elettrici-indipendenti-tower-una-ventata-di-aria-fresca-nella-tua-casa\/"},"author":{"name":"Kominkowy","@id":"https:\/\/kominki-elektryczne.pl\/blog\/#\/schema\/person\/045e7544e3e90364f5f82cc509123089"},"headline":"Caminetti elettrici indipendenti Tower: una ventata di aria fresca nella tua casa","datePublished":"2025-04-24T10:06:40+00:00","mainEntityOfPage":{"@id":"https:\/\/kominki-elektryczne.pl\/blog\/it\/2025\/04\/24\/caminetti-elettrici-indipendenti-tower-una-ventata-di-aria-fresca-nella-tua-casa\/"},"wordCount":577,"publisher":{"@id":"https:\/\/kominki-elektryczne.pl\/blog\/#organization"},"image":{"@id":"https:\/\/kominki-elektryczne.pl\/blog\/it\/2025\/04\/24\/caminetti-elettrici-indipendenti-tower-una-ventata-di-aria-fresca-nella-tua-casa\/#primaryimage"},"thumbnailUrl":"https:\/\/kominki-elektryczne.pl\/blog\/wp-content\/uploads\/2025\/04\/tower-46-nie-zawiera-podstawy-3.jpg","keywords":["caminetti Royal Pro","caminetto a led","caminetto elettrico","Caminetto elettrico da incasso","camini elettrici 3D","camino elettrico","camino senza funzione di riscaldamento","camino senza riscaldamento"],"inLanguage":"pl-PL"},{"@type":"WebPage","@id":"https:\/\/kominki-elektryczne.pl\/blog\/it\/2025\/04\/24\/caminetti-elettrici-indipendenti-tower-una-ventata-di-aria-fresca-nella-tua-casa\/","url":"https:\/\/kominki-elektryczne.pl\/blog\/it\/2025\/04\/24\/caminetti-elettrici-indipendenti-tower-una-ventata-di-aria-fresca-nella-tua-casa\/","name":"Caminetti elettrici indipendenti Tower: una ventata di aria fresca nella tua casa - Kominki-Elektryczne.pl","isPartOf":{"@id":"https:\/\/kominki-elektryczne.pl\/blog\/#website"},"primaryImageOfPage":{"@id":"https:\/\/kominki-elektryczne.pl\/blog\/it\/2025\/04\/24\/caminetti-elettrici-indipendenti-tower-una-ventata-di-aria-fresca-nella-tua-casa\/#primaryimage"},"image":{"@id":"https:\/\/kominki-elektryczne.pl\/blog\/it\/2025\/04\/24\/caminetti-elettrici-indipendenti-tower-una-ventata-di-aria-fresca-nella-tua-casa\/#primaryimage"},"thumbnailUrl":"https:\/\/kominki-elektryczne.pl\/blog\/wp-content\/uploads\/2025\/04\/tower-46-nie-zawiera-podstawy-3.jpg","datePublished":"2025-04-24T10:06:40+00:00","breadcrumb":{"@id":"https:\/\/kominki-elektryczne.pl\/blog\/it\/2025\/04\/24\/caminetti-elettrici-indipendenti-tower-una-ventata-di-aria-fresca-nella-tua-casa\/#breadcrumb"},"inLanguage":"pl-PL","potentialAction":[{"@type":"ReadAction","target":["https:\/\/kominki-elektryczne.pl\/blog\/it\/2025\/04\/24\/caminetti-elettrici-indipendenti-tower-una-ventata-di-aria-fresca-nella-tua-casa\/"]}]},{"@type":"ImageObject","inLanguage":"pl-PL","@id":"https:\/\/kominki-elektryczne.pl\/blog\/it\/2025\/04\/24\/caminetti-elettrici-indipendenti-tower-una-ventata-di-aria-fresca-nella-tua-casa\/#primaryimage","url":"https:\/\/kominki-elektryczne.pl\/blog\/wp-content\/uploads\/2025\/04\/tower-46-nie-zawiera-podstawy-3.jpg","contentUrl":"https:\/\/kominki-elektryczne.pl\/blog\/wp-content\/uploads\/2025\/04\/tower-46-nie-zawiera-podstawy-3.jpg","width":800,"height":800},{"@type":"BreadcrumbList","@id":"https:\/\/kominki-elektryczne.pl\/blog\/it\/2025\/04\/24\/caminetti-elettrici-indipendenti-tower-una-ventata-di-aria-fresca-nella-tua-casa\/#breadcrumb","itemListElement":[{"@type":"ListItem","position":1,"name":"Strona g\u0142\u00f3wna","item":"https:\/\/kominki-elektryczne.pl\/blog\/"},{"@type":"ListItem","position":2,"name":"Caminetti elettrici indipendenti Tower: una ventata di aria fresca nella tua casa"}]},{"@type":"WebSite","@id":"https:\/\/kominki-elektryczne.pl\/blog\/#website","url":"https:\/\/kominki-elektryczne.pl\/blog\/","name":"Kominki-Elektryczne.pl","description":"Opisy - Porady - Recenzje","publisher":{"@id":"https:\/\/kominki-elektryczne.pl\/blog\/#organization"},"potentialAction":[{"@type":"SearchAction","target":{"@type":"EntryPoint","urlTemplate":"https:\/\/kominki-elektryczne.pl\/blog\/?s={search_term_string}"},"query-input":{"@type":"PropertyValueSpecification","valueRequired":true,"valueName":"search_term_string"}}],"inLanguage":"pl-PL"},{"@type":"Organization","@id":"https:\/\/kominki-elektryczne.pl\/blog\/#organization","name":"Kominki-Elektryczne.pl","url":"https:\/\/kominki-elektryczne.pl\/blog\/","logo":{"@type":"ImageObject","inLanguage":"pl-PL","@id":"https:\/\/kominki-elektryczne.pl\/blog\/#\/schema\/logo\/image\/","url":"https:\/\/kominki-elektryczne.pl\/blog\/wp-content\/uploads\/2025\/04\/cropped-LogoAflamo.jpg","contentUrl":"https:\/\/kominki-elektryczne.pl\/blog\/wp-content\/uploads\/2025\/04\/cropped-LogoAflamo.jpg","width":200,"height":58,"caption":"Kominki-Elektryczne.pl"},"image":{"@id":"https:\/\/kominki-elektryczne.pl\/blog\/#\/schema\/logo\/image\/"},"sameAs":["https:\/\/www.facebook.com\/elektrycznekominki"]},{"@type":"Person","@id":"https:\/\/kominki-elektryczne.pl\/blog\/#\/schema\/person\/045e7544e3e90364f5f82cc509123089","name":"Kominkowy","image":{"@type":"ImageObject","inLanguage":"pl-PL","@id":"https:\/\/kominki-elektryczne.pl\/blog\/#\/schema\/person\/image\/","url":"https:\/\/secure.gravatar.com\/avatar\/8c15720599195e8ba4119df2db28ce7e?s=96&d=mm&r=g","contentUrl":"https:\/\/secure.gravatar.com\/avatar\/8c15720599195e8ba4119df2db28ce7e?s=96&d=mm&r=g","caption":"Kominkowy"},"sameAs":["http:\/\/www.kominki-elektryczne.pl"],"url":"https:\/\/kominki-elektryczne.pl\/blog\/author\/led-handel\/"}]}},"_links":{"self":[{"href":"https:\/\/kominki-elektryczne.pl\/blog\/wp-json\/wp\/v2\/posts\/1012","targetHints":{"allow":["GET"]}}],"collection":[{"href":"https:\/\/kominki-elektryczne.pl\/blog\/wp-json\/wp\/v2\/posts"}],"about":[{"href":"https:\/\/kominki-elektryczne.pl\/blog\/wp-json\/wp\/v2\/types\/post"}],"author":[{"embeddable":true,"href":"https:\/\/kominki-elektryczne.pl\/blog\/wp-json\/wp\/v2\/users\/1"}],"replies":[{"embeddable":true,"href":"https:\/\/kominki-elektryczne.pl\/blog\/wp-json\/wp\/v2\/comments?post=1012"}],"version-history":[{"count":1,"href":"https:\/\/kominki-elektryczne.pl\/blog\/wp-json\/wp\/v2\/posts\/1012\/revisions"}],"predecessor-version":[{"id":1013,"href":"https:\/\/kominki-elektryczne.pl\/blog\/wp-json\/wp\/v2\/posts\/1012\/revisions\/1013"}],"wp:featuredmedia":[{"embeddable":true,"href":"https:\/\/kominki-elektryczne.pl\/blog\/wp-json\/wp\/v2\/media\/1008"}],"wp:attachment":[{"href":"https:\/\/kominki-elektryczne.pl\/blog\/wp-json\/wp\/v2\/media?parent=1012"}],"wp:term":[{"taxonomy":"category","embeddable":true,"href":"https:\/\/kominki-elektryczne.pl\/blog\/wp-json\/wp\/v2\/categories?post=1012"},{"taxonomy":"post_tag","embeddable":true,"href":"https:\/\/kominki-elektryczne.pl\/blog\/wp-json\/wp\/v2\/tags?post=1012"}],"curies":[{"name":"wp","href":"https:\/\/api.w.org\/{rel}","templated":true}]}}