{"id":1014,"date":"2025-04-24T12:07:58","date_gmt":"2025-04-24T10:07:58","guid":{"rendered":"https:\/\/kominki-elektryczne.pl\/blog\/?p=1014"},"modified":"2025-04-24T12:07:58","modified_gmt":"2025-04-24T10:07:58","slug":"chimeneas-electricas-independientes-de-torre-un-soplo-de-aire-fresco-en-su-hogar","status":"publish","type":"post","link":"https:\/\/kominki-elektryczne.pl\/blog\/es\/2025\/04\/24\/chimeneas-electricas-independientes-de-torre-un-soplo-de-aire-fresco-en-su-hogar\/","title":{"rendered":"Chimeneas el\u00e9ctricas independientes de torre: un soplo de aire fresco en su hogar"},"content":{"rendered":"\n<p>Las <a href=\"https:\/\/www.kominki-elektryczne.pl\/de\/17-led-eckkamine\">chimeneas el\u00e9ctricas<\/a> son cada vez m\u00e1s populares como una soluci\u00f3n moderna y pr\u00e1ctica para la calefacci\u00f3n y la decoraci\u00f3n de interiores. Entre ellos destaca el modelo Tower de la marca Aflamo, que aporta no solo calidez al hogar, sino tambi\u00e9n un ambiente \u00fanico gracias a sus caracter\u00edsticas \u00fanicas. La chimenea el\u00e9ctrica Tower es una elecci\u00f3n perfecta para quienes valoran la est\u00e9tica, la funcionalidad y las tecnolog\u00edas modernas.<\/p>\n\n\n\n<figure class=\"wp-block-image size-full\"><img decoding=\"async\" src=\"https:\/\/kominki-elektryczne.com.pl\/wp-content\/uploads\/2025\/04\/tower-46-nie-zawiera-podstawy-3-2.jpg\" alt=\"Chimeneas el\u00e9ctricas Tower Aflamo\" class=\"wp-image-1742\"\/><\/figure>\n\n\n\n<h2 class=\"wp-block-heading\">Caracter\u00edsticas de la chimenea el\u00e9ctrica Tower<\/h2>\n\n\n\n<p>La <a href=\"https:\/\/www.kominki-elektryczne.pl\/de\/szukaj?controller=search&amp;s=tower\">chimenea el\u00e9ctrica Tower<\/a> es una chimenea de pie con funci\u00f3n de calefacci\u00f3n, que gracias a su dise\u00f1o y a las tecnolog\u00edas utilizadas, crea un efecto de llama extremadamente realista. La chimenea est\u00e1 equipada con el innovador sistema de llama AFLAMO PLUS, que genera una imagen de fuego tridimensional, profunda y natural. Adem\u00e1s, el conjunto incluye troncos semitransparentes que imitan la madera brillante, lo que aumenta el realismo visual y convierte la chimenea en el punto focal de cualquier habitaci\u00f3n.<\/p>\n\n\n\n<p>Vale la pena destacar que la chimenea el\u00e9ctrica Tower tambi\u00e9n es una chimenea el\u00e9ctrica de tres lados: su dise\u00f1o permite admirar el efecto de la llama desde tres lados, lo que aumenta significativamente su atractivo visual y permite una mejor distribuci\u00f3n de la luz y el calor en la habitaci\u00f3n. Este dise\u00f1o hace que la chimenea no s\u00f3lo sea una fuente de calor, sino tambi\u00e9n un elemento de dise\u00f1o del interior.<\/p>\n\n\n\n<h2 class=\"wp-block-heading\">Chimenea el\u00e9ctrica con sonido: una nueva dimensi\u00f3n de relajaci\u00f3n<\/h2>\n\n\n\n<p>Una de las soluciones m\u00e1s innovadoras utilizadas en el modelo Tower es el altavoz incorporado que reproduce los sonidos naturales del crujido de la madera. Gracias a esto, al utilizar la chimenea, puedes sentirte como si estuvieras junto a una verdadera fogata, lo que aumenta significativamente la comodidad y la calidez del interior. Una chimenea el\u00e9ctrica con sonido es la soluci\u00f3n perfecta para quienes desean crear un ambiente \u00fanico en su hogar que propicie la relajaci\u00f3n despu\u00e9s de un duro d\u00eda.<\/p>\n\n\n\n<h2 class=\"wp-block-heading\">Compatibilidad con un soporte de madera: una soluci\u00f3n pr\u00e1ctica y elegante<\/h2>\n\n\n\n<p>Adem\u00e1s, la chimenea el\u00e9ctrica Tower es compatible con un soporte para le\u00f1a, que se puede comprar por separado. Este complemento funcional no solo permite el almacenamiento est\u00e9tico de madera decorativa, sino que tambi\u00e9n enfatiza el car\u00e1cter natural de todo el conjunto. Gracias a esto, el conjunto parece a\u00fan m\u00e1s elegante y armonioso, creando un dise\u00f1o interior coherente.<\/p>\n\n\n\n<h2 class=\"wp-block-heading\">Control y funcionalidad<\/h2>\n\n\n\n<p>La chimenea Tower ofrece un c\u00f3modo control a trav\u00e9s de un control remoto y una aplicaci\u00f3n m\u00f3vil disponible para sistemas Android e iOS. La capacidad de encender y apagar el dispositivo mediante la voz, por ejemplo. A trav\u00e9s del asistente Amazon Alexa, es otro aspecto de la modernidad de este modelo. La chimenea est\u00e1 disponible en varios tama\u00f1os (46, 56, 61, 71, 76 cm), lo que permite adaptarla al tama\u00f1o y estilo de cualquier interior.<\/p>\n\n\n\n<h2 class=\"wp-block-heading\">Chimenea el\u00e9ctrica Aflamo: una combinaci\u00f3n de est\u00e9tica y practicidad<\/h2>\n\n\n\n<p>La marca Aflamo es garant\u00eda de alta calidad y soluciones modernas. La chimenea el\u00e9ctrica Aflamo Tower no requiere conexi\u00f3n a conductos de chimenea ni instalaciones especializadas, lo que hace mucho m\u00e1s f\u00e1cil su instalaci\u00f3n y uso. Gracias a la funci\u00f3n de calefacci\u00f3n con control de temperatura, la chimenea se puede utilizar como fuente de calor adicional durante todo el a\u00f1o y en los meses m\u00e1s c\u00e1lidos se puede disfrutar \u00fanicamente del efecto visual de la llama.<\/p>\n\n\n\n<p>En resumen, las chimeneas el\u00e9ctricas independientes Tower son un soplo de aire fresco en el mercado de las chimeneas el\u00e9ctricas. Combinan un dise\u00f1o moderno, un efecto de llama tridimensional realista, una funci\u00f3n de calefacci\u00f3n y el sonido \u00fanico de la madera quemada. Es la soluci\u00f3n perfecta para quienes desean disfrutar de la calidez y el ambiente de una fogata sin la complicada instalaci\u00f3n y los costos asociados con las chimeneas tradicionales.<\/p>\n\n\n\n<p>Cu\u00e9ntanos si te gusta esta combinaci\u00f3n de chimenea el\u00e9ctrica con soporte para le\u00f1a.<\/p>\n\n\n\n<p>\u00a1Hasta la pr\u00f3xima!<\/p>\n","protected":false},"excerpt":{"rendered":"<p>Las chimeneas el\u00e9ctricas son cada vez m\u00e1s populares como una soluci\u00f3n moderna y pr\u00e1ctica para la calefacci\u00f3n y la decoraci\u00f3n de interiores. Entre ellos destaca el modelo Tower de la marca Aflamo, que aporta no solo calidez al hogar, sino tambi\u00e9n un ambiente \u00fanico gracias &hellip; <\/p>\n","protected":false},"author":1,"featured_media":1008,"comment_status":"closed","ping_status":"closed","sticky":false,"template":"","format":"standard","meta":{"footnotes":""},"categories":[29],"tags":[396,399,401,581,579,742,577,607],"class_list":["post-1014","post","type-post","status-publish","format-standard","has-post-thumbnail","hentry","category-bez-kategorii-es","tag-chimenea-cerrada","tag-chimenea-clasica","tag-chimenea-electrica","tag-chimeneas-electricas-aflamo","tag-chimeneas-electricas-con-sonido","tag-chimeneas-electricas-de-pared-elite","tag-chimeneas-electricas-majestic-pro","tag-chimeneas-electricas-royal-3d"],"yoast_head":"<!-- This site is optimized with the Yoast SEO plugin v25.7 - https:\/\/yoast.com\/wordpress\/plugins\/seo\/ -->\n<title>Chimeneas el\u00e9ctricas independientes de torre: un soplo de aire fresco en su hogar - Kominki-Elektryczne.pl<\/title>\n<meta name=\"robots\" content=\"index, follow, max-snippet:-1, max-image-preview:large, max-video-preview:-1\" \/>\n<link rel=\"canonical\" href=\"https:\/\/kominki-elektryczne.pl\/blog\/es\/2025\/04\/24\/chimeneas-electricas-independientes-de-torre-un-soplo-de-aire-fresco-en-su-hogar\/\" \/>\n<meta property=\"og:locale\" content=\"pl_PL\" \/>\n<meta property=\"og:type\" content=\"article\" \/>\n<meta property=\"og:title\" content=\"Chimeneas el\u00e9ctricas independientes de torre: un soplo de aire fresco en su hogar - Kominki-Elektryczne.pl\" \/>\n<meta property=\"og:description\" content=\"Las chimeneas el\u00e9ctricas son cada vez m\u00e1s populares como una soluci\u00f3n moderna y pr\u00e1ctica para la calefacci\u00f3n y la decoraci\u00f3n de interiores. Entre ellos destaca el modelo Tower de la marca Aflamo, que aporta no solo calidez al hogar, sino tambi\u00e9n un ambiente \u00fanico gracias &hellip;\" \/>\n<meta property=\"og:url\" content=\"https:\/\/kominki-elektryczne.pl\/blog\/es\/2025\/04\/24\/chimeneas-electricas-independientes-de-torre-un-soplo-de-aire-fresco-en-su-hogar\/\" \/>\n<meta property=\"og:site_name\" content=\"Kominki-Elektryczne.pl\" \/>\n<meta property=\"article:publisher\" content=\"https:\/\/www.facebook.com\/elektrycznekominki\" \/>\n<meta property=\"article:published_time\" content=\"2025-04-24T10:07:58+00:00\" \/>\n<meta property=\"og:image\" content=\"https:\/\/kominki-elektryczne.pl\/blog\/wp-content\/uploads\/2025\/04\/tower-46-nie-zawiera-podstawy-3.jpg\" \/>\n\t<meta property=\"og:image:width\" content=\"800\" \/>\n\t<meta property=\"og:image:height\" content=\"800\" \/>\n\t<meta property=\"og:image:type\" content=\"image\/jpeg\" \/>\n<meta name=\"author\" content=\"Kominkowy\" \/>\n<meta name=\"twitter:card\" content=\"summary_large_image\" \/>\n<meta name=\"twitter:label1\" content=\"Napisane przez\" \/>\n\t<meta name=\"twitter:data1\" content=\"Kominkowy\" \/>\n\t<meta name=\"twitter:label2\" content=\"Szacowany czas czytania\" \/>\n\t<meta name=\"twitter:data2\" content=\"4 minuty\" \/>\n<script type=\"application\/ld+json\" class=\"yoast-schema-graph\">{\"@context\":\"https:\/\/schema.org\",\"@graph\":[{\"@type\":\"Article\",\"@id\":\"https:\/\/kominki-elektryczne.pl\/blog\/es\/2025\/04\/24\/chimeneas-electricas-independientes-de-torre-un-soplo-de-aire-fresco-en-su-hogar\/#article\",\"isPartOf\":{\"@id\":\"https:\/\/kominki-elektryczne.pl\/blog\/es\/2025\/04\/24\/chimeneas-electricas-independientes-de-torre-un-soplo-de-aire-fresco-en-su-hogar\/\"},\"author\":{\"name\":\"Kominkowy\",\"@id\":\"https:\/\/kominki-elektryczne.pl\/blog\/#\/schema\/person\/045e7544e3e90364f5f82cc509123089\"},\"headline\":\"Chimeneas el\u00e9ctricas independientes de torre: un soplo de aire fresco en su hogar\",\"datePublished\":\"2025-04-24T10:07:58+00:00\",\"mainEntityOfPage\":{\"@id\":\"https:\/\/kominki-elektryczne.pl\/blog\/es\/2025\/04\/24\/chimeneas-electricas-independientes-de-torre-un-soplo-de-aire-fresco-en-su-hogar\/\"},\"wordCount\":726,\"publisher\":{\"@id\":\"https:\/\/kominki-elektryczne.pl\/blog\/#organization\"},\"image\":{\"@id\":\"https:\/\/kominki-elektryczne.pl\/blog\/es\/2025\/04\/24\/chimeneas-electricas-independientes-de-torre-un-soplo-de-aire-fresco-en-su-hogar\/#primaryimage\"},\"thumbnailUrl\":\"https:\/\/kominki-elektryczne.pl\/blog\/wp-content\/uploads\/2025\/04\/tower-46-nie-zawiera-podstawy-3.jpg\",\"keywords\":[\"chimenea cerrada\",\"chimenea cl\u00e1sica\",\"chimenea electrica\",\"Chimeneas el\u00e9ctricas aflamo\",\"chimeneas el\u00e9ctricas con sonido\",\"Chimeneas el\u00e9ctricas de pared elite\",\"chimeneas el\u00e9ctricas Majestic Pro\",\"chimeneas el\u00e9ctricas Royal 3D\"],\"inLanguage\":\"pl-PL\"},{\"@type\":\"WebPage\",\"@id\":\"https:\/\/kominki-elektryczne.pl\/blog\/es\/2025\/04\/24\/chimeneas-electricas-independientes-de-torre-un-soplo-de-aire-fresco-en-su-hogar\/\",\"url\":\"https:\/\/kominki-elektryczne.pl\/blog\/es\/2025\/04\/24\/chimeneas-electricas-independientes-de-torre-un-soplo-de-aire-fresco-en-su-hogar\/\",\"name\":\"Chimeneas el\u00e9ctricas independientes de torre: un soplo de aire fresco en su hogar - Kominki-Elektryczne.pl\",\"isPartOf\":{\"@id\":\"https:\/\/kominki-elektryczne.pl\/blog\/#website\"},\"primaryImageOfPage\":{\"@id\":\"https:\/\/kominki-elektryczne.pl\/blog\/es\/2025\/04\/24\/chimeneas-electricas-independientes-de-torre-un-soplo-de-aire-fresco-en-su-hogar\/#primaryimage\"},\"image\":{\"@id\":\"https:\/\/kominki-elektryczne.pl\/blog\/es\/2025\/04\/24\/chimeneas-electricas-independientes-de-torre-un-soplo-de-aire-fresco-en-su-hogar\/#primaryimage\"},\"thumbnailUrl\":\"https:\/\/kominki-elektryczne.pl\/blog\/wp-content\/uploads\/2025\/04\/tower-46-nie-zawiera-podstawy-3.jpg\",\"datePublished\":\"2025-04-24T10:07:58+00:00\",\"breadcrumb\":{\"@id\":\"https:\/\/kominki-elektryczne.pl\/blog\/es\/2025\/04\/24\/chimeneas-electricas-independientes-de-torre-un-soplo-de-aire-fresco-en-su-hogar\/#breadcrumb\"},\"inLanguage\":\"pl-PL\",\"potentialAction\":[{\"@type\":\"ReadAction\",\"target\":[\"https:\/\/kominki-elektryczne.pl\/blog\/es\/2025\/04\/24\/chimeneas-electricas-independientes-de-torre-un-soplo-de-aire-fresco-en-su-hogar\/\"]}]},{\"@type\":\"ImageObject\",\"inLanguage\":\"pl-PL\",\"@id\":\"https:\/\/kominki-elektryczne.pl\/blog\/es\/2025\/04\/24\/chimeneas-electricas-independientes-de-torre-un-soplo-de-aire-fresco-en-su-hogar\/#primaryimage\",\"url\":\"https:\/\/kominki-elektryczne.pl\/blog\/wp-content\/uploads\/2025\/04\/tower-46-nie-zawiera-podstawy-3.jpg\",\"contentUrl\":\"https:\/\/kominki-elektryczne.pl\/blog\/wp-content\/uploads\/2025\/04\/tower-46-nie-zawiera-podstawy-3.jpg\",\"width\":800,\"height\":800},{\"@type\":\"BreadcrumbList\",\"@id\":\"https:\/\/kominki-elektryczne.pl\/blog\/es\/2025\/04\/24\/chimeneas-electricas-independientes-de-torre-un-soplo-de-aire-fresco-en-su-hogar\/#breadcrumb\",\"itemListElement\":[{\"@type\":\"ListItem\",\"position\":1,\"name\":\"Strona g\u0142\u00f3wna\",\"item\":\"https:\/\/kominki-elektryczne.pl\/blog\/\"},{\"@type\":\"ListItem\",\"position\":2,\"name\":\"Chimeneas el\u00e9ctricas independientes de torre: un soplo de aire fresco en su hogar\"}]},{\"@type\":\"WebSite\",\"@id\":\"https:\/\/kominki-elektryczne.pl\/blog\/#website\",\"url\":\"https:\/\/kominki-elektryczne.pl\/blog\/\",\"name\":\"Kominki-Elektryczne.pl\",\"description\":\"Opisy - Porady - Recenzje\",\"publisher\":{\"@id\":\"https:\/\/kominki-elektryczne.pl\/blog\/#organization\"},\"potentialAction\":[{\"@type\":\"SearchAction\",\"target\":{\"@type\":\"EntryPoint\",\"urlTemplate\":\"https:\/\/kominki-elektryczne.pl\/blog\/?s={search_term_string}\"},\"query-input\":{\"@type\":\"PropertyValueSpecification\",\"valueRequired\":true,\"valueName\":\"search_term_string\"}}],\"inLanguage\":\"pl-PL\"},{\"@type\":\"Organization\",\"@id\":\"https:\/\/kominki-elektryczne.pl\/blog\/#organization\",\"name\":\"Kominki-Elektryczne.pl\",\"url\":\"https:\/\/kominki-elektryczne.pl\/blog\/\",\"logo\":{\"@type\":\"ImageObject\",\"inLanguage\":\"pl-PL\",\"@id\":\"https:\/\/kominki-elektryczne.pl\/blog\/#\/schema\/logo\/image\/\",\"url\":\"https:\/\/kominki-elektryczne.pl\/blog\/wp-content\/uploads\/2025\/04\/cropped-LogoAflamo.jpg\",\"contentUrl\":\"https:\/\/kominki-elektryczne.pl\/blog\/wp-content\/uploads\/2025\/04\/cropped-LogoAflamo.jpg\",\"width\":200,\"height\":58,\"caption\":\"Kominki-Elektryczne.pl\"},\"image\":{\"@id\":\"https:\/\/kominki-elektryczne.pl\/blog\/#\/schema\/logo\/image\/\"},\"sameAs\":[\"https:\/\/www.facebook.com\/elektrycznekominki\"]},{\"@type\":\"Person\",\"@id\":\"https:\/\/kominki-elektryczne.pl\/blog\/#\/schema\/person\/045e7544e3e90364f5f82cc509123089\",\"name\":\"Kominkowy\",\"image\":{\"@type\":\"ImageObject\",\"inLanguage\":\"pl-PL\",\"@id\":\"https:\/\/kominki-elektryczne.pl\/blog\/#\/schema\/person\/image\/\",\"url\":\"https:\/\/secure.gravatar.com\/avatar\/8c15720599195e8ba4119df2db28ce7e?s=96&d=mm&r=g\",\"contentUrl\":\"https:\/\/secure.gravatar.com\/avatar\/8c15720599195e8ba4119df2db28ce7e?s=96&d=mm&r=g\",\"caption\":\"Kominkowy\"},\"sameAs\":[\"http:\/\/www.kominki-elektryczne.pl\"],\"url\":\"https:\/\/kominki-elektryczne.pl\/blog\/author\/led-handel\/\"}]}<\/script>\n<!-- \/ Yoast SEO plugin. -->","yoast_head_json":{"title":"Chimeneas el\u00e9ctricas independientes de torre: un soplo de aire fresco en su hogar - Kominki-Elektryczne.pl","robots":{"index":"index","follow":"follow","max-snippet":"max-snippet:-1","max-image-preview":"max-image-preview:large","max-video-preview":"max-video-preview:-1"},"canonical":"https:\/\/kominki-elektryczne.pl\/blog\/es\/2025\/04\/24\/chimeneas-electricas-independientes-de-torre-un-soplo-de-aire-fresco-en-su-hogar\/","og_locale":"pl_PL","og_type":"article","og_title":"Chimeneas el\u00e9ctricas independientes de torre: un soplo de aire fresco en su hogar - Kominki-Elektryczne.pl","og_description":"Las chimeneas el\u00e9ctricas son cada vez m\u00e1s populares como una soluci\u00f3n moderna y pr\u00e1ctica para la calefacci\u00f3n y la decoraci\u00f3n de interiores. Entre ellos destaca el modelo Tower de la marca Aflamo, que aporta no solo calidez al hogar, sino tambi\u00e9n un ambiente \u00fanico gracias &hellip;","og_url":"https:\/\/kominki-elektryczne.pl\/blog\/es\/2025\/04\/24\/chimeneas-electricas-independientes-de-torre-un-soplo-de-aire-fresco-en-su-hogar\/","og_site_name":"Kominki-Elektryczne.pl","article_publisher":"https:\/\/www.facebook.com\/elektrycznekominki","article_published_time":"2025-04-24T10:07:58+00:00","og_image":[{"width":800,"height":800,"url":"https:\/\/kominki-elektryczne.pl\/blog\/wp-content\/uploads\/2025\/04\/tower-46-nie-zawiera-podstawy-3.jpg","type":"image\/jpeg"}],"author":"Kominkowy","twitter_card":"summary_large_image","twitter_misc":{"Napisane przez":"Kominkowy","Szacowany czas czytania":"4 minuty"},"schema":{"@context":"https:\/\/schema.org","@graph":[{"@type":"Article","@id":"https:\/\/kominki-elektryczne.pl\/blog\/es\/2025\/04\/24\/chimeneas-electricas-independientes-de-torre-un-soplo-de-aire-fresco-en-su-hogar\/#article","isPartOf":{"@id":"https:\/\/kominki-elektryczne.pl\/blog\/es\/2025\/04\/24\/chimeneas-electricas-independientes-de-torre-un-soplo-de-aire-fresco-en-su-hogar\/"},"author":{"name":"Kominkowy","@id":"https:\/\/kominki-elektryczne.pl\/blog\/#\/schema\/person\/045e7544e3e90364f5f82cc509123089"},"headline":"Chimeneas el\u00e9ctricas independientes de torre: un soplo de aire fresco en su hogar","datePublished":"2025-04-24T10:07:58+00:00","mainEntityOfPage":{"@id":"https:\/\/kominki-elektryczne.pl\/blog\/es\/2025\/04\/24\/chimeneas-electricas-independientes-de-torre-un-soplo-de-aire-fresco-en-su-hogar\/"},"wordCount":726,"publisher":{"@id":"https:\/\/kominki-elektryczne.pl\/blog\/#organization"},"image":{"@id":"https:\/\/kominki-elektryczne.pl\/blog\/es\/2025\/04\/24\/chimeneas-electricas-independientes-de-torre-un-soplo-de-aire-fresco-en-su-hogar\/#primaryimage"},"thumbnailUrl":"https:\/\/kominki-elektryczne.pl\/blog\/wp-content\/uploads\/2025\/04\/tower-46-nie-zawiera-podstawy-3.jpg","keywords":["chimenea cerrada","chimenea cl\u00e1sica","chimenea electrica","Chimeneas el\u00e9ctricas aflamo","chimeneas el\u00e9ctricas con sonido","Chimeneas el\u00e9ctricas de pared elite","chimeneas el\u00e9ctricas Majestic Pro","chimeneas el\u00e9ctricas Royal 3D"],"inLanguage":"pl-PL"},{"@type":"WebPage","@id":"https:\/\/kominki-elektryczne.pl\/blog\/es\/2025\/04\/24\/chimeneas-electricas-independientes-de-torre-un-soplo-de-aire-fresco-en-su-hogar\/","url":"https:\/\/kominki-elektryczne.pl\/blog\/es\/2025\/04\/24\/chimeneas-electricas-independientes-de-torre-un-soplo-de-aire-fresco-en-su-hogar\/","name":"Chimeneas el\u00e9ctricas independientes de torre: un soplo de aire fresco en su hogar - Kominki-Elektryczne.pl","isPartOf":{"@id":"https:\/\/kominki-elektryczne.pl\/blog\/#website"},"primaryImageOfPage":{"@id":"https:\/\/kominki-elektryczne.pl\/blog\/es\/2025\/04\/24\/chimeneas-electricas-independientes-de-torre-un-soplo-de-aire-fresco-en-su-hogar\/#primaryimage"},"image":{"@id":"https:\/\/kominki-elektryczne.pl\/blog\/es\/2025\/04\/24\/chimeneas-electricas-independientes-de-torre-un-soplo-de-aire-fresco-en-su-hogar\/#primaryimage"},"thumbnailUrl":"https:\/\/kominki-elektryczne.pl\/blog\/wp-content\/uploads\/2025\/04\/tower-46-nie-zawiera-podstawy-3.jpg","datePublished":"2025-04-24T10:07:58+00:00","breadcrumb":{"@id":"https:\/\/kominki-elektryczne.pl\/blog\/es\/2025\/04\/24\/chimeneas-electricas-independientes-de-torre-un-soplo-de-aire-fresco-en-su-hogar\/#breadcrumb"},"inLanguage":"pl-PL","potentialAction":[{"@type":"ReadAction","target":["https:\/\/kominki-elektryczne.pl\/blog\/es\/2025\/04\/24\/chimeneas-electricas-independientes-de-torre-un-soplo-de-aire-fresco-en-su-hogar\/"]}]},{"@type":"ImageObject","inLanguage":"pl-PL","@id":"https:\/\/kominki-elektryczne.pl\/blog\/es\/2025\/04\/24\/chimeneas-electricas-independientes-de-torre-un-soplo-de-aire-fresco-en-su-hogar\/#primaryimage","url":"https:\/\/kominki-elektryczne.pl\/blog\/wp-content\/uploads\/2025\/04\/tower-46-nie-zawiera-podstawy-3.jpg","contentUrl":"https:\/\/kominki-elektryczne.pl\/blog\/wp-content\/uploads\/2025\/04\/tower-46-nie-zawiera-podstawy-3.jpg","width":800,"height":800},{"@type":"BreadcrumbList","@id":"https:\/\/kominki-elektryczne.pl\/blog\/es\/2025\/04\/24\/chimeneas-electricas-independientes-de-torre-un-soplo-de-aire-fresco-en-su-hogar\/#breadcrumb","itemListElement":[{"@type":"ListItem","position":1,"name":"Strona g\u0142\u00f3wna","item":"https:\/\/kominki-elektryczne.pl\/blog\/"},{"@type":"ListItem","position":2,"name":"Chimeneas el\u00e9ctricas independientes de torre: un soplo de aire fresco en su hogar"}]},{"@type":"WebSite","@id":"https:\/\/kominki-elektryczne.pl\/blog\/#website","url":"https:\/\/kominki-elektryczne.pl\/blog\/","name":"Kominki-Elektryczne.pl","description":"Opisy - Porady - Recenzje","publisher":{"@id":"https:\/\/kominki-elektryczne.pl\/blog\/#organization"},"potentialAction":[{"@type":"SearchAction","target":{"@type":"EntryPoint","urlTemplate":"https:\/\/kominki-elektryczne.pl\/blog\/?s={search_term_string}"},"query-input":{"@type":"PropertyValueSpecification","valueRequired":true,"valueName":"search_term_string"}}],"inLanguage":"pl-PL"},{"@type":"Organization","@id":"https:\/\/kominki-elektryczne.pl\/blog\/#organization","name":"Kominki-Elektryczne.pl","url":"https:\/\/kominki-elektryczne.pl\/blog\/","logo":{"@type":"ImageObject","inLanguage":"pl-PL","@id":"https:\/\/kominki-elektryczne.pl\/blog\/#\/schema\/logo\/image\/","url":"https:\/\/kominki-elektryczne.pl\/blog\/wp-content\/uploads\/2025\/04\/cropped-LogoAflamo.jpg","contentUrl":"https:\/\/kominki-elektryczne.pl\/blog\/wp-content\/uploads\/2025\/04\/cropped-LogoAflamo.jpg","width":200,"height":58,"caption":"Kominki-Elektryczne.pl"},"image":{"@id":"https:\/\/kominki-elektryczne.pl\/blog\/#\/schema\/logo\/image\/"},"sameAs":["https:\/\/www.facebook.com\/elektrycznekominki"]},{"@type":"Person","@id":"https:\/\/kominki-elektryczne.pl\/blog\/#\/schema\/person\/045e7544e3e90364f5f82cc509123089","name":"Kominkowy","image":{"@type":"ImageObject","inLanguage":"pl-PL","@id":"https:\/\/kominki-elektryczne.pl\/blog\/#\/schema\/person\/image\/","url":"https:\/\/secure.gravatar.com\/avatar\/8c15720599195e8ba4119df2db28ce7e?s=96&d=mm&r=g","contentUrl":"https:\/\/secure.gravatar.com\/avatar\/8c15720599195e8ba4119df2db28ce7e?s=96&d=mm&r=g","caption":"Kominkowy"},"sameAs":["http:\/\/www.kominki-elektryczne.pl"],"url":"https:\/\/kominki-elektryczne.pl\/blog\/author\/led-handel\/"}]}},"_links":{"self":[{"href":"https:\/\/kominki-elektryczne.pl\/blog\/wp-json\/wp\/v2\/posts\/1014","targetHints":{"allow":["GET"]}}],"collection":[{"href":"https:\/\/kominki-elektryczne.pl\/blog\/wp-json\/wp\/v2\/posts"}],"about":[{"href":"https:\/\/kominki-elektryczne.pl\/blog\/wp-json\/wp\/v2\/types\/post"}],"author":[{"embeddable":true,"href":"https:\/\/kominki-elektryczne.pl\/blog\/wp-json\/wp\/v2\/users\/1"}],"replies":[{"embeddable":true,"href":"https:\/\/kominki-elektryczne.pl\/blog\/wp-json\/wp\/v2\/comments?post=1014"}],"version-history":[{"count":1,"href":"https:\/\/kominki-elektryczne.pl\/blog\/wp-json\/wp\/v2\/posts\/1014\/revisions"}],"predecessor-version":[{"id":1015,"href":"https:\/\/kominki-elektryczne.pl\/blog\/wp-json\/wp\/v2\/posts\/1014\/revisions\/1015"}],"wp:featuredmedia":[{"embeddable":true,"href":"https:\/\/kominki-elektryczne.pl\/blog\/wp-json\/wp\/v2\/media\/1008"}],"wp:attachment":[{"href":"https:\/\/kominki-elektryczne.pl\/blog\/wp-json\/wp\/v2\/media?parent=1014"}],"wp:term":[{"taxonomy":"category","embeddable":true,"href":"https:\/\/kominki-elektryczne.pl\/blog\/wp-json\/wp\/v2\/categories?post=1014"},{"taxonomy":"post_tag","embeddable":true,"href":"https:\/\/kominki-elektryczne.pl\/blog\/wp-json\/wp\/v2\/tags?post=1014"}],"curies":[{"name":"wp","href":"https:\/\/api.w.org\/{rel}","templated":true}]}}