{"id":1043,"date":"2025-05-15T12:47:57","date_gmt":"2025-05-15T10:47:57","guid":{"rendered":"https:\/\/kominki-elektryczne.pl\/blog\/?p=1043"},"modified":"2025-05-15T12:47:57","modified_gmt":"2025-05-15T10:47:57","slug":"chimeneas-electricas-con-revestimiento-milos-diseno-moderno-y-funcionalidad-de-aflamo","status":"publish","type":"post","link":"https:\/\/kominki-elektryczne.pl\/blog\/es\/2025\/05\/15\/chimeneas-electricas-con-revestimiento-milos-diseno-moderno-y-funcionalidad-de-aflamo\/","title":{"rendered":"Chimeneas el\u00e9ctricas con revestimiento Milos: dise\u00f1o moderno y funcionalidad de AFLAMO"},"content":{"rendered":"\n<p>Las chimeneas el\u00e9ctricas con carcasa Milos son una propuesta de la marca AFLAMO, que combina tecnolog\u00eda moderna, est\u00e9tica y practicidad. Este modelo cuenta con un efecto de llama tridimensional 3D, un sonido realista de madera quemada y una funci\u00f3n de calefacci\u00f3n, creando una atm\u00f3sfera \u00fanica en cualquier interior.<\/p>\n\n\n\n<figure class=\"wp-block-image size-full is-resized\"><img decoding=\"async\" src=\"https:\/\/kominki-elektryczne.com.pl\/wp-content\/uploads\/2025\/05\/unique_milos.jpg\" alt=\"chimeneas el\u00e9ctricas milos\" class=\"wp-image-1777\" style=\"width:745px;height:auto\"\/><\/figure>\n\n\n\n<h2 class=\"wp-block-heading\">Caracter\u00edsticas de la chimenea el\u00e9ctrica Milos<\/h2>\n\n\n\n<p>La chimenea el\u00e9ctrica AFLAMO Milos est\u00e1 disponible en dos colores cl\u00e1sicos, blanco y negro, lo que permite adaptarla a varios estilos de dise\u00f1o de interiores. La carcasa est\u00e1 hecha de acero con recubrimiento en polvo, lo que garantiza durabilidad y una apariencia elegante. La chimenea est\u00e1 disponible en varios tama\u00f1os, lo que le permite elegir un modelo que se adapte perfectamente a su espacio.<\/p>\n\n\n\n<p>La ventaja m\u00e1s importante de Milos es el avanzado efecto de llama AFLAMO PLUS 3D. La chimenea ofrece tres colores de llama, cinco niveles de brillo y cinco velocidades de animaci\u00f3n, lo que permite un ajuste individual de la visualizaci\u00f3n del fuego. Adem\u00e1s, el set incluye troncos semitransparentes que parecen madera real brillante, lo que realza el realismo de todo el efecto.<\/p>\n\n\n\n<h2 class=\"wp-block-heading\">Chimenea el\u00e9ctrica con funci\u00f3n de calefacci\u00f3n y sonido.<\/h2>\n\n\n\n<p><a href=\"https:\/\/www.kominki-elektryczne.pl\/es\/busqueda?s=milos&amp;controllerUri=search\">Las chimeneas el\u00e9ctricas con carcasa<\/a> Milos no son solo un efecto visual: tambi\u00e9n son chimeneas el\u00e9ctricas con funci\u00f3n de calefacci\u00f3n que calientan las habitaciones de manera r\u00e1pida y eficiente. Tiene dos niveles de potencia y un termostato que permite mantener una temperatura confortable en el rango de 20-30\u00b0C. Es importante destacar que la funci\u00f3n de llama funciona independientemente de la calefacci\u00f3n, por lo que podr\u00e1 disfrutar de la vista del fuego durante todo el a\u00f1o.<\/p>\n\n\n\n<p>Adem\u00e1s, la chimenea el\u00e9ctrica con sonido Milos est\u00e1 equipada con un altavoz incorporado que reproduce el crujido natural de la madera al quemarse. Esta innovadora soluci\u00f3n aumenta el realismo y hace que el ambiente alrededor de la chimenea sea excepcionalmente acogedor y relajante.<\/p>\n\n\n\n<h2 class=\"wp-block-heading\">Comodidad y control moderno<\/h2>\n\n\n\n<p>La chimenea el\u00e9ctrica AFLAMO Milos se puede controlar mediante mando a distancia o mediante una aplicaci\u00f3n m\u00f3vil disponible para sistemas Android e iOS. Adem\u00e1s, es posible encender y apagar la chimenea mediante comandos de voz a trav\u00e9s del asistente Amazon Alexa, lo que aumenta la comodidad de uso.<\/p>\n\n\n\n<h2 class=\"wp-block-heading\">Ecolog\u00eda y seguridad<\/h2>\n\n\n\n<p>Las chimeneas el\u00e9ctricas AFLAMO, incluido el modelo Milos, son ecol\u00f3gicas y seguras para la salud: no emiten gases de escape, holl\u00edn ni cenizas. No requieren ventilaci\u00f3n, lo que elimina la necesidad de abrir ventanas durante su uso, y la tecnolog\u00eda LED asegura un bajo coste de funcionamiento del efecto llama.<\/p>\n\n\n\n<p>En resumen, la chimenea el\u00e9ctrica Milos con carcasa es una excelente opci\u00f3n para quienes valoran el dise\u00f1o moderno, la funcionalidad y la comodidad de uso. Gracias al efecto 3D realista, la funci\u00f3n de calefacci\u00f3n y el sonido de la madera quemada, este modelo crea un ambiente c\u00e1lido y acogedor en su hogar durante todo el a\u00f1o.<\/p>\n\n\n\n<p>D\u00e9jame saber que te parece este modelo.<\/p>\n\n\n\n<p><\/p>\n","protected":false},"excerpt":{"rendered":"<p>Las chimeneas el\u00e9ctricas con carcasa Milos son una propuesta de la marca AFLAMO, que combina tecnolog\u00eda moderna, est\u00e9tica y practicidad. Este modelo cuenta con un efecto de llama tridimensional 3D, un sonido realista de madera quemada y una funci\u00f3n de calefacci\u00f3n, creando una atm\u00f3sfera \u00fanica &hellip; <\/p>\n","protected":false},"author":1,"featured_media":1039,"comment_status":"closed","ping_status":"closed","sticky":false,"template":"","format":"standard","meta":{"footnotes":""},"categories":[29],"tags":[396,399,401,848,581,850,579,742],"class_list":["post-1043","post","type-post","status-publish","format-standard","has-post-thumbnail","hentry","category-bez-kategorii-es","tag-chimenea-cerrada","tag-chimenea-clasica","tag-chimenea-electrica","tag-chimenea-electrica-con-funcion-de-calefaccion","tag-chimeneas-electricas-aflamo","tag-chimeneas-electricas-con-carcasa","tag-chimeneas-electricas-con-sonido","tag-chimeneas-electricas-de-pared-elite"],"yoast_head":"<!-- This site is optimized with the Yoast SEO plugin v25.7 - https:\/\/yoast.com\/wordpress\/plugins\/seo\/ -->\n<title>Chimeneas el\u00e9ctricas con revestimiento Milos: dise\u00f1o moderno y funcionalidad de AFLAMO - Kominki-Elektryczne.pl<\/title>\n<meta name=\"robots\" content=\"index, follow, max-snippet:-1, max-image-preview:large, max-video-preview:-1\" \/>\n<link rel=\"canonical\" href=\"https:\/\/kominki-elektryczne.pl\/blog\/es\/2025\/05\/15\/chimeneas-electricas-con-revestimiento-milos-diseno-moderno-y-funcionalidad-de-aflamo\/\" \/>\n<meta property=\"og:locale\" content=\"pl_PL\" \/>\n<meta property=\"og:type\" content=\"article\" \/>\n<meta property=\"og:title\" content=\"Chimeneas el\u00e9ctricas con revestimiento Milos: dise\u00f1o moderno y funcionalidad de AFLAMO - Kominki-Elektryczne.pl\" \/>\n<meta property=\"og:description\" content=\"Las chimeneas el\u00e9ctricas con carcasa Milos son una propuesta de la marca AFLAMO, que combina tecnolog\u00eda moderna, est\u00e9tica y practicidad. Este modelo cuenta con un efecto de llama tridimensional 3D, un sonido realista de madera quemada y una funci\u00f3n de calefacci\u00f3n, creando una atm\u00f3sfera \u00fanica &hellip;\" \/>\n<meta property=\"og:url\" content=\"https:\/\/kominki-elektryczne.pl\/blog\/es\/2025\/05\/15\/chimeneas-electricas-con-revestimiento-milos-diseno-moderno-y-funcionalidad-de-aflamo\/\" \/>\n<meta property=\"og:site_name\" content=\"Kominki-Elektryczne.pl\" \/>\n<meta property=\"article:publisher\" content=\"https:\/\/www.facebook.com\/elektrycznekominki\" \/>\n<meta property=\"article:published_time\" content=\"2025-05-15T10:47:57+00:00\" \/>\n<meta property=\"og:image\" content=\"https:\/\/kominki-elektryczne.pl\/blog\/wp-content\/uploads\/2025\/05\/unique_milos.jpg\" \/>\n\t<meta property=\"og:image:width\" content=\"492\" \/>\n\t<meta property=\"og:image:height\" content=\"300\" \/>\n\t<meta property=\"og:image:type\" content=\"image\/jpeg\" \/>\n<meta name=\"author\" content=\"Kominkowy\" \/>\n<meta name=\"twitter:card\" content=\"summary_large_image\" \/>\n<meta name=\"twitter:label1\" content=\"Napisane przez\" \/>\n\t<meta name=\"twitter:data1\" content=\"Kominkowy\" \/>\n\t<meta name=\"twitter:label2\" content=\"Szacowany czas czytania\" \/>\n\t<meta name=\"twitter:data2\" content=\"3 minuty\" \/>\n<script type=\"application\/ld+json\" class=\"yoast-schema-graph\">{\"@context\":\"https:\/\/schema.org\",\"@graph\":[{\"@type\":\"Article\",\"@id\":\"https:\/\/kominki-elektryczne.pl\/blog\/es\/2025\/05\/15\/chimeneas-electricas-con-revestimiento-milos-diseno-moderno-y-funcionalidad-de-aflamo\/#article\",\"isPartOf\":{\"@id\":\"https:\/\/kominki-elektryczne.pl\/blog\/es\/2025\/05\/15\/chimeneas-electricas-con-revestimiento-milos-diseno-moderno-y-funcionalidad-de-aflamo\/\"},\"author\":{\"name\":\"Kominkowy\",\"@id\":\"https:\/\/kominki-elektryczne.pl\/blog\/#\/schema\/person\/045e7544e3e90364f5f82cc509123089\"},\"headline\":\"Chimeneas el\u00e9ctricas con revestimiento Milos: dise\u00f1o moderno y funcionalidad de AFLAMO\",\"datePublished\":\"2025-05-15T10:47:57+00:00\",\"mainEntityOfPage\":{\"@id\":\"https:\/\/kominki-elektryczne.pl\/blog\/es\/2025\/05\/15\/chimeneas-electricas-con-revestimiento-milos-diseno-moderno-y-funcionalidad-de-aflamo\/\"},\"wordCount\":538,\"publisher\":{\"@id\":\"https:\/\/kominki-elektryczne.pl\/blog\/#organization\"},\"image\":{\"@id\":\"https:\/\/kominki-elektryczne.pl\/blog\/es\/2025\/05\/15\/chimeneas-electricas-con-revestimiento-milos-diseno-moderno-y-funcionalidad-de-aflamo\/#primaryimage\"},\"thumbnailUrl\":\"https:\/\/kominki-elektryczne.pl\/blog\/wp-content\/uploads\/2025\/05\/unique_milos.jpg\",\"keywords\":[\"chimenea cerrada\",\"chimenea cl\u00e1sica\",\"chimenea electrica\",\"Chimenea el\u00e9ctrica con funci\u00f3n de calefacci\u00f3n\",\"Chimeneas el\u00e9ctricas aflamo\",\"chimeneas el\u00e9ctricas con carcasa\",\"chimeneas el\u00e9ctricas con sonido\",\"Chimeneas el\u00e9ctricas de pared elite\"],\"inLanguage\":\"pl-PL\"},{\"@type\":\"WebPage\",\"@id\":\"https:\/\/kominki-elektryczne.pl\/blog\/es\/2025\/05\/15\/chimeneas-electricas-con-revestimiento-milos-diseno-moderno-y-funcionalidad-de-aflamo\/\",\"url\":\"https:\/\/kominki-elektryczne.pl\/blog\/es\/2025\/05\/15\/chimeneas-electricas-con-revestimiento-milos-diseno-moderno-y-funcionalidad-de-aflamo\/\",\"name\":\"Chimeneas el\u00e9ctricas con revestimiento Milos: dise\u00f1o moderno y funcionalidad de AFLAMO - Kominki-Elektryczne.pl\",\"isPartOf\":{\"@id\":\"https:\/\/kominki-elektryczne.pl\/blog\/#website\"},\"primaryImageOfPage\":{\"@id\":\"https:\/\/kominki-elektryczne.pl\/blog\/es\/2025\/05\/15\/chimeneas-electricas-con-revestimiento-milos-diseno-moderno-y-funcionalidad-de-aflamo\/#primaryimage\"},\"image\":{\"@id\":\"https:\/\/kominki-elektryczne.pl\/blog\/es\/2025\/05\/15\/chimeneas-electricas-con-revestimiento-milos-diseno-moderno-y-funcionalidad-de-aflamo\/#primaryimage\"},\"thumbnailUrl\":\"https:\/\/kominki-elektryczne.pl\/blog\/wp-content\/uploads\/2025\/05\/unique_milos.jpg\",\"datePublished\":\"2025-05-15T10:47:57+00:00\",\"breadcrumb\":{\"@id\":\"https:\/\/kominki-elektryczne.pl\/blog\/es\/2025\/05\/15\/chimeneas-electricas-con-revestimiento-milos-diseno-moderno-y-funcionalidad-de-aflamo\/#breadcrumb\"},\"inLanguage\":\"pl-PL\",\"potentialAction\":[{\"@type\":\"ReadAction\",\"target\":[\"https:\/\/kominki-elektryczne.pl\/blog\/es\/2025\/05\/15\/chimeneas-electricas-con-revestimiento-milos-diseno-moderno-y-funcionalidad-de-aflamo\/\"]}]},{\"@type\":\"ImageObject\",\"inLanguage\":\"pl-PL\",\"@id\":\"https:\/\/kominki-elektryczne.pl\/blog\/es\/2025\/05\/15\/chimeneas-electricas-con-revestimiento-milos-diseno-moderno-y-funcionalidad-de-aflamo\/#primaryimage\",\"url\":\"https:\/\/kominki-elektryczne.pl\/blog\/wp-content\/uploads\/2025\/05\/unique_milos.jpg\",\"contentUrl\":\"https:\/\/kominki-elektryczne.pl\/blog\/wp-content\/uploads\/2025\/05\/unique_milos.jpg\",\"width\":492,\"height\":300},{\"@type\":\"BreadcrumbList\",\"@id\":\"https:\/\/kominki-elektryczne.pl\/blog\/es\/2025\/05\/15\/chimeneas-electricas-con-revestimiento-milos-diseno-moderno-y-funcionalidad-de-aflamo\/#breadcrumb\",\"itemListElement\":[{\"@type\":\"ListItem\",\"position\":1,\"name\":\"Strona g\u0142\u00f3wna\",\"item\":\"https:\/\/kominki-elektryczne.pl\/blog\/\"},{\"@type\":\"ListItem\",\"position\":2,\"name\":\"Chimeneas el\u00e9ctricas con revestimiento Milos: dise\u00f1o moderno y funcionalidad de AFLAMO\"}]},{\"@type\":\"WebSite\",\"@id\":\"https:\/\/kominki-elektryczne.pl\/blog\/#website\",\"url\":\"https:\/\/kominki-elektryczne.pl\/blog\/\",\"name\":\"Kominki-Elektryczne.pl\",\"description\":\"Opisy - Porady - Recenzje\",\"publisher\":{\"@id\":\"https:\/\/kominki-elektryczne.pl\/blog\/#organization\"},\"potentialAction\":[{\"@type\":\"SearchAction\",\"target\":{\"@type\":\"EntryPoint\",\"urlTemplate\":\"https:\/\/kominki-elektryczne.pl\/blog\/?s={search_term_string}\"},\"query-input\":{\"@type\":\"PropertyValueSpecification\",\"valueRequired\":true,\"valueName\":\"search_term_string\"}}],\"inLanguage\":\"pl-PL\"},{\"@type\":\"Organization\",\"@id\":\"https:\/\/kominki-elektryczne.pl\/blog\/#organization\",\"name\":\"Kominki-Elektryczne.pl\",\"url\":\"https:\/\/kominki-elektryczne.pl\/blog\/\",\"logo\":{\"@type\":\"ImageObject\",\"inLanguage\":\"pl-PL\",\"@id\":\"https:\/\/kominki-elektryczne.pl\/blog\/#\/schema\/logo\/image\/\",\"url\":\"https:\/\/kominki-elektryczne.pl\/blog\/wp-content\/uploads\/2025\/04\/cropped-LogoAflamo.jpg\",\"contentUrl\":\"https:\/\/kominki-elektryczne.pl\/blog\/wp-content\/uploads\/2025\/04\/cropped-LogoAflamo.jpg\",\"width\":200,\"height\":58,\"caption\":\"Kominki-Elektryczne.pl\"},\"image\":{\"@id\":\"https:\/\/kominki-elektryczne.pl\/blog\/#\/schema\/logo\/image\/\"},\"sameAs\":[\"https:\/\/www.facebook.com\/elektrycznekominki\"]},{\"@type\":\"Person\",\"@id\":\"https:\/\/kominki-elektryczne.pl\/blog\/#\/schema\/person\/045e7544e3e90364f5f82cc509123089\",\"name\":\"Kominkowy\",\"image\":{\"@type\":\"ImageObject\",\"inLanguage\":\"pl-PL\",\"@id\":\"https:\/\/kominki-elektryczne.pl\/blog\/#\/schema\/person\/image\/\",\"url\":\"https:\/\/secure.gravatar.com\/avatar\/8c15720599195e8ba4119df2db28ce7e?s=96&d=mm&r=g\",\"contentUrl\":\"https:\/\/secure.gravatar.com\/avatar\/8c15720599195e8ba4119df2db28ce7e?s=96&d=mm&r=g\",\"caption\":\"Kominkowy\"},\"sameAs\":[\"http:\/\/www.kominki-elektryczne.pl\"],\"url\":\"https:\/\/kominki-elektryczne.pl\/blog\/author\/led-handel\/\"}]}<\/script>\n<!-- \/ Yoast SEO plugin. -->","yoast_head_json":{"title":"Chimeneas el\u00e9ctricas con revestimiento Milos: dise\u00f1o moderno y funcionalidad de AFLAMO - Kominki-Elektryczne.pl","robots":{"index":"index","follow":"follow","max-snippet":"max-snippet:-1","max-image-preview":"max-image-preview:large","max-video-preview":"max-video-preview:-1"},"canonical":"https:\/\/kominki-elektryczne.pl\/blog\/es\/2025\/05\/15\/chimeneas-electricas-con-revestimiento-milos-diseno-moderno-y-funcionalidad-de-aflamo\/","og_locale":"pl_PL","og_type":"article","og_title":"Chimeneas el\u00e9ctricas con revestimiento Milos: dise\u00f1o moderno y funcionalidad de AFLAMO - Kominki-Elektryczne.pl","og_description":"Las chimeneas el\u00e9ctricas con carcasa Milos son una propuesta de la marca AFLAMO, que combina tecnolog\u00eda moderna, est\u00e9tica y practicidad. Este modelo cuenta con un efecto de llama tridimensional 3D, un sonido realista de madera quemada y una funci\u00f3n de calefacci\u00f3n, creando una atm\u00f3sfera \u00fanica &hellip;","og_url":"https:\/\/kominki-elektryczne.pl\/blog\/es\/2025\/05\/15\/chimeneas-electricas-con-revestimiento-milos-diseno-moderno-y-funcionalidad-de-aflamo\/","og_site_name":"Kominki-Elektryczne.pl","article_publisher":"https:\/\/www.facebook.com\/elektrycznekominki","article_published_time":"2025-05-15T10:47:57+00:00","og_image":[{"width":492,"height":300,"url":"https:\/\/kominki-elektryczne.pl\/blog\/wp-content\/uploads\/2025\/05\/unique_milos.jpg","type":"image\/jpeg"}],"author":"Kominkowy","twitter_card":"summary_large_image","twitter_misc":{"Napisane przez":"Kominkowy","Szacowany czas czytania":"3 minuty"},"schema":{"@context":"https:\/\/schema.org","@graph":[{"@type":"Article","@id":"https:\/\/kominki-elektryczne.pl\/blog\/es\/2025\/05\/15\/chimeneas-electricas-con-revestimiento-milos-diseno-moderno-y-funcionalidad-de-aflamo\/#article","isPartOf":{"@id":"https:\/\/kominki-elektryczne.pl\/blog\/es\/2025\/05\/15\/chimeneas-electricas-con-revestimiento-milos-diseno-moderno-y-funcionalidad-de-aflamo\/"},"author":{"name":"Kominkowy","@id":"https:\/\/kominki-elektryczne.pl\/blog\/#\/schema\/person\/045e7544e3e90364f5f82cc509123089"},"headline":"Chimeneas el\u00e9ctricas con revestimiento Milos: dise\u00f1o moderno y funcionalidad de AFLAMO","datePublished":"2025-05-15T10:47:57+00:00","mainEntityOfPage":{"@id":"https:\/\/kominki-elektryczne.pl\/blog\/es\/2025\/05\/15\/chimeneas-electricas-con-revestimiento-milos-diseno-moderno-y-funcionalidad-de-aflamo\/"},"wordCount":538,"publisher":{"@id":"https:\/\/kominki-elektryczne.pl\/blog\/#organization"},"image":{"@id":"https:\/\/kominki-elektryczne.pl\/blog\/es\/2025\/05\/15\/chimeneas-electricas-con-revestimiento-milos-diseno-moderno-y-funcionalidad-de-aflamo\/#primaryimage"},"thumbnailUrl":"https:\/\/kominki-elektryczne.pl\/blog\/wp-content\/uploads\/2025\/05\/unique_milos.jpg","keywords":["chimenea cerrada","chimenea cl\u00e1sica","chimenea electrica","Chimenea el\u00e9ctrica con funci\u00f3n de calefacci\u00f3n","Chimeneas el\u00e9ctricas aflamo","chimeneas el\u00e9ctricas con carcasa","chimeneas el\u00e9ctricas con sonido","Chimeneas el\u00e9ctricas de pared elite"],"inLanguage":"pl-PL"},{"@type":"WebPage","@id":"https:\/\/kominki-elektryczne.pl\/blog\/es\/2025\/05\/15\/chimeneas-electricas-con-revestimiento-milos-diseno-moderno-y-funcionalidad-de-aflamo\/","url":"https:\/\/kominki-elektryczne.pl\/blog\/es\/2025\/05\/15\/chimeneas-electricas-con-revestimiento-milos-diseno-moderno-y-funcionalidad-de-aflamo\/","name":"Chimeneas el\u00e9ctricas con revestimiento Milos: dise\u00f1o moderno y funcionalidad de AFLAMO - Kominki-Elektryczne.pl","isPartOf":{"@id":"https:\/\/kominki-elektryczne.pl\/blog\/#website"},"primaryImageOfPage":{"@id":"https:\/\/kominki-elektryczne.pl\/blog\/es\/2025\/05\/15\/chimeneas-electricas-con-revestimiento-milos-diseno-moderno-y-funcionalidad-de-aflamo\/#primaryimage"},"image":{"@id":"https:\/\/kominki-elektryczne.pl\/blog\/es\/2025\/05\/15\/chimeneas-electricas-con-revestimiento-milos-diseno-moderno-y-funcionalidad-de-aflamo\/#primaryimage"},"thumbnailUrl":"https:\/\/kominki-elektryczne.pl\/blog\/wp-content\/uploads\/2025\/05\/unique_milos.jpg","datePublished":"2025-05-15T10:47:57+00:00","breadcrumb":{"@id":"https:\/\/kominki-elektryczne.pl\/blog\/es\/2025\/05\/15\/chimeneas-electricas-con-revestimiento-milos-diseno-moderno-y-funcionalidad-de-aflamo\/#breadcrumb"},"inLanguage":"pl-PL","potentialAction":[{"@type":"ReadAction","target":["https:\/\/kominki-elektryczne.pl\/blog\/es\/2025\/05\/15\/chimeneas-electricas-con-revestimiento-milos-diseno-moderno-y-funcionalidad-de-aflamo\/"]}]},{"@type":"ImageObject","inLanguage":"pl-PL","@id":"https:\/\/kominki-elektryczne.pl\/blog\/es\/2025\/05\/15\/chimeneas-electricas-con-revestimiento-milos-diseno-moderno-y-funcionalidad-de-aflamo\/#primaryimage","url":"https:\/\/kominki-elektryczne.pl\/blog\/wp-content\/uploads\/2025\/05\/unique_milos.jpg","contentUrl":"https:\/\/kominki-elektryczne.pl\/blog\/wp-content\/uploads\/2025\/05\/unique_milos.jpg","width":492,"height":300},{"@type":"BreadcrumbList","@id":"https:\/\/kominki-elektryczne.pl\/blog\/es\/2025\/05\/15\/chimeneas-electricas-con-revestimiento-milos-diseno-moderno-y-funcionalidad-de-aflamo\/#breadcrumb","itemListElement":[{"@type":"ListItem","position":1,"name":"Strona g\u0142\u00f3wna","item":"https:\/\/kominki-elektryczne.pl\/blog\/"},{"@type":"ListItem","position":2,"name":"Chimeneas el\u00e9ctricas con revestimiento Milos: dise\u00f1o moderno y funcionalidad de AFLAMO"}]},{"@type":"WebSite","@id":"https:\/\/kominki-elektryczne.pl\/blog\/#website","url":"https:\/\/kominki-elektryczne.pl\/blog\/","name":"Kominki-Elektryczne.pl","description":"Opisy - Porady - Recenzje","publisher":{"@id":"https:\/\/kominki-elektryczne.pl\/blog\/#organization"},"potentialAction":[{"@type":"SearchAction","target":{"@type":"EntryPoint","urlTemplate":"https:\/\/kominki-elektryczne.pl\/blog\/?s={search_term_string}"},"query-input":{"@type":"PropertyValueSpecification","valueRequired":true,"valueName":"search_term_string"}}],"inLanguage":"pl-PL"},{"@type":"Organization","@id":"https:\/\/kominki-elektryczne.pl\/blog\/#organization","name":"Kominki-Elektryczne.pl","url":"https:\/\/kominki-elektryczne.pl\/blog\/","logo":{"@type":"ImageObject","inLanguage":"pl-PL","@id":"https:\/\/kominki-elektryczne.pl\/blog\/#\/schema\/logo\/image\/","url":"https:\/\/kominki-elektryczne.pl\/blog\/wp-content\/uploads\/2025\/04\/cropped-LogoAflamo.jpg","contentUrl":"https:\/\/kominki-elektryczne.pl\/blog\/wp-content\/uploads\/2025\/04\/cropped-LogoAflamo.jpg","width":200,"height":58,"caption":"Kominki-Elektryczne.pl"},"image":{"@id":"https:\/\/kominki-elektryczne.pl\/blog\/#\/schema\/logo\/image\/"},"sameAs":["https:\/\/www.facebook.com\/elektrycznekominki"]},{"@type":"Person","@id":"https:\/\/kominki-elektryczne.pl\/blog\/#\/schema\/person\/045e7544e3e90364f5f82cc509123089","name":"Kominkowy","image":{"@type":"ImageObject","inLanguage":"pl-PL","@id":"https:\/\/kominki-elektryczne.pl\/blog\/#\/schema\/person\/image\/","url":"https:\/\/secure.gravatar.com\/avatar\/8c15720599195e8ba4119df2db28ce7e?s=96&d=mm&r=g","contentUrl":"https:\/\/secure.gravatar.com\/avatar\/8c15720599195e8ba4119df2db28ce7e?s=96&d=mm&r=g","caption":"Kominkowy"},"sameAs":["http:\/\/www.kominki-elektryczne.pl"],"url":"https:\/\/kominki-elektryczne.pl\/blog\/author\/led-handel\/"}]}},"_links":{"self":[{"href":"https:\/\/kominki-elektryczne.pl\/blog\/wp-json\/wp\/v2\/posts\/1043","targetHints":{"allow":["GET"]}}],"collection":[{"href":"https:\/\/kominki-elektryczne.pl\/blog\/wp-json\/wp\/v2\/posts"}],"about":[{"href":"https:\/\/kominki-elektryczne.pl\/blog\/wp-json\/wp\/v2\/types\/post"}],"author":[{"embeddable":true,"href":"https:\/\/kominki-elektryczne.pl\/blog\/wp-json\/wp\/v2\/users\/1"}],"replies":[{"embeddable":true,"href":"https:\/\/kominki-elektryczne.pl\/blog\/wp-json\/wp\/v2\/comments?post=1043"}],"version-history":[{"count":1,"href":"https:\/\/kominki-elektryczne.pl\/blog\/wp-json\/wp\/v2\/posts\/1043\/revisions"}],"predecessor-version":[{"id":1044,"href":"https:\/\/kominki-elektryczne.pl\/blog\/wp-json\/wp\/v2\/posts\/1043\/revisions\/1044"}],"wp:featuredmedia":[{"embeddable":true,"href":"https:\/\/kominki-elektryczne.pl\/blog\/wp-json\/wp\/v2\/media\/1039"}],"wp:attachment":[{"href":"https:\/\/kominki-elektryczne.pl\/blog\/wp-json\/wp\/v2\/media?parent=1043"}],"wp:term":[{"taxonomy":"category","embeddable":true,"href":"https:\/\/kominki-elektryczne.pl\/blog\/wp-json\/wp\/v2\/categories?post=1043"},{"taxonomy":"post_tag","embeddable":true,"href":"https:\/\/kominki-elektryczne.pl\/blog\/wp-json\/wp\/v2\/tags?post=1043"}],"curies":[{"name":"wp","href":"https:\/\/api.w.org\/{rel}","templated":true}]}}