{"id":1061,"date":"2025-05-29T10:52:16","date_gmt":"2025-05-29T08:52:16","guid":{"rendered":"https:\/\/kominki-elektryczne.pl\/blog\/?p=1061"},"modified":"2025-05-29T10:52:17","modified_gmt":"2025-05-29T08:52:17","slug":"chimeneas-electricas-como-fuente-de-calor-ecologica-ahorro-y-confort","status":"publish","type":"post","link":"https:\/\/kominki-elektryczne.pl\/blog\/es\/2025\/05\/29\/chimeneas-electricas-como-fuente-de-calor-ecologica-ahorro-y-confort\/","title":{"rendered":"Chimeneas el\u00e9ctricas como fuente de calor ecol\u00f3gica: ahorro y confort"},"content":{"rendered":"\n<p>En la era de la creciente conciencia ecol\u00f3gica y la necesidad de ahorrar energ\u00eda, las chimeneas el\u00e9ctricas est\u00e1n ganando popularidad como una fuente de calor moderna y respetuosa con el medio ambiente. Las chimeneas el\u00e9ctricas Aflamo destacan por su combinaci\u00f3n de est\u00e9tica, funcionalidad y ecolog\u00eda, ofreciendo a los usuarios confort t\u00e9rmico sin afectar negativamente al medio ambiente.<\/p>\n\n\n\n<figure class=\"wp-block-image size-large\"><img decoding=\"async\" src=\"https:\/\/kominki-elektryczne.com.pl\/wp-content\/uploads\/2025\/05\/Royal-3D_room-shot-3-1024x576.jpg\" alt=\"Chimeneas el\u00e9ctricas con funci\u00f3n de calefacci\u00f3n Royal 3D\" class=\"wp-image-1813\"\/><\/figure>\n\n\n\n<h2 class=\"wp-block-heading\">Chimeneas el\u00e9ctricas: ecolog\u00eda y seguridad<\/h2>\n\n\n\n<p>Las chimeneas el\u00e9ctricas Aflamo no emiten gases de escape, di\u00f3xido de carbono ni otras sustancias nocivas, lo que las convierte en dispositivos ecol\u00f3gicos y saludables. La ausencia de llama abierta elimina el riesgo de incendio, y el uso de materiales seguros, como el vidrio no calefactor, las hace seguras incluso para ni\u00f1os y animales. Adem\u00e1s, estas chimeneas no requieren instalaci\u00f3n de chimenea ni almacenamiento de combustible, lo que reduce a\u00fan m\u00e1s su impacto ecol\u00f3gico y facilita su uso.<\/p>\n\n\n\n<h2 class=\"wp-block-heading\">Ahorro y eficiencia energ\u00e9tica<\/h2>\n\n\n\n<p>Las <a href=\"https:\/\/www.kominki-elektryczne.pl\/es\/16-chimeneas-led-electricas-de-pared\" rel=\"nofollow\">chimeneas el\u00e9ctricas modernas con funci\u00f3n de calefacci\u00f3n<\/a> se caracterizan por su alta eficiencia energ\u00e9tica. Gracias al preciso control de temperatura, termostatos y programadores de tiempo, es posible ajustar el funcionamiento del dispositivo a las necesidades actuales, lo que permite una reducci\u00f3n significativa del consumo el\u00e9ctrico. Las chimeneas Aflamo est\u00e1n equipadas con tecnolog\u00eda LED que genera un efecto de llama con un consumo m\u00ednimo de energ\u00eda: el coste de la luz es de tan solo 1-2 groszy por hora. El sensor de ventana abierta tambi\u00e9n apaga la calefacci\u00f3n en caso de una bajada repentina de temperatura, lo que evita el desperdicio de energ\u00eda.<\/p>\n\n\n\n<h2 class=\"wp-block-heading\">Chimeneas el\u00e9ctricas: comodidad y est\u00e9tica<\/h2>\n\n\n\n<p>Las chimeneas Aflamo se distinguen no solo por su funcionalidad, sino tambi\u00e9n por su atractivo dise\u00f1o y su efecto visual realista. Los modelos con efecto 3D y las chimeneas el\u00e9ctricas con sonido realzan la sensaci\u00f3n de un fuego real, creando un ambiente acogedor en cualquier estancia. Gracias al control remoto y a la posibilidad de funcionar sin la funci\u00f3n de calefacci\u00f3n, estas chimeneas son c\u00f3modas de usar durante todo el a\u00f1o, independientemente de las condiciones clim\u00e1ticas.<\/p>\n\n\n\n<h2 class=\"wp-block-heading\">Resumen<\/h2>\n\n\n\n<p>Las chimeneas con funci\u00f3n de calefacci\u00f3n, especialmente las chimeneas Aflamo, son una soluci\u00f3n ecol\u00f3gica, segura y econ\u00f3mica para interiores modernos. Ofrecen ahorro energ\u00e9tico gracias a sus tecnolog\u00edas avanzadas y confort t\u00e9rmico sin necesidad de invertir en instalaciones costosas y complejas. Adem\u00e1s, los efectos realistas de luz y sonido permiten a los usuarios disfrutar de la magia del fuego de forma segura y respetuosa con el medio ambiente.<\/p>\n\n\n\n<p>Al elegir una chimenea el\u00e9ctrica de Aflamo, est\u00e1s invirtiendo en una fuente de calor ecol\u00f3gica que combina ahorro, comodidad y est\u00e9tica al m\u00e1s alto nivel.<\/p>\n","protected":false},"excerpt":{"rendered":"<p>En la era de la creciente conciencia ecol\u00f3gica y la necesidad de ahorrar energ\u00eda, las chimeneas el\u00e9ctricas est\u00e1n ganando popularidad como una fuente de calor moderna y respetuosa con el medio ambiente. Las chimeneas el\u00e9ctricas Aflamo destacan por su combinaci\u00f3n de est\u00e9tica, funcionalidad y ecolog\u00eda, &hellip; <\/p>\n","protected":false},"author":1,"featured_media":1057,"comment_status":"closed","ping_status":"closed","sticky":false,"template":"","format":"standard","meta":{"footnotes":""},"categories":[29],"tags":[396,399,401,581,579,577,575],"class_list":["post-1061","post","type-post","status-publish","format-standard","has-post-thumbnail","hentry","category-bez-kategorii-es","tag-chimenea-cerrada","tag-chimenea-clasica","tag-chimenea-electrica","tag-chimeneas-electricas-aflamo","tag-chimeneas-electricas-con-sonido","tag-chimeneas-electricas-majestic-pro","tag-chimeneas-electricas-royal-pro"],"yoast_head":"<!-- This site is optimized with the Yoast SEO plugin v25.7 - https:\/\/yoast.com\/wordpress\/plugins\/seo\/ -->\n<title>Chimeneas el\u00e9ctricas como fuente de calor ecol\u00f3gica: ahorro y confort - Kominki-Elektryczne.pl<\/title>\n<meta name=\"robots\" content=\"index, follow, max-snippet:-1, max-image-preview:large, max-video-preview:-1\" \/>\n<link rel=\"canonical\" href=\"https:\/\/kominki-elektryczne.pl\/blog\/es\/2025\/05\/29\/chimeneas-electricas-como-fuente-de-calor-ecologica-ahorro-y-confort\/\" \/>\n<meta property=\"og:locale\" content=\"pl_PL\" \/>\n<meta property=\"og:type\" content=\"article\" \/>\n<meta property=\"og:title\" content=\"Chimeneas el\u00e9ctricas como fuente de calor ecol\u00f3gica: ahorro y confort - Kominki-Elektryczne.pl\" \/>\n<meta property=\"og:description\" content=\"En la era de la creciente conciencia ecol\u00f3gica y la necesidad de ahorrar energ\u00eda, las chimeneas el\u00e9ctricas est\u00e1n ganando popularidad como una fuente de calor moderna y respetuosa con el medio ambiente. Las chimeneas el\u00e9ctricas Aflamo destacan por su combinaci\u00f3n de est\u00e9tica, funcionalidad y ecolog\u00eda, &hellip;\" \/>\n<meta property=\"og:url\" content=\"https:\/\/kominki-elektryczne.pl\/blog\/es\/2025\/05\/29\/chimeneas-electricas-como-fuente-de-calor-ecologica-ahorro-y-confort\/\" \/>\n<meta property=\"og:site_name\" content=\"Kominki-Elektryczne.pl\" \/>\n<meta property=\"article:publisher\" content=\"https:\/\/www.facebook.com\/elektrycznekominki\" \/>\n<meta property=\"article:published_time\" content=\"2025-05-29T08:52:16+00:00\" \/>\n<meta property=\"article:modified_time\" content=\"2025-05-29T08:52:17+00:00\" \/>\n<meta property=\"og:image\" content=\"https:\/\/kominki-elektryczne.pl\/blog\/wp-content\/uploads\/2025\/05\/Royal-3D_room-shot.jpg\" \/>\n\t<meta property=\"og:image:width\" content=\"2048\" \/>\n\t<meta property=\"og:image:height\" content=\"1152\" \/>\n\t<meta property=\"og:image:type\" content=\"image\/jpeg\" \/>\n<meta name=\"author\" content=\"Kominkowy\" \/>\n<meta name=\"twitter:card\" content=\"summary_large_image\" \/>\n<meta name=\"twitter:label1\" content=\"Napisane przez\" \/>\n\t<meta name=\"twitter:data1\" content=\"Kominkowy\" \/>\n\t<meta name=\"twitter:label2\" content=\"Szacowany czas czytania\" \/>\n\t<meta name=\"twitter:data2\" content=\"2 minuty\" \/>\n<script type=\"application\/ld+json\" class=\"yoast-schema-graph\">{\"@context\":\"https:\/\/schema.org\",\"@graph\":[{\"@type\":\"Article\",\"@id\":\"https:\/\/kominki-elektryczne.pl\/blog\/es\/2025\/05\/29\/chimeneas-electricas-como-fuente-de-calor-ecologica-ahorro-y-confort\/#article\",\"isPartOf\":{\"@id\":\"https:\/\/kominki-elektryczne.pl\/blog\/es\/2025\/05\/29\/chimeneas-electricas-como-fuente-de-calor-ecologica-ahorro-y-confort\/\"},\"author\":{\"name\":\"Kominkowy\",\"@id\":\"https:\/\/kominki-elektryczne.pl\/blog\/#\/schema\/person\/045e7544e3e90364f5f82cc509123089\"},\"headline\":\"Chimeneas el\u00e9ctricas como fuente de calor ecol\u00f3gica: ahorro y confort\",\"datePublished\":\"2025-05-29T08:52:16+00:00\",\"dateModified\":\"2025-05-29T08:52:17+00:00\",\"mainEntityOfPage\":{\"@id\":\"https:\/\/kominki-elektryczne.pl\/blog\/es\/2025\/05\/29\/chimeneas-electricas-como-fuente-de-calor-ecologica-ahorro-y-confort\/\"},\"wordCount\":492,\"publisher\":{\"@id\":\"https:\/\/kominki-elektryczne.pl\/blog\/#organization\"},\"image\":{\"@id\":\"https:\/\/kominki-elektryczne.pl\/blog\/es\/2025\/05\/29\/chimeneas-electricas-como-fuente-de-calor-ecologica-ahorro-y-confort\/#primaryimage\"},\"thumbnailUrl\":\"https:\/\/kominki-elektryczne.pl\/blog\/wp-content\/uploads\/2025\/05\/Royal-3D_room-shot.jpg\",\"keywords\":[\"chimenea cerrada\",\"chimenea cl\u00e1sica\",\"chimenea electrica\",\"Chimeneas el\u00e9ctricas aflamo\",\"chimeneas el\u00e9ctricas con sonido\",\"chimeneas el\u00e9ctricas Majestic Pro\",\"chimeneas el\u00e9ctricas Royal Pro\"],\"inLanguage\":\"pl-PL\"},{\"@type\":\"WebPage\",\"@id\":\"https:\/\/kominki-elektryczne.pl\/blog\/es\/2025\/05\/29\/chimeneas-electricas-como-fuente-de-calor-ecologica-ahorro-y-confort\/\",\"url\":\"https:\/\/kominki-elektryczne.pl\/blog\/es\/2025\/05\/29\/chimeneas-electricas-como-fuente-de-calor-ecologica-ahorro-y-confort\/\",\"name\":\"Chimeneas el\u00e9ctricas como fuente de calor ecol\u00f3gica: ahorro y confort - Kominki-Elektryczne.pl\",\"isPartOf\":{\"@id\":\"https:\/\/kominki-elektryczne.pl\/blog\/#website\"},\"primaryImageOfPage\":{\"@id\":\"https:\/\/kominki-elektryczne.pl\/blog\/es\/2025\/05\/29\/chimeneas-electricas-como-fuente-de-calor-ecologica-ahorro-y-confort\/#primaryimage\"},\"image\":{\"@id\":\"https:\/\/kominki-elektryczne.pl\/blog\/es\/2025\/05\/29\/chimeneas-electricas-como-fuente-de-calor-ecologica-ahorro-y-confort\/#primaryimage\"},\"thumbnailUrl\":\"https:\/\/kominki-elektryczne.pl\/blog\/wp-content\/uploads\/2025\/05\/Royal-3D_room-shot.jpg\",\"datePublished\":\"2025-05-29T08:52:16+00:00\",\"dateModified\":\"2025-05-29T08:52:17+00:00\",\"breadcrumb\":{\"@id\":\"https:\/\/kominki-elektryczne.pl\/blog\/es\/2025\/05\/29\/chimeneas-electricas-como-fuente-de-calor-ecologica-ahorro-y-confort\/#breadcrumb\"},\"inLanguage\":\"pl-PL\",\"potentialAction\":[{\"@type\":\"ReadAction\",\"target\":[\"https:\/\/kominki-elektryczne.pl\/blog\/es\/2025\/05\/29\/chimeneas-electricas-como-fuente-de-calor-ecologica-ahorro-y-confort\/\"]}]},{\"@type\":\"ImageObject\",\"inLanguage\":\"pl-PL\",\"@id\":\"https:\/\/kominki-elektryczne.pl\/blog\/es\/2025\/05\/29\/chimeneas-electricas-como-fuente-de-calor-ecologica-ahorro-y-confort\/#primaryimage\",\"url\":\"https:\/\/kominki-elektryczne.pl\/blog\/wp-content\/uploads\/2025\/05\/Royal-3D_room-shot.jpg\",\"contentUrl\":\"https:\/\/kominki-elektryczne.pl\/blog\/wp-content\/uploads\/2025\/05\/Royal-3D_room-shot.jpg\",\"width\":2048,\"height\":1152},{\"@type\":\"BreadcrumbList\",\"@id\":\"https:\/\/kominki-elektryczne.pl\/blog\/es\/2025\/05\/29\/chimeneas-electricas-como-fuente-de-calor-ecologica-ahorro-y-confort\/#breadcrumb\",\"itemListElement\":[{\"@type\":\"ListItem\",\"position\":1,\"name\":\"Strona g\u0142\u00f3wna\",\"item\":\"https:\/\/kominki-elektryczne.pl\/blog\/\"},{\"@type\":\"ListItem\",\"position\":2,\"name\":\"Chimeneas el\u00e9ctricas como fuente de calor ecol\u00f3gica: ahorro y confort\"}]},{\"@type\":\"WebSite\",\"@id\":\"https:\/\/kominki-elektryczne.pl\/blog\/#website\",\"url\":\"https:\/\/kominki-elektryczne.pl\/blog\/\",\"name\":\"Kominki-Elektryczne.pl\",\"description\":\"Opisy - Porady - Recenzje\",\"publisher\":{\"@id\":\"https:\/\/kominki-elektryczne.pl\/blog\/#organization\"},\"potentialAction\":[{\"@type\":\"SearchAction\",\"target\":{\"@type\":\"EntryPoint\",\"urlTemplate\":\"https:\/\/kominki-elektryczne.pl\/blog\/?s={search_term_string}\"},\"query-input\":{\"@type\":\"PropertyValueSpecification\",\"valueRequired\":true,\"valueName\":\"search_term_string\"}}],\"inLanguage\":\"pl-PL\"},{\"@type\":\"Organization\",\"@id\":\"https:\/\/kominki-elektryczne.pl\/blog\/#organization\",\"name\":\"Kominki-Elektryczne.pl\",\"url\":\"https:\/\/kominki-elektryczne.pl\/blog\/\",\"logo\":{\"@type\":\"ImageObject\",\"inLanguage\":\"pl-PL\",\"@id\":\"https:\/\/kominki-elektryczne.pl\/blog\/#\/schema\/logo\/image\/\",\"url\":\"https:\/\/kominki-elektryczne.pl\/blog\/wp-content\/uploads\/2025\/04\/cropped-LogoAflamo.jpg\",\"contentUrl\":\"https:\/\/kominki-elektryczne.pl\/blog\/wp-content\/uploads\/2025\/04\/cropped-LogoAflamo.jpg\",\"width\":200,\"height\":58,\"caption\":\"Kominki-Elektryczne.pl\"},\"image\":{\"@id\":\"https:\/\/kominki-elektryczne.pl\/blog\/#\/schema\/logo\/image\/\"},\"sameAs\":[\"https:\/\/www.facebook.com\/elektrycznekominki\"]},{\"@type\":\"Person\",\"@id\":\"https:\/\/kominki-elektryczne.pl\/blog\/#\/schema\/person\/045e7544e3e90364f5f82cc509123089\",\"name\":\"Kominkowy\",\"image\":{\"@type\":\"ImageObject\",\"inLanguage\":\"pl-PL\",\"@id\":\"https:\/\/kominki-elektryczne.pl\/blog\/#\/schema\/person\/image\/\",\"url\":\"https:\/\/secure.gravatar.com\/avatar\/8c15720599195e8ba4119df2db28ce7e?s=96&d=mm&r=g\",\"contentUrl\":\"https:\/\/secure.gravatar.com\/avatar\/8c15720599195e8ba4119df2db28ce7e?s=96&d=mm&r=g\",\"caption\":\"Kominkowy\"},\"sameAs\":[\"http:\/\/www.kominki-elektryczne.pl\"],\"url\":\"https:\/\/kominki-elektryczne.pl\/blog\/author\/led-handel\/\"}]}<\/script>\n<!-- \/ Yoast SEO plugin. -->","yoast_head_json":{"title":"Chimeneas el\u00e9ctricas como fuente de calor ecol\u00f3gica: ahorro y confort - Kominki-Elektryczne.pl","robots":{"index":"index","follow":"follow","max-snippet":"max-snippet:-1","max-image-preview":"max-image-preview:large","max-video-preview":"max-video-preview:-1"},"canonical":"https:\/\/kominki-elektryczne.pl\/blog\/es\/2025\/05\/29\/chimeneas-electricas-como-fuente-de-calor-ecologica-ahorro-y-confort\/","og_locale":"pl_PL","og_type":"article","og_title":"Chimeneas el\u00e9ctricas como fuente de calor ecol\u00f3gica: ahorro y confort - Kominki-Elektryczne.pl","og_description":"En la era de la creciente conciencia ecol\u00f3gica y la necesidad de ahorrar energ\u00eda, las chimeneas el\u00e9ctricas est\u00e1n ganando popularidad como una fuente de calor moderna y respetuosa con el medio ambiente. Las chimeneas el\u00e9ctricas Aflamo destacan por su combinaci\u00f3n de est\u00e9tica, funcionalidad y ecolog\u00eda, &hellip;","og_url":"https:\/\/kominki-elektryczne.pl\/blog\/es\/2025\/05\/29\/chimeneas-electricas-como-fuente-de-calor-ecologica-ahorro-y-confort\/","og_site_name":"Kominki-Elektryczne.pl","article_publisher":"https:\/\/www.facebook.com\/elektrycznekominki","article_published_time":"2025-05-29T08:52:16+00:00","article_modified_time":"2025-05-29T08:52:17+00:00","og_image":[{"width":2048,"height":1152,"url":"https:\/\/kominki-elektryczne.pl\/blog\/wp-content\/uploads\/2025\/05\/Royal-3D_room-shot.jpg","type":"image\/jpeg"}],"author":"Kominkowy","twitter_card":"summary_large_image","twitter_misc":{"Napisane przez":"Kominkowy","Szacowany czas czytania":"2 minuty"},"schema":{"@context":"https:\/\/schema.org","@graph":[{"@type":"Article","@id":"https:\/\/kominki-elektryczne.pl\/blog\/es\/2025\/05\/29\/chimeneas-electricas-como-fuente-de-calor-ecologica-ahorro-y-confort\/#article","isPartOf":{"@id":"https:\/\/kominki-elektryczne.pl\/blog\/es\/2025\/05\/29\/chimeneas-electricas-como-fuente-de-calor-ecologica-ahorro-y-confort\/"},"author":{"name":"Kominkowy","@id":"https:\/\/kominki-elektryczne.pl\/blog\/#\/schema\/person\/045e7544e3e90364f5f82cc509123089"},"headline":"Chimeneas el\u00e9ctricas como fuente de calor ecol\u00f3gica: ahorro y confort","datePublished":"2025-05-29T08:52:16+00:00","dateModified":"2025-05-29T08:52:17+00:00","mainEntityOfPage":{"@id":"https:\/\/kominki-elektryczne.pl\/blog\/es\/2025\/05\/29\/chimeneas-electricas-como-fuente-de-calor-ecologica-ahorro-y-confort\/"},"wordCount":492,"publisher":{"@id":"https:\/\/kominki-elektryczne.pl\/blog\/#organization"},"image":{"@id":"https:\/\/kominki-elektryczne.pl\/blog\/es\/2025\/05\/29\/chimeneas-electricas-como-fuente-de-calor-ecologica-ahorro-y-confort\/#primaryimage"},"thumbnailUrl":"https:\/\/kominki-elektryczne.pl\/blog\/wp-content\/uploads\/2025\/05\/Royal-3D_room-shot.jpg","keywords":["chimenea cerrada","chimenea cl\u00e1sica","chimenea electrica","Chimeneas el\u00e9ctricas aflamo","chimeneas el\u00e9ctricas con sonido","chimeneas el\u00e9ctricas Majestic Pro","chimeneas el\u00e9ctricas Royal Pro"],"inLanguage":"pl-PL"},{"@type":"WebPage","@id":"https:\/\/kominki-elektryczne.pl\/blog\/es\/2025\/05\/29\/chimeneas-electricas-como-fuente-de-calor-ecologica-ahorro-y-confort\/","url":"https:\/\/kominki-elektryczne.pl\/blog\/es\/2025\/05\/29\/chimeneas-electricas-como-fuente-de-calor-ecologica-ahorro-y-confort\/","name":"Chimeneas el\u00e9ctricas como fuente de calor ecol\u00f3gica: ahorro y confort - Kominki-Elektryczne.pl","isPartOf":{"@id":"https:\/\/kominki-elektryczne.pl\/blog\/#website"},"primaryImageOfPage":{"@id":"https:\/\/kominki-elektryczne.pl\/blog\/es\/2025\/05\/29\/chimeneas-electricas-como-fuente-de-calor-ecologica-ahorro-y-confort\/#primaryimage"},"image":{"@id":"https:\/\/kominki-elektryczne.pl\/blog\/es\/2025\/05\/29\/chimeneas-electricas-como-fuente-de-calor-ecologica-ahorro-y-confort\/#primaryimage"},"thumbnailUrl":"https:\/\/kominki-elektryczne.pl\/blog\/wp-content\/uploads\/2025\/05\/Royal-3D_room-shot.jpg","datePublished":"2025-05-29T08:52:16+00:00","dateModified":"2025-05-29T08:52:17+00:00","breadcrumb":{"@id":"https:\/\/kominki-elektryczne.pl\/blog\/es\/2025\/05\/29\/chimeneas-electricas-como-fuente-de-calor-ecologica-ahorro-y-confort\/#breadcrumb"},"inLanguage":"pl-PL","potentialAction":[{"@type":"ReadAction","target":["https:\/\/kominki-elektryczne.pl\/blog\/es\/2025\/05\/29\/chimeneas-electricas-como-fuente-de-calor-ecologica-ahorro-y-confort\/"]}]},{"@type":"ImageObject","inLanguage":"pl-PL","@id":"https:\/\/kominki-elektryczne.pl\/blog\/es\/2025\/05\/29\/chimeneas-electricas-como-fuente-de-calor-ecologica-ahorro-y-confort\/#primaryimage","url":"https:\/\/kominki-elektryczne.pl\/blog\/wp-content\/uploads\/2025\/05\/Royal-3D_room-shot.jpg","contentUrl":"https:\/\/kominki-elektryczne.pl\/blog\/wp-content\/uploads\/2025\/05\/Royal-3D_room-shot.jpg","width":2048,"height":1152},{"@type":"BreadcrumbList","@id":"https:\/\/kominki-elektryczne.pl\/blog\/es\/2025\/05\/29\/chimeneas-electricas-como-fuente-de-calor-ecologica-ahorro-y-confort\/#breadcrumb","itemListElement":[{"@type":"ListItem","position":1,"name":"Strona g\u0142\u00f3wna","item":"https:\/\/kominki-elektryczne.pl\/blog\/"},{"@type":"ListItem","position":2,"name":"Chimeneas el\u00e9ctricas como fuente de calor ecol\u00f3gica: ahorro y confort"}]},{"@type":"WebSite","@id":"https:\/\/kominki-elektryczne.pl\/blog\/#website","url":"https:\/\/kominki-elektryczne.pl\/blog\/","name":"Kominki-Elektryczne.pl","description":"Opisy - Porady - Recenzje","publisher":{"@id":"https:\/\/kominki-elektryczne.pl\/blog\/#organization"},"potentialAction":[{"@type":"SearchAction","target":{"@type":"EntryPoint","urlTemplate":"https:\/\/kominki-elektryczne.pl\/blog\/?s={search_term_string}"},"query-input":{"@type":"PropertyValueSpecification","valueRequired":true,"valueName":"search_term_string"}}],"inLanguage":"pl-PL"},{"@type":"Organization","@id":"https:\/\/kominki-elektryczne.pl\/blog\/#organization","name":"Kominki-Elektryczne.pl","url":"https:\/\/kominki-elektryczne.pl\/blog\/","logo":{"@type":"ImageObject","inLanguage":"pl-PL","@id":"https:\/\/kominki-elektryczne.pl\/blog\/#\/schema\/logo\/image\/","url":"https:\/\/kominki-elektryczne.pl\/blog\/wp-content\/uploads\/2025\/04\/cropped-LogoAflamo.jpg","contentUrl":"https:\/\/kominki-elektryczne.pl\/blog\/wp-content\/uploads\/2025\/04\/cropped-LogoAflamo.jpg","width":200,"height":58,"caption":"Kominki-Elektryczne.pl"},"image":{"@id":"https:\/\/kominki-elektryczne.pl\/blog\/#\/schema\/logo\/image\/"},"sameAs":["https:\/\/www.facebook.com\/elektrycznekominki"]},{"@type":"Person","@id":"https:\/\/kominki-elektryczne.pl\/blog\/#\/schema\/person\/045e7544e3e90364f5f82cc509123089","name":"Kominkowy","image":{"@type":"ImageObject","inLanguage":"pl-PL","@id":"https:\/\/kominki-elektryczne.pl\/blog\/#\/schema\/person\/image\/","url":"https:\/\/secure.gravatar.com\/avatar\/8c15720599195e8ba4119df2db28ce7e?s=96&d=mm&r=g","contentUrl":"https:\/\/secure.gravatar.com\/avatar\/8c15720599195e8ba4119df2db28ce7e?s=96&d=mm&r=g","caption":"Kominkowy"},"sameAs":["http:\/\/www.kominki-elektryczne.pl"],"url":"https:\/\/kominki-elektryczne.pl\/blog\/author\/led-handel\/"}]}},"_links":{"self":[{"href":"https:\/\/kominki-elektryczne.pl\/blog\/wp-json\/wp\/v2\/posts\/1061","targetHints":{"allow":["GET"]}}],"collection":[{"href":"https:\/\/kominki-elektryczne.pl\/blog\/wp-json\/wp\/v2\/posts"}],"about":[{"href":"https:\/\/kominki-elektryczne.pl\/blog\/wp-json\/wp\/v2\/types\/post"}],"author":[{"embeddable":true,"href":"https:\/\/kominki-elektryczne.pl\/blog\/wp-json\/wp\/v2\/users\/1"}],"replies":[{"embeddable":true,"href":"https:\/\/kominki-elektryczne.pl\/blog\/wp-json\/wp\/v2\/comments?post=1061"}],"version-history":[{"count":1,"href":"https:\/\/kominki-elektryczne.pl\/blog\/wp-json\/wp\/v2\/posts\/1061\/revisions"}],"predecessor-version":[{"id":1062,"href":"https:\/\/kominki-elektryczne.pl\/blog\/wp-json\/wp\/v2\/posts\/1061\/revisions\/1062"}],"wp:featuredmedia":[{"embeddable":true,"href":"https:\/\/kominki-elektryczne.pl\/blog\/wp-json\/wp\/v2\/media\/1057"}],"wp:attachment":[{"href":"https:\/\/kominki-elektryczne.pl\/blog\/wp-json\/wp\/v2\/media?parent=1061"}],"wp:term":[{"taxonomy":"category","embeddable":true,"href":"https:\/\/kominki-elektryczne.pl\/blog\/wp-json\/wp\/v2\/categories?post=1061"},{"taxonomy":"post_tag","embeddable":true,"href":"https:\/\/kominki-elektryczne.pl\/blog\/wp-json\/wp\/v2\/tags?post=1061"}],"curies":[{"name":"wp","href":"https:\/\/api.w.org\/{rel}","templated":true}]}}