{"id":1073,"date":"2025-06-05T11:23:43","date_gmt":"2025-06-05T09:23:43","guid":{"rendered":"https:\/\/kominki-elektryczne.pl\/blog\/?p=1073"},"modified":"2025-06-05T11:23:44","modified_gmt":"2025-06-05T09:23:44","slug":"chimenea-electrica-y-ecologia-es-una-solucion-respetuosa-con-el-medio-ambiente","status":"publish","type":"post","link":"https:\/\/kominki-elektryczne.pl\/blog\/es\/2025\/06\/05\/chimenea-electrica-y-ecologia-es-una-solucion-respetuosa-con-el-medio-ambiente\/","title":{"rendered":"Chimenea el\u00e9ctrica y ecolog\u00eda: \u00bfes una soluci\u00f3n respetuosa con el medio ambiente?"},"content":{"rendered":"\n<p>Hoy en d\u00eda, cada vez m\u00e1s personas buscan soluciones ecol\u00f3gicas para sus hogares. Al elegir una fuente de calor, conviene considerar si una chimenea de le\u00f1a tradicional es la mejor opci\u00f3n para el medio ambiente. Afortunadamente, existen chimeneas el\u00e9ctricas modernas en el mercado que combinan comodidad de uso, seguridad y cuidado del planeta. Las chimeneas el\u00e9ctricas Aflamo destacan en este aspecto y son cada vez m\u00e1s populares entre los consumidores conscientes.<\/p>\n\n\n\n<figure class=\"wp-block-image size-large\"><img decoding=\"async\" src=\"https:\/\/kominki-elektryczne.com.pl\/wp-content\/uploads\/2025\/04\/Unique_room-shot_2-2-1024x576.jpg\" alt=\"Chimenea el\u00e9ctrica unique\" class=\"wp-image-1725\"\/><\/figure>\n\n\n\n<h2 class=\"wp-block-heading\">Chimenea el\u00e9ctrica: limpieza y sin emisiones de sustancias nocivas<\/h2>\n\n\n\n<p>Una de las mayores ventajas de una chimenea el\u00e9ctrica es la ausencia de emisiones de escape, humo y di\u00f3xido de carbono. A diferencia de las chimeneas tradicionales, las chimeneas el\u00e9ctricas Aflamo no producen sustancias nocivas que puedan contaminar el aire dentro y fuera del hogar. Esto es una excelente noticia para quienes se preocupan por el medio ambiente y la salud de sus seres queridos: no tienen que preocuparse por el smog, el holl\u00edn ni las cenizas.<\/p>\n\n\n\n<h2 class=\"wp-block-heading\">Eficiencia energ\u00e9tica y tecnolog\u00eda moderna<\/h2>\n\n\n\n<p>Las <a href=\"https:\/\/www.kominki-elektryczne.pl\/es\/?controllerUri=index\" rel=\"nofollow\">chimeneas el\u00e9ctricas Aflamo <\/a>utilizan tecnolog\u00edas LED de bajo consumo, gracias a las cuales el consumo de energ\u00eda es m\u00ednimo. El efecto llama, que crea una atm\u00f3sfera \u00fanica en la habitaci\u00f3n, genera costos muy bajos: se estima que solo cuesta entre 1 y 2 centavos por hora de funcionamiento, seg\u00fan el modelo. Adem\u00e1s, la chimenea el\u00e9ctrica puede funcionar con energ\u00eda de fuentes renovables, como la fotovoltaica, lo que aumenta a\u00fan m\u00e1s su potencial ecol\u00f3gico.<\/p>\n\n\n\n<h2 class=\"wp-block-heading\">Seguridad y comodidad de uso<\/h2>\n\n\n\n<p>Las chimeneas el\u00e9ctricas Aflamo no solo son ecol\u00f3gicas, sino tambi\u00e9n seguras. El cristal de la chimenea no se calienta, lo cual es especialmente importante en hogares con ni\u00f1os o mascotas. La ausencia de fuego abierto elimina el riesgo de incendio, y las funciones modernas, como el sensor de ventana abierta o la protecci\u00f3n contra sobrecalentamiento, aumentan la comodidad y la seguridad en el uso diario.<\/p>\n\n\n\n<h2 class=\"wp-block-heading\">Chimenea el\u00e9ctrica Aflamo: calidez y estilo ecol\u00f3gicos<\/h2>\n\n\n\n<p>Al elegir una chimenea el\u00e9ctrica Aflamo, invierte en una soluci\u00f3n que combina el cuidado del medio ambiente con la comodidad y la est\u00e9tica. Estas chimeneas no requieren conexi\u00f3n a una chimenea, no generan residuos ni contaminan el aire. Gracias a una amplia gama de modelos, puede adaptarla f\u00e1cilmente a cualquier interior, desde el cl\u00e1sico hasta el moderno.<\/p>\n\n\n\n<h2 class=\"wp-block-heading\">Resumen<\/h2>\n\n\n\n<p>Las chimeneas el\u00e9ctricas son la respuesta a las necesidades de los usuarios modernos y conscientes. La chimenea el\u00e9ctrica Aflamo no solo es un equipo elegante, sino sobre todo una fuente de calor ecol\u00f3gica que no da\u00f1a el medio ambiente y le permite disfrutar de un ambiente acogedor sin remordimientos. Si le importa el aire limpio, la seguridad de los miembros de su hogar y las soluciones modernas, las chimeneas el\u00e9ctricas Aflamo son una excelente opci\u00f3n.<\/p>\n","protected":false},"excerpt":{"rendered":"<p>Hoy en d\u00eda, cada vez m\u00e1s personas buscan soluciones ecol\u00f3gicas para sus hogares. Al elegir una fuente de calor, conviene considerar si una chimenea de le\u00f1a tradicional es la mejor opci\u00f3n para el medio ambiente. Afortunadamente, existen chimeneas el\u00e9ctricas modernas en el mercado que combinan &hellip; <\/p>\n","protected":false},"author":1,"featured_media":822,"comment_status":"closed","ping_status":"closed","sticky":false,"template":"","format":"standard","meta":{"footnotes":""},"categories":[29],"tags":[396,399,401,581,579,742,607,575],"class_list":["post-1073","post","type-post","status-publish","format-standard","has-post-thumbnail","hentry","category-bez-kategorii-es","tag-chimenea-cerrada","tag-chimenea-clasica","tag-chimenea-electrica","tag-chimeneas-electricas-aflamo","tag-chimeneas-electricas-con-sonido","tag-chimeneas-electricas-de-pared-elite","tag-chimeneas-electricas-royal-3d","tag-chimeneas-electricas-royal-pro"],"yoast_head":"<!-- This site is optimized with the Yoast SEO plugin v25.7 - https:\/\/yoast.com\/wordpress\/plugins\/seo\/ -->\n<title>Chimenea el\u00e9ctrica y ecolog\u00eda: \u00bfes una soluci\u00f3n respetuosa con el medio ambiente? - Kominki-Elektryczne.pl<\/title>\n<meta name=\"robots\" content=\"index, follow, max-snippet:-1, max-image-preview:large, max-video-preview:-1\" \/>\n<link rel=\"canonical\" href=\"https:\/\/kominki-elektryczne.pl\/blog\/es\/2025\/06\/05\/chimenea-electrica-y-ecologia-es-una-solucion-respetuosa-con-el-medio-ambiente\/\" \/>\n<meta property=\"og:locale\" content=\"pl_PL\" \/>\n<meta property=\"og:type\" content=\"article\" \/>\n<meta property=\"og:title\" content=\"Chimenea el\u00e9ctrica y ecolog\u00eda: \u00bfes una soluci\u00f3n respetuosa con el medio ambiente? - Kominki-Elektryczne.pl\" \/>\n<meta property=\"og:description\" content=\"Hoy en d\u00eda, cada vez m\u00e1s personas buscan soluciones ecol\u00f3gicas para sus hogares. Al elegir una fuente de calor, conviene considerar si una chimenea de le\u00f1a tradicional es la mejor opci\u00f3n para el medio ambiente. Afortunadamente, existen chimeneas el\u00e9ctricas modernas en el mercado que combinan &hellip;\" \/>\n<meta property=\"og:url\" content=\"https:\/\/kominki-elektryczne.pl\/blog\/es\/2025\/06\/05\/chimenea-electrica-y-ecologia-es-una-solucion-respetuosa-con-el-medio-ambiente\/\" \/>\n<meta property=\"og:site_name\" content=\"Kominki-Elektryczne.pl\" \/>\n<meta property=\"article:publisher\" content=\"https:\/\/www.facebook.com\/elektrycznekominki\" \/>\n<meta property=\"article:published_time\" content=\"2025-06-05T09:23:43+00:00\" \/>\n<meta property=\"article:modified_time\" content=\"2025-06-05T09:23:44+00:00\" \/>\n<meta property=\"og:image\" content=\"https:\/\/kominki-elektryczne.pl\/blog\/wp-content\/uploads\/2024\/10\/ROYAL_PRO_aranzacja_2.jpg\" \/>\n\t<meta property=\"og:image:width\" content=\"2058\" \/>\n\t<meta property=\"og:image:height\" content=\"1185\" \/>\n\t<meta property=\"og:image:type\" content=\"image\/jpeg\" \/>\n<meta name=\"author\" content=\"Kominkowy\" \/>\n<meta name=\"twitter:card\" content=\"summary_large_image\" \/>\n<meta name=\"twitter:label1\" content=\"Napisane przez\" \/>\n\t<meta name=\"twitter:data1\" content=\"Kominkowy\" \/>\n\t<meta name=\"twitter:label2\" content=\"Szacowany czas czytania\" \/>\n\t<meta name=\"twitter:data2\" content=\"2 minuty\" \/>\n<script type=\"application\/ld+json\" class=\"yoast-schema-graph\">{\"@context\":\"https:\/\/schema.org\",\"@graph\":[{\"@type\":\"Article\",\"@id\":\"https:\/\/kominki-elektryczne.pl\/blog\/es\/2025\/06\/05\/chimenea-electrica-y-ecologia-es-una-solucion-respetuosa-con-el-medio-ambiente\/#article\",\"isPartOf\":{\"@id\":\"https:\/\/kominki-elektryczne.pl\/blog\/es\/2025\/06\/05\/chimenea-electrica-y-ecologia-es-una-solucion-respetuosa-con-el-medio-ambiente\/\"},\"author\":{\"name\":\"Kominkowy\",\"@id\":\"https:\/\/kominki-elektryczne.pl\/blog\/#\/schema\/person\/045e7544e3e90364f5f82cc509123089\"},\"headline\":\"Chimenea el\u00e9ctrica y ecolog\u00eda: \u00bfes una soluci\u00f3n respetuosa con el medio ambiente?\",\"datePublished\":\"2025-06-05T09:23:43+00:00\",\"dateModified\":\"2025-06-05T09:23:44+00:00\",\"mainEntityOfPage\":{\"@id\":\"https:\/\/kominki-elektryczne.pl\/blog\/es\/2025\/06\/05\/chimenea-electrica-y-ecologia-es-una-solucion-respetuosa-con-el-medio-ambiente\/\"},\"wordCount\":506,\"publisher\":{\"@id\":\"https:\/\/kominki-elektryczne.pl\/blog\/#organization\"},\"image\":{\"@id\":\"https:\/\/kominki-elektryczne.pl\/blog\/es\/2025\/06\/05\/chimenea-electrica-y-ecologia-es-una-solucion-respetuosa-con-el-medio-ambiente\/#primaryimage\"},\"thumbnailUrl\":\"https:\/\/kominki-elektryczne.pl\/blog\/wp-content\/uploads\/2024\/10\/ROYAL_PRO_aranzacja_2.jpg\",\"keywords\":[\"chimenea cerrada\",\"chimenea cl\u00e1sica\",\"chimenea electrica\",\"Chimeneas el\u00e9ctricas aflamo\",\"chimeneas el\u00e9ctricas con sonido\",\"Chimeneas el\u00e9ctricas de pared elite\",\"chimeneas el\u00e9ctricas Royal 3D\",\"chimeneas el\u00e9ctricas Royal Pro\"],\"inLanguage\":\"pl-PL\"},{\"@type\":\"WebPage\",\"@id\":\"https:\/\/kominki-elektryczne.pl\/blog\/es\/2025\/06\/05\/chimenea-electrica-y-ecologia-es-una-solucion-respetuosa-con-el-medio-ambiente\/\",\"url\":\"https:\/\/kominki-elektryczne.pl\/blog\/es\/2025\/06\/05\/chimenea-electrica-y-ecologia-es-una-solucion-respetuosa-con-el-medio-ambiente\/\",\"name\":\"Chimenea el\u00e9ctrica y ecolog\u00eda: \u00bfes una soluci\u00f3n respetuosa con el medio ambiente? - Kominki-Elektryczne.pl\",\"isPartOf\":{\"@id\":\"https:\/\/kominki-elektryczne.pl\/blog\/#website\"},\"primaryImageOfPage\":{\"@id\":\"https:\/\/kominki-elektryczne.pl\/blog\/es\/2025\/06\/05\/chimenea-electrica-y-ecologia-es-una-solucion-respetuosa-con-el-medio-ambiente\/#primaryimage\"},\"image\":{\"@id\":\"https:\/\/kominki-elektryczne.pl\/blog\/es\/2025\/06\/05\/chimenea-electrica-y-ecologia-es-una-solucion-respetuosa-con-el-medio-ambiente\/#primaryimage\"},\"thumbnailUrl\":\"https:\/\/kominki-elektryczne.pl\/blog\/wp-content\/uploads\/2024\/10\/ROYAL_PRO_aranzacja_2.jpg\",\"datePublished\":\"2025-06-05T09:23:43+00:00\",\"dateModified\":\"2025-06-05T09:23:44+00:00\",\"breadcrumb\":{\"@id\":\"https:\/\/kominki-elektryczne.pl\/blog\/es\/2025\/06\/05\/chimenea-electrica-y-ecologia-es-una-solucion-respetuosa-con-el-medio-ambiente\/#breadcrumb\"},\"inLanguage\":\"pl-PL\",\"potentialAction\":[{\"@type\":\"ReadAction\",\"target\":[\"https:\/\/kominki-elektryczne.pl\/blog\/es\/2025\/06\/05\/chimenea-electrica-y-ecologia-es-una-solucion-respetuosa-con-el-medio-ambiente\/\"]}]},{\"@type\":\"ImageObject\",\"inLanguage\":\"pl-PL\",\"@id\":\"https:\/\/kominki-elektryczne.pl\/blog\/es\/2025\/06\/05\/chimenea-electrica-y-ecologia-es-una-solucion-respetuosa-con-el-medio-ambiente\/#primaryimage\",\"url\":\"https:\/\/kominki-elektryczne.pl\/blog\/wp-content\/uploads\/2024\/10\/ROYAL_PRO_aranzacja_2.jpg\",\"contentUrl\":\"https:\/\/kominki-elektryczne.pl\/blog\/wp-content\/uploads\/2024\/10\/ROYAL_PRO_aranzacja_2.jpg\",\"width\":2058,\"height\":1185},{\"@type\":\"BreadcrumbList\",\"@id\":\"https:\/\/kominki-elektryczne.pl\/blog\/es\/2025\/06\/05\/chimenea-electrica-y-ecologia-es-una-solucion-respetuosa-con-el-medio-ambiente\/#breadcrumb\",\"itemListElement\":[{\"@type\":\"ListItem\",\"position\":1,\"name\":\"Strona g\u0142\u00f3wna\",\"item\":\"https:\/\/kominki-elektryczne.pl\/blog\/\"},{\"@type\":\"ListItem\",\"position\":2,\"name\":\"Chimenea el\u00e9ctrica y ecolog\u00eda: \u00bfes una soluci\u00f3n respetuosa con el medio ambiente?\"}]},{\"@type\":\"WebSite\",\"@id\":\"https:\/\/kominki-elektryczne.pl\/blog\/#website\",\"url\":\"https:\/\/kominki-elektryczne.pl\/blog\/\",\"name\":\"Kominki-Elektryczne.pl\",\"description\":\"Opisy - Porady - Recenzje\",\"publisher\":{\"@id\":\"https:\/\/kominki-elektryczne.pl\/blog\/#organization\"},\"potentialAction\":[{\"@type\":\"SearchAction\",\"target\":{\"@type\":\"EntryPoint\",\"urlTemplate\":\"https:\/\/kominki-elektryczne.pl\/blog\/?s={search_term_string}\"},\"query-input\":{\"@type\":\"PropertyValueSpecification\",\"valueRequired\":true,\"valueName\":\"search_term_string\"}}],\"inLanguage\":\"pl-PL\"},{\"@type\":\"Organization\",\"@id\":\"https:\/\/kominki-elektryczne.pl\/blog\/#organization\",\"name\":\"Kominki-Elektryczne.pl\",\"url\":\"https:\/\/kominki-elektryczne.pl\/blog\/\",\"logo\":{\"@type\":\"ImageObject\",\"inLanguage\":\"pl-PL\",\"@id\":\"https:\/\/kominki-elektryczne.pl\/blog\/#\/schema\/logo\/image\/\",\"url\":\"https:\/\/kominki-elektryczne.pl\/blog\/wp-content\/uploads\/2025\/04\/cropped-LogoAflamo.jpg\",\"contentUrl\":\"https:\/\/kominki-elektryczne.pl\/blog\/wp-content\/uploads\/2025\/04\/cropped-LogoAflamo.jpg\",\"width\":200,\"height\":58,\"caption\":\"Kominki-Elektryczne.pl\"},\"image\":{\"@id\":\"https:\/\/kominki-elektryczne.pl\/blog\/#\/schema\/logo\/image\/\"},\"sameAs\":[\"https:\/\/www.facebook.com\/elektrycznekominki\"]},{\"@type\":\"Person\",\"@id\":\"https:\/\/kominki-elektryczne.pl\/blog\/#\/schema\/person\/045e7544e3e90364f5f82cc509123089\",\"name\":\"Kominkowy\",\"image\":{\"@type\":\"ImageObject\",\"inLanguage\":\"pl-PL\",\"@id\":\"https:\/\/kominki-elektryczne.pl\/blog\/#\/schema\/person\/image\/\",\"url\":\"https:\/\/secure.gravatar.com\/avatar\/8c15720599195e8ba4119df2db28ce7e?s=96&d=mm&r=g\",\"contentUrl\":\"https:\/\/secure.gravatar.com\/avatar\/8c15720599195e8ba4119df2db28ce7e?s=96&d=mm&r=g\",\"caption\":\"Kominkowy\"},\"sameAs\":[\"http:\/\/www.kominki-elektryczne.pl\"],\"url\":\"https:\/\/kominki-elektryczne.pl\/blog\/author\/led-handel\/\"}]}<\/script>\n<!-- \/ Yoast SEO plugin. -->","yoast_head_json":{"title":"Chimenea el\u00e9ctrica y ecolog\u00eda: \u00bfes una soluci\u00f3n respetuosa con el medio ambiente? - Kominki-Elektryczne.pl","robots":{"index":"index","follow":"follow","max-snippet":"max-snippet:-1","max-image-preview":"max-image-preview:large","max-video-preview":"max-video-preview:-1"},"canonical":"https:\/\/kominki-elektryczne.pl\/blog\/es\/2025\/06\/05\/chimenea-electrica-y-ecologia-es-una-solucion-respetuosa-con-el-medio-ambiente\/","og_locale":"pl_PL","og_type":"article","og_title":"Chimenea el\u00e9ctrica y ecolog\u00eda: \u00bfes una soluci\u00f3n respetuosa con el medio ambiente? - Kominki-Elektryczne.pl","og_description":"Hoy en d\u00eda, cada vez m\u00e1s personas buscan soluciones ecol\u00f3gicas para sus hogares. Al elegir una fuente de calor, conviene considerar si una chimenea de le\u00f1a tradicional es la mejor opci\u00f3n para el medio ambiente. Afortunadamente, existen chimeneas el\u00e9ctricas modernas en el mercado que combinan &hellip;","og_url":"https:\/\/kominki-elektryczne.pl\/blog\/es\/2025\/06\/05\/chimenea-electrica-y-ecologia-es-una-solucion-respetuosa-con-el-medio-ambiente\/","og_site_name":"Kominki-Elektryczne.pl","article_publisher":"https:\/\/www.facebook.com\/elektrycznekominki","article_published_time":"2025-06-05T09:23:43+00:00","article_modified_time":"2025-06-05T09:23:44+00:00","og_image":[{"width":2058,"height":1185,"url":"https:\/\/kominki-elektryczne.pl\/blog\/wp-content\/uploads\/2024\/10\/ROYAL_PRO_aranzacja_2.jpg","type":"image\/jpeg"}],"author":"Kominkowy","twitter_card":"summary_large_image","twitter_misc":{"Napisane przez":"Kominkowy","Szacowany czas czytania":"2 minuty"},"schema":{"@context":"https:\/\/schema.org","@graph":[{"@type":"Article","@id":"https:\/\/kominki-elektryczne.pl\/blog\/es\/2025\/06\/05\/chimenea-electrica-y-ecologia-es-una-solucion-respetuosa-con-el-medio-ambiente\/#article","isPartOf":{"@id":"https:\/\/kominki-elektryczne.pl\/blog\/es\/2025\/06\/05\/chimenea-electrica-y-ecologia-es-una-solucion-respetuosa-con-el-medio-ambiente\/"},"author":{"name":"Kominkowy","@id":"https:\/\/kominki-elektryczne.pl\/blog\/#\/schema\/person\/045e7544e3e90364f5f82cc509123089"},"headline":"Chimenea el\u00e9ctrica y ecolog\u00eda: \u00bfes una soluci\u00f3n respetuosa con el medio ambiente?","datePublished":"2025-06-05T09:23:43+00:00","dateModified":"2025-06-05T09:23:44+00:00","mainEntityOfPage":{"@id":"https:\/\/kominki-elektryczne.pl\/blog\/es\/2025\/06\/05\/chimenea-electrica-y-ecologia-es-una-solucion-respetuosa-con-el-medio-ambiente\/"},"wordCount":506,"publisher":{"@id":"https:\/\/kominki-elektryczne.pl\/blog\/#organization"},"image":{"@id":"https:\/\/kominki-elektryczne.pl\/blog\/es\/2025\/06\/05\/chimenea-electrica-y-ecologia-es-una-solucion-respetuosa-con-el-medio-ambiente\/#primaryimage"},"thumbnailUrl":"https:\/\/kominki-elektryczne.pl\/blog\/wp-content\/uploads\/2024\/10\/ROYAL_PRO_aranzacja_2.jpg","keywords":["chimenea cerrada","chimenea cl\u00e1sica","chimenea electrica","Chimeneas el\u00e9ctricas aflamo","chimeneas el\u00e9ctricas con sonido","Chimeneas el\u00e9ctricas de pared elite","chimeneas el\u00e9ctricas Royal 3D","chimeneas el\u00e9ctricas Royal Pro"],"inLanguage":"pl-PL"},{"@type":"WebPage","@id":"https:\/\/kominki-elektryczne.pl\/blog\/es\/2025\/06\/05\/chimenea-electrica-y-ecologia-es-una-solucion-respetuosa-con-el-medio-ambiente\/","url":"https:\/\/kominki-elektryczne.pl\/blog\/es\/2025\/06\/05\/chimenea-electrica-y-ecologia-es-una-solucion-respetuosa-con-el-medio-ambiente\/","name":"Chimenea el\u00e9ctrica y ecolog\u00eda: \u00bfes una soluci\u00f3n respetuosa con el medio ambiente? - Kominki-Elektryczne.pl","isPartOf":{"@id":"https:\/\/kominki-elektryczne.pl\/blog\/#website"},"primaryImageOfPage":{"@id":"https:\/\/kominki-elektryczne.pl\/blog\/es\/2025\/06\/05\/chimenea-electrica-y-ecologia-es-una-solucion-respetuosa-con-el-medio-ambiente\/#primaryimage"},"image":{"@id":"https:\/\/kominki-elektryczne.pl\/blog\/es\/2025\/06\/05\/chimenea-electrica-y-ecologia-es-una-solucion-respetuosa-con-el-medio-ambiente\/#primaryimage"},"thumbnailUrl":"https:\/\/kominki-elektryczne.pl\/blog\/wp-content\/uploads\/2024\/10\/ROYAL_PRO_aranzacja_2.jpg","datePublished":"2025-06-05T09:23:43+00:00","dateModified":"2025-06-05T09:23:44+00:00","breadcrumb":{"@id":"https:\/\/kominki-elektryczne.pl\/blog\/es\/2025\/06\/05\/chimenea-electrica-y-ecologia-es-una-solucion-respetuosa-con-el-medio-ambiente\/#breadcrumb"},"inLanguage":"pl-PL","potentialAction":[{"@type":"ReadAction","target":["https:\/\/kominki-elektryczne.pl\/blog\/es\/2025\/06\/05\/chimenea-electrica-y-ecologia-es-una-solucion-respetuosa-con-el-medio-ambiente\/"]}]},{"@type":"ImageObject","inLanguage":"pl-PL","@id":"https:\/\/kominki-elektryczne.pl\/blog\/es\/2025\/06\/05\/chimenea-electrica-y-ecologia-es-una-solucion-respetuosa-con-el-medio-ambiente\/#primaryimage","url":"https:\/\/kominki-elektryczne.pl\/blog\/wp-content\/uploads\/2024\/10\/ROYAL_PRO_aranzacja_2.jpg","contentUrl":"https:\/\/kominki-elektryczne.pl\/blog\/wp-content\/uploads\/2024\/10\/ROYAL_PRO_aranzacja_2.jpg","width":2058,"height":1185},{"@type":"BreadcrumbList","@id":"https:\/\/kominki-elektryczne.pl\/blog\/es\/2025\/06\/05\/chimenea-electrica-y-ecologia-es-una-solucion-respetuosa-con-el-medio-ambiente\/#breadcrumb","itemListElement":[{"@type":"ListItem","position":1,"name":"Strona g\u0142\u00f3wna","item":"https:\/\/kominki-elektryczne.pl\/blog\/"},{"@type":"ListItem","position":2,"name":"Chimenea el\u00e9ctrica y ecolog\u00eda: \u00bfes una soluci\u00f3n respetuosa con el medio ambiente?"}]},{"@type":"WebSite","@id":"https:\/\/kominki-elektryczne.pl\/blog\/#website","url":"https:\/\/kominki-elektryczne.pl\/blog\/","name":"Kominki-Elektryczne.pl","description":"Opisy - Porady - Recenzje","publisher":{"@id":"https:\/\/kominki-elektryczne.pl\/blog\/#organization"},"potentialAction":[{"@type":"SearchAction","target":{"@type":"EntryPoint","urlTemplate":"https:\/\/kominki-elektryczne.pl\/blog\/?s={search_term_string}"},"query-input":{"@type":"PropertyValueSpecification","valueRequired":true,"valueName":"search_term_string"}}],"inLanguage":"pl-PL"},{"@type":"Organization","@id":"https:\/\/kominki-elektryczne.pl\/blog\/#organization","name":"Kominki-Elektryczne.pl","url":"https:\/\/kominki-elektryczne.pl\/blog\/","logo":{"@type":"ImageObject","inLanguage":"pl-PL","@id":"https:\/\/kominki-elektryczne.pl\/blog\/#\/schema\/logo\/image\/","url":"https:\/\/kominki-elektryczne.pl\/blog\/wp-content\/uploads\/2025\/04\/cropped-LogoAflamo.jpg","contentUrl":"https:\/\/kominki-elektryczne.pl\/blog\/wp-content\/uploads\/2025\/04\/cropped-LogoAflamo.jpg","width":200,"height":58,"caption":"Kominki-Elektryczne.pl"},"image":{"@id":"https:\/\/kominki-elektryczne.pl\/blog\/#\/schema\/logo\/image\/"},"sameAs":["https:\/\/www.facebook.com\/elektrycznekominki"]},{"@type":"Person","@id":"https:\/\/kominki-elektryczne.pl\/blog\/#\/schema\/person\/045e7544e3e90364f5f82cc509123089","name":"Kominkowy","image":{"@type":"ImageObject","inLanguage":"pl-PL","@id":"https:\/\/kominki-elektryczne.pl\/blog\/#\/schema\/person\/image\/","url":"https:\/\/secure.gravatar.com\/avatar\/8c15720599195e8ba4119df2db28ce7e?s=96&d=mm&r=g","contentUrl":"https:\/\/secure.gravatar.com\/avatar\/8c15720599195e8ba4119df2db28ce7e?s=96&d=mm&r=g","caption":"Kominkowy"},"sameAs":["http:\/\/www.kominki-elektryczne.pl"],"url":"https:\/\/kominki-elektryczne.pl\/blog\/author\/led-handel\/"}]}},"_links":{"self":[{"href":"https:\/\/kominki-elektryczne.pl\/blog\/wp-json\/wp\/v2\/posts\/1073","targetHints":{"allow":["GET"]}}],"collection":[{"href":"https:\/\/kominki-elektryczne.pl\/blog\/wp-json\/wp\/v2\/posts"}],"about":[{"href":"https:\/\/kominki-elektryczne.pl\/blog\/wp-json\/wp\/v2\/types\/post"}],"author":[{"embeddable":true,"href":"https:\/\/kominki-elektryczne.pl\/blog\/wp-json\/wp\/v2\/users\/1"}],"replies":[{"embeddable":true,"href":"https:\/\/kominki-elektryczne.pl\/blog\/wp-json\/wp\/v2\/comments?post=1073"}],"version-history":[{"count":1,"href":"https:\/\/kominki-elektryczne.pl\/blog\/wp-json\/wp\/v2\/posts\/1073\/revisions"}],"predecessor-version":[{"id":1074,"href":"https:\/\/kominki-elektryczne.pl\/blog\/wp-json\/wp\/v2\/posts\/1073\/revisions\/1074"}],"wp:featuredmedia":[{"embeddable":true,"href":"https:\/\/kominki-elektryczne.pl\/blog\/wp-json\/wp\/v2\/media\/822"}],"wp:attachment":[{"href":"https:\/\/kominki-elektryczne.pl\/blog\/wp-json\/wp\/v2\/media?parent=1073"}],"wp:term":[{"taxonomy":"category","embeddable":true,"href":"https:\/\/kominki-elektryczne.pl\/blog\/wp-json\/wp\/v2\/categories?post=1073"},{"taxonomy":"post_tag","embeddable":true,"href":"https:\/\/kominki-elektryczne.pl\/blog\/wp-json\/wp\/v2\/tags?post=1073"}],"curies":[{"name":"wp","href":"https:\/\/api.w.org\/{rel}","templated":true}]}}