{"id":1084,"date":"2025-06-12T10:41:15","date_gmt":"2025-06-12T08:41:15","guid":{"rendered":"https:\/\/kominki-elektryczne.pl\/blog\/?p=1084"},"modified":"2025-06-12T10:41:58","modified_gmt":"2025-06-12T08:41:58","slug":"chimeneas-electricas-aflamo-envio-seguro-y-embalaje-de-primera-calidad","status":"publish","type":"post","link":"https:\/\/kominki-elektryczne.pl\/blog\/es\/2025\/06\/12\/chimeneas-electricas-aflamo-envio-seguro-y-embalaje-de-primera-calidad\/","title":{"rendered":"Chimeneas el\u00e9ctricas AFLAMO: env\u00edo seguro y embalaje de primera calidad"},"content":{"rendered":"\n<p>Las chimeneas el\u00e9ctricas AFLAMO son la soluci\u00f3n perfecta para quienes buscan aparatos de calefacci\u00f3n modernos y funcionales que, adem\u00e1s, sirvan como una decoraci\u00f3n de interiores eficaz. La oferta de la marca incluye, entre otros, chimeneas el\u00e9ctricas empotradas, chimeneas el\u00e9ctricas con carcasa y modelos con efectos de sonido realistas que aumentan la comodidad de uso y crean un ambiente acogedor.<\/p>\n\n\n\n<h2 class=\"wp-block-heading\">Embalaje seguro y estable: garant\u00eda de un producto intacto<\/h2>\n\n\n\n<p>Como fabricante, AFLAMO concede gran importancia al embalaje seguro y estable de sus productos. Cada chimenea el\u00e9ctrica AFLAMO se asegura cuidadosamente tanto para el env\u00edo en paquete como en pal\u00e9. Esto minimiza el riesgo de da\u00f1os durante el transporte, lo que garantiza que los clientes recibir\u00e1n el producto en perfectas condiciones.<\/p>\n\n\n\n<figure class=\"wp-block-image size-full\"><img decoding=\"async\" src=\"https:\/\/kominki-elektryczne.com.pl\/wp-content\/uploads\/2025\/06\/pakowanie1-allegro.png\" alt=\"chimeneas el\u00e9ctricas aflamo\" class=\"wp-image-1831\"\/><\/figure>\n\n\n\n<p>Un embalaje seguro no solo implica un embalaje s\u00f3lido, sino tambi\u00e9n la correcta selecci\u00f3n de transportistas. AFLAMO colabora con empresas de mensajer\u00eda de renombre, como DPD y DSV, lo que permite una entrega r\u00e1pida y segura de chimeneas el\u00e9ctricas a clientes de todo el pa\u00eds.<\/p>\n\n\n\n<p>Si quieres saber c\u00f3mo es este tipo de embalaje, consulta nuestro material m\u00e1s reciente:<br><a href=\"https:\/\/youtube.com\/shorts\/5Zkv7HRAj4c\">EMPAQUETA CON NOSOTROS UNA CHIMENEA AFLAMO<\/a><\/p>\n\n\n\n<figure class=\"wp-block-image size-full\"><img decoding=\"async\" src=\"https:\/\/kominki-elektryczne.com.pl\/wp-content\/uploads\/2025\/06\/palety-pakowanie-allegro-1.png\" alt=\"chimeneas el\u00e9ctricas aflamo\" class=\"wp-image-1830\"\/><\/figure>\n\n\n\n<h2 class=\"wp-block-heading\">Chimenea el\u00e9ctrica empotrada: dise\u00f1o interior moderno<\/h2>\n\n\n\n<p>La <a href=\"https:\/\/www.kominki-elektryczne.pl\/es\/16-chimeneas-led-electricas-de-pared\" rel=\"nofollow\">chimenea el\u00e9ctrica empotrada AFLAMO<\/a> es la opci\u00f3n perfecta para quienes desean integrar el dispositivo en la pared, creando un ambiente moderno y minimalista sin marcos visibles. Los modelos con marco desmontable permiten un cerramiento completo, lo que realza la est\u00e9tica y la funcionalidad del interior. A su vez, la chimenea el\u00e9ctrica con carcasa disponible en la oferta de AFLAMO combina un aspecto cl\u00e1sico con tecnolog\u00eda moderna, ofreciendo una variedad de dise\u00f1os y tama\u00f1os que se adaptan a cualquier estilo.<\/p>\n\n\n\n<h2 class=\"wp-block-heading\">Chimenea el\u00e9ctrica con carcasa: cl\u00e1sica y moderna en uno<\/h2>\n\n\n\n<p>A su vez, la chimenea el\u00e9ctrica con carcasa disponible en la oferta de AFLAMO combina un aspecto cl\u00e1sico con tecnolog\u00eda moderna, ofreciendo una variedad de dise\u00f1os y tama\u00f1os que se adaptan a cualquier estilo.<\/p>\n\n\n\n<h2 class=\"wp-block-heading\">Chimenea el\u00e9ctrica con sonido: un ambiente de fogata realista<\/h2>\n\n\n\n<p>Tambi\u00e9n merece la pena considerar las chimeneas el\u00e9ctricas con sonido, que, gracias a la simulaci\u00f3n del crepitar de la madera, crean un ambiente de fogata extremadamente realista en el sal\u00f3n o la oficina. El control de volumen y los efectos de llama 3D son las caracter\u00edsticas que distinguen a estos modelos en el mercado.<\/p>\n\n\n\n<h2 class=\"wp-block-heading\">Resumen: inversi\u00f3n en comodidad y seguridad<\/h2>\n\n\n\n<p>En resumen, al elegir una chimenea el\u00e9ctrica AFLAMO, el cliente no solo recibe un producto de primera calidad, sino tambi\u00e9n la garant\u00eda de un env\u00edo seguro. El embalaje profesional y la colaboraci\u00f3n con los mejores transportistas garantizan que las chimeneas lleguen a sus destinatarios en perfectas condiciones, listas para instalar y usar. Todo esto convierte a las chimeneas el\u00e9ctricas AFLAMO en una inve<\/p>\n","protected":false},"excerpt":{"rendered":"<p>Las chimeneas el\u00e9ctricas AFLAMO son la soluci\u00f3n perfecta para quienes buscan aparatos de calefacci\u00f3n modernos y funcionales que, adem\u00e1s, sirvan como una decoraci\u00f3n de interiores eficaz. La oferta de la marca incluye, entre otros, chimeneas el\u00e9ctricas empotradas, chimeneas el\u00e9ctricas con carcasa y modelos con efectos &hellip; <\/p>\n","protected":false},"author":1,"featured_media":1080,"comment_status":"closed","ping_status":"closed","sticky":false,"template":"","format":"standard","meta":{"footnotes":""},"categories":[29],"tags":[396,399,401,581,579,742,577,607,575],"class_list":["post-1084","post","type-post","status-publish","format-standard","has-post-thumbnail","hentry","category-bez-kategorii-es","tag-chimenea-cerrada","tag-chimenea-clasica","tag-chimenea-electrica","tag-chimeneas-electricas-aflamo","tag-chimeneas-electricas-con-sonido","tag-chimeneas-electricas-de-pared-elite","tag-chimeneas-electricas-majestic-pro","tag-chimeneas-electricas-royal-3d","tag-chimeneas-electricas-royal-pro"],"yoast_head":"<!-- This site is optimized with the Yoast SEO plugin v25.7 - https:\/\/yoast.com\/wordpress\/plugins\/seo\/ -->\n<title>Chimeneas el\u00e9ctricas AFLAMO: env\u00edo seguro y embalaje de primera calidad - Kominki-Elektryczne.pl<\/title>\n<meta name=\"robots\" content=\"index, follow, max-snippet:-1, max-image-preview:large, max-video-preview:-1\" \/>\n<link rel=\"canonical\" href=\"https:\/\/kominki-elektryczne.pl\/blog\/es\/2025\/06\/12\/chimeneas-electricas-aflamo-envio-seguro-y-embalaje-de-primera-calidad\/\" \/>\n<meta property=\"og:locale\" content=\"pl_PL\" \/>\n<meta property=\"og:type\" content=\"article\" \/>\n<meta property=\"og:title\" content=\"Chimeneas el\u00e9ctricas AFLAMO: env\u00edo seguro y embalaje de primera calidad - Kominki-Elektryczne.pl\" \/>\n<meta property=\"og:description\" content=\"Las chimeneas el\u00e9ctricas AFLAMO son la soluci\u00f3n perfecta para quienes buscan aparatos de calefacci\u00f3n modernos y funcionales que, adem\u00e1s, sirvan como una decoraci\u00f3n de interiores eficaz. La oferta de la marca incluye, entre otros, chimeneas el\u00e9ctricas empotradas, chimeneas el\u00e9ctricas con carcasa y modelos con efectos &hellip;\" \/>\n<meta property=\"og:url\" content=\"https:\/\/kominki-elektryczne.pl\/blog\/es\/2025\/06\/12\/chimeneas-electricas-aflamo-envio-seguro-y-embalaje-de-primera-calidad\/\" \/>\n<meta property=\"og:site_name\" content=\"Kominki-Elektryczne.pl\" \/>\n<meta property=\"article:publisher\" content=\"https:\/\/www.facebook.com\/elektrycznekominki\" \/>\n<meta property=\"article:published_time\" content=\"2025-06-12T08:41:15+00:00\" \/>\n<meta property=\"article:modified_time\" content=\"2025-06-12T08:41:58+00:00\" \/>\n<meta property=\"og:image\" content=\"https:\/\/kominki-elektryczne.pl\/blog\/wp-content\/uploads\/2025\/06\/20240326_135354.jpg\" \/>\n\t<meta property=\"og:image:width\" content=\"1024\" \/>\n\t<meta property=\"og:image:height\" content=\"576\" \/>\n\t<meta property=\"og:image:type\" content=\"image\/jpeg\" \/>\n<meta name=\"author\" content=\"Kominkowy\" \/>\n<meta name=\"twitter:card\" content=\"summary_large_image\" \/>\n<meta name=\"twitter:label1\" content=\"Napisane przez\" \/>\n\t<meta name=\"twitter:data1\" content=\"Kominkowy\" \/>\n\t<meta name=\"twitter:label2\" content=\"Szacowany czas czytania\" \/>\n\t<meta name=\"twitter:data2\" content=\"2 minuty\" \/>\n<script type=\"application\/ld+json\" class=\"yoast-schema-graph\">{\"@context\":\"https:\/\/schema.org\",\"@graph\":[{\"@type\":\"Article\",\"@id\":\"https:\/\/kominki-elektryczne.pl\/blog\/es\/2025\/06\/12\/chimeneas-electricas-aflamo-envio-seguro-y-embalaje-de-primera-calidad\/#article\",\"isPartOf\":{\"@id\":\"https:\/\/kominki-elektryczne.pl\/blog\/es\/2025\/06\/12\/chimeneas-electricas-aflamo-envio-seguro-y-embalaje-de-primera-calidad\/\"},\"author\":{\"name\":\"Kominkowy\",\"@id\":\"https:\/\/kominki-elektryczne.pl\/blog\/#\/schema\/person\/045e7544e3e90364f5f82cc509123089\"},\"headline\":\"Chimeneas el\u00e9ctricas AFLAMO: env\u00edo seguro y embalaje de primera calidad\",\"datePublished\":\"2025-06-12T08:41:15+00:00\",\"dateModified\":\"2025-06-12T08:41:58+00:00\",\"mainEntityOfPage\":{\"@id\":\"https:\/\/kominki-elektryczne.pl\/blog\/es\/2025\/06\/12\/chimeneas-electricas-aflamo-envio-seguro-y-embalaje-de-primera-calidad\/\"},\"wordCount\":508,\"publisher\":{\"@id\":\"https:\/\/kominki-elektryczne.pl\/blog\/#organization\"},\"image\":{\"@id\":\"https:\/\/kominki-elektryczne.pl\/blog\/es\/2025\/06\/12\/chimeneas-electricas-aflamo-envio-seguro-y-embalaje-de-primera-calidad\/#primaryimage\"},\"thumbnailUrl\":\"https:\/\/kominki-elektryczne.pl\/blog\/wp-content\/uploads\/2025\/06\/20240326_135354.jpg\",\"keywords\":[\"chimenea cerrada\",\"chimenea cl\u00e1sica\",\"chimenea electrica\",\"Chimeneas el\u00e9ctricas aflamo\",\"chimeneas el\u00e9ctricas con sonido\",\"Chimeneas el\u00e9ctricas de pared elite\",\"chimeneas el\u00e9ctricas Majestic Pro\",\"chimeneas el\u00e9ctricas Royal 3D\",\"chimeneas el\u00e9ctricas Royal Pro\"],\"inLanguage\":\"pl-PL\"},{\"@type\":\"WebPage\",\"@id\":\"https:\/\/kominki-elektryczne.pl\/blog\/es\/2025\/06\/12\/chimeneas-electricas-aflamo-envio-seguro-y-embalaje-de-primera-calidad\/\",\"url\":\"https:\/\/kominki-elektryczne.pl\/blog\/es\/2025\/06\/12\/chimeneas-electricas-aflamo-envio-seguro-y-embalaje-de-primera-calidad\/\",\"name\":\"Chimeneas el\u00e9ctricas AFLAMO: env\u00edo seguro y embalaje de primera calidad - Kominki-Elektryczne.pl\",\"isPartOf\":{\"@id\":\"https:\/\/kominki-elektryczne.pl\/blog\/#website\"},\"primaryImageOfPage\":{\"@id\":\"https:\/\/kominki-elektryczne.pl\/blog\/es\/2025\/06\/12\/chimeneas-electricas-aflamo-envio-seguro-y-embalaje-de-primera-calidad\/#primaryimage\"},\"image\":{\"@id\":\"https:\/\/kominki-elektryczne.pl\/blog\/es\/2025\/06\/12\/chimeneas-electricas-aflamo-envio-seguro-y-embalaje-de-primera-calidad\/#primaryimage\"},\"thumbnailUrl\":\"https:\/\/kominki-elektryczne.pl\/blog\/wp-content\/uploads\/2025\/06\/20240326_135354.jpg\",\"datePublished\":\"2025-06-12T08:41:15+00:00\",\"dateModified\":\"2025-06-12T08:41:58+00:00\",\"breadcrumb\":{\"@id\":\"https:\/\/kominki-elektryczne.pl\/blog\/es\/2025\/06\/12\/chimeneas-electricas-aflamo-envio-seguro-y-embalaje-de-primera-calidad\/#breadcrumb\"},\"inLanguage\":\"pl-PL\",\"potentialAction\":[{\"@type\":\"ReadAction\",\"target\":[\"https:\/\/kominki-elektryczne.pl\/blog\/es\/2025\/06\/12\/chimeneas-electricas-aflamo-envio-seguro-y-embalaje-de-primera-calidad\/\"]}]},{\"@type\":\"ImageObject\",\"inLanguage\":\"pl-PL\",\"@id\":\"https:\/\/kominki-elektryczne.pl\/blog\/es\/2025\/06\/12\/chimeneas-electricas-aflamo-envio-seguro-y-embalaje-de-primera-calidad\/#primaryimage\",\"url\":\"https:\/\/kominki-elektryczne.pl\/blog\/wp-content\/uploads\/2025\/06\/20240326_135354.jpg\",\"contentUrl\":\"https:\/\/kominki-elektryczne.pl\/blog\/wp-content\/uploads\/2025\/06\/20240326_135354.jpg\",\"width\":1024,\"height\":576},{\"@type\":\"BreadcrumbList\",\"@id\":\"https:\/\/kominki-elektryczne.pl\/blog\/es\/2025\/06\/12\/chimeneas-electricas-aflamo-envio-seguro-y-embalaje-de-primera-calidad\/#breadcrumb\",\"itemListElement\":[{\"@type\":\"ListItem\",\"position\":1,\"name\":\"Strona g\u0142\u00f3wna\",\"item\":\"https:\/\/kominki-elektryczne.pl\/blog\/\"},{\"@type\":\"ListItem\",\"position\":2,\"name\":\"Chimeneas el\u00e9ctricas AFLAMO: env\u00edo seguro y embalaje de primera calidad\"}]},{\"@type\":\"WebSite\",\"@id\":\"https:\/\/kominki-elektryczne.pl\/blog\/#website\",\"url\":\"https:\/\/kominki-elektryczne.pl\/blog\/\",\"name\":\"Kominki-Elektryczne.pl\",\"description\":\"Opisy - Porady - Recenzje\",\"publisher\":{\"@id\":\"https:\/\/kominki-elektryczne.pl\/blog\/#organization\"},\"potentialAction\":[{\"@type\":\"SearchAction\",\"target\":{\"@type\":\"EntryPoint\",\"urlTemplate\":\"https:\/\/kominki-elektryczne.pl\/blog\/?s={search_term_string}\"},\"query-input\":{\"@type\":\"PropertyValueSpecification\",\"valueRequired\":true,\"valueName\":\"search_term_string\"}}],\"inLanguage\":\"pl-PL\"},{\"@type\":\"Organization\",\"@id\":\"https:\/\/kominki-elektryczne.pl\/blog\/#organization\",\"name\":\"Kominki-Elektryczne.pl\",\"url\":\"https:\/\/kominki-elektryczne.pl\/blog\/\",\"logo\":{\"@type\":\"ImageObject\",\"inLanguage\":\"pl-PL\",\"@id\":\"https:\/\/kominki-elektryczne.pl\/blog\/#\/schema\/logo\/image\/\",\"url\":\"https:\/\/kominki-elektryczne.pl\/blog\/wp-content\/uploads\/2025\/04\/cropped-LogoAflamo.jpg\",\"contentUrl\":\"https:\/\/kominki-elektryczne.pl\/blog\/wp-content\/uploads\/2025\/04\/cropped-LogoAflamo.jpg\",\"width\":200,\"height\":58,\"caption\":\"Kominki-Elektryczne.pl\"},\"image\":{\"@id\":\"https:\/\/kominki-elektryczne.pl\/blog\/#\/schema\/logo\/image\/\"},\"sameAs\":[\"https:\/\/www.facebook.com\/elektrycznekominki\"]},{\"@type\":\"Person\",\"@id\":\"https:\/\/kominki-elektryczne.pl\/blog\/#\/schema\/person\/045e7544e3e90364f5f82cc509123089\",\"name\":\"Kominkowy\",\"image\":{\"@type\":\"ImageObject\",\"inLanguage\":\"pl-PL\",\"@id\":\"https:\/\/kominki-elektryczne.pl\/blog\/#\/schema\/person\/image\/\",\"url\":\"https:\/\/secure.gravatar.com\/avatar\/8c15720599195e8ba4119df2db28ce7e?s=96&d=mm&r=g\",\"contentUrl\":\"https:\/\/secure.gravatar.com\/avatar\/8c15720599195e8ba4119df2db28ce7e?s=96&d=mm&r=g\",\"caption\":\"Kominkowy\"},\"sameAs\":[\"http:\/\/www.kominki-elektryczne.pl\"],\"url\":\"https:\/\/kominki-elektryczne.pl\/blog\/author\/led-handel\/\"}]}<\/script>\n<!-- \/ Yoast SEO plugin. -->","yoast_head_json":{"title":"Chimeneas el\u00e9ctricas AFLAMO: env\u00edo seguro y embalaje de primera calidad - Kominki-Elektryczne.pl","robots":{"index":"index","follow":"follow","max-snippet":"max-snippet:-1","max-image-preview":"max-image-preview:large","max-video-preview":"max-video-preview:-1"},"canonical":"https:\/\/kominki-elektryczne.pl\/blog\/es\/2025\/06\/12\/chimeneas-electricas-aflamo-envio-seguro-y-embalaje-de-primera-calidad\/","og_locale":"pl_PL","og_type":"article","og_title":"Chimeneas el\u00e9ctricas AFLAMO: env\u00edo seguro y embalaje de primera calidad - Kominki-Elektryczne.pl","og_description":"Las chimeneas el\u00e9ctricas AFLAMO son la soluci\u00f3n perfecta para quienes buscan aparatos de calefacci\u00f3n modernos y funcionales que, adem\u00e1s, sirvan como una decoraci\u00f3n de interiores eficaz. La oferta de la marca incluye, entre otros, chimeneas el\u00e9ctricas empotradas, chimeneas el\u00e9ctricas con carcasa y modelos con efectos &hellip;","og_url":"https:\/\/kominki-elektryczne.pl\/blog\/es\/2025\/06\/12\/chimeneas-electricas-aflamo-envio-seguro-y-embalaje-de-primera-calidad\/","og_site_name":"Kominki-Elektryczne.pl","article_publisher":"https:\/\/www.facebook.com\/elektrycznekominki","article_published_time":"2025-06-12T08:41:15+00:00","article_modified_time":"2025-06-12T08:41:58+00:00","og_image":[{"width":1024,"height":576,"url":"https:\/\/kominki-elektryczne.pl\/blog\/wp-content\/uploads\/2025\/06\/20240326_135354.jpg","type":"image\/jpeg"}],"author":"Kominkowy","twitter_card":"summary_large_image","twitter_misc":{"Napisane przez":"Kominkowy","Szacowany czas czytania":"2 minuty"},"schema":{"@context":"https:\/\/schema.org","@graph":[{"@type":"Article","@id":"https:\/\/kominki-elektryczne.pl\/blog\/es\/2025\/06\/12\/chimeneas-electricas-aflamo-envio-seguro-y-embalaje-de-primera-calidad\/#article","isPartOf":{"@id":"https:\/\/kominki-elektryczne.pl\/blog\/es\/2025\/06\/12\/chimeneas-electricas-aflamo-envio-seguro-y-embalaje-de-primera-calidad\/"},"author":{"name":"Kominkowy","@id":"https:\/\/kominki-elektryczne.pl\/blog\/#\/schema\/person\/045e7544e3e90364f5f82cc509123089"},"headline":"Chimeneas el\u00e9ctricas AFLAMO: env\u00edo seguro y embalaje de primera calidad","datePublished":"2025-06-12T08:41:15+00:00","dateModified":"2025-06-12T08:41:58+00:00","mainEntityOfPage":{"@id":"https:\/\/kominki-elektryczne.pl\/blog\/es\/2025\/06\/12\/chimeneas-electricas-aflamo-envio-seguro-y-embalaje-de-primera-calidad\/"},"wordCount":508,"publisher":{"@id":"https:\/\/kominki-elektryczne.pl\/blog\/#organization"},"image":{"@id":"https:\/\/kominki-elektryczne.pl\/blog\/es\/2025\/06\/12\/chimeneas-electricas-aflamo-envio-seguro-y-embalaje-de-primera-calidad\/#primaryimage"},"thumbnailUrl":"https:\/\/kominki-elektryczne.pl\/blog\/wp-content\/uploads\/2025\/06\/20240326_135354.jpg","keywords":["chimenea cerrada","chimenea cl\u00e1sica","chimenea electrica","Chimeneas el\u00e9ctricas aflamo","chimeneas el\u00e9ctricas con sonido","Chimeneas el\u00e9ctricas de pared elite","chimeneas el\u00e9ctricas Majestic Pro","chimeneas el\u00e9ctricas Royal 3D","chimeneas el\u00e9ctricas Royal Pro"],"inLanguage":"pl-PL"},{"@type":"WebPage","@id":"https:\/\/kominki-elektryczne.pl\/blog\/es\/2025\/06\/12\/chimeneas-electricas-aflamo-envio-seguro-y-embalaje-de-primera-calidad\/","url":"https:\/\/kominki-elektryczne.pl\/blog\/es\/2025\/06\/12\/chimeneas-electricas-aflamo-envio-seguro-y-embalaje-de-primera-calidad\/","name":"Chimeneas el\u00e9ctricas AFLAMO: env\u00edo seguro y embalaje de primera calidad - Kominki-Elektryczne.pl","isPartOf":{"@id":"https:\/\/kominki-elektryczne.pl\/blog\/#website"},"primaryImageOfPage":{"@id":"https:\/\/kominki-elektryczne.pl\/blog\/es\/2025\/06\/12\/chimeneas-electricas-aflamo-envio-seguro-y-embalaje-de-primera-calidad\/#primaryimage"},"image":{"@id":"https:\/\/kominki-elektryczne.pl\/blog\/es\/2025\/06\/12\/chimeneas-electricas-aflamo-envio-seguro-y-embalaje-de-primera-calidad\/#primaryimage"},"thumbnailUrl":"https:\/\/kominki-elektryczne.pl\/blog\/wp-content\/uploads\/2025\/06\/20240326_135354.jpg","datePublished":"2025-06-12T08:41:15+00:00","dateModified":"2025-06-12T08:41:58+00:00","breadcrumb":{"@id":"https:\/\/kominki-elektryczne.pl\/blog\/es\/2025\/06\/12\/chimeneas-electricas-aflamo-envio-seguro-y-embalaje-de-primera-calidad\/#breadcrumb"},"inLanguage":"pl-PL","potentialAction":[{"@type":"ReadAction","target":["https:\/\/kominki-elektryczne.pl\/blog\/es\/2025\/06\/12\/chimeneas-electricas-aflamo-envio-seguro-y-embalaje-de-primera-calidad\/"]}]},{"@type":"ImageObject","inLanguage":"pl-PL","@id":"https:\/\/kominki-elektryczne.pl\/blog\/es\/2025\/06\/12\/chimeneas-electricas-aflamo-envio-seguro-y-embalaje-de-primera-calidad\/#primaryimage","url":"https:\/\/kominki-elektryczne.pl\/blog\/wp-content\/uploads\/2025\/06\/20240326_135354.jpg","contentUrl":"https:\/\/kominki-elektryczne.pl\/blog\/wp-content\/uploads\/2025\/06\/20240326_135354.jpg","width":1024,"height":576},{"@type":"BreadcrumbList","@id":"https:\/\/kominki-elektryczne.pl\/blog\/es\/2025\/06\/12\/chimeneas-electricas-aflamo-envio-seguro-y-embalaje-de-primera-calidad\/#breadcrumb","itemListElement":[{"@type":"ListItem","position":1,"name":"Strona g\u0142\u00f3wna","item":"https:\/\/kominki-elektryczne.pl\/blog\/"},{"@type":"ListItem","position":2,"name":"Chimeneas el\u00e9ctricas AFLAMO: env\u00edo seguro y embalaje de primera calidad"}]},{"@type":"WebSite","@id":"https:\/\/kominki-elektryczne.pl\/blog\/#website","url":"https:\/\/kominki-elektryczne.pl\/blog\/","name":"Kominki-Elektryczne.pl","description":"Opisy - Porady - Recenzje","publisher":{"@id":"https:\/\/kominki-elektryczne.pl\/blog\/#organization"},"potentialAction":[{"@type":"SearchAction","target":{"@type":"EntryPoint","urlTemplate":"https:\/\/kominki-elektryczne.pl\/blog\/?s={search_term_string}"},"query-input":{"@type":"PropertyValueSpecification","valueRequired":true,"valueName":"search_term_string"}}],"inLanguage":"pl-PL"},{"@type":"Organization","@id":"https:\/\/kominki-elektryczne.pl\/blog\/#organization","name":"Kominki-Elektryczne.pl","url":"https:\/\/kominki-elektryczne.pl\/blog\/","logo":{"@type":"ImageObject","inLanguage":"pl-PL","@id":"https:\/\/kominki-elektryczne.pl\/blog\/#\/schema\/logo\/image\/","url":"https:\/\/kominki-elektryczne.pl\/blog\/wp-content\/uploads\/2025\/04\/cropped-LogoAflamo.jpg","contentUrl":"https:\/\/kominki-elektryczne.pl\/blog\/wp-content\/uploads\/2025\/04\/cropped-LogoAflamo.jpg","width":200,"height":58,"caption":"Kominki-Elektryczne.pl"},"image":{"@id":"https:\/\/kominki-elektryczne.pl\/blog\/#\/schema\/logo\/image\/"},"sameAs":["https:\/\/www.facebook.com\/elektrycznekominki"]},{"@type":"Person","@id":"https:\/\/kominki-elektryczne.pl\/blog\/#\/schema\/person\/045e7544e3e90364f5f82cc509123089","name":"Kominkowy","image":{"@type":"ImageObject","inLanguage":"pl-PL","@id":"https:\/\/kominki-elektryczne.pl\/blog\/#\/schema\/person\/image\/","url":"https:\/\/secure.gravatar.com\/avatar\/8c15720599195e8ba4119df2db28ce7e?s=96&d=mm&r=g","contentUrl":"https:\/\/secure.gravatar.com\/avatar\/8c15720599195e8ba4119df2db28ce7e?s=96&d=mm&r=g","caption":"Kominkowy"},"sameAs":["http:\/\/www.kominki-elektryczne.pl"],"url":"https:\/\/kominki-elektryczne.pl\/blog\/author\/led-handel\/"}]}},"_links":{"self":[{"href":"https:\/\/kominki-elektryczne.pl\/blog\/wp-json\/wp\/v2\/posts\/1084","targetHints":{"allow":["GET"]}}],"collection":[{"href":"https:\/\/kominki-elektryczne.pl\/blog\/wp-json\/wp\/v2\/posts"}],"about":[{"href":"https:\/\/kominki-elektryczne.pl\/blog\/wp-json\/wp\/v2\/types\/post"}],"author":[{"embeddable":true,"href":"https:\/\/kominki-elektryczne.pl\/blog\/wp-json\/wp\/v2\/users\/1"}],"replies":[{"embeddable":true,"href":"https:\/\/kominki-elektryczne.pl\/blog\/wp-json\/wp\/v2\/comments?post=1084"}],"version-history":[{"count":1,"href":"https:\/\/kominki-elektryczne.pl\/blog\/wp-json\/wp\/v2\/posts\/1084\/revisions"}],"predecessor-version":[{"id":1085,"href":"https:\/\/kominki-elektryczne.pl\/blog\/wp-json\/wp\/v2\/posts\/1084\/revisions\/1085"}],"wp:featuredmedia":[{"embeddable":true,"href":"https:\/\/kominki-elektryczne.pl\/blog\/wp-json\/wp\/v2\/media\/1080"}],"wp:attachment":[{"href":"https:\/\/kominki-elektryczne.pl\/blog\/wp-json\/wp\/v2\/media?parent=1084"}],"wp:term":[{"taxonomy":"category","embeddable":true,"href":"https:\/\/kominki-elektryczne.pl\/blog\/wp-json\/wp\/v2\/categories?post=1084"},{"taxonomy":"post_tag","embeddable":true,"href":"https:\/\/kominki-elektryczne.pl\/blog\/wp-json\/wp\/v2\/tags?post=1084"}],"curies":[{"name":"wp","href":"https:\/\/api.w.org\/{rel}","templated":true}]}}