{"id":1167,"date":"2025-07-31T10:48:19","date_gmt":"2025-07-31T08:48:19","guid":{"rendered":"https:\/\/kominki-elektryczne.pl\/blog\/?p=1167"},"modified":"2025-07-31T10:48:19","modified_gmt":"2025-07-31T08:48:19","slug":"por-que-la-chimenea-electrica-aflamo-es-mejor-que-la-chimenea-del-video-de-television","status":"publish","type":"post","link":"https:\/\/kominki-elektryczne.pl\/blog\/es\/2025\/07\/31\/por-que-la-chimenea-electrica-aflamo-es-mejor-que-la-chimenea-del-video-de-television\/","title":{"rendered":"\u00bfPor qu\u00e9 la chimenea el\u00e9ctrica AFLAMO es mejor que la chimenea del v\u00eddeo de televisi\u00f3n?"},"content":{"rendered":"\n<p>Si est\u00e1 considerando elegir entre un efecto de chimenea en su televisor o una chimenea el\u00e9ctrica real, vale la pena explorar las ventajas de una chimenea el\u00e9ctrica AFLAMO. Una moderna chimenea el\u00e9ctrica LED no es solo un elemento decorativo: ofrece tecnolog\u00eda, comodidad y un aut\u00e9ntico ambiente hogare\u00f1o.<\/p>\n\n\n\n<figure class=\"wp-block-image size-large\"><img decoding=\"async\" src=\"https:\/\/kominki-elektryczne.com.pl\/wp-content\/uploads\/2025\/07\/IMG_8246-1024x768.jpeg\" alt=\"Chimenea el\u00e9ctrica Aflamo\" class=\"wp-image-1929\"\/><\/figure>\n\n\n\n<h2 class=\"wp-block-heading\">Efecto de Llama Realista<\/h2>\n\n\n\n<p>La <a href=\"https:\/\/www.kominki-elektryczne.pl\/es\/?controllerUri=index\">chimenea el\u00e9ctrica AFLAMO<\/a>, gracias a su avanzada tecnolog\u00eda LED y efecto 3D, crea una imitaci\u00f3n de fuego excepcionalmente realista, inigualable por una grabaci\u00f3n de televisi\u00f3n convencional. La llama pasa a trav\u00e9s de troncos de cer\u00e1mica y el usuario puede elegir el color y la intensidad de las llamas, lo que le permite adaptar perfectamente el ambiente de la habitaci\u00f3n a sus necesidades.<\/p>\n\n\n\n<h2 class=\"wp-block-heading\">Funci\u00f3n de Calefacci\u00f3n y Ahorro<\/h2>\n\n\n\n<p>Lo que un televisor no puede ofrecer es la funci\u00f3n de calefacci\u00f3n que ofrece una chimenea el\u00e9ctrica LED AFLAMO. La chimenea no solo tiene un aspecto estupendo, sino que tambi\u00e9n calienta la habitaci\u00f3n eficazmente. Seg\u00fan el modelo, el consumo de energ\u00eda para el efecto de llama es de tan solo 1-2 gr\/h, y sus controles avanzados permiten un uso eficiente y seguro de la funci\u00f3n de calefacci\u00f3n. Adem\u00e1s, un temporizador y un sensor de ventana abierta reducen los gastos innecesarios de energ\u00eda.<\/p>\n\n\n\n<h2 class=\"wp-block-heading\">Seguridad y Ecolog\u00eda<\/h2>\n\n\n\n<p>La chimenea el\u00e9ctrica AFLAMO es completamente segura y ecol\u00f3gica: no emite humo ni sustancias nocivas, lo que la distingue de las chimeneas tradicionales y las grabaciones de TV, que no ofrecen ning\u00fan beneficio real para el hogar. No necesita chimenea, no genera suciedad ni cenizas, y su control remoto o aplicaci\u00f3n hacen que su manejo sea extremadamente c\u00f3modo y sencillo.<\/p>\n\n\n\n<h2 class=\"wp-block-heading\">Versatilidad y Dise\u00f1o de Interiores<\/h2>\n\n\n\n<p>La chimenea el\u00e9ctrica AFLAMO est\u00e1 disponible en muchos tama\u00f1os y variantes: de pared, empotrada y de pie. Se integra f\u00e1cilmente en cualquier interior: sal\u00f3n, dormitorio o incluso oficina. La instalaci\u00f3n es tan sencilla como conectar el dispositivo a la corriente, y su atractivo dise\u00f1o proporciona un efecto incomparablemente mejor que una pantalla de TV.<\/p>\n\n\n\n<h2 class=\"wp-block-heading\">Un mejor ambiente y una sensaci\u00f3n de hogar<\/h2>\n\n\n\n<p>Nada supera la aut\u00e9ntica atm\u00f3sfera de luz c\u00e1lida y el efecto de llama natural de una chimenea el\u00e9ctrica LED AFLAMO. Gracias a la posibilidad de usar la chimenea durante todo el a\u00f1o (incluso sin la funci\u00f3n de calefacci\u00f3n), las noches adquieren un ambiente \u00fanico y relajante, y la habitaci\u00f3n se vuelve realmente acogedora.<\/p>\n\n\n\n<p>Gracias a las ventajas de una chimenea el\u00e9ctrica AFLAMO, no solo obtendr\u00e1 ahorro y seguridad, sino tambi\u00e9n un ambiente verdaderamente c\u00e1lido en su hogar. Ninguna grabaci\u00f3n de TV puede reemplazar la magia de las llamas vivas y la funcionalidad que ofrece una moderna chimenea el\u00e9ctrica LED de la reconocida marca AFLAMO.<\/p>\n","protected":false},"excerpt":{"rendered":"<p>Si est\u00e1 considerando elegir entre un efecto de chimenea en su televisor o una chimenea el\u00e9ctrica real, vale la pena explorar las ventajas de una chimenea el\u00e9ctrica AFLAMO. Una moderna chimenea el\u00e9ctrica LED no es solo un elemento decorativo: ofrece tecnolog\u00eda, comodidad y un aut\u00e9ntico &hellip; <\/p>\n","protected":false},"author":1,"featured_media":1163,"comment_status":"closed","ping_status":"closed","sticky":false,"template":"","format":"standard","meta":{"footnotes":""},"categories":[29],"tags":[396,399,401,581,579,742,577,607,575,609],"class_list":["post-1167","post","type-post","status-publish","format-standard","has-post-thumbnail","hentry","category-bez-kategorii-es","tag-chimenea-cerrada","tag-chimenea-clasica","tag-chimenea-electrica","tag-chimeneas-electricas-aflamo","tag-chimeneas-electricas-con-sonido","tag-chimeneas-electricas-de-pared-elite","tag-chimeneas-electricas-majestic-pro","tag-chimeneas-electricas-royal-3d","tag-chimeneas-electricas-royal-pro","tag-chimeneas-electricas-superb-3d"],"yoast_head":"<!-- This site is optimized with the Yoast SEO plugin v25.7 - https:\/\/yoast.com\/wordpress\/plugins\/seo\/ -->\n<title>\u00bfPor qu\u00e9 la chimenea el\u00e9ctrica AFLAMO es mejor que la chimenea del v\u00eddeo de televisi\u00f3n? - Kominki-Elektryczne.pl<\/title>\n<meta name=\"robots\" content=\"index, follow, max-snippet:-1, max-image-preview:large, max-video-preview:-1\" \/>\n<link rel=\"canonical\" href=\"https:\/\/kominki-elektryczne.pl\/blog\/es\/2025\/07\/31\/por-que-la-chimenea-electrica-aflamo-es-mejor-que-la-chimenea-del-video-de-television\/\" \/>\n<meta property=\"og:locale\" content=\"pl_PL\" \/>\n<meta property=\"og:type\" content=\"article\" \/>\n<meta property=\"og:title\" content=\"\u00bfPor qu\u00e9 la chimenea el\u00e9ctrica AFLAMO es mejor que la chimenea del v\u00eddeo de televisi\u00f3n? - Kominki-Elektryczne.pl\" \/>\n<meta property=\"og:description\" content=\"Si est\u00e1 considerando elegir entre un efecto de chimenea en su televisor o una chimenea el\u00e9ctrica real, vale la pena explorar las ventajas de una chimenea el\u00e9ctrica AFLAMO. Una moderna chimenea el\u00e9ctrica LED no es solo un elemento decorativo: ofrece tecnolog\u00eda, comodidad y un aut\u00e9ntico &hellip;\" \/>\n<meta property=\"og:url\" content=\"https:\/\/kominki-elektryczne.pl\/blog\/es\/2025\/07\/31\/por-que-la-chimenea-electrica-aflamo-es-mejor-que-la-chimenea-del-video-de-television\/\" \/>\n<meta property=\"og:site_name\" content=\"Kominki-Elektryczne.pl\" \/>\n<meta property=\"article:publisher\" content=\"https:\/\/www.facebook.com\/elektrycznekominki\" \/>\n<meta property=\"article:published_time\" content=\"2025-07-31T08:48:19+00:00\" \/>\n<meta property=\"og:image\" content=\"https:\/\/kominki-elektryczne.pl\/blog\/wp-content\/uploads\/2025\/07\/IMG_8246-scaled.jpeg\" \/>\n\t<meta property=\"og:image:width\" content=\"2560\" \/>\n\t<meta property=\"og:image:height\" content=\"1920\" \/>\n\t<meta property=\"og:image:type\" content=\"image\/jpeg\" \/>\n<meta name=\"author\" content=\"Kominkowy\" \/>\n<meta name=\"twitter:card\" content=\"summary_large_image\" \/>\n<meta name=\"twitter:label1\" content=\"Napisane przez\" \/>\n\t<meta name=\"twitter:data1\" content=\"Kominkowy\" \/>\n\t<meta name=\"twitter:label2\" content=\"Szacowany czas czytania\" \/>\n\t<meta name=\"twitter:data2\" content=\"2 minuty\" \/>\n<script type=\"application\/ld+json\" class=\"yoast-schema-graph\">{\"@context\":\"https:\/\/schema.org\",\"@graph\":[{\"@type\":\"Article\",\"@id\":\"https:\/\/kominki-elektryczne.pl\/blog\/es\/2025\/07\/31\/por-que-la-chimenea-electrica-aflamo-es-mejor-que-la-chimenea-del-video-de-television\/#article\",\"isPartOf\":{\"@id\":\"https:\/\/kominki-elektryczne.pl\/blog\/es\/2025\/07\/31\/por-que-la-chimenea-electrica-aflamo-es-mejor-que-la-chimenea-del-video-de-television\/\"},\"author\":{\"name\":\"Kominkowy\",\"@id\":\"https:\/\/kominki-elektryczne.pl\/blog\/#\/schema\/person\/045e7544e3e90364f5f82cc509123089\"},\"headline\":\"\u00bfPor qu\u00e9 la chimenea el\u00e9ctrica AFLAMO es mejor que la chimenea del v\u00eddeo de televisi\u00f3n?\",\"datePublished\":\"2025-07-31T08:48:19+00:00\",\"mainEntityOfPage\":{\"@id\":\"https:\/\/kominki-elektryczne.pl\/blog\/es\/2025\/07\/31\/por-que-la-chimenea-electrica-aflamo-es-mejor-que-la-chimenea-del-video-de-television\/\"},\"wordCount\":508,\"publisher\":{\"@id\":\"https:\/\/kominki-elektryczne.pl\/blog\/#organization\"},\"image\":{\"@id\":\"https:\/\/kominki-elektryczne.pl\/blog\/es\/2025\/07\/31\/por-que-la-chimenea-electrica-aflamo-es-mejor-que-la-chimenea-del-video-de-television\/#primaryimage\"},\"thumbnailUrl\":\"https:\/\/kominki-elektryczne.pl\/blog\/wp-content\/uploads\/2025\/07\/IMG_8246-scaled.jpeg\",\"keywords\":[\"chimenea cerrada\",\"chimenea cl\u00e1sica\",\"chimenea electrica\",\"Chimeneas el\u00e9ctricas aflamo\",\"chimeneas el\u00e9ctricas con sonido\",\"Chimeneas el\u00e9ctricas de pared elite\",\"chimeneas el\u00e9ctricas Majestic Pro\",\"chimeneas el\u00e9ctricas Royal 3D\",\"chimeneas el\u00e9ctricas Royal Pro\",\"chimeneas el\u00e9ctricas Superb 3D\"],\"inLanguage\":\"pl-PL\"},{\"@type\":\"WebPage\",\"@id\":\"https:\/\/kominki-elektryczne.pl\/blog\/es\/2025\/07\/31\/por-que-la-chimenea-electrica-aflamo-es-mejor-que-la-chimenea-del-video-de-television\/\",\"url\":\"https:\/\/kominki-elektryczne.pl\/blog\/es\/2025\/07\/31\/por-que-la-chimenea-electrica-aflamo-es-mejor-que-la-chimenea-del-video-de-television\/\",\"name\":\"\u00bfPor qu\u00e9 la chimenea el\u00e9ctrica AFLAMO es mejor que la chimenea del v\u00eddeo de televisi\u00f3n? - Kominki-Elektryczne.pl\",\"isPartOf\":{\"@id\":\"https:\/\/kominki-elektryczne.pl\/blog\/#website\"},\"primaryImageOfPage\":{\"@id\":\"https:\/\/kominki-elektryczne.pl\/blog\/es\/2025\/07\/31\/por-que-la-chimenea-electrica-aflamo-es-mejor-que-la-chimenea-del-video-de-television\/#primaryimage\"},\"image\":{\"@id\":\"https:\/\/kominki-elektryczne.pl\/blog\/es\/2025\/07\/31\/por-que-la-chimenea-electrica-aflamo-es-mejor-que-la-chimenea-del-video-de-television\/#primaryimage\"},\"thumbnailUrl\":\"https:\/\/kominki-elektryczne.pl\/blog\/wp-content\/uploads\/2025\/07\/IMG_8246-scaled.jpeg\",\"datePublished\":\"2025-07-31T08:48:19+00:00\",\"breadcrumb\":{\"@id\":\"https:\/\/kominki-elektryczne.pl\/blog\/es\/2025\/07\/31\/por-que-la-chimenea-electrica-aflamo-es-mejor-que-la-chimenea-del-video-de-television\/#breadcrumb\"},\"inLanguage\":\"pl-PL\",\"potentialAction\":[{\"@type\":\"ReadAction\",\"target\":[\"https:\/\/kominki-elektryczne.pl\/blog\/es\/2025\/07\/31\/por-que-la-chimenea-electrica-aflamo-es-mejor-que-la-chimenea-del-video-de-television\/\"]}]},{\"@type\":\"ImageObject\",\"inLanguage\":\"pl-PL\",\"@id\":\"https:\/\/kominki-elektryczne.pl\/blog\/es\/2025\/07\/31\/por-que-la-chimenea-electrica-aflamo-es-mejor-que-la-chimenea-del-video-de-television\/#primaryimage\",\"url\":\"https:\/\/kominki-elektryczne.pl\/blog\/wp-content\/uploads\/2025\/07\/IMG_8246-scaled.jpeg\",\"contentUrl\":\"https:\/\/kominki-elektryczne.pl\/blog\/wp-content\/uploads\/2025\/07\/IMG_8246-scaled.jpeg\",\"width\":2560,\"height\":1920},{\"@type\":\"BreadcrumbList\",\"@id\":\"https:\/\/kominki-elektryczne.pl\/blog\/es\/2025\/07\/31\/por-que-la-chimenea-electrica-aflamo-es-mejor-que-la-chimenea-del-video-de-television\/#breadcrumb\",\"itemListElement\":[{\"@type\":\"ListItem\",\"position\":1,\"name\":\"Strona g\u0142\u00f3wna\",\"item\":\"https:\/\/kominki-elektryczne.pl\/blog\/\"},{\"@type\":\"ListItem\",\"position\":2,\"name\":\"\u00bfPor qu\u00e9 la chimenea el\u00e9ctrica AFLAMO es mejor que la chimenea del v\u00eddeo de televisi\u00f3n?\"}]},{\"@type\":\"WebSite\",\"@id\":\"https:\/\/kominki-elektryczne.pl\/blog\/#website\",\"url\":\"https:\/\/kominki-elektryczne.pl\/blog\/\",\"name\":\"Kominki-Elektryczne.pl\",\"description\":\"Opisy - Porady - Recenzje\",\"publisher\":{\"@id\":\"https:\/\/kominki-elektryczne.pl\/blog\/#organization\"},\"potentialAction\":[{\"@type\":\"SearchAction\",\"target\":{\"@type\":\"EntryPoint\",\"urlTemplate\":\"https:\/\/kominki-elektryczne.pl\/blog\/?s={search_term_string}\"},\"query-input\":{\"@type\":\"PropertyValueSpecification\",\"valueRequired\":true,\"valueName\":\"search_term_string\"}}],\"inLanguage\":\"pl-PL\"},{\"@type\":\"Organization\",\"@id\":\"https:\/\/kominki-elektryczne.pl\/blog\/#organization\",\"name\":\"Kominki-Elektryczne.pl\",\"url\":\"https:\/\/kominki-elektryczne.pl\/blog\/\",\"logo\":{\"@type\":\"ImageObject\",\"inLanguage\":\"pl-PL\",\"@id\":\"https:\/\/kominki-elektryczne.pl\/blog\/#\/schema\/logo\/image\/\",\"url\":\"https:\/\/kominki-elektryczne.pl\/blog\/wp-content\/uploads\/2025\/04\/cropped-LogoAflamo.jpg\",\"contentUrl\":\"https:\/\/kominki-elektryczne.pl\/blog\/wp-content\/uploads\/2025\/04\/cropped-LogoAflamo.jpg\",\"width\":200,\"height\":58,\"caption\":\"Kominki-Elektryczne.pl\"},\"image\":{\"@id\":\"https:\/\/kominki-elektryczne.pl\/blog\/#\/schema\/logo\/image\/\"},\"sameAs\":[\"https:\/\/www.facebook.com\/elektrycznekominki\"]},{\"@type\":\"Person\",\"@id\":\"https:\/\/kominki-elektryczne.pl\/blog\/#\/schema\/person\/045e7544e3e90364f5f82cc509123089\",\"name\":\"Kominkowy\",\"image\":{\"@type\":\"ImageObject\",\"inLanguage\":\"pl-PL\",\"@id\":\"https:\/\/kominki-elektryczne.pl\/blog\/#\/schema\/person\/image\/\",\"url\":\"https:\/\/secure.gravatar.com\/avatar\/8c15720599195e8ba4119df2db28ce7e?s=96&d=mm&r=g\",\"contentUrl\":\"https:\/\/secure.gravatar.com\/avatar\/8c15720599195e8ba4119df2db28ce7e?s=96&d=mm&r=g\",\"caption\":\"Kominkowy\"},\"sameAs\":[\"http:\/\/www.kominki-elektryczne.pl\"],\"url\":\"https:\/\/kominki-elektryczne.pl\/blog\/author\/led-handel\/\"}]}<\/script>\n<!-- \/ Yoast SEO plugin. -->","yoast_head_json":{"title":"\u00bfPor qu\u00e9 la chimenea el\u00e9ctrica AFLAMO es mejor que la chimenea del v\u00eddeo de televisi\u00f3n? - Kominki-Elektryczne.pl","robots":{"index":"index","follow":"follow","max-snippet":"max-snippet:-1","max-image-preview":"max-image-preview:large","max-video-preview":"max-video-preview:-1"},"canonical":"https:\/\/kominki-elektryczne.pl\/blog\/es\/2025\/07\/31\/por-que-la-chimenea-electrica-aflamo-es-mejor-que-la-chimenea-del-video-de-television\/","og_locale":"pl_PL","og_type":"article","og_title":"\u00bfPor qu\u00e9 la chimenea el\u00e9ctrica AFLAMO es mejor que la chimenea del v\u00eddeo de televisi\u00f3n? - Kominki-Elektryczne.pl","og_description":"Si est\u00e1 considerando elegir entre un efecto de chimenea en su televisor o una chimenea el\u00e9ctrica real, vale la pena explorar las ventajas de una chimenea el\u00e9ctrica AFLAMO. Una moderna chimenea el\u00e9ctrica LED no es solo un elemento decorativo: ofrece tecnolog\u00eda, comodidad y un aut\u00e9ntico &hellip;","og_url":"https:\/\/kominki-elektryczne.pl\/blog\/es\/2025\/07\/31\/por-que-la-chimenea-electrica-aflamo-es-mejor-que-la-chimenea-del-video-de-television\/","og_site_name":"Kominki-Elektryczne.pl","article_publisher":"https:\/\/www.facebook.com\/elektrycznekominki","article_published_time":"2025-07-31T08:48:19+00:00","og_image":[{"width":2560,"height":1920,"url":"https:\/\/kominki-elektryczne.pl\/blog\/wp-content\/uploads\/2025\/07\/IMG_8246-scaled.jpeg","type":"image\/jpeg"}],"author":"Kominkowy","twitter_card":"summary_large_image","twitter_misc":{"Napisane przez":"Kominkowy","Szacowany czas czytania":"2 minuty"},"schema":{"@context":"https:\/\/schema.org","@graph":[{"@type":"Article","@id":"https:\/\/kominki-elektryczne.pl\/blog\/es\/2025\/07\/31\/por-que-la-chimenea-electrica-aflamo-es-mejor-que-la-chimenea-del-video-de-television\/#article","isPartOf":{"@id":"https:\/\/kominki-elektryczne.pl\/blog\/es\/2025\/07\/31\/por-que-la-chimenea-electrica-aflamo-es-mejor-que-la-chimenea-del-video-de-television\/"},"author":{"name":"Kominkowy","@id":"https:\/\/kominki-elektryczne.pl\/blog\/#\/schema\/person\/045e7544e3e90364f5f82cc509123089"},"headline":"\u00bfPor qu\u00e9 la chimenea el\u00e9ctrica AFLAMO es mejor que la chimenea del v\u00eddeo de televisi\u00f3n?","datePublished":"2025-07-31T08:48:19+00:00","mainEntityOfPage":{"@id":"https:\/\/kominki-elektryczne.pl\/blog\/es\/2025\/07\/31\/por-que-la-chimenea-electrica-aflamo-es-mejor-que-la-chimenea-del-video-de-television\/"},"wordCount":508,"publisher":{"@id":"https:\/\/kominki-elektryczne.pl\/blog\/#organization"},"image":{"@id":"https:\/\/kominki-elektryczne.pl\/blog\/es\/2025\/07\/31\/por-que-la-chimenea-electrica-aflamo-es-mejor-que-la-chimenea-del-video-de-television\/#primaryimage"},"thumbnailUrl":"https:\/\/kominki-elektryczne.pl\/blog\/wp-content\/uploads\/2025\/07\/IMG_8246-scaled.jpeg","keywords":["chimenea cerrada","chimenea cl\u00e1sica","chimenea electrica","Chimeneas el\u00e9ctricas aflamo","chimeneas el\u00e9ctricas con sonido","Chimeneas el\u00e9ctricas de pared elite","chimeneas el\u00e9ctricas Majestic Pro","chimeneas el\u00e9ctricas Royal 3D","chimeneas el\u00e9ctricas Royal Pro","chimeneas el\u00e9ctricas Superb 3D"],"inLanguage":"pl-PL"},{"@type":"WebPage","@id":"https:\/\/kominki-elektryczne.pl\/blog\/es\/2025\/07\/31\/por-que-la-chimenea-electrica-aflamo-es-mejor-que-la-chimenea-del-video-de-television\/","url":"https:\/\/kominki-elektryczne.pl\/blog\/es\/2025\/07\/31\/por-que-la-chimenea-electrica-aflamo-es-mejor-que-la-chimenea-del-video-de-television\/","name":"\u00bfPor qu\u00e9 la chimenea el\u00e9ctrica AFLAMO es mejor que la chimenea del v\u00eddeo de televisi\u00f3n? - Kominki-Elektryczne.pl","isPartOf":{"@id":"https:\/\/kominki-elektryczne.pl\/blog\/#website"},"primaryImageOfPage":{"@id":"https:\/\/kominki-elektryczne.pl\/blog\/es\/2025\/07\/31\/por-que-la-chimenea-electrica-aflamo-es-mejor-que-la-chimenea-del-video-de-television\/#primaryimage"},"image":{"@id":"https:\/\/kominki-elektryczne.pl\/blog\/es\/2025\/07\/31\/por-que-la-chimenea-electrica-aflamo-es-mejor-que-la-chimenea-del-video-de-television\/#primaryimage"},"thumbnailUrl":"https:\/\/kominki-elektryczne.pl\/blog\/wp-content\/uploads\/2025\/07\/IMG_8246-scaled.jpeg","datePublished":"2025-07-31T08:48:19+00:00","breadcrumb":{"@id":"https:\/\/kominki-elektryczne.pl\/blog\/es\/2025\/07\/31\/por-que-la-chimenea-electrica-aflamo-es-mejor-que-la-chimenea-del-video-de-television\/#breadcrumb"},"inLanguage":"pl-PL","potentialAction":[{"@type":"ReadAction","target":["https:\/\/kominki-elektryczne.pl\/blog\/es\/2025\/07\/31\/por-que-la-chimenea-electrica-aflamo-es-mejor-que-la-chimenea-del-video-de-television\/"]}]},{"@type":"ImageObject","inLanguage":"pl-PL","@id":"https:\/\/kominki-elektryczne.pl\/blog\/es\/2025\/07\/31\/por-que-la-chimenea-electrica-aflamo-es-mejor-que-la-chimenea-del-video-de-television\/#primaryimage","url":"https:\/\/kominki-elektryczne.pl\/blog\/wp-content\/uploads\/2025\/07\/IMG_8246-scaled.jpeg","contentUrl":"https:\/\/kominki-elektryczne.pl\/blog\/wp-content\/uploads\/2025\/07\/IMG_8246-scaled.jpeg","width":2560,"height":1920},{"@type":"BreadcrumbList","@id":"https:\/\/kominki-elektryczne.pl\/blog\/es\/2025\/07\/31\/por-que-la-chimenea-electrica-aflamo-es-mejor-que-la-chimenea-del-video-de-television\/#breadcrumb","itemListElement":[{"@type":"ListItem","position":1,"name":"Strona g\u0142\u00f3wna","item":"https:\/\/kominki-elektryczne.pl\/blog\/"},{"@type":"ListItem","position":2,"name":"\u00bfPor qu\u00e9 la chimenea el\u00e9ctrica AFLAMO es mejor que la chimenea del v\u00eddeo de televisi\u00f3n?"}]},{"@type":"WebSite","@id":"https:\/\/kominki-elektryczne.pl\/blog\/#website","url":"https:\/\/kominki-elektryczne.pl\/blog\/","name":"Kominki-Elektryczne.pl","description":"Opisy - Porady - Recenzje","publisher":{"@id":"https:\/\/kominki-elektryczne.pl\/blog\/#organization"},"potentialAction":[{"@type":"SearchAction","target":{"@type":"EntryPoint","urlTemplate":"https:\/\/kominki-elektryczne.pl\/blog\/?s={search_term_string}"},"query-input":{"@type":"PropertyValueSpecification","valueRequired":true,"valueName":"search_term_string"}}],"inLanguage":"pl-PL"},{"@type":"Organization","@id":"https:\/\/kominki-elektryczne.pl\/blog\/#organization","name":"Kominki-Elektryczne.pl","url":"https:\/\/kominki-elektryczne.pl\/blog\/","logo":{"@type":"ImageObject","inLanguage":"pl-PL","@id":"https:\/\/kominki-elektryczne.pl\/blog\/#\/schema\/logo\/image\/","url":"https:\/\/kominki-elektryczne.pl\/blog\/wp-content\/uploads\/2025\/04\/cropped-LogoAflamo.jpg","contentUrl":"https:\/\/kominki-elektryczne.pl\/blog\/wp-content\/uploads\/2025\/04\/cropped-LogoAflamo.jpg","width":200,"height":58,"caption":"Kominki-Elektryczne.pl"},"image":{"@id":"https:\/\/kominki-elektryczne.pl\/blog\/#\/schema\/logo\/image\/"},"sameAs":["https:\/\/www.facebook.com\/elektrycznekominki"]},{"@type":"Person","@id":"https:\/\/kominki-elektryczne.pl\/blog\/#\/schema\/person\/045e7544e3e90364f5f82cc509123089","name":"Kominkowy","image":{"@type":"ImageObject","inLanguage":"pl-PL","@id":"https:\/\/kominki-elektryczne.pl\/blog\/#\/schema\/person\/image\/","url":"https:\/\/secure.gravatar.com\/avatar\/8c15720599195e8ba4119df2db28ce7e?s=96&d=mm&r=g","contentUrl":"https:\/\/secure.gravatar.com\/avatar\/8c15720599195e8ba4119df2db28ce7e?s=96&d=mm&r=g","caption":"Kominkowy"},"sameAs":["http:\/\/www.kominki-elektryczne.pl"],"url":"https:\/\/kominki-elektryczne.pl\/blog\/author\/led-handel\/"}]}},"_links":{"self":[{"href":"https:\/\/kominki-elektryczne.pl\/blog\/wp-json\/wp\/v2\/posts\/1167","targetHints":{"allow":["GET"]}}],"collection":[{"href":"https:\/\/kominki-elektryczne.pl\/blog\/wp-json\/wp\/v2\/posts"}],"about":[{"href":"https:\/\/kominki-elektryczne.pl\/blog\/wp-json\/wp\/v2\/types\/post"}],"author":[{"embeddable":true,"href":"https:\/\/kominki-elektryczne.pl\/blog\/wp-json\/wp\/v2\/users\/1"}],"replies":[{"embeddable":true,"href":"https:\/\/kominki-elektryczne.pl\/blog\/wp-json\/wp\/v2\/comments?post=1167"}],"version-history":[{"count":1,"href":"https:\/\/kominki-elektryczne.pl\/blog\/wp-json\/wp\/v2\/posts\/1167\/revisions"}],"predecessor-version":[{"id":1168,"href":"https:\/\/kominki-elektryczne.pl\/blog\/wp-json\/wp\/v2\/posts\/1167\/revisions\/1168"}],"wp:featuredmedia":[{"embeddable":true,"href":"https:\/\/kominki-elektryczne.pl\/blog\/wp-json\/wp\/v2\/media\/1163"}],"wp:attachment":[{"href":"https:\/\/kominki-elektryczne.pl\/blog\/wp-json\/wp\/v2\/media?parent=1167"}],"wp:term":[{"taxonomy":"category","embeddable":true,"href":"https:\/\/kominki-elektryczne.pl\/blog\/wp-json\/wp\/v2\/categories?post=1167"},{"taxonomy":"post_tag","embeddable":true,"href":"https:\/\/kominki-elektryczne.pl\/blog\/wp-json\/wp\/v2\/tags?post=1167"}],"curies":[{"name":"wp","href":"https:\/\/api.w.org\/{rel}","templated":true}]}}