{"id":1196,"date":"2025-08-14T13:35:36","date_gmt":"2025-08-14T11:35:36","guid":{"rendered":"https:\/\/kominki-elektryczne.pl\/blog\/?p=1196"},"modified":"2025-08-14T13:36:46","modified_gmt":"2025-08-14T11:36:46","slug":"chimeneas-electricas-y-envio-seguro","status":"publish","type":"post","link":"https:\/\/kominki-elektryczne.pl\/blog\/es\/2025\/08\/14\/chimeneas-electricas-y-envio-seguro\/","title":{"rendered":"Chimeneas El\u00e9ctricas y Env\u00edo Seguro"},"content":{"rendered":"\n<p>Las <a href=\"https:\/\/www.kominki-elektryczne.pl\/es\/?controllerUri=index\">chimeneas el\u00e9ctricas Aflamo<\/a> son sin\u00f3nimo de modernidad, est\u00e9tica y seguridad. Al elegir una chimenea el\u00e9ctrica LED Aflamo, no solo obtendr\u00e1 una atractiva decoraci\u00f3n interior, sino tambi\u00e9n una soluci\u00f3n de calefacci\u00f3n pr\u00e1ctica y ecol\u00f3gica. Sin embargo, un aspecto crucial al que la marca presta especial atenci\u00f3n es el env\u00edo seguro de estos delicados dispositivos a sus clientes, incluso a nivel internacional.<\/p>\n\n\n\n<h2 class=\"wp-block-heading\">\u00bfC\u00f3mo embalamos las chimeneas el\u00e9ctricas Aflamo?<\/h2>\n\n\n\n<p>Las chimeneas el\u00e9ctricas Aflamo se embalan para una m\u00e1xima protecci\u00f3n durante el transporte. Cada producto est\u00e1 equipado con perfiles de poliestireno especialmente dise\u00f1ados que protegen eficazmente la chimenea de da\u00f1os mec\u00e1nicos. El embalaje tambi\u00e9n incluye todos los componentes necesarios: un control remoto, accesorios de montaje y un manual de instrucciones, todo cuidadosamente colocado y asegurado para evitar que se mueva durante el transporte. Esto garantiza que los clientes reciban su chimenea intacta, lista para ensamblar y usar.<\/p>\n\n\n\n<h2 class=\"wp-block-heading\">Ejemplo de env\u00edo seguro de una chimenea Aflamo a Portugal<\/h2>\n\n\n\n<p>Como ejemplo de nuestros altos est\u00e1ndares de embalaje y env\u00edo, presentamos un proyecto reciente: el env\u00edo de una chimenea el\u00e9ctrica AFLAMO 3D de 75 x 45 cm a un cliente en Portugal. Gracias a la cuidadosa protecci\u00f3n del producto y a una log\u00edstica profesional, la chimenea se entreg\u00f3 de forma segura y puntual, lo que demuestra el compromiso de la marca Aflamo con la satisfacci\u00f3n y la confianza del cliente, incluso en mercados internacionales.<\/p>\n\n\n\n<figure class=\"wp-block-image size-large is-resized\"><img decoding=\"async\" src=\"https:\/\/kominki-elektryczne.com.pl\/wp-content\/uploads\/2025\/08\/PRZED-819x1024.png\" alt=\"Chimeneas el\u00e9ctricas embaladas para su env\u00edo.\" class=\"wp-image-1953\" style=\"width:560px;height:auto\"\/><\/figure>\n\n\n\n<h2 class=\"wp-block-heading\">Ventajas de las chimeneas el\u00e9ctricas Aflamo<\/h2>\n\n\n\n<p>Al comprar una chimenea el\u00e9ctrica Aflamo, los clientes se benefician de numerosas ventajas:<\/p>\n\n\n\n<ul class=\"wp-block-list\">\n<li>Efecto de llama LED realista: crea un ambiente acogedor sin necesidad de fuego real.<\/li>\n\n\n\n<li>Funcionamiento seguro: sin llamas abiertas ni ventanas calientes, lo cual es especialmente importante en hogares con ni\u00f1os y mascotas.<\/li>\n\n\n\n<li>Funci\u00f3n de calefacci\u00f3n con potencia ajustable: la chimenea puede calentar habitaciones de hasta aproximadamente 40 m\u00b2.<\/li>\n\n\n\n<li>Respetuosa con el medio ambiente: sin humo, cenizas ni emisiones nocivas.<\/li>\n\n\n\n<li>F\u00e1cil de usar e instalar: el kit incluye todo lo necesario para una r\u00e1pida puesta en marcha.<\/li>\n<\/ul>\n\n\n\n<h2 class=\"wp-block-heading\">Resumen<\/h2>\n\n\n\n<p>La chimenea el\u00e9ctrica LED Aflamo combina est\u00e9tica, funcionalidad y seguridad. Su embalaje profesional y un env\u00edo seguro, incluso a largas distancias como Portugal, garantizan que el producto llegue al cliente en perfectas condiciones. Para quienes buscan soluciones modernas de calefacci\u00f3n y decoraci\u00f3n, la chimenea el\u00e9ctrica Aflamo es una excelente opci\u00f3n: elegante, segura y f\u00e1cil de usar.<\/p>\n\n\n\n<p>Un embalaje fiable y un soporte log\u00edstico son solo algunos de los elementos del compromiso de la marca con un servicio al cliente de alta calidad, lo que se traduce en clientes satisfechos tanto en Polonia como en el extranjero. Si busca una chimenea el\u00e9ctrica que combine tecnolog\u00eda moderna y una entrega segura, una chimenea el\u00e9ctrica Aflamo cumplir\u00e1 sus expectativas.<\/p>\n","protected":false},"excerpt":{"rendered":"<p>Las chimeneas el\u00e9ctricas Aflamo son sin\u00f3nimo de modernidad, est\u00e9tica y seguridad. Al elegir una chimenea el\u00e9ctrica LED Aflamo, no solo obtendr\u00e1 una atractiva decoraci\u00f3n interior, sino tambi\u00e9n una soluci\u00f3n de calefacci\u00f3n pr\u00e1ctica y ecol\u00f3gica. Sin embargo, un aspecto crucial al que la marca presta especial &hellip; <\/p>\n","protected":false},"author":1,"featured_media":1192,"comment_status":"closed","ping_status":"closed","sticky":false,"template":"","format":"standard","meta":{"footnotes":""},"categories":[29],"tags":[396,399,401,581,579,742,577,607,575,609],"class_list":["post-1196","post","type-post","status-publish","format-standard","has-post-thumbnail","hentry","category-bez-kategorii-es","tag-chimenea-cerrada","tag-chimenea-clasica","tag-chimenea-electrica","tag-chimeneas-electricas-aflamo","tag-chimeneas-electricas-con-sonido","tag-chimeneas-electricas-de-pared-elite","tag-chimeneas-electricas-majestic-pro","tag-chimeneas-electricas-royal-3d","tag-chimeneas-electricas-royal-pro","tag-chimeneas-electricas-superb-3d"],"yoast_head":"<!-- This site is optimized with the Yoast SEO plugin v25.7 - https:\/\/yoast.com\/wordpress\/plugins\/seo\/ -->\n<title>Chimeneas El\u00e9ctricas y Env\u00edo Seguro - Kominki-Elektryczne.pl<\/title>\n<meta name=\"robots\" content=\"index, follow, max-snippet:-1, max-image-preview:large, max-video-preview:-1\" \/>\n<link rel=\"canonical\" href=\"https:\/\/kominki-elektryczne.pl\/blog\/es\/2025\/08\/14\/chimeneas-electricas-y-envio-seguro\/\" \/>\n<meta property=\"og:locale\" content=\"pl_PL\" \/>\n<meta property=\"og:type\" content=\"article\" \/>\n<meta property=\"og:title\" content=\"Chimeneas El\u00e9ctricas y Env\u00edo Seguro - Kominki-Elektryczne.pl\" \/>\n<meta property=\"og:description\" content=\"Las chimeneas el\u00e9ctricas Aflamo son sin\u00f3nimo de modernidad, est\u00e9tica y seguridad. Al elegir una chimenea el\u00e9ctrica LED Aflamo, no solo obtendr\u00e1 una atractiva decoraci\u00f3n interior, sino tambi\u00e9n una soluci\u00f3n de calefacci\u00f3n pr\u00e1ctica y ecol\u00f3gica. Sin embargo, un aspecto crucial al que la marca presta especial &hellip;\" \/>\n<meta property=\"og:url\" content=\"https:\/\/kominki-elektryczne.pl\/blog\/es\/2025\/08\/14\/chimeneas-electricas-y-envio-seguro\/\" \/>\n<meta property=\"og:site_name\" content=\"Kominki-Elektryczne.pl\" \/>\n<meta property=\"article:publisher\" content=\"https:\/\/www.facebook.com\/elektrycznekominki\" \/>\n<meta property=\"article:published_time\" content=\"2025-08-14T11:35:36+00:00\" \/>\n<meta property=\"article:modified_time\" content=\"2025-08-14T11:36:46+00:00\" \/>\n<meta property=\"og:image\" content=\"https:\/\/kominki-elektryczne.pl\/blog\/wp-content\/uploads\/2025\/08\/IMG_0138-scaled.jpeg\" \/>\n\t<meta property=\"og:image:width\" content=\"2560\" \/>\n\t<meta property=\"og:image:height\" content=\"1920\" \/>\n\t<meta property=\"og:image:type\" content=\"image\/jpeg\" \/>\n<meta name=\"author\" content=\"Kominkowy\" \/>\n<meta name=\"twitter:card\" content=\"summary_large_image\" \/>\n<meta name=\"twitter:label1\" content=\"Napisane przez\" \/>\n\t<meta name=\"twitter:data1\" content=\"Kominkowy\" \/>\n\t<meta name=\"twitter:label2\" content=\"Szacowany czas czytania\" \/>\n\t<meta name=\"twitter:data2\" content=\"4 minuty\" \/>\n<script type=\"application\/ld+json\" class=\"yoast-schema-graph\">{\"@context\":\"https:\/\/schema.org\",\"@graph\":[{\"@type\":\"Article\",\"@id\":\"https:\/\/kominki-elektryczne.pl\/blog\/es\/2025\/08\/14\/chimeneas-electricas-y-envio-seguro\/#article\",\"isPartOf\":{\"@id\":\"https:\/\/kominki-elektryczne.pl\/blog\/es\/2025\/08\/14\/chimeneas-electricas-y-envio-seguro\/\"},\"author\":{\"name\":\"Kominkowy\",\"@id\":\"https:\/\/kominki-elektryczne.pl\/blog\/#\/schema\/person\/045e7544e3e90364f5f82cc509123089\"},\"headline\":\"Chimeneas El\u00e9ctricas y Env\u00edo Seguro\",\"datePublished\":\"2025-08-14T11:35:36+00:00\",\"dateModified\":\"2025-08-14T11:36:46+00:00\",\"mainEntityOfPage\":{\"@id\":\"https:\/\/kominki-elektryczne.pl\/blog\/es\/2025\/08\/14\/chimeneas-electricas-y-envio-seguro\/\"},\"wordCount\":493,\"publisher\":{\"@id\":\"https:\/\/kominki-elektryczne.pl\/blog\/#organization\"},\"image\":{\"@id\":\"https:\/\/kominki-elektryczne.pl\/blog\/es\/2025\/08\/14\/chimeneas-electricas-y-envio-seguro\/#primaryimage\"},\"thumbnailUrl\":\"https:\/\/kominki-elektryczne.pl\/blog\/wp-content\/uploads\/2025\/08\/IMG_0138-scaled.jpeg\",\"keywords\":[\"chimenea cerrada\",\"chimenea cl\u00e1sica\",\"chimenea electrica\",\"Chimeneas el\u00e9ctricas aflamo\",\"chimeneas el\u00e9ctricas con sonido\",\"Chimeneas el\u00e9ctricas de pared elite\",\"chimeneas el\u00e9ctricas Majestic Pro\",\"chimeneas el\u00e9ctricas Royal 3D\",\"chimeneas el\u00e9ctricas Royal Pro\",\"chimeneas el\u00e9ctricas Superb 3D\"],\"inLanguage\":\"pl-PL\"},{\"@type\":\"WebPage\",\"@id\":\"https:\/\/kominki-elektryczne.pl\/blog\/es\/2025\/08\/14\/chimeneas-electricas-y-envio-seguro\/\",\"url\":\"https:\/\/kominki-elektryczne.pl\/blog\/es\/2025\/08\/14\/chimeneas-electricas-y-envio-seguro\/\",\"name\":\"Chimeneas El\u00e9ctricas y Env\u00edo Seguro - Kominki-Elektryczne.pl\",\"isPartOf\":{\"@id\":\"https:\/\/kominki-elektryczne.pl\/blog\/#website\"},\"primaryImageOfPage\":{\"@id\":\"https:\/\/kominki-elektryczne.pl\/blog\/es\/2025\/08\/14\/chimeneas-electricas-y-envio-seguro\/#primaryimage\"},\"image\":{\"@id\":\"https:\/\/kominki-elektryczne.pl\/blog\/es\/2025\/08\/14\/chimeneas-electricas-y-envio-seguro\/#primaryimage\"},\"thumbnailUrl\":\"https:\/\/kominki-elektryczne.pl\/blog\/wp-content\/uploads\/2025\/08\/IMG_0138-scaled.jpeg\",\"datePublished\":\"2025-08-14T11:35:36+00:00\",\"dateModified\":\"2025-08-14T11:36:46+00:00\",\"breadcrumb\":{\"@id\":\"https:\/\/kominki-elektryczne.pl\/blog\/es\/2025\/08\/14\/chimeneas-electricas-y-envio-seguro\/#breadcrumb\"},\"inLanguage\":\"pl-PL\",\"potentialAction\":[{\"@type\":\"ReadAction\",\"target\":[\"https:\/\/kominki-elektryczne.pl\/blog\/es\/2025\/08\/14\/chimeneas-electricas-y-envio-seguro\/\"]}]},{\"@type\":\"ImageObject\",\"inLanguage\":\"pl-PL\",\"@id\":\"https:\/\/kominki-elektryczne.pl\/blog\/es\/2025\/08\/14\/chimeneas-electricas-y-envio-seguro\/#primaryimage\",\"url\":\"https:\/\/kominki-elektryczne.pl\/blog\/wp-content\/uploads\/2025\/08\/IMG_0138-scaled.jpeg\",\"contentUrl\":\"https:\/\/kominki-elektryczne.pl\/blog\/wp-content\/uploads\/2025\/08\/IMG_0138-scaled.jpeg\",\"width\":2560,\"height\":1920},{\"@type\":\"BreadcrumbList\",\"@id\":\"https:\/\/kominki-elektryczne.pl\/blog\/es\/2025\/08\/14\/chimeneas-electricas-y-envio-seguro\/#breadcrumb\",\"itemListElement\":[{\"@type\":\"ListItem\",\"position\":1,\"name\":\"Strona g\u0142\u00f3wna\",\"item\":\"https:\/\/kominki-elektryczne.pl\/blog\/\"},{\"@type\":\"ListItem\",\"position\":2,\"name\":\"Chimeneas El\u00e9ctricas y Env\u00edo Seguro\"}]},{\"@type\":\"WebSite\",\"@id\":\"https:\/\/kominki-elektryczne.pl\/blog\/#website\",\"url\":\"https:\/\/kominki-elektryczne.pl\/blog\/\",\"name\":\"Kominki-Elektryczne.pl\",\"description\":\"Opisy - Porady - Recenzje\",\"publisher\":{\"@id\":\"https:\/\/kominki-elektryczne.pl\/blog\/#organization\"},\"potentialAction\":[{\"@type\":\"SearchAction\",\"target\":{\"@type\":\"EntryPoint\",\"urlTemplate\":\"https:\/\/kominki-elektryczne.pl\/blog\/?s={search_term_string}\"},\"query-input\":{\"@type\":\"PropertyValueSpecification\",\"valueRequired\":true,\"valueName\":\"search_term_string\"}}],\"inLanguage\":\"pl-PL\"},{\"@type\":\"Organization\",\"@id\":\"https:\/\/kominki-elektryczne.pl\/blog\/#organization\",\"name\":\"Kominki-Elektryczne.pl\",\"url\":\"https:\/\/kominki-elektryczne.pl\/blog\/\",\"logo\":{\"@type\":\"ImageObject\",\"inLanguage\":\"pl-PL\",\"@id\":\"https:\/\/kominki-elektryczne.pl\/blog\/#\/schema\/logo\/image\/\",\"url\":\"https:\/\/kominki-elektryczne.pl\/blog\/wp-content\/uploads\/2025\/04\/cropped-LogoAflamo.jpg\",\"contentUrl\":\"https:\/\/kominki-elektryczne.pl\/blog\/wp-content\/uploads\/2025\/04\/cropped-LogoAflamo.jpg\",\"width\":200,\"height\":58,\"caption\":\"Kominki-Elektryczne.pl\"},\"image\":{\"@id\":\"https:\/\/kominki-elektryczne.pl\/blog\/#\/schema\/logo\/image\/\"},\"sameAs\":[\"https:\/\/www.facebook.com\/elektrycznekominki\"]},{\"@type\":\"Person\",\"@id\":\"https:\/\/kominki-elektryczne.pl\/blog\/#\/schema\/person\/045e7544e3e90364f5f82cc509123089\",\"name\":\"Kominkowy\",\"image\":{\"@type\":\"ImageObject\",\"inLanguage\":\"pl-PL\",\"@id\":\"https:\/\/kominki-elektryczne.pl\/blog\/#\/schema\/person\/image\/\",\"url\":\"https:\/\/secure.gravatar.com\/avatar\/8c15720599195e8ba4119df2db28ce7e?s=96&d=mm&r=g\",\"contentUrl\":\"https:\/\/secure.gravatar.com\/avatar\/8c15720599195e8ba4119df2db28ce7e?s=96&d=mm&r=g\",\"caption\":\"Kominkowy\"},\"sameAs\":[\"http:\/\/www.kominki-elektryczne.pl\"],\"url\":\"https:\/\/kominki-elektryczne.pl\/blog\/author\/led-handel\/\"}]}<\/script>\n<!-- \/ Yoast SEO plugin. -->","yoast_head_json":{"title":"Chimeneas El\u00e9ctricas y Env\u00edo Seguro - Kominki-Elektryczne.pl","robots":{"index":"index","follow":"follow","max-snippet":"max-snippet:-1","max-image-preview":"max-image-preview:large","max-video-preview":"max-video-preview:-1"},"canonical":"https:\/\/kominki-elektryczne.pl\/blog\/es\/2025\/08\/14\/chimeneas-electricas-y-envio-seguro\/","og_locale":"pl_PL","og_type":"article","og_title":"Chimeneas El\u00e9ctricas y Env\u00edo Seguro - Kominki-Elektryczne.pl","og_description":"Las chimeneas el\u00e9ctricas Aflamo son sin\u00f3nimo de modernidad, est\u00e9tica y seguridad. Al elegir una chimenea el\u00e9ctrica LED Aflamo, no solo obtendr\u00e1 una atractiva decoraci\u00f3n interior, sino tambi\u00e9n una soluci\u00f3n de calefacci\u00f3n pr\u00e1ctica y ecol\u00f3gica. Sin embargo, un aspecto crucial al que la marca presta especial &hellip;","og_url":"https:\/\/kominki-elektryczne.pl\/blog\/es\/2025\/08\/14\/chimeneas-electricas-y-envio-seguro\/","og_site_name":"Kominki-Elektryczne.pl","article_publisher":"https:\/\/www.facebook.com\/elektrycznekominki","article_published_time":"2025-08-14T11:35:36+00:00","article_modified_time":"2025-08-14T11:36:46+00:00","og_image":[{"width":2560,"height":1920,"url":"https:\/\/kominki-elektryczne.pl\/blog\/wp-content\/uploads\/2025\/08\/IMG_0138-scaled.jpeg","type":"image\/jpeg"}],"author":"Kominkowy","twitter_card":"summary_large_image","twitter_misc":{"Napisane przez":"Kominkowy","Szacowany czas czytania":"4 minuty"},"schema":{"@context":"https:\/\/schema.org","@graph":[{"@type":"Article","@id":"https:\/\/kominki-elektryczne.pl\/blog\/es\/2025\/08\/14\/chimeneas-electricas-y-envio-seguro\/#article","isPartOf":{"@id":"https:\/\/kominki-elektryczne.pl\/blog\/es\/2025\/08\/14\/chimeneas-electricas-y-envio-seguro\/"},"author":{"name":"Kominkowy","@id":"https:\/\/kominki-elektryczne.pl\/blog\/#\/schema\/person\/045e7544e3e90364f5f82cc509123089"},"headline":"Chimeneas El\u00e9ctricas y Env\u00edo Seguro","datePublished":"2025-08-14T11:35:36+00:00","dateModified":"2025-08-14T11:36:46+00:00","mainEntityOfPage":{"@id":"https:\/\/kominki-elektryczne.pl\/blog\/es\/2025\/08\/14\/chimeneas-electricas-y-envio-seguro\/"},"wordCount":493,"publisher":{"@id":"https:\/\/kominki-elektryczne.pl\/blog\/#organization"},"image":{"@id":"https:\/\/kominki-elektryczne.pl\/blog\/es\/2025\/08\/14\/chimeneas-electricas-y-envio-seguro\/#primaryimage"},"thumbnailUrl":"https:\/\/kominki-elektryczne.pl\/blog\/wp-content\/uploads\/2025\/08\/IMG_0138-scaled.jpeg","keywords":["chimenea cerrada","chimenea cl\u00e1sica","chimenea electrica","Chimeneas el\u00e9ctricas aflamo","chimeneas el\u00e9ctricas con sonido","Chimeneas el\u00e9ctricas de pared elite","chimeneas el\u00e9ctricas Majestic Pro","chimeneas el\u00e9ctricas Royal 3D","chimeneas el\u00e9ctricas Royal Pro","chimeneas el\u00e9ctricas Superb 3D"],"inLanguage":"pl-PL"},{"@type":"WebPage","@id":"https:\/\/kominki-elektryczne.pl\/blog\/es\/2025\/08\/14\/chimeneas-electricas-y-envio-seguro\/","url":"https:\/\/kominki-elektryczne.pl\/blog\/es\/2025\/08\/14\/chimeneas-electricas-y-envio-seguro\/","name":"Chimeneas El\u00e9ctricas y Env\u00edo Seguro - Kominki-Elektryczne.pl","isPartOf":{"@id":"https:\/\/kominki-elektryczne.pl\/blog\/#website"},"primaryImageOfPage":{"@id":"https:\/\/kominki-elektryczne.pl\/blog\/es\/2025\/08\/14\/chimeneas-electricas-y-envio-seguro\/#primaryimage"},"image":{"@id":"https:\/\/kominki-elektryczne.pl\/blog\/es\/2025\/08\/14\/chimeneas-electricas-y-envio-seguro\/#primaryimage"},"thumbnailUrl":"https:\/\/kominki-elektryczne.pl\/blog\/wp-content\/uploads\/2025\/08\/IMG_0138-scaled.jpeg","datePublished":"2025-08-14T11:35:36+00:00","dateModified":"2025-08-14T11:36:46+00:00","breadcrumb":{"@id":"https:\/\/kominki-elektryczne.pl\/blog\/es\/2025\/08\/14\/chimeneas-electricas-y-envio-seguro\/#breadcrumb"},"inLanguage":"pl-PL","potentialAction":[{"@type":"ReadAction","target":["https:\/\/kominki-elektryczne.pl\/blog\/es\/2025\/08\/14\/chimeneas-electricas-y-envio-seguro\/"]}]},{"@type":"ImageObject","inLanguage":"pl-PL","@id":"https:\/\/kominki-elektryczne.pl\/blog\/es\/2025\/08\/14\/chimeneas-electricas-y-envio-seguro\/#primaryimage","url":"https:\/\/kominki-elektryczne.pl\/blog\/wp-content\/uploads\/2025\/08\/IMG_0138-scaled.jpeg","contentUrl":"https:\/\/kominki-elektryczne.pl\/blog\/wp-content\/uploads\/2025\/08\/IMG_0138-scaled.jpeg","width":2560,"height":1920},{"@type":"BreadcrumbList","@id":"https:\/\/kominki-elektryczne.pl\/blog\/es\/2025\/08\/14\/chimeneas-electricas-y-envio-seguro\/#breadcrumb","itemListElement":[{"@type":"ListItem","position":1,"name":"Strona g\u0142\u00f3wna","item":"https:\/\/kominki-elektryczne.pl\/blog\/"},{"@type":"ListItem","position":2,"name":"Chimeneas El\u00e9ctricas y Env\u00edo Seguro"}]},{"@type":"WebSite","@id":"https:\/\/kominki-elektryczne.pl\/blog\/#website","url":"https:\/\/kominki-elektryczne.pl\/blog\/","name":"Kominki-Elektryczne.pl","description":"Opisy - Porady - Recenzje","publisher":{"@id":"https:\/\/kominki-elektryczne.pl\/blog\/#organization"},"potentialAction":[{"@type":"SearchAction","target":{"@type":"EntryPoint","urlTemplate":"https:\/\/kominki-elektryczne.pl\/blog\/?s={search_term_string}"},"query-input":{"@type":"PropertyValueSpecification","valueRequired":true,"valueName":"search_term_string"}}],"inLanguage":"pl-PL"},{"@type":"Organization","@id":"https:\/\/kominki-elektryczne.pl\/blog\/#organization","name":"Kominki-Elektryczne.pl","url":"https:\/\/kominki-elektryczne.pl\/blog\/","logo":{"@type":"ImageObject","inLanguage":"pl-PL","@id":"https:\/\/kominki-elektryczne.pl\/blog\/#\/schema\/logo\/image\/","url":"https:\/\/kominki-elektryczne.pl\/blog\/wp-content\/uploads\/2025\/04\/cropped-LogoAflamo.jpg","contentUrl":"https:\/\/kominki-elektryczne.pl\/blog\/wp-content\/uploads\/2025\/04\/cropped-LogoAflamo.jpg","width":200,"height":58,"caption":"Kominki-Elektryczne.pl"},"image":{"@id":"https:\/\/kominki-elektryczne.pl\/blog\/#\/schema\/logo\/image\/"},"sameAs":["https:\/\/www.facebook.com\/elektrycznekominki"]},{"@type":"Person","@id":"https:\/\/kominki-elektryczne.pl\/blog\/#\/schema\/person\/045e7544e3e90364f5f82cc509123089","name":"Kominkowy","image":{"@type":"ImageObject","inLanguage":"pl-PL","@id":"https:\/\/kominki-elektryczne.pl\/blog\/#\/schema\/person\/image\/","url":"https:\/\/secure.gravatar.com\/avatar\/8c15720599195e8ba4119df2db28ce7e?s=96&d=mm&r=g","contentUrl":"https:\/\/secure.gravatar.com\/avatar\/8c15720599195e8ba4119df2db28ce7e?s=96&d=mm&r=g","caption":"Kominkowy"},"sameAs":["http:\/\/www.kominki-elektryczne.pl"],"url":"https:\/\/kominki-elektryczne.pl\/blog\/author\/led-handel\/"}]}},"_links":{"self":[{"href":"https:\/\/kominki-elektryczne.pl\/blog\/wp-json\/wp\/v2\/posts\/1196","targetHints":{"allow":["GET"]}}],"collection":[{"href":"https:\/\/kominki-elektryczne.pl\/blog\/wp-json\/wp\/v2\/posts"}],"about":[{"href":"https:\/\/kominki-elektryczne.pl\/blog\/wp-json\/wp\/v2\/types\/post"}],"author":[{"embeddable":true,"href":"https:\/\/kominki-elektryczne.pl\/blog\/wp-json\/wp\/v2\/users\/1"}],"replies":[{"embeddable":true,"href":"https:\/\/kominki-elektryczne.pl\/blog\/wp-json\/wp\/v2\/comments?post=1196"}],"version-history":[{"count":1,"href":"https:\/\/kominki-elektryczne.pl\/blog\/wp-json\/wp\/v2\/posts\/1196\/revisions"}],"predecessor-version":[{"id":1197,"href":"https:\/\/kominki-elektryczne.pl\/blog\/wp-json\/wp\/v2\/posts\/1196\/revisions\/1197"}],"wp:featuredmedia":[{"embeddable":true,"href":"https:\/\/kominki-elektryczne.pl\/blog\/wp-json\/wp\/v2\/media\/1192"}],"wp:attachment":[{"href":"https:\/\/kominki-elektryczne.pl\/blog\/wp-json\/wp\/v2\/media?parent=1196"}],"wp:term":[{"taxonomy":"category","embeddable":true,"href":"https:\/\/kominki-elektryczne.pl\/blog\/wp-json\/wp\/v2\/categories?post=1196"},{"taxonomy":"post_tag","embeddable":true,"href":"https:\/\/kominki-elektryczne.pl\/blog\/wp-json\/wp\/v2\/tags?post=1196"}],"curies":[{"name":"wp","href":"https:\/\/api.w.org\/{rel}","templated":true}]}}