{"id":120,"date":"2019-03-14T16:12:54","date_gmt":"2019-03-14T15:12:54","guid":{"rendered":"https:\/\/kominki-elektryczne.pl\/blog\/?p=120"},"modified":"2024-10-08T12:14:48","modified_gmt":"2024-10-08T10:14:48","slug":"nowosci-w-naszym-sklepie","status":"publish","type":"post","link":"https:\/\/kominki-elektryczne.pl\/blog\/2019\/03\/14\/nowosci-w-naszym-sklepie\/","title":{"rendered":"Nowo\u015bci w naszym sklepie!"},"content":{"rendered":"<p>Witamy!<\/p>\n<p>Chcieliby\u015bmy poinformowa\u0107 o nowo\u015bciach, kt\u00f3re pojawi\u0105 si\u0119 w naszym sklepie ju\u017c 30.03.2019!<\/p>\n<p>B\u0119d\u0105 to kominki elektryczne \u015bcienne jak i r\u00f3wnie\u017c pod zabudow\u0119 model MAJESTIC w wielu r\u00f3\u017cnych rozmiarach, ale w kolorze BIA\u0141YM! B\u0119dzie to zupe\u0142ny HIT! Ju\u017c dzi\u015b zapraszamy do rezerwacji sobie takiego modelu! \ud83d\ude42<\/p>\n<p>ZAPRASZAMY!<\/p>\n<p><a href=\"https:\/\/www.kominki-elektryczne.pl\/szukaj?controller=search&amp;orderby=position&amp;orderway=desc&amp;search_query=majestic&amp;submit_search=\">www.kominki-elektryczne.pl<\/a><\/p>\n<p>&nbsp;<\/p>\n<p><img loading=\"lazy\" decoding=\"async\" class=\"alignnone size-full wp-image-121\" src=\"https:\/\/kominki-elektryczne.pl\/blog\/wp-content\/uploads\/2019\/03\/majestic-50-bialy-kominek-elektryczny-led-scienny-aflamo-model-2019.jpg\" alt=\"\" width=\"800\" height=\"800\" srcset=\"https:\/\/kominki-elektryczne.pl\/blog\/wp-content\/uploads\/2019\/03\/majestic-50-bialy-kominek-elektryczny-led-scienny-aflamo-model-2019.jpg 800w, https:\/\/kominki-elektryczne.pl\/blog\/wp-content\/uploads\/2019\/03\/majestic-50-bialy-kominek-elektryczny-led-scienny-aflamo-model-2019-150x150.jpg 150w, https:\/\/kominki-elektryczne.pl\/blog\/wp-content\/uploads\/2019\/03\/majestic-50-bialy-kominek-elektryczny-led-scienny-aflamo-model-2019-300x300.jpg 300w, https:\/\/kominki-elektryczne.pl\/blog\/wp-content\/uploads\/2019\/03\/majestic-50-bialy-kominek-elektryczny-led-scienny-aflamo-model-2019-768x768.jpg 768w, https:\/\/kominki-elektryczne.pl\/blog\/wp-content\/uploads\/2019\/03\/majestic-50-bialy-kominek-elektryczny-led-scienny-aflamo-model-2019-100x100.jpg 100w\" sizes=\"auto, (max-width: 800px) 100vw, 800px\" \/><\/p>\n","protected":false},"excerpt":{"rendered":"<p>Witamy! Chcieliby\u015bmy poinformowa\u0107 o nowo\u015bciach, kt\u00f3re pojawi\u0105 si\u0119 w naszym sklepie ju\u017c 30.03.2019! B\u0119d\u0105 to kominki elektryczne \u015bcienne jak i r\u00f3wnie\u017c pod zabudow\u0119 model MAJESTIC w wielu r\u00f3\u017cnych rozmiarach, ale w kolorze BIA\u0141YM! B\u0119dzie to zupe\u0142ny HIT! Ju\u017c dzi\u015b zapraszamy do rezerwacji sobie takiego modelu! &hellip; <\/p>\n","protected":false},"author":1,"featured_media":0,"comment_status":"closed","ping_status":"closed","sticky":false,"template":"","format":"standard","meta":{"footnotes":""},"categories":[1],"tags":[],"class_list":["post-120","post","type-post","status-publish","format-standard","hentry","category-bez-kategorii"],"yoast_head":"<!-- This site is optimized with the Yoast SEO plugin v25.7 - https:\/\/yoast.com\/wordpress\/plugins\/seo\/ -->\n<title>Nowo\u015bci w naszym sklepie! - Kominki-Elektryczne.pl<\/title>\n<meta name=\"robots\" content=\"index, follow, max-snippet:-1, max-image-preview:large, max-video-preview:-1\" \/>\n<link rel=\"canonical\" href=\"https:\/\/kominki-elektryczne.pl\/blog\/2019\/03\/14\/nowosci-w-naszym-sklepie\/\" \/>\n<meta property=\"og:locale\" content=\"pl_PL\" \/>\n<meta property=\"og:type\" content=\"article\" \/>\n<meta property=\"og:title\" content=\"Nowo\u015bci w naszym sklepie! - Kominki-Elektryczne.pl\" \/>\n<meta property=\"og:description\" content=\"Witamy! Chcieliby\u015bmy poinformowa\u0107 o nowo\u015bciach, kt\u00f3re pojawi\u0105 si\u0119 w naszym sklepie ju\u017c 30.03.2019! B\u0119d\u0105 to kominki elektryczne \u015bcienne jak i r\u00f3wnie\u017c pod zabudow\u0119 model MAJESTIC w wielu r\u00f3\u017cnych rozmiarach, ale w kolorze BIA\u0141YM! B\u0119dzie to zupe\u0142ny HIT! Ju\u017c dzi\u015b zapraszamy do rezerwacji sobie takiego modelu! &hellip;\" \/>\n<meta property=\"og:url\" content=\"https:\/\/kominki-elektryczne.pl\/blog\/2019\/03\/14\/nowosci-w-naszym-sklepie\/\" \/>\n<meta property=\"og:site_name\" content=\"Kominki-Elektryczne.pl\" \/>\n<meta property=\"article:publisher\" content=\"https:\/\/www.facebook.com\/elektrycznekominki\" \/>\n<meta property=\"article:published_time\" content=\"2019-03-14T15:12:54+00:00\" \/>\n<meta property=\"article:modified_time\" content=\"2024-10-08T10:14:48+00:00\" \/>\n<meta property=\"og:image\" content=\"https:\/\/kominki-elektryczne.pl\/blog\/wp-content\/uploads\/2019\/03\/majestic-50-bialy-kominek-elektryczny-led-scienny-aflamo-model-2019.jpg\" \/>\n\t<meta property=\"og:image:width\" content=\"800\" \/>\n\t<meta property=\"og:image:height\" content=\"800\" \/>\n\t<meta property=\"og:image:type\" content=\"image\/jpeg\" \/>\n<meta name=\"author\" content=\"Kominkowy\" \/>\n<meta name=\"twitter:card\" content=\"summary_large_image\" \/>\n<meta name=\"twitter:label1\" content=\"Napisane przez\" \/>\n\t<meta name=\"twitter:data1\" content=\"Kominkowy\" \/>\n<script type=\"application\/ld+json\" class=\"yoast-schema-graph\">{\"@context\":\"https:\/\/schema.org\",\"@graph\":[{\"@type\":\"Article\",\"@id\":\"https:\/\/kominki-elektryczne.pl\/blog\/2019\/03\/14\/nowosci-w-naszym-sklepie\/#article\",\"isPartOf\":{\"@id\":\"https:\/\/kominki-elektryczne.pl\/blog\/2019\/03\/14\/nowosci-w-naszym-sklepie\/\"},\"author\":{\"name\":\"Kominkowy\",\"@id\":\"https:\/\/kominki-elektryczne.pl\/blog\/#\/schema\/person\/045e7544e3e90364f5f82cc509123089\"},\"headline\":\"Nowo\u015bci w naszym sklepie!\",\"datePublished\":\"2019-03-14T15:12:54+00:00\",\"dateModified\":\"2024-10-08T10:14:48+00:00\",\"mainEntityOfPage\":{\"@id\":\"https:\/\/kominki-elektryczne.pl\/blog\/2019\/03\/14\/nowosci-w-naszym-sklepie\/\"},\"wordCount\":63,\"publisher\":{\"@id\":\"https:\/\/kominki-elektryczne.pl\/blog\/#organization\"},\"image\":{\"@id\":\"https:\/\/kominki-elektryczne.pl\/blog\/2019\/03\/14\/nowosci-w-naszym-sklepie\/#primaryimage\"},\"thumbnailUrl\":\"https:\/\/kominki-elektryczne.pl\/blog\/wp-content\/uploads\/2019\/03\/majestic-50-bialy-kominek-elektryczny-led-scienny-aflamo-model-2019.jpg\",\"inLanguage\":\"pl-PL\"},{\"@type\":\"WebPage\",\"@id\":\"https:\/\/kominki-elektryczne.pl\/blog\/2019\/03\/14\/nowosci-w-naszym-sklepie\/\",\"url\":\"https:\/\/kominki-elektryczne.pl\/blog\/2019\/03\/14\/nowosci-w-naszym-sklepie\/\",\"name\":\"Nowo\u015bci w naszym sklepie! - Kominki-Elektryczne.pl\",\"isPartOf\":{\"@id\":\"https:\/\/kominki-elektryczne.pl\/blog\/#website\"},\"primaryImageOfPage\":{\"@id\":\"https:\/\/kominki-elektryczne.pl\/blog\/2019\/03\/14\/nowosci-w-naszym-sklepie\/#primaryimage\"},\"image\":{\"@id\":\"https:\/\/kominki-elektryczne.pl\/blog\/2019\/03\/14\/nowosci-w-naszym-sklepie\/#primaryimage\"},\"thumbnailUrl\":\"https:\/\/kominki-elektryczne.pl\/blog\/wp-content\/uploads\/2019\/03\/majestic-50-bialy-kominek-elektryczny-led-scienny-aflamo-model-2019.jpg\",\"datePublished\":\"2019-03-14T15:12:54+00:00\",\"dateModified\":\"2024-10-08T10:14:48+00:00\",\"breadcrumb\":{\"@id\":\"https:\/\/kominki-elektryczne.pl\/blog\/2019\/03\/14\/nowosci-w-naszym-sklepie\/#breadcrumb\"},\"inLanguage\":\"pl-PL\",\"potentialAction\":[{\"@type\":\"ReadAction\",\"target\":[\"https:\/\/kominki-elektryczne.pl\/blog\/2019\/03\/14\/nowosci-w-naszym-sklepie\/\"]}]},{\"@type\":\"ImageObject\",\"inLanguage\":\"pl-PL\",\"@id\":\"https:\/\/kominki-elektryczne.pl\/blog\/2019\/03\/14\/nowosci-w-naszym-sklepie\/#primaryimage\",\"url\":\"https:\/\/kominki-elektryczne.pl\/blog\/wp-content\/uploads\/2019\/03\/majestic-50-bialy-kominek-elektryczny-led-scienny-aflamo-model-2019.jpg\",\"contentUrl\":\"https:\/\/kominki-elektryczne.pl\/blog\/wp-content\/uploads\/2019\/03\/majestic-50-bialy-kominek-elektryczny-led-scienny-aflamo-model-2019.jpg\",\"width\":800,\"height\":800},{\"@type\":\"BreadcrumbList\",\"@id\":\"https:\/\/kominki-elektryczne.pl\/blog\/2019\/03\/14\/nowosci-w-naszym-sklepie\/#breadcrumb\",\"itemListElement\":[{\"@type\":\"ListItem\",\"position\":1,\"name\":\"Strona g\u0142\u00f3wna\",\"item\":\"https:\/\/kominki-elektryczne.pl\/blog\/\"},{\"@type\":\"ListItem\",\"position\":2,\"name\":\"Nowo\u015bci w naszym sklepie!\"}]},{\"@type\":\"WebSite\",\"@id\":\"https:\/\/kominki-elektryczne.pl\/blog\/#website\",\"url\":\"https:\/\/kominki-elektryczne.pl\/blog\/\",\"name\":\"Kominki-Elektryczne.pl\",\"description\":\"Opisy - Porady - Recenzje\",\"publisher\":{\"@id\":\"https:\/\/kominki-elektryczne.pl\/blog\/#organization\"},\"potentialAction\":[{\"@type\":\"SearchAction\",\"target\":{\"@type\":\"EntryPoint\",\"urlTemplate\":\"https:\/\/kominki-elektryczne.pl\/blog\/?s={search_term_string}\"},\"query-input\":{\"@type\":\"PropertyValueSpecification\",\"valueRequired\":true,\"valueName\":\"search_term_string\"}}],\"inLanguage\":\"pl-PL\"},{\"@type\":\"Organization\",\"@id\":\"https:\/\/kominki-elektryczne.pl\/blog\/#organization\",\"name\":\"Kominki-Elektryczne.pl\",\"url\":\"https:\/\/kominki-elektryczne.pl\/blog\/\",\"logo\":{\"@type\":\"ImageObject\",\"inLanguage\":\"pl-PL\",\"@id\":\"https:\/\/kominki-elektryczne.pl\/blog\/#\/schema\/logo\/image\/\",\"url\":\"https:\/\/kominki-elektryczne.pl\/blog\/wp-content\/uploads\/2025\/04\/cropped-LogoAflamo.jpg\",\"contentUrl\":\"https:\/\/kominki-elektryczne.pl\/blog\/wp-content\/uploads\/2025\/04\/cropped-LogoAflamo.jpg\",\"width\":200,\"height\":58,\"caption\":\"Kominki-Elektryczne.pl\"},\"image\":{\"@id\":\"https:\/\/kominki-elektryczne.pl\/blog\/#\/schema\/logo\/image\/\"},\"sameAs\":[\"https:\/\/www.facebook.com\/elektrycznekominki\"]},{\"@type\":\"Person\",\"@id\":\"https:\/\/kominki-elektryczne.pl\/blog\/#\/schema\/person\/045e7544e3e90364f5f82cc509123089\",\"name\":\"Kominkowy\",\"image\":{\"@type\":\"ImageObject\",\"inLanguage\":\"pl-PL\",\"@id\":\"https:\/\/kominki-elektryczne.pl\/blog\/#\/schema\/person\/image\/\",\"url\":\"https:\/\/secure.gravatar.com\/avatar\/8c15720599195e8ba4119df2db28ce7e?s=96&d=mm&r=g\",\"contentUrl\":\"https:\/\/secure.gravatar.com\/avatar\/8c15720599195e8ba4119df2db28ce7e?s=96&d=mm&r=g\",\"caption\":\"Kominkowy\"},\"sameAs\":[\"http:\/\/www.kominki-elektryczne.pl\"],\"url\":\"https:\/\/kominki-elektryczne.pl\/blog\/author\/led-handel\/\"}]}<\/script>\n<!-- \/ Yoast SEO plugin. -->","yoast_head_json":{"title":"Nowo\u015bci w naszym sklepie! - Kominki-Elektryczne.pl","robots":{"index":"index","follow":"follow","max-snippet":"max-snippet:-1","max-image-preview":"max-image-preview:large","max-video-preview":"max-video-preview:-1"},"canonical":"https:\/\/kominki-elektryczne.pl\/blog\/2019\/03\/14\/nowosci-w-naszym-sklepie\/","og_locale":"pl_PL","og_type":"article","og_title":"Nowo\u015bci w naszym sklepie! - Kominki-Elektryczne.pl","og_description":"Witamy! Chcieliby\u015bmy poinformowa\u0107 o nowo\u015bciach, kt\u00f3re pojawi\u0105 si\u0119 w naszym sklepie ju\u017c 30.03.2019! B\u0119d\u0105 to kominki elektryczne \u015bcienne jak i r\u00f3wnie\u017c pod zabudow\u0119 model MAJESTIC w wielu r\u00f3\u017cnych rozmiarach, ale w kolorze BIA\u0141YM! B\u0119dzie to zupe\u0142ny HIT! Ju\u017c dzi\u015b zapraszamy do rezerwacji sobie takiego modelu! &hellip;","og_url":"https:\/\/kominki-elektryczne.pl\/blog\/2019\/03\/14\/nowosci-w-naszym-sklepie\/","og_site_name":"Kominki-Elektryczne.pl","article_publisher":"https:\/\/www.facebook.com\/elektrycznekominki","article_published_time":"2019-03-14T15:12:54+00:00","article_modified_time":"2024-10-08T10:14:48+00:00","og_image":[{"width":800,"height":800,"url":"https:\/\/kominki-elektryczne.pl\/blog\/wp-content\/uploads\/2019\/03\/majestic-50-bialy-kominek-elektryczny-led-scienny-aflamo-model-2019.jpg","type":"image\/jpeg"}],"author":"Kominkowy","twitter_card":"summary_large_image","twitter_misc":{"Napisane przez":"Kominkowy"},"schema":{"@context":"https:\/\/schema.org","@graph":[{"@type":"Article","@id":"https:\/\/kominki-elektryczne.pl\/blog\/2019\/03\/14\/nowosci-w-naszym-sklepie\/#article","isPartOf":{"@id":"https:\/\/kominki-elektryczne.pl\/blog\/2019\/03\/14\/nowosci-w-naszym-sklepie\/"},"author":{"name":"Kominkowy","@id":"https:\/\/kominki-elektryczne.pl\/blog\/#\/schema\/person\/045e7544e3e90364f5f82cc509123089"},"headline":"Nowo\u015bci w naszym sklepie!","datePublished":"2019-03-14T15:12:54+00:00","dateModified":"2024-10-08T10:14:48+00:00","mainEntityOfPage":{"@id":"https:\/\/kominki-elektryczne.pl\/blog\/2019\/03\/14\/nowosci-w-naszym-sklepie\/"},"wordCount":63,"publisher":{"@id":"https:\/\/kominki-elektryczne.pl\/blog\/#organization"},"image":{"@id":"https:\/\/kominki-elektryczne.pl\/blog\/2019\/03\/14\/nowosci-w-naszym-sklepie\/#primaryimage"},"thumbnailUrl":"https:\/\/kominki-elektryczne.pl\/blog\/wp-content\/uploads\/2019\/03\/majestic-50-bialy-kominek-elektryczny-led-scienny-aflamo-model-2019.jpg","inLanguage":"pl-PL"},{"@type":"WebPage","@id":"https:\/\/kominki-elektryczne.pl\/blog\/2019\/03\/14\/nowosci-w-naszym-sklepie\/","url":"https:\/\/kominki-elektryczne.pl\/blog\/2019\/03\/14\/nowosci-w-naszym-sklepie\/","name":"Nowo\u015bci w naszym sklepie! - Kominki-Elektryczne.pl","isPartOf":{"@id":"https:\/\/kominki-elektryczne.pl\/blog\/#website"},"primaryImageOfPage":{"@id":"https:\/\/kominki-elektryczne.pl\/blog\/2019\/03\/14\/nowosci-w-naszym-sklepie\/#primaryimage"},"image":{"@id":"https:\/\/kominki-elektryczne.pl\/blog\/2019\/03\/14\/nowosci-w-naszym-sklepie\/#primaryimage"},"thumbnailUrl":"https:\/\/kominki-elektryczne.pl\/blog\/wp-content\/uploads\/2019\/03\/majestic-50-bialy-kominek-elektryczny-led-scienny-aflamo-model-2019.jpg","datePublished":"2019-03-14T15:12:54+00:00","dateModified":"2024-10-08T10:14:48+00:00","breadcrumb":{"@id":"https:\/\/kominki-elektryczne.pl\/blog\/2019\/03\/14\/nowosci-w-naszym-sklepie\/#breadcrumb"},"inLanguage":"pl-PL","potentialAction":[{"@type":"ReadAction","target":["https:\/\/kominki-elektryczne.pl\/blog\/2019\/03\/14\/nowosci-w-naszym-sklepie\/"]}]},{"@type":"ImageObject","inLanguage":"pl-PL","@id":"https:\/\/kominki-elektryczne.pl\/blog\/2019\/03\/14\/nowosci-w-naszym-sklepie\/#primaryimage","url":"https:\/\/kominki-elektryczne.pl\/blog\/wp-content\/uploads\/2019\/03\/majestic-50-bialy-kominek-elektryczny-led-scienny-aflamo-model-2019.jpg","contentUrl":"https:\/\/kominki-elektryczne.pl\/blog\/wp-content\/uploads\/2019\/03\/majestic-50-bialy-kominek-elektryczny-led-scienny-aflamo-model-2019.jpg","width":800,"height":800},{"@type":"BreadcrumbList","@id":"https:\/\/kominki-elektryczne.pl\/blog\/2019\/03\/14\/nowosci-w-naszym-sklepie\/#breadcrumb","itemListElement":[{"@type":"ListItem","position":1,"name":"Strona g\u0142\u00f3wna","item":"https:\/\/kominki-elektryczne.pl\/blog\/"},{"@type":"ListItem","position":2,"name":"Nowo\u015bci w naszym sklepie!"}]},{"@type":"WebSite","@id":"https:\/\/kominki-elektryczne.pl\/blog\/#website","url":"https:\/\/kominki-elektryczne.pl\/blog\/","name":"Kominki-Elektryczne.pl","description":"Opisy - Porady - Recenzje","publisher":{"@id":"https:\/\/kominki-elektryczne.pl\/blog\/#organization"},"potentialAction":[{"@type":"SearchAction","target":{"@type":"EntryPoint","urlTemplate":"https:\/\/kominki-elektryczne.pl\/blog\/?s={search_term_string}"},"query-input":{"@type":"PropertyValueSpecification","valueRequired":true,"valueName":"search_term_string"}}],"inLanguage":"pl-PL"},{"@type":"Organization","@id":"https:\/\/kominki-elektryczne.pl\/blog\/#organization","name":"Kominki-Elektryczne.pl","url":"https:\/\/kominki-elektryczne.pl\/blog\/","logo":{"@type":"ImageObject","inLanguage":"pl-PL","@id":"https:\/\/kominki-elektryczne.pl\/blog\/#\/schema\/logo\/image\/","url":"https:\/\/kominki-elektryczne.pl\/blog\/wp-content\/uploads\/2025\/04\/cropped-LogoAflamo.jpg","contentUrl":"https:\/\/kominki-elektryczne.pl\/blog\/wp-content\/uploads\/2025\/04\/cropped-LogoAflamo.jpg","width":200,"height":58,"caption":"Kominki-Elektryczne.pl"},"image":{"@id":"https:\/\/kominki-elektryczne.pl\/blog\/#\/schema\/logo\/image\/"},"sameAs":["https:\/\/www.facebook.com\/elektrycznekominki"]},{"@type":"Person","@id":"https:\/\/kominki-elektryczne.pl\/blog\/#\/schema\/person\/045e7544e3e90364f5f82cc509123089","name":"Kominkowy","image":{"@type":"ImageObject","inLanguage":"pl-PL","@id":"https:\/\/kominki-elektryczne.pl\/blog\/#\/schema\/person\/image\/","url":"https:\/\/secure.gravatar.com\/avatar\/8c15720599195e8ba4119df2db28ce7e?s=96&d=mm&r=g","contentUrl":"https:\/\/secure.gravatar.com\/avatar\/8c15720599195e8ba4119df2db28ce7e?s=96&d=mm&r=g","caption":"Kominkowy"},"sameAs":["http:\/\/www.kominki-elektryczne.pl"],"url":"https:\/\/kominki-elektryczne.pl\/blog\/author\/led-handel\/"}]}},"_links":{"self":[{"href":"https:\/\/kominki-elektryczne.pl\/blog\/wp-json\/wp\/v2\/posts\/120","targetHints":{"allow":["GET"]}}],"collection":[{"href":"https:\/\/kominki-elektryczne.pl\/blog\/wp-json\/wp\/v2\/posts"}],"about":[{"href":"https:\/\/kominki-elektryczne.pl\/blog\/wp-json\/wp\/v2\/types\/post"}],"author":[{"embeddable":true,"href":"https:\/\/kominki-elektryczne.pl\/blog\/wp-json\/wp\/v2\/users\/1"}],"replies":[{"embeddable":true,"href":"https:\/\/kominki-elektryczne.pl\/blog\/wp-json\/wp\/v2\/comments?post=120"}],"version-history":[{"count":1,"href":"https:\/\/kominki-elektryczne.pl\/blog\/wp-json\/wp\/v2\/posts\/120\/revisions"}],"predecessor-version":[{"id":122,"href":"https:\/\/kominki-elektryczne.pl\/blog\/wp-json\/wp\/v2\/posts\/120\/revisions\/122"}],"wp:attachment":[{"href":"https:\/\/kominki-elektryczne.pl\/blog\/wp-json\/wp\/v2\/media?parent=120"}],"wp:term":[{"taxonomy":"category","embeddable":true,"href":"https:\/\/kominki-elektryczne.pl\/blog\/wp-json\/wp\/v2\/categories?post=120"},{"taxonomy":"post_tag","embeddable":true,"href":"https:\/\/kominki-elektryczne.pl\/blog\/wp-json\/wp\/v2\/tags?post=120"}],"curies":[{"name":"wp","href":"https:\/\/api.w.org\/{rel}","templated":true}]}}