{"id":1214,"date":"2025-08-26T14:22:39","date_gmt":"2025-08-26T12:22:39","guid":{"rendered":"https:\/\/kominki-elektryczne.pl\/blog\/?p=1214"},"modified":"2025-08-26T14:22:41","modified_gmt":"2025-08-26T12:22:41","slug":"chimeneas-electricas-aflamo-ecologia-y-ahorro-de-energia","status":"publish","type":"post","link":"https:\/\/kominki-elektryczne.pl\/blog\/es\/2025\/08\/26\/chimeneas-electricas-aflamo-ecologia-y-ahorro-de-energia\/","title":{"rendered":"Chimeneas El\u00e9ctricas Aflamo &#8211; Ecolog\u00eda y Ahorro Energ\u00e9tico"},"content":{"rendered":"\n<p>En una era de creciente concienciaci\u00f3n ambiental y cuidado del entorno natural, cada vez m\u00e1s personas buscan soluciones que les permitan ahorrar energ\u00eda, manteniendo la est\u00e9tica y el confort de sus hogares. Una chimenea el\u00e9ctrica es una excelente opci\u00f3n, ya que combina un enfoque ecol\u00f3gico con un dise\u00f1o moderno. Entre los modelos disponibles en el mercado, destacan los productos Aflamo, que se distinguen por su alta calidad, innovaci\u00f3n y eficiencia energ\u00e9tica.<\/p>\n\n\n\n<h2 class=\"wp-block-heading\">Chimenea El\u00e9ctrica: Una Soluci\u00f3n Moderna y Ecol\u00f3gica<\/h2>\n\n\n\n<p>Las chimeneas tradicionales de le\u00f1a o gas, a pesar de su atractivo, se asocian con muchos aspectos negativos, como las emisiones de di\u00f3xido de carbono, la contaminaci\u00f3n atmosf\u00e9rica y la necesidad de almacenar combustible. Una chimenea el\u00e9ctrica, por otro lado, es una excelente alternativa que no solo es segura y limpia, sino tambi\u00e9n respetuosa con el medio ambiente. Estos dispositivos no emiten gases de escape ni requieren la quema de combustibles f\u00f3siles, lo que reduce significativamente la huella de carbono del usuario.<\/p>\n\n\n\n<h2 class=\"wp-block-heading\">Chimenea El\u00e9ctrica LED: Tecnolog\u00eda Moderna y Bajo Consumo<\/h2>\n\n\n\n<p>Las modernas chimeneas el\u00e9ctricas LED utilizan tecnolog\u00eda avanzada de diodos emisores de luz (LED), que imita el efecto realista de un fuego encendido. Esta soluci\u00f3n crea un ambiente acogedor sin consumir mucha energ\u00eda. La tecnolog\u00eda LED es reconocida por su bajo consumo y larga vida \u00fatil, lo que permite que una chimenea LED no solo decore el interior, sino que tambi\u00e9n ahorre en la factura de la luz.<\/p>\n\n\n\n<h2 class=\"wp-block-heading\">Chimenea El\u00e9ctrica Aflamo: Una Combinaci\u00f3n de Dise\u00f1o, Ecolog\u00eda y Ahorro<\/h2>\n\n\n\n<p>La marca Aflamo se ha ganado la confianza de los clientes gracias a su combinaci\u00f3n \u00fanica de est\u00e9tica y funcionalidad. La chimenea el\u00e9ctrica Aflamo presume de un dise\u00f1o atractivo que la convierte en un complemento elegante para cualquier sal\u00f3n o dormitorio. Adem\u00e1s, estos dispositivos est\u00e1n dise\u00f1ados con la m\u00e1xima eficiencia energ\u00e9tica, lo que significa que calientan la habitaci\u00f3n eficazmente y minimizan el consumo de electricidad.<\/p>\n\n\n\n<p>Los productos Aflamo suelen incluir temporizadores, control de intensidad de la llama y funci\u00f3n de calentamiento de aire, lo que permite una personalizaci\u00f3n individualizada para adaptarse a las necesidades del usuario. Esto convierte a la chimenea el\u00e9ctrica Aflamo no solo en una fuente de calor, sino tambi\u00e9n en parte de un estilo de vida ecol\u00f3gico. Ventajas de las chimeneas el\u00e9ctricas Aflamo<\/p>\n\n\n\n<p>Ecol\u00f3gicas: sin emisiones ni humo.<\/p>\n\n\n\n<ul class=\"wp-block-list\">\n<li>Ahorro de energ\u00eda: tecnolog\u00eda LED avanzada y control de potencia.<\/li>\n\n\n\n<li>Seguridad operativa: sin llamas abiertas, protecci\u00f3n contra sobrecalentamiento.<\/li>\n\n\n\n<li>F\u00e1cil instalaci\u00f3n y manejo: se pueden colocar en cualquier lugar.<\/li>\n\n\n\n<li>Est\u00e9tica y dise\u00f1o: una apariencia moderna que complementa diversos interiores.<\/li>\n<\/ul>\n\n\n\n<h2 class=\"wp-block-heading\">Resumen<\/h2>\n\n\n\n<p>Al invertir en una chimenea el\u00e9ctrica, especialmente una de la marca Aflamo, elige una soluci\u00f3n que combina un enfoque ecol\u00f3gico con funcionalidad y ahorro de energ\u00eda. Gracias a la tecnolog\u00eda LED y sus caracter\u00edsticas bien pensadas, las chimeneas el\u00e9ctricas Aflamo son el complemento perfecto para un hogar moderno, energ\u00e9ticamente eficiente y ecol\u00f3gico. Combinan belleza con cuidado del planeta: perfectas para los consumidores conscientes del siglo XXI.<\/p>\n","protected":false},"excerpt":{"rendered":"<p>En una era de creciente concienciaci\u00f3n ambiental y cuidado del entorno natural, cada vez m\u00e1s personas buscan soluciones que les permitan ahorrar energ\u00eda, manteniendo la est\u00e9tica y el confort de sus hogares. Una chimenea el\u00e9ctrica es una excelente opci\u00f3n, ya que combina un enfoque ecol\u00f3gico &hellip; <\/p>\n","protected":false},"author":1,"featured_media":1212,"comment_status":"closed","ping_status":"closed","sticky":false,"template":"","format":"standard","meta":{"footnotes":""},"categories":[29],"tags":[396,399,401,581,579,742,577,607,575,609],"class_list":["post-1214","post","type-post","status-publish","format-standard","has-post-thumbnail","hentry","category-bez-kategorii-es","tag-chimenea-cerrada","tag-chimenea-clasica","tag-chimenea-electrica","tag-chimeneas-electricas-aflamo","tag-chimeneas-electricas-con-sonido","tag-chimeneas-electricas-de-pared-elite","tag-chimeneas-electricas-majestic-pro","tag-chimeneas-electricas-royal-3d","tag-chimeneas-electricas-royal-pro","tag-chimeneas-electricas-superb-3d"],"yoast_head":"<!-- This site is optimized with the Yoast SEO plugin v25.7 - https:\/\/yoast.com\/wordpress\/plugins\/seo\/ -->\n<title>Chimeneas El\u00e9ctricas Aflamo - Ecolog\u00eda y Ahorro de Energ\u00eda<\/title>\n<meta name=\"description\" content=\"Las chimeneas el\u00e9ctricas son cada vez m\u00e1s populares como alternativa a las chimeneas tradicionales. Pero, \u00bfson m\u00e1s seguras?\" \/>\n<meta name=\"robots\" content=\"index, follow, max-snippet:-1, max-image-preview:large, max-video-preview:-1\" \/>\n<link rel=\"canonical\" href=\"https:\/\/kominki-elektryczne.pl\/blog\/es\/2025\/08\/26\/chimeneas-electricas-aflamo-ecologia-y-ahorro-de-energia\/\" \/>\n<meta property=\"og:locale\" content=\"pl_PL\" \/>\n<meta property=\"og:type\" content=\"article\" \/>\n<meta property=\"og:title\" content=\"Chimeneas El\u00e9ctricas Aflamo - Ecolog\u00eda y Ahorro de Energ\u00eda\" \/>\n<meta property=\"og:description\" content=\"Las chimeneas el\u00e9ctricas son cada vez m\u00e1s populares como alternativa a las chimeneas tradicionales. Pero, \u00bfson m\u00e1s seguras?\" \/>\n<meta property=\"og:url\" content=\"https:\/\/kominki-elektryczne.pl\/blog\/es\/2025\/08\/26\/chimeneas-electricas-aflamo-ecologia-y-ahorro-de-energia\/\" \/>\n<meta property=\"og:site_name\" content=\"Kominki-Elektryczne.pl\" \/>\n<meta property=\"article:publisher\" content=\"https:\/\/www.facebook.com\/elektrycznekominki\" \/>\n<meta property=\"article:published_time\" content=\"2025-08-26T12:22:39+00:00\" \/>\n<meta property=\"article:modified_time\" content=\"2025-08-26T12:22:41+00:00\" \/>\n<meta property=\"og:image\" content=\"https:\/\/kominki-elektryczne.pl\/blog\/wp-content\/uploads\/2025\/08\/Unique-NH_aranzacja.jpg\" \/>\n\t<meta property=\"og:image:width\" content=\"1920\" \/>\n\t<meta property=\"og:image:height\" content=\"1080\" \/>\n\t<meta property=\"og:image:type\" content=\"image\/jpeg\" \/>\n<meta name=\"author\" content=\"Kominkowy\" \/>\n<meta name=\"twitter:card\" content=\"summary_large_image\" \/>\n<meta name=\"twitter:label1\" content=\"Napisane przez\" \/>\n\t<meta name=\"twitter:data1\" content=\"Kominkowy\" \/>\n\t<meta name=\"twitter:label2\" content=\"Szacowany czas czytania\" \/>\n\t<meta name=\"twitter:data2\" content=\"4 minuty\" \/>\n<script type=\"application\/ld+json\" class=\"yoast-schema-graph\">{\"@context\":\"https:\/\/schema.org\",\"@graph\":[{\"@type\":\"Article\",\"@id\":\"https:\/\/kominki-elektryczne.pl\/blog\/es\/2025\/08\/26\/chimeneas-electricas-aflamo-ecologia-y-ahorro-de-energia\/#article\",\"isPartOf\":{\"@id\":\"https:\/\/kominki-elektryczne.pl\/blog\/es\/2025\/08\/26\/chimeneas-electricas-aflamo-ecologia-y-ahorro-de-energia\/\"},\"author\":{\"name\":\"Kominkowy\",\"@id\":\"https:\/\/kominki-elektryczne.pl\/blog\/#\/schema\/person\/045e7544e3e90364f5f82cc509123089\"},\"headline\":\"Chimeneas El\u00e9ctricas Aflamo &#8211; Ecolog\u00eda y Ahorro Energ\u00e9tico\",\"datePublished\":\"2025-08-26T12:22:39+00:00\",\"dateModified\":\"2025-08-26T12:22:41+00:00\",\"mainEntityOfPage\":{\"@id\":\"https:\/\/kominki-elektryczne.pl\/blog\/es\/2025\/08\/26\/chimeneas-electricas-aflamo-ecologia-y-ahorro-de-energia\/\"},\"wordCount\":559,\"publisher\":{\"@id\":\"https:\/\/kominki-elektryczne.pl\/blog\/#organization\"},\"image\":{\"@id\":\"https:\/\/kominki-elektryczne.pl\/blog\/es\/2025\/08\/26\/chimeneas-electricas-aflamo-ecologia-y-ahorro-de-energia\/#primaryimage\"},\"thumbnailUrl\":\"https:\/\/kominki-elektryczne.pl\/blog\/wp-content\/uploads\/2025\/08\/Unique-NH_aranzacja.jpg\",\"keywords\":[\"chimenea cerrada\",\"chimenea cl\u00e1sica\",\"chimenea electrica\",\"Chimeneas el\u00e9ctricas aflamo\",\"chimeneas el\u00e9ctricas con sonido\",\"Chimeneas el\u00e9ctricas de pared elite\",\"chimeneas el\u00e9ctricas Majestic Pro\",\"chimeneas el\u00e9ctricas Royal 3D\",\"chimeneas el\u00e9ctricas Royal Pro\",\"chimeneas el\u00e9ctricas Superb 3D\"],\"inLanguage\":\"pl-PL\"},{\"@type\":\"WebPage\",\"@id\":\"https:\/\/kominki-elektryczne.pl\/blog\/es\/2025\/08\/26\/chimeneas-electricas-aflamo-ecologia-y-ahorro-de-energia\/\",\"url\":\"https:\/\/kominki-elektryczne.pl\/blog\/es\/2025\/08\/26\/chimeneas-electricas-aflamo-ecologia-y-ahorro-de-energia\/\",\"name\":\"Chimeneas El\u00e9ctricas Aflamo - Ecolog\u00eda y Ahorro de Energ\u00eda\",\"isPartOf\":{\"@id\":\"https:\/\/kominki-elektryczne.pl\/blog\/#website\"},\"primaryImageOfPage\":{\"@id\":\"https:\/\/kominki-elektryczne.pl\/blog\/es\/2025\/08\/26\/chimeneas-electricas-aflamo-ecologia-y-ahorro-de-energia\/#primaryimage\"},\"image\":{\"@id\":\"https:\/\/kominki-elektryczne.pl\/blog\/es\/2025\/08\/26\/chimeneas-electricas-aflamo-ecologia-y-ahorro-de-energia\/#primaryimage\"},\"thumbnailUrl\":\"https:\/\/kominki-elektryczne.pl\/blog\/wp-content\/uploads\/2025\/08\/Unique-NH_aranzacja.jpg\",\"datePublished\":\"2025-08-26T12:22:39+00:00\",\"dateModified\":\"2025-08-26T12:22:41+00:00\",\"description\":\"Las chimeneas el\u00e9ctricas son cada vez m\u00e1s populares como alternativa a las chimeneas tradicionales. Pero, \u00bfson m\u00e1s seguras?\",\"breadcrumb\":{\"@id\":\"https:\/\/kominki-elektryczne.pl\/blog\/es\/2025\/08\/26\/chimeneas-electricas-aflamo-ecologia-y-ahorro-de-energia\/#breadcrumb\"},\"inLanguage\":\"pl-PL\",\"potentialAction\":[{\"@type\":\"ReadAction\",\"target\":[\"https:\/\/kominki-elektryczne.pl\/blog\/es\/2025\/08\/26\/chimeneas-electricas-aflamo-ecologia-y-ahorro-de-energia\/\"]}]},{\"@type\":\"ImageObject\",\"inLanguage\":\"pl-PL\",\"@id\":\"https:\/\/kominki-elektryczne.pl\/blog\/es\/2025\/08\/26\/chimeneas-electricas-aflamo-ecologia-y-ahorro-de-energia\/#primaryimage\",\"url\":\"https:\/\/kominki-elektryczne.pl\/blog\/wp-content\/uploads\/2025\/08\/Unique-NH_aranzacja.jpg\",\"contentUrl\":\"https:\/\/kominki-elektryczne.pl\/blog\/wp-content\/uploads\/2025\/08\/Unique-NH_aranzacja.jpg\",\"width\":1920,\"height\":1080},{\"@type\":\"BreadcrumbList\",\"@id\":\"https:\/\/kominki-elektryczne.pl\/blog\/es\/2025\/08\/26\/chimeneas-electricas-aflamo-ecologia-y-ahorro-de-energia\/#breadcrumb\",\"itemListElement\":[{\"@type\":\"ListItem\",\"position\":1,\"name\":\"Strona g\u0142\u00f3wna\",\"item\":\"https:\/\/kominki-elektryczne.pl\/blog\/\"},{\"@type\":\"ListItem\",\"position\":2,\"name\":\"Chimeneas El\u00e9ctricas Aflamo &#8211; Ecolog\u00eda y Ahorro Energ\u00e9tico\"}]},{\"@type\":\"WebSite\",\"@id\":\"https:\/\/kominki-elektryczne.pl\/blog\/#website\",\"url\":\"https:\/\/kominki-elektryczne.pl\/blog\/\",\"name\":\"Kominki-Elektryczne.pl\",\"description\":\"Opisy - Porady - Recenzje\",\"publisher\":{\"@id\":\"https:\/\/kominki-elektryczne.pl\/blog\/#organization\"},\"potentialAction\":[{\"@type\":\"SearchAction\",\"target\":{\"@type\":\"EntryPoint\",\"urlTemplate\":\"https:\/\/kominki-elektryczne.pl\/blog\/?s={search_term_string}\"},\"query-input\":{\"@type\":\"PropertyValueSpecification\",\"valueRequired\":true,\"valueName\":\"search_term_string\"}}],\"inLanguage\":\"pl-PL\"},{\"@type\":\"Organization\",\"@id\":\"https:\/\/kominki-elektryczne.pl\/blog\/#organization\",\"name\":\"Kominki-Elektryczne.pl\",\"url\":\"https:\/\/kominki-elektryczne.pl\/blog\/\",\"logo\":{\"@type\":\"ImageObject\",\"inLanguage\":\"pl-PL\",\"@id\":\"https:\/\/kominki-elektryczne.pl\/blog\/#\/schema\/logo\/image\/\",\"url\":\"https:\/\/kominki-elektryczne.pl\/blog\/wp-content\/uploads\/2025\/04\/cropped-LogoAflamo.jpg\",\"contentUrl\":\"https:\/\/kominki-elektryczne.pl\/blog\/wp-content\/uploads\/2025\/04\/cropped-LogoAflamo.jpg\",\"width\":200,\"height\":58,\"caption\":\"Kominki-Elektryczne.pl\"},\"image\":{\"@id\":\"https:\/\/kominki-elektryczne.pl\/blog\/#\/schema\/logo\/image\/\"},\"sameAs\":[\"https:\/\/www.facebook.com\/elektrycznekominki\"]},{\"@type\":\"Person\",\"@id\":\"https:\/\/kominki-elektryczne.pl\/blog\/#\/schema\/person\/045e7544e3e90364f5f82cc509123089\",\"name\":\"Kominkowy\",\"image\":{\"@type\":\"ImageObject\",\"inLanguage\":\"pl-PL\",\"@id\":\"https:\/\/kominki-elektryczne.pl\/blog\/#\/schema\/person\/image\/\",\"url\":\"https:\/\/secure.gravatar.com\/avatar\/8c15720599195e8ba4119df2db28ce7e?s=96&d=mm&r=g\",\"contentUrl\":\"https:\/\/secure.gravatar.com\/avatar\/8c15720599195e8ba4119df2db28ce7e?s=96&d=mm&r=g\",\"caption\":\"Kominkowy\"},\"sameAs\":[\"http:\/\/www.kominki-elektryczne.pl\"],\"url\":\"https:\/\/kominki-elektryczne.pl\/blog\/author\/led-handel\/\"}]}<\/script>\n<!-- \/ Yoast SEO plugin. -->","yoast_head_json":{"title":"Chimeneas El\u00e9ctricas Aflamo - Ecolog\u00eda y Ahorro de Energ\u00eda","description":"Las chimeneas el\u00e9ctricas son cada vez m\u00e1s populares como alternativa a las chimeneas tradicionales. Pero, \u00bfson m\u00e1s seguras?","robots":{"index":"index","follow":"follow","max-snippet":"max-snippet:-1","max-image-preview":"max-image-preview:large","max-video-preview":"max-video-preview:-1"},"canonical":"https:\/\/kominki-elektryczne.pl\/blog\/es\/2025\/08\/26\/chimeneas-electricas-aflamo-ecologia-y-ahorro-de-energia\/","og_locale":"pl_PL","og_type":"article","og_title":"Chimeneas El\u00e9ctricas Aflamo - Ecolog\u00eda y Ahorro de Energ\u00eda","og_description":"Las chimeneas el\u00e9ctricas son cada vez m\u00e1s populares como alternativa a las chimeneas tradicionales. Pero, \u00bfson m\u00e1s seguras?","og_url":"https:\/\/kominki-elektryczne.pl\/blog\/es\/2025\/08\/26\/chimeneas-electricas-aflamo-ecologia-y-ahorro-de-energia\/","og_site_name":"Kominki-Elektryczne.pl","article_publisher":"https:\/\/www.facebook.com\/elektrycznekominki","article_published_time":"2025-08-26T12:22:39+00:00","article_modified_time":"2025-08-26T12:22:41+00:00","og_image":[{"width":1920,"height":1080,"url":"https:\/\/kominki-elektryczne.pl\/blog\/wp-content\/uploads\/2025\/08\/Unique-NH_aranzacja.jpg","type":"image\/jpeg"}],"author":"Kominkowy","twitter_card":"summary_large_image","twitter_misc":{"Napisane przez":"Kominkowy","Szacowany czas czytania":"4 minuty"},"schema":{"@context":"https:\/\/schema.org","@graph":[{"@type":"Article","@id":"https:\/\/kominki-elektryczne.pl\/blog\/es\/2025\/08\/26\/chimeneas-electricas-aflamo-ecologia-y-ahorro-de-energia\/#article","isPartOf":{"@id":"https:\/\/kominki-elektryczne.pl\/blog\/es\/2025\/08\/26\/chimeneas-electricas-aflamo-ecologia-y-ahorro-de-energia\/"},"author":{"name":"Kominkowy","@id":"https:\/\/kominki-elektryczne.pl\/blog\/#\/schema\/person\/045e7544e3e90364f5f82cc509123089"},"headline":"Chimeneas El\u00e9ctricas Aflamo &#8211; Ecolog\u00eda y Ahorro Energ\u00e9tico","datePublished":"2025-08-26T12:22:39+00:00","dateModified":"2025-08-26T12:22:41+00:00","mainEntityOfPage":{"@id":"https:\/\/kominki-elektryczne.pl\/blog\/es\/2025\/08\/26\/chimeneas-electricas-aflamo-ecologia-y-ahorro-de-energia\/"},"wordCount":559,"publisher":{"@id":"https:\/\/kominki-elektryczne.pl\/blog\/#organization"},"image":{"@id":"https:\/\/kominki-elektryczne.pl\/blog\/es\/2025\/08\/26\/chimeneas-electricas-aflamo-ecologia-y-ahorro-de-energia\/#primaryimage"},"thumbnailUrl":"https:\/\/kominki-elektryczne.pl\/blog\/wp-content\/uploads\/2025\/08\/Unique-NH_aranzacja.jpg","keywords":["chimenea cerrada","chimenea cl\u00e1sica","chimenea electrica","Chimeneas el\u00e9ctricas aflamo","chimeneas el\u00e9ctricas con sonido","Chimeneas el\u00e9ctricas de pared elite","chimeneas el\u00e9ctricas Majestic Pro","chimeneas el\u00e9ctricas Royal 3D","chimeneas el\u00e9ctricas Royal Pro","chimeneas el\u00e9ctricas Superb 3D"],"inLanguage":"pl-PL"},{"@type":"WebPage","@id":"https:\/\/kominki-elektryczne.pl\/blog\/es\/2025\/08\/26\/chimeneas-electricas-aflamo-ecologia-y-ahorro-de-energia\/","url":"https:\/\/kominki-elektryczne.pl\/blog\/es\/2025\/08\/26\/chimeneas-electricas-aflamo-ecologia-y-ahorro-de-energia\/","name":"Chimeneas El\u00e9ctricas Aflamo - Ecolog\u00eda y Ahorro de Energ\u00eda","isPartOf":{"@id":"https:\/\/kominki-elektryczne.pl\/blog\/#website"},"primaryImageOfPage":{"@id":"https:\/\/kominki-elektryczne.pl\/blog\/es\/2025\/08\/26\/chimeneas-electricas-aflamo-ecologia-y-ahorro-de-energia\/#primaryimage"},"image":{"@id":"https:\/\/kominki-elektryczne.pl\/blog\/es\/2025\/08\/26\/chimeneas-electricas-aflamo-ecologia-y-ahorro-de-energia\/#primaryimage"},"thumbnailUrl":"https:\/\/kominki-elektryczne.pl\/blog\/wp-content\/uploads\/2025\/08\/Unique-NH_aranzacja.jpg","datePublished":"2025-08-26T12:22:39+00:00","dateModified":"2025-08-26T12:22:41+00:00","description":"Las chimeneas el\u00e9ctricas son cada vez m\u00e1s populares como alternativa a las chimeneas tradicionales. Pero, \u00bfson m\u00e1s seguras?","breadcrumb":{"@id":"https:\/\/kominki-elektryczne.pl\/blog\/es\/2025\/08\/26\/chimeneas-electricas-aflamo-ecologia-y-ahorro-de-energia\/#breadcrumb"},"inLanguage":"pl-PL","potentialAction":[{"@type":"ReadAction","target":["https:\/\/kominki-elektryczne.pl\/blog\/es\/2025\/08\/26\/chimeneas-electricas-aflamo-ecologia-y-ahorro-de-energia\/"]}]},{"@type":"ImageObject","inLanguage":"pl-PL","@id":"https:\/\/kominki-elektryczne.pl\/blog\/es\/2025\/08\/26\/chimeneas-electricas-aflamo-ecologia-y-ahorro-de-energia\/#primaryimage","url":"https:\/\/kominki-elektryczne.pl\/blog\/wp-content\/uploads\/2025\/08\/Unique-NH_aranzacja.jpg","contentUrl":"https:\/\/kominki-elektryczne.pl\/blog\/wp-content\/uploads\/2025\/08\/Unique-NH_aranzacja.jpg","width":1920,"height":1080},{"@type":"BreadcrumbList","@id":"https:\/\/kominki-elektryczne.pl\/blog\/es\/2025\/08\/26\/chimeneas-electricas-aflamo-ecologia-y-ahorro-de-energia\/#breadcrumb","itemListElement":[{"@type":"ListItem","position":1,"name":"Strona g\u0142\u00f3wna","item":"https:\/\/kominki-elektryczne.pl\/blog\/"},{"@type":"ListItem","position":2,"name":"Chimeneas El\u00e9ctricas Aflamo &#8211; Ecolog\u00eda y Ahorro Energ\u00e9tico"}]},{"@type":"WebSite","@id":"https:\/\/kominki-elektryczne.pl\/blog\/#website","url":"https:\/\/kominki-elektryczne.pl\/blog\/","name":"Kominki-Elektryczne.pl","description":"Opisy - Porady - Recenzje","publisher":{"@id":"https:\/\/kominki-elektryczne.pl\/blog\/#organization"},"potentialAction":[{"@type":"SearchAction","target":{"@type":"EntryPoint","urlTemplate":"https:\/\/kominki-elektryczne.pl\/blog\/?s={search_term_string}"},"query-input":{"@type":"PropertyValueSpecification","valueRequired":true,"valueName":"search_term_string"}}],"inLanguage":"pl-PL"},{"@type":"Organization","@id":"https:\/\/kominki-elektryczne.pl\/blog\/#organization","name":"Kominki-Elektryczne.pl","url":"https:\/\/kominki-elektryczne.pl\/blog\/","logo":{"@type":"ImageObject","inLanguage":"pl-PL","@id":"https:\/\/kominki-elektryczne.pl\/blog\/#\/schema\/logo\/image\/","url":"https:\/\/kominki-elektryczne.pl\/blog\/wp-content\/uploads\/2025\/04\/cropped-LogoAflamo.jpg","contentUrl":"https:\/\/kominki-elektryczne.pl\/blog\/wp-content\/uploads\/2025\/04\/cropped-LogoAflamo.jpg","width":200,"height":58,"caption":"Kominki-Elektryczne.pl"},"image":{"@id":"https:\/\/kominki-elektryczne.pl\/blog\/#\/schema\/logo\/image\/"},"sameAs":["https:\/\/www.facebook.com\/elektrycznekominki"]},{"@type":"Person","@id":"https:\/\/kominki-elektryczne.pl\/blog\/#\/schema\/person\/045e7544e3e90364f5f82cc509123089","name":"Kominkowy","image":{"@type":"ImageObject","inLanguage":"pl-PL","@id":"https:\/\/kominki-elektryczne.pl\/blog\/#\/schema\/person\/image\/","url":"https:\/\/secure.gravatar.com\/avatar\/8c15720599195e8ba4119df2db28ce7e?s=96&d=mm&r=g","contentUrl":"https:\/\/secure.gravatar.com\/avatar\/8c15720599195e8ba4119df2db28ce7e?s=96&d=mm&r=g","caption":"Kominkowy"},"sameAs":["http:\/\/www.kominki-elektryczne.pl"],"url":"https:\/\/kominki-elektryczne.pl\/blog\/author\/led-handel\/"}]}},"_links":{"self":[{"href":"https:\/\/kominki-elektryczne.pl\/blog\/wp-json\/wp\/v2\/posts\/1214","targetHints":{"allow":["GET"]}}],"collection":[{"href":"https:\/\/kominki-elektryczne.pl\/blog\/wp-json\/wp\/v2\/posts"}],"about":[{"href":"https:\/\/kominki-elektryczne.pl\/blog\/wp-json\/wp\/v2\/types\/post"}],"author":[{"embeddable":true,"href":"https:\/\/kominki-elektryczne.pl\/blog\/wp-json\/wp\/v2\/users\/1"}],"replies":[{"embeddable":true,"href":"https:\/\/kominki-elektryczne.pl\/blog\/wp-json\/wp\/v2\/comments?post=1214"}],"version-history":[{"count":1,"href":"https:\/\/kominki-elektryczne.pl\/blog\/wp-json\/wp\/v2\/posts\/1214\/revisions"}],"predecessor-version":[{"id":1215,"href":"https:\/\/kominki-elektryczne.pl\/blog\/wp-json\/wp\/v2\/posts\/1214\/revisions\/1215"}],"wp:featuredmedia":[{"embeddable":true,"href":"https:\/\/kominki-elektryczne.pl\/blog\/wp-json\/wp\/v2\/media\/1212"}],"wp:attachment":[{"href":"https:\/\/kominki-elektryczne.pl\/blog\/wp-json\/wp\/v2\/media?parent=1214"}],"wp:term":[{"taxonomy":"category","embeddable":true,"href":"https:\/\/kominki-elektryczne.pl\/blog\/wp-json\/wp\/v2\/categories?post=1214"},{"taxonomy":"post_tag","embeddable":true,"href":"https:\/\/kominki-elektryczne.pl\/blog\/wp-json\/wp\/v2\/tags?post=1214"}],"curies":[{"name":"wp","href":"https:\/\/api.w.org\/{rel}","templated":true}]}}