{"id":1225,"date":"2025-09-12T13:49:24","date_gmt":"2025-09-12T11:49:24","guid":{"rendered":"https:\/\/kominki-elektryczne.pl\/blog\/?p=1225"},"modified":"2025-09-12T13:49:24","modified_gmt":"2025-09-12T11:49:24","slug":"tendencias-de-chimeneas-electricas-2025-que-esta-de-moda","status":"publish","type":"post","link":"https:\/\/kominki-elektryczne.pl\/blog\/es\/2025\/09\/12\/tendencias-de-chimeneas-electricas-2025-que-esta-de-moda\/","title":{"rendered":"Tendencias en Chimeneas El\u00e9ctricas 2025: \u00bfCu\u00e1les son las soluciones m\u00e1s populares?"},"content":{"rendered":"\n<p>Con la creciente conciencia ambiental y la necesidad de un dise\u00f1o moderno, las chimeneas el\u00e9ctricas est\u00e1n ganando popularidad como una alternativa atractiva y pr\u00e1ctica a las chimeneas tradicionales de le\u00f1a o gas. 2025 trae nuevas tendencias en el sector que combinan est\u00e9tica, funcionalidad y tecnolog\u00edas innovadoras. En este art\u00edculo, analizaremos las soluciones dominantes en el mercado y por qu\u00e9 vale la pena elegir una chimenea el\u00e9ctrica, especialmente los modelos equipados con tecnolog\u00eda LED y marcas como Aflamo.<\/p>\n\n\n\n<figure class=\"wp-block-image size-large\"><img loading=\"lazy\" decoding=\"async\" width=\"1024\" height=\"590\" src=\"https:\/\/kominki-elektryczne.pl\/blog\/wp-content\/uploads\/2025\/08\/MAJESTIC_PRO_aranzacja_2-1-1024x590.jpg\" alt=\"Chimenea electrica Majestic Pro\" class=\"wp-image-1226\" srcset=\"https:\/\/kominki-elektryczne.pl\/blog\/wp-content\/uploads\/2025\/08\/MAJESTIC_PRO_aranzacja_2-1-1024x590.jpg 1024w, https:\/\/kominki-elektryczne.pl\/blog\/wp-content\/uploads\/2025\/08\/MAJESTIC_PRO_aranzacja_2-1-300x173.jpg 300w, https:\/\/kominki-elektryczne.pl\/blog\/wp-content\/uploads\/2025\/08\/MAJESTIC_PRO_aranzacja_2-1-768x442.jpg 768w, https:\/\/kominki-elektryczne.pl\/blog\/wp-content\/uploads\/2025\/08\/MAJESTIC_PRO_aranzacja_2-1-1536x884.jpg 1536w, https:\/\/kominki-elektryczne.pl\/blog\/wp-content\/uploads\/2025\/08\/MAJESTIC_PRO_aranzacja_2-1-2048x1179.jpg 2048w\" sizes=\"auto, (max-width: 1024px) 100vw, 1024px\" \/><\/figure>\n\n\n\n<h2 class=\"wp-block-heading\">Chimenea El\u00e9ctrica: Modernidad y Confort en tu Hogar<\/h2>\n\n\n\n<p>La principal ventaja de las chimeneas el\u00e9ctricas es su versatilidad. Son seguras, f\u00e1ciles de usar y no generan humo ni holl\u00edn, lo que las hace ideales tanto para apartamentos como para viviendas unifamiliares. Los modelos m\u00e1s modernos ofrecen un efecto de llama realista sin necesidad de conductos de humo. Adem\u00e1s, muchas chimeneas est\u00e1n equipadas con mandos a distancia y ajuste de la potencia calor\u00edfica.<\/p>\n\n\n\n<h2 class=\"wp-block-heading\">Chimenea El\u00e9ctrica LED: La Magia de un Fuego Realista<\/h2>\n\n\n\n<p>En las tendencias de 2025, las chimeneas el\u00e9ctricas con iluminaci\u00f3n LED destacan por su dise\u00f1o \u00fanico y su bajo consumo energ\u00e9tico. La tecnolog\u00eda LED permite crear un efecto de llama vibrante y vibrante, creando un ambiente acogedor en cualquier estancia, casi como una chimenea real. Adem\u00e1s, las chimeneas LED suelen ofrecer m\u00faltiples modos de visualizaci\u00f3n de la llama y la posibilidad de cambiar de color: una excelente opci\u00f3n para quienes valoran la individualidad y las soluciones decorativas modernas.<\/p>\n\n\n\n<h2 class=\"wp-block-heading\">Chimenea El\u00e9ctrica Aflamo: Una Combinaci\u00f3n de Calidad y Est\u00e9tica<\/h2>\n\n\n\n<p>En el segmento de las chimeneas el\u00e9ctricas, los productos Aflamo est\u00e1n ganando popularidad, presentando en 2025 modelos que se alinean con las \u00faltimas tendencias en dise\u00f1o de interiores. Las chimeneas el\u00e9ctricas Aflamo se caracterizan por su alta calidad, un aspecto moderno y funciones avanzadas como el efecto de fuego 3D y modos de funcionamiento programables. La oferta de Aflamo est\u00e1 dirigida a quienes buscan una soluci\u00f3n elegante y f\u00e1cil de usar para cualquier tipo de estancia.<\/p>\n\n\n\n<h2 class=\"wp-block-heading\">Los estilos y funcionalidades m\u00e1s modernos de las chimeneas el\u00e9ctricas en 2025<\/h2>\n\n\n\n<p>En 2025, las chimeneas el\u00e9ctricas ya no sirven solo como fuente de calor, sino que se est\u00e1n convirtiendo en un elemento decorativo, a la altura de muebles o cuadros. El minimalismo, el dise\u00f1o escandinavo y los acabados industriales se encuentran entre los estilos m\u00e1s populares. Las chimeneas el\u00e9ctricas LED empotradas, que pueden integrarse en paredes o muebles, as\u00ed como los modelos independientes Aflamo con un dise\u00f1o futurista, est\u00e1n de moda.<\/p>\n\n\n\n<p>Las caracter\u00edsticas que est\u00e1n ganando importancia incluyen el control mediante smartphone, los temporizadores y los ajustes autom\u00e1ticos de temperatura e intensidad de la luz. Esto hace que las chimeneas sean intuitivas de usar y permite ahorrar energ\u00eda.<\/p>\n\n\n\n<h2 class=\"wp-block-heading\">Resumen<\/h2>\n\n\n\n<p>Al elegir una chimenea el\u00e9ctrica en 2025, vale la pena considerar los modelos equipados con tecnolog\u00eda LED, que no solo ofrecen atractivo visual, sino tambi\u00e9n soluciones econ\u00f3micas. Las chimeneas el\u00e9ctricas Aflamo son especialmente recomendables: su dise\u00f1o moderno y sus avanzadas caracter\u00edsticas las convierten en la opci\u00f3n ideal para quienes valoran la comodidad y el estilo. Permiten crear un ambiente c\u00e1lido y acogedor en el hogar sin necesidad de una instalaci\u00f3n ni un mantenimiento complejos. Las tendencias de 2025 demuestran que las chimeneas el\u00e9ctricas son un elemento esencial de un interior moderno, combinando ecolog\u00eda, comodidad y est\u00e9tica.<\/p>\n","protected":false},"excerpt":{"rendered":"<p>Con la creciente conciencia ambiental y la necesidad de un dise\u00f1o moderno, las chimeneas el\u00e9ctricas est\u00e1n ganando popularidad como una alternativa atractiva y pr\u00e1ctica a las chimeneas tradicionales de le\u00f1a o gas. 2025 trae nuevas tendencias en el sector que combinan est\u00e9tica, funcionalidad y tecnolog\u00edas &hellip; <\/p>\n","protected":false},"author":1,"featured_media":1226,"comment_status":"closed","ping_status":"closed","sticky":false,"template":"","format":"standard","meta":{"footnotes":""},"categories":[29],"tags":[396,399,401,581,579,742,577,607,575],"class_list":["post-1225","post","type-post","status-publish","format-standard","has-post-thumbnail","hentry","category-bez-kategorii-es","tag-chimenea-cerrada","tag-chimenea-clasica","tag-chimenea-electrica","tag-chimeneas-electricas-aflamo","tag-chimeneas-electricas-con-sonido","tag-chimeneas-electricas-de-pared-elite","tag-chimeneas-electricas-majestic-pro","tag-chimeneas-electricas-royal-3d","tag-chimeneas-electricas-royal-pro"],"yoast_head":"<!-- This site is optimized with the Yoast SEO plugin v25.7 - https:\/\/yoast.com\/wordpress\/plugins\/seo\/ -->\n<title>Tendencias de chimeneas el\u00e9ctricas 2025: \u00bfQu\u00e9 est\u00e1 de moda?<\/title>\n<meta name=\"description\" content=\"En el art\u00edculo de hoy, descubrir\u00e1s cu\u00e1les son las chimeneas el\u00e9ctricas m\u00e1s populares. \u00bfChimeneas el\u00e9ctricas empotradas o de pared?\" \/>\n<meta name=\"robots\" content=\"index, follow, max-snippet:-1, max-image-preview:large, max-video-preview:-1\" \/>\n<link rel=\"canonical\" href=\"https:\/\/kominki-elektryczne.pl\/blog\/es\/2025\/09\/12\/tendencias-de-chimeneas-electricas-2025-que-esta-de-moda\/\" \/>\n<meta property=\"og:locale\" content=\"pl_PL\" \/>\n<meta property=\"og:type\" content=\"article\" \/>\n<meta property=\"og:title\" content=\"Tendencias de chimeneas el\u00e9ctricas 2025: \u00bfQu\u00e9 est\u00e1 de moda?\" \/>\n<meta property=\"og:description\" content=\"En el art\u00edculo de hoy, descubrir\u00e1s cu\u00e1les son las chimeneas el\u00e9ctricas m\u00e1s populares. \u00bfChimeneas el\u00e9ctricas empotradas o de pared?\" \/>\n<meta property=\"og:url\" content=\"https:\/\/kominki-elektryczne.pl\/blog\/es\/2025\/09\/12\/tendencias-de-chimeneas-electricas-2025-que-esta-de-moda\/\" \/>\n<meta property=\"og:site_name\" content=\"Kominki-Elektryczne.pl\" \/>\n<meta property=\"article:publisher\" content=\"https:\/\/www.facebook.com\/elektrycznekominki\" \/>\n<meta property=\"article:published_time\" content=\"2025-09-12T11:49:24+00:00\" \/>\n<meta property=\"og:image\" content=\"https:\/\/kominki-elektryczne.pl\/blog\/wp-content\/uploads\/2025\/08\/MAJESTIC_PRO_aranzacja_2-1.jpg\" \/>\n\t<meta property=\"og:image:width\" content=\"2058\" \/>\n\t<meta property=\"og:image:height\" content=\"1185\" \/>\n\t<meta property=\"og:image:type\" content=\"image\/jpeg\" \/>\n<meta name=\"author\" content=\"Kominkowy\" \/>\n<meta name=\"twitter:card\" content=\"summary_large_image\" \/>\n<meta name=\"twitter:label1\" content=\"Napisane przez\" \/>\n\t<meta name=\"twitter:data1\" content=\"Kominkowy\" \/>\n\t<meta name=\"twitter:label2\" content=\"Szacowany czas czytania\" \/>\n\t<meta name=\"twitter:data2\" content=\"4 minuty\" \/>\n<script type=\"application\/ld+json\" class=\"yoast-schema-graph\">{\"@context\":\"https:\/\/schema.org\",\"@graph\":[{\"@type\":\"Article\",\"@id\":\"https:\/\/kominki-elektryczne.pl\/blog\/es\/2025\/09\/12\/tendencias-de-chimeneas-electricas-2025-que-esta-de-moda\/#article\",\"isPartOf\":{\"@id\":\"https:\/\/kominki-elektryczne.pl\/blog\/es\/2025\/09\/12\/tendencias-de-chimeneas-electricas-2025-que-esta-de-moda\/\"},\"author\":{\"name\":\"Kominkowy\",\"@id\":\"https:\/\/kominki-elektryczne.pl\/blog\/#\/schema\/person\/045e7544e3e90364f5f82cc509123089\"},\"headline\":\"Tendencias en Chimeneas El\u00e9ctricas 2025: \u00bfCu\u00e1les son las soluciones m\u00e1s populares?\",\"datePublished\":\"2025-09-12T11:49:24+00:00\",\"mainEntityOfPage\":{\"@id\":\"https:\/\/kominki-elektryczne.pl\/blog\/es\/2025\/09\/12\/tendencias-de-chimeneas-electricas-2025-que-esta-de-moda\/\"},\"wordCount\":606,\"publisher\":{\"@id\":\"https:\/\/kominki-elektryczne.pl\/blog\/#organization\"},\"image\":{\"@id\":\"https:\/\/kominki-elektryczne.pl\/blog\/es\/2025\/09\/12\/tendencias-de-chimeneas-electricas-2025-que-esta-de-moda\/#primaryimage\"},\"thumbnailUrl\":\"https:\/\/kominki-elektryczne.pl\/blog\/wp-content\/uploads\/2025\/08\/MAJESTIC_PRO_aranzacja_2-1.jpg\",\"keywords\":[\"chimenea cerrada\",\"chimenea cl\u00e1sica\",\"chimenea electrica\",\"Chimeneas el\u00e9ctricas aflamo\",\"chimeneas el\u00e9ctricas con sonido\",\"Chimeneas el\u00e9ctricas de pared elite\",\"chimeneas el\u00e9ctricas Majestic Pro\",\"chimeneas el\u00e9ctricas Royal 3D\",\"chimeneas el\u00e9ctricas Royal Pro\"],\"inLanguage\":\"pl-PL\"},{\"@type\":\"WebPage\",\"@id\":\"https:\/\/kominki-elektryczne.pl\/blog\/es\/2025\/09\/12\/tendencias-de-chimeneas-electricas-2025-que-esta-de-moda\/\",\"url\":\"https:\/\/kominki-elektryczne.pl\/blog\/es\/2025\/09\/12\/tendencias-de-chimeneas-electricas-2025-que-esta-de-moda\/\",\"name\":\"Tendencias de chimeneas el\u00e9ctricas 2025: \u00bfQu\u00e9 est\u00e1 de moda?\",\"isPartOf\":{\"@id\":\"https:\/\/kominki-elektryczne.pl\/blog\/#website\"},\"primaryImageOfPage\":{\"@id\":\"https:\/\/kominki-elektryczne.pl\/blog\/es\/2025\/09\/12\/tendencias-de-chimeneas-electricas-2025-que-esta-de-moda\/#primaryimage\"},\"image\":{\"@id\":\"https:\/\/kominki-elektryczne.pl\/blog\/es\/2025\/09\/12\/tendencias-de-chimeneas-electricas-2025-que-esta-de-moda\/#primaryimage\"},\"thumbnailUrl\":\"https:\/\/kominki-elektryczne.pl\/blog\/wp-content\/uploads\/2025\/08\/MAJESTIC_PRO_aranzacja_2-1.jpg\",\"datePublished\":\"2025-09-12T11:49:24+00:00\",\"description\":\"En el art\u00edculo de hoy, descubrir\u00e1s cu\u00e1les son las chimeneas el\u00e9ctricas m\u00e1s populares. \u00bfChimeneas el\u00e9ctricas empotradas o de pared?\",\"breadcrumb\":{\"@id\":\"https:\/\/kominki-elektryczne.pl\/blog\/es\/2025\/09\/12\/tendencias-de-chimeneas-electricas-2025-que-esta-de-moda\/#breadcrumb\"},\"inLanguage\":\"pl-PL\",\"potentialAction\":[{\"@type\":\"ReadAction\",\"target\":[\"https:\/\/kominki-elektryczne.pl\/blog\/es\/2025\/09\/12\/tendencias-de-chimeneas-electricas-2025-que-esta-de-moda\/\"]}]},{\"@type\":\"ImageObject\",\"inLanguage\":\"pl-PL\",\"@id\":\"https:\/\/kominki-elektryczne.pl\/blog\/es\/2025\/09\/12\/tendencias-de-chimeneas-electricas-2025-que-esta-de-moda\/#primaryimage\",\"url\":\"https:\/\/kominki-elektryczne.pl\/blog\/wp-content\/uploads\/2025\/08\/MAJESTIC_PRO_aranzacja_2-1.jpg\",\"contentUrl\":\"https:\/\/kominki-elektryczne.pl\/blog\/wp-content\/uploads\/2025\/08\/MAJESTIC_PRO_aranzacja_2-1.jpg\",\"width\":2058,\"height\":1185},{\"@type\":\"BreadcrumbList\",\"@id\":\"https:\/\/kominki-elektryczne.pl\/blog\/es\/2025\/09\/12\/tendencias-de-chimeneas-electricas-2025-que-esta-de-moda\/#breadcrumb\",\"itemListElement\":[{\"@type\":\"ListItem\",\"position\":1,\"name\":\"Strona g\u0142\u00f3wna\",\"item\":\"https:\/\/kominki-elektryczne.pl\/blog\/\"},{\"@type\":\"ListItem\",\"position\":2,\"name\":\"Tendencias en Chimeneas El\u00e9ctricas 2025: \u00bfCu\u00e1les son las soluciones m\u00e1s populares?\"}]},{\"@type\":\"WebSite\",\"@id\":\"https:\/\/kominki-elektryczne.pl\/blog\/#website\",\"url\":\"https:\/\/kominki-elektryczne.pl\/blog\/\",\"name\":\"Kominki-Elektryczne.pl\",\"description\":\"Opisy - Porady - Recenzje\",\"publisher\":{\"@id\":\"https:\/\/kominki-elektryczne.pl\/blog\/#organization\"},\"potentialAction\":[{\"@type\":\"SearchAction\",\"target\":{\"@type\":\"EntryPoint\",\"urlTemplate\":\"https:\/\/kominki-elektryczne.pl\/blog\/?s={search_term_string}\"},\"query-input\":{\"@type\":\"PropertyValueSpecification\",\"valueRequired\":true,\"valueName\":\"search_term_string\"}}],\"inLanguage\":\"pl-PL\"},{\"@type\":\"Organization\",\"@id\":\"https:\/\/kominki-elektryczne.pl\/blog\/#organization\",\"name\":\"Kominki-Elektryczne.pl\",\"url\":\"https:\/\/kominki-elektryczne.pl\/blog\/\",\"logo\":{\"@type\":\"ImageObject\",\"inLanguage\":\"pl-PL\",\"@id\":\"https:\/\/kominki-elektryczne.pl\/blog\/#\/schema\/logo\/image\/\",\"url\":\"https:\/\/kominki-elektryczne.pl\/blog\/wp-content\/uploads\/2025\/04\/cropped-LogoAflamo.jpg\",\"contentUrl\":\"https:\/\/kominki-elektryczne.pl\/blog\/wp-content\/uploads\/2025\/04\/cropped-LogoAflamo.jpg\",\"width\":200,\"height\":58,\"caption\":\"Kominki-Elektryczne.pl\"},\"image\":{\"@id\":\"https:\/\/kominki-elektryczne.pl\/blog\/#\/schema\/logo\/image\/\"},\"sameAs\":[\"https:\/\/www.facebook.com\/elektrycznekominki\"]},{\"@type\":\"Person\",\"@id\":\"https:\/\/kominki-elektryczne.pl\/blog\/#\/schema\/person\/045e7544e3e90364f5f82cc509123089\",\"name\":\"Kominkowy\",\"image\":{\"@type\":\"ImageObject\",\"inLanguage\":\"pl-PL\",\"@id\":\"https:\/\/kominki-elektryczne.pl\/blog\/#\/schema\/person\/image\/\",\"url\":\"https:\/\/secure.gravatar.com\/avatar\/8c15720599195e8ba4119df2db28ce7e?s=96&d=mm&r=g\",\"contentUrl\":\"https:\/\/secure.gravatar.com\/avatar\/8c15720599195e8ba4119df2db28ce7e?s=96&d=mm&r=g\",\"caption\":\"Kominkowy\"},\"sameAs\":[\"http:\/\/www.kominki-elektryczne.pl\"],\"url\":\"https:\/\/kominki-elektryczne.pl\/blog\/author\/led-handel\/\"}]}<\/script>\n<!-- \/ Yoast SEO plugin. -->","yoast_head_json":{"title":"Tendencias de chimeneas el\u00e9ctricas 2025: \u00bfQu\u00e9 est\u00e1 de moda?","description":"En el art\u00edculo de hoy, descubrir\u00e1s cu\u00e1les son las chimeneas el\u00e9ctricas m\u00e1s populares. \u00bfChimeneas el\u00e9ctricas empotradas o de pared?","robots":{"index":"index","follow":"follow","max-snippet":"max-snippet:-1","max-image-preview":"max-image-preview:large","max-video-preview":"max-video-preview:-1"},"canonical":"https:\/\/kominki-elektryczne.pl\/blog\/es\/2025\/09\/12\/tendencias-de-chimeneas-electricas-2025-que-esta-de-moda\/","og_locale":"pl_PL","og_type":"article","og_title":"Tendencias de chimeneas el\u00e9ctricas 2025: \u00bfQu\u00e9 est\u00e1 de moda?","og_description":"En el art\u00edculo de hoy, descubrir\u00e1s cu\u00e1les son las chimeneas el\u00e9ctricas m\u00e1s populares. \u00bfChimeneas el\u00e9ctricas empotradas o de pared?","og_url":"https:\/\/kominki-elektryczne.pl\/blog\/es\/2025\/09\/12\/tendencias-de-chimeneas-electricas-2025-que-esta-de-moda\/","og_site_name":"Kominki-Elektryczne.pl","article_publisher":"https:\/\/www.facebook.com\/elektrycznekominki","article_published_time":"2025-09-12T11:49:24+00:00","og_image":[{"width":2058,"height":1185,"url":"https:\/\/kominki-elektryczne.pl\/blog\/wp-content\/uploads\/2025\/08\/MAJESTIC_PRO_aranzacja_2-1.jpg","type":"image\/jpeg"}],"author":"Kominkowy","twitter_card":"summary_large_image","twitter_misc":{"Napisane przez":"Kominkowy","Szacowany czas czytania":"4 minuty"},"schema":{"@context":"https:\/\/schema.org","@graph":[{"@type":"Article","@id":"https:\/\/kominki-elektryczne.pl\/blog\/es\/2025\/09\/12\/tendencias-de-chimeneas-electricas-2025-que-esta-de-moda\/#article","isPartOf":{"@id":"https:\/\/kominki-elektryczne.pl\/blog\/es\/2025\/09\/12\/tendencias-de-chimeneas-electricas-2025-que-esta-de-moda\/"},"author":{"name":"Kominkowy","@id":"https:\/\/kominki-elektryczne.pl\/blog\/#\/schema\/person\/045e7544e3e90364f5f82cc509123089"},"headline":"Tendencias en Chimeneas El\u00e9ctricas 2025: \u00bfCu\u00e1les son las soluciones m\u00e1s populares?","datePublished":"2025-09-12T11:49:24+00:00","mainEntityOfPage":{"@id":"https:\/\/kominki-elektryczne.pl\/blog\/es\/2025\/09\/12\/tendencias-de-chimeneas-electricas-2025-que-esta-de-moda\/"},"wordCount":606,"publisher":{"@id":"https:\/\/kominki-elektryczne.pl\/blog\/#organization"},"image":{"@id":"https:\/\/kominki-elektryczne.pl\/blog\/es\/2025\/09\/12\/tendencias-de-chimeneas-electricas-2025-que-esta-de-moda\/#primaryimage"},"thumbnailUrl":"https:\/\/kominki-elektryczne.pl\/blog\/wp-content\/uploads\/2025\/08\/MAJESTIC_PRO_aranzacja_2-1.jpg","keywords":["chimenea cerrada","chimenea cl\u00e1sica","chimenea electrica","Chimeneas el\u00e9ctricas aflamo","chimeneas el\u00e9ctricas con sonido","Chimeneas el\u00e9ctricas de pared elite","chimeneas el\u00e9ctricas Majestic Pro","chimeneas el\u00e9ctricas Royal 3D","chimeneas el\u00e9ctricas Royal Pro"],"inLanguage":"pl-PL"},{"@type":"WebPage","@id":"https:\/\/kominki-elektryczne.pl\/blog\/es\/2025\/09\/12\/tendencias-de-chimeneas-electricas-2025-que-esta-de-moda\/","url":"https:\/\/kominki-elektryczne.pl\/blog\/es\/2025\/09\/12\/tendencias-de-chimeneas-electricas-2025-que-esta-de-moda\/","name":"Tendencias de chimeneas el\u00e9ctricas 2025: \u00bfQu\u00e9 est\u00e1 de moda?","isPartOf":{"@id":"https:\/\/kominki-elektryczne.pl\/blog\/#website"},"primaryImageOfPage":{"@id":"https:\/\/kominki-elektryczne.pl\/blog\/es\/2025\/09\/12\/tendencias-de-chimeneas-electricas-2025-que-esta-de-moda\/#primaryimage"},"image":{"@id":"https:\/\/kominki-elektryczne.pl\/blog\/es\/2025\/09\/12\/tendencias-de-chimeneas-electricas-2025-que-esta-de-moda\/#primaryimage"},"thumbnailUrl":"https:\/\/kominki-elektryczne.pl\/blog\/wp-content\/uploads\/2025\/08\/MAJESTIC_PRO_aranzacja_2-1.jpg","datePublished":"2025-09-12T11:49:24+00:00","description":"En el art\u00edculo de hoy, descubrir\u00e1s cu\u00e1les son las chimeneas el\u00e9ctricas m\u00e1s populares. \u00bfChimeneas el\u00e9ctricas empotradas o de pared?","breadcrumb":{"@id":"https:\/\/kominki-elektryczne.pl\/blog\/es\/2025\/09\/12\/tendencias-de-chimeneas-electricas-2025-que-esta-de-moda\/#breadcrumb"},"inLanguage":"pl-PL","potentialAction":[{"@type":"ReadAction","target":["https:\/\/kominki-elektryczne.pl\/blog\/es\/2025\/09\/12\/tendencias-de-chimeneas-electricas-2025-que-esta-de-moda\/"]}]},{"@type":"ImageObject","inLanguage":"pl-PL","@id":"https:\/\/kominki-elektryczne.pl\/blog\/es\/2025\/09\/12\/tendencias-de-chimeneas-electricas-2025-que-esta-de-moda\/#primaryimage","url":"https:\/\/kominki-elektryczne.pl\/blog\/wp-content\/uploads\/2025\/08\/MAJESTIC_PRO_aranzacja_2-1.jpg","contentUrl":"https:\/\/kominki-elektryczne.pl\/blog\/wp-content\/uploads\/2025\/08\/MAJESTIC_PRO_aranzacja_2-1.jpg","width":2058,"height":1185},{"@type":"BreadcrumbList","@id":"https:\/\/kominki-elektryczne.pl\/blog\/es\/2025\/09\/12\/tendencias-de-chimeneas-electricas-2025-que-esta-de-moda\/#breadcrumb","itemListElement":[{"@type":"ListItem","position":1,"name":"Strona g\u0142\u00f3wna","item":"https:\/\/kominki-elektryczne.pl\/blog\/"},{"@type":"ListItem","position":2,"name":"Tendencias en Chimeneas El\u00e9ctricas 2025: \u00bfCu\u00e1les son las soluciones m\u00e1s populares?"}]},{"@type":"WebSite","@id":"https:\/\/kominki-elektryczne.pl\/blog\/#website","url":"https:\/\/kominki-elektryczne.pl\/blog\/","name":"Kominki-Elektryczne.pl","description":"Opisy - Porady - Recenzje","publisher":{"@id":"https:\/\/kominki-elektryczne.pl\/blog\/#organization"},"potentialAction":[{"@type":"SearchAction","target":{"@type":"EntryPoint","urlTemplate":"https:\/\/kominki-elektryczne.pl\/blog\/?s={search_term_string}"},"query-input":{"@type":"PropertyValueSpecification","valueRequired":true,"valueName":"search_term_string"}}],"inLanguage":"pl-PL"},{"@type":"Organization","@id":"https:\/\/kominki-elektryczne.pl\/blog\/#organization","name":"Kominki-Elektryczne.pl","url":"https:\/\/kominki-elektryczne.pl\/blog\/","logo":{"@type":"ImageObject","inLanguage":"pl-PL","@id":"https:\/\/kominki-elektryczne.pl\/blog\/#\/schema\/logo\/image\/","url":"https:\/\/kominki-elektryczne.pl\/blog\/wp-content\/uploads\/2025\/04\/cropped-LogoAflamo.jpg","contentUrl":"https:\/\/kominki-elektryczne.pl\/blog\/wp-content\/uploads\/2025\/04\/cropped-LogoAflamo.jpg","width":200,"height":58,"caption":"Kominki-Elektryczne.pl"},"image":{"@id":"https:\/\/kominki-elektryczne.pl\/blog\/#\/schema\/logo\/image\/"},"sameAs":["https:\/\/www.facebook.com\/elektrycznekominki"]},{"@type":"Person","@id":"https:\/\/kominki-elektryczne.pl\/blog\/#\/schema\/person\/045e7544e3e90364f5f82cc509123089","name":"Kominkowy","image":{"@type":"ImageObject","inLanguage":"pl-PL","@id":"https:\/\/kominki-elektryczne.pl\/blog\/#\/schema\/person\/image\/","url":"https:\/\/secure.gravatar.com\/avatar\/8c15720599195e8ba4119df2db28ce7e?s=96&d=mm&r=g","contentUrl":"https:\/\/secure.gravatar.com\/avatar\/8c15720599195e8ba4119df2db28ce7e?s=96&d=mm&r=g","caption":"Kominkowy"},"sameAs":["http:\/\/www.kominki-elektryczne.pl"],"url":"https:\/\/kominki-elektryczne.pl\/blog\/author\/led-handel\/"}]}},"_links":{"self":[{"href":"https:\/\/kominki-elektryczne.pl\/blog\/wp-json\/wp\/v2\/posts\/1225","targetHints":{"allow":["GET"]}}],"collection":[{"href":"https:\/\/kominki-elektryczne.pl\/blog\/wp-json\/wp\/v2\/posts"}],"about":[{"href":"https:\/\/kominki-elektryczne.pl\/blog\/wp-json\/wp\/v2\/types\/post"}],"author":[{"embeddable":true,"href":"https:\/\/kominki-elektryczne.pl\/blog\/wp-json\/wp\/v2\/users\/1"}],"replies":[{"embeddable":true,"href":"https:\/\/kominki-elektryczne.pl\/blog\/wp-json\/wp\/v2\/comments?post=1225"}],"version-history":[{"count":1,"href":"https:\/\/kominki-elektryczne.pl\/blog\/wp-json\/wp\/v2\/posts\/1225\/revisions"}],"predecessor-version":[{"id":1227,"href":"https:\/\/kominki-elektryczne.pl\/blog\/wp-json\/wp\/v2\/posts\/1225\/revisions\/1227"}],"wp:featuredmedia":[{"embeddable":true,"href":"https:\/\/kominki-elektryczne.pl\/blog\/wp-json\/wp\/v2\/media\/1226"}],"wp:attachment":[{"href":"https:\/\/kominki-elektryczne.pl\/blog\/wp-json\/wp\/v2\/media?parent=1225"}],"wp:term":[{"taxonomy":"category","embeddable":true,"href":"https:\/\/kominki-elektryczne.pl\/blog\/wp-json\/wp\/v2\/categories?post=1225"},{"taxonomy":"post_tag","embeddable":true,"href":"https:\/\/kominki-elektryczne.pl\/blog\/wp-json\/wp\/v2\/tags?post=1225"}],"curies":[{"name":"wp","href":"https:\/\/api.w.org\/{rel}","templated":true}]}}