{"id":1228,"date":"2025-09-12T13:49:18","date_gmt":"2025-09-12T11:49:18","guid":{"rendered":"https:\/\/kominki-elektryczne.pl\/blog\/?p=1228"},"modified":"2025-09-12T13:49:18","modified_gmt":"2025-09-12T11:49:18","slug":"tendenze-per-i-camini-elettrici-2025-cosa-ce-di-nuovo","status":"publish","type":"post","link":"https:\/\/kominki-elektryczne.pl\/blog\/it\/2025\/09\/12\/tendenze-per-i-camini-elettrici-2025-cosa-ce-di-nuovo\/","title":{"rendered":"Tendenze Camini Elettrici 2025: Quali sono le soluzioni pi\u00f9 in voga al momento?"},"content":{"rendered":"\n<p>Con la crescente consapevolezza ambientale e la necessit\u00e0 di un design moderno, i camini elettrici stanno guadagnando popolarit\u00e0 come alternativa pratica e attraente ai tradizionali camini a legna o a gas. Il 2025 porta con s\u00e9 nuove tendenze del settore che combinano estetica, funzionalit\u00e0 e tecnologie innovative. In questo articolo, esamineremo le soluzioni dominanti sul mercato e perch\u00e9 vale la pena scegliere un camino elettrico, in particolare i modelli dotati di tecnologia LED e marchi come Aflamo.<\/p>\n\n\n\n<figure class=\"wp-block-image size-large\"><img loading=\"lazy\" decoding=\"async\" width=\"1024\" height=\"590\" src=\"https:\/\/kominki-elektryczne.pl\/blog\/wp-content\/uploads\/2025\/08\/MAJESTIC_PRO_aranzacja_2-2-1024x590.jpg\" alt=\"Camino Elettrico Majestic Pro\" class=\"wp-image-1229\" srcset=\"https:\/\/kominki-elektryczne.pl\/blog\/wp-content\/uploads\/2025\/08\/MAJESTIC_PRO_aranzacja_2-2-1024x590.jpg 1024w, https:\/\/kominki-elektryczne.pl\/blog\/wp-content\/uploads\/2025\/08\/MAJESTIC_PRO_aranzacja_2-2-300x173.jpg 300w, https:\/\/kominki-elektryczne.pl\/blog\/wp-content\/uploads\/2025\/08\/MAJESTIC_PRO_aranzacja_2-2-768x442.jpg 768w, https:\/\/kominki-elektryczne.pl\/blog\/wp-content\/uploads\/2025\/08\/MAJESTIC_PRO_aranzacja_2-2-1536x884.jpg 1536w, https:\/\/kominki-elektryczne.pl\/blog\/wp-content\/uploads\/2025\/08\/MAJESTIC_PRO_aranzacja_2-2-2048x1179.jpg 2048w\" sizes=\"auto, (max-width: 1024px) 100vw, 1024px\" \/><\/figure>\n\n\n\n<h2 class=\"wp-block-heading\">Camino Elettrico: Modernit\u00e0 e Comfort nella Tua Casa<\/h2>\n\n\n\n<p>Il vantaggio principale dei <a href=\"https:\/\/www.kominki-elektryczne.pl\/it\/?controllerUri=index\">camini elettrici<\/a> \u00e8 la loro versatilit\u00e0. Sono sicuri, facili da usare e non generano fumo o fuliggine, il che li rende ideali sia per appartamenti che per case unifamiliari. I modelli pi\u00f9 alla moda offrono un effetto fiamma realistico senza bisogno di canne fumarie. Inoltre, molti camini sono dotati di telecomando e regolazione della potenza termica.<\/p>\n\n\n\n<h2 class=\"wp-block-heading\">Camino Elettrico a LED: la Magia di un Fuoco Realistico<\/h2>\n\n\n\n<p>Tra le tendenze del 2025, i camini elettrici dotati di illuminazione a LED si distinguono per il loro design unico e il bassissimo consumo energetico. La tecnologia LED consente di creare un effetto fiamma vivo e tremolante, che pu\u00f2 creare un&#8217;atmosfera accogliente in qualsiasi stanza, quasi come un vero camino. Inoltre, i camini a LED offrono spesso diverse modalit\u00e0 di visualizzazione della fiamma e la possibilit\u00e0 di cambiare colore: un&#8217;ottima opzione per chi apprezza l&#8217;individualit\u00e0 e le soluzioni decorative moderne.<\/p>\n\n\n\n<h2 class=\"wp-block-heading\">Camino elettrico Aflamo: una combinazione di qualit\u00e0 ed estetica<\/h2>\n\n\n\n<p>Nel segmento dei camini elettrici, i prodotti Aflamo stanno guadagnando popolarit\u00e0, introducendo nel 2025 modelli in linea con le ultime tendenze dell&#8217;interior design. I camini elettrici Aflamo sono caratterizzati da lavorazioni di alta qualit\u00e0, un aspetto moderno e funzionalit\u00e0 avanzate come l&#8217;effetto fuoco 3D e le modalit\u00e0 di funzionamento programmabili. L&#8217;offerta Aflamo si rivolge a chi cerca una soluzione elegante ma facile da usare per qualsiasi tipo di ambiente.<\/p>\n\n\n\n<h2 class=\"wp-block-heading\">Gli stili e le funzionalit\u00e0 pi\u00f9 alla moda dei camini elettrici nel 2025<\/h2>\n\n\n\n<p>Il 2025 \u00e8 un&#8217;epoca in cui i camini elettrici non servono pi\u00f9 solo come fonte di calore, ma stanno diventando un elemento decorativo, al pari di mobili o quadri. Minimalismo, design scandinavo e finiture industriali sono tra gli stili pi\u00f9 popolari. I camini elettrici a LED da incasso, integrabili a parete o in mobili, cos\u00ec come i modelli Aflamo freestanding dal design futuristico, sono di gran moda.<\/p>\n\n\n\n<p>Caratteristiche sempre pi\u00f9 importanti includono il controllo tramite smartphone, i timer e la regolazione automatica della temperatura e dell&#8217;intensit\u00e0 luminosa. Questo rende i camini intuitivi da usare e consente un risparmio energetico.<\/p>\n\n\n\n<h2 class=\"wp-block-heading\">Riepilogo<\/h2>\n\n\n\n<p>Quando si sceglie un camino elettrico nel 2025, vale la pena considerare i modelli dotati di tecnologia LED, che offrono non solo un impatto estetico gradevole, ma anche soluzioni economiche. I camini elettrici Aflamo sono particolarmente consigliati: il loro design moderno e le funzionalit\u00e0 avanzate li rendono la scelta ideale per chi apprezza il comfort e lo stile. Consentono di creare un&#8217;atmosfera calda e accogliente in casa senza la necessit\u00e0 di complicate operazioni di installazione e manutenzione. Le tendenze del 2025 mostrano che i camini elettrici sono un elemento essenziale di un arredamento moderno, che combina ecologia, comfort ed estetica.<\/p>\n","protected":false},"excerpt":{"rendered":"<p>Con la crescente consapevolezza ambientale e la necessit\u00e0 di un design moderno, i camini elettrici stanno guadagnando popolarit\u00e0 come alternativa pratica e attraente ai tradizionali camini a legna o a gas. Il 2025 porta con s\u00e9 nuove tendenze del settore che combinano estetica, funzionalit\u00e0 e &hellip; <\/p>\n","protected":false},"author":1,"featured_media":1229,"comment_status":"closed","ping_status":"closed","sticky":false,"template":"","format":"standard","meta":{"footnotes":""},"categories":[33],"tags":[570,316,310,692,615,362,367,314,312,364],"class_list":["post-1228","post","type-post","status-publish","format-standard","has-post-thumbnail","hentry","category-bez-kategorii-it","tag-caminetti-royal-pro","tag-caminetto-a-led","tag-caminetto-elettrico","tag-caminetto-elettrico-da-incasso","tag-camini-elettrici-3d","tag-camino-elettrico","tag-camino-incorporato","tag-camino-senza-funzione-di-riscaldamento","tag-camino-senza-riscaldamento","tag-camino-superb"],"yoast_head":"<!-- This site is optimized with the Yoast SEO plugin v25.7 - https:\/\/yoast.com\/wordpress\/plugins\/seo\/ -->\n<title>Tendenze per i camini elettrici 2025: cosa c&#039;\u00e8 di nuovo?<\/title>\n<meta name=\"description\" content=\"Nell&#039;articolo di oggi scopriremo quali sono i caminetti elettrici pi\u00f9 popolari. Caminetti elettrici da incasso o da parete?\" \/>\n<meta name=\"robots\" content=\"index, follow, max-snippet:-1, max-image-preview:large, max-video-preview:-1\" \/>\n<link rel=\"canonical\" href=\"https:\/\/kominki-elektryczne.pl\/blog\/it\/2025\/09\/12\/tendenze-per-i-camini-elettrici-2025-cosa-ce-di-nuovo\/\" \/>\n<meta property=\"og:locale\" content=\"pl_PL\" \/>\n<meta property=\"og:type\" content=\"article\" \/>\n<meta property=\"og:title\" content=\"Tendenze per i camini elettrici 2025: cosa c&#039;\u00e8 di nuovo?\" \/>\n<meta property=\"og:description\" content=\"Nell&#039;articolo di oggi scopriremo quali sono i caminetti elettrici pi\u00f9 popolari. Caminetti elettrici da incasso o da parete?\" \/>\n<meta property=\"og:url\" content=\"https:\/\/kominki-elektryczne.pl\/blog\/it\/2025\/09\/12\/tendenze-per-i-camini-elettrici-2025-cosa-ce-di-nuovo\/\" \/>\n<meta property=\"og:site_name\" content=\"Kominki-Elektryczne.pl\" \/>\n<meta property=\"article:publisher\" content=\"https:\/\/www.facebook.com\/elektrycznekominki\" \/>\n<meta property=\"article:published_time\" content=\"2025-09-12T11:49:18+00:00\" \/>\n<meta property=\"og:image\" content=\"https:\/\/kominki-elektryczne.pl\/blog\/wp-content\/uploads\/2025\/08\/MAJESTIC_PRO_aranzacja_2-2.jpg\" \/>\n\t<meta property=\"og:image:width\" content=\"2058\" \/>\n\t<meta property=\"og:image:height\" content=\"1185\" \/>\n\t<meta property=\"og:image:type\" content=\"image\/jpeg\" \/>\n<meta name=\"author\" content=\"Kominkowy\" \/>\n<meta name=\"twitter:card\" content=\"summary_large_image\" \/>\n<meta name=\"twitter:label1\" content=\"Napisane przez\" \/>\n\t<meta name=\"twitter:data1\" content=\"Kominkowy\" \/>\n\t<meta name=\"twitter:label2\" content=\"Szacowany czas czytania\" \/>\n\t<meta name=\"twitter:data2\" content=\"4 minuty\" \/>\n<script type=\"application\/ld+json\" class=\"yoast-schema-graph\">{\"@context\":\"https:\/\/schema.org\",\"@graph\":[{\"@type\":\"Article\",\"@id\":\"https:\/\/kominki-elektryczne.pl\/blog\/it\/2025\/09\/12\/tendenze-per-i-camini-elettrici-2025-cosa-ce-di-nuovo\/#article\",\"isPartOf\":{\"@id\":\"https:\/\/kominki-elektryczne.pl\/blog\/it\/2025\/09\/12\/tendenze-per-i-camini-elettrici-2025-cosa-ce-di-nuovo\/\"},\"author\":{\"name\":\"Kominkowy\",\"@id\":\"https:\/\/kominki-elektryczne.pl\/blog\/#\/schema\/person\/045e7544e3e90364f5f82cc509123089\"},\"headline\":\"Tendenze Camini Elettrici 2025: Quali sono le soluzioni pi\u00f9 in voga al momento?\",\"datePublished\":\"2025-09-12T11:49:18+00:00\",\"mainEntityOfPage\":{\"@id\":\"https:\/\/kominki-elektryczne.pl\/blog\/it\/2025\/09\/12\/tendenze-per-i-camini-elettrici-2025-cosa-ce-di-nuovo\/\"},\"wordCount\":529,\"publisher\":{\"@id\":\"https:\/\/kominki-elektryczne.pl\/blog\/#organization\"},\"image\":{\"@id\":\"https:\/\/kominki-elektryczne.pl\/blog\/it\/2025\/09\/12\/tendenze-per-i-camini-elettrici-2025-cosa-ce-di-nuovo\/#primaryimage\"},\"thumbnailUrl\":\"https:\/\/kominki-elektryczne.pl\/blog\/wp-content\/uploads\/2025\/08\/MAJESTIC_PRO_aranzacja_2-2.jpg\",\"keywords\":[\"caminetti Royal Pro\",\"caminetto a led\",\"caminetto elettrico\",\"Caminetto elettrico da incasso\",\"camini elettrici 3D\",\"camino elettrico\",\"camino incorporato\",\"camino senza funzione di riscaldamento\",\"camino senza riscaldamento\",\"camino superb\"],\"inLanguage\":\"pl-PL\"},{\"@type\":\"WebPage\",\"@id\":\"https:\/\/kominki-elektryczne.pl\/blog\/it\/2025\/09\/12\/tendenze-per-i-camini-elettrici-2025-cosa-ce-di-nuovo\/\",\"url\":\"https:\/\/kominki-elektryczne.pl\/blog\/it\/2025\/09\/12\/tendenze-per-i-camini-elettrici-2025-cosa-ce-di-nuovo\/\",\"name\":\"Tendenze per i camini elettrici 2025: cosa c'\u00e8 di nuovo?\",\"isPartOf\":{\"@id\":\"https:\/\/kominki-elektryczne.pl\/blog\/#website\"},\"primaryImageOfPage\":{\"@id\":\"https:\/\/kominki-elektryczne.pl\/blog\/it\/2025\/09\/12\/tendenze-per-i-camini-elettrici-2025-cosa-ce-di-nuovo\/#primaryimage\"},\"image\":{\"@id\":\"https:\/\/kominki-elektryczne.pl\/blog\/it\/2025\/09\/12\/tendenze-per-i-camini-elettrici-2025-cosa-ce-di-nuovo\/#primaryimage\"},\"thumbnailUrl\":\"https:\/\/kominki-elektryczne.pl\/blog\/wp-content\/uploads\/2025\/08\/MAJESTIC_PRO_aranzacja_2-2.jpg\",\"datePublished\":\"2025-09-12T11:49:18+00:00\",\"description\":\"Nell'articolo di oggi scopriremo quali sono i caminetti elettrici pi\u00f9 popolari. Caminetti elettrici da incasso o da parete?\",\"breadcrumb\":{\"@id\":\"https:\/\/kominki-elektryczne.pl\/blog\/it\/2025\/09\/12\/tendenze-per-i-camini-elettrici-2025-cosa-ce-di-nuovo\/#breadcrumb\"},\"inLanguage\":\"pl-PL\",\"potentialAction\":[{\"@type\":\"ReadAction\",\"target\":[\"https:\/\/kominki-elektryczne.pl\/blog\/it\/2025\/09\/12\/tendenze-per-i-camini-elettrici-2025-cosa-ce-di-nuovo\/\"]}]},{\"@type\":\"ImageObject\",\"inLanguage\":\"pl-PL\",\"@id\":\"https:\/\/kominki-elektryczne.pl\/blog\/it\/2025\/09\/12\/tendenze-per-i-camini-elettrici-2025-cosa-ce-di-nuovo\/#primaryimage\",\"url\":\"https:\/\/kominki-elektryczne.pl\/blog\/wp-content\/uploads\/2025\/08\/MAJESTIC_PRO_aranzacja_2-2.jpg\",\"contentUrl\":\"https:\/\/kominki-elektryczne.pl\/blog\/wp-content\/uploads\/2025\/08\/MAJESTIC_PRO_aranzacja_2-2.jpg\",\"width\":2058,\"height\":1185},{\"@type\":\"BreadcrumbList\",\"@id\":\"https:\/\/kominki-elektryczne.pl\/blog\/it\/2025\/09\/12\/tendenze-per-i-camini-elettrici-2025-cosa-ce-di-nuovo\/#breadcrumb\",\"itemListElement\":[{\"@type\":\"ListItem\",\"position\":1,\"name\":\"Strona g\u0142\u00f3wna\",\"item\":\"https:\/\/kominki-elektryczne.pl\/blog\/\"},{\"@type\":\"ListItem\",\"position\":2,\"name\":\"Tendenze Camini Elettrici 2025: Quali sono le soluzioni pi\u00f9 in voga al momento?\"}]},{\"@type\":\"WebSite\",\"@id\":\"https:\/\/kominki-elektryczne.pl\/blog\/#website\",\"url\":\"https:\/\/kominki-elektryczne.pl\/blog\/\",\"name\":\"Kominki-Elektryczne.pl\",\"description\":\"Opisy - Porady - Recenzje\",\"publisher\":{\"@id\":\"https:\/\/kominki-elektryczne.pl\/blog\/#organization\"},\"potentialAction\":[{\"@type\":\"SearchAction\",\"target\":{\"@type\":\"EntryPoint\",\"urlTemplate\":\"https:\/\/kominki-elektryczne.pl\/blog\/?s={search_term_string}\"},\"query-input\":{\"@type\":\"PropertyValueSpecification\",\"valueRequired\":true,\"valueName\":\"search_term_string\"}}],\"inLanguage\":\"pl-PL\"},{\"@type\":\"Organization\",\"@id\":\"https:\/\/kominki-elektryczne.pl\/blog\/#organization\",\"name\":\"Kominki-Elektryczne.pl\",\"url\":\"https:\/\/kominki-elektryczne.pl\/blog\/\",\"logo\":{\"@type\":\"ImageObject\",\"inLanguage\":\"pl-PL\",\"@id\":\"https:\/\/kominki-elektryczne.pl\/blog\/#\/schema\/logo\/image\/\",\"url\":\"https:\/\/kominki-elektryczne.pl\/blog\/wp-content\/uploads\/2025\/04\/cropped-LogoAflamo.jpg\",\"contentUrl\":\"https:\/\/kominki-elektryczne.pl\/blog\/wp-content\/uploads\/2025\/04\/cropped-LogoAflamo.jpg\",\"width\":200,\"height\":58,\"caption\":\"Kominki-Elektryczne.pl\"},\"image\":{\"@id\":\"https:\/\/kominki-elektryczne.pl\/blog\/#\/schema\/logo\/image\/\"},\"sameAs\":[\"https:\/\/www.facebook.com\/elektrycznekominki\"]},{\"@type\":\"Person\",\"@id\":\"https:\/\/kominki-elektryczne.pl\/blog\/#\/schema\/person\/045e7544e3e90364f5f82cc509123089\",\"name\":\"Kominkowy\",\"image\":{\"@type\":\"ImageObject\",\"inLanguage\":\"pl-PL\",\"@id\":\"https:\/\/kominki-elektryczne.pl\/blog\/#\/schema\/person\/image\/\",\"url\":\"https:\/\/secure.gravatar.com\/avatar\/8c15720599195e8ba4119df2db28ce7e?s=96&d=mm&r=g\",\"contentUrl\":\"https:\/\/secure.gravatar.com\/avatar\/8c15720599195e8ba4119df2db28ce7e?s=96&d=mm&r=g\",\"caption\":\"Kominkowy\"},\"sameAs\":[\"http:\/\/www.kominki-elektryczne.pl\"],\"url\":\"https:\/\/kominki-elektryczne.pl\/blog\/author\/led-handel\/\"}]}<\/script>\n<!-- \/ Yoast SEO plugin. -->","yoast_head_json":{"title":"Tendenze per i camini elettrici 2025: cosa c'\u00e8 di nuovo?","description":"Nell'articolo di oggi scopriremo quali sono i caminetti elettrici pi\u00f9 popolari. Caminetti elettrici da incasso o da parete?","robots":{"index":"index","follow":"follow","max-snippet":"max-snippet:-1","max-image-preview":"max-image-preview:large","max-video-preview":"max-video-preview:-1"},"canonical":"https:\/\/kominki-elektryczne.pl\/blog\/it\/2025\/09\/12\/tendenze-per-i-camini-elettrici-2025-cosa-ce-di-nuovo\/","og_locale":"pl_PL","og_type":"article","og_title":"Tendenze per i camini elettrici 2025: cosa c'\u00e8 di nuovo?","og_description":"Nell'articolo di oggi scopriremo quali sono i caminetti elettrici pi\u00f9 popolari. Caminetti elettrici da incasso o da parete?","og_url":"https:\/\/kominki-elektryczne.pl\/blog\/it\/2025\/09\/12\/tendenze-per-i-camini-elettrici-2025-cosa-ce-di-nuovo\/","og_site_name":"Kominki-Elektryczne.pl","article_publisher":"https:\/\/www.facebook.com\/elektrycznekominki","article_published_time":"2025-09-12T11:49:18+00:00","og_image":[{"width":2058,"height":1185,"url":"https:\/\/kominki-elektryczne.pl\/blog\/wp-content\/uploads\/2025\/08\/MAJESTIC_PRO_aranzacja_2-2.jpg","type":"image\/jpeg"}],"author":"Kominkowy","twitter_card":"summary_large_image","twitter_misc":{"Napisane przez":"Kominkowy","Szacowany czas czytania":"4 minuty"},"schema":{"@context":"https:\/\/schema.org","@graph":[{"@type":"Article","@id":"https:\/\/kominki-elektryczne.pl\/blog\/it\/2025\/09\/12\/tendenze-per-i-camini-elettrici-2025-cosa-ce-di-nuovo\/#article","isPartOf":{"@id":"https:\/\/kominki-elektryczne.pl\/blog\/it\/2025\/09\/12\/tendenze-per-i-camini-elettrici-2025-cosa-ce-di-nuovo\/"},"author":{"name":"Kominkowy","@id":"https:\/\/kominki-elektryczne.pl\/blog\/#\/schema\/person\/045e7544e3e90364f5f82cc509123089"},"headline":"Tendenze Camini Elettrici 2025: Quali sono le soluzioni pi\u00f9 in voga al momento?","datePublished":"2025-09-12T11:49:18+00:00","mainEntityOfPage":{"@id":"https:\/\/kominki-elektryczne.pl\/blog\/it\/2025\/09\/12\/tendenze-per-i-camini-elettrici-2025-cosa-ce-di-nuovo\/"},"wordCount":529,"publisher":{"@id":"https:\/\/kominki-elektryczne.pl\/blog\/#organization"},"image":{"@id":"https:\/\/kominki-elektryczne.pl\/blog\/it\/2025\/09\/12\/tendenze-per-i-camini-elettrici-2025-cosa-ce-di-nuovo\/#primaryimage"},"thumbnailUrl":"https:\/\/kominki-elektryczne.pl\/blog\/wp-content\/uploads\/2025\/08\/MAJESTIC_PRO_aranzacja_2-2.jpg","keywords":["caminetti Royal Pro","caminetto a led","caminetto elettrico","Caminetto elettrico da incasso","camini elettrici 3D","camino elettrico","camino incorporato","camino senza funzione di riscaldamento","camino senza riscaldamento","camino superb"],"inLanguage":"pl-PL"},{"@type":"WebPage","@id":"https:\/\/kominki-elektryczne.pl\/blog\/it\/2025\/09\/12\/tendenze-per-i-camini-elettrici-2025-cosa-ce-di-nuovo\/","url":"https:\/\/kominki-elektryczne.pl\/blog\/it\/2025\/09\/12\/tendenze-per-i-camini-elettrici-2025-cosa-ce-di-nuovo\/","name":"Tendenze per i camini elettrici 2025: cosa c'\u00e8 di nuovo?","isPartOf":{"@id":"https:\/\/kominki-elektryczne.pl\/blog\/#website"},"primaryImageOfPage":{"@id":"https:\/\/kominki-elektryczne.pl\/blog\/it\/2025\/09\/12\/tendenze-per-i-camini-elettrici-2025-cosa-ce-di-nuovo\/#primaryimage"},"image":{"@id":"https:\/\/kominki-elektryczne.pl\/blog\/it\/2025\/09\/12\/tendenze-per-i-camini-elettrici-2025-cosa-ce-di-nuovo\/#primaryimage"},"thumbnailUrl":"https:\/\/kominki-elektryczne.pl\/blog\/wp-content\/uploads\/2025\/08\/MAJESTIC_PRO_aranzacja_2-2.jpg","datePublished":"2025-09-12T11:49:18+00:00","description":"Nell'articolo di oggi scopriremo quali sono i caminetti elettrici pi\u00f9 popolari. Caminetti elettrici da incasso o da parete?","breadcrumb":{"@id":"https:\/\/kominki-elektryczne.pl\/blog\/it\/2025\/09\/12\/tendenze-per-i-camini-elettrici-2025-cosa-ce-di-nuovo\/#breadcrumb"},"inLanguage":"pl-PL","potentialAction":[{"@type":"ReadAction","target":["https:\/\/kominki-elektryczne.pl\/blog\/it\/2025\/09\/12\/tendenze-per-i-camini-elettrici-2025-cosa-ce-di-nuovo\/"]}]},{"@type":"ImageObject","inLanguage":"pl-PL","@id":"https:\/\/kominki-elektryczne.pl\/blog\/it\/2025\/09\/12\/tendenze-per-i-camini-elettrici-2025-cosa-ce-di-nuovo\/#primaryimage","url":"https:\/\/kominki-elektryczne.pl\/blog\/wp-content\/uploads\/2025\/08\/MAJESTIC_PRO_aranzacja_2-2.jpg","contentUrl":"https:\/\/kominki-elektryczne.pl\/blog\/wp-content\/uploads\/2025\/08\/MAJESTIC_PRO_aranzacja_2-2.jpg","width":2058,"height":1185},{"@type":"BreadcrumbList","@id":"https:\/\/kominki-elektryczne.pl\/blog\/it\/2025\/09\/12\/tendenze-per-i-camini-elettrici-2025-cosa-ce-di-nuovo\/#breadcrumb","itemListElement":[{"@type":"ListItem","position":1,"name":"Strona g\u0142\u00f3wna","item":"https:\/\/kominki-elektryczne.pl\/blog\/"},{"@type":"ListItem","position":2,"name":"Tendenze Camini Elettrici 2025: Quali sono le soluzioni pi\u00f9 in voga al momento?"}]},{"@type":"WebSite","@id":"https:\/\/kominki-elektryczne.pl\/blog\/#website","url":"https:\/\/kominki-elektryczne.pl\/blog\/","name":"Kominki-Elektryczne.pl","description":"Opisy - Porady - Recenzje","publisher":{"@id":"https:\/\/kominki-elektryczne.pl\/blog\/#organization"},"potentialAction":[{"@type":"SearchAction","target":{"@type":"EntryPoint","urlTemplate":"https:\/\/kominki-elektryczne.pl\/blog\/?s={search_term_string}"},"query-input":{"@type":"PropertyValueSpecification","valueRequired":true,"valueName":"search_term_string"}}],"inLanguage":"pl-PL"},{"@type":"Organization","@id":"https:\/\/kominki-elektryczne.pl\/blog\/#organization","name":"Kominki-Elektryczne.pl","url":"https:\/\/kominki-elektryczne.pl\/blog\/","logo":{"@type":"ImageObject","inLanguage":"pl-PL","@id":"https:\/\/kominki-elektryczne.pl\/blog\/#\/schema\/logo\/image\/","url":"https:\/\/kominki-elektryczne.pl\/blog\/wp-content\/uploads\/2025\/04\/cropped-LogoAflamo.jpg","contentUrl":"https:\/\/kominki-elektryczne.pl\/blog\/wp-content\/uploads\/2025\/04\/cropped-LogoAflamo.jpg","width":200,"height":58,"caption":"Kominki-Elektryczne.pl"},"image":{"@id":"https:\/\/kominki-elektryczne.pl\/blog\/#\/schema\/logo\/image\/"},"sameAs":["https:\/\/www.facebook.com\/elektrycznekominki"]},{"@type":"Person","@id":"https:\/\/kominki-elektryczne.pl\/blog\/#\/schema\/person\/045e7544e3e90364f5f82cc509123089","name":"Kominkowy","image":{"@type":"ImageObject","inLanguage":"pl-PL","@id":"https:\/\/kominki-elektryczne.pl\/blog\/#\/schema\/person\/image\/","url":"https:\/\/secure.gravatar.com\/avatar\/8c15720599195e8ba4119df2db28ce7e?s=96&d=mm&r=g","contentUrl":"https:\/\/secure.gravatar.com\/avatar\/8c15720599195e8ba4119df2db28ce7e?s=96&d=mm&r=g","caption":"Kominkowy"},"sameAs":["http:\/\/www.kominki-elektryczne.pl"],"url":"https:\/\/kominki-elektryczne.pl\/blog\/author\/led-handel\/"}]}},"_links":{"self":[{"href":"https:\/\/kominki-elektryczne.pl\/blog\/wp-json\/wp\/v2\/posts\/1228","targetHints":{"allow":["GET"]}}],"collection":[{"href":"https:\/\/kominki-elektryczne.pl\/blog\/wp-json\/wp\/v2\/posts"}],"about":[{"href":"https:\/\/kominki-elektryczne.pl\/blog\/wp-json\/wp\/v2\/types\/post"}],"author":[{"embeddable":true,"href":"https:\/\/kominki-elektryczne.pl\/blog\/wp-json\/wp\/v2\/users\/1"}],"replies":[{"embeddable":true,"href":"https:\/\/kominki-elektryczne.pl\/blog\/wp-json\/wp\/v2\/comments?post=1228"}],"version-history":[{"count":1,"href":"https:\/\/kominki-elektryczne.pl\/blog\/wp-json\/wp\/v2\/posts\/1228\/revisions"}],"predecessor-version":[{"id":1230,"href":"https:\/\/kominki-elektryczne.pl\/blog\/wp-json\/wp\/v2\/posts\/1228\/revisions\/1230"}],"wp:featuredmedia":[{"embeddable":true,"href":"https:\/\/kominki-elektryczne.pl\/blog\/wp-json\/wp\/v2\/media\/1229"}],"wp:attachment":[{"href":"https:\/\/kominki-elektryczne.pl\/blog\/wp-json\/wp\/v2\/media?parent=1228"}],"wp:term":[{"taxonomy":"category","embeddable":true,"href":"https:\/\/kominki-elektryczne.pl\/blog\/wp-json\/wp\/v2\/categories?post=1228"},{"taxonomy":"post_tag","embeddable":true,"href":"https:\/\/kominki-elektryczne.pl\/blog\/wp-json\/wp\/v2\/tags?post=1228"}],"curies":[{"name":"wp","href":"https:\/\/api.w.org\/{rel}","templated":true}]}}