{"id":1242,"date":"2025-10-01T13:17:30","date_gmt":"2025-10-01T11:17:30","guid":{"rendered":"https:\/\/kominki-elektryczne.pl\/blog\/?p=1242"},"modified":"2025-10-01T13:17:30","modified_gmt":"2025-10-01T11:17:30","slug":"czy-kominek-elektryczny-sprawdzi-sie-w-salonie-kosmetycznym","status":"publish","type":"post","link":"https:\/\/kominki-elektryczne.pl\/blog\/2025\/10\/01\/czy-kominek-elektryczny-sprawdzi-sie-w-salonie-kosmetycznym\/","title":{"rendered":"Czy kominek elektryczny sprawdzi si\u0119 w salonie kosmetycznym?"},"content":{"rendered":"\n<p>Kominek elektryczny to doskona\u0142y spos\u00f3b na podniesienie komfortu i estetyki w salonie kosmetycznym. Dzi\u0119ki niemu wn\u0119trze staje si\u0119 bardziej przytulne, co pozytywnie wp\u0142ywa na samopoczucie klient\u00f3w oraz zwi\u0119ksza presti\u017c i profesjonalny odbi\u00f3r firmy. W obecnych czasach, gdy konkurencja w bran\u017cy beauty jest du\u017ca, zadbanie o wyj\u0105tkow\u0105 atmosfer\u0119 mo\u017ce by\u0107 kluczowe dla sukcesu salonu.<\/p>\n\n\n\n<h2 class=\"wp-block-heading\">Pozytywny wp\u0142yw na komfort klient\u00f3w i wizerunek salonu<\/h2>\n\n\n\n<p>W salonie kosmetycznym niezwykle wa\u017cne jest, aby klienci czuli si\u0119 zrelaksowani i wyj\u0105tkowo. Kominek elektryczny idealnie spe\u0142nia t\u0119 rol\u0119, oferuj\u0105c efekt p\u0142omieni bez konieczno\u015bci stosowania drewna czy gazu. Subtelne \u015bwiat\u0142o i realistyczna imitacja ognia tworz\u0105 ciep\u0142\u0105 i spokojn\u0105 atmosfer\u0119, sprzyjaj\u0105c\u0105 odpr\u0119\u017ceniu podczas wykonywanych zabieg\u00f3w. Komfortowa przestrze\u0144 ma bezpo\u015bredni wp\u0142yw na zadowolenie klient\u00f3w i budowanie ich lojalno\u015bci, co jest szczeg\u00f3lnie wa\u017cne w bran\u017cy kosmetycznej.<\/p>\n\n\n\n<p>Ponadto obecno\u015b\u0107 kominka elektrycznego podnosi presti\u017c salonu, nadaj\u0105c mu elegancki i profesjonalny charakter. Estetycznie zaprojektowane urz\u0105dzenie przyci\u0105ga uwag\u0119 i wzbogaca wystr\u00f3j wn\u0119trza, co poprawia og\u00f3lne wra\u017cenie z wizyty.<\/p>\n\n\n\n<h2 class=\"wp-block-heading\">Ekonomiczno\u015b\u0107 i bezpiecze\u0144stwo u\u017cytkowania<\/h2>\n\n\n\n<p>Kominki elektryczne wyr\u00f3\u017cniaj\u0105 si\u0119 niskimi kosztami eksploatacji. Nie wymagaj\u0105 zakupu paliwa ani czyszczenia, co jest nie tylko wygodne, ale r\u00f3wnie\u017c pozwala oszcz\u0119dza\u0107 na bie\u017c\u0105cych wydatkach. Obs\u0142uga urz\u0105dzenia jest bardzo prosta \u2013 wystarczy pod\u0142\u0105czy\u0107 je do pr\u0105du, aby cieszy\u0107 si\u0119 efektem naturalnego ognia i przyjemnym ciep\u0142em.<\/p>\n\n\n\n<p>Bezpiecze\u0144stwo jest kolejnym wa\u017cnym aspektem. Brak otwartego p\u0142omienia zmniejsza ryzyko po\u017caru, a tak\u017ce eliminuje problem emisji spalin czy czadu. To szczeg\u00f3lnie istotne w salonach kosmetycznych, gdzie przebywa wiele os\u00f3b i przestrze\u0144 wymaga zachowania standard\u00f3w higieny i bezpiecze\u0144stwa.<\/p>\n\n\n\n<h2 class=\"wp-block-heading\">Design i funkcjonalno\u015b\u0107 na najwy\u017cszym poziomie<\/h2>\n\n\n\n<p>Nowoczesne kominki elektryczne dost\u0119pne s\u0105 w r\u00f3\u017cnorodnych stylach, dzi\u0119ki czemu \u0142atwo dopasowa\u0107 je do charakteru wn\u0119trza \u2013 zar\u00f3wno tych nowoczesnych, jak i klasycznych. Mo\u017cliwo\u015b\u0107 regulacji intensywno\u015bci \u015bwiat\u0142a oraz ogrzewania pozwala stworzy\u0107 unikaln\u0105 atmosfer\u0119, dostosowan\u0105 do potrzeb klienta i pory roku.<\/p>\n\n\n\n<p>Dodatkow\u0105 zalet\u0105 jest mobilno\u015b\u0107 urz\u0105dze\u0144, dzi\u0119ki czemu mo\u017cna z \u0142atwo\u015bci\u0105 zmienia\u0107 ich po\u0142o\u017cenie lub montowa\u0107 na \u015bcianie, co zwi\u0119ksza komfort aran\u017cacji przestrzeni.<\/p>\n\n\n\n<h2 class=\"wp-block-heading\">Polecane modele komink\u00f3w elektrycznych marki Aflamo<\/h2>\n\n\n\n<p>Produkty marki Aflamo zdobywaj\u0105 du\u017c\u0105 popularno\u015b\u0107 w\u015br\u00f3d salon\u00f3w kosmetycznych, oferuj\u0105c wysok\u0105 jako\u015b\u0107 i atrakcyjny design. Modele Aflamo ciesz\u0105 si\u0119 zaufaniem w\u0142a\u015bcicieli firm, kt\u00f3rzy szukaj\u0105 sprawdzonych i estetycznych rozwi\u0105za\u0144.<\/p>\n\n\n\n<p>Przyk\u0142adowe kominki elektryczne marki Aflamo, kt\u00f3re \u015bwietnie sprawdz\u0105 si\u0119 w salonie kosmetycznym, to:<\/p>\n\n\n\n<ul class=\"wp-block-list\">\n<li><a href=\"https:\/\/www.kominki-elektryczne.pl\/pl\/glowna\/717-35-unique-pro-kominek-elektryczny-led-do-zabudowy-aflamo-5903900305242.html#\/60-size_unique_pro-80_x_39_x_20\">Aflamo Unique Pro<\/a> \u2013 elegancki i nowoczesny tr\u00f3jstronny model z realistycznym efektem ognia, kt\u00f3ry doskonale imituje naturalny p\u0142omie\u0144,<\/li>\n\n\n\n<li><a href=\"https:\/\/www.kominki-elektryczne.pl\/pl\/glowna\/725-70-wklad-tower-wklad-elektryczny-led-aflamo-plus-z-dzwiekiem-5903900304948.html#\/115-size_tower-46_x_596_x_305\">Aflamo Tower<\/a> \u2013 kompaktowy i minimalistyczny kominek, idealny do mniejszych pomieszcze\u0144 i stanowisk pracy,<\/li>\n\n\n\n<li><a href=\"https:\/\/www.kominki-elektryczne.pl\/pl\/glowna\/714-20-royal-pro-kominek-elektryczny-led-scienny-i-do-zabudowy-aflamo.html#\/50-size_royal_pro-100_x_38_x_16\">Aflamo Royal Pro<\/a> \u2013 stylowy model z funkcj\u0105 grzania i regulacj\u0105 intensywno\u015bci \u015bwiat\u0142a, kt\u00f3ry podkre\u015bli atmosfer\u0119 luksusu w salonie.<\/li>\n<\/ul>\n\n\n\n<h2 class=\"wp-block-heading\">Podsumowanie<\/h2>\n\n\n\n<p>Kominek elektryczny to nie tylko estetyczny dodatek w salonie kosmetycznym, lecz tak\u017ce praktyczne rozwi\u0105zanie, kt\u00f3re poprawia komfort klient\u00f3w i wzmacnia presti\u017c firmy. Niskie koszty eksploatacji oraz wysoki poziom bezpiecze\u0144stwa sprawiaj\u0105, \u017ce jest to inwestycja op\u0142acalna i wygodna w codziennym u\u017cytkowaniu. Dzi\u0119ki temu kominek elektryczny mo\u017ce sta\u0107 si\u0119 wa\u017cnym elementem nowoczesnego i profesjonalnego salonu urody.<\/p>\n","protected":false},"excerpt":{"rendered":"<p>Kominek elektryczny to doskona\u0142y spos\u00f3b na podniesienie komfortu i estetyki w salonie kosmetycznym. Dzi\u0119ki niemu wn\u0119trze staje si\u0119 bardziej przytulne, co pozytywnie wp\u0142ywa na samopoczucie klient\u00f3w oraz zwi\u0119ksza presti\u017c i profesjonalny odbi\u00f3r firmy. W obecnych czasach, gdy konkurencja w bran\u017cy beauty jest du\u017ca, zadbanie o &hellip; <\/p>\n","protected":false},"author":1,"featured_media":1243,"comment_status":"closed","ping_status":"closed","sticky":false,"template":"","format":"standard","meta":{"footnotes":""},"categories":[1],"tags":[15,435,344,377,18,604,718,379,17,643,889,818,645,823],"class_list":["post-1242","post","type-post","status-publish","format-standard","has-post-thumbnail","hentry","category-bez-kategorii","tag-kominek","tag-kominek-3d","tag-kominek-aflamo","tag-kominek-bez-funkcji-grzania","tag-kominek-do-zabudowy","tag-kominek-elektryczny-led-3d","tag-kominek-elektryczny-z-dzwiekiem","tag-kominek-pod-zabudowe","tag-kominek-scienny","tag-kominki-elektryczne-3d","tag-kominki-elektryczne-do-zabudowy-pl","tag-kominki-elektryczne-scienne-pl","tag-kominki-elektryczne-trojstronne","tag-kominki-elektryczne-z-funkcja-grzania"],"yoast_head":"<!-- This site is optimized with the Yoast SEO plugin v25.7 - https:\/\/yoast.com\/wordpress\/plugins\/seo\/ -->\n<title>Czy kominek elektryczny sprawdzi si\u0119 w salonie kosmetycznym? - Kominki-Elektryczne.pl<\/title>\n<meta name=\"description\" content=\"Kominek elektryczny mo\u017ce by\u0107\u00a0doskona\u0142ym dodatkiem do salonu kosmetycznego, \u0142\u0105cz\u0105c wyj\u0105tkow\u0105 atmosfer\u0119\u00a0z funkcjonalno\u015bci\u0105 i estetyk\u0105. Dzi\u0119ki niemu przestrze\u0144\u00a0zyskuje przytulny klimat,\u00a0kt\u00f3ry pozytywnie wp\u0142ywa na\u00a0samopoczucie\u00a0klient\u00f3w, a jednocze\u015bnie podnosi presti\u017c i\u00a0profesjonalny\u00a0wizerunek firmy.\" \/>\n<meta name=\"robots\" content=\"index, follow, max-snippet:-1, max-image-preview:large, max-video-preview:-1\" \/>\n<link rel=\"canonical\" href=\"https:\/\/kominki-elektryczne.pl\/blog\/2025\/10\/01\/czy-kominek-elektryczny-sprawdzi-sie-w-salonie-kosmetycznym\/\" \/>\n<meta property=\"og:locale\" content=\"pl_PL\" \/>\n<meta property=\"og:type\" content=\"article\" \/>\n<meta property=\"og:title\" content=\"Czy kominek elektryczny sprawdzi si\u0119 w salonie kosmetycznym? - Kominki-Elektryczne.pl\" \/>\n<meta property=\"og:description\" content=\"Kominek elektryczny mo\u017ce by\u0107\u00a0doskona\u0142ym dodatkiem do salonu kosmetycznego, \u0142\u0105cz\u0105c wyj\u0105tkow\u0105 atmosfer\u0119\u00a0z funkcjonalno\u015bci\u0105 i estetyk\u0105. Dzi\u0119ki niemu przestrze\u0144\u00a0zyskuje przytulny klimat,\u00a0kt\u00f3ry pozytywnie wp\u0142ywa na\u00a0samopoczucie\u00a0klient\u00f3w, a jednocze\u015bnie podnosi presti\u017c i\u00a0profesjonalny\u00a0wizerunek firmy.\" \/>\n<meta property=\"og:url\" content=\"https:\/\/kominki-elektryczne.pl\/blog\/2025\/10\/01\/czy-kominek-elektryczny-sprawdzi-sie-w-salonie-kosmetycznym\/\" \/>\n<meta property=\"og:site_name\" content=\"Kominki-Elektryczne.pl\" \/>\n<meta property=\"article:publisher\" content=\"https:\/\/www.facebook.com\/elektrycznekominki\" \/>\n<meta property=\"article:published_time\" content=\"2025-10-01T11:17:30+00:00\" \/>\n<meta property=\"og:image\" content=\"https:\/\/kominki-elektryczne.pl\/blog\/wp-content\/uploads\/2025\/10\/Royal-3D_room-shot.jpg\" \/>\n\t<meta property=\"og:image:width\" content=\"2048\" \/>\n\t<meta property=\"og:image:height\" content=\"1152\" \/>\n\t<meta property=\"og:image:type\" content=\"image\/jpeg\" \/>\n<meta name=\"author\" content=\"Kominkowy\" \/>\n<meta name=\"twitter:card\" content=\"summary_large_image\" \/>\n<meta name=\"twitter:label1\" content=\"Napisane przez\" \/>\n\t<meta name=\"twitter:data1\" content=\"Kominkowy\" \/>\n\t<meta name=\"twitter:label2\" content=\"Szacowany czas czytania\" \/>\n\t<meta name=\"twitter:data2\" content=\"3 minuty\" \/>\n<script type=\"application\/ld+json\" class=\"yoast-schema-graph\">{\"@context\":\"https:\/\/schema.org\",\"@graph\":[{\"@type\":\"Article\",\"@id\":\"https:\/\/kominki-elektryczne.pl\/blog\/2025\/10\/01\/czy-kominek-elektryczny-sprawdzi-sie-w-salonie-kosmetycznym\/#article\",\"isPartOf\":{\"@id\":\"https:\/\/kominki-elektryczne.pl\/blog\/2025\/10\/01\/czy-kominek-elektryczny-sprawdzi-sie-w-salonie-kosmetycznym\/\"},\"author\":{\"name\":\"Kominkowy\",\"@id\":\"https:\/\/kominki-elektryczne.pl\/blog\/#\/schema\/person\/045e7544e3e90364f5f82cc509123089\"},\"headline\":\"Czy kominek elektryczny sprawdzi si\u0119 w salonie kosmetycznym?\",\"datePublished\":\"2025-10-01T11:17:30+00:00\",\"mainEntityOfPage\":{\"@id\":\"https:\/\/kominki-elektryczne.pl\/blog\/2025\/10\/01\/czy-kominek-elektryczny-sprawdzi-sie-w-salonie-kosmetycznym\/\"},\"wordCount\":565,\"publisher\":{\"@id\":\"https:\/\/kominki-elektryczne.pl\/blog\/#organization\"},\"image\":{\"@id\":\"https:\/\/kominki-elektryczne.pl\/blog\/2025\/10\/01\/czy-kominek-elektryczny-sprawdzi-sie-w-salonie-kosmetycznym\/#primaryimage\"},\"thumbnailUrl\":\"https:\/\/kominki-elektryczne.pl\/blog\/wp-content\/uploads\/2025\/10\/Royal-3D_room-shot.jpg\",\"keywords\":[\"kominek\",\"kominek 3d\",\"kominek aflamo\",\"kominek bez funkcji grzania\",\"kominek do zabudowy\",\"Kominek elektryczny LED 3D\",\"kominek elektryczny z d\u017awi\u0119kiem\",\"kominek pod zabudow\u0119\",\"kominek \u015bcienny\",\"kominki elektryczne 3D\",\"kominki elektryczne do zabudowy\",\"kominki elektryczne \u015bcienne\",\"kominki elektryczne tr\u00f3jstronne\",\"kominki elektryczne z funkcj\u0105 grzania\"],\"inLanguage\":\"pl-PL\"},{\"@type\":\"WebPage\",\"@id\":\"https:\/\/kominki-elektryczne.pl\/blog\/2025\/10\/01\/czy-kominek-elektryczny-sprawdzi-sie-w-salonie-kosmetycznym\/\",\"url\":\"https:\/\/kominki-elektryczne.pl\/blog\/2025\/10\/01\/czy-kominek-elektryczny-sprawdzi-sie-w-salonie-kosmetycznym\/\",\"name\":\"Czy kominek elektryczny sprawdzi si\u0119 w salonie kosmetycznym? - Kominki-Elektryczne.pl\",\"isPartOf\":{\"@id\":\"https:\/\/kominki-elektryczne.pl\/blog\/#website\"},\"primaryImageOfPage\":{\"@id\":\"https:\/\/kominki-elektryczne.pl\/blog\/2025\/10\/01\/czy-kominek-elektryczny-sprawdzi-sie-w-salonie-kosmetycznym\/#primaryimage\"},\"image\":{\"@id\":\"https:\/\/kominki-elektryczne.pl\/blog\/2025\/10\/01\/czy-kominek-elektryczny-sprawdzi-sie-w-salonie-kosmetycznym\/#primaryimage\"},\"thumbnailUrl\":\"https:\/\/kominki-elektryczne.pl\/blog\/wp-content\/uploads\/2025\/10\/Royal-3D_room-shot.jpg\",\"datePublished\":\"2025-10-01T11:17:30+00:00\",\"description\":\"Kominek elektryczny mo\u017ce by\u0107\u00a0doskona\u0142ym dodatkiem do salonu kosmetycznego, \u0142\u0105cz\u0105c wyj\u0105tkow\u0105 atmosfer\u0119\u00a0z funkcjonalno\u015bci\u0105 i estetyk\u0105. Dzi\u0119ki niemu przestrze\u0144\u00a0zyskuje przytulny klimat,\u00a0kt\u00f3ry pozytywnie wp\u0142ywa na\u00a0samopoczucie\u00a0klient\u00f3w, a jednocze\u015bnie podnosi presti\u017c i\u00a0profesjonalny\u00a0wizerunek firmy.\",\"breadcrumb\":{\"@id\":\"https:\/\/kominki-elektryczne.pl\/blog\/2025\/10\/01\/czy-kominek-elektryczny-sprawdzi-sie-w-salonie-kosmetycznym\/#breadcrumb\"},\"inLanguage\":\"pl-PL\",\"potentialAction\":[{\"@type\":\"ReadAction\",\"target\":[\"https:\/\/kominki-elektryczne.pl\/blog\/2025\/10\/01\/czy-kominek-elektryczny-sprawdzi-sie-w-salonie-kosmetycznym\/\"]}]},{\"@type\":\"ImageObject\",\"inLanguage\":\"pl-PL\",\"@id\":\"https:\/\/kominki-elektryczne.pl\/blog\/2025\/10\/01\/czy-kominek-elektryczny-sprawdzi-sie-w-salonie-kosmetycznym\/#primaryimage\",\"url\":\"https:\/\/kominki-elektryczne.pl\/blog\/wp-content\/uploads\/2025\/10\/Royal-3D_room-shot.jpg\",\"contentUrl\":\"https:\/\/kominki-elektryczne.pl\/blog\/wp-content\/uploads\/2025\/10\/Royal-3D_room-shot.jpg\",\"width\":2048,\"height\":1152},{\"@type\":\"BreadcrumbList\",\"@id\":\"https:\/\/kominki-elektryczne.pl\/blog\/2025\/10\/01\/czy-kominek-elektryczny-sprawdzi-sie-w-salonie-kosmetycznym\/#breadcrumb\",\"itemListElement\":[{\"@type\":\"ListItem\",\"position\":1,\"name\":\"Strona g\u0142\u00f3wna\",\"item\":\"https:\/\/kominki-elektryczne.pl\/blog\/\"},{\"@type\":\"ListItem\",\"position\":2,\"name\":\"Czy kominek elektryczny sprawdzi si\u0119 w salonie kosmetycznym?\"}]},{\"@type\":\"WebSite\",\"@id\":\"https:\/\/kominki-elektryczne.pl\/blog\/#website\",\"url\":\"https:\/\/kominki-elektryczne.pl\/blog\/\",\"name\":\"Kominki-Elektryczne.pl\",\"description\":\"Opisy - Porady - Recenzje\",\"publisher\":{\"@id\":\"https:\/\/kominki-elektryczne.pl\/blog\/#organization\"},\"potentialAction\":[{\"@type\":\"SearchAction\",\"target\":{\"@type\":\"EntryPoint\",\"urlTemplate\":\"https:\/\/kominki-elektryczne.pl\/blog\/?s={search_term_string}\"},\"query-input\":{\"@type\":\"PropertyValueSpecification\",\"valueRequired\":true,\"valueName\":\"search_term_string\"}}],\"inLanguage\":\"pl-PL\"},{\"@type\":\"Organization\",\"@id\":\"https:\/\/kominki-elektryczne.pl\/blog\/#organization\",\"name\":\"Kominki-Elektryczne.pl\",\"url\":\"https:\/\/kominki-elektryczne.pl\/blog\/\",\"logo\":{\"@type\":\"ImageObject\",\"inLanguage\":\"pl-PL\",\"@id\":\"https:\/\/kominki-elektryczne.pl\/blog\/#\/schema\/logo\/image\/\",\"url\":\"https:\/\/kominki-elektryczne.pl\/blog\/wp-content\/uploads\/2025\/04\/cropped-LogoAflamo.jpg\",\"contentUrl\":\"https:\/\/kominki-elektryczne.pl\/blog\/wp-content\/uploads\/2025\/04\/cropped-LogoAflamo.jpg\",\"width\":200,\"height\":58,\"caption\":\"Kominki-Elektryczne.pl\"},\"image\":{\"@id\":\"https:\/\/kominki-elektryczne.pl\/blog\/#\/schema\/logo\/image\/\"},\"sameAs\":[\"https:\/\/www.facebook.com\/elektrycznekominki\"]},{\"@type\":\"Person\",\"@id\":\"https:\/\/kominki-elektryczne.pl\/blog\/#\/schema\/person\/045e7544e3e90364f5f82cc509123089\",\"name\":\"Kominkowy\",\"image\":{\"@type\":\"ImageObject\",\"inLanguage\":\"pl-PL\",\"@id\":\"https:\/\/kominki-elektryczne.pl\/blog\/#\/schema\/person\/image\/\",\"url\":\"https:\/\/secure.gravatar.com\/avatar\/8c15720599195e8ba4119df2db28ce7e?s=96&d=mm&r=g\",\"contentUrl\":\"https:\/\/secure.gravatar.com\/avatar\/8c15720599195e8ba4119df2db28ce7e?s=96&d=mm&r=g\",\"caption\":\"Kominkowy\"},\"sameAs\":[\"http:\/\/www.kominki-elektryczne.pl\"],\"url\":\"https:\/\/kominki-elektryczne.pl\/blog\/author\/led-handel\/\"}]}<\/script>\n<!-- \/ Yoast SEO plugin. -->","yoast_head_json":{"title":"Czy kominek elektryczny sprawdzi si\u0119 w salonie kosmetycznym? - Kominki-Elektryczne.pl","description":"Kominek elektryczny mo\u017ce by\u0107\u00a0doskona\u0142ym dodatkiem do salonu kosmetycznego, \u0142\u0105cz\u0105c wyj\u0105tkow\u0105 atmosfer\u0119\u00a0z funkcjonalno\u015bci\u0105 i estetyk\u0105. Dzi\u0119ki niemu przestrze\u0144\u00a0zyskuje przytulny klimat,\u00a0kt\u00f3ry pozytywnie wp\u0142ywa na\u00a0samopoczucie\u00a0klient\u00f3w, a jednocze\u015bnie podnosi presti\u017c i\u00a0profesjonalny\u00a0wizerunek firmy.","robots":{"index":"index","follow":"follow","max-snippet":"max-snippet:-1","max-image-preview":"max-image-preview:large","max-video-preview":"max-video-preview:-1"},"canonical":"https:\/\/kominki-elektryczne.pl\/blog\/2025\/10\/01\/czy-kominek-elektryczny-sprawdzi-sie-w-salonie-kosmetycznym\/","og_locale":"pl_PL","og_type":"article","og_title":"Czy kominek elektryczny sprawdzi si\u0119 w salonie kosmetycznym? - Kominki-Elektryczne.pl","og_description":"Kominek elektryczny mo\u017ce by\u0107\u00a0doskona\u0142ym dodatkiem do salonu kosmetycznego, \u0142\u0105cz\u0105c wyj\u0105tkow\u0105 atmosfer\u0119\u00a0z funkcjonalno\u015bci\u0105 i estetyk\u0105. Dzi\u0119ki niemu przestrze\u0144\u00a0zyskuje przytulny klimat,\u00a0kt\u00f3ry pozytywnie wp\u0142ywa na\u00a0samopoczucie\u00a0klient\u00f3w, a jednocze\u015bnie podnosi presti\u017c i\u00a0profesjonalny\u00a0wizerunek firmy.","og_url":"https:\/\/kominki-elektryczne.pl\/blog\/2025\/10\/01\/czy-kominek-elektryczny-sprawdzi-sie-w-salonie-kosmetycznym\/","og_site_name":"Kominki-Elektryczne.pl","article_publisher":"https:\/\/www.facebook.com\/elektrycznekominki","article_published_time":"2025-10-01T11:17:30+00:00","og_image":[{"width":2048,"height":1152,"url":"https:\/\/kominki-elektryczne.pl\/blog\/wp-content\/uploads\/2025\/10\/Royal-3D_room-shot.jpg","type":"image\/jpeg"}],"author":"Kominkowy","twitter_card":"summary_large_image","twitter_misc":{"Napisane przez":"Kominkowy","Szacowany czas czytania":"3 minuty"},"schema":{"@context":"https:\/\/schema.org","@graph":[{"@type":"Article","@id":"https:\/\/kominki-elektryczne.pl\/blog\/2025\/10\/01\/czy-kominek-elektryczny-sprawdzi-sie-w-salonie-kosmetycznym\/#article","isPartOf":{"@id":"https:\/\/kominki-elektryczne.pl\/blog\/2025\/10\/01\/czy-kominek-elektryczny-sprawdzi-sie-w-salonie-kosmetycznym\/"},"author":{"name":"Kominkowy","@id":"https:\/\/kominki-elektryczne.pl\/blog\/#\/schema\/person\/045e7544e3e90364f5f82cc509123089"},"headline":"Czy kominek elektryczny sprawdzi si\u0119 w salonie kosmetycznym?","datePublished":"2025-10-01T11:17:30+00:00","mainEntityOfPage":{"@id":"https:\/\/kominki-elektryczne.pl\/blog\/2025\/10\/01\/czy-kominek-elektryczny-sprawdzi-sie-w-salonie-kosmetycznym\/"},"wordCount":565,"publisher":{"@id":"https:\/\/kominki-elektryczne.pl\/blog\/#organization"},"image":{"@id":"https:\/\/kominki-elektryczne.pl\/blog\/2025\/10\/01\/czy-kominek-elektryczny-sprawdzi-sie-w-salonie-kosmetycznym\/#primaryimage"},"thumbnailUrl":"https:\/\/kominki-elektryczne.pl\/blog\/wp-content\/uploads\/2025\/10\/Royal-3D_room-shot.jpg","keywords":["kominek","kominek 3d","kominek aflamo","kominek bez funkcji grzania","kominek do zabudowy","Kominek elektryczny LED 3D","kominek elektryczny z d\u017awi\u0119kiem","kominek pod zabudow\u0119","kominek \u015bcienny","kominki elektryczne 3D","kominki elektryczne do zabudowy","kominki elektryczne \u015bcienne","kominki elektryczne tr\u00f3jstronne","kominki elektryczne z funkcj\u0105 grzania"],"inLanguage":"pl-PL"},{"@type":"WebPage","@id":"https:\/\/kominki-elektryczne.pl\/blog\/2025\/10\/01\/czy-kominek-elektryczny-sprawdzi-sie-w-salonie-kosmetycznym\/","url":"https:\/\/kominki-elektryczne.pl\/blog\/2025\/10\/01\/czy-kominek-elektryczny-sprawdzi-sie-w-salonie-kosmetycznym\/","name":"Czy kominek elektryczny sprawdzi si\u0119 w salonie kosmetycznym? - Kominki-Elektryczne.pl","isPartOf":{"@id":"https:\/\/kominki-elektryczne.pl\/blog\/#website"},"primaryImageOfPage":{"@id":"https:\/\/kominki-elektryczne.pl\/blog\/2025\/10\/01\/czy-kominek-elektryczny-sprawdzi-sie-w-salonie-kosmetycznym\/#primaryimage"},"image":{"@id":"https:\/\/kominki-elektryczne.pl\/blog\/2025\/10\/01\/czy-kominek-elektryczny-sprawdzi-sie-w-salonie-kosmetycznym\/#primaryimage"},"thumbnailUrl":"https:\/\/kominki-elektryczne.pl\/blog\/wp-content\/uploads\/2025\/10\/Royal-3D_room-shot.jpg","datePublished":"2025-10-01T11:17:30+00:00","description":"Kominek elektryczny mo\u017ce by\u0107\u00a0doskona\u0142ym dodatkiem do salonu kosmetycznego, \u0142\u0105cz\u0105c wyj\u0105tkow\u0105 atmosfer\u0119\u00a0z funkcjonalno\u015bci\u0105 i estetyk\u0105. Dzi\u0119ki niemu przestrze\u0144\u00a0zyskuje przytulny klimat,\u00a0kt\u00f3ry pozytywnie wp\u0142ywa na\u00a0samopoczucie\u00a0klient\u00f3w, a jednocze\u015bnie podnosi presti\u017c i\u00a0profesjonalny\u00a0wizerunek firmy.","breadcrumb":{"@id":"https:\/\/kominki-elektryczne.pl\/blog\/2025\/10\/01\/czy-kominek-elektryczny-sprawdzi-sie-w-salonie-kosmetycznym\/#breadcrumb"},"inLanguage":"pl-PL","potentialAction":[{"@type":"ReadAction","target":["https:\/\/kominki-elektryczne.pl\/blog\/2025\/10\/01\/czy-kominek-elektryczny-sprawdzi-sie-w-salonie-kosmetycznym\/"]}]},{"@type":"ImageObject","inLanguage":"pl-PL","@id":"https:\/\/kominki-elektryczne.pl\/blog\/2025\/10\/01\/czy-kominek-elektryczny-sprawdzi-sie-w-salonie-kosmetycznym\/#primaryimage","url":"https:\/\/kominki-elektryczne.pl\/blog\/wp-content\/uploads\/2025\/10\/Royal-3D_room-shot.jpg","contentUrl":"https:\/\/kominki-elektryczne.pl\/blog\/wp-content\/uploads\/2025\/10\/Royal-3D_room-shot.jpg","width":2048,"height":1152},{"@type":"BreadcrumbList","@id":"https:\/\/kominki-elektryczne.pl\/blog\/2025\/10\/01\/czy-kominek-elektryczny-sprawdzi-sie-w-salonie-kosmetycznym\/#breadcrumb","itemListElement":[{"@type":"ListItem","position":1,"name":"Strona g\u0142\u00f3wna","item":"https:\/\/kominki-elektryczne.pl\/blog\/"},{"@type":"ListItem","position":2,"name":"Czy kominek elektryczny sprawdzi si\u0119 w salonie kosmetycznym?"}]},{"@type":"WebSite","@id":"https:\/\/kominki-elektryczne.pl\/blog\/#website","url":"https:\/\/kominki-elektryczne.pl\/blog\/","name":"Kominki-Elektryczne.pl","description":"Opisy - Porady - Recenzje","publisher":{"@id":"https:\/\/kominki-elektryczne.pl\/blog\/#organization"},"potentialAction":[{"@type":"SearchAction","target":{"@type":"EntryPoint","urlTemplate":"https:\/\/kominki-elektryczne.pl\/blog\/?s={search_term_string}"},"query-input":{"@type":"PropertyValueSpecification","valueRequired":true,"valueName":"search_term_string"}}],"inLanguage":"pl-PL"},{"@type":"Organization","@id":"https:\/\/kominki-elektryczne.pl\/blog\/#organization","name":"Kominki-Elektryczne.pl","url":"https:\/\/kominki-elektryczne.pl\/blog\/","logo":{"@type":"ImageObject","inLanguage":"pl-PL","@id":"https:\/\/kominki-elektryczne.pl\/blog\/#\/schema\/logo\/image\/","url":"https:\/\/kominki-elektryczne.pl\/blog\/wp-content\/uploads\/2025\/04\/cropped-LogoAflamo.jpg","contentUrl":"https:\/\/kominki-elektryczne.pl\/blog\/wp-content\/uploads\/2025\/04\/cropped-LogoAflamo.jpg","width":200,"height":58,"caption":"Kominki-Elektryczne.pl"},"image":{"@id":"https:\/\/kominki-elektryczne.pl\/blog\/#\/schema\/logo\/image\/"},"sameAs":["https:\/\/www.facebook.com\/elektrycznekominki"]},{"@type":"Person","@id":"https:\/\/kominki-elektryczne.pl\/blog\/#\/schema\/person\/045e7544e3e90364f5f82cc509123089","name":"Kominkowy","image":{"@type":"ImageObject","inLanguage":"pl-PL","@id":"https:\/\/kominki-elektryczne.pl\/blog\/#\/schema\/person\/image\/","url":"https:\/\/secure.gravatar.com\/avatar\/8c15720599195e8ba4119df2db28ce7e?s=96&d=mm&r=g","contentUrl":"https:\/\/secure.gravatar.com\/avatar\/8c15720599195e8ba4119df2db28ce7e?s=96&d=mm&r=g","caption":"Kominkowy"},"sameAs":["http:\/\/www.kominki-elektryczne.pl"],"url":"https:\/\/kominki-elektryczne.pl\/blog\/author\/led-handel\/"}]}},"_links":{"self":[{"href":"https:\/\/kominki-elektryczne.pl\/blog\/wp-json\/wp\/v2\/posts\/1242","targetHints":{"allow":["GET"]}}],"collection":[{"href":"https:\/\/kominki-elektryczne.pl\/blog\/wp-json\/wp\/v2\/posts"}],"about":[{"href":"https:\/\/kominki-elektryczne.pl\/blog\/wp-json\/wp\/v2\/types\/post"}],"author":[{"embeddable":true,"href":"https:\/\/kominki-elektryczne.pl\/blog\/wp-json\/wp\/v2\/users\/1"}],"replies":[{"embeddable":true,"href":"https:\/\/kominki-elektryczne.pl\/blog\/wp-json\/wp\/v2\/comments?post=1242"}],"version-history":[{"count":1,"href":"https:\/\/kominki-elektryczne.pl\/blog\/wp-json\/wp\/v2\/posts\/1242\/revisions"}],"predecessor-version":[{"id":1244,"href":"https:\/\/kominki-elektryczne.pl\/blog\/wp-json\/wp\/v2\/posts\/1242\/revisions\/1244"}],"wp:featuredmedia":[{"embeddable":true,"href":"https:\/\/kominki-elektryczne.pl\/blog\/wp-json\/wp\/v2\/media\/1243"}],"wp:attachment":[{"href":"https:\/\/kominki-elektryczne.pl\/blog\/wp-json\/wp\/v2\/media?parent=1242"}],"wp:term":[{"taxonomy":"category","embeddable":true,"href":"https:\/\/kominki-elektryczne.pl\/blog\/wp-json\/wp\/v2\/categories?post=1242"},{"taxonomy":"post_tag","embeddable":true,"href":"https:\/\/kominki-elektryczne.pl\/blog\/wp-json\/wp\/v2\/tags?post=1242"}],"curies":[{"name":"wp","href":"https:\/\/api.w.org\/{rel}","templated":true}]}}