{"id":1284,"date":"2025-10-30T13:42:41","date_gmt":"2025-10-30T12:42:41","guid":{"rendered":"https:\/\/kominki-elektryczne.pl\/blog\/?p=1284"},"modified":"2025-11-07T12:03:58","modified_gmt":"2025-11-07T11:03:58","slug":"jaki-kominek-elektryczny-wybrac-do-salonu","status":"publish","type":"post","link":"https:\/\/kominki-elektryczne.pl\/blog\/2025\/10\/30\/jaki-kominek-elektryczny-wybrac-do-salonu\/","title":{"rendered":"Jaki kominek elektryczny wybra\u0107 do salonu?"},"content":{"rendered":"\n<p>Wyb\u00f3r odpowiedniego kominka elektrycznego do salonu to inwestycja, kt\u00f3ra \u0142\u0105czy estetyk\u0119 z funkcjonalno\u015bci\u0105. Wsp\u00f3\u0142czesne modele \u0142\u0105cz\u0105 realistyczne efekty ognia, bezpieczne u\u017cytkowanie i \u0142atwo\u015b\u0107 instalacji. Poni\u017cej przedstawiam praktyczny przewodnik, kt\u00f3ry pomo\u017ce dopasowa\u0107 <a href=\"https:\/\/fiamaro.com\/\">kominek elektryczny<\/a> do wielko\u015bci i charakteru salonu, a tak\u017ce odpowiedzie\u0107 na najcz\u0119\u015bciej zadawane pytania dotycz\u0105ce monta\u017cu i utrzymania.<\/p>\n\n\n\n<figure class=\"wp-block-image size-large\"><img decoding=\"async\" src=\"https:\/\/kominki-elektryczne.com.pl\/wp-content\/uploads\/2025\/04\/Unique_room-shot_2-1024x576.jpg\" alt=\"kominek elektryczny w salonie\" class=\"wp-image-1716\"\/><\/figure>\n\n\n\n<h2 class=\"wp-block-heading\">Jak dopasowa\u0107 kominek do wielko\u015bci salonu<\/h2>\n\n\n\n<ul class=\"wp-block-list\">\n<li>Ma\u0142y salon (do 15\u201318 m\u00b2)\n<ul class=\"wp-block-list\">\n<li>Zalecany: kompaktowy kominek elektryczny do ma\u0142ego salonu, kt\u00f3ry nie dominuje przestrzeni, a jednocze\u015bnie daje efektownie wygl\u0105daj\u0105cy p\u0142omie\u0144. Warto zwr\u00f3ci\u0107 uwag\u0119 na modele z funkcj\u0105 ogrzewania ograniczon\u0105 do kilkunastu minut i niskim poborem energii.<\/li>\n\n\n\n<li>Opcje monta\u017cu: kominek elektryczny do zabudowy, kt\u00f3ry mie\u015bci si\u0119 w wn\u0119ce lub na poddaszu, oraz kompaktowy kominek na \u015bcian\u0119, kt\u00f3ry tworzy efekt \u201ep\u0142yn\u0105cej\u201d otulaj\u0105cej \u015bciany.<\/li>\n<\/ul>\n<\/li>\n\n\n\n<li>\u015aredni salon (18\u201328 m\u00b2)\n<ul class=\"wp-block-list\">\n<li>Zalecany: wi\u0119kszy zakres wyboru, w tym modele na\u015bcienne i do zabudowy, kt\u00f3re zapewniaj\u0105 zar\u00f3wno realistyczny efekt ognia, jak i odpowiedni\u0105 moc grzewcz\u0105. Dobr\u0105 praktyk\u0105 jest wyb\u00f3r urz\u0105dzenia z mo\u017cliwo\u015bci\u0105 regulacji temperatury i jasno\u015bci p\u0142omienia, aby dopasowa\u0107 nastr\u00f3j do pory dnia.<\/li>\n<\/ul>\n<\/li>\n\n\n\n<li>Du\u017cy salon (&gt;28 m\u00b2)\n<ul class=\"wp-block-list\">\n<li>Zalecany: kominek elektryczny do du\u017cego salonu o wy\u017cszej mocy grzewczej i szerokiej powierzchni realistycznego p\u0142omienia. Rozwa\u017c modele z dodatkowym trybem \u201epe\u0142ny ogie\u0144\u201d na ch\u0142odniejsze wieczory oraz opcje monta\u017cu wolnostoj\u0105cego lub w zabudowie, kt\u00f3re wprowadzaj\u0105 centralny punkt aran\u017cacyjny.<\/li>\n<\/ul>\n<\/li>\n<\/ul>\n\n\n\n<h2 class=\"wp-block-heading\">Rodzaje i lokalizacje monta\u017cu<\/h2>\n\n\n\n<ul class=\"wp-block-list\">\n<li><a href=\"https:\/\/fiamaro.com\/pl\/c\/Kominki-elektryczne-do-zabudowy\/38\">Kominek elektryczny do zabudowy<\/a>\n<ul class=\"wp-block-list\">\n<li>Charakterystyka: wbudowany w \u015bcian\u0119 lub zabudow\u0119 meblow\u0105, co pozwala uzyska\u0107 minimalistyczny wygl\u0105d i oszcz\u0119dno\u015b\u0107 miejsca.<\/li>\n\n\n\n<li>Zalety: estetyka, lepsza izolacja termiczna, \u0142atwo\u015b\u0107 utrzymania czysto\u015bci.<\/li>\n<\/ul>\n<\/li>\n\n\n\n<li><a href=\"https:\/\/youtube.com\/shorts\/P9xZ6X3alOo?feature=share\">Kominek elektryczny na \u015bcian\u0119<\/a>\n<ul class=\"wp-block-list\">\n<li>Charakterystyka: przyklejony lub montowany bezpo\u015brednio na \u015bcianie, cz\u0119sto z ram\u0105 dekoracyjn\u0105.<\/li>\n\n\n\n<li>Zalety: szybka instalacja, elastyczno\u015b\u0107 w aran\u017cacji, mo\u017cliwo\u015b\u0107 przesuwania w przysz\u0142o\u015bci.<\/li>\n<\/ul>\n<\/li>\n\n\n\n<li>Monta\u017c kominka w salonie\n<ul class=\"wp-block-list\">\n<li>Wskaz\u00f3wki: przed monta\u017cem sprawd\u017a no\u015bno\u015b\u0107 \u015bciany, dost\u0119p do zasilania oraz odleg\u0142o\u015bci od materia\u0142\u00f3w \u0142atwopalnych. Zwr\u00f3\u0107 uwag\u0119 na certyfikacje i parametry bezpiecze\u0144stwa (ochrona przed przegrzaniem, automatyczne wy\u0142\u0105czanie).<\/li>\n<\/ul>\n<\/li>\n<\/ul>\n\n\n\n<h2 class=\"wp-block-heading\">Jaki kominek wybra\u0107 w zale\u017cno\u015bci od potrzeb<\/h2>\n\n\n\n<ul class=\"wp-block-list\">\n<li><a href=\"https:\/\/www.kominki-elektryczne.pl\/pl\/13-kominki-led-3d-do-zabudowy\">Kominek elektryczny do zabudowy<\/a>\n<ul class=\"wp-block-list\">\n<li>Idealny do nowoczesnych wn\u0119trz z czystymi liniami. Pozwala na zintegrowanie z meblami i pod\u015bwietleniem LED, tworz\u0105c efektowny punkt centralny.<\/li>\n<\/ul>\n<\/li>\n\n\n\n<li><a href=\"https:\/\/www.kominki-elektryczne.pl\/pl\/21-kominki-elektryczne-scienne-wiszace\">Kominek elektryczny na \u015bcian\u0119<\/a>\n<ul class=\"wp-block-list\">\n<li>\u015awietny wyb\u00f3r dla mieszka\u0144 o ograniczonej przestrzeni lub gdy zale\u017cy nam na szybkim wprowadzeniu efektu p\u0142omienia bez wi\u0119kszych prac budowlanych.<\/li>\n<\/ul>\n<\/li>\n\n\n\n<li>Monta\u017c kominka w salonie\n<ul class=\"wp-block-list\">\n<li>W praktyce cz\u0119sto decyduje o finalnym wygl\u0105dzie. W\u0142a\u015bciwy projekt instalacyjny mo\u017ce obejmowa\u0107 ukrycie przewod\u00f3w, okablowanie do zdalnego sterowania i dopasowanie do istniej\u0105cych \u017ar\u00f3de\u0142 \u015bwiat\u0142a w pomieszczeniu.<\/li>\n<\/ul>\n<\/li>\n\n\n\n<li>Kominek elektryczny do ma\u0142ego salonu\n<ul class=\"wp-block-list\">\n<li>Szukaj modeli o mniejszych gabarytach, z opcj\u0105 regulacji mocy grzewczej i jasno\u015bci p\u0142omienia. Dzi\u0119ki kompaktowym wymiarom \u0142atwo dopasuj\u0105 si\u0119 do wn\u0119k i b\u0119d\u0105 nieinwazyjne dla przepisu na otwart\u0105 przestrze\u0144.<\/li>\n<\/ul>\n<\/li>\n\n\n\n<li>Kominek elektryczny do du\u017cego salonu\n<ul class=\"wp-block-list\">\n<li>Wymaga urz\u0105dzenia o wi\u0119kszej szeroko\u015bci p\u0142omienia i wy\u017cszej mocy. Modele z szerokimi efektami ognia tworz\u0105 imponuj\u0105cy punkt centralny i dobrze wsp\u00f3\u0142graj\u0105 z du\u017cymi sofami i strefami wypoczynkowymi.<\/li>\n<\/ul>\n<\/li>\n<\/ul>\n\n\n\n<h2 class=\"wp-block-heading\">Funkcje, na kt\u00f3re warto zwr\u00f3ci\u0107 uwag\u0119<\/h2>\n\n\n\n<ul class=\"wp-block-list\">\n<li>Efekt p\u0142omienia i tryby o\u015bwietlenia\n<ul class=\"wp-block-list\">\n<li>Szukaj modeli z realistycznym efektem p\u0142yn\u0105cego ognia, r\u00f3\u017cnymi ustawieniami intensywno\u015bci i temperatury.<\/li>\n<\/ul>\n<\/li>\n\n\n\n<li>Moc grzewcza\n<ul class=\"wp-block-list\">\n<li>Dla ma\u0142ych salon\u00f3w wystarczy 1\u20132 kW, dla wi\u0119kszych \u2013 2\u20133 kW lub wi\u0119cej. Sprawd\u017a, czy urz\u0105dzenie ma mo\u017cliwo\u015b\u0107 pracy bez ogrzewania jako efekt dekoracyjny.<\/li>\n<\/ul>\n<\/li>\n\n\n\n<li>Bezpiecze\u0144stwo\n<ul class=\"wp-block-list\">\n<li>Automatyczne wy\u0142\u0105czenie przy przegrzaniu, zabezpieczenia przed dost\u0119pem do element\u00f3w gor\u0105cych, certyfikaty zgodno\u015bci z normami.<\/li>\n<\/ul>\n<\/li>\n\n\n\n<li>Sterowanie\n<ul class=\"wp-block-list\">\n<li>Pilot zdalny, panel dotykowy, aplikacja mobilna. Dla wielu u\u017cytkownik\u00f3w wygodny jest tryb \u201einteligentny\u201d, kt\u00f3ry integruje urz\u0105dzenie z asystentami domowymi.<\/li>\n<\/ul>\n<\/li>\n\n\n\n<li>Monta\u017c i instalacja\n<ul class=\"wp-block-list\">\n<li>Zwr\u00f3\u0107 uwag\u0119 na konieczno\u015b\u0107 pod\u0142\u0105czenia do zasilania 230 V AC oraz przewidywany czas instalacji. Modele do zabudowy mog\u0105 wymaga\u0107 drobnych prac wyko\u0144czeniowych, podczas gdy kominki na\u015bcienne oferuj\u0105 prostsz\u0105 instalacj\u0119.<\/li>\n<\/ul>\n<\/li>\n<\/ul>\n\n\n\n<h2 class=\"wp-block-heading\">Porady praktyczne<\/h2>\n\n\n\n<ul class=\"wp-block-list\">\n<li>Przed zakupem zmierz przewidywan\u0105 przestrze\u0144 w salonie i por\u00f3wnaj j\u0105 z wymiarami wybranych modeli.<\/li>\n\n\n\n<li>Zastan\u00f3w si\u0119, czy chcesz, aby kominek by\u0142 g\u0142\u00f3wnym \u017ar\u00f3d\u0142em ciep\u0142a, czy jedynie elementem dekoracyjnym. W zale\u017cno\u015bci od tego wybierz odpowiedni\u0105 moc i tryby grzewcze.<\/li>\n\n\n\n<li>Je\u015bli zale\u017cy Ci na elastyczno\u015bci aran\u017cacyjnej, rozwa\u017c kominek elektryczny na \u015bcian\u0119 z mo\u017cliwo\u015bci\u0105 zamontowania w r\u00f3\u017cnych wariantach po\u0142o\u017cenia.<\/li>\n\n\n\n<li>Sprawd\u017a mo\u017cliwo\u015b\u0107 integracji z systemem automatyki domowej i scenariuszami mood\u00f3w (np. wiecz\u00f3r relaksu, ogl\u0105danie filmu, go\u015bci).<\/li>\n<\/ul>\n\n\n\n<h2 class=\"wp-block-heading\">Jak wybra\u0107 konkretny model<\/h2>\n\n\n\n<ul class=\"wp-block-list\">\n<li>Okre\u015bl bud\u017cet i oczekiwan\u0105 moc grzewcz\u0105.<\/li>\n\n\n\n<li>Przejrzyj opinie u\u017cytkownik\u00f3w dotycz\u0105ce trwa\u0142o\u015bci i niezawodno\u015bci.<\/li>\n\n\n\n<li>Sprawd\u017a gwarancj\u0119 i warunki serwisu posprzeda\u017cowego.<\/li>\n\n\n\n<li>Przetestuj dost\u0119pno\u015b\u0107 cz\u0119\u015bci zamiennych i \u0142atwo\u015b\u0107 konserwacji.<\/li>\n<\/ul>\n\n\n\n<h2 class=\"wp-block-heading\">Podsumowanie<\/h2>\n\n\n\n<p>Wyb\u00f3r kominka elektrycznego do salonu to po\u0142\u0105czenie funkcjonalno\u015bci i stylu. Dla ma\u0142ych przestrzeni lepiej sprawdz\u0105 si\u0119 kominki elektryczne do ma\u0142ego salonu o kompaktowych wymiarach i zoptymalizowanej mocy. W przestrzeniach \u015brednich i du\u017cych warto postawi\u0107 na modele z wi\u0119kszym efektem p\u0142omienia i mo\u017cliwo\u015bci\u0105 monta\u017cu w r\u00f3\u017cnych konfiguracjach \u2013 zabudowa, \u015bciana, a nawet wolnostoj\u0105cy design. Niezale\u017cnie od wyboru, najwa\u017cniejsza jest r\u00f3wnowaga mi\u0119dzy estetyk\u0105 a praktyczno\u015bci\u0105, oraz zapewnienie bezpiecznej, \u0142atwej w obs\u0142udze instalacji.<\/p>\n","protected":false},"excerpt":{"rendered":"<p>Wyb\u00f3r odpowiedniego kominka elektrycznego do salonu to inwestycja, kt\u00f3ra \u0142\u0105czy estetyk\u0119 z funkcjonalno\u015bci\u0105. Wsp\u00f3\u0142czesne modele \u0142\u0105cz\u0105 realistyczne efekty ognia, bezpieczne u\u017cytkowanie i \u0142atwo\u015b\u0107 instalacji. Poni\u017cej przedstawiam praktyczny przewodnik, kt\u00f3ry pomo\u017ce dopasowa\u0107 kominek elektryczny do wielko\u015bci i charakteru salonu, a tak\u017ce odpowiedzie\u0107 na najcz\u0119\u015bciej zadawane pytania &hellip; <\/p>\n","protected":false},"author":1,"featured_media":1288,"comment_status":"closed","ping_status":"closed","sticky":false,"template":"","format":"standard","meta":{"footnotes":""},"categories":[1],"tags":[14,15,435,344,18,911,604,718,379,17],"class_list":["post-1284","post","type-post","status-publish","format-standard","has-post-thumbnail","hentry","category-bez-kategorii","tag-biokominek","tag-kominek","tag-kominek-3d","tag-kominek-aflamo","tag-kominek-do-zabudowy","tag-kominek-elektryczny-do-salonu","tag-kominek-elektryczny-led-3d","tag-kominek-elektryczny-z-dzwiekiem","tag-kominek-pod-zabudowe","tag-kominek-scienny"],"yoast_head":"<!-- This site is optimized with the Yoast SEO plugin v25.7 - https:\/\/yoast.com\/wordpress\/plugins\/seo\/ -->\n<title>Jaki kominek elektryczny wybra\u0107 do salonu? - Kominki-Elektryczne.pl<\/title>\n<meta name=\"description\" content=\"Przedstawiam praktyczny przewodnik, kt\u00f3ry pomo\u017ce dopasowa\u0107 kominek elektryczny do wielko\u015bci i charakteru salonu.\" \/>\n<meta name=\"robots\" content=\"index, follow, max-snippet:-1, max-image-preview:large, max-video-preview:-1\" \/>\n<link rel=\"canonical\" href=\"https:\/\/kominki-elektryczne.pl\/blog\/2025\/10\/30\/jaki-kominek-elektryczny-wybrac-do-salonu\/\" \/>\n<meta property=\"og:locale\" content=\"pl_PL\" \/>\n<meta property=\"og:type\" content=\"article\" \/>\n<meta property=\"og:title\" content=\"Jaki kominek elektryczny wybra\u0107 do salonu? - Kominki-Elektryczne.pl\" \/>\n<meta property=\"og:description\" content=\"Przedstawiam praktyczny przewodnik, kt\u00f3ry pomo\u017ce dopasowa\u0107 kominek elektryczny do wielko\u015bci i charakteru salonu.\" \/>\n<meta property=\"og:url\" content=\"https:\/\/kominki-elektryczne.pl\/blog\/2025\/10\/30\/jaki-kominek-elektryczny-wybrac-do-salonu\/\" \/>\n<meta property=\"og:site_name\" content=\"Kominki-Elektryczne.pl\" \/>\n<meta property=\"article:publisher\" content=\"https:\/\/www.facebook.com\/elektrycznekominki\" \/>\n<meta property=\"article:published_time\" content=\"2025-10-30T12:42:41+00:00\" \/>\n<meta property=\"article:modified_time\" content=\"2025-11-07T11:03:58+00:00\" \/>\n<meta property=\"og:image\" content=\"https:\/\/kominki-elektryczne.pl\/blog\/wp-content\/uploads\/2025\/10\/Unique_PRO_room_-shot_2-1.jpg\" \/>\n\t<meta property=\"og:image:width\" content=\"2048\" \/>\n\t<meta property=\"og:image:height\" content=\"1152\" \/>\n\t<meta property=\"og:image:type\" content=\"image\/jpeg\" \/>\n<meta name=\"author\" content=\"Kominkowy\" \/>\n<meta name=\"twitter:card\" content=\"summary_large_image\" \/>\n<meta name=\"twitter:label1\" content=\"Napisane przez\" \/>\n\t<meta name=\"twitter:data1\" content=\"Kominkowy\" \/>\n\t<meta name=\"twitter:label2\" content=\"Szacowany czas czytania\" \/>\n\t<meta name=\"twitter:data2\" content=\"5 minut\" \/>\n<script type=\"application\/ld+json\" class=\"yoast-schema-graph\">{\"@context\":\"https:\/\/schema.org\",\"@graph\":[{\"@type\":\"Article\",\"@id\":\"https:\/\/kominki-elektryczne.pl\/blog\/2025\/10\/30\/jaki-kominek-elektryczny-wybrac-do-salonu\/#article\",\"isPartOf\":{\"@id\":\"https:\/\/kominki-elektryczne.pl\/blog\/2025\/10\/30\/jaki-kominek-elektryczny-wybrac-do-salonu\/\"},\"author\":{\"name\":\"Kominkowy\",\"@id\":\"https:\/\/kominki-elektryczne.pl\/blog\/#\/schema\/person\/045e7544e3e90364f5f82cc509123089\"},\"headline\":\"Jaki kominek elektryczny wybra\u0107 do salonu?\",\"datePublished\":\"2025-10-30T12:42:41+00:00\",\"dateModified\":\"2025-11-07T11:03:58+00:00\",\"mainEntityOfPage\":{\"@id\":\"https:\/\/kominki-elektryczne.pl\/blog\/2025\/10\/30\/jaki-kominek-elektryczny-wybrac-do-salonu\/\"},\"wordCount\":911,\"publisher\":{\"@id\":\"https:\/\/kominki-elektryczne.pl\/blog\/#organization\"},\"image\":{\"@id\":\"https:\/\/kominki-elektryczne.pl\/blog\/2025\/10\/30\/jaki-kominek-elektryczny-wybrac-do-salonu\/#primaryimage\"},\"thumbnailUrl\":\"https:\/\/kominki-elektryczne.pl\/blog\/wp-content\/uploads\/2025\/10\/Unique_PRO_room_-shot_2-1.jpg\",\"keywords\":[\"biokominek\",\"kominek\",\"kominek 3d\",\"kominek aflamo\",\"kominek do zabudowy\",\"kominek elektryczny do salonu\",\"Kominek elektryczny LED 3D\",\"kominek elektryczny z d\u017awi\u0119kiem\",\"kominek pod zabudow\u0119\",\"kominek \u015bcienny\"],\"inLanguage\":\"pl-PL\"},{\"@type\":\"WebPage\",\"@id\":\"https:\/\/kominki-elektryczne.pl\/blog\/2025\/10\/30\/jaki-kominek-elektryczny-wybrac-do-salonu\/\",\"url\":\"https:\/\/kominki-elektryczne.pl\/blog\/2025\/10\/30\/jaki-kominek-elektryczny-wybrac-do-salonu\/\",\"name\":\"Jaki kominek elektryczny wybra\u0107 do salonu? - Kominki-Elektryczne.pl\",\"isPartOf\":{\"@id\":\"https:\/\/kominki-elektryczne.pl\/blog\/#website\"},\"primaryImageOfPage\":{\"@id\":\"https:\/\/kominki-elektryczne.pl\/blog\/2025\/10\/30\/jaki-kominek-elektryczny-wybrac-do-salonu\/#primaryimage\"},\"image\":{\"@id\":\"https:\/\/kominki-elektryczne.pl\/blog\/2025\/10\/30\/jaki-kominek-elektryczny-wybrac-do-salonu\/#primaryimage\"},\"thumbnailUrl\":\"https:\/\/kominki-elektryczne.pl\/blog\/wp-content\/uploads\/2025\/10\/Unique_PRO_room_-shot_2-1.jpg\",\"datePublished\":\"2025-10-30T12:42:41+00:00\",\"dateModified\":\"2025-11-07T11:03:58+00:00\",\"description\":\"Przedstawiam praktyczny przewodnik, kt\u00f3ry pomo\u017ce dopasowa\u0107 kominek elektryczny do wielko\u015bci i charakteru salonu.\",\"breadcrumb\":{\"@id\":\"https:\/\/kominki-elektryczne.pl\/blog\/2025\/10\/30\/jaki-kominek-elektryczny-wybrac-do-salonu\/#breadcrumb\"},\"inLanguage\":\"pl-PL\",\"potentialAction\":[{\"@type\":\"ReadAction\",\"target\":[\"https:\/\/kominki-elektryczne.pl\/blog\/2025\/10\/30\/jaki-kominek-elektryczny-wybrac-do-salonu\/\"]}]},{\"@type\":\"ImageObject\",\"inLanguage\":\"pl-PL\",\"@id\":\"https:\/\/kominki-elektryczne.pl\/blog\/2025\/10\/30\/jaki-kominek-elektryczny-wybrac-do-salonu\/#primaryimage\",\"url\":\"https:\/\/kominki-elektryczne.pl\/blog\/wp-content\/uploads\/2025\/10\/Unique_PRO_room_-shot_2-1.jpg\",\"contentUrl\":\"https:\/\/kominki-elektryczne.pl\/blog\/wp-content\/uploads\/2025\/10\/Unique_PRO_room_-shot_2-1.jpg\",\"width\":2048,\"height\":1152},{\"@type\":\"BreadcrumbList\",\"@id\":\"https:\/\/kominki-elektryczne.pl\/blog\/2025\/10\/30\/jaki-kominek-elektryczny-wybrac-do-salonu\/#breadcrumb\",\"itemListElement\":[{\"@type\":\"ListItem\",\"position\":1,\"name\":\"Strona g\u0142\u00f3wna\",\"item\":\"https:\/\/kominki-elektryczne.pl\/blog\/\"},{\"@type\":\"ListItem\",\"position\":2,\"name\":\"Jaki kominek elektryczny wybra\u0107 do salonu?\"}]},{\"@type\":\"WebSite\",\"@id\":\"https:\/\/kominki-elektryczne.pl\/blog\/#website\",\"url\":\"https:\/\/kominki-elektryczne.pl\/blog\/\",\"name\":\"Kominki-Elektryczne.pl\",\"description\":\"Opisy - Porady - Recenzje\",\"publisher\":{\"@id\":\"https:\/\/kominki-elektryczne.pl\/blog\/#organization\"},\"potentialAction\":[{\"@type\":\"SearchAction\",\"target\":{\"@type\":\"EntryPoint\",\"urlTemplate\":\"https:\/\/kominki-elektryczne.pl\/blog\/?s={search_term_string}\"},\"query-input\":{\"@type\":\"PropertyValueSpecification\",\"valueRequired\":true,\"valueName\":\"search_term_string\"}}],\"inLanguage\":\"pl-PL\"},{\"@type\":\"Organization\",\"@id\":\"https:\/\/kominki-elektryczne.pl\/blog\/#organization\",\"name\":\"Kominki-Elektryczne.pl\",\"url\":\"https:\/\/kominki-elektryczne.pl\/blog\/\",\"logo\":{\"@type\":\"ImageObject\",\"inLanguage\":\"pl-PL\",\"@id\":\"https:\/\/kominki-elektryczne.pl\/blog\/#\/schema\/logo\/image\/\",\"url\":\"https:\/\/kominki-elektryczne.pl\/blog\/wp-content\/uploads\/2025\/04\/cropped-LogoAflamo.jpg\",\"contentUrl\":\"https:\/\/kominki-elektryczne.pl\/blog\/wp-content\/uploads\/2025\/04\/cropped-LogoAflamo.jpg\",\"width\":200,\"height\":58,\"caption\":\"Kominki-Elektryczne.pl\"},\"image\":{\"@id\":\"https:\/\/kominki-elektryczne.pl\/blog\/#\/schema\/logo\/image\/\"},\"sameAs\":[\"https:\/\/www.facebook.com\/elektrycznekominki\"]},{\"@type\":\"Person\",\"@id\":\"https:\/\/kominki-elektryczne.pl\/blog\/#\/schema\/person\/045e7544e3e90364f5f82cc509123089\",\"name\":\"Kominkowy\",\"image\":{\"@type\":\"ImageObject\",\"inLanguage\":\"pl-PL\",\"@id\":\"https:\/\/kominki-elektryczne.pl\/blog\/#\/schema\/person\/image\/\",\"url\":\"https:\/\/secure.gravatar.com\/avatar\/8c15720599195e8ba4119df2db28ce7e?s=96&d=mm&r=g\",\"contentUrl\":\"https:\/\/secure.gravatar.com\/avatar\/8c15720599195e8ba4119df2db28ce7e?s=96&d=mm&r=g\",\"caption\":\"Kominkowy\"},\"sameAs\":[\"http:\/\/www.kominki-elektryczne.pl\"],\"url\":\"https:\/\/kominki-elektryczne.pl\/blog\/author\/led-handel\/\"}]}<\/script>\n<!-- \/ Yoast SEO plugin. -->","yoast_head_json":{"title":"Jaki kominek elektryczny wybra\u0107 do salonu? - Kominki-Elektryczne.pl","description":"Przedstawiam praktyczny przewodnik, kt\u00f3ry pomo\u017ce dopasowa\u0107 kominek elektryczny do wielko\u015bci i charakteru salonu.","robots":{"index":"index","follow":"follow","max-snippet":"max-snippet:-1","max-image-preview":"max-image-preview:large","max-video-preview":"max-video-preview:-1"},"canonical":"https:\/\/kominki-elektryczne.pl\/blog\/2025\/10\/30\/jaki-kominek-elektryczny-wybrac-do-salonu\/","og_locale":"pl_PL","og_type":"article","og_title":"Jaki kominek elektryczny wybra\u0107 do salonu? - Kominki-Elektryczne.pl","og_description":"Przedstawiam praktyczny przewodnik, kt\u00f3ry pomo\u017ce dopasowa\u0107 kominek elektryczny do wielko\u015bci i charakteru salonu.","og_url":"https:\/\/kominki-elektryczne.pl\/blog\/2025\/10\/30\/jaki-kominek-elektryczny-wybrac-do-salonu\/","og_site_name":"Kominki-Elektryczne.pl","article_publisher":"https:\/\/www.facebook.com\/elektrycznekominki","article_published_time":"2025-10-30T12:42:41+00:00","article_modified_time":"2025-11-07T11:03:58+00:00","og_image":[{"width":2048,"height":1152,"url":"https:\/\/kominki-elektryczne.pl\/blog\/wp-content\/uploads\/2025\/10\/Unique_PRO_room_-shot_2-1.jpg","type":"image\/jpeg"}],"author":"Kominkowy","twitter_card":"summary_large_image","twitter_misc":{"Napisane przez":"Kominkowy","Szacowany czas czytania":"5 minut"},"schema":{"@context":"https:\/\/schema.org","@graph":[{"@type":"Article","@id":"https:\/\/kominki-elektryczne.pl\/blog\/2025\/10\/30\/jaki-kominek-elektryczny-wybrac-do-salonu\/#article","isPartOf":{"@id":"https:\/\/kominki-elektryczne.pl\/blog\/2025\/10\/30\/jaki-kominek-elektryczny-wybrac-do-salonu\/"},"author":{"name":"Kominkowy","@id":"https:\/\/kominki-elektryczne.pl\/blog\/#\/schema\/person\/045e7544e3e90364f5f82cc509123089"},"headline":"Jaki kominek elektryczny wybra\u0107 do salonu?","datePublished":"2025-10-30T12:42:41+00:00","dateModified":"2025-11-07T11:03:58+00:00","mainEntityOfPage":{"@id":"https:\/\/kominki-elektryczne.pl\/blog\/2025\/10\/30\/jaki-kominek-elektryczny-wybrac-do-salonu\/"},"wordCount":911,"publisher":{"@id":"https:\/\/kominki-elektryczne.pl\/blog\/#organization"},"image":{"@id":"https:\/\/kominki-elektryczne.pl\/blog\/2025\/10\/30\/jaki-kominek-elektryczny-wybrac-do-salonu\/#primaryimage"},"thumbnailUrl":"https:\/\/kominki-elektryczne.pl\/blog\/wp-content\/uploads\/2025\/10\/Unique_PRO_room_-shot_2-1.jpg","keywords":["biokominek","kominek","kominek 3d","kominek aflamo","kominek do zabudowy","kominek elektryczny do salonu","Kominek elektryczny LED 3D","kominek elektryczny z d\u017awi\u0119kiem","kominek pod zabudow\u0119","kominek \u015bcienny"],"inLanguage":"pl-PL"},{"@type":"WebPage","@id":"https:\/\/kominki-elektryczne.pl\/blog\/2025\/10\/30\/jaki-kominek-elektryczny-wybrac-do-salonu\/","url":"https:\/\/kominki-elektryczne.pl\/blog\/2025\/10\/30\/jaki-kominek-elektryczny-wybrac-do-salonu\/","name":"Jaki kominek elektryczny wybra\u0107 do salonu? - Kominki-Elektryczne.pl","isPartOf":{"@id":"https:\/\/kominki-elektryczne.pl\/blog\/#website"},"primaryImageOfPage":{"@id":"https:\/\/kominki-elektryczne.pl\/blog\/2025\/10\/30\/jaki-kominek-elektryczny-wybrac-do-salonu\/#primaryimage"},"image":{"@id":"https:\/\/kominki-elektryczne.pl\/blog\/2025\/10\/30\/jaki-kominek-elektryczny-wybrac-do-salonu\/#primaryimage"},"thumbnailUrl":"https:\/\/kominki-elektryczne.pl\/blog\/wp-content\/uploads\/2025\/10\/Unique_PRO_room_-shot_2-1.jpg","datePublished":"2025-10-30T12:42:41+00:00","dateModified":"2025-11-07T11:03:58+00:00","description":"Przedstawiam praktyczny przewodnik, kt\u00f3ry pomo\u017ce dopasowa\u0107 kominek elektryczny do wielko\u015bci i charakteru salonu.","breadcrumb":{"@id":"https:\/\/kominki-elektryczne.pl\/blog\/2025\/10\/30\/jaki-kominek-elektryczny-wybrac-do-salonu\/#breadcrumb"},"inLanguage":"pl-PL","potentialAction":[{"@type":"ReadAction","target":["https:\/\/kominki-elektryczne.pl\/blog\/2025\/10\/30\/jaki-kominek-elektryczny-wybrac-do-salonu\/"]}]},{"@type":"ImageObject","inLanguage":"pl-PL","@id":"https:\/\/kominki-elektryczne.pl\/blog\/2025\/10\/30\/jaki-kominek-elektryczny-wybrac-do-salonu\/#primaryimage","url":"https:\/\/kominki-elektryczne.pl\/blog\/wp-content\/uploads\/2025\/10\/Unique_PRO_room_-shot_2-1.jpg","contentUrl":"https:\/\/kominki-elektryczne.pl\/blog\/wp-content\/uploads\/2025\/10\/Unique_PRO_room_-shot_2-1.jpg","width":2048,"height":1152},{"@type":"BreadcrumbList","@id":"https:\/\/kominki-elektryczne.pl\/blog\/2025\/10\/30\/jaki-kominek-elektryczny-wybrac-do-salonu\/#breadcrumb","itemListElement":[{"@type":"ListItem","position":1,"name":"Strona g\u0142\u00f3wna","item":"https:\/\/kominki-elektryczne.pl\/blog\/"},{"@type":"ListItem","position":2,"name":"Jaki kominek elektryczny wybra\u0107 do salonu?"}]},{"@type":"WebSite","@id":"https:\/\/kominki-elektryczne.pl\/blog\/#website","url":"https:\/\/kominki-elektryczne.pl\/blog\/","name":"Kominki-Elektryczne.pl","description":"Opisy - Porady - Recenzje","publisher":{"@id":"https:\/\/kominki-elektryczne.pl\/blog\/#organization"},"potentialAction":[{"@type":"SearchAction","target":{"@type":"EntryPoint","urlTemplate":"https:\/\/kominki-elektryczne.pl\/blog\/?s={search_term_string}"},"query-input":{"@type":"PropertyValueSpecification","valueRequired":true,"valueName":"search_term_string"}}],"inLanguage":"pl-PL"},{"@type":"Organization","@id":"https:\/\/kominki-elektryczne.pl\/blog\/#organization","name":"Kominki-Elektryczne.pl","url":"https:\/\/kominki-elektryczne.pl\/blog\/","logo":{"@type":"ImageObject","inLanguage":"pl-PL","@id":"https:\/\/kominki-elektryczne.pl\/blog\/#\/schema\/logo\/image\/","url":"https:\/\/kominki-elektryczne.pl\/blog\/wp-content\/uploads\/2025\/04\/cropped-LogoAflamo.jpg","contentUrl":"https:\/\/kominki-elektryczne.pl\/blog\/wp-content\/uploads\/2025\/04\/cropped-LogoAflamo.jpg","width":200,"height":58,"caption":"Kominki-Elektryczne.pl"},"image":{"@id":"https:\/\/kominki-elektryczne.pl\/blog\/#\/schema\/logo\/image\/"},"sameAs":["https:\/\/www.facebook.com\/elektrycznekominki"]},{"@type":"Person","@id":"https:\/\/kominki-elektryczne.pl\/blog\/#\/schema\/person\/045e7544e3e90364f5f82cc509123089","name":"Kominkowy","image":{"@type":"ImageObject","inLanguage":"pl-PL","@id":"https:\/\/kominki-elektryczne.pl\/blog\/#\/schema\/person\/image\/","url":"https:\/\/secure.gravatar.com\/avatar\/8c15720599195e8ba4119df2db28ce7e?s=96&d=mm&r=g","contentUrl":"https:\/\/secure.gravatar.com\/avatar\/8c15720599195e8ba4119df2db28ce7e?s=96&d=mm&r=g","caption":"Kominkowy"},"sameAs":["http:\/\/www.kominki-elektryczne.pl"],"url":"https:\/\/kominki-elektryczne.pl\/blog\/author\/led-handel\/"}]}},"_links":{"self":[{"href":"https:\/\/kominki-elektryczne.pl\/blog\/wp-json\/wp\/v2\/posts\/1284","targetHints":{"allow":["GET"]}}],"collection":[{"href":"https:\/\/kominki-elektryczne.pl\/blog\/wp-json\/wp\/v2\/posts"}],"about":[{"href":"https:\/\/kominki-elektryczne.pl\/blog\/wp-json\/wp\/v2\/types\/post"}],"author":[{"embeddable":true,"href":"https:\/\/kominki-elektryczne.pl\/blog\/wp-json\/wp\/v2\/users\/1"}],"replies":[{"embeddable":true,"href":"https:\/\/kominki-elektryczne.pl\/blog\/wp-json\/wp\/v2\/comments?post=1284"}],"version-history":[{"count":2,"href":"https:\/\/kominki-elektryczne.pl\/blog\/wp-json\/wp\/v2\/posts\/1284\/revisions"}],"predecessor-version":[{"id":1307,"href":"https:\/\/kominki-elektryczne.pl\/blog\/wp-json\/wp\/v2\/posts\/1284\/revisions\/1307"}],"wp:featuredmedia":[{"embeddable":true,"href":"https:\/\/kominki-elektryczne.pl\/blog\/wp-json\/wp\/v2\/media\/1288"}],"wp:attachment":[{"href":"https:\/\/kominki-elektryczne.pl\/blog\/wp-json\/wp\/v2\/media?parent=1284"}],"wp:term":[{"taxonomy":"category","embeddable":true,"href":"https:\/\/kominki-elektryczne.pl\/blog\/wp-json\/wp\/v2\/categories?post=1284"},{"taxonomy":"post_tag","embeddable":true,"href":"https:\/\/kominki-elektryczne.pl\/blog\/wp-json\/wp\/v2\/tags?post=1284"}],"curies":[{"name":"wp","href":"https:\/\/api.w.org\/{rel}","templated":true}]}}