{"id":1304,"date":"2025-11-06T15:22:07","date_gmt":"2025-11-06T14:22:07","guid":{"rendered":"https:\/\/kominki-elektryczne.pl\/blog\/?p=1304"},"modified":"2025-11-07T11:42:37","modified_gmt":"2025-11-07T10:42:37","slug":"nuevas-chimeneas-electricas-emotionflame-estilo-y-rendimiento","status":"publish","type":"post","link":"https:\/\/kominki-elektryczne.pl\/blog\/es\/2025\/11\/06\/nuevas-chimeneas-electricas-emotionflame-estilo-y-rendimiento\/","title":{"rendered":"Nuevas Chimeneas El\u00e9ctricas EmotionFlame: Estilo y Rendimiento a Precios Competitivos"},"content":{"rendered":"\n<p>EmotionFlame presenta cuatro modelos modernos: Monarch, Unity, Regal e Infinity, que combinan un efecto de llama, un funcionamiento seguro y una f\u00e1cil instalaci\u00f3n. Disponibles para empotrar o para montaje en pared, son una opci\u00f3n atractiva para apartamentos, hoteles y establecimientos comerciales que buscan una fuente de calor eficaz y un ambiente \u00fanico a un precio razonable.<\/p>\n\n\n\n<figure class=\"wp-block-image size-large\"><img decoding=\"async\" src=\"https:\/\/kominki-elektryczne.com.pl\/wp-content\/uploads\/2025\/11\/EF-U127_room-shot-1024x700.jpg\" alt=\"Chimeneas El\u00e9ctricas Unity\" class=\"wp-image-2079\"\/><\/figure>\n\n\n\n<p>\u00cdndice<\/p>\n\n\n\n<ul class=\"wp-block-list\">\n<li>Introducci\u00f3n a la L\u00ednea EmotionFlame<\/li>\n\n\n\n<li>Monarch: Chimenea El\u00e9ctrica para Empotrar y Montaje en Pared<\/li>\n\n\n\n<li>Unity: Elegancia y Tama\u00f1o Compacto para Montaje en Pared<\/li>\n\n\n\n<li>Regal: Estilo Cl\u00e1sico con Interior Moderno<\/li>\n\n\n\n<li>Infinity: Flexibilidad y Efectos Avanzados<\/li>\n\n\n\n<li>Precio y Valor para el Cliente<\/li>\n\n\n\n<li>Aplicaciones Pr\u00e1cticas<\/li>\n\n\n\n<li>Preguntas Frecuentes<\/li>\n<\/ul>\n\n\n\n<h2 class=\"wp-block-heading\">Introducci\u00f3n a la L\u00ednea EmotionFlame<\/h2>\n\n\n\n<p>EmotionFlame ofrece una amplia gama de chimeneas el\u00e9ctricas que combinan un aut\u00e9ntico efecto de llama, un funcionamiento sin mantenimiento y una f\u00e1cil instalaci\u00f3n. Los modelos Monarch, Unity, Regal e Infinity est\u00e1n dise\u00f1ados para instalaci\u00f3n empotrada o en pared, satisfaciendo las necesidades de dise\u00f1o de interiores de hogares modernos, apartamentos de alquiler y espacios comerciales. Puede encontrarlos y adquirirlos en el sitio web de confianza <a href=\"https:\/\/sklep586557.shoparena.pl\/es_ES\/index?currency=EUR\">Fiamaro.com<\/a>. Con una variedad de opciones de potencia y funciones visuales avanzadas, cada usuario encontrar\u00e1 una soluci\u00f3n a medida de su espacio y estilo de dise\u00f1o. Estos dise\u00f1os modernos combinan est\u00e9tica y practicidad, y ofrecen precios competitivos en comparaci\u00f3n con otras marcas.<\/p>\n\n\n\n<p>Monarch: <a href=\"https:\/\/www.kominki-elektryczne.pl\/es\/13-chimeneas-led-3d-integradas\">Chimenea el\u00e9ctrica empotrada y de pared<\/a><\/p>\n\n\n\n<p>La Monarch es una soluci\u00f3n vers\u00e1til que funciona a la perfecci\u00f3n tanto empotrada como de pared. Cuenta con una llama realista, un amplio rango de potencia y un funcionamiento sencillo. Gracias a la intensidad de la llama y la temperatura ajustables, la Monarch se adapta al confort t\u00e9rmico del usuario. Monarch destaca entre la competencia por su instalaci\u00f3n vers\u00e1til y su precio asequible.<\/p>\n\n\n\n<p>Unity: Elegancia y dimensiones compactas para montaje en pared<br>Unity es la soluci\u00f3n ideal para espacios reducidos, combinando un dise\u00f1o minimalista con un montaje mural sencillo. Sus dimensiones compactas no comprometen el impacto visual, y su acabado de alta calidad la convierte en la opci\u00f3n perfecta para salones, dormitorios y oficinas. Gracias a sus controles intuitivos y la posibilidad de sincronizarla con otros dispositivos, Unity es una opci\u00f3n pr\u00e1ctica para quienes buscan una chimenea el\u00e9ctrica econ\u00f3mica sin renunciar a la calidad. <\/p>\n\n\n\n<p>Regal: Estilo cl\u00e1sico con un interior moderno<br>Regal combina el car\u00e1cter tradicional con opciones de instalaci\u00f3n modernas. Con un elegante acabado frontal, un efecto de llama realista y una f\u00e1cil instalaci\u00f3n empotrada o mural, Regal es una opci\u00f3n vers\u00e1til para apartamentos, alquileres y locales comerciales. Gracias a su control de temperatura y potencia, Regal ayuda a mantener el confort t\u00e9rmico y a minimizar los costes de calefacci\u00f3n. <\/p>\n\n\n\n<p>Infinity: Flexibilidad y efectos avanzados<br>Infinity es la opci\u00f3n ideal para quienes valoran una amplia gama de configuraciones de luz y llama, as\u00ed como flexibilidad de instalaci\u00f3n. Con una variedad de ajustes de sonido, temperatura y efectos visuales, Infinity se adapta a diversos estilos de interior, desde el moderno hasta el m\u00e1s cl\u00e1sico. Las opciones empotradas o murales ofrecen una gran flexibilidad de dise\u00f1o sin sacrificar la alta calidad de fabricaci\u00f3n. <\/p>\n\n\n\n<h2 class=\"wp-block-heading\">Precio y Valor para el Cliente<\/h2>\n\n\n\n<p>Los productos de EmotionFlame priorizan la relaci\u00f3n calidad-precio. Los modelos Monarch, Unity, Regal e Infinity combinan efectos de llama realistas con un funcionamiento seguro y costes operativos reducidos. Las opciones de instalaci\u00f3n en pared o empotrada ofrecen una instalaci\u00f3n r\u00e1pida y un impacto visual inmediato. Su precio atractivo convierte a estos modelos en una opci\u00f3n econ\u00f3mica dentro del segmento de alta calidad, un factor clave para propietarios, hoteles y apartamentos de alquiler.<\/p>\n\n\n\n<h2 class=\"wp-block-heading\">Aplicaciones pr\u00e1cticas<\/h2>\n\n\n\n<ul class=\"wp-block-list\">\n<li>Empotrable: Ideal para cocinas, salas de estar y salones donde se busca mantener la coherencia y la est\u00e9tica del dise\u00f1o.<\/li>\n\n\n\n<li>Pared: Instalaci\u00f3n r\u00e1pida sin necesidad de reformas, adaptable a espacios reducidos.<\/li>\n\n\n\n<li>Nueva chimenea el\u00e9ctrica: Tecnolog\u00eda de vanguardia, efecto de llama realista, control y ahorro energ\u00e9tico.<\/li>\n\n\n\n<li>Chimenea el\u00e9ctrica econ\u00f3mica: Precio atractivo sin sacrificar la calidad.<\/li>\n<\/ul>\n\n\n\n<p>Adem\u00e1s, muchos anuncios mencionan a Aflamo como inspiraci\u00f3n por su efecto de llama y dise\u00f1o, lo cual puede ser importante para hu\u00e9spedes de hoteles y propietarios que desean realzar el prestigio de sus interiores.<\/p>\n\n\n\n<h2 class=\"wp-block-heading\">Preguntas frecuentes<\/h2>\n\n\n\n<p>\u00bfSe puede instalar la chimenea Monarch empotrada o en la pared?<\/p>\n\n\n\n<p>S\u00ed, la chimenea Monarch es apta para ambas configuraciones de instalaci\u00f3n, ofreciendo flexibilidad y ahorrando espacio. Seg\u00fan la superficie, puede ajustar la potencia calor\u00edfica y el efecto de llama. Para m\u00e1s informaci\u00f3n, vea el <a href=\"https:\/\/youtube.com\/shorts\/KBLLpBazAQY?feature=share\">v\u00eddeo espec\u00edfico en YouTube<\/a>.<\/p>\n\n\n\n<p>\u00bfEs la chimenea Unity adecuada para habitaciones peque\u00f1as?<\/p>\n\n\n\n<p>S\u00ed, gracias a sus dimensiones compactas y su acabado minimalista, Unity es perfecta para salas de estar, dormitorios, oficinas y nichos peque\u00f1os.<\/p>\n\n\n\n<p>\u00bfCu\u00e1les son las ventajas de precio de los modelos EmotionFlame?<\/p>\n\n\n\n<p>Los modelos Monarch, Unity, Regal e Infinity combinan alta calidad con precios competitivos, lo que los hace atractivos tanto para particulares como para empresas que buscan un dise\u00f1o atractivo a un precio razonable.<\/p>\n\n\n\n<p>\u00bfLas chimeneas EmotionFlame requieren una instalaci\u00f3n especial?<\/p>\n\n\n\n<p>La mayor\u00eda de los modelos ofrecen una instalaci\u00f3n segura, ya sea en pared o empotrada, sin necesidad de obras complejas. Sin embargo, se recomienda asegurarse de que la instalaci\u00f3n el\u00e9ctrica cumpla con las normas de seguridad y que la pared o el nicho est\u00e9n debidamente preparado<\/p>\n","protected":false},"excerpt":{"rendered":"<p>EmotionFlame presenta cuatro modelos modernos: Monarch, Unity, Regal e Infinity, que combinan un efecto de llama, un funcionamiento seguro y una f\u00e1cil instalaci\u00f3n. Disponibles para empotrar o para montaje en pared, son una opci\u00f3n atractiva para apartamentos, hoteles y establecimientos comerciales que buscan una fuente &hellip; <\/p>\n","protected":false},"author":1,"featured_media":1298,"comment_status":"closed","ping_status":"closed","sticky":false,"template":"","format":"standard","meta":{"footnotes":""},"categories":[29],"tags":[396,399,401,581,579,742,577,607,575,609],"class_list":["post-1304","post","type-post","status-publish","format-standard","has-post-thumbnail","hentry","category-bez-kategorii-es","tag-chimenea-cerrada","tag-chimenea-clasica","tag-chimenea-electrica","tag-chimeneas-electricas-aflamo","tag-chimeneas-electricas-con-sonido","tag-chimeneas-electricas-de-pared-elite","tag-chimeneas-electricas-majestic-pro","tag-chimeneas-electricas-royal-3d","tag-chimeneas-electricas-royal-pro","tag-chimeneas-electricas-superb-3d"],"yoast_head":"<!-- This site is optimized with the Yoast SEO plugin v25.7 - https:\/\/yoast.com\/wordpress\/plugins\/seo\/ -->\n<title>Nuevas Chimeneas El\u00e9ctricas EmotionFlame: Estilo y Rendimiento<\/title>\n<meta name=\"description\" content=\"En este art\u00edculo, conocer\u00e1 las nuevas chimeneas el\u00e9ctricas de EmotionFlame: chimeneas el\u00e9ctricas empotradas, de pared y de pie.\" \/>\n<meta name=\"robots\" content=\"index, follow, max-snippet:-1, max-image-preview:large, max-video-preview:-1\" \/>\n<link rel=\"canonical\" href=\"https:\/\/kominki-elektryczne.pl\/blog\/es\/2025\/11\/06\/nuevas-chimeneas-electricas-emotionflame-estilo-y-rendimiento\/\" \/>\n<meta property=\"og:locale\" content=\"pl_PL\" \/>\n<meta property=\"og:type\" content=\"article\" \/>\n<meta property=\"og:title\" content=\"Nuevas Chimeneas El\u00e9ctricas EmotionFlame: Estilo y Rendimiento\" \/>\n<meta property=\"og:description\" content=\"En este art\u00edculo, conocer\u00e1 las nuevas chimeneas el\u00e9ctricas de EmotionFlame: chimeneas el\u00e9ctricas empotradas, de pared y de pie.\" \/>\n<meta property=\"og:url\" content=\"https:\/\/kominki-elektryczne.pl\/blog\/es\/2025\/11\/06\/nuevas-chimeneas-electricas-emotionflame-estilo-y-rendimiento\/\" \/>\n<meta property=\"og:site_name\" content=\"Kominki-Elektryczne.pl\" \/>\n<meta property=\"article:publisher\" content=\"https:\/\/www.facebook.com\/elektrycznekominki\" \/>\n<meta property=\"article:published_time\" content=\"2025-11-06T14:22:07+00:00\" \/>\n<meta property=\"article:modified_time\" content=\"2025-11-07T10:42:37+00:00\" \/>\n<meta property=\"og:image\" content=\"https:\/\/kominki-elektryczne.pl\/blog\/wp-content\/uploads\/2025\/11\/EF-U127_room-shot.jpg\" \/>\n\t<meta property=\"og:image:width\" content=\"2105\" \/>\n\t<meta property=\"og:image:height\" content=\"1439\" \/>\n\t<meta property=\"og:image:type\" content=\"image\/jpeg\" \/>\n<meta name=\"author\" content=\"Kominkowy\" \/>\n<meta name=\"twitter:card\" content=\"summary_large_image\" \/>\n<meta name=\"twitter:label1\" content=\"Napisane przez\" \/>\n\t<meta name=\"twitter:data1\" content=\"Kominkowy\" \/>\n\t<meta name=\"twitter:label2\" content=\"Szacowany czas czytania\" \/>\n\t<meta name=\"twitter:data2\" content=\"6 minut\" \/>\n<script type=\"application\/ld+json\" class=\"yoast-schema-graph\">{\"@context\":\"https:\/\/schema.org\",\"@graph\":[{\"@type\":\"Article\",\"@id\":\"https:\/\/kominki-elektryczne.pl\/blog\/es\/2025\/11\/06\/nuevas-chimeneas-electricas-emotionflame-estilo-y-rendimiento\/#article\",\"isPartOf\":{\"@id\":\"https:\/\/kominki-elektryczne.pl\/blog\/es\/2025\/11\/06\/nuevas-chimeneas-electricas-emotionflame-estilo-y-rendimiento\/\"},\"author\":{\"name\":\"Kominkowy\",\"@id\":\"https:\/\/kominki-elektryczne.pl\/blog\/#\/schema\/person\/045e7544e3e90364f5f82cc509123089\"},\"headline\":\"Nuevas Chimeneas El\u00e9ctricas EmotionFlame: Estilo y Rendimiento a Precios Competitivos\",\"datePublished\":\"2025-11-06T14:22:07+00:00\",\"dateModified\":\"2025-11-07T10:42:37+00:00\",\"mainEntityOfPage\":{\"@id\":\"https:\/\/kominki-elektryczne.pl\/blog\/es\/2025\/11\/06\/nuevas-chimeneas-electricas-emotionflame-estilo-y-rendimiento\/\"},\"wordCount\":945,\"publisher\":{\"@id\":\"https:\/\/kominki-elektryczne.pl\/blog\/#organization\"},\"image\":{\"@id\":\"https:\/\/kominki-elektryczne.pl\/blog\/es\/2025\/11\/06\/nuevas-chimeneas-electricas-emotionflame-estilo-y-rendimiento\/#primaryimage\"},\"thumbnailUrl\":\"https:\/\/kominki-elektryczne.pl\/blog\/wp-content\/uploads\/2025\/11\/EF-U127_room-shot.jpg\",\"keywords\":[\"chimenea cerrada\",\"chimenea cl\u00e1sica\",\"chimenea electrica\",\"Chimeneas el\u00e9ctricas aflamo\",\"chimeneas el\u00e9ctricas con sonido\",\"Chimeneas el\u00e9ctricas de pared elite\",\"chimeneas el\u00e9ctricas Majestic Pro\",\"chimeneas el\u00e9ctricas Royal 3D\",\"chimeneas el\u00e9ctricas Royal Pro\",\"chimeneas el\u00e9ctricas Superb 3D\"],\"inLanguage\":\"pl-PL\"},{\"@type\":\"WebPage\",\"@id\":\"https:\/\/kominki-elektryczne.pl\/blog\/es\/2025\/11\/06\/nuevas-chimeneas-electricas-emotionflame-estilo-y-rendimiento\/\",\"url\":\"https:\/\/kominki-elektryczne.pl\/blog\/es\/2025\/11\/06\/nuevas-chimeneas-electricas-emotionflame-estilo-y-rendimiento\/\",\"name\":\"Nuevas Chimeneas El\u00e9ctricas EmotionFlame: Estilo y Rendimiento\",\"isPartOf\":{\"@id\":\"https:\/\/kominki-elektryczne.pl\/blog\/#website\"},\"primaryImageOfPage\":{\"@id\":\"https:\/\/kominki-elektryczne.pl\/blog\/es\/2025\/11\/06\/nuevas-chimeneas-electricas-emotionflame-estilo-y-rendimiento\/#primaryimage\"},\"image\":{\"@id\":\"https:\/\/kominki-elektryczne.pl\/blog\/es\/2025\/11\/06\/nuevas-chimeneas-electricas-emotionflame-estilo-y-rendimiento\/#primaryimage\"},\"thumbnailUrl\":\"https:\/\/kominki-elektryczne.pl\/blog\/wp-content\/uploads\/2025\/11\/EF-U127_room-shot.jpg\",\"datePublished\":\"2025-11-06T14:22:07+00:00\",\"dateModified\":\"2025-11-07T10:42:37+00:00\",\"description\":\"En este art\u00edculo, conocer\u00e1 las nuevas chimeneas el\u00e9ctricas de EmotionFlame: chimeneas el\u00e9ctricas empotradas, de pared y de pie.\",\"breadcrumb\":{\"@id\":\"https:\/\/kominki-elektryczne.pl\/blog\/es\/2025\/11\/06\/nuevas-chimeneas-electricas-emotionflame-estilo-y-rendimiento\/#breadcrumb\"},\"inLanguage\":\"pl-PL\",\"potentialAction\":[{\"@type\":\"ReadAction\",\"target\":[\"https:\/\/kominki-elektryczne.pl\/blog\/es\/2025\/11\/06\/nuevas-chimeneas-electricas-emotionflame-estilo-y-rendimiento\/\"]}]},{\"@type\":\"ImageObject\",\"inLanguage\":\"pl-PL\",\"@id\":\"https:\/\/kominki-elektryczne.pl\/blog\/es\/2025\/11\/06\/nuevas-chimeneas-electricas-emotionflame-estilo-y-rendimiento\/#primaryimage\",\"url\":\"https:\/\/kominki-elektryczne.pl\/blog\/wp-content\/uploads\/2025\/11\/EF-U127_room-shot.jpg\",\"contentUrl\":\"https:\/\/kominki-elektryczne.pl\/blog\/wp-content\/uploads\/2025\/11\/EF-U127_room-shot.jpg\",\"width\":2105,\"height\":1439},{\"@type\":\"BreadcrumbList\",\"@id\":\"https:\/\/kominki-elektryczne.pl\/blog\/es\/2025\/11\/06\/nuevas-chimeneas-electricas-emotionflame-estilo-y-rendimiento\/#breadcrumb\",\"itemListElement\":[{\"@type\":\"ListItem\",\"position\":1,\"name\":\"Strona g\u0142\u00f3wna\",\"item\":\"https:\/\/kominki-elektryczne.pl\/blog\/\"},{\"@type\":\"ListItem\",\"position\":2,\"name\":\"Nuevas Chimeneas El\u00e9ctricas EmotionFlame: Estilo y Rendimiento a Precios Competitivos\"}]},{\"@type\":\"WebSite\",\"@id\":\"https:\/\/kominki-elektryczne.pl\/blog\/#website\",\"url\":\"https:\/\/kominki-elektryczne.pl\/blog\/\",\"name\":\"Kominki-Elektryczne.pl\",\"description\":\"Opisy - Porady - Recenzje\",\"publisher\":{\"@id\":\"https:\/\/kominki-elektryczne.pl\/blog\/#organization\"},\"potentialAction\":[{\"@type\":\"SearchAction\",\"target\":{\"@type\":\"EntryPoint\",\"urlTemplate\":\"https:\/\/kominki-elektryczne.pl\/blog\/?s={search_term_string}\"},\"query-input\":{\"@type\":\"PropertyValueSpecification\",\"valueRequired\":true,\"valueName\":\"search_term_string\"}}],\"inLanguage\":\"pl-PL\"},{\"@type\":\"Organization\",\"@id\":\"https:\/\/kominki-elektryczne.pl\/blog\/#organization\",\"name\":\"Kominki-Elektryczne.pl\",\"url\":\"https:\/\/kominki-elektryczne.pl\/blog\/\",\"logo\":{\"@type\":\"ImageObject\",\"inLanguage\":\"pl-PL\",\"@id\":\"https:\/\/kominki-elektryczne.pl\/blog\/#\/schema\/logo\/image\/\",\"url\":\"https:\/\/kominki-elektryczne.pl\/blog\/wp-content\/uploads\/2025\/04\/cropped-LogoAflamo.jpg\",\"contentUrl\":\"https:\/\/kominki-elektryczne.pl\/blog\/wp-content\/uploads\/2025\/04\/cropped-LogoAflamo.jpg\",\"width\":200,\"height\":58,\"caption\":\"Kominki-Elektryczne.pl\"},\"image\":{\"@id\":\"https:\/\/kominki-elektryczne.pl\/blog\/#\/schema\/logo\/image\/\"},\"sameAs\":[\"https:\/\/www.facebook.com\/elektrycznekominki\"]},{\"@type\":\"Person\",\"@id\":\"https:\/\/kominki-elektryczne.pl\/blog\/#\/schema\/person\/045e7544e3e90364f5f82cc509123089\",\"name\":\"Kominkowy\",\"image\":{\"@type\":\"ImageObject\",\"inLanguage\":\"pl-PL\",\"@id\":\"https:\/\/kominki-elektryczne.pl\/blog\/#\/schema\/person\/image\/\",\"url\":\"https:\/\/secure.gravatar.com\/avatar\/8c15720599195e8ba4119df2db28ce7e?s=96&d=mm&r=g\",\"contentUrl\":\"https:\/\/secure.gravatar.com\/avatar\/8c15720599195e8ba4119df2db28ce7e?s=96&d=mm&r=g\",\"caption\":\"Kominkowy\"},\"sameAs\":[\"http:\/\/www.kominki-elektryczne.pl\"],\"url\":\"https:\/\/kominki-elektryczne.pl\/blog\/author\/led-handel\/\"}]}<\/script>\n<!-- \/ Yoast SEO plugin. -->","yoast_head_json":{"title":"Nuevas Chimeneas El\u00e9ctricas EmotionFlame: Estilo y Rendimiento","description":"En este art\u00edculo, conocer\u00e1 las nuevas chimeneas el\u00e9ctricas de EmotionFlame: chimeneas el\u00e9ctricas empotradas, de pared y de pie.","robots":{"index":"index","follow":"follow","max-snippet":"max-snippet:-1","max-image-preview":"max-image-preview:large","max-video-preview":"max-video-preview:-1"},"canonical":"https:\/\/kominki-elektryczne.pl\/blog\/es\/2025\/11\/06\/nuevas-chimeneas-electricas-emotionflame-estilo-y-rendimiento\/","og_locale":"pl_PL","og_type":"article","og_title":"Nuevas Chimeneas El\u00e9ctricas EmotionFlame: Estilo y Rendimiento","og_description":"En este art\u00edculo, conocer\u00e1 las nuevas chimeneas el\u00e9ctricas de EmotionFlame: chimeneas el\u00e9ctricas empotradas, de pared y de pie.","og_url":"https:\/\/kominki-elektryczne.pl\/blog\/es\/2025\/11\/06\/nuevas-chimeneas-electricas-emotionflame-estilo-y-rendimiento\/","og_site_name":"Kominki-Elektryczne.pl","article_publisher":"https:\/\/www.facebook.com\/elektrycznekominki","article_published_time":"2025-11-06T14:22:07+00:00","article_modified_time":"2025-11-07T10:42:37+00:00","og_image":[{"width":2105,"height":1439,"url":"https:\/\/kominki-elektryczne.pl\/blog\/wp-content\/uploads\/2025\/11\/EF-U127_room-shot.jpg","type":"image\/jpeg"}],"author":"Kominkowy","twitter_card":"summary_large_image","twitter_misc":{"Napisane przez":"Kominkowy","Szacowany czas czytania":"6 minut"},"schema":{"@context":"https:\/\/schema.org","@graph":[{"@type":"Article","@id":"https:\/\/kominki-elektryczne.pl\/blog\/es\/2025\/11\/06\/nuevas-chimeneas-electricas-emotionflame-estilo-y-rendimiento\/#article","isPartOf":{"@id":"https:\/\/kominki-elektryczne.pl\/blog\/es\/2025\/11\/06\/nuevas-chimeneas-electricas-emotionflame-estilo-y-rendimiento\/"},"author":{"name":"Kominkowy","@id":"https:\/\/kominki-elektryczne.pl\/blog\/#\/schema\/person\/045e7544e3e90364f5f82cc509123089"},"headline":"Nuevas Chimeneas El\u00e9ctricas EmotionFlame: Estilo y Rendimiento a Precios Competitivos","datePublished":"2025-11-06T14:22:07+00:00","dateModified":"2025-11-07T10:42:37+00:00","mainEntityOfPage":{"@id":"https:\/\/kominki-elektryczne.pl\/blog\/es\/2025\/11\/06\/nuevas-chimeneas-electricas-emotionflame-estilo-y-rendimiento\/"},"wordCount":945,"publisher":{"@id":"https:\/\/kominki-elektryczne.pl\/blog\/#organization"},"image":{"@id":"https:\/\/kominki-elektryczne.pl\/blog\/es\/2025\/11\/06\/nuevas-chimeneas-electricas-emotionflame-estilo-y-rendimiento\/#primaryimage"},"thumbnailUrl":"https:\/\/kominki-elektryczne.pl\/blog\/wp-content\/uploads\/2025\/11\/EF-U127_room-shot.jpg","keywords":["chimenea cerrada","chimenea cl\u00e1sica","chimenea electrica","Chimeneas el\u00e9ctricas aflamo","chimeneas el\u00e9ctricas con sonido","Chimeneas el\u00e9ctricas de pared elite","chimeneas el\u00e9ctricas Majestic Pro","chimeneas el\u00e9ctricas Royal 3D","chimeneas el\u00e9ctricas Royal Pro","chimeneas el\u00e9ctricas Superb 3D"],"inLanguage":"pl-PL"},{"@type":"WebPage","@id":"https:\/\/kominki-elektryczne.pl\/blog\/es\/2025\/11\/06\/nuevas-chimeneas-electricas-emotionflame-estilo-y-rendimiento\/","url":"https:\/\/kominki-elektryczne.pl\/blog\/es\/2025\/11\/06\/nuevas-chimeneas-electricas-emotionflame-estilo-y-rendimiento\/","name":"Nuevas Chimeneas El\u00e9ctricas EmotionFlame: Estilo y Rendimiento","isPartOf":{"@id":"https:\/\/kominki-elektryczne.pl\/blog\/#website"},"primaryImageOfPage":{"@id":"https:\/\/kominki-elektryczne.pl\/blog\/es\/2025\/11\/06\/nuevas-chimeneas-electricas-emotionflame-estilo-y-rendimiento\/#primaryimage"},"image":{"@id":"https:\/\/kominki-elektryczne.pl\/blog\/es\/2025\/11\/06\/nuevas-chimeneas-electricas-emotionflame-estilo-y-rendimiento\/#primaryimage"},"thumbnailUrl":"https:\/\/kominki-elektryczne.pl\/blog\/wp-content\/uploads\/2025\/11\/EF-U127_room-shot.jpg","datePublished":"2025-11-06T14:22:07+00:00","dateModified":"2025-11-07T10:42:37+00:00","description":"En este art\u00edculo, conocer\u00e1 las nuevas chimeneas el\u00e9ctricas de EmotionFlame: chimeneas el\u00e9ctricas empotradas, de pared y de pie.","breadcrumb":{"@id":"https:\/\/kominki-elektryczne.pl\/blog\/es\/2025\/11\/06\/nuevas-chimeneas-electricas-emotionflame-estilo-y-rendimiento\/#breadcrumb"},"inLanguage":"pl-PL","potentialAction":[{"@type":"ReadAction","target":["https:\/\/kominki-elektryczne.pl\/blog\/es\/2025\/11\/06\/nuevas-chimeneas-electricas-emotionflame-estilo-y-rendimiento\/"]}]},{"@type":"ImageObject","inLanguage":"pl-PL","@id":"https:\/\/kominki-elektryczne.pl\/blog\/es\/2025\/11\/06\/nuevas-chimeneas-electricas-emotionflame-estilo-y-rendimiento\/#primaryimage","url":"https:\/\/kominki-elektryczne.pl\/blog\/wp-content\/uploads\/2025\/11\/EF-U127_room-shot.jpg","contentUrl":"https:\/\/kominki-elektryczne.pl\/blog\/wp-content\/uploads\/2025\/11\/EF-U127_room-shot.jpg","width":2105,"height":1439},{"@type":"BreadcrumbList","@id":"https:\/\/kominki-elektryczne.pl\/blog\/es\/2025\/11\/06\/nuevas-chimeneas-electricas-emotionflame-estilo-y-rendimiento\/#breadcrumb","itemListElement":[{"@type":"ListItem","position":1,"name":"Strona g\u0142\u00f3wna","item":"https:\/\/kominki-elektryczne.pl\/blog\/"},{"@type":"ListItem","position":2,"name":"Nuevas Chimeneas El\u00e9ctricas EmotionFlame: Estilo y Rendimiento a Precios Competitivos"}]},{"@type":"WebSite","@id":"https:\/\/kominki-elektryczne.pl\/blog\/#website","url":"https:\/\/kominki-elektryczne.pl\/blog\/","name":"Kominki-Elektryczne.pl","description":"Opisy - Porady - Recenzje","publisher":{"@id":"https:\/\/kominki-elektryczne.pl\/blog\/#organization"},"potentialAction":[{"@type":"SearchAction","target":{"@type":"EntryPoint","urlTemplate":"https:\/\/kominki-elektryczne.pl\/blog\/?s={search_term_string}"},"query-input":{"@type":"PropertyValueSpecification","valueRequired":true,"valueName":"search_term_string"}}],"inLanguage":"pl-PL"},{"@type":"Organization","@id":"https:\/\/kominki-elektryczne.pl\/blog\/#organization","name":"Kominki-Elektryczne.pl","url":"https:\/\/kominki-elektryczne.pl\/blog\/","logo":{"@type":"ImageObject","inLanguage":"pl-PL","@id":"https:\/\/kominki-elektryczne.pl\/blog\/#\/schema\/logo\/image\/","url":"https:\/\/kominki-elektryczne.pl\/blog\/wp-content\/uploads\/2025\/04\/cropped-LogoAflamo.jpg","contentUrl":"https:\/\/kominki-elektryczne.pl\/blog\/wp-content\/uploads\/2025\/04\/cropped-LogoAflamo.jpg","width":200,"height":58,"caption":"Kominki-Elektryczne.pl"},"image":{"@id":"https:\/\/kominki-elektryczne.pl\/blog\/#\/schema\/logo\/image\/"},"sameAs":["https:\/\/www.facebook.com\/elektrycznekominki"]},{"@type":"Person","@id":"https:\/\/kominki-elektryczne.pl\/blog\/#\/schema\/person\/045e7544e3e90364f5f82cc509123089","name":"Kominkowy","image":{"@type":"ImageObject","inLanguage":"pl-PL","@id":"https:\/\/kominki-elektryczne.pl\/blog\/#\/schema\/person\/image\/","url":"https:\/\/secure.gravatar.com\/avatar\/8c15720599195e8ba4119df2db28ce7e?s=96&d=mm&r=g","contentUrl":"https:\/\/secure.gravatar.com\/avatar\/8c15720599195e8ba4119df2db28ce7e?s=96&d=mm&r=g","caption":"Kominkowy"},"sameAs":["http:\/\/www.kominki-elektryczne.pl"],"url":"https:\/\/kominki-elektryczne.pl\/blog\/author\/led-handel\/"}]}},"_links":{"self":[{"href":"https:\/\/kominki-elektryczne.pl\/blog\/wp-json\/wp\/v2\/posts\/1304","targetHints":{"allow":["GET"]}}],"collection":[{"href":"https:\/\/kominki-elektryczne.pl\/blog\/wp-json\/wp\/v2\/posts"}],"about":[{"href":"https:\/\/kominki-elektryczne.pl\/blog\/wp-json\/wp\/v2\/types\/post"}],"author":[{"embeddable":true,"href":"https:\/\/kominki-elektryczne.pl\/blog\/wp-json\/wp\/v2\/users\/1"}],"replies":[{"embeddable":true,"href":"https:\/\/kominki-elektryczne.pl\/blog\/wp-json\/wp\/v2\/comments?post=1304"}],"version-history":[{"count":1,"href":"https:\/\/kominki-elektryczne.pl\/blog\/wp-json\/wp\/v2\/posts\/1304\/revisions"}],"predecessor-version":[{"id":1305,"href":"https:\/\/kominki-elektryczne.pl\/blog\/wp-json\/wp\/v2\/posts\/1304\/revisions\/1305"}],"wp:featuredmedia":[{"embeddable":true,"href":"https:\/\/kominki-elektryczne.pl\/blog\/wp-json\/wp\/v2\/media\/1298"}],"wp:attachment":[{"href":"https:\/\/kominki-elektryczne.pl\/blog\/wp-json\/wp\/v2\/media?parent=1304"}],"wp:term":[{"taxonomy":"category","embeddable":true,"href":"https:\/\/kominki-elektryczne.pl\/blog\/wp-json\/wp\/v2\/categories?post=1304"},{"taxonomy":"post_tag","embeddable":true,"href":"https:\/\/kominki-elektryczne.pl\/blog\/wp-json\/wp\/v2\/tags?post=1304"}],"curies":[{"name":"wp","href":"https:\/\/api.w.org\/{rel}","templated":true}]}}