{"id":138,"date":"2019-07-25T15:10:45","date_gmt":"2019-07-25T13:10:45","guid":{"rendered":"https:\/\/kominki-elektryczne.pl\/blog\/?p=138"},"modified":"2024-10-08T12:14:48","modified_gmt":"2024-10-08T10:14:48","slug":"nowosc-w-ofercie-kominkow","status":"publish","type":"post","link":"https:\/\/kominki-elektryczne.pl\/blog\/2019\/07\/25\/nowosc-w-ofercie-kominkow\/","title":{"rendered":"Nowo\u015b\u0107 w ofercie komink\u00f3w!!!!"},"content":{"rendered":"<p>Dzie\u0144 dobry<\/p>\n<p>Mamy nowo\u015b\u0107 w ofercie!!! Kominki elektryczne Led kamienne Cabo i Etna. S\u0105 \u00a0to kominki o ma\u0142ych rozmiarach, kt\u00f3re zmieszcz\u0105 si\u0119 do ka\u017cdego ma\u0142ego pomieszczenia. Wykonane s\u0105 one ze specjalnego odlewu gipsowego, kt\u00f3ry przypomina \u017cywy kamie\u0144 dzi\u0119ki czemu wygl\u0105daj\u0105 jak kamie\u0144 naturalny.<\/p>\n<p><img loading=\"lazy\" decoding=\"async\" class=\"alignnone wp-image-141\" src=\"https:\/\/kominki-elektryczne.pl\/blog\/wp-content\/uploads\/2019\/07\/Cabo_front_A1.jpg\" alt=\"\" width=\"522\" height=\"597\" srcset=\"https:\/\/kominki-elektryczne.pl\/blog\/wp-content\/uploads\/2019\/07\/Cabo_front_A1.jpg 1791w, https:\/\/kominki-elektryczne.pl\/blog\/wp-content\/uploads\/2019\/07\/Cabo_front_A1-262x300.jpg 262w, https:\/\/kominki-elektryczne.pl\/blog\/wp-content\/uploads\/2019\/07\/Cabo_front_A1-768x878.jpg 768w, https:\/\/kominki-elektryczne.pl\/blog\/wp-content\/uploads\/2019\/07\/Cabo_front_A1-896x1024.jpg 896w\" sizes=\"auto, (max-width: 522px) 100vw, 522px\" \/><\/p>\n<p>&nbsp;<\/p>\n<p><img loading=\"lazy\" decoding=\"async\" class=\"alignnone wp-image-142\" src=\"https:\/\/kominki-elektryczne.pl\/blog\/wp-content\/uploads\/2019\/07\/Etna_front_A1.jpg\" alt=\"\" width=\"677\" height=\"723\" srcset=\"https:\/\/kominki-elektryczne.pl\/blog\/wp-content\/uploads\/2019\/07\/Etna_front_A1.jpg 1920w, https:\/\/kominki-elektryczne.pl\/blog\/wp-content\/uploads\/2019\/07\/Etna_front_A1-281x300.jpg 281w, https:\/\/kominki-elektryczne.pl\/blog\/wp-content\/uploads\/2019\/07\/Etna_front_A1-768x819.jpg 768w, https:\/\/kominki-elektryczne.pl\/blog\/wp-content\/uploads\/2019\/07\/Etna_front_A1-960x1024.jpg 960w\" sizes=\"auto, (max-width: 677px) 100vw, 677px\" \/><\/p>\n<p>&nbsp;<\/p>\n<p>Kominki maj\u0105 wymiary:<br \/>\n&#8211; Cabo:<br \/>\nszeroko\u015b\u0107: 60 cm<br \/>\nwysoko\u015b\u0107: 67 cm<br \/>\ng\u0142\u0119boko\u015b\u0107: 23 cm<\/p>\n<p>-Etna:<br \/>\nszeroko\u015b\u0107: 65 cm<br \/>\nwysoko\u015b\u0107: 67 cm<br \/>\n<span style=\"font-size: 1rem; line-height: 1.66;\">g\u0142\u0119boko\u015b\u0107: 30 cm.<\/span><\/p>\n<p>Dzi\u0119ki takim ma\u0142ym rozmiarom nadadz\u0105 klimatu ka\u017cdemu pomieszczeniu nawet z ma\u0142ym metra\u017cem.<\/p>\n<p>Zapraszamy do zapoznania si\u0119 z tymi modelami<br \/>\n<a href=\"https:\/\/www.kominki-elektryczne.pl\/pl\/glowna\/350-cabo-kamienny-kominek-elektryczny-led-aflamo.html?search_query=cabo&amp;results=1\">kominek elektryczny Led Cabo<\/a><\/p>\n<p><a href=\"https:\/\/www.kominki-elektryczne.pl\/pl\/glowna\/351-etna-kamienny-kominek-elektryczny-led-aflamo.html?search_query=etna&amp;results=1\"><span style=\"line-height: 26.56px; font-size: 1rem;\">kominek elektryczny Led Etna\u00a0<\/span><\/a><\/p>\n<p>Je\u017celi szukasz modelu o wi\u0119kszych rozmiarach to znajdziesz je tutaj:<\/p>\n<p><a href=\"https:\/\/www.kominki-elektryczne.pl\/pl\/21-kominki-elektryczne-led-kamienne\">kominki elektryczne kamienne<\/a><\/p>\n","protected":false},"excerpt":{"rendered":"<p>Dzie\u0144 dobry Mamy nowo\u015b\u0107 w ofercie!!! Kominki elektryczne Led kamienne Cabo i Etna. S\u0105 \u00a0to kominki o ma\u0142ych rozmiarach, kt\u00f3re zmieszcz\u0105 si\u0119 do ka\u017cdego ma\u0142ego pomieszczenia. Wykonane s\u0105 one ze specjalnego odlewu gipsowego, kt\u00f3ry przypomina \u017cywy kamie\u0144 dzi\u0119ki czemu wygl\u0105daj\u0105 jak kamie\u0144 naturalny. &nbsp; &nbsp; &hellip; <\/p>\n","protected":false},"author":1,"featured_media":0,"comment_status":"closed","ping_status":"closed","sticky":false,"template":"","format":"standard","meta":{"footnotes":""},"categories":[1],"tags":[],"class_list":["post-138","post","type-post","status-publish","format-standard","hentry","category-bez-kategorii"],"yoast_head":"<!-- This site is optimized with the Yoast SEO plugin v25.7 - https:\/\/yoast.com\/wordpress\/plugins\/seo\/ -->\n<title>Nowo\u015b\u0107 w ofercie komink\u00f3w!!!! - Kominki-Elektryczne.pl<\/title>\n<meta name=\"robots\" content=\"index, follow, max-snippet:-1, max-image-preview:large, max-video-preview:-1\" \/>\n<link rel=\"canonical\" href=\"https:\/\/kominki-elektryczne.pl\/blog\/2019\/07\/25\/nowosc-w-ofercie-kominkow\/\" \/>\n<meta property=\"og:locale\" content=\"pl_PL\" \/>\n<meta property=\"og:type\" content=\"article\" \/>\n<meta property=\"og:title\" content=\"Nowo\u015b\u0107 w ofercie komink\u00f3w!!!! - Kominki-Elektryczne.pl\" \/>\n<meta property=\"og:description\" content=\"Dzie\u0144 dobry Mamy nowo\u015b\u0107 w ofercie!!! Kominki elektryczne Led kamienne Cabo i Etna. S\u0105 \u00a0to kominki o ma\u0142ych rozmiarach, kt\u00f3re zmieszcz\u0105 si\u0119 do ka\u017cdego ma\u0142ego pomieszczenia. Wykonane s\u0105 one ze specjalnego odlewu gipsowego, kt\u00f3ry przypomina \u017cywy kamie\u0144 dzi\u0119ki czemu wygl\u0105daj\u0105 jak kamie\u0144 naturalny. &nbsp; &nbsp; &hellip;\" \/>\n<meta property=\"og:url\" content=\"https:\/\/kominki-elektryczne.pl\/blog\/2019\/07\/25\/nowosc-w-ofercie-kominkow\/\" \/>\n<meta property=\"og:site_name\" content=\"Kominki-Elektryczne.pl\" \/>\n<meta property=\"article:publisher\" content=\"https:\/\/www.facebook.com\/elektrycznekominki\" \/>\n<meta property=\"article:published_time\" content=\"2019-07-25T13:10:45+00:00\" \/>\n<meta property=\"article:modified_time\" content=\"2024-10-08T10:14:48+00:00\" \/>\n<meta property=\"og:image\" content=\"https:\/\/kominki-elektryczne.pl\/blog\/wp-content\/uploads\/2019\/07\/Cabo_front_A1.jpg\" \/>\n\t<meta property=\"og:image:width\" content=\"1791\" \/>\n\t<meta property=\"og:image:height\" content=\"2048\" \/>\n\t<meta property=\"og:image:type\" content=\"image\/jpeg\" \/>\n<meta name=\"author\" content=\"Kominkowy\" \/>\n<meta name=\"twitter:card\" content=\"summary_large_image\" \/>\n<meta name=\"twitter:label1\" content=\"Napisane przez\" \/>\n\t<meta name=\"twitter:data1\" content=\"Kominkowy\" \/>\n\t<meta name=\"twitter:label2\" content=\"Szacowany czas czytania\" \/>\n\t<meta name=\"twitter:data2\" content=\"1 minuta\" \/>\n<script type=\"application\/ld+json\" class=\"yoast-schema-graph\">{\"@context\":\"https:\/\/schema.org\",\"@graph\":[{\"@type\":\"Article\",\"@id\":\"https:\/\/kominki-elektryczne.pl\/blog\/2019\/07\/25\/nowosc-w-ofercie-kominkow\/#article\",\"isPartOf\":{\"@id\":\"https:\/\/kominki-elektryczne.pl\/blog\/2019\/07\/25\/nowosc-w-ofercie-kominkow\/\"},\"author\":{\"name\":\"Kominkowy\",\"@id\":\"https:\/\/kominki-elektryczne.pl\/blog\/#\/schema\/person\/045e7544e3e90364f5f82cc509123089\"},\"headline\":\"Nowo\u015b\u0107 w ofercie komink\u00f3w!!!!\",\"datePublished\":\"2019-07-25T13:10:45+00:00\",\"dateModified\":\"2024-10-08T10:14:48+00:00\",\"mainEntityOfPage\":{\"@id\":\"https:\/\/kominki-elektryczne.pl\/blog\/2019\/07\/25\/nowosc-w-ofercie-kominkow\/\"},\"wordCount\":124,\"publisher\":{\"@id\":\"https:\/\/kominki-elektryczne.pl\/blog\/#organization\"},\"image\":{\"@id\":\"https:\/\/kominki-elektryczne.pl\/blog\/2019\/07\/25\/nowosc-w-ofercie-kominkow\/#primaryimage\"},\"thumbnailUrl\":\"https:\/\/kominki-elektryczne.pl\/blog\/wp-content\/uploads\/2019\/07\/Cabo_front_A1.jpg\",\"inLanguage\":\"pl-PL\"},{\"@type\":\"WebPage\",\"@id\":\"https:\/\/kominki-elektryczne.pl\/blog\/2019\/07\/25\/nowosc-w-ofercie-kominkow\/\",\"url\":\"https:\/\/kominki-elektryczne.pl\/blog\/2019\/07\/25\/nowosc-w-ofercie-kominkow\/\",\"name\":\"Nowo\u015b\u0107 w ofercie komink\u00f3w!!!! - Kominki-Elektryczne.pl\",\"isPartOf\":{\"@id\":\"https:\/\/kominki-elektryczne.pl\/blog\/#website\"},\"primaryImageOfPage\":{\"@id\":\"https:\/\/kominki-elektryczne.pl\/blog\/2019\/07\/25\/nowosc-w-ofercie-kominkow\/#primaryimage\"},\"image\":{\"@id\":\"https:\/\/kominki-elektryczne.pl\/blog\/2019\/07\/25\/nowosc-w-ofercie-kominkow\/#primaryimage\"},\"thumbnailUrl\":\"https:\/\/kominki-elektryczne.pl\/blog\/wp-content\/uploads\/2019\/07\/Cabo_front_A1.jpg\",\"datePublished\":\"2019-07-25T13:10:45+00:00\",\"dateModified\":\"2024-10-08T10:14:48+00:00\",\"breadcrumb\":{\"@id\":\"https:\/\/kominki-elektryczne.pl\/blog\/2019\/07\/25\/nowosc-w-ofercie-kominkow\/#breadcrumb\"},\"inLanguage\":\"pl-PL\",\"potentialAction\":[{\"@type\":\"ReadAction\",\"target\":[\"https:\/\/kominki-elektryczne.pl\/blog\/2019\/07\/25\/nowosc-w-ofercie-kominkow\/\"]}]},{\"@type\":\"ImageObject\",\"inLanguage\":\"pl-PL\",\"@id\":\"https:\/\/kominki-elektryczne.pl\/blog\/2019\/07\/25\/nowosc-w-ofercie-kominkow\/#primaryimage\",\"url\":\"https:\/\/kominki-elektryczne.pl\/blog\/wp-content\/uploads\/2019\/07\/Cabo_front_A1.jpg\",\"contentUrl\":\"https:\/\/kominki-elektryczne.pl\/blog\/wp-content\/uploads\/2019\/07\/Cabo_front_A1.jpg\",\"width\":1791,\"height\":2048},{\"@type\":\"BreadcrumbList\",\"@id\":\"https:\/\/kominki-elektryczne.pl\/blog\/2019\/07\/25\/nowosc-w-ofercie-kominkow\/#breadcrumb\",\"itemListElement\":[{\"@type\":\"ListItem\",\"position\":1,\"name\":\"Strona g\u0142\u00f3wna\",\"item\":\"https:\/\/kominki-elektryczne.pl\/blog\/\"},{\"@type\":\"ListItem\",\"position\":2,\"name\":\"Nowo\u015b\u0107 w ofercie komink\u00f3w!!!!\"}]},{\"@type\":\"WebSite\",\"@id\":\"https:\/\/kominki-elektryczne.pl\/blog\/#website\",\"url\":\"https:\/\/kominki-elektryczne.pl\/blog\/\",\"name\":\"Kominki-Elektryczne.pl\",\"description\":\"Opisy - Porady - Recenzje\",\"publisher\":{\"@id\":\"https:\/\/kominki-elektryczne.pl\/blog\/#organization\"},\"potentialAction\":[{\"@type\":\"SearchAction\",\"target\":{\"@type\":\"EntryPoint\",\"urlTemplate\":\"https:\/\/kominki-elektryczne.pl\/blog\/?s={search_term_string}\"},\"query-input\":{\"@type\":\"PropertyValueSpecification\",\"valueRequired\":true,\"valueName\":\"search_term_string\"}}],\"inLanguage\":\"pl-PL\"},{\"@type\":\"Organization\",\"@id\":\"https:\/\/kominki-elektryczne.pl\/blog\/#organization\",\"name\":\"Kominki-Elektryczne.pl\",\"url\":\"https:\/\/kominki-elektryczne.pl\/blog\/\",\"logo\":{\"@type\":\"ImageObject\",\"inLanguage\":\"pl-PL\",\"@id\":\"https:\/\/kominki-elektryczne.pl\/blog\/#\/schema\/logo\/image\/\",\"url\":\"https:\/\/kominki-elektryczne.pl\/blog\/wp-content\/uploads\/2025\/04\/cropped-LogoAflamo.jpg\",\"contentUrl\":\"https:\/\/kominki-elektryczne.pl\/blog\/wp-content\/uploads\/2025\/04\/cropped-LogoAflamo.jpg\",\"width\":200,\"height\":58,\"caption\":\"Kominki-Elektryczne.pl\"},\"image\":{\"@id\":\"https:\/\/kominki-elektryczne.pl\/blog\/#\/schema\/logo\/image\/\"},\"sameAs\":[\"https:\/\/www.facebook.com\/elektrycznekominki\"]},{\"@type\":\"Person\",\"@id\":\"https:\/\/kominki-elektryczne.pl\/blog\/#\/schema\/person\/045e7544e3e90364f5f82cc509123089\",\"name\":\"Kominkowy\",\"image\":{\"@type\":\"ImageObject\",\"inLanguage\":\"pl-PL\",\"@id\":\"https:\/\/kominki-elektryczne.pl\/blog\/#\/schema\/person\/image\/\",\"url\":\"https:\/\/secure.gravatar.com\/avatar\/8c15720599195e8ba4119df2db28ce7e?s=96&d=mm&r=g\",\"contentUrl\":\"https:\/\/secure.gravatar.com\/avatar\/8c15720599195e8ba4119df2db28ce7e?s=96&d=mm&r=g\",\"caption\":\"Kominkowy\"},\"sameAs\":[\"http:\/\/www.kominki-elektryczne.pl\"],\"url\":\"https:\/\/kominki-elektryczne.pl\/blog\/author\/led-handel\/\"}]}<\/script>\n<!-- \/ Yoast SEO plugin. -->","yoast_head_json":{"title":"Nowo\u015b\u0107 w ofercie komink\u00f3w!!!! - Kominki-Elektryczne.pl","robots":{"index":"index","follow":"follow","max-snippet":"max-snippet:-1","max-image-preview":"max-image-preview:large","max-video-preview":"max-video-preview:-1"},"canonical":"https:\/\/kominki-elektryczne.pl\/blog\/2019\/07\/25\/nowosc-w-ofercie-kominkow\/","og_locale":"pl_PL","og_type":"article","og_title":"Nowo\u015b\u0107 w ofercie komink\u00f3w!!!! - Kominki-Elektryczne.pl","og_description":"Dzie\u0144 dobry Mamy nowo\u015b\u0107 w ofercie!!! Kominki elektryczne Led kamienne Cabo i Etna. S\u0105 \u00a0to kominki o ma\u0142ych rozmiarach, kt\u00f3re zmieszcz\u0105 si\u0119 do ka\u017cdego ma\u0142ego pomieszczenia. Wykonane s\u0105 one ze specjalnego odlewu gipsowego, kt\u00f3ry przypomina \u017cywy kamie\u0144 dzi\u0119ki czemu wygl\u0105daj\u0105 jak kamie\u0144 naturalny. &nbsp; &nbsp; &hellip;","og_url":"https:\/\/kominki-elektryczne.pl\/blog\/2019\/07\/25\/nowosc-w-ofercie-kominkow\/","og_site_name":"Kominki-Elektryczne.pl","article_publisher":"https:\/\/www.facebook.com\/elektrycznekominki","article_published_time":"2019-07-25T13:10:45+00:00","article_modified_time":"2024-10-08T10:14:48+00:00","og_image":[{"width":1791,"height":2048,"url":"https:\/\/kominki-elektryczne.pl\/blog\/wp-content\/uploads\/2019\/07\/Cabo_front_A1.jpg","type":"image\/jpeg"}],"author":"Kominkowy","twitter_card":"summary_large_image","twitter_misc":{"Napisane przez":"Kominkowy","Szacowany czas czytania":"1 minuta"},"schema":{"@context":"https:\/\/schema.org","@graph":[{"@type":"Article","@id":"https:\/\/kominki-elektryczne.pl\/blog\/2019\/07\/25\/nowosc-w-ofercie-kominkow\/#article","isPartOf":{"@id":"https:\/\/kominki-elektryczne.pl\/blog\/2019\/07\/25\/nowosc-w-ofercie-kominkow\/"},"author":{"name":"Kominkowy","@id":"https:\/\/kominki-elektryczne.pl\/blog\/#\/schema\/person\/045e7544e3e90364f5f82cc509123089"},"headline":"Nowo\u015b\u0107 w ofercie komink\u00f3w!!!!","datePublished":"2019-07-25T13:10:45+00:00","dateModified":"2024-10-08T10:14:48+00:00","mainEntityOfPage":{"@id":"https:\/\/kominki-elektryczne.pl\/blog\/2019\/07\/25\/nowosc-w-ofercie-kominkow\/"},"wordCount":124,"publisher":{"@id":"https:\/\/kominki-elektryczne.pl\/blog\/#organization"},"image":{"@id":"https:\/\/kominki-elektryczne.pl\/blog\/2019\/07\/25\/nowosc-w-ofercie-kominkow\/#primaryimage"},"thumbnailUrl":"https:\/\/kominki-elektryczne.pl\/blog\/wp-content\/uploads\/2019\/07\/Cabo_front_A1.jpg","inLanguage":"pl-PL"},{"@type":"WebPage","@id":"https:\/\/kominki-elektryczne.pl\/blog\/2019\/07\/25\/nowosc-w-ofercie-kominkow\/","url":"https:\/\/kominki-elektryczne.pl\/blog\/2019\/07\/25\/nowosc-w-ofercie-kominkow\/","name":"Nowo\u015b\u0107 w ofercie komink\u00f3w!!!! - Kominki-Elektryczne.pl","isPartOf":{"@id":"https:\/\/kominki-elektryczne.pl\/blog\/#website"},"primaryImageOfPage":{"@id":"https:\/\/kominki-elektryczne.pl\/blog\/2019\/07\/25\/nowosc-w-ofercie-kominkow\/#primaryimage"},"image":{"@id":"https:\/\/kominki-elektryczne.pl\/blog\/2019\/07\/25\/nowosc-w-ofercie-kominkow\/#primaryimage"},"thumbnailUrl":"https:\/\/kominki-elektryczne.pl\/blog\/wp-content\/uploads\/2019\/07\/Cabo_front_A1.jpg","datePublished":"2019-07-25T13:10:45+00:00","dateModified":"2024-10-08T10:14:48+00:00","breadcrumb":{"@id":"https:\/\/kominki-elektryczne.pl\/blog\/2019\/07\/25\/nowosc-w-ofercie-kominkow\/#breadcrumb"},"inLanguage":"pl-PL","potentialAction":[{"@type":"ReadAction","target":["https:\/\/kominki-elektryczne.pl\/blog\/2019\/07\/25\/nowosc-w-ofercie-kominkow\/"]}]},{"@type":"ImageObject","inLanguage":"pl-PL","@id":"https:\/\/kominki-elektryczne.pl\/blog\/2019\/07\/25\/nowosc-w-ofercie-kominkow\/#primaryimage","url":"https:\/\/kominki-elektryczne.pl\/blog\/wp-content\/uploads\/2019\/07\/Cabo_front_A1.jpg","contentUrl":"https:\/\/kominki-elektryczne.pl\/blog\/wp-content\/uploads\/2019\/07\/Cabo_front_A1.jpg","width":1791,"height":2048},{"@type":"BreadcrumbList","@id":"https:\/\/kominki-elektryczne.pl\/blog\/2019\/07\/25\/nowosc-w-ofercie-kominkow\/#breadcrumb","itemListElement":[{"@type":"ListItem","position":1,"name":"Strona g\u0142\u00f3wna","item":"https:\/\/kominki-elektryczne.pl\/blog\/"},{"@type":"ListItem","position":2,"name":"Nowo\u015b\u0107 w ofercie komink\u00f3w!!!!"}]},{"@type":"WebSite","@id":"https:\/\/kominki-elektryczne.pl\/blog\/#website","url":"https:\/\/kominki-elektryczne.pl\/blog\/","name":"Kominki-Elektryczne.pl","description":"Opisy - Porady - Recenzje","publisher":{"@id":"https:\/\/kominki-elektryczne.pl\/blog\/#organization"},"potentialAction":[{"@type":"SearchAction","target":{"@type":"EntryPoint","urlTemplate":"https:\/\/kominki-elektryczne.pl\/blog\/?s={search_term_string}"},"query-input":{"@type":"PropertyValueSpecification","valueRequired":true,"valueName":"search_term_string"}}],"inLanguage":"pl-PL"},{"@type":"Organization","@id":"https:\/\/kominki-elektryczne.pl\/blog\/#organization","name":"Kominki-Elektryczne.pl","url":"https:\/\/kominki-elektryczne.pl\/blog\/","logo":{"@type":"ImageObject","inLanguage":"pl-PL","@id":"https:\/\/kominki-elektryczne.pl\/blog\/#\/schema\/logo\/image\/","url":"https:\/\/kominki-elektryczne.pl\/blog\/wp-content\/uploads\/2025\/04\/cropped-LogoAflamo.jpg","contentUrl":"https:\/\/kominki-elektryczne.pl\/blog\/wp-content\/uploads\/2025\/04\/cropped-LogoAflamo.jpg","width":200,"height":58,"caption":"Kominki-Elektryczne.pl"},"image":{"@id":"https:\/\/kominki-elektryczne.pl\/blog\/#\/schema\/logo\/image\/"},"sameAs":["https:\/\/www.facebook.com\/elektrycznekominki"]},{"@type":"Person","@id":"https:\/\/kominki-elektryczne.pl\/blog\/#\/schema\/person\/045e7544e3e90364f5f82cc509123089","name":"Kominkowy","image":{"@type":"ImageObject","inLanguage":"pl-PL","@id":"https:\/\/kominki-elektryczne.pl\/blog\/#\/schema\/person\/image\/","url":"https:\/\/secure.gravatar.com\/avatar\/8c15720599195e8ba4119df2db28ce7e?s=96&d=mm&r=g","contentUrl":"https:\/\/secure.gravatar.com\/avatar\/8c15720599195e8ba4119df2db28ce7e?s=96&d=mm&r=g","caption":"Kominkowy"},"sameAs":["http:\/\/www.kominki-elektryczne.pl"],"url":"https:\/\/kominki-elektryczne.pl\/blog\/author\/led-handel\/"}]}},"_links":{"self":[{"href":"https:\/\/kominki-elektryczne.pl\/blog\/wp-json\/wp\/v2\/posts\/138","targetHints":{"allow":["GET"]}}],"collection":[{"href":"https:\/\/kominki-elektryczne.pl\/blog\/wp-json\/wp\/v2\/posts"}],"about":[{"href":"https:\/\/kominki-elektryczne.pl\/blog\/wp-json\/wp\/v2\/types\/post"}],"author":[{"embeddable":true,"href":"https:\/\/kominki-elektryczne.pl\/blog\/wp-json\/wp\/v2\/users\/1"}],"replies":[{"embeddable":true,"href":"https:\/\/kominki-elektryczne.pl\/blog\/wp-json\/wp\/v2\/comments?post=138"}],"version-history":[{"count":11,"href":"https:\/\/kominki-elektryczne.pl\/blog\/wp-json\/wp\/v2\/posts\/138\/revisions"}],"predecessor-version":[{"id":151,"href":"https:\/\/kominki-elektryczne.pl\/blog\/wp-json\/wp\/v2\/posts\/138\/revisions\/151"}],"wp:attachment":[{"href":"https:\/\/kominki-elektryczne.pl\/blog\/wp-json\/wp\/v2\/media?parent=138"}],"wp:term":[{"taxonomy":"category","embeddable":true,"href":"https:\/\/kominki-elektryczne.pl\/blog\/wp-json\/wp\/v2\/categories?post=138"},{"taxonomy":"post_tag","embeddable":true,"href":"https:\/\/kominki-elektryczne.pl\/blog\/wp-json\/wp\/v2\/tags?post=138"}],"curies":[{"name":"wp","href":"https:\/\/api.w.org\/{rel}","templated":true}]}}