{"id":1387,"date":"2026-01-29T14:18:40","date_gmt":"2026-01-29T13:18:40","guid":{"rendered":"https:\/\/kominki-elektryczne.pl\/blog\/?p=1387"},"modified":"2026-02-12T15:04:58","modified_gmt":"2026-02-12T14:04:58","slug":"guerra-heladas-nieve-y-cortes-de-luz-como-protegerse","status":"publish","type":"post","link":"https:\/\/kominki-elektryczne.pl\/blog\/es\/2026\/01\/29\/guerra-heladas-nieve-y-cortes-de-luz-como-protegerse\/","title":{"rendered":"Guerra, heladas, nieve y cortes de electricidad: \u00bfC\u00f3mo protegerse?"},"content":{"rendered":"\n<p>Europa se enfrenta a un invierno excepcionalmente duro en 2026. Temperaturas r\u00e9cord por debajo de -20 \u00b0C, fuertes nevadas y condiciones de hielo paralizan las carreteras y la red el\u00e9ctrica. Polonia, Alemania y Ucrania no han vivido condiciones similares en mucho tiempo; los meteor\u00f3logos advierten de apagones. Adem\u00e1s, la guerra en Ucrania est\u00e1 desestabilizando el suministro de gas y electricidad, afectando indirectamente a Polonia a trav\u00e9s de interrupciones en el comercio energ\u00e9tico. Los cortes de electricidad se est\u00e1n volviendo comunes: \u00bfc\u00f3mo pueden un generador y una <a href=\"https:\/\/www.kominki-elektryczne.pl\/es\/16-chimeneas-led-electricas-de-pared\">chimenea el\u00e9ctrica con funci\u00f3n de calefacci\u00f3n<\/a> salvar la situaci\u00f3n?<\/p>\n\n\n\n<figure class=\"wp-block-image size-large\"><img decoding=\"async\" src=\"https:\/\/kominki-elektryczne.com.pl\/wp-content\/uploads\/2026\/01\/29-sty-2026-12_16_43-1024x683.png\" alt=\"Generador y chimenea\" class=\"wp-image-2184\"\/><\/figure>\n\n\n\n<h2 class=\"wp-block-heading\">Clima severo en Europa: Heladas y nieve como nunca antes<\/h2>\n\n\n\n<p>Enero de 2026 trajo heladas \u00e1rticas a Europa, como no se hab\u00edan visto en d\u00e9cadas. En Polonia, las temperaturas cayeron a -20 \u00b0C y las nevadas superaron los 50 cm en Ma\u0142opolska y Podkarpacie. El hielo est\u00e1 bloqueando las l\u00edneas de alta tensi\u00f3n, provocando cortes de electricidad. En Alemania y Francia, los apagones duran horas, y en Escandinavia se est\u00e1n batiendo r\u00e9cords de fr\u00edo. El Instituto de Meteorolog\u00eda y Gesti\u00f3n del Agua (IMGW) confirma: esto se debe al cambio clim\u00e1tico y a la corriente en chorro. Sin electricidad, la calefacci\u00f3n, los refrigeradores y la iluminaci\u00f3n no funcionar\u00e1n; corremos el riesgo de sufrir hipotermia.<\/p>\n\n\n\n<h2 class=\"wp-block-heading\">Generador y unidad de energ\u00eda: Una soluci\u00f3n fiable para los apagones<\/h2>\n\n\n\n<p>La mejor soluci\u00f3n para los apagones es un generador de energ\u00eda, una unidad fiable. Los modelos con inversor (por ejemplo, de 2,5\/5\/10 kW) alimentar\u00e1n su hogar, bomba de calor o refrigerador. Silenciosos, econ\u00f3micos y con arranque electr\u00f3nico, perfectos para el invierno.<\/p>\n\n\n\n<h2 class=\"wp-block-heading\">Chimenea el\u00e9ctrica con funci\u00f3n de calefacci\u00f3n: \u00bfCalor sin gas ni electricidad?<\/h2>\n\n\n\n<p>Para el fr\u00edo y los apagones, recomendamos una chimenea el\u00e9ctrica con funci\u00f3n de calefacci\u00f3n. Se conecta a una toma de corriente (o a un generador), proporciona un aut\u00e9ntico fuego tridimensional y calienta hasta 2 kW. Las chimeneas el\u00e9ctricas Aflamo ofrecen modelos de agua con distribuci\u00f3n del calor por toda la casa. Las chimeneas el\u00e9ctricas Emotionflame seducen con su efecto de llama LED y ventilaci\u00f3n t\u00e9rmica: sin humo, instalaci\u00f3n en 30 minutos. \u00a1Segura, ecol\u00f3gica y con estilo!<\/p>\n\n\n\n<p>Ante el invierno y la guerra, no espere a que se apague la luz. Invertir en un generador y una chimenea el\u00e9ctrica le brindar\u00e1 tranquilidad.<\/p>\n","protected":false},"excerpt":{"rendered":"<p>Europa se enfrenta a un invierno excepcionalmente duro en 2026. Temperaturas r\u00e9cord por debajo de -20 \u00b0C, fuertes nevadas y condiciones de hielo paralizan las carreteras y la red el\u00e9ctrica. Polonia, Alemania y Ucrania no han vivido condiciones similares en mucho tiempo; los meteor\u00f3logos advierten &hellip; <\/p>\n","protected":false},"author":1,"featured_media":1383,"comment_status":"closed","ping_status":"closed","sticky":false,"template":"","format":"standard","meta":{"footnotes":""},"categories":[29],"tags":[396,399,401,581,579,577,575,948],"class_list":["post-1387","post","type-post","status-publish","format-standard","has-post-thumbnail","hentry","category-bez-kategorii-es","tag-chimenea-cerrada","tag-chimenea-clasica","tag-chimenea-electrica","tag-chimeneas-electricas-aflamo","tag-chimeneas-electricas-con-sonido","tag-chimeneas-electricas-majestic-pro","tag-chimeneas-electricas-royal-pro","tag-generador"],"yoast_head":"<!-- This site is optimized with the Yoast SEO plugin v25.7 - https:\/\/yoast.com\/wordpress\/plugins\/seo\/ -->\n<title>Guerra, heladas, nieve y cortes de luz: \u00bfc\u00f3mo protegerse?<\/title>\n<meta name=\"description\" content=\"Los cortes de luz y las heladas son cada vez m\u00e1s comunes: \u00bfc\u00f3mo pueden un generador y una chimenea el\u00e9ctrica con funci\u00f3n de calefacci\u00f3n salvar la situaci\u00f3n?\" \/>\n<meta name=\"robots\" content=\"index, follow, max-snippet:-1, max-image-preview:large, max-video-preview:-1\" \/>\n<link rel=\"canonical\" href=\"https:\/\/kominki-elektryczne.pl\/blog\/es\/2026\/01\/29\/guerra-heladas-nieve-y-cortes-de-luz-como-protegerse\/\" \/>\n<meta property=\"og:locale\" content=\"pl_PL\" \/>\n<meta property=\"og:type\" content=\"article\" \/>\n<meta property=\"og:title\" content=\"Guerra, heladas, nieve y cortes de luz: \u00bfc\u00f3mo protegerse?\" \/>\n<meta property=\"og:description\" content=\"Los cortes de luz y las heladas son cada vez m\u00e1s comunes: \u00bfc\u00f3mo pueden un generador y una chimenea el\u00e9ctrica con funci\u00f3n de calefacci\u00f3n salvar la situaci\u00f3n?\" \/>\n<meta property=\"og:url\" content=\"https:\/\/kominki-elektryczne.pl\/blog\/es\/2026\/01\/29\/guerra-heladas-nieve-y-cortes-de-luz-como-protegerse\/\" \/>\n<meta property=\"og:site_name\" content=\"Kominki-Elektryczne.pl\" \/>\n<meta property=\"article:publisher\" content=\"https:\/\/www.facebook.com\/elektrycznekominki\" \/>\n<meta property=\"article:published_time\" content=\"2026-01-29T13:18:40+00:00\" \/>\n<meta property=\"article:modified_time\" content=\"2026-02-12T14:04:58+00:00\" \/>\n<meta property=\"og:image\" content=\"https:\/\/kominki-elektryczne.pl\/blog\/wp-content\/uploads\/2026\/01\/29-sty-2026-12_16_43-1024x683.png\" \/>\n\t<meta property=\"og:image:width\" content=\"1024\" \/>\n\t<meta property=\"og:image:height\" content=\"683\" \/>\n\t<meta property=\"og:image:type\" content=\"image\/png\" \/>\n<meta name=\"author\" content=\"Kominkowy\" \/>\n<meta name=\"twitter:card\" content=\"summary_large_image\" \/>\n<meta name=\"twitter:label1\" content=\"Napisane przez\" \/>\n\t<meta name=\"twitter:data1\" content=\"Kominkowy\" \/>\n\t<meta name=\"twitter:label2\" content=\"Szacowany czas czytania\" \/>\n\t<meta name=\"twitter:data2\" content=\"1 minuta\" \/>\n<script type=\"application\/ld+json\" class=\"yoast-schema-graph\">{\"@context\":\"https:\/\/schema.org\",\"@graph\":[{\"@type\":\"Article\",\"@id\":\"https:\/\/kominki-elektryczne.pl\/blog\/es\/2026\/01\/29\/guerra-heladas-nieve-y-cortes-de-luz-como-protegerse\/#article\",\"isPartOf\":{\"@id\":\"https:\/\/kominki-elektryczne.pl\/blog\/es\/2026\/01\/29\/guerra-heladas-nieve-y-cortes-de-luz-como-protegerse\/\"},\"author\":{\"name\":\"Kominkowy\",\"@id\":\"https:\/\/kominki-elektryczne.pl\/blog\/#\/schema\/person\/045e7544e3e90364f5f82cc509123089\"},\"headline\":\"Guerra, heladas, nieve y cortes de electricidad: \u00bfC\u00f3mo protegerse?\",\"datePublished\":\"2026-01-29T13:18:40+00:00\",\"dateModified\":\"2026-02-12T14:04:58+00:00\",\"mainEntityOfPage\":{\"@id\":\"https:\/\/kominki-elektryczne.pl\/blog\/es\/2026\/01\/29\/guerra-heladas-nieve-y-cortes-de-luz-como-protegerse\/\"},\"wordCount\":425,\"publisher\":{\"@id\":\"https:\/\/kominki-elektryczne.pl\/blog\/#organization\"},\"image\":{\"@id\":\"https:\/\/kominki-elektryczne.pl\/blog\/es\/2026\/01\/29\/guerra-heladas-nieve-y-cortes-de-luz-como-protegerse\/#primaryimage\"},\"thumbnailUrl\":\"https:\/\/kominki-elektryczne.pl\/blog\/wp-content\/uploads\/2026\/01\/29-sty-2026-12_16_43.png\",\"keywords\":[\"chimenea cerrada\",\"chimenea cl\u00e1sica\",\"chimenea electrica\",\"Chimeneas el\u00e9ctricas aflamo\",\"chimeneas el\u00e9ctricas con sonido\",\"chimeneas el\u00e9ctricas Majestic Pro\",\"chimeneas el\u00e9ctricas Royal Pro\",\"Generador\"],\"inLanguage\":\"pl-PL\"},{\"@type\":\"WebPage\",\"@id\":\"https:\/\/kominki-elektryczne.pl\/blog\/es\/2026\/01\/29\/guerra-heladas-nieve-y-cortes-de-luz-como-protegerse\/\",\"url\":\"https:\/\/kominki-elektryczne.pl\/blog\/es\/2026\/01\/29\/guerra-heladas-nieve-y-cortes-de-luz-como-protegerse\/\",\"name\":\"Guerra, heladas, nieve y cortes de luz: \u00bfc\u00f3mo protegerse?\",\"isPartOf\":{\"@id\":\"https:\/\/kominki-elektryczne.pl\/blog\/#website\"},\"primaryImageOfPage\":{\"@id\":\"https:\/\/kominki-elektryczne.pl\/blog\/es\/2026\/01\/29\/guerra-heladas-nieve-y-cortes-de-luz-como-protegerse\/#primaryimage\"},\"image\":{\"@id\":\"https:\/\/kominki-elektryczne.pl\/blog\/es\/2026\/01\/29\/guerra-heladas-nieve-y-cortes-de-luz-como-protegerse\/#primaryimage\"},\"thumbnailUrl\":\"https:\/\/kominki-elektryczne.pl\/blog\/wp-content\/uploads\/2026\/01\/29-sty-2026-12_16_43.png\",\"datePublished\":\"2026-01-29T13:18:40+00:00\",\"dateModified\":\"2026-02-12T14:04:58+00:00\",\"description\":\"Los cortes de luz y las heladas son cada vez m\u00e1s comunes: \u00bfc\u00f3mo pueden un generador y una chimenea el\u00e9ctrica con funci\u00f3n de calefacci\u00f3n salvar la situaci\u00f3n?\",\"breadcrumb\":{\"@id\":\"https:\/\/kominki-elektryczne.pl\/blog\/es\/2026\/01\/29\/guerra-heladas-nieve-y-cortes-de-luz-como-protegerse\/#breadcrumb\"},\"inLanguage\":\"pl-PL\",\"potentialAction\":[{\"@type\":\"ReadAction\",\"target\":[\"https:\/\/kominki-elektryczne.pl\/blog\/es\/2026\/01\/29\/guerra-heladas-nieve-y-cortes-de-luz-como-protegerse\/\"]}]},{\"@type\":\"ImageObject\",\"inLanguage\":\"pl-PL\",\"@id\":\"https:\/\/kominki-elektryczne.pl\/blog\/es\/2026\/01\/29\/guerra-heladas-nieve-y-cortes-de-luz-como-protegerse\/#primaryimage\",\"url\":\"https:\/\/kominki-elektryczne.pl\/blog\/wp-content\/uploads\/2026\/01\/29-sty-2026-12_16_43.png\",\"contentUrl\":\"https:\/\/kominki-elektryczne.pl\/blog\/wp-content\/uploads\/2026\/01\/29-sty-2026-12_16_43.png\",\"width\":1536,\"height\":1024},{\"@type\":\"BreadcrumbList\",\"@id\":\"https:\/\/kominki-elektryczne.pl\/blog\/es\/2026\/01\/29\/guerra-heladas-nieve-y-cortes-de-luz-como-protegerse\/#breadcrumb\",\"itemListElement\":[{\"@type\":\"ListItem\",\"position\":1,\"name\":\"Strona g\u0142\u00f3wna\",\"item\":\"https:\/\/kominki-elektryczne.pl\/blog\/\"},{\"@type\":\"ListItem\",\"position\":2,\"name\":\"Guerra, heladas, nieve y cortes de electricidad: \u00bfC\u00f3mo protegerse?\"}]},{\"@type\":\"WebSite\",\"@id\":\"https:\/\/kominki-elektryczne.pl\/blog\/#website\",\"url\":\"https:\/\/kominki-elektryczne.pl\/blog\/\",\"name\":\"Kominki-Elektryczne.pl\",\"description\":\"Opisy - Porady - Recenzje\",\"publisher\":{\"@id\":\"https:\/\/kominki-elektryczne.pl\/blog\/#organization\"},\"potentialAction\":[{\"@type\":\"SearchAction\",\"target\":{\"@type\":\"EntryPoint\",\"urlTemplate\":\"https:\/\/kominki-elektryczne.pl\/blog\/?s={search_term_string}\"},\"query-input\":{\"@type\":\"PropertyValueSpecification\",\"valueRequired\":true,\"valueName\":\"search_term_string\"}}],\"inLanguage\":\"pl-PL\"},{\"@type\":\"Organization\",\"@id\":\"https:\/\/kominki-elektryczne.pl\/blog\/#organization\",\"name\":\"Kominki-Elektryczne.pl\",\"url\":\"https:\/\/kominki-elektryczne.pl\/blog\/\",\"logo\":{\"@type\":\"ImageObject\",\"inLanguage\":\"pl-PL\",\"@id\":\"https:\/\/kominki-elektryczne.pl\/blog\/#\/schema\/logo\/image\/\",\"url\":\"https:\/\/kominki-elektryczne.pl\/blog\/wp-content\/uploads\/2025\/04\/cropped-LogoAflamo.jpg\",\"contentUrl\":\"https:\/\/kominki-elektryczne.pl\/blog\/wp-content\/uploads\/2025\/04\/cropped-LogoAflamo.jpg\",\"width\":200,\"height\":58,\"caption\":\"Kominki-Elektryczne.pl\"},\"image\":{\"@id\":\"https:\/\/kominki-elektryczne.pl\/blog\/#\/schema\/logo\/image\/\"},\"sameAs\":[\"https:\/\/www.facebook.com\/elektrycznekominki\"]},{\"@type\":\"Person\",\"@id\":\"https:\/\/kominki-elektryczne.pl\/blog\/#\/schema\/person\/045e7544e3e90364f5f82cc509123089\",\"name\":\"Kominkowy\",\"image\":{\"@type\":\"ImageObject\",\"inLanguage\":\"pl-PL\",\"@id\":\"https:\/\/kominki-elektryczne.pl\/blog\/#\/schema\/person\/image\/\",\"url\":\"https:\/\/secure.gravatar.com\/avatar\/8c15720599195e8ba4119df2db28ce7e?s=96&d=mm&r=g\",\"contentUrl\":\"https:\/\/secure.gravatar.com\/avatar\/8c15720599195e8ba4119df2db28ce7e?s=96&d=mm&r=g\",\"caption\":\"Kominkowy\"},\"sameAs\":[\"http:\/\/www.kominki-elektryczne.pl\"],\"url\":\"https:\/\/kominki-elektryczne.pl\/blog\/author\/led-handel\/\"}]}<\/script>\n<!-- \/ Yoast SEO plugin. -->","yoast_head_json":{"title":"Guerra, heladas, nieve y cortes de luz: \u00bfc\u00f3mo protegerse?","description":"Los cortes de luz y las heladas son cada vez m\u00e1s comunes: \u00bfc\u00f3mo pueden un generador y una chimenea el\u00e9ctrica con funci\u00f3n de calefacci\u00f3n salvar la situaci\u00f3n?","robots":{"index":"index","follow":"follow","max-snippet":"max-snippet:-1","max-image-preview":"max-image-preview:large","max-video-preview":"max-video-preview:-1"},"canonical":"https:\/\/kominki-elektryczne.pl\/blog\/es\/2026\/01\/29\/guerra-heladas-nieve-y-cortes-de-luz-como-protegerse\/","og_locale":"pl_PL","og_type":"article","og_title":"Guerra, heladas, nieve y cortes de luz: \u00bfc\u00f3mo protegerse?","og_description":"Los cortes de luz y las heladas son cada vez m\u00e1s comunes: \u00bfc\u00f3mo pueden un generador y una chimenea el\u00e9ctrica con funci\u00f3n de calefacci\u00f3n salvar la situaci\u00f3n?","og_url":"https:\/\/kominki-elektryczne.pl\/blog\/es\/2026\/01\/29\/guerra-heladas-nieve-y-cortes-de-luz-como-protegerse\/","og_site_name":"Kominki-Elektryczne.pl","article_publisher":"https:\/\/www.facebook.com\/elektrycznekominki","article_published_time":"2026-01-29T13:18:40+00:00","article_modified_time":"2026-02-12T14:04:58+00:00","og_image":[{"width":1024,"height":683,"url":"https:\/\/kominki-elektryczne.pl\/blog\/wp-content\/uploads\/2026\/01\/29-sty-2026-12_16_43-1024x683.png","type":"image\/png"}],"author":"Kominkowy","twitter_card":"summary_large_image","twitter_misc":{"Napisane przez":"Kominkowy","Szacowany czas czytania":"1 minuta"},"schema":{"@context":"https:\/\/schema.org","@graph":[{"@type":"Article","@id":"https:\/\/kominki-elektryczne.pl\/blog\/es\/2026\/01\/29\/guerra-heladas-nieve-y-cortes-de-luz-como-protegerse\/#article","isPartOf":{"@id":"https:\/\/kominki-elektryczne.pl\/blog\/es\/2026\/01\/29\/guerra-heladas-nieve-y-cortes-de-luz-como-protegerse\/"},"author":{"name":"Kominkowy","@id":"https:\/\/kominki-elektryczne.pl\/blog\/#\/schema\/person\/045e7544e3e90364f5f82cc509123089"},"headline":"Guerra, heladas, nieve y cortes de electricidad: \u00bfC\u00f3mo protegerse?","datePublished":"2026-01-29T13:18:40+00:00","dateModified":"2026-02-12T14:04:58+00:00","mainEntityOfPage":{"@id":"https:\/\/kominki-elektryczne.pl\/blog\/es\/2026\/01\/29\/guerra-heladas-nieve-y-cortes-de-luz-como-protegerse\/"},"wordCount":425,"publisher":{"@id":"https:\/\/kominki-elektryczne.pl\/blog\/#organization"},"image":{"@id":"https:\/\/kominki-elektryczne.pl\/blog\/es\/2026\/01\/29\/guerra-heladas-nieve-y-cortes-de-luz-como-protegerse\/#primaryimage"},"thumbnailUrl":"https:\/\/kominki-elektryczne.pl\/blog\/wp-content\/uploads\/2026\/01\/29-sty-2026-12_16_43.png","keywords":["chimenea cerrada","chimenea cl\u00e1sica","chimenea electrica","Chimeneas el\u00e9ctricas aflamo","chimeneas el\u00e9ctricas con sonido","chimeneas el\u00e9ctricas Majestic Pro","chimeneas el\u00e9ctricas Royal Pro","Generador"],"inLanguage":"pl-PL"},{"@type":"WebPage","@id":"https:\/\/kominki-elektryczne.pl\/blog\/es\/2026\/01\/29\/guerra-heladas-nieve-y-cortes-de-luz-como-protegerse\/","url":"https:\/\/kominki-elektryczne.pl\/blog\/es\/2026\/01\/29\/guerra-heladas-nieve-y-cortes-de-luz-como-protegerse\/","name":"Guerra, heladas, nieve y cortes de luz: \u00bfc\u00f3mo protegerse?","isPartOf":{"@id":"https:\/\/kominki-elektryczne.pl\/blog\/#website"},"primaryImageOfPage":{"@id":"https:\/\/kominki-elektryczne.pl\/blog\/es\/2026\/01\/29\/guerra-heladas-nieve-y-cortes-de-luz-como-protegerse\/#primaryimage"},"image":{"@id":"https:\/\/kominki-elektryczne.pl\/blog\/es\/2026\/01\/29\/guerra-heladas-nieve-y-cortes-de-luz-como-protegerse\/#primaryimage"},"thumbnailUrl":"https:\/\/kominki-elektryczne.pl\/blog\/wp-content\/uploads\/2026\/01\/29-sty-2026-12_16_43.png","datePublished":"2026-01-29T13:18:40+00:00","dateModified":"2026-02-12T14:04:58+00:00","description":"Los cortes de luz y las heladas son cada vez m\u00e1s comunes: \u00bfc\u00f3mo pueden un generador y una chimenea el\u00e9ctrica con funci\u00f3n de calefacci\u00f3n salvar la situaci\u00f3n?","breadcrumb":{"@id":"https:\/\/kominki-elektryczne.pl\/blog\/es\/2026\/01\/29\/guerra-heladas-nieve-y-cortes-de-luz-como-protegerse\/#breadcrumb"},"inLanguage":"pl-PL","potentialAction":[{"@type":"ReadAction","target":["https:\/\/kominki-elektryczne.pl\/blog\/es\/2026\/01\/29\/guerra-heladas-nieve-y-cortes-de-luz-como-protegerse\/"]}]},{"@type":"ImageObject","inLanguage":"pl-PL","@id":"https:\/\/kominki-elektryczne.pl\/blog\/es\/2026\/01\/29\/guerra-heladas-nieve-y-cortes-de-luz-como-protegerse\/#primaryimage","url":"https:\/\/kominki-elektryczne.pl\/blog\/wp-content\/uploads\/2026\/01\/29-sty-2026-12_16_43.png","contentUrl":"https:\/\/kominki-elektryczne.pl\/blog\/wp-content\/uploads\/2026\/01\/29-sty-2026-12_16_43.png","width":1536,"height":1024},{"@type":"BreadcrumbList","@id":"https:\/\/kominki-elektryczne.pl\/blog\/es\/2026\/01\/29\/guerra-heladas-nieve-y-cortes-de-luz-como-protegerse\/#breadcrumb","itemListElement":[{"@type":"ListItem","position":1,"name":"Strona g\u0142\u00f3wna","item":"https:\/\/kominki-elektryczne.pl\/blog\/"},{"@type":"ListItem","position":2,"name":"Guerra, heladas, nieve y cortes de electricidad: \u00bfC\u00f3mo protegerse?"}]},{"@type":"WebSite","@id":"https:\/\/kominki-elektryczne.pl\/blog\/#website","url":"https:\/\/kominki-elektryczne.pl\/blog\/","name":"Kominki-Elektryczne.pl","description":"Opisy - Porady - Recenzje","publisher":{"@id":"https:\/\/kominki-elektryczne.pl\/blog\/#organization"},"potentialAction":[{"@type":"SearchAction","target":{"@type":"EntryPoint","urlTemplate":"https:\/\/kominki-elektryczne.pl\/blog\/?s={search_term_string}"},"query-input":{"@type":"PropertyValueSpecification","valueRequired":true,"valueName":"search_term_string"}}],"inLanguage":"pl-PL"},{"@type":"Organization","@id":"https:\/\/kominki-elektryczne.pl\/blog\/#organization","name":"Kominki-Elektryczne.pl","url":"https:\/\/kominki-elektryczne.pl\/blog\/","logo":{"@type":"ImageObject","inLanguage":"pl-PL","@id":"https:\/\/kominki-elektryczne.pl\/blog\/#\/schema\/logo\/image\/","url":"https:\/\/kominki-elektryczne.pl\/blog\/wp-content\/uploads\/2025\/04\/cropped-LogoAflamo.jpg","contentUrl":"https:\/\/kominki-elektryczne.pl\/blog\/wp-content\/uploads\/2025\/04\/cropped-LogoAflamo.jpg","width":200,"height":58,"caption":"Kominki-Elektryczne.pl"},"image":{"@id":"https:\/\/kominki-elektryczne.pl\/blog\/#\/schema\/logo\/image\/"},"sameAs":["https:\/\/www.facebook.com\/elektrycznekominki"]},{"@type":"Person","@id":"https:\/\/kominki-elektryczne.pl\/blog\/#\/schema\/person\/045e7544e3e90364f5f82cc509123089","name":"Kominkowy","image":{"@type":"ImageObject","inLanguage":"pl-PL","@id":"https:\/\/kominki-elektryczne.pl\/blog\/#\/schema\/person\/image\/","url":"https:\/\/secure.gravatar.com\/avatar\/8c15720599195e8ba4119df2db28ce7e?s=96&d=mm&r=g","contentUrl":"https:\/\/secure.gravatar.com\/avatar\/8c15720599195e8ba4119df2db28ce7e?s=96&d=mm&r=g","caption":"Kominkowy"},"sameAs":["http:\/\/www.kominki-elektryczne.pl"],"url":"https:\/\/kominki-elektryczne.pl\/blog\/author\/led-handel\/"}]}},"_links":{"self":[{"href":"https:\/\/kominki-elektryczne.pl\/blog\/wp-json\/wp\/v2\/posts\/1387","targetHints":{"allow":["GET"]}}],"collection":[{"href":"https:\/\/kominki-elektryczne.pl\/blog\/wp-json\/wp\/v2\/posts"}],"about":[{"href":"https:\/\/kominki-elektryczne.pl\/blog\/wp-json\/wp\/v2\/types\/post"}],"author":[{"embeddable":true,"href":"https:\/\/kominki-elektryczne.pl\/blog\/wp-json\/wp\/v2\/users\/1"}],"replies":[{"embeddable":true,"href":"https:\/\/kominki-elektryczne.pl\/blog\/wp-json\/wp\/v2\/comments?post=1387"}],"version-history":[{"count":2,"href":"https:\/\/kominki-elektryczne.pl\/blog\/wp-json\/wp\/v2\/posts\/1387\/revisions"}],"predecessor-version":[{"id":1438,"href":"https:\/\/kominki-elektryczne.pl\/blog\/wp-json\/wp\/v2\/posts\/1387\/revisions\/1438"}],"wp:featuredmedia":[{"embeddable":true,"href":"https:\/\/kominki-elektryczne.pl\/blog\/wp-json\/wp\/v2\/media\/1383"}],"wp:attachment":[{"href":"https:\/\/kominki-elektryczne.pl\/blog\/wp-json\/wp\/v2\/media?parent=1387"}],"wp:term":[{"taxonomy":"category","embeddable":true,"href":"https:\/\/kominki-elektryczne.pl\/blog\/wp-json\/wp\/v2\/categories?post=1387"},{"taxonomy":"post_tag","embeddable":true,"href":"https:\/\/kominki-elektryczne.pl\/blog\/wp-json\/wp\/v2\/tags?post=1387"}],"curies":[{"name":"wp","href":"https:\/\/api.w.org\/{rel}","templated":true}]}}