{"id":1404,"date":"2026-02-12T12:20:27","date_gmt":"2026-02-12T11:20:27","guid":{"rendered":"https:\/\/kominki-elektryczne.pl\/blog\/?p=1404"},"modified":"2026-03-18T12:21:29","modified_gmt":"2026-03-18T11:21:29","slug":"czy-kominek-elektryczny-nadaje-sie-na-lato-idealny-przez-365-dni","status":"publish","type":"post","link":"https:\/\/kominki-elektryczne.pl\/blog\/2026\/02\/12\/czy-kominek-elektryczny-nadaje-sie-na-lato-idealny-przez-365-dni\/","title":{"rendered":"Czy kominek elektryczny nadaje si\u0119 na lato? Idealny przez 365 dni!"},"content":{"rendered":"\n<p><strong>Kominek elektryczny<\/strong>&nbsp;to wi\u0119cej ni\u017c zimowe ogrzewanie \u2013 to elegancka ozdoba wn\u0119trz na ka\u017cd\u0105 por\u0119 roku. Pytanie&nbsp;<em>czy kominek elektryczny nadaje si\u0119 na lato?<\/em>&nbsp;ma prost\u0105 odpowied\u017a: tak! Zar\u00f3wno&nbsp;<strong>kominek elektryczny z funkcj\u0105 grzania<\/strong>, jak i&nbsp;<strong>kominek elektryczny bez funkcji grzania<\/strong>&nbsp;sprawdza si\u0119 latem, oferuj\u0105c czyst\u0105 magi\u0119 wizualn\u0105 bez zb\u0119dnego ciep\u0142a.<\/p>\n\n\n\n<figure class=\"wp-block-image size-large\"><img decoding=\"async\" src=\"https:\/\/kominki-elektryczne.com.pl\/wp-content\/uploads\/2026\/02\/ChatGPT-Image-12-lut-2026-12_05_08-1024x683.png\" alt=\"kominek elektryczny do zabudowy\" class=\"wp-image-2209\"\/><\/figure>\n\n\n\n<h2 class=\"wp-block-heading\" id=\"magia-efektu-wizualnego--dekoracja-przez-cay-rok\">Magia efektu wizualnego \u2013 dekoracja przez ca\u0142y rok<\/h2>\n\n\n\n<p>Klucz do sukcesu&nbsp;<strong>kominka elektrycznego<\/strong>&nbsp;tkwi w hipnotyzuj\u0105cym&nbsp;<strong>efekcie wizualnym<\/strong>. Technologia LED z p\u0142omieniami 3D i paruj\u0105cymi \u017carami symuluje prawdziwy ogie\u0144, tworz\u0105c relaksuj\u0105c\u0105 aur\u0119 nawet w gor\u0105ce dni. Wy\u0142\u0105cz grzanie, a spektakl trwa \u2013 perfekt na letnie popo\u0142udnia z ksi\u0105\u017ck\u0105 czy grillem w tle.<\/p>\n\n\n\n<p><strong>Kominki elektryczne aflamo<\/strong>\u00a0i\u00a0<strong>kominki elektryczne emotionflame<\/strong>\u00a0b\u0142yszcz\u0105 jako\u015bci\u0105 wykonania. Obudowy z naturalnego drewna, kamienia czy szk\u0142a harmonizuj\u0105 z ka\u017cdym stylem: loftem, skandynawi\u0105 czy klasyk\u0105.\u00a0<strong><a href=\"https:\/\/www.kominki-elektryczne.pl\/pl\/\">Kominek elektryczny do zabudowy<\/a><\/strong>\u00a0to pere\u0142ka \u2013 dyskretnie wkomponowany w \u015bcian\u0119, dodaje presti\u017cu bez ba\u0142aganu.<\/p>\n\n\n\n<h2 class=\"wp-block-heading\"><strong>Kominek elektryczny z funkcj\u0105 grzania<\/strong>&nbsp;\u2013 2w1 na ka\u017cd\u0105 pogod\u0119<\/h2>\n\n\n\n<p><strong>Kominek elektryczny z funkcj\u0105 grzania<\/strong>&nbsp;daje maksimum elastyczno\u015bci. Zim\u0105 emituje ciep\u0142o (750-1800 W, czyste powietrze bez dymu), latem zmienia si\u0119 w dekoracj\u0119 jednym klikni\u0119ciem. Modele aflamo z pilotem i appk\u0105 pozwalaj\u0105 regulowa\u0107 p\u0142omienie pod nastr\u00f3j \u2013 od subtelnego migotu po pe\u0142en blask.<\/p>\n\n\n\n<h2 class=\"wp-block-heading\"><strong>Kominek elektryczny bez funkcji grzania<\/strong>&nbsp;\u2013 lekko\u015b\u0107 i styl<\/h2>\n\n\n\n<p>Dla fan\u00f3w czystej estetyki&nbsp;<strong>kominek elektryczny bez funkcji grzania<\/strong>&nbsp;jest bezkonkurencyjny. Zu\u017cywa minimalnie pr\u0105du (LED tylko), nie wp\u0142ywa na temperatur\u0119.&nbsp;<strong>Kominki elektryczne emotionflame<\/strong>&nbsp;kusz\u0105 efektami kolorystycznymi (pomara\u0144cz, granat, fiolet), monta\u017cem w minut\u0119 i brakiem komina \u2013 lato w pe\u0142ni!<\/p>\n\n\n\n<h2 class=\"wp-block-heading\" id=\"korzyci-kominka-elektrycznego-o-kadej-porze\">Korzy\u015bci kominka elektrycznego o ka\u017cdej porze<\/h2>\n\n\n\n<ul class=\"wp-block-list\">\n<li><strong>Design premium<\/strong>: Wyrafinowane materia\u0142y i wyko\u0144czenia na medal.<\/li>\n\n\n\n<li><strong>Zero ryzyka<\/strong>: Bez ognia, sadzy \u2013 bezpieczne dla dzieci i pupili.<\/li>\n\n\n\n<li><strong>Ekonomia<\/strong>: Niskie rachunki, prosta instalacja.<\/li>\n<\/ul>\n\n\n\n<p><strong>Kominek elektryczny<\/strong>&nbsp;to inwestycja na ca\u0142y rok: latem zachwyca wzrok, zim\u0105 ogrzewa serce. Wybierz&nbsp;<strong>kominki elektryczne aflamo<\/strong>&nbsp;lub&nbsp;<strong>emotionflame<\/strong>&nbsp;\u2013 ogie\u0144 w domu non-stop!<\/p>\n\n\n\n<p><\/p>\n","protected":false},"excerpt":{"rendered":"<p>Kominek elektryczny&nbsp;to wi\u0119cej ni\u017c zimowe ogrzewanie \u2013 to elegancka ozdoba wn\u0119trz na ka\u017cd\u0105 por\u0119 roku. Pytanie&nbsp;czy kominek elektryczny nadaje si\u0119 na lato?&nbsp;ma prost\u0105 odpowied\u017a: tak! Zar\u00f3wno&nbsp;kominek elektryczny z funkcj\u0105 grzania, jak i&nbsp;kominek elektryczny bez funkcji grzania&nbsp;sprawdza si\u0119 latem, oferuj\u0105c czyst\u0105 magi\u0119 wizualn\u0105 bez zb\u0119dnego ciep\u0142a. &hellip; <\/p>\n","protected":false},"author":1,"featured_media":1405,"comment_status":"closed","ping_status":"closed","sticky":false,"template":"","format":"standard","meta":{"footnotes":""},"categories":[1],"tags":[15,435,344,18,926,604,718,379,17],"class_list":["post-1404","post","type-post","status-publish","format-standard","has-post-thumbnail","hentry","category-bez-kategorii","tag-kominek","tag-kominek-3d","tag-kominek-aflamo","tag-kominek-do-zabudowy","tag-kominek-elektryczny-emotionflame","tag-kominek-elektryczny-led-3d","tag-kominek-elektryczny-z-dzwiekiem","tag-kominek-pod-zabudowe","tag-kominek-scienny"],"yoast_head":"<!-- This site is optimized with the Yoast SEO plugin v25.7 - https:\/\/yoast.com\/wordpress\/plugins\/seo\/ -->\n<title>Czy kominek elektryczny nadaje si\u0119 na lato? Idealny przez 365 dni!<\/title>\n<meta name=\"description\" content=\"Kominek elektryczny\u00a0to wi\u0119cej ni\u017c zimowe ogrzewanie \u2013 to elegancka ozdoba wn\u0119trz na ka\u017cd\u0105 por\u0119 roku.\" \/>\n<meta name=\"robots\" content=\"index, follow, max-snippet:-1, max-image-preview:large, max-video-preview:-1\" \/>\n<link rel=\"canonical\" href=\"https:\/\/kominki-elektryczne.pl\/blog\/2026\/02\/12\/czy-kominek-elektryczny-nadaje-sie-na-lato-idealny-przez-365-dni\/\" \/>\n<meta property=\"og:locale\" content=\"pl_PL\" \/>\n<meta property=\"og:type\" content=\"article\" \/>\n<meta property=\"og:title\" content=\"Czy kominek elektryczny nadaje si\u0119 na lato? Idealny przez 365 dni!\" \/>\n<meta property=\"og:description\" content=\"Kominek elektryczny\u00a0to wi\u0119cej ni\u017c zimowe ogrzewanie \u2013 to elegancka ozdoba wn\u0119trz na ka\u017cd\u0105 por\u0119 roku.\" \/>\n<meta property=\"og:url\" content=\"https:\/\/kominki-elektryczne.pl\/blog\/2026\/02\/12\/czy-kominek-elektryczny-nadaje-sie-na-lato-idealny-przez-365-dni\/\" \/>\n<meta property=\"og:site_name\" content=\"Kominki-Elektryczne.pl\" \/>\n<meta property=\"article:publisher\" content=\"https:\/\/www.facebook.com\/elektrycznekominki\" \/>\n<meta property=\"article:published_time\" content=\"2026-02-12T11:20:27+00:00\" \/>\n<meta property=\"article:modified_time\" content=\"2026-03-18T11:21:29+00:00\" \/>\n<meta property=\"og:image\" content=\"https:\/\/kominki-elektryczne.pl\/blog\/wp-content\/uploads\/2026\/02\/ChatGPT-Image-12-lut-2026-12_05_08-1024x683.png\" \/>\n\t<meta property=\"og:image:width\" content=\"1024\" \/>\n\t<meta property=\"og:image:height\" content=\"683\" \/>\n\t<meta property=\"og:image:type\" content=\"image\/png\" \/>\n<meta name=\"author\" content=\"Kominkowy\" \/>\n<meta name=\"twitter:card\" content=\"summary_large_image\" \/>\n<meta name=\"twitter:label1\" content=\"Napisane przez\" \/>\n\t<meta name=\"twitter:data1\" content=\"Kominkowy\" \/>\n\t<meta name=\"twitter:label2\" content=\"Szacowany czas czytania\" \/>\n\t<meta name=\"twitter:data2\" content=\"3 minuty\" \/>\n<script type=\"application\/ld+json\" class=\"yoast-schema-graph\">{\"@context\":\"https:\/\/schema.org\",\"@graph\":[{\"@type\":\"Article\",\"@id\":\"https:\/\/kominki-elektryczne.pl\/blog\/2026\/02\/12\/czy-kominek-elektryczny-nadaje-sie-na-lato-idealny-przez-365-dni\/#article\",\"isPartOf\":{\"@id\":\"https:\/\/kominki-elektryczne.pl\/blog\/2026\/02\/12\/czy-kominek-elektryczny-nadaje-sie-na-lato-idealny-przez-365-dni\/\"},\"author\":{\"name\":\"Kominkowy\",\"@id\":\"https:\/\/kominki-elektryczne.pl\/blog\/#\/schema\/person\/045e7544e3e90364f5f82cc509123089\"},\"headline\":\"Czy kominek elektryczny nadaje si\u0119 na lato? Idealny przez 365 dni!\",\"datePublished\":\"2026-02-12T11:20:27+00:00\",\"dateModified\":\"2026-03-18T11:21:29+00:00\",\"mainEntityOfPage\":{\"@id\":\"https:\/\/kominki-elektryczne.pl\/blog\/2026\/02\/12\/czy-kominek-elektryczny-nadaje-sie-na-lato-idealny-przez-365-dni\/\"},\"wordCount\":361,\"publisher\":{\"@id\":\"https:\/\/kominki-elektryczne.pl\/blog\/#organization\"},\"image\":{\"@id\":\"https:\/\/kominki-elektryczne.pl\/blog\/2026\/02\/12\/czy-kominek-elektryczny-nadaje-sie-na-lato-idealny-przez-365-dni\/#primaryimage\"},\"thumbnailUrl\":\"https:\/\/kominki-elektryczne.pl\/blog\/wp-content\/uploads\/2026\/02\/ChatGPT-Image-12-lut-2026-12_05_08.png\",\"keywords\":[\"kominek\",\"kominek 3d\",\"kominek aflamo\",\"kominek do zabudowy\",\"kominek elektryczny emotionflame\",\"Kominek elektryczny LED 3D\",\"kominek elektryczny z d\u017awi\u0119kiem\",\"kominek pod zabudow\u0119\",\"kominek \u015bcienny\"],\"inLanguage\":\"pl-PL\"},{\"@type\":\"WebPage\",\"@id\":\"https:\/\/kominki-elektryczne.pl\/blog\/2026\/02\/12\/czy-kominek-elektryczny-nadaje-sie-na-lato-idealny-przez-365-dni\/\",\"url\":\"https:\/\/kominki-elektryczne.pl\/blog\/2026\/02\/12\/czy-kominek-elektryczny-nadaje-sie-na-lato-idealny-przez-365-dni\/\",\"name\":\"Czy kominek elektryczny nadaje si\u0119 na lato? Idealny przez 365 dni!\",\"isPartOf\":{\"@id\":\"https:\/\/kominki-elektryczne.pl\/blog\/#website\"},\"primaryImageOfPage\":{\"@id\":\"https:\/\/kominki-elektryczne.pl\/blog\/2026\/02\/12\/czy-kominek-elektryczny-nadaje-sie-na-lato-idealny-przez-365-dni\/#primaryimage\"},\"image\":{\"@id\":\"https:\/\/kominki-elektryczne.pl\/blog\/2026\/02\/12\/czy-kominek-elektryczny-nadaje-sie-na-lato-idealny-przez-365-dni\/#primaryimage\"},\"thumbnailUrl\":\"https:\/\/kominki-elektryczne.pl\/blog\/wp-content\/uploads\/2026\/02\/ChatGPT-Image-12-lut-2026-12_05_08.png\",\"datePublished\":\"2026-02-12T11:20:27+00:00\",\"dateModified\":\"2026-03-18T11:21:29+00:00\",\"description\":\"Kominek elektryczny\u00a0to wi\u0119cej ni\u017c zimowe ogrzewanie \u2013 to elegancka ozdoba wn\u0119trz na ka\u017cd\u0105 por\u0119 roku.\",\"breadcrumb\":{\"@id\":\"https:\/\/kominki-elektryczne.pl\/blog\/2026\/02\/12\/czy-kominek-elektryczny-nadaje-sie-na-lato-idealny-przez-365-dni\/#breadcrumb\"},\"inLanguage\":\"pl-PL\",\"potentialAction\":[{\"@type\":\"ReadAction\",\"target\":[\"https:\/\/kominki-elektryczne.pl\/blog\/2026\/02\/12\/czy-kominek-elektryczny-nadaje-sie-na-lato-idealny-przez-365-dni\/\"]}]},{\"@type\":\"ImageObject\",\"inLanguage\":\"pl-PL\",\"@id\":\"https:\/\/kominki-elektryczne.pl\/blog\/2026\/02\/12\/czy-kominek-elektryczny-nadaje-sie-na-lato-idealny-przez-365-dni\/#primaryimage\",\"url\":\"https:\/\/kominki-elektryczne.pl\/blog\/wp-content\/uploads\/2026\/02\/ChatGPT-Image-12-lut-2026-12_05_08.png\",\"contentUrl\":\"https:\/\/kominki-elektryczne.pl\/blog\/wp-content\/uploads\/2026\/02\/ChatGPT-Image-12-lut-2026-12_05_08.png\",\"width\":1536,\"height\":1024},{\"@type\":\"BreadcrumbList\",\"@id\":\"https:\/\/kominki-elektryczne.pl\/blog\/2026\/02\/12\/czy-kominek-elektryczny-nadaje-sie-na-lato-idealny-przez-365-dni\/#breadcrumb\",\"itemListElement\":[{\"@type\":\"ListItem\",\"position\":1,\"name\":\"Strona g\u0142\u00f3wna\",\"item\":\"https:\/\/kominki-elektryczne.pl\/blog\/\"},{\"@type\":\"ListItem\",\"position\":2,\"name\":\"Czy kominek elektryczny nadaje si\u0119 na lato? Idealny przez 365 dni!\"}]},{\"@type\":\"WebSite\",\"@id\":\"https:\/\/kominki-elektryczne.pl\/blog\/#website\",\"url\":\"https:\/\/kominki-elektryczne.pl\/blog\/\",\"name\":\"Kominki-Elektryczne.pl\",\"description\":\"Opisy - Porady - Recenzje\",\"publisher\":{\"@id\":\"https:\/\/kominki-elektryczne.pl\/blog\/#organization\"},\"potentialAction\":[{\"@type\":\"SearchAction\",\"target\":{\"@type\":\"EntryPoint\",\"urlTemplate\":\"https:\/\/kominki-elektryczne.pl\/blog\/?s={search_term_string}\"},\"query-input\":{\"@type\":\"PropertyValueSpecification\",\"valueRequired\":true,\"valueName\":\"search_term_string\"}}],\"inLanguage\":\"pl-PL\"},{\"@type\":\"Organization\",\"@id\":\"https:\/\/kominki-elektryczne.pl\/blog\/#organization\",\"name\":\"Kominki-Elektryczne.pl\",\"url\":\"https:\/\/kominki-elektryczne.pl\/blog\/\",\"logo\":{\"@type\":\"ImageObject\",\"inLanguage\":\"pl-PL\",\"@id\":\"https:\/\/kominki-elektryczne.pl\/blog\/#\/schema\/logo\/image\/\",\"url\":\"https:\/\/kominki-elektryczne.pl\/blog\/wp-content\/uploads\/2025\/04\/cropped-LogoAflamo.jpg\",\"contentUrl\":\"https:\/\/kominki-elektryczne.pl\/blog\/wp-content\/uploads\/2025\/04\/cropped-LogoAflamo.jpg\",\"width\":200,\"height\":58,\"caption\":\"Kominki-Elektryczne.pl\"},\"image\":{\"@id\":\"https:\/\/kominki-elektryczne.pl\/blog\/#\/schema\/logo\/image\/\"},\"sameAs\":[\"https:\/\/www.facebook.com\/elektrycznekominki\"]},{\"@type\":\"Person\",\"@id\":\"https:\/\/kominki-elektryczne.pl\/blog\/#\/schema\/person\/045e7544e3e90364f5f82cc509123089\",\"name\":\"Kominkowy\",\"image\":{\"@type\":\"ImageObject\",\"inLanguage\":\"pl-PL\",\"@id\":\"https:\/\/kominki-elektryczne.pl\/blog\/#\/schema\/person\/image\/\",\"url\":\"https:\/\/secure.gravatar.com\/avatar\/8c15720599195e8ba4119df2db28ce7e?s=96&d=mm&r=g\",\"contentUrl\":\"https:\/\/secure.gravatar.com\/avatar\/8c15720599195e8ba4119df2db28ce7e?s=96&d=mm&r=g\",\"caption\":\"Kominkowy\"},\"sameAs\":[\"http:\/\/www.kominki-elektryczne.pl\"],\"url\":\"https:\/\/kominki-elektryczne.pl\/blog\/author\/led-handel\/\"}]}<\/script>\n<!-- \/ Yoast SEO plugin. -->","yoast_head_json":{"title":"Czy kominek elektryczny nadaje si\u0119 na lato? Idealny przez 365 dni!","description":"Kominek elektryczny\u00a0to wi\u0119cej ni\u017c zimowe ogrzewanie \u2013 to elegancka ozdoba wn\u0119trz na ka\u017cd\u0105 por\u0119 roku.","robots":{"index":"index","follow":"follow","max-snippet":"max-snippet:-1","max-image-preview":"max-image-preview:large","max-video-preview":"max-video-preview:-1"},"canonical":"https:\/\/kominki-elektryczne.pl\/blog\/2026\/02\/12\/czy-kominek-elektryczny-nadaje-sie-na-lato-idealny-przez-365-dni\/","og_locale":"pl_PL","og_type":"article","og_title":"Czy kominek elektryczny nadaje si\u0119 na lato? Idealny przez 365 dni!","og_description":"Kominek elektryczny\u00a0to wi\u0119cej ni\u017c zimowe ogrzewanie \u2013 to elegancka ozdoba wn\u0119trz na ka\u017cd\u0105 por\u0119 roku.","og_url":"https:\/\/kominki-elektryczne.pl\/blog\/2026\/02\/12\/czy-kominek-elektryczny-nadaje-sie-na-lato-idealny-przez-365-dni\/","og_site_name":"Kominki-Elektryczne.pl","article_publisher":"https:\/\/www.facebook.com\/elektrycznekominki","article_published_time":"2026-02-12T11:20:27+00:00","article_modified_time":"2026-03-18T11:21:29+00:00","og_image":[{"width":1024,"height":683,"url":"https:\/\/kominki-elektryczne.pl\/blog\/wp-content\/uploads\/2026\/02\/ChatGPT-Image-12-lut-2026-12_05_08-1024x683.png","type":"image\/png"}],"author":"Kominkowy","twitter_card":"summary_large_image","twitter_misc":{"Napisane przez":"Kominkowy","Szacowany czas czytania":"3 minuty"},"schema":{"@context":"https:\/\/schema.org","@graph":[{"@type":"Article","@id":"https:\/\/kominki-elektryczne.pl\/blog\/2026\/02\/12\/czy-kominek-elektryczny-nadaje-sie-na-lato-idealny-przez-365-dni\/#article","isPartOf":{"@id":"https:\/\/kominki-elektryczne.pl\/blog\/2026\/02\/12\/czy-kominek-elektryczny-nadaje-sie-na-lato-idealny-przez-365-dni\/"},"author":{"name":"Kominkowy","@id":"https:\/\/kominki-elektryczne.pl\/blog\/#\/schema\/person\/045e7544e3e90364f5f82cc509123089"},"headline":"Czy kominek elektryczny nadaje si\u0119 na lato? Idealny przez 365 dni!","datePublished":"2026-02-12T11:20:27+00:00","dateModified":"2026-03-18T11:21:29+00:00","mainEntityOfPage":{"@id":"https:\/\/kominki-elektryczne.pl\/blog\/2026\/02\/12\/czy-kominek-elektryczny-nadaje-sie-na-lato-idealny-przez-365-dni\/"},"wordCount":361,"publisher":{"@id":"https:\/\/kominki-elektryczne.pl\/blog\/#organization"},"image":{"@id":"https:\/\/kominki-elektryczne.pl\/blog\/2026\/02\/12\/czy-kominek-elektryczny-nadaje-sie-na-lato-idealny-przez-365-dni\/#primaryimage"},"thumbnailUrl":"https:\/\/kominki-elektryczne.pl\/blog\/wp-content\/uploads\/2026\/02\/ChatGPT-Image-12-lut-2026-12_05_08.png","keywords":["kominek","kominek 3d","kominek aflamo","kominek do zabudowy","kominek elektryczny emotionflame","Kominek elektryczny LED 3D","kominek elektryczny z d\u017awi\u0119kiem","kominek pod zabudow\u0119","kominek \u015bcienny"],"inLanguage":"pl-PL"},{"@type":"WebPage","@id":"https:\/\/kominki-elektryczne.pl\/blog\/2026\/02\/12\/czy-kominek-elektryczny-nadaje-sie-na-lato-idealny-przez-365-dni\/","url":"https:\/\/kominki-elektryczne.pl\/blog\/2026\/02\/12\/czy-kominek-elektryczny-nadaje-sie-na-lato-idealny-przez-365-dni\/","name":"Czy kominek elektryczny nadaje si\u0119 na lato? Idealny przez 365 dni!","isPartOf":{"@id":"https:\/\/kominki-elektryczne.pl\/blog\/#website"},"primaryImageOfPage":{"@id":"https:\/\/kominki-elektryczne.pl\/blog\/2026\/02\/12\/czy-kominek-elektryczny-nadaje-sie-na-lato-idealny-przez-365-dni\/#primaryimage"},"image":{"@id":"https:\/\/kominki-elektryczne.pl\/blog\/2026\/02\/12\/czy-kominek-elektryczny-nadaje-sie-na-lato-idealny-przez-365-dni\/#primaryimage"},"thumbnailUrl":"https:\/\/kominki-elektryczne.pl\/blog\/wp-content\/uploads\/2026\/02\/ChatGPT-Image-12-lut-2026-12_05_08.png","datePublished":"2026-02-12T11:20:27+00:00","dateModified":"2026-03-18T11:21:29+00:00","description":"Kominek elektryczny\u00a0to wi\u0119cej ni\u017c zimowe ogrzewanie \u2013 to elegancka ozdoba wn\u0119trz na ka\u017cd\u0105 por\u0119 roku.","breadcrumb":{"@id":"https:\/\/kominki-elektryczne.pl\/blog\/2026\/02\/12\/czy-kominek-elektryczny-nadaje-sie-na-lato-idealny-przez-365-dni\/#breadcrumb"},"inLanguage":"pl-PL","potentialAction":[{"@type":"ReadAction","target":["https:\/\/kominki-elektryczne.pl\/blog\/2026\/02\/12\/czy-kominek-elektryczny-nadaje-sie-na-lato-idealny-przez-365-dni\/"]}]},{"@type":"ImageObject","inLanguage":"pl-PL","@id":"https:\/\/kominki-elektryczne.pl\/blog\/2026\/02\/12\/czy-kominek-elektryczny-nadaje-sie-na-lato-idealny-przez-365-dni\/#primaryimage","url":"https:\/\/kominki-elektryczne.pl\/blog\/wp-content\/uploads\/2026\/02\/ChatGPT-Image-12-lut-2026-12_05_08.png","contentUrl":"https:\/\/kominki-elektryczne.pl\/blog\/wp-content\/uploads\/2026\/02\/ChatGPT-Image-12-lut-2026-12_05_08.png","width":1536,"height":1024},{"@type":"BreadcrumbList","@id":"https:\/\/kominki-elektryczne.pl\/blog\/2026\/02\/12\/czy-kominek-elektryczny-nadaje-sie-na-lato-idealny-przez-365-dni\/#breadcrumb","itemListElement":[{"@type":"ListItem","position":1,"name":"Strona g\u0142\u00f3wna","item":"https:\/\/kominki-elektryczne.pl\/blog\/"},{"@type":"ListItem","position":2,"name":"Czy kominek elektryczny nadaje si\u0119 na lato? Idealny przez 365 dni!"}]},{"@type":"WebSite","@id":"https:\/\/kominki-elektryczne.pl\/blog\/#website","url":"https:\/\/kominki-elektryczne.pl\/blog\/","name":"Kominki-Elektryczne.pl","description":"Opisy - Porady - Recenzje","publisher":{"@id":"https:\/\/kominki-elektryczne.pl\/blog\/#organization"},"potentialAction":[{"@type":"SearchAction","target":{"@type":"EntryPoint","urlTemplate":"https:\/\/kominki-elektryczne.pl\/blog\/?s={search_term_string}"},"query-input":{"@type":"PropertyValueSpecification","valueRequired":true,"valueName":"search_term_string"}}],"inLanguage":"pl-PL"},{"@type":"Organization","@id":"https:\/\/kominki-elektryczne.pl\/blog\/#organization","name":"Kominki-Elektryczne.pl","url":"https:\/\/kominki-elektryczne.pl\/blog\/","logo":{"@type":"ImageObject","inLanguage":"pl-PL","@id":"https:\/\/kominki-elektryczne.pl\/blog\/#\/schema\/logo\/image\/","url":"https:\/\/kominki-elektryczne.pl\/blog\/wp-content\/uploads\/2025\/04\/cropped-LogoAflamo.jpg","contentUrl":"https:\/\/kominki-elektryczne.pl\/blog\/wp-content\/uploads\/2025\/04\/cropped-LogoAflamo.jpg","width":200,"height":58,"caption":"Kominki-Elektryczne.pl"},"image":{"@id":"https:\/\/kominki-elektryczne.pl\/blog\/#\/schema\/logo\/image\/"},"sameAs":["https:\/\/www.facebook.com\/elektrycznekominki"]},{"@type":"Person","@id":"https:\/\/kominki-elektryczne.pl\/blog\/#\/schema\/person\/045e7544e3e90364f5f82cc509123089","name":"Kominkowy","image":{"@type":"ImageObject","inLanguage":"pl-PL","@id":"https:\/\/kominki-elektryczne.pl\/blog\/#\/schema\/person\/image\/","url":"https:\/\/secure.gravatar.com\/avatar\/8c15720599195e8ba4119df2db28ce7e?s=96&d=mm&r=g","contentUrl":"https:\/\/secure.gravatar.com\/avatar\/8c15720599195e8ba4119df2db28ce7e?s=96&d=mm&r=g","caption":"Kominkowy"},"sameAs":["http:\/\/www.kominki-elektryczne.pl"],"url":"https:\/\/kominki-elektryczne.pl\/blog\/author\/led-handel\/"}]}},"_links":{"self":[{"href":"https:\/\/kominki-elektryczne.pl\/blog\/wp-json\/wp\/v2\/posts\/1404","targetHints":{"allow":["GET"]}}],"collection":[{"href":"https:\/\/kominki-elektryczne.pl\/blog\/wp-json\/wp\/v2\/posts"}],"about":[{"href":"https:\/\/kominki-elektryczne.pl\/blog\/wp-json\/wp\/v2\/types\/post"}],"author":[{"embeddable":true,"href":"https:\/\/kominki-elektryczne.pl\/blog\/wp-json\/wp\/v2\/users\/1"}],"replies":[{"embeddable":true,"href":"https:\/\/kominki-elektryczne.pl\/blog\/wp-json\/wp\/v2\/comments?post=1404"}],"version-history":[{"count":5,"href":"https:\/\/kominki-elektryczne.pl\/blog\/wp-json\/wp\/v2\/posts\/1404\/revisions"}],"predecessor-version":[{"id":1467,"href":"https:\/\/kominki-elektryczne.pl\/blog\/wp-json\/wp\/v2\/posts\/1404\/revisions\/1467"}],"wp:featuredmedia":[{"embeddable":true,"href":"https:\/\/kominki-elektryczne.pl\/blog\/wp-json\/wp\/v2\/media\/1405"}],"wp:attachment":[{"href":"https:\/\/kominki-elektryczne.pl\/blog\/wp-json\/wp\/v2\/media?parent=1404"}],"wp:term":[{"taxonomy":"category","embeddable":true,"href":"https:\/\/kominki-elektryczne.pl\/blog\/wp-json\/wp\/v2\/categories?post=1404"},{"taxonomy":"post_tag","embeddable":true,"href":"https:\/\/kominki-elektryczne.pl\/blog\/wp-json\/wp\/v2\/tags?post=1404"}],"curies":[{"name":"wp","href":"https:\/\/api.w.org\/{rel}","templated":true}]}}