{"id":1412,"date":"2026-02-12T12:23:25","date_gmt":"2026-02-12T11:23:25","guid":{"rendered":"https:\/\/kominki-elektryczne.pl\/blog\/?p=1412"},"modified":"2026-02-12T15:00:47","modified_gmt":"2026-02-12T14:00:47","slug":"es-una-chimenea-electrica-adecuada-para-el-verano","status":"publish","type":"post","link":"https:\/\/kominki-elektryczne.pl\/blog\/es\/2026\/02\/12\/es-una-chimenea-electrica-adecuada-para-el-verano\/","title":{"rendered":"\u00bfEs una chimenea el\u00e9ctrica ideal para el verano?"},"content":{"rendered":"\n<p>Una chimenea el\u00e9ctrica no solo proporciona calor en invierno, sino que tambi\u00e9n es un elegante elemento decorativo que deleita todo el a\u00f1o. Muchos se preguntan: \u00bfes una chimenea el\u00e9ctrica ideal para el verano? \u00a1La respuesta es: por supuesto que s\u00ed! Independientemente del modelo, con o sin calefacci\u00f3n, podr\u00e1 disfrutarla en verano sin preocuparse por el sobrecalentamiento de la habitaci\u00f3n.<\/p>\n\n\n\n<figure class=\"wp-block-image size-large\"><img decoding=\"async\" src=\"https:\/\/kominki-elektryczne.com.pl\/wp-content\/uploads\/2026\/02\/ChatGPT-Image-12-lut-2026-12_05_08-1024x683.png\" alt=\"Chimenea el\u00e9ctrica empotrada\" class=\"wp-image-2209\"\/><\/figure>\n\n\n\n<h2 class=\"wp-block-heading\">Efecto visual sin concesiones: una chimenea el\u00e9ctrica como decoraci\u00f3n<\/h2>\n\n\n\n<p>La principal ventaja de una chimenea el\u00e9ctrica es su efecto visual realista. Las llamas LED y los efectos 3D imitan un fuego real de forma tan convincente que crean un ambiente acogedor incluso en d\u00edas calurosos. Apague la calefacci\u00f3n con un solo bot\u00f3n y el espect\u00e1culo visual contin\u00faa: perfecto para las tardes de verano con una copa de vino.<\/p>\n\n\n\n<p>Modelos como la chimenea el\u00e9ctrica Aflamo y la chimenea el\u00e9ctrica Emotionflame se distinguen por su dise\u00f1o est\u00e9tico. Chimeneas de madera maciza, piedra o metal de alta calidad que complementan cualquier interior: un sal\u00f3n moderno, una casa rural o un apartamento minimalista. Una <a href=\"https:\/\/www.kominki-elektryczne.pl\/es\/13-chimeneas-led-3d-integradas\">chimenea el\u00e9ctrica empotrada<\/a> es una maestra del camuflaje: se integra perfectamente en la pared como un cuadro, aportando elegancia sin ocupar espacio.<\/p>\n\n\n\n<h2 class=\"wp-block-heading\">Chimenea el\u00e9ctrica con calefacci\u00f3n: flexibilidad galardonada<\/h2>\n\n\n\n<p>Elegir una chimenea el\u00e9ctrica con calefacci\u00f3n le ofrece un dispositivo 2 en 1. En invierno, calienta (750-1800 W, apto para al\u00e9rgicos, sin holl\u00edn ni cenizas), mientras que en verano, sirve como elemento decorativo. La intensidad de la llama ajustable y el termostato le permiten adaptar el efecto a su estado de \u00e1nimo. Marcas como aflamo ofrecen modelos con mando a distancia y app: \u00a1controle desde la comodidad de su sof\u00e1!<\/p>\n\n\n\n<h2 class=\"wp-block-heading\">Chimenea el\u00e9ctrica sin calefacci\u00f3n: puro placer visual<\/h2>\n\n\n\n<p>Si la est\u00e9tica es su prioridad, una chimenea el\u00e9ctrica sin calefacci\u00f3n es la opci\u00f3n perfecta. Ligera, energ\u00e9ticamente eficiente (solo iluminaci\u00f3n LED) y no sube la temperatura. Las chimeneas el\u00e9ctricas Emotionflame son famosas por sus efectos de color (naranja, azul, morado) que transforman su sal\u00f3n en un oasis de relajaci\u00f3n. \u00a1Inst\u00e1lela en 30 minutos, sin chimenea, lista para el verano!<\/p>\n\n\n\n<h2 class=\"wp-block-heading\">\u00bfPor qu\u00e9 elegir una chimenea el\u00e9ctrica para todo el a\u00f1o?<\/h2>\n\n\n\n<p>Est\u00e9tica A+: Artesan\u00eda precisa, acabados antiguos o dise\u00f1o moderno.<\/p>\n\n\n\n<p>Seguridad: Sin llamas ni humo: perfecta para familias con ni\u00f1os y mascotas.<\/p>\n\n\n\n<p>Econom\u00eda: Bajo consumo, f\u00e1cil instalaci\u00f3n.<\/p>\n\n\n\n<p>Versatilidad: Chimenea el\u00e9ctrica empotrada para espacios peque\u00f1os, independiente para balcones.<\/p>\n\n\n\n<p>En resumen, una chimenea el\u00e9ctrica es imprescindible durante todo el a\u00f1o. Es encantadora en verano y reconforta el alma y el cuerpo en invierno. Descubre las chimeneas el\u00e9ctricas Aflamo o Emotionflame: \u00a1tu hogar merece un fuego los 365 d\u00edas del a\u00f1o!<\/p>\n","protected":false},"excerpt":{"rendered":"<p>Una chimenea el\u00e9ctrica no solo proporciona calor en invierno, sino que tambi\u00e9n es un elegante elemento decorativo que deleita todo el a\u00f1o. Muchos se preguntan: \u00bfes una chimenea el\u00e9ctrica ideal para el verano? \u00a1La respuesta es: por supuesto que s\u00ed! Independientemente del modelo, con o &hellip; <\/p>\n","protected":false},"author":1,"featured_media":1405,"comment_status":"closed","ping_status":"closed","sticky":false,"template":"","format":"standard","meta":{"footnotes":""},"categories":[29],"tags":[396,399,401,581,579,742,577,607,575],"class_list":["post-1412","post","type-post","status-publish","format-standard","has-post-thumbnail","hentry","category-bez-kategorii-es","tag-chimenea-cerrada","tag-chimenea-clasica","tag-chimenea-electrica","tag-chimeneas-electricas-aflamo","tag-chimeneas-electricas-con-sonido","tag-chimeneas-electricas-de-pared-elite","tag-chimeneas-electricas-majestic-pro","tag-chimeneas-electricas-royal-3d","tag-chimeneas-electricas-royal-pro"],"yoast_head":"<!-- This site is optimized with the Yoast SEO plugin v25.7 - https:\/\/yoast.com\/wordpress\/plugins\/seo\/ -->\n<title>\u00bfEs una chimenea el\u00e9ctrica adecuada para el verano?<\/title>\n<meta name=\"description\" content=\"Una chimenea el\u00e9ctrica no solo proporciona calor en invierno, sino que tambi\u00e9n es un elegante elemento decorativo que deleita todo el a\u00f1o.\" \/>\n<meta name=\"robots\" content=\"index, follow, max-snippet:-1, max-image-preview:large, max-video-preview:-1\" \/>\n<link rel=\"canonical\" href=\"https:\/\/kominki-elektryczne.pl\/blog\/es\/2026\/02\/12\/es-una-chimenea-electrica-adecuada-para-el-verano\/\" \/>\n<meta property=\"og:locale\" content=\"pl_PL\" \/>\n<meta property=\"og:type\" content=\"article\" \/>\n<meta property=\"og:title\" content=\"\u00bfEs una chimenea el\u00e9ctrica adecuada para el verano?\" \/>\n<meta property=\"og:description\" content=\"Una chimenea el\u00e9ctrica no solo proporciona calor en invierno, sino que tambi\u00e9n es un elegante elemento decorativo que deleita todo el a\u00f1o.\" \/>\n<meta property=\"og:url\" content=\"https:\/\/kominki-elektryczne.pl\/blog\/es\/2026\/02\/12\/es-una-chimenea-electrica-adecuada-para-el-verano\/\" \/>\n<meta property=\"og:site_name\" content=\"Kominki-Elektryczne.pl\" \/>\n<meta property=\"article:publisher\" content=\"https:\/\/www.facebook.com\/elektrycznekominki\" \/>\n<meta property=\"article:published_time\" content=\"2026-02-12T11:23:25+00:00\" \/>\n<meta property=\"article:modified_time\" content=\"2026-02-12T14:00:47+00:00\" \/>\n<meta property=\"og:image\" content=\"https:\/\/kominki-elektryczne.pl\/blog\/wp-content\/uploads\/2026\/02\/ChatGPT-Image-12-lut-2026-12_05_08-1024x683.png\" \/>\n\t<meta property=\"og:image:width\" content=\"1024\" \/>\n\t<meta property=\"og:image:height\" content=\"683\" \/>\n\t<meta property=\"og:image:type\" content=\"image\/png\" \/>\n<meta name=\"author\" content=\"Kominkowy\" \/>\n<meta name=\"twitter:card\" content=\"summary_large_image\" \/>\n<meta name=\"twitter:label1\" content=\"Napisane przez\" \/>\n\t<meta name=\"twitter:data1\" content=\"Kominkowy\" \/>\n\t<meta name=\"twitter:label2\" content=\"Szacowany czas czytania\" \/>\n\t<meta name=\"twitter:data2\" content=\"3 minuty\" \/>\n<script type=\"application\/ld+json\" class=\"yoast-schema-graph\">{\"@context\":\"https:\/\/schema.org\",\"@graph\":[{\"@type\":\"Article\",\"@id\":\"https:\/\/kominki-elektryczne.pl\/blog\/es\/2026\/02\/12\/es-una-chimenea-electrica-adecuada-para-el-verano\/#article\",\"isPartOf\":{\"@id\":\"https:\/\/kominki-elektryczne.pl\/blog\/es\/2026\/02\/12\/es-una-chimenea-electrica-adecuada-para-el-verano\/\"},\"author\":{\"name\":\"Kominkowy\",\"@id\":\"https:\/\/kominki-elektryczne.pl\/blog\/#\/schema\/person\/045e7544e3e90364f5f82cc509123089\"},\"headline\":\"\u00bfEs una chimenea el\u00e9ctrica ideal para el verano?\",\"datePublished\":\"2026-02-12T11:23:25+00:00\",\"dateModified\":\"2026-02-12T14:00:47+00:00\",\"mainEntityOfPage\":{\"@id\":\"https:\/\/kominki-elektryczne.pl\/blog\/es\/2026\/02\/12\/es-una-chimenea-electrica-adecuada-para-el-verano\/\"},\"wordCount\":479,\"publisher\":{\"@id\":\"https:\/\/kominki-elektryczne.pl\/blog\/#organization\"},\"image\":{\"@id\":\"https:\/\/kominki-elektryczne.pl\/blog\/es\/2026\/02\/12\/es-una-chimenea-electrica-adecuada-para-el-verano\/#primaryimage\"},\"thumbnailUrl\":\"https:\/\/kominki-elektryczne.pl\/blog\/wp-content\/uploads\/2026\/02\/ChatGPT-Image-12-lut-2026-12_05_08.png\",\"keywords\":[\"chimenea cerrada\",\"chimenea cl\u00e1sica\",\"chimenea electrica\",\"Chimeneas el\u00e9ctricas aflamo\",\"chimeneas el\u00e9ctricas con sonido\",\"Chimeneas el\u00e9ctricas de pared elite\",\"chimeneas el\u00e9ctricas Majestic Pro\",\"chimeneas el\u00e9ctricas Royal 3D\",\"chimeneas el\u00e9ctricas Royal Pro\"],\"inLanguage\":\"pl-PL\"},{\"@type\":\"WebPage\",\"@id\":\"https:\/\/kominki-elektryczne.pl\/blog\/es\/2026\/02\/12\/es-una-chimenea-electrica-adecuada-para-el-verano\/\",\"url\":\"https:\/\/kominki-elektryczne.pl\/blog\/es\/2026\/02\/12\/es-una-chimenea-electrica-adecuada-para-el-verano\/\",\"name\":\"\u00bfEs una chimenea el\u00e9ctrica adecuada para el verano?\",\"isPartOf\":{\"@id\":\"https:\/\/kominki-elektryczne.pl\/blog\/#website\"},\"primaryImageOfPage\":{\"@id\":\"https:\/\/kominki-elektryczne.pl\/blog\/es\/2026\/02\/12\/es-una-chimenea-electrica-adecuada-para-el-verano\/#primaryimage\"},\"image\":{\"@id\":\"https:\/\/kominki-elektryczne.pl\/blog\/es\/2026\/02\/12\/es-una-chimenea-electrica-adecuada-para-el-verano\/#primaryimage\"},\"thumbnailUrl\":\"https:\/\/kominki-elektryczne.pl\/blog\/wp-content\/uploads\/2026\/02\/ChatGPT-Image-12-lut-2026-12_05_08.png\",\"datePublished\":\"2026-02-12T11:23:25+00:00\",\"dateModified\":\"2026-02-12T14:00:47+00:00\",\"description\":\"Una chimenea el\u00e9ctrica no solo proporciona calor en invierno, sino que tambi\u00e9n es un elegante elemento decorativo que deleita todo el a\u00f1o.\",\"breadcrumb\":{\"@id\":\"https:\/\/kominki-elektryczne.pl\/blog\/es\/2026\/02\/12\/es-una-chimenea-electrica-adecuada-para-el-verano\/#breadcrumb\"},\"inLanguage\":\"pl-PL\",\"potentialAction\":[{\"@type\":\"ReadAction\",\"target\":[\"https:\/\/kominki-elektryczne.pl\/blog\/es\/2026\/02\/12\/es-una-chimenea-electrica-adecuada-para-el-verano\/\"]}]},{\"@type\":\"ImageObject\",\"inLanguage\":\"pl-PL\",\"@id\":\"https:\/\/kominki-elektryczne.pl\/blog\/es\/2026\/02\/12\/es-una-chimenea-electrica-adecuada-para-el-verano\/#primaryimage\",\"url\":\"https:\/\/kominki-elektryczne.pl\/blog\/wp-content\/uploads\/2026\/02\/ChatGPT-Image-12-lut-2026-12_05_08.png\",\"contentUrl\":\"https:\/\/kominki-elektryczne.pl\/blog\/wp-content\/uploads\/2026\/02\/ChatGPT-Image-12-lut-2026-12_05_08.png\",\"width\":1536,\"height\":1024},{\"@type\":\"BreadcrumbList\",\"@id\":\"https:\/\/kominki-elektryczne.pl\/blog\/es\/2026\/02\/12\/es-una-chimenea-electrica-adecuada-para-el-verano\/#breadcrumb\",\"itemListElement\":[{\"@type\":\"ListItem\",\"position\":1,\"name\":\"Strona g\u0142\u00f3wna\",\"item\":\"https:\/\/kominki-elektryczne.pl\/blog\/\"},{\"@type\":\"ListItem\",\"position\":2,\"name\":\"\u00bfEs una chimenea el\u00e9ctrica ideal para el verano?\"}]},{\"@type\":\"WebSite\",\"@id\":\"https:\/\/kominki-elektryczne.pl\/blog\/#website\",\"url\":\"https:\/\/kominki-elektryczne.pl\/blog\/\",\"name\":\"Kominki-Elektryczne.pl\",\"description\":\"Opisy - Porady - Recenzje\",\"publisher\":{\"@id\":\"https:\/\/kominki-elektryczne.pl\/blog\/#organization\"},\"potentialAction\":[{\"@type\":\"SearchAction\",\"target\":{\"@type\":\"EntryPoint\",\"urlTemplate\":\"https:\/\/kominki-elektryczne.pl\/blog\/?s={search_term_string}\"},\"query-input\":{\"@type\":\"PropertyValueSpecification\",\"valueRequired\":true,\"valueName\":\"search_term_string\"}}],\"inLanguage\":\"pl-PL\"},{\"@type\":\"Organization\",\"@id\":\"https:\/\/kominki-elektryczne.pl\/blog\/#organization\",\"name\":\"Kominki-Elektryczne.pl\",\"url\":\"https:\/\/kominki-elektryczne.pl\/blog\/\",\"logo\":{\"@type\":\"ImageObject\",\"inLanguage\":\"pl-PL\",\"@id\":\"https:\/\/kominki-elektryczne.pl\/blog\/#\/schema\/logo\/image\/\",\"url\":\"https:\/\/kominki-elektryczne.pl\/blog\/wp-content\/uploads\/2025\/04\/cropped-LogoAflamo.jpg\",\"contentUrl\":\"https:\/\/kominki-elektryczne.pl\/blog\/wp-content\/uploads\/2025\/04\/cropped-LogoAflamo.jpg\",\"width\":200,\"height\":58,\"caption\":\"Kominki-Elektryczne.pl\"},\"image\":{\"@id\":\"https:\/\/kominki-elektryczne.pl\/blog\/#\/schema\/logo\/image\/\"},\"sameAs\":[\"https:\/\/www.facebook.com\/elektrycznekominki\"]},{\"@type\":\"Person\",\"@id\":\"https:\/\/kominki-elektryczne.pl\/blog\/#\/schema\/person\/045e7544e3e90364f5f82cc509123089\",\"name\":\"Kominkowy\",\"image\":{\"@type\":\"ImageObject\",\"inLanguage\":\"pl-PL\",\"@id\":\"https:\/\/kominki-elektryczne.pl\/blog\/#\/schema\/person\/image\/\",\"url\":\"https:\/\/secure.gravatar.com\/avatar\/8c15720599195e8ba4119df2db28ce7e?s=96&d=mm&r=g\",\"contentUrl\":\"https:\/\/secure.gravatar.com\/avatar\/8c15720599195e8ba4119df2db28ce7e?s=96&d=mm&r=g\",\"caption\":\"Kominkowy\"},\"sameAs\":[\"http:\/\/www.kominki-elektryczne.pl\"],\"url\":\"https:\/\/kominki-elektryczne.pl\/blog\/author\/led-handel\/\"}]}<\/script>\n<!-- \/ Yoast SEO plugin. -->","yoast_head_json":{"title":"\u00bfEs una chimenea el\u00e9ctrica adecuada para el verano?","description":"Una chimenea el\u00e9ctrica no solo proporciona calor en invierno, sino que tambi\u00e9n es un elegante elemento decorativo que deleita todo el a\u00f1o.","robots":{"index":"index","follow":"follow","max-snippet":"max-snippet:-1","max-image-preview":"max-image-preview:large","max-video-preview":"max-video-preview:-1"},"canonical":"https:\/\/kominki-elektryczne.pl\/blog\/es\/2026\/02\/12\/es-una-chimenea-electrica-adecuada-para-el-verano\/","og_locale":"pl_PL","og_type":"article","og_title":"\u00bfEs una chimenea el\u00e9ctrica adecuada para el verano?","og_description":"Una chimenea el\u00e9ctrica no solo proporciona calor en invierno, sino que tambi\u00e9n es un elegante elemento decorativo que deleita todo el a\u00f1o.","og_url":"https:\/\/kominki-elektryczne.pl\/blog\/es\/2026\/02\/12\/es-una-chimenea-electrica-adecuada-para-el-verano\/","og_site_name":"Kominki-Elektryczne.pl","article_publisher":"https:\/\/www.facebook.com\/elektrycznekominki","article_published_time":"2026-02-12T11:23:25+00:00","article_modified_time":"2026-02-12T14:00:47+00:00","og_image":[{"width":1024,"height":683,"url":"https:\/\/kominki-elektryczne.pl\/blog\/wp-content\/uploads\/2026\/02\/ChatGPT-Image-12-lut-2026-12_05_08-1024x683.png","type":"image\/png"}],"author":"Kominkowy","twitter_card":"summary_large_image","twitter_misc":{"Napisane przez":"Kominkowy","Szacowany czas czytania":"3 minuty"},"schema":{"@context":"https:\/\/schema.org","@graph":[{"@type":"Article","@id":"https:\/\/kominki-elektryczne.pl\/blog\/es\/2026\/02\/12\/es-una-chimenea-electrica-adecuada-para-el-verano\/#article","isPartOf":{"@id":"https:\/\/kominki-elektryczne.pl\/blog\/es\/2026\/02\/12\/es-una-chimenea-electrica-adecuada-para-el-verano\/"},"author":{"name":"Kominkowy","@id":"https:\/\/kominki-elektryczne.pl\/blog\/#\/schema\/person\/045e7544e3e90364f5f82cc509123089"},"headline":"\u00bfEs una chimenea el\u00e9ctrica ideal para el verano?","datePublished":"2026-02-12T11:23:25+00:00","dateModified":"2026-02-12T14:00:47+00:00","mainEntityOfPage":{"@id":"https:\/\/kominki-elektryczne.pl\/blog\/es\/2026\/02\/12\/es-una-chimenea-electrica-adecuada-para-el-verano\/"},"wordCount":479,"publisher":{"@id":"https:\/\/kominki-elektryczne.pl\/blog\/#organization"},"image":{"@id":"https:\/\/kominki-elektryczne.pl\/blog\/es\/2026\/02\/12\/es-una-chimenea-electrica-adecuada-para-el-verano\/#primaryimage"},"thumbnailUrl":"https:\/\/kominki-elektryczne.pl\/blog\/wp-content\/uploads\/2026\/02\/ChatGPT-Image-12-lut-2026-12_05_08.png","keywords":["chimenea cerrada","chimenea cl\u00e1sica","chimenea electrica","Chimeneas el\u00e9ctricas aflamo","chimeneas el\u00e9ctricas con sonido","Chimeneas el\u00e9ctricas de pared elite","chimeneas el\u00e9ctricas Majestic Pro","chimeneas el\u00e9ctricas Royal 3D","chimeneas el\u00e9ctricas Royal Pro"],"inLanguage":"pl-PL"},{"@type":"WebPage","@id":"https:\/\/kominki-elektryczne.pl\/blog\/es\/2026\/02\/12\/es-una-chimenea-electrica-adecuada-para-el-verano\/","url":"https:\/\/kominki-elektryczne.pl\/blog\/es\/2026\/02\/12\/es-una-chimenea-electrica-adecuada-para-el-verano\/","name":"\u00bfEs una chimenea el\u00e9ctrica adecuada para el verano?","isPartOf":{"@id":"https:\/\/kominki-elektryczne.pl\/blog\/#website"},"primaryImageOfPage":{"@id":"https:\/\/kominki-elektryczne.pl\/blog\/es\/2026\/02\/12\/es-una-chimenea-electrica-adecuada-para-el-verano\/#primaryimage"},"image":{"@id":"https:\/\/kominki-elektryczne.pl\/blog\/es\/2026\/02\/12\/es-una-chimenea-electrica-adecuada-para-el-verano\/#primaryimage"},"thumbnailUrl":"https:\/\/kominki-elektryczne.pl\/blog\/wp-content\/uploads\/2026\/02\/ChatGPT-Image-12-lut-2026-12_05_08.png","datePublished":"2026-02-12T11:23:25+00:00","dateModified":"2026-02-12T14:00:47+00:00","description":"Una chimenea el\u00e9ctrica no solo proporciona calor en invierno, sino que tambi\u00e9n es un elegante elemento decorativo que deleita todo el a\u00f1o.","breadcrumb":{"@id":"https:\/\/kominki-elektryczne.pl\/blog\/es\/2026\/02\/12\/es-una-chimenea-electrica-adecuada-para-el-verano\/#breadcrumb"},"inLanguage":"pl-PL","potentialAction":[{"@type":"ReadAction","target":["https:\/\/kominki-elektryczne.pl\/blog\/es\/2026\/02\/12\/es-una-chimenea-electrica-adecuada-para-el-verano\/"]}]},{"@type":"ImageObject","inLanguage":"pl-PL","@id":"https:\/\/kominki-elektryczne.pl\/blog\/es\/2026\/02\/12\/es-una-chimenea-electrica-adecuada-para-el-verano\/#primaryimage","url":"https:\/\/kominki-elektryczne.pl\/blog\/wp-content\/uploads\/2026\/02\/ChatGPT-Image-12-lut-2026-12_05_08.png","contentUrl":"https:\/\/kominki-elektryczne.pl\/blog\/wp-content\/uploads\/2026\/02\/ChatGPT-Image-12-lut-2026-12_05_08.png","width":1536,"height":1024},{"@type":"BreadcrumbList","@id":"https:\/\/kominki-elektryczne.pl\/blog\/es\/2026\/02\/12\/es-una-chimenea-electrica-adecuada-para-el-verano\/#breadcrumb","itemListElement":[{"@type":"ListItem","position":1,"name":"Strona g\u0142\u00f3wna","item":"https:\/\/kominki-elektryczne.pl\/blog\/"},{"@type":"ListItem","position":2,"name":"\u00bfEs una chimenea el\u00e9ctrica ideal para el verano?"}]},{"@type":"WebSite","@id":"https:\/\/kominki-elektryczne.pl\/blog\/#website","url":"https:\/\/kominki-elektryczne.pl\/blog\/","name":"Kominki-Elektryczne.pl","description":"Opisy - Porady - Recenzje","publisher":{"@id":"https:\/\/kominki-elektryczne.pl\/blog\/#organization"},"potentialAction":[{"@type":"SearchAction","target":{"@type":"EntryPoint","urlTemplate":"https:\/\/kominki-elektryczne.pl\/blog\/?s={search_term_string}"},"query-input":{"@type":"PropertyValueSpecification","valueRequired":true,"valueName":"search_term_string"}}],"inLanguage":"pl-PL"},{"@type":"Organization","@id":"https:\/\/kominki-elektryczne.pl\/blog\/#organization","name":"Kominki-Elektryczne.pl","url":"https:\/\/kominki-elektryczne.pl\/blog\/","logo":{"@type":"ImageObject","inLanguage":"pl-PL","@id":"https:\/\/kominki-elektryczne.pl\/blog\/#\/schema\/logo\/image\/","url":"https:\/\/kominki-elektryczne.pl\/blog\/wp-content\/uploads\/2025\/04\/cropped-LogoAflamo.jpg","contentUrl":"https:\/\/kominki-elektryczne.pl\/blog\/wp-content\/uploads\/2025\/04\/cropped-LogoAflamo.jpg","width":200,"height":58,"caption":"Kominki-Elektryczne.pl"},"image":{"@id":"https:\/\/kominki-elektryczne.pl\/blog\/#\/schema\/logo\/image\/"},"sameAs":["https:\/\/www.facebook.com\/elektrycznekominki"]},{"@type":"Person","@id":"https:\/\/kominki-elektryczne.pl\/blog\/#\/schema\/person\/045e7544e3e90364f5f82cc509123089","name":"Kominkowy","image":{"@type":"ImageObject","inLanguage":"pl-PL","@id":"https:\/\/kominki-elektryczne.pl\/blog\/#\/schema\/person\/image\/","url":"https:\/\/secure.gravatar.com\/avatar\/8c15720599195e8ba4119df2db28ce7e?s=96&d=mm&r=g","contentUrl":"https:\/\/secure.gravatar.com\/avatar\/8c15720599195e8ba4119df2db28ce7e?s=96&d=mm&r=g","caption":"Kominkowy"},"sameAs":["http:\/\/www.kominki-elektryczne.pl"],"url":"https:\/\/kominki-elektryczne.pl\/blog\/author\/led-handel\/"}]}},"_links":{"self":[{"href":"https:\/\/kominki-elektryczne.pl\/blog\/wp-json\/wp\/v2\/posts\/1412","targetHints":{"allow":["GET"]}}],"collection":[{"href":"https:\/\/kominki-elektryczne.pl\/blog\/wp-json\/wp\/v2\/posts"}],"about":[{"href":"https:\/\/kominki-elektryczne.pl\/blog\/wp-json\/wp\/v2\/types\/post"}],"author":[{"embeddable":true,"href":"https:\/\/kominki-elektryczne.pl\/blog\/wp-json\/wp\/v2\/users\/1"}],"replies":[{"embeddable":true,"href":"https:\/\/kominki-elektryczne.pl\/blog\/wp-json\/wp\/v2\/comments?post=1412"}],"version-history":[{"count":2,"href":"https:\/\/kominki-elektryczne.pl\/blog\/wp-json\/wp\/v2\/posts\/1412\/revisions"}],"predecessor-version":[{"id":1430,"href":"https:\/\/kominki-elektryczne.pl\/blog\/wp-json\/wp\/v2\/posts\/1412\/revisions\/1430"}],"wp:featuredmedia":[{"embeddable":true,"href":"https:\/\/kominki-elektryczne.pl\/blog\/wp-json\/wp\/v2\/media\/1405"}],"wp:attachment":[{"href":"https:\/\/kominki-elektryczne.pl\/blog\/wp-json\/wp\/v2\/media?parent=1412"}],"wp:term":[{"taxonomy":"category","embeddable":true,"href":"https:\/\/kominki-elektryczne.pl\/blog\/wp-json\/wp\/v2\/categories?post=1412"},{"taxonomy":"post_tag","embeddable":true,"href":"https:\/\/kominki-elektryczne.pl\/blog\/wp-json\/wp\/v2\/tags?post=1412"}],"curies":[{"name":"wp","href":"https:\/\/api.w.org\/{rel}","templated":true}]}}