{"id":1451,"date":"2026-03-05T11:47:06","date_gmt":"2026-03-05T10:47:06","guid":{"rendered":"https:\/\/kominki-elektryczne.pl\/blog\/?p=1451"},"modified":"2026-03-05T11:47:07","modified_gmt":"2026-03-05T10:47:07","slug":"nuevos-precios-de-la-electricidad-y-chimeneas-electricas","status":"publish","type":"post","link":"https:\/\/kominki-elektryczne.pl\/blog\/es\/2026\/03\/05\/nuevos-precios-de-la-electricidad-y-chimeneas-electricas\/","title":{"rendered":"Nuevos Precios de la Electricidad y Chimeneas El\u00e9ctricas \u2013 \u00bfSigue Siendo Rentable?"},"content":{"rendered":"\n<p>En 2026, los precios de la electricidad han subido considerablemente, generando preocupaci\u00f3n por facturas m\u00e1s altas. Los consumidores se inquietan por el impacto en los electrodom\u00e9sticos diarios, incluidas las\u00a0<strong><a href=\"https:\/\/www.kominki-elektryczne.pl\/es\/?controllerUri=index\">chimeneas el\u00e9ctricas<\/a><\/strong>. \u00bfEs una\u00a0<strong>chimenea el\u00e9ctrica<\/strong>\u00a0a\u00fan una opci\u00f3n econ\u00f3mica? \u00a1Totalmente s\u00ed! Tanto la\u00a0<strong>chimenea el\u00e9ctrica con funci\u00f3n de calefacci\u00f3n<\/strong>\u00a0como la\u00a0<strong>chimenea el\u00e9ctrica sin funci\u00f3n de calefacci\u00f3n<\/strong>\u00a0consumen energ\u00eda m\u00ednima. Explicaremos por qu\u00e9 las nuevas tarifas no afectar\u00e1n tu presupuesto.<\/p>\n\n\n\n<figure class=\"wp-block-image size-large\"><img decoding=\"async\" src=\"https:\/\/kominki-elektryczne.com.pl\/wp-content\/uploads\/2026\/03\/9a8ac32d-1314-4f7c-bf17-9421710ea748-1024x683.png\" alt=\"Chimeneas el\u00e9ctricas LED\" class=\"wp-image-2248\"\/><\/figure>\n\n\n\n<h2 class=\"wp-block-heading\" id=\"bajo-consumo-elctrico-en-chimeneas-elctricas--dato\">Bajo Consumo El\u00e9ctrico en Chimeneas El\u00e9ctricas \u2013 Datos Fidedignos<\/h2>\n\n\n\n<p>Las&nbsp;<strong>chimeneas el\u00e9ctricas<\/strong>&nbsp;representan el ahorro. Los efectos LED de las llamas sin calefacci\u00f3n consumen solo&nbsp;<strong>10-30 W\/hora<\/strong>&nbsp;\u2013 similar a un cargador de m\u00f3vil.<\/p>\n\n\n\n<p>En modo&nbsp;<strong>chimenea el\u00e9ctrica con funci\u00f3n de calefacci\u00f3n<\/strong>, la potencia alcanza&nbsp;<strong>750\/1500 W<\/strong>, pero con uso ocasional (p. ej., 1 h\/d\u00eda), son&nbsp;<strong>1-2 kWh\/mes<\/strong>. Menos que un radiador o aire acondicionado est\u00e1ndar. La&nbsp;<strong>chimenea el\u00e9ctrica empotrable<\/strong>&nbsp;con termostato permite control preciso, ahorrando hasta un 70% frente a la calefacci\u00f3n tradicional.<\/p>\n\n\n\n<h2 class=\"wp-block-heading\" id=\"chimeneas-sin-calefaccin--relajacin-visual-sin-cos\">Chimeneas Sin Calefacci\u00f3n \u2013 Relajaci\u00f3n Visual Sin Costes<\/h2>\n\n\n\n<p>La&nbsp;<strong>chimenea el\u00e9ctrica sin funci\u00f3n de calefacci\u00f3n<\/strong>&nbsp;es un \u00e9xito para los ahorradores. Las&nbsp;<strong>chimeneas el\u00e9ctricas Aflamo<\/strong>&nbsp;y&nbsp;<strong>Emotionflame<\/strong>&nbsp;ofrecen llamas LED hipn\u00f3ticas que funcionan 24\/7 sin inflar las facturas. Incluso tras las subidas, el gasto es insignificante \u2013 \u00a1m\u00e1s barato que un caf\u00e9 en la calle!<\/p>\n\n\n\n<h2 class=\"wp-block-heading\" id=\"por-qu-elegir-una-chimenea-elctrica-ahora\">\u00bfPor Qu\u00e9 Elegir una Chimenea El\u00e9ctrica Ahora?<\/h2>\n\n\n\n<p>Las&nbsp;<strong>chimeneas el\u00e9ctricas Aflamo<\/strong>&nbsp;y&nbsp;<strong>Emotionflame<\/strong>&nbsp;no solo tienen bajo consumo, sino tambi\u00e9n seguridad total (sin fuego ni humo), instalaci\u00f3n sencilla y dise\u00f1o vers\u00e1til para cualquier interior. La&nbsp;<strong>chimenea el\u00e9ctrica empotrable<\/strong>&nbsp;se integra a la perfecci\u00f3n con los muebles, a\u00f1adiendo lujo sin costes adicionales.<\/p>\n\n\n\n<p>En resumen: los nuevos precios de la electricidad no disuadir\u00e1n a los fans de las&nbsp;<strong>chimeneas el\u00e9ctricas<\/strong>. Su eficiencia energ\u00e9tica mantiene las facturas bajas \u2013 \u00a1ideal para el oto\u00f1o-invierno 2026!<\/p>\n","protected":false},"excerpt":{"rendered":"<p>En 2026, los precios de la electricidad han subido considerablemente, generando preocupaci\u00f3n por facturas m\u00e1s altas. Los consumidores se inquietan por el impacto en los electrodom\u00e9sticos diarios, incluidas las\u00a0chimeneas el\u00e9ctricas. \u00bfEs una\u00a0chimenea el\u00e9ctrica\u00a0a\u00fan una opci\u00f3n econ\u00f3mica? \u00a1Totalmente s\u00ed! Tanto la\u00a0chimenea el\u00e9ctrica con funci\u00f3n de calefacci\u00f3n\u00a0como &hellip; <\/p>\n","protected":false},"author":1,"featured_media":1445,"comment_status":"closed","ping_status":"closed","sticky":false,"template":"","format":"standard","meta":{"footnotes":""},"categories":[29],"tags":[396,399,401,848,914,581,579,742,577,607,575],"class_list":["post-1451","post","type-post","status-publish","format-standard","has-post-thumbnail","hentry","category-bez-kategorii-es","tag-chimenea-cerrada","tag-chimenea-clasica","tag-chimenea-electrica","tag-chimenea-electrica-con-funcion-de-calefaccion","tag-chimenea-electrica-para-el-salon","tag-chimeneas-electricas-aflamo","tag-chimeneas-electricas-con-sonido","tag-chimeneas-electricas-de-pared-elite","tag-chimeneas-electricas-majestic-pro","tag-chimeneas-electricas-royal-3d","tag-chimeneas-electricas-royal-pro"],"yoast_head":"<!-- This site is optimized with the Yoast SEO plugin v25.7 - https:\/\/yoast.com\/wordpress\/plugins\/seo\/ -->\n<title>Nuevos Precios de la Electricidad y Chimeneas El\u00e9ctricas<\/title>\n<meta name=\"description\" content=\"En 2026, los precios de la electricidad han subido considerablemente, generando preocupaci\u00f3n por facturas m\u00e1s altas. Los consumidores se inquietan por el impacto en los electrodom\u00e9sticos diarios, incluidas las\u00a0chimeneas el\u00e9ctricas\" \/>\n<meta name=\"robots\" content=\"index, follow, max-snippet:-1, max-image-preview:large, max-video-preview:-1\" \/>\n<link rel=\"canonical\" href=\"https:\/\/kominki-elektryczne.pl\/blog\/es\/2026\/03\/05\/nuevos-precios-de-la-electricidad-y-chimeneas-electricas\/\" \/>\n<meta property=\"og:locale\" content=\"pl_PL\" \/>\n<meta property=\"og:type\" content=\"article\" \/>\n<meta property=\"og:title\" content=\"Nuevos Precios de la Electricidad y Chimeneas El\u00e9ctricas\" \/>\n<meta property=\"og:description\" content=\"En 2026, los precios de la electricidad han subido considerablemente, generando preocupaci\u00f3n por facturas m\u00e1s altas. Los consumidores se inquietan por el impacto en los electrodom\u00e9sticos diarios, incluidas las\u00a0chimeneas el\u00e9ctricas\" \/>\n<meta property=\"og:url\" content=\"https:\/\/kominki-elektryczne.pl\/blog\/es\/2026\/03\/05\/nuevos-precios-de-la-electricidad-y-chimeneas-electricas\/\" \/>\n<meta property=\"og:site_name\" content=\"Kominki-Elektryczne.pl\" \/>\n<meta property=\"article:publisher\" content=\"https:\/\/www.facebook.com\/elektrycznekominki\" \/>\n<meta property=\"article:published_time\" content=\"2026-03-05T10:47:06+00:00\" \/>\n<meta property=\"article:modified_time\" content=\"2026-03-05T10:47:07+00:00\" \/>\n<meta property=\"og:image\" content=\"https:\/\/kominki-elektryczne.pl\/blog\/wp-content\/uploads\/2026\/03\/9a8ac32d-1314-4f7c-bf17-9421710ea748-1024x683.png\" \/>\n\t<meta property=\"og:image:width\" content=\"1024\" \/>\n\t<meta property=\"og:image:height\" content=\"683\" \/>\n\t<meta property=\"og:image:type\" content=\"image\/png\" \/>\n<meta name=\"author\" content=\"Kominkowy\" \/>\n<meta name=\"twitter:card\" content=\"summary_large_image\" \/>\n<meta name=\"twitter:label1\" content=\"Napisane przez\" \/>\n\t<meta name=\"twitter:data1\" content=\"Kominkowy\" \/>\n\t<meta name=\"twitter:label2\" content=\"Szacowany czas czytania\" \/>\n\t<meta name=\"twitter:data2\" content=\"3 minuty\" \/>\n<script type=\"application\/ld+json\" class=\"yoast-schema-graph\">{\"@context\":\"https:\/\/schema.org\",\"@graph\":[{\"@type\":\"Article\",\"@id\":\"https:\/\/kominki-elektryczne.pl\/blog\/es\/2026\/03\/05\/nuevos-precios-de-la-electricidad-y-chimeneas-electricas\/#article\",\"isPartOf\":{\"@id\":\"https:\/\/kominki-elektryczne.pl\/blog\/es\/2026\/03\/05\/nuevos-precios-de-la-electricidad-y-chimeneas-electricas\/\"},\"author\":{\"name\":\"Kominkowy\",\"@id\":\"https:\/\/kominki-elektryczne.pl\/blog\/#\/schema\/person\/045e7544e3e90364f5f82cc509123089\"},\"headline\":\"Nuevos Precios de la Electricidad y Chimeneas El\u00e9ctricas \u2013 \u00bfSigue Siendo Rentable?\",\"datePublished\":\"2026-03-05T10:47:06+00:00\",\"dateModified\":\"2026-03-05T10:47:07+00:00\",\"mainEntityOfPage\":{\"@id\":\"https:\/\/kominki-elektryczne.pl\/blog\/es\/2026\/03\/05\/nuevos-precios-de-la-electricidad-y-chimeneas-electricas\/\"},\"wordCount\":366,\"publisher\":{\"@id\":\"https:\/\/kominki-elektryczne.pl\/blog\/#organization\"},\"image\":{\"@id\":\"https:\/\/kominki-elektryczne.pl\/blog\/es\/2026\/03\/05\/nuevos-precios-de-la-electricidad-y-chimeneas-electricas\/#primaryimage\"},\"thumbnailUrl\":\"https:\/\/kominki-elektryczne.pl\/blog\/wp-content\/uploads\/2026\/03\/9a8ac32d-1314-4f7c-bf17-9421710ea748.png\",\"keywords\":[\"chimenea cerrada\",\"chimenea cl\u00e1sica\",\"chimenea electrica\",\"Chimenea el\u00e9ctrica con funci\u00f3n de calefacci\u00f3n\",\"Chimenea el\u00e9ctrica para el sal\u00f3n\",\"Chimeneas el\u00e9ctricas aflamo\",\"chimeneas el\u00e9ctricas con sonido\",\"Chimeneas el\u00e9ctricas de pared elite\",\"chimeneas el\u00e9ctricas Majestic Pro\",\"chimeneas el\u00e9ctricas Royal 3D\",\"chimeneas el\u00e9ctricas Royal Pro\"],\"inLanguage\":\"pl-PL\"},{\"@type\":\"WebPage\",\"@id\":\"https:\/\/kominki-elektryczne.pl\/blog\/es\/2026\/03\/05\/nuevos-precios-de-la-electricidad-y-chimeneas-electricas\/\",\"url\":\"https:\/\/kominki-elektryczne.pl\/blog\/es\/2026\/03\/05\/nuevos-precios-de-la-electricidad-y-chimeneas-electricas\/\",\"name\":\"Nuevos Precios de la Electricidad y Chimeneas El\u00e9ctricas\",\"isPartOf\":{\"@id\":\"https:\/\/kominki-elektryczne.pl\/blog\/#website\"},\"primaryImageOfPage\":{\"@id\":\"https:\/\/kominki-elektryczne.pl\/blog\/es\/2026\/03\/05\/nuevos-precios-de-la-electricidad-y-chimeneas-electricas\/#primaryimage\"},\"image\":{\"@id\":\"https:\/\/kominki-elektryczne.pl\/blog\/es\/2026\/03\/05\/nuevos-precios-de-la-electricidad-y-chimeneas-electricas\/#primaryimage\"},\"thumbnailUrl\":\"https:\/\/kominki-elektryczne.pl\/blog\/wp-content\/uploads\/2026\/03\/9a8ac32d-1314-4f7c-bf17-9421710ea748.png\",\"datePublished\":\"2026-03-05T10:47:06+00:00\",\"dateModified\":\"2026-03-05T10:47:07+00:00\",\"description\":\"En 2026, los precios de la electricidad han subido considerablemente, generando preocupaci\u00f3n por facturas m\u00e1s altas. Los consumidores se inquietan por el impacto en los electrodom\u00e9sticos diarios, incluidas las\u00a0chimeneas el\u00e9ctricas\",\"breadcrumb\":{\"@id\":\"https:\/\/kominki-elektryczne.pl\/blog\/es\/2026\/03\/05\/nuevos-precios-de-la-electricidad-y-chimeneas-electricas\/#breadcrumb\"},\"inLanguage\":\"pl-PL\",\"potentialAction\":[{\"@type\":\"ReadAction\",\"target\":[\"https:\/\/kominki-elektryczne.pl\/blog\/es\/2026\/03\/05\/nuevos-precios-de-la-electricidad-y-chimeneas-electricas\/\"]}]},{\"@type\":\"ImageObject\",\"inLanguage\":\"pl-PL\",\"@id\":\"https:\/\/kominki-elektryczne.pl\/blog\/es\/2026\/03\/05\/nuevos-precios-de-la-electricidad-y-chimeneas-electricas\/#primaryimage\",\"url\":\"https:\/\/kominki-elektryczne.pl\/blog\/wp-content\/uploads\/2026\/03\/9a8ac32d-1314-4f7c-bf17-9421710ea748.png\",\"contentUrl\":\"https:\/\/kominki-elektryczne.pl\/blog\/wp-content\/uploads\/2026\/03\/9a8ac32d-1314-4f7c-bf17-9421710ea748.png\",\"width\":1536,\"height\":1024},{\"@type\":\"BreadcrumbList\",\"@id\":\"https:\/\/kominki-elektryczne.pl\/blog\/es\/2026\/03\/05\/nuevos-precios-de-la-electricidad-y-chimeneas-electricas\/#breadcrumb\",\"itemListElement\":[{\"@type\":\"ListItem\",\"position\":1,\"name\":\"Strona g\u0142\u00f3wna\",\"item\":\"https:\/\/kominki-elektryczne.pl\/blog\/\"},{\"@type\":\"ListItem\",\"position\":2,\"name\":\"Nuevos Precios de la Electricidad y Chimeneas El\u00e9ctricas \u2013 \u00bfSigue Siendo Rentable?\"}]},{\"@type\":\"WebSite\",\"@id\":\"https:\/\/kominki-elektryczne.pl\/blog\/#website\",\"url\":\"https:\/\/kominki-elektryczne.pl\/blog\/\",\"name\":\"Kominki-Elektryczne.pl\",\"description\":\"Opisy - Porady - Recenzje\",\"publisher\":{\"@id\":\"https:\/\/kominki-elektryczne.pl\/blog\/#organization\"},\"potentialAction\":[{\"@type\":\"SearchAction\",\"target\":{\"@type\":\"EntryPoint\",\"urlTemplate\":\"https:\/\/kominki-elektryczne.pl\/blog\/?s={search_term_string}\"},\"query-input\":{\"@type\":\"PropertyValueSpecification\",\"valueRequired\":true,\"valueName\":\"search_term_string\"}}],\"inLanguage\":\"pl-PL\"},{\"@type\":\"Organization\",\"@id\":\"https:\/\/kominki-elektryczne.pl\/blog\/#organization\",\"name\":\"Kominki-Elektryczne.pl\",\"url\":\"https:\/\/kominki-elektryczne.pl\/blog\/\",\"logo\":{\"@type\":\"ImageObject\",\"inLanguage\":\"pl-PL\",\"@id\":\"https:\/\/kominki-elektryczne.pl\/blog\/#\/schema\/logo\/image\/\",\"url\":\"https:\/\/kominki-elektryczne.pl\/blog\/wp-content\/uploads\/2025\/04\/cropped-LogoAflamo.jpg\",\"contentUrl\":\"https:\/\/kominki-elektryczne.pl\/blog\/wp-content\/uploads\/2025\/04\/cropped-LogoAflamo.jpg\",\"width\":200,\"height\":58,\"caption\":\"Kominki-Elektryczne.pl\"},\"image\":{\"@id\":\"https:\/\/kominki-elektryczne.pl\/blog\/#\/schema\/logo\/image\/\"},\"sameAs\":[\"https:\/\/www.facebook.com\/elektrycznekominki\"]},{\"@type\":\"Person\",\"@id\":\"https:\/\/kominki-elektryczne.pl\/blog\/#\/schema\/person\/045e7544e3e90364f5f82cc509123089\",\"name\":\"Kominkowy\",\"image\":{\"@type\":\"ImageObject\",\"inLanguage\":\"pl-PL\",\"@id\":\"https:\/\/kominki-elektryczne.pl\/blog\/#\/schema\/person\/image\/\",\"url\":\"https:\/\/secure.gravatar.com\/avatar\/8c15720599195e8ba4119df2db28ce7e?s=96&d=mm&r=g\",\"contentUrl\":\"https:\/\/secure.gravatar.com\/avatar\/8c15720599195e8ba4119df2db28ce7e?s=96&d=mm&r=g\",\"caption\":\"Kominkowy\"},\"sameAs\":[\"http:\/\/www.kominki-elektryczne.pl\"],\"url\":\"https:\/\/kominki-elektryczne.pl\/blog\/author\/led-handel\/\"}]}<\/script>\n<!-- \/ Yoast SEO plugin. -->","yoast_head_json":{"title":"Nuevos Precios de la Electricidad y Chimeneas El\u00e9ctricas","description":"En 2026, los precios de la electricidad han subido considerablemente, generando preocupaci\u00f3n por facturas m\u00e1s altas. Los consumidores se inquietan por el impacto en los electrodom\u00e9sticos diarios, incluidas las\u00a0chimeneas el\u00e9ctricas","robots":{"index":"index","follow":"follow","max-snippet":"max-snippet:-1","max-image-preview":"max-image-preview:large","max-video-preview":"max-video-preview:-1"},"canonical":"https:\/\/kominki-elektryczne.pl\/blog\/es\/2026\/03\/05\/nuevos-precios-de-la-electricidad-y-chimeneas-electricas\/","og_locale":"pl_PL","og_type":"article","og_title":"Nuevos Precios de la Electricidad y Chimeneas El\u00e9ctricas","og_description":"En 2026, los precios de la electricidad han subido considerablemente, generando preocupaci\u00f3n por facturas m\u00e1s altas. Los consumidores se inquietan por el impacto en los electrodom\u00e9sticos diarios, incluidas las\u00a0chimeneas el\u00e9ctricas","og_url":"https:\/\/kominki-elektryczne.pl\/blog\/es\/2026\/03\/05\/nuevos-precios-de-la-electricidad-y-chimeneas-electricas\/","og_site_name":"Kominki-Elektryczne.pl","article_publisher":"https:\/\/www.facebook.com\/elektrycznekominki","article_published_time":"2026-03-05T10:47:06+00:00","article_modified_time":"2026-03-05T10:47:07+00:00","og_image":[{"width":1024,"height":683,"url":"https:\/\/kominki-elektryczne.pl\/blog\/wp-content\/uploads\/2026\/03\/9a8ac32d-1314-4f7c-bf17-9421710ea748-1024x683.png","type":"image\/png"}],"author":"Kominkowy","twitter_card":"summary_large_image","twitter_misc":{"Napisane przez":"Kominkowy","Szacowany czas czytania":"3 minuty"},"schema":{"@context":"https:\/\/schema.org","@graph":[{"@type":"Article","@id":"https:\/\/kominki-elektryczne.pl\/blog\/es\/2026\/03\/05\/nuevos-precios-de-la-electricidad-y-chimeneas-electricas\/#article","isPartOf":{"@id":"https:\/\/kominki-elektryczne.pl\/blog\/es\/2026\/03\/05\/nuevos-precios-de-la-electricidad-y-chimeneas-electricas\/"},"author":{"name":"Kominkowy","@id":"https:\/\/kominki-elektryczne.pl\/blog\/#\/schema\/person\/045e7544e3e90364f5f82cc509123089"},"headline":"Nuevos Precios de la Electricidad y Chimeneas El\u00e9ctricas \u2013 \u00bfSigue Siendo Rentable?","datePublished":"2026-03-05T10:47:06+00:00","dateModified":"2026-03-05T10:47:07+00:00","mainEntityOfPage":{"@id":"https:\/\/kominki-elektryczne.pl\/blog\/es\/2026\/03\/05\/nuevos-precios-de-la-electricidad-y-chimeneas-electricas\/"},"wordCount":366,"publisher":{"@id":"https:\/\/kominki-elektryczne.pl\/blog\/#organization"},"image":{"@id":"https:\/\/kominki-elektryczne.pl\/blog\/es\/2026\/03\/05\/nuevos-precios-de-la-electricidad-y-chimeneas-electricas\/#primaryimage"},"thumbnailUrl":"https:\/\/kominki-elektryczne.pl\/blog\/wp-content\/uploads\/2026\/03\/9a8ac32d-1314-4f7c-bf17-9421710ea748.png","keywords":["chimenea cerrada","chimenea cl\u00e1sica","chimenea electrica","Chimenea el\u00e9ctrica con funci\u00f3n de calefacci\u00f3n","Chimenea el\u00e9ctrica para el sal\u00f3n","Chimeneas el\u00e9ctricas aflamo","chimeneas el\u00e9ctricas con sonido","Chimeneas el\u00e9ctricas de pared elite","chimeneas el\u00e9ctricas Majestic Pro","chimeneas el\u00e9ctricas Royal 3D","chimeneas el\u00e9ctricas Royal Pro"],"inLanguage":"pl-PL"},{"@type":"WebPage","@id":"https:\/\/kominki-elektryczne.pl\/blog\/es\/2026\/03\/05\/nuevos-precios-de-la-electricidad-y-chimeneas-electricas\/","url":"https:\/\/kominki-elektryczne.pl\/blog\/es\/2026\/03\/05\/nuevos-precios-de-la-electricidad-y-chimeneas-electricas\/","name":"Nuevos Precios de la Electricidad y Chimeneas El\u00e9ctricas","isPartOf":{"@id":"https:\/\/kominki-elektryczne.pl\/blog\/#website"},"primaryImageOfPage":{"@id":"https:\/\/kominki-elektryczne.pl\/blog\/es\/2026\/03\/05\/nuevos-precios-de-la-electricidad-y-chimeneas-electricas\/#primaryimage"},"image":{"@id":"https:\/\/kominki-elektryczne.pl\/blog\/es\/2026\/03\/05\/nuevos-precios-de-la-electricidad-y-chimeneas-electricas\/#primaryimage"},"thumbnailUrl":"https:\/\/kominki-elektryczne.pl\/blog\/wp-content\/uploads\/2026\/03\/9a8ac32d-1314-4f7c-bf17-9421710ea748.png","datePublished":"2026-03-05T10:47:06+00:00","dateModified":"2026-03-05T10:47:07+00:00","description":"En 2026, los precios de la electricidad han subido considerablemente, generando preocupaci\u00f3n por facturas m\u00e1s altas. Los consumidores se inquietan por el impacto en los electrodom\u00e9sticos diarios, incluidas las\u00a0chimeneas el\u00e9ctricas","breadcrumb":{"@id":"https:\/\/kominki-elektryczne.pl\/blog\/es\/2026\/03\/05\/nuevos-precios-de-la-electricidad-y-chimeneas-electricas\/#breadcrumb"},"inLanguage":"pl-PL","potentialAction":[{"@type":"ReadAction","target":["https:\/\/kominki-elektryczne.pl\/blog\/es\/2026\/03\/05\/nuevos-precios-de-la-electricidad-y-chimeneas-electricas\/"]}]},{"@type":"ImageObject","inLanguage":"pl-PL","@id":"https:\/\/kominki-elektryczne.pl\/blog\/es\/2026\/03\/05\/nuevos-precios-de-la-electricidad-y-chimeneas-electricas\/#primaryimage","url":"https:\/\/kominki-elektryczne.pl\/blog\/wp-content\/uploads\/2026\/03\/9a8ac32d-1314-4f7c-bf17-9421710ea748.png","contentUrl":"https:\/\/kominki-elektryczne.pl\/blog\/wp-content\/uploads\/2026\/03\/9a8ac32d-1314-4f7c-bf17-9421710ea748.png","width":1536,"height":1024},{"@type":"BreadcrumbList","@id":"https:\/\/kominki-elektryczne.pl\/blog\/es\/2026\/03\/05\/nuevos-precios-de-la-electricidad-y-chimeneas-electricas\/#breadcrumb","itemListElement":[{"@type":"ListItem","position":1,"name":"Strona g\u0142\u00f3wna","item":"https:\/\/kominki-elektryczne.pl\/blog\/"},{"@type":"ListItem","position":2,"name":"Nuevos Precios de la Electricidad y Chimeneas El\u00e9ctricas \u2013 \u00bfSigue Siendo Rentable?"}]},{"@type":"WebSite","@id":"https:\/\/kominki-elektryczne.pl\/blog\/#website","url":"https:\/\/kominki-elektryczne.pl\/blog\/","name":"Kominki-Elektryczne.pl","description":"Opisy - Porady - Recenzje","publisher":{"@id":"https:\/\/kominki-elektryczne.pl\/blog\/#organization"},"potentialAction":[{"@type":"SearchAction","target":{"@type":"EntryPoint","urlTemplate":"https:\/\/kominki-elektryczne.pl\/blog\/?s={search_term_string}"},"query-input":{"@type":"PropertyValueSpecification","valueRequired":true,"valueName":"search_term_string"}}],"inLanguage":"pl-PL"},{"@type":"Organization","@id":"https:\/\/kominki-elektryczne.pl\/blog\/#organization","name":"Kominki-Elektryczne.pl","url":"https:\/\/kominki-elektryczne.pl\/blog\/","logo":{"@type":"ImageObject","inLanguage":"pl-PL","@id":"https:\/\/kominki-elektryczne.pl\/blog\/#\/schema\/logo\/image\/","url":"https:\/\/kominki-elektryczne.pl\/blog\/wp-content\/uploads\/2025\/04\/cropped-LogoAflamo.jpg","contentUrl":"https:\/\/kominki-elektryczne.pl\/blog\/wp-content\/uploads\/2025\/04\/cropped-LogoAflamo.jpg","width":200,"height":58,"caption":"Kominki-Elektryczne.pl"},"image":{"@id":"https:\/\/kominki-elektryczne.pl\/blog\/#\/schema\/logo\/image\/"},"sameAs":["https:\/\/www.facebook.com\/elektrycznekominki"]},{"@type":"Person","@id":"https:\/\/kominki-elektryczne.pl\/blog\/#\/schema\/person\/045e7544e3e90364f5f82cc509123089","name":"Kominkowy","image":{"@type":"ImageObject","inLanguage":"pl-PL","@id":"https:\/\/kominki-elektryczne.pl\/blog\/#\/schema\/person\/image\/","url":"https:\/\/secure.gravatar.com\/avatar\/8c15720599195e8ba4119df2db28ce7e?s=96&d=mm&r=g","contentUrl":"https:\/\/secure.gravatar.com\/avatar\/8c15720599195e8ba4119df2db28ce7e?s=96&d=mm&r=g","caption":"Kominkowy"},"sameAs":["http:\/\/www.kominki-elektryczne.pl"],"url":"https:\/\/kominki-elektryczne.pl\/blog\/author\/led-handel\/"}]}},"_links":{"self":[{"href":"https:\/\/kominki-elektryczne.pl\/blog\/wp-json\/wp\/v2\/posts\/1451","targetHints":{"allow":["GET"]}}],"collection":[{"href":"https:\/\/kominki-elektryczne.pl\/blog\/wp-json\/wp\/v2\/posts"}],"about":[{"href":"https:\/\/kominki-elektryczne.pl\/blog\/wp-json\/wp\/v2\/types\/post"}],"author":[{"embeddable":true,"href":"https:\/\/kominki-elektryczne.pl\/blog\/wp-json\/wp\/v2\/users\/1"}],"replies":[{"embeddable":true,"href":"https:\/\/kominki-elektryczne.pl\/blog\/wp-json\/wp\/v2\/comments?post=1451"}],"version-history":[{"count":1,"href":"https:\/\/kominki-elektryczne.pl\/blog\/wp-json\/wp\/v2\/posts\/1451\/revisions"}],"predecessor-version":[{"id":1452,"href":"https:\/\/kominki-elektryczne.pl\/blog\/wp-json\/wp\/v2\/posts\/1451\/revisions\/1452"}],"wp:featuredmedia":[{"embeddable":true,"href":"https:\/\/kominki-elektryczne.pl\/blog\/wp-json\/wp\/v2\/media\/1445"}],"wp:attachment":[{"href":"https:\/\/kominki-elektryczne.pl\/blog\/wp-json\/wp\/v2\/media?parent=1451"}],"wp:term":[{"taxonomy":"category","embeddable":true,"href":"https:\/\/kominki-elektryczne.pl\/blog\/wp-json\/wp\/v2\/categories?post=1451"},{"taxonomy":"post_tag","embeddable":true,"href":"https:\/\/kominki-elektryczne.pl\/blog\/wp-json\/wp\/v2\/tags?post=1451"}],"curies":[{"name":"wp","href":"https:\/\/api.w.org\/{rel}","templated":true}]}}