{"id":1463,"date":"2026-03-12T12:15:22","date_gmt":"2026-03-12T11:15:22","guid":{"rendered":"https:\/\/kominki-elektryczne.pl\/blog\/?p=1463"},"modified":"2026-03-19T13:51:42","modified_gmt":"2026-03-19T12:51:42","slug":"precios-del-petroleo-impactantes-y-chimenea-electrica","status":"publish","type":"post","link":"https:\/\/kominki-elektryczne.pl\/blog\/es\/2026\/03\/12\/precios-del-petroleo-impactantes-y-chimenea-electrica\/","title":{"rendered":"Precios Impactantes del Petr\u00f3leo y Calefacci\u00f3n con Chimenea El\u00e9ctrica"},"content":{"rendered":"\n<p>La crisis de combustibles y gas en Oriente Medio provoca subidas bruscas en los precios del petr\u00f3leo y del gas, elevando dr\u00e1sticamente los costos de calefacci\u00f3n en los hogares. La calefacci\u00f3n a gas se convierte en una fuente de gastos continuos, con suministros inestables de la regi\u00f3n que agravan los problemas. \u00bfNecesitas una soluci\u00f3n fiable para estos tiempos? La&nbsp;<strong>chimenea el\u00e9ctrica<\/strong>&nbsp;resulta la opci\u00f3n ideal, completamente independiente de las turbulencias mundiales en los precios de los combustibles.<\/p>\n\n\n\n<figure class=\"wp-block-image size-large\"><img decoding=\"async\" src=\"https:\/\/kominki-elektryczne.com.pl\/wp-content\/uploads\/2026\/03\/ChatGPT-Image-12-mar-2026-10_31_21-1024x683.png\" alt=\"Las chimeneas el\u00e9ctricas resisten los precios del petr\u00f3leo\" class=\"wp-image-2260\"\/><\/figure>\n\n\n\n<h2 class=\"wp-block-heading\" id=\"por-qu-las-chimeneas-elctricas-superan-los-mtodos\">\u00bfPor Qu\u00e9 las Chimeneas El\u00e9ctricas Superan los M\u00e9todos Cl\u00e1sicos de Calefacci\u00f3n?<\/h2>\n\n\n\n<p>La\u00a0<strong><a href=\"https:\/\/www.kominki-elektryczne.pl\/es\/?controllerUri=index\">chimenea el\u00e9ctrica con funci\u00f3n de calefacci\u00f3n<\/a><\/strong>\u00a0consume cantidades insignificantes de electricidad, haciendo su explotaci\u00f3n mucho m\u00e1s barata que, por ejemplo, el gas. La\u00a0<strong>chimenea el\u00e9ctrica<\/strong>\u00a0no requiere suministros de Oriente Medio \u2013 funciona con corriente normal de un enchufe, asegurando estabilidad en la crisis. Mientras otros calefactores se encarecen, los costos de las\u00a0<strong>chimeneas el\u00e9ctricas<\/strong>\u00a0se mantienen bajos y predecibles.<\/p>\n\n\n\n<p>Modelos recomendados como las&nbsp;<strong>chimeneas el\u00e9ctricas Aflamo<\/strong>&nbsp;fascinan con llama tridimensional 3D y efecto niebla, calentando eficazmente las habitaciones y creando un ambiente c\u00e1lido. Las&nbsp;<strong>chimeneas el\u00e9ctricas Emotionflame<\/strong>&nbsp;son famosas por su acabado estilizado e iluminaci\u00f3n LED avanzada, integr\u00e1ndose perfectamente en dise\u00f1os de salones.<\/p>\n\n\n\n<h2 class=\"wp-block-heading\" id=\"chimenea-elctrica-sin-funcin-de-calefaccin--adorno\">Chimenea El\u00e9ctrica sin Funci\u00f3n de Calefacci\u00f3n \u2013 Adorno Estiloso Independiente de Precios<\/h2>\n\n\n\n<p>Cuando no se necesita calefacci\u00f3n, apuesta por la&nbsp;<strong>chimenea el\u00e9ctrica sin funci\u00f3n de calefacci\u00f3n<\/strong>. Crea un efecto de fuego cautivador sin activar el calificador, consumiendo electricidad m\u00ednima. Esta opci\u00f3n es totalmente resistente a las subidas de precios del petr\u00f3leo, ideal como decoraci\u00f3n de verano o elemento sutil en el dormitorio.<\/p>\n\n\n\n<h2 class=\"wp-block-heading\" id=\"chimenea-elctrica-empotrada--elegancia-sin-riesgos\">Chimenea El\u00e9ctrica Empotrada \u2013 Elegancia sin Riesgos de Precios de Combustibles<\/h2>\n\n\n\n<p>La&nbsp;<strong>chimenea el\u00e9ctrica empotrada<\/strong>&nbsp;se instala en la pared como una chimenea cl\u00e1sica, pero sin necesidad de chimenea o eliminaci\u00f3n de cenizas. Las variantes Aflamo y Emotionflame garantizan calefacci\u00f3n eficiente con grandes ahorros respecto al gas. En la crisis actual, m\u00e1s hogares las eligen por la tranquilidad presupuestaria.<\/p>\n\n\n\n<h2 class=\"wp-block-heading\" id=\"resumen-estabilidad-gracias-a-la-chimenea-elctrica\">Resumen: Estabilidad Gracias a la Chimenea El\u00e9ctrica<\/h2>\n\n\n\n<p>La&nbsp;<strong>chimenea el\u00e9ctrica<\/strong>&nbsp;protege de los shocks en precios del petr\u00f3leo. Consumo m\u00ednimo de electricidad, cero dependencia del gas, llama aut\u00e9ntica y dise\u00f1o exquisito \u2013 todo en un paquete. Descubre las&nbsp;<strong>chimeneas el\u00e9ctricas Aflamo<\/strong>&nbsp;o&nbsp;<strong>Emotionflame<\/strong>&nbsp;y aseg\u00farate comodidad sin sorpresas desagradables!<\/p>\n\n\n\n<h2 class=\"wp-block-heading\" id=\"faq--preguntas-ms-frecuentes\">FAQ \u2013 Preguntas M\u00e1s Frecuentes<\/h2>\n\n\n\n<p><strong>\u00bfLa chimenea el\u00e9ctrica con funci\u00f3n de calefacci\u00f3n calienta todo el sal\u00f3n?<\/strong><br>S\u00ed, la&nbsp;<strong>chimenea el\u00e9ctrica con funci\u00f3n de calefacci\u00f3n<\/strong>&nbsp;calienta eficazmente habitaciones de tama\u00f1o medio, creando un ambiente acogedor sin altos costos.<\/p>\n\n\n\n<p><strong>\u00bfCu\u00e1l es la diferencia entre chimenea con y sin calefacci\u00f3n?<\/strong><br>La&nbsp;<strong>chimenea el\u00e9ctrica sin funci\u00f3n de calefacci\u00f3n<\/strong>&nbsp;solo sirve para decoraci\u00f3n con consumo m\u00ednimo de electricidad, mientras que los modelos con calefacci\u00f3n tambi\u00e9n calientan el interior.<\/p>\n\n\n\n<p><strong>\u00bfSon f\u00e1ciles de instalar las chimeneas el\u00e9ctricas Aflamo y Emotionflame?<\/strong><br>S\u00ed, especialmente la&nbsp;<strong>chimenea el\u00e9ctrica empotrada<\/strong>&nbsp;\u2013 la instalaci\u00f3n es similar a una tradicional, pero sin chimenea ni mantenimiento complejo.<\/p>\n\n\n\n<p><strong>\u00bfFuncionan las chimeneas el\u00e9ctricas durante cortes de luz?<\/strong><br>No, requieren alimentaci\u00f3n, pero a diferencia del gas, son resistentes a crisis de combustibles y precios del petr\u00f3leo.<\/p>\n\n\n\n<p><strong>\u00bfQu\u00e9 habitaciones se adaptan mejor a una chimenea el\u00e9ctrica?<\/strong><br>Ideales para salones, dormitorios o despachos \u2013 las&nbsp;<strong>chimeneas el\u00e9ctricas<\/strong>&nbsp;combinan dise\u00f1o y practicidad todo el a\u00f1o.<\/p>\n","protected":false},"excerpt":{"rendered":"<p>La crisis de combustibles y gas en Oriente Medio provoca subidas bruscas en los precios del petr\u00f3leo y del gas, elevando dr\u00e1sticamente los costos de calefacci\u00f3n en los hogares. La calefacci\u00f3n a gas se convierte en una fuente de gastos continuos, con suministros inestables de &hellip; <\/p>\n","protected":false},"author":1,"featured_media":1458,"comment_status":"closed","ping_status":"closed","sticky":false,"template":"","format":"standard","meta":{"footnotes":""},"categories":[29],"tags":[396,399,401,848,581,850,791,831,579,742,577,607,575,609],"class_list":["post-1463","post","type-post","status-publish","format-standard","has-post-thumbnail","hentry","category-bez-kategorii-es","tag-chimenea-cerrada","tag-chimenea-clasica","tag-chimenea-electrica","tag-chimenea-electrica-con-funcion-de-calefaccion","tag-chimeneas-electricas-aflamo","tag-chimeneas-electricas-con-carcasa","tag-chimeneas-electricas-con-funcion-de-calefaccion","tag-chimeneas-electricas-con-revestimiento","tag-chimeneas-electricas-con-sonido","tag-chimeneas-electricas-de-pared-elite","tag-chimeneas-electricas-majestic-pro","tag-chimeneas-electricas-royal-3d","tag-chimeneas-electricas-royal-pro","tag-chimeneas-electricas-superb-3d"],"yoast_head":"<!-- This site is optimized with the Yoast SEO plugin v25.7 - https:\/\/yoast.com\/wordpress\/plugins\/seo\/ -->\n<title>Precios del petr\u00f3leo impactantes y chimenea el\u00e9ctrica<\/title>\n<meta name=\"description\" content=\"La crisis en Oriente Medio est\u00e1 provocando fuertes subidas en los precios del petr\u00f3leo y el gas. \u00bfNecesita una soluci\u00f3n fiable para estos tiempos? Chimeneas el\u00e9ctricas\" \/>\n<meta name=\"robots\" content=\"index, follow, max-snippet:-1, max-image-preview:large, max-video-preview:-1\" \/>\n<link rel=\"canonical\" href=\"https:\/\/kominki-elektryczne.pl\/blog\/es\/2026\/03\/12\/precios-del-petroleo-impactantes-y-chimenea-electrica\/\" \/>\n<meta property=\"og:locale\" content=\"pl_PL\" \/>\n<meta property=\"og:type\" content=\"article\" \/>\n<meta property=\"og:title\" content=\"Precios del petr\u00f3leo impactantes y chimenea el\u00e9ctrica\" \/>\n<meta property=\"og:description\" content=\"La crisis en Oriente Medio est\u00e1 provocando fuertes subidas en los precios del petr\u00f3leo y el gas. \u00bfNecesita una soluci\u00f3n fiable para estos tiempos? Chimeneas el\u00e9ctricas\" \/>\n<meta property=\"og:url\" content=\"https:\/\/kominki-elektryczne.pl\/blog\/es\/2026\/03\/12\/precios-del-petroleo-impactantes-y-chimenea-electrica\/\" \/>\n<meta property=\"og:site_name\" content=\"Kominki-Elektryczne.pl\" \/>\n<meta property=\"article:publisher\" content=\"https:\/\/www.facebook.com\/elektrycznekominki\" \/>\n<meta property=\"article:published_time\" content=\"2026-03-12T11:15:22+00:00\" \/>\n<meta property=\"article:modified_time\" content=\"2026-03-19T12:51:42+00:00\" \/>\n<meta property=\"og:image\" content=\"https:\/\/kominki-elektryczne.pl\/blog\/wp-content\/uploads\/2026\/03\/ChatGPT-Image-12-mar-2026-10_31_21-1024x683.png\" \/>\n\t<meta property=\"og:image:width\" content=\"1024\" \/>\n\t<meta property=\"og:image:height\" content=\"683\" \/>\n\t<meta property=\"og:image:type\" content=\"image\/png\" \/>\n<meta name=\"author\" content=\"Kominkowy\" \/>\n<meta name=\"twitter:card\" content=\"summary_large_image\" \/>\n<meta name=\"twitter:label1\" content=\"Napisane przez\" \/>\n\t<meta name=\"twitter:data1\" content=\"Kominkowy\" \/>\n\t<meta name=\"twitter:label2\" content=\"Szacowany czas czytania\" \/>\n\t<meta name=\"twitter:data2\" content=\"4 minuty\" \/>\n<script type=\"application\/ld+json\" class=\"yoast-schema-graph\">{\"@context\":\"https:\/\/schema.org\",\"@graph\":[{\"@type\":\"Article\",\"@id\":\"https:\/\/kominki-elektryczne.pl\/blog\/es\/2026\/03\/12\/precios-del-petroleo-impactantes-y-chimenea-electrica\/#article\",\"isPartOf\":{\"@id\":\"https:\/\/kominki-elektryczne.pl\/blog\/es\/2026\/03\/12\/precios-del-petroleo-impactantes-y-chimenea-electrica\/\"},\"author\":{\"name\":\"Kominkowy\",\"@id\":\"https:\/\/kominki-elektryczne.pl\/blog\/#\/schema\/person\/045e7544e3e90364f5f82cc509123089\"},\"headline\":\"Precios Impactantes del Petr\u00f3leo y Calefacci\u00f3n con Chimenea El\u00e9ctrica\",\"datePublished\":\"2026-03-12T11:15:22+00:00\",\"dateModified\":\"2026-03-19T12:51:42+00:00\",\"mainEntityOfPage\":{\"@id\":\"https:\/\/kominki-elektryczne.pl\/blog\/es\/2026\/03\/12\/precios-del-petroleo-impactantes-y-chimenea-electrica\/\"},\"wordCount\":625,\"publisher\":{\"@id\":\"https:\/\/kominki-elektryczne.pl\/blog\/#organization\"},\"image\":{\"@id\":\"https:\/\/kominki-elektryczne.pl\/blog\/es\/2026\/03\/12\/precios-del-petroleo-impactantes-y-chimenea-electrica\/#primaryimage\"},\"thumbnailUrl\":\"https:\/\/kominki-elektryczne.pl\/blog\/wp-content\/uploads\/2026\/03\/ChatGPT-Image-12-mar-2026-10_31_21.png\",\"keywords\":[\"chimenea cerrada\",\"chimenea cl\u00e1sica\",\"chimenea electrica\",\"Chimenea el\u00e9ctrica con funci\u00f3n de calefacci\u00f3n\",\"Chimeneas el\u00e9ctricas aflamo\",\"chimeneas el\u00e9ctricas con carcasa\",\"chimeneas el\u00e9ctricas con funci\u00f3n de calefacci\u00f3n\",\"Chimeneas el\u00e9ctricas con revestimiento\",\"chimeneas el\u00e9ctricas con sonido\",\"Chimeneas el\u00e9ctricas de pared elite\",\"chimeneas el\u00e9ctricas Majestic Pro\",\"chimeneas el\u00e9ctricas Royal 3D\",\"chimeneas el\u00e9ctricas Royal Pro\",\"chimeneas el\u00e9ctricas Superb 3D\"],\"inLanguage\":\"pl-PL\"},{\"@type\":\"WebPage\",\"@id\":\"https:\/\/kominki-elektryczne.pl\/blog\/es\/2026\/03\/12\/precios-del-petroleo-impactantes-y-chimenea-electrica\/\",\"url\":\"https:\/\/kominki-elektryczne.pl\/blog\/es\/2026\/03\/12\/precios-del-petroleo-impactantes-y-chimenea-electrica\/\",\"name\":\"Precios del petr\u00f3leo impactantes y chimenea el\u00e9ctrica\",\"isPartOf\":{\"@id\":\"https:\/\/kominki-elektryczne.pl\/blog\/#website\"},\"primaryImageOfPage\":{\"@id\":\"https:\/\/kominki-elektryczne.pl\/blog\/es\/2026\/03\/12\/precios-del-petroleo-impactantes-y-chimenea-electrica\/#primaryimage\"},\"image\":{\"@id\":\"https:\/\/kominki-elektryczne.pl\/blog\/es\/2026\/03\/12\/precios-del-petroleo-impactantes-y-chimenea-electrica\/#primaryimage\"},\"thumbnailUrl\":\"https:\/\/kominki-elektryczne.pl\/blog\/wp-content\/uploads\/2026\/03\/ChatGPT-Image-12-mar-2026-10_31_21.png\",\"datePublished\":\"2026-03-12T11:15:22+00:00\",\"dateModified\":\"2026-03-19T12:51:42+00:00\",\"description\":\"La crisis en Oriente Medio est\u00e1 provocando fuertes subidas en los precios del petr\u00f3leo y el gas. \u00bfNecesita una soluci\u00f3n fiable para estos tiempos? Chimeneas el\u00e9ctricas\",\"breadcrumb\":{\"@id\":\"https:\/\/kominki-elektryczne.pl\/blog\/es\/2026\/03\/12\/precios-del-petroleo-impactantes-y-chimenea-electrica\/#breadcrumb\"},\"inLanguage\":\"pl-PL\",\"potentialAction\":[{\"@type\":\"ReadAction\",\"target\":[\"https:\/\/kominki-elektryczne.pl\/blog\/es\/2026\/03\/12\/precios-del-petroleo-impactantes-y-chimenea-electrica\/\"]}]},{\"@type\":\"ImageObject\",\"inLanguage\":\"pl-PL\",\"@id\":\"https:\/\/kominki-elektryczne.pl\/blog\/es\/2026\/03\/12\/precios-del-petroleo-impactantes-y-chimenea-electrica\/#primaryimage\",\"url\":\"https:\/\/kominki-elektryczne.pl\/blog\/wp-content\/uploads\/2026\/03\/ChatGPT-Image-12-mar-2026-10_31_21.png\",\"contentUrl\":\"https:\/\/kominki-elektryczne.pl\/blog\/wp-content\/uploads\/2026\/03\/ChatGPT-Image-12-mar-2026-10_31_21.png\",\"width\":1536,\"height\":1024},{\"@type\":\"BreadcrumbList\",\"@id\":\"https:\/\/kominki-elektryczne.pl\/blog\/es\/2026\/03\/12\/precios-del-petroleo-impactantes-y-chimenea-electrica\/#breadcrumb\",\"itemListElement\":[{\"@type\":\"ListItem\",\"position\":1,\"name\":\"Strona g\u0142\u00f3wna\",\"item\":\"https:\/\/kominki-elektryczne.pl\/blog\/\"},{\"@type\":\"ListItem\",\"position\":2,\"name\":\"Precios Impactantes del Petr\u00f3leo y Calefacci\u00f3n con Chimenea El\u00e9ctrica\"}]},{\"@type\":\"WebSite\",\"@id\":\"https:\/\/kominki-elektryczne.pl\/blog\/#website\",\"url\":\"https:\/\/kominki-elektryczne.pl\/blog\/\",\"name\":\"Kominki-Elektryczne.pl\",\"description\":\"Opisy - Porady - Recenzje\",\"publisher\":{\"@id\":\"https:\/\/kominki-elektryczne.pl\/blog\/#organization\"},\"potentialAction\":[{\"@type\":\"SearchAction\",\"target\":{\"@type\":\"EntryPoint\",\"urlTemplate\":\"https:\/\/kominki-elektryczne.pl\/blog\/?s={search_term_string}\"},\"query-input\":{\"@type\":\"PropertyValueSpecification\",\"valueRequired\":true,\"valueName\":\"search_term_string\"}}],\"inLanguage\":\"pl-PL\"},{\"@type\":\"Organization\",\"@id\":\"https:\/\/kominki-elektryczne.pl\/blog\/#organization\",\"name\":\"Kominki-Elektryczne.pl\",\"url\":\"https:\/\/kominki-elektryczne.pl\/blog\/\",\"logo\":{\"@type\":\"ImageObject\",\"inLanguage\":\"pl-PL\",\"@id\":\"https:\/\/kominki-elektryczne.pl\/blog\/#\/schema\/logo\/image\/\",\"url\":\"https:\/\/kominki-elektryczne.pl\/blog\/wp-content\/uploads\/2025\/04\/cropped-LogoAflamo.jpg\",\"contentUrl\":\"https:\/\/kominki-elektryczne.pl\/blog\/wp-content\/uploads\/2025\/04\/cropped-LogoAflamo.jpg\",\"width\":200,\"height\":58,\"caption\":\"Kominki-Elektryczne.pl\"},\"image\":{\"@id\":\"https:\/\/kominki-elektryczne.pl\/blog\/#\/schema\/logo\/image\/\"},\"sameAs\":[\"https:\/\/www.facebook.com\/elektrycznekominki\"]},{\"@type\":\"Person\",\"@id\":\"https:\/\/kominki-elektryczne.pl\/blog\/#\/schema\/person\/045e7544e3e90364f5f82cc509123089\",\"name\":\"Kominkowy\",\"image\":{\"@type\":\"ImageObject\",\"inLanguage\":\"pl-PL\",\"@id\":\"https:\/\/kominki-elektryczne.pl\/blog\/#\/schema\/person\/image\/\",\"url\":\"https:\/\/secure.gravatar.com\/avatar\/8c15720599195e8ba4119df2db28ce7e?s=96&d=mm&r=g\",\"contentUrl\":\"https:\/\/secure.gravatar.com\/avatar\/8c15720599195e8ba4119df2db28ce7e?s=96&d=mm&r=g\",\"caption\":\"Kominkowy\"},\"sameAs\":[\"http:\/\/www.kominki-elektryczne.pl\"],\"url\":\"https:\/\/kominki-elektryczne.pl\/blog\/author\/led-handel\/\"}]}<\/script>\n<!-- \/ Yoast SEO plugin. -->","yoast_head_json":{"title":"Precios del petr\u00f3leo impactantes y chimenea el\u00e9ctrica","description":"La crisis en Oriente Medio est\u00e1 provocando fuertes subidas en los precios del petr\u00f3leo y el gas. \u00bfNecesita una soluci\u00f3n fiable para estos tiempos? Chimeneas el\u00e9ctricas","robots":{"index":"index","follow":"follow","max-snippet":"max-snippet:-1","max-image-preview":"max-image-preview:large","max-video-preview":"max-video-preview:-1"},"canonical":"https:\/\/kominki-elektryczne.pl\/blog\/es\/2026\/03\/12\/precios-del-petroleo-impactantes-y-chimenea-electrica\/","og_locale":"pl_PL","og_type":"article","og_title":"Precios del petr\u00f3leo impactantes y chimenea el\u00e9ctrica","og_description":"La crisis en Oriente Medio est\u00e1 provocando fuertes subidas en los precios del petr\u00f3leo y el gas. \u00bfNecesita una soluci\u00f3n fiable para estos tiempos? Chimeneas el\u00e9ctricas","og_url":"https:\/\/kominki-elektryczne.pl\/blog\/es\/2026\/03\/12\/precios-del-petroleo-impactantes-y-chimenea-electrica\/","og_site_name":"Kominki-Elektryczne.pl","article_publisher":"https:\/\/www.facebook.com\/elektrycznekominki","article_published_time":"2026-03-12T11:15:22+00:00","article_modified_time":"2026-03-19T12:51:42+00:00","og_image":[{"width":1024,"height":683,"url":"https:\/\/kominki-elektryczne.pl\/blog\/wp-content\/uploads\/2026\/03\/ChatGPT-Image-12-mar-2026-10_31_21-1024x683.png","type":"image\/png"}],"author":"Kominkowy","twitter_card":"summary_large_image","twitter_misc":{"Napisane przez":"Kominkowy","Szacowany czas czytania":"4 minuty"},"schema":{"@context":"https:\/\/schema.org","@graph":[{"@type":"Article","@id":"https:\/\/kominki-elektryczne.pl\/blog\/es\/2026\/03\/12\/precios-del-petroleo-impactantes-y-chimenea-electrica\/#article","isPartOf":{"@id":"https:\/\/kominki-elektryczne.pl\/blog\/es\/2026\/03\/12\/precios-del-petroleo-impactantes-y-chimenea-electrica\/"},"author":{"name":"Kominkowy","@id":"https:\/\/kominki-elektryczne.pl\/blog\/#\/schema\/person\/045e7544e3e90364f5f82cc509123089"},"headline":"Precios Impactantes del Petr\u00f3leo y Calefacci\u00f3n con Chimenea El\u00e9ctrica","datePublished":"2026-03-12T11:15:22+00:00","dateModified":"2026-03-19T12:51:42+00:00","mainEntityOfPage":{"@id":"https:\/\/kominki-elektryczne.pl\/blog\/es\/2026\/03\/12\/precios-del-petroleo-impactantes-y-chimenea-electrica\/"},"wordCount":625,"publisher":{"@id":"https:\/\/kominki-elektryczne.pl\/blog\/#organization"},"image":{"@id":"https:\/\/kominki-elektryczne.pl\/blog\/es\/2026\/03\/12\/precios-del-petroleo-impactantes-y-chimenea-electrica\/#primaryimage"},"thumbnailUrl":"https:\/\/kominki-elektryczne.pl\/blog\/wp-content\/uploads\/2026\/03\/ChatGPT-Image-12-mar-2026-10_31_21.png","keywords":["chimenea cerrada","chimenea cl\u00e1sica","chimenea electrica","Chimenea el\u00e9ctrica con funci\u00f3n de calefacci\u00f3n","Chimeneas el\u00e9ctricas aflamo","chimeneas el\u00e9ctricas con carcasa","chimeneas el\u00e9ctricas con funci\u00f3n de calefacci\u00f3n","Chimeneas el\u00e9ctricas con revestimiento","chimeneas el\u00e9ctricas con sonido","Chimeneas el\u00e9ctricas de pared elite","chimeneas el\u00e9ctricas Majestic Pro","chimeneas el\u00e9ctricas Royal 3D","chimeneas el\u00e9ctricas Royal Pro","chimeneas el\u00e9ctricas Superb 3D"],"inLanguage":"pl-PL"},{"@type":"WebPage","@id":"https:\/\/kominki-elektryczne.pl\/blog\/es\/2026\/03\/12\/precios-del-petroleo-impactantes-y-chimenea-electrica\/","url":"https:\/\/kominki-elektryczne.pl\/blog\/es\/2026\/03\/12\/precios-del-petroleo-impactantes-y-chimenea-electrica\/","name":"Precios del petr\u00f3leo impactantes y chimenea el\u00e9ctrica","isPartOf":{"@id":"https:\/\/kominki-elektryczne.pl\/blog\/#website"},"primaryImageOfPage":{"@id":"https:\/\/kominki-elektryczne.pl\/blog\/es\/2026\/03\/12\/precios-del-petroleo-impactantes-y-chimenea-electrica\/#primaryimage"},"image":{"@id":"https:\/\/kominki-elektryczne.pl\/blog\/es\/2026\/03\/12\/precios-del-petroleo-impactantes-y-chimenea-electrica\/#primaryimage"},"thumbnailUrl":"https:\/\/kominki-elektryczne.pl\/blog\/wp-content\/uploads\/2026\/03\/ChatGPT-Image-12-mar-2026-10_31_21.png","datePublished":"2026-03-12T11:15:22+00:00","dateModified":"2026-03-19T12:51:42+00:00","description":"La crisis en Oriente Medio est\u00e1 provocando fuertes subidas en los precios del petr\u00f3leo y el gas. \u00bfNecesita una soluci\u00f3n fiable para estos tiempos? Chimeneas el\u00e9ctricas","breadcrumb":{"@id":"https:\/\/kominki-elektryczne.pl\/blog\/es\/2026\/03\/12\/precios-del-petroleo-impactantes-y-chimenea-electrica\/#breadcrumb"},"inLanguage":"pl-PL","potentialAction":[{"@type":"ReadAction","target":["https:\/\/kominki-elektryczne.pl\/blog\/es\/2026\/03\/12\/precios-del-petroleo-impactantes-y-chimenea-electrica\/"]}]},{"@type":"ImageObject","inLanguage":"pl-PL","@id":"https:\/\/kominki-elektryczne.pl\/blog\/es\/2026\/03\/12\/precios-del-petroleo-impactantes-y-chimenea-electrica\/#primaryimage","url":"https:\/\/kominki-elektryczne.pl\/blog\/wp-content\/uploads\/2026\/03\/ChatGPT-Image-12-mar-2026-10_31_21.png","contentUrl":"https:\/\/kominki-elektryczne.pl\/blog\/wp-content\/uploads\/2026\/03\/ChatGPT-Image-12-mar-2026-10_31_21.png","width":1536,"height":1024},{"@type":"BreadcrumbList","@id":"https:\/\/kominki-elektryczne.pl\/blog\/es\/2026\/03\/12\/precios-del-petroleo-impactantes-y-chimenea-electrica\/#breadcrumb","itemListElement":[{"@type":"ListItem","position":1,"name":"Strona g\u0142\u00f3wna","item":"https:\/\/kominki-elektryczne.pl\/blog\/"},{"@type":"ListItem","position":2,"name":"Precios Impactantes del Petr\u00f3leo y Calefacci\u00f3n con Chimenea El\u00e9ctrica"}]},{"@type":"WebSite","@id":"https:\/\/kominki-elektryczne.pl\/blog\/#website","url":"https:\/\/kominki-elektryczne.pl\/blog\/","name":"Kominki-Elektryczne.pl","description":"Opisy - Porady - Recenzje","publisher":{"@id":"https:\/\/kominki-elektryczne.pl\/blog\/#organization"},"potentialAction":[{"@type":"SearchAction","target":{"@type":"EntryPoint","urlTemplate":"https:\/\/kominki-elektryczne.pl\/blog\/?s={search_term_string}"},"query-input":{"@type":"PropertyValueSpecification","valueRequired":true,"valueName":"search_term_string"}}],"inLanguage":"pl-PL"},{"@type":"Organization","@id":"https:\/\/kominki-elektryczne.pl\/blog\/#organization","name":"Kominki-Elektryczne.pl","url":"https:\/\/kominki-elektryczne.pl\/blog\/","logo":{"@type":"ImageObject","inLanguage":"pl-PL","@id":"https:\/\/kominki-elektryczne.pl\/blog\/#\/schema\/logo\/image\/","url":"https:\/\/kominki-elektryczne.pl\/blog\/wp-content\/uploads\/2025\/04\/cropped-LogoAflamo.jpg","contentUrl":"https:\/\/kominki-elektryczne.pl\/blog\/wp-content\/uploads\/2025\/04\/cropped-LogoAflamo.jpg","width":200,"height":58,"caption":"Kominki-Elektryczne.pl"},"image":{"@id":"https:\/\/kominki-elektryczne.pl\/blog\/#\/schema\/logo\/image\/"},"sameAs":["https:\/\/www.facebook.com\/elektrycznekominki"]},{"@type":"Person","@id":"https:\/\/kominki-elektryczne.pl\/blog\/#\/schema\/person\/045e7544e3e90364f5f82cc509123089","name":"Kominkowy","image":{"@type":"ImageObject","inLanguage":"pl-PL","@id":"https:\/\/kominki-elektryczne.pl\/blog\/#\/schema\/person\/image\/","url":"https:\/\/secure.gravatar.com\/avatar\/8c15720599195e8ba4119df2db28ce7e?s=96&d=mm&r=g","contentUrl":"https:\/\/secure.gravatar.com\/avatar\/8c15720599195e8ba4119df2db28ce7e?s=96&d=mm&r=g","caption":"Kominkowy"},"sameAs":["http:\/\/www.kominki-elektryczne.pl"],"url":"https:\/\/kominki-elektryczne.pl\/blog\/author\/led-handel\/"}]}},"_links":{"self":[{"href":"https:\/\/kominki-elektryczne.pl\/blog\/wp-json\/wp\/v2\/posts\/1463","targetHints":{"allow":["GET"]}}],"collection":[{"href":"https:\/\/kominki-elektryczne.pl\/blog\/wp-json\/wp\/v2\/posts"}],"about":[{"href":"https:\/\/kominki-elektryczne.pl\/blog\/wp-json\/wp\/v2\/types\/post"}],"author":[{"embeddable":true,"href":"https:\/\/kominki-elektryczne.pl\/blog\/wp-json\/wp\/v2\/users\/1"}],"replies":[{"embeddable":true,"href":"https:\/\/kominki-elektryczne.pl\/blog\/wp-json\/wp\/v2\/comments?post=1463"}],"version-history":[{"count":1,"href":"https:\/\/kominki-elektryczne.pl\/blog\/wp-json\/wp\/v2\/posts\/1463\/revisions"}],"predecessor-version":[{"id":1464,"href":"https:\/\/kominki-elektryczne.pl\/blog\/wp-json\/wp\/v2\/posts\/1463\/revisions\/1464"}],"wp:featuredmedia":[{"embeddable":true,"href":"https:\/\/kominki-elektryczne.pl\/blog\/wp-json\/wp\/v2\/media\/1458"}],"wp:attachment":[{"href":"https:\/\/kominki-elektryczne.pl\/blog\/wp-json\/wp\/v2\/media?parent=1463"}],"wp:term":[{"taxonomy":"category","embeddable":true,"href":"https:\/\/kominki-elektryczne.pl\/blog\/wp-json\/wp\/v2\/categories?post=1463"},{"taxonomy":"post_tag","embeddable":true,"href":"https:\/\/kominki-elektryczne.pl\/blog\/wp-json\/wp\/v2\/tags?post=1463"}],"curies":[{"name":"wp","href":"https:\/\/api.w.org\/{rel}","templated":true}]}}