{"id":187,"date":"2019-09-27T15:12:26","date_gmt":"2019-09-27T13:12:26","guid":{"rendered":"https:\/\/kominki-elektryczne.pl\/blog\/?p=187"},"modified":"2024-10-08T12:14:48","modified_gmt":"2024-10-08T10:14:48","slug":"sezon-grzewczy-porownanie-trzech-kominkow","status":"publish","type":"post","link":"https:\/\/kominki-elektryczne.pl\/blog\/2019\/09\/27\/sezon-grzewczy-porownanie-trzech-kominkow\/","title":{"rendered":"Sezon grzewczy \u2013 por\u00f3wnanie trzech komink\u00f3w."},"content":{"rendered":"<p>Dzie\u0144 dobry<\/p>\n<p>Rozpoczyna si\u0119 sezon grzewczy, mamy par\u0119 propozycji do rozgrzania Waszych wn\u0119trz:<\/p>\n<p><strong>1. Biokominek<\/strong><\/p>\n<p>Biokominki jest to \u017cywy ogie\u0144, kt\u00f3ry pojawia si\u0119 dzi\u0119ki podpaleniu specjalnego biopaliwa. Biokominek jest w stanie nieznacznie podwy\u017cszy\u0107 nasz\u0105 temperatur\u0119 w pomieszczeniu. Jest to jeden z najmniej efektywnych sposob\u00f3w ogrzewania pomieszcze\u0144.<\/p>\n<p>Poni\u017cej link do naszych biokomink\u00f3w:<\/p>\n<p><a href=\"https:\/\/www.kominki-elektryczne.pl\/pl\/20-biokominki\">https:\/\/www.kominki-elektryczne.pl\/pl\/20-biokominki<\/a><\/p>\n<p><img loading=\"lazy\" decoding=\"async\" class=\"wp-image-188 aligncenter\" src=\"https:\/\/kominki-elektryczne.pl\/blog\/wp-content\/uploads\/2019\/09\/biokominek-bodo-2w1-klasyczny-aflamo-model-2019-300x300.jpg\" alt=\"\" width=\"414\" height=\"414\" srcset=\"https:\/\/kominki-elektryczne.pl\/blog\/wp-content\/uploads\/2019\/09\/biokominek-bodo-2w1-klasyczny-aflamo-model-2019-300x300.jpg 300w, https:\/\/kominki-elektryczne.pl\/blog\/wp-content\/uploads\/2019\/09\/biokominek-bodo-2w1-klasyczny-aflamo-model-2019-150x150.jpg 150w, https:\/\/kominki-elektryczne.pl\/blog\/wp-content\/uploads\/2019\/09\/biokominek-bodo-2w1-klasyczny-aflamo-model-2019-768x768.jpg 768w, https:\/\/kominki-elektryczne.pl\/blog\/wp-content\/uploads\/2019\/09\/biokominek-bodo-2w1-klasyczny-aflamo-model-2019-100x100.jpg 100w, https:\/\/kominki-elektryczne.pl\/blog\/wp-content\/uploads\/2019\/09\/biokominek-bodo-2w1-klasyczny-aflamo-model-2019.jpg 800w\" sizes=\"auto, (max-width: 414px) 100vw, 414px\" \/><\/p>\n<p><strong>2. Kominek elektryczny<\/strong><\/p>\n<p>Kominek elektryczny potrafi dogrza\u0107 pomieszczenie do 43 metr\u00f3w kwadratowych. Wiele z tych modeli posiada termostat. Polega to na ustawieniu dowolnej temperatury. Kominek nagrzewa pomieszczenie i po osi\u0105gni\u0119ciu ustawionej temperatury po prostu wy\u0142\u0105cza grzanie. Gdy kominek elektryczny wyczuje spadek temperatury to na nowo za\u0142\u0105cza ogrzewanie, aby dogrza\u0107 pomieszczenie do wymaganej temperatury.<\/p>\n<p>Poni\u017cej link do przyk\u0142adowych komink\u00f3w elektrycznych:<\/p>\n<p><a href=\"https:\/\/www.kominki-elektryczne.pl\/pl\/14-kominki-led-3d-z-obudowa\">https:\/\/www.kominki-elektryczne.pl\/pl\/14-kominki-led-3d-z-obudowa<\/a><\/p>\n<p><img loading=\"lazy\" decoding=\"async\" class=\" wp-image-190 aligncenter\" src=\"https:\/\/kominki-elektryczne.pl\/blog\/wp-content\/uploads\/2019\/09\/wklad-kominkowy-aflamo-led-60-300x300.jpg\" alt=\"\" width=\"407\" height=\"407\" srcset=\"https:\/\/kominki-elektryczne.pl\/blog\/wp-content\/uploads\/2019\/09\/wklad-kominkowy-aflamo-led-60-300x300.jpg 300w, https:\/\/kominki-elektryczne.pl\/blog\/wp-content\/uploads\/2019\/09\/wklad-kominkowy-aflamo-led-60-150x150.jpg 150w, https:\/\/kominki-elektryczne.pl\/blog\/wp-content\/uploads\/2019\/09\/wklad-kominkowy-aflamo-led-60-768x768.jpg 768w, https:\/\/kominki-elektryczne.pl\/blog\/wp-content\/uploads\/2019\/09\/wklad-kominkowy-aflamo-led-60-100x100.jpg 100w, https:\/\/kominki-elektryczne.pl\/blog\/wp-content\/uploads\/2019\/09\/wklad-kominkowy-aflamo-led-60.jpg 800w\" sizes=\"auto, (max-width: 407px) 100vw, 407px\" \/><\/p>\n<p><strong><a href=\"https:\/\/www.kominki-elektryczne.pl\/pl\/\">3. Kominki elektryczne na podczerwie\u0144<\/a><\/strong><\/p>\n<p>Jest to jeden z najlepszych i najbardziej wydajnych komink\u00f3w elektrycznych, kt\u00f3ry jest w sprzeda\u017cy firmy Aflamo i Classic Flame. W modelu przewag\u0105 jest grzanie na podczerwie\u0144, kt\u00f3re jest najbardziej wydajne ze wszystkich oferowanych komink\u00f3w elektrycznych. Potrafi on dogrza\u0107 pomieszczenie a\u017c do 93 metr\u00f3w kwadratowych pobieraj\u0105c przy tym mniej mocy (dane producenta). Oczywi\u015bcie posiada on r\u00f3wnie\u017c termostat i wiele funkcji dodatkowych. Jedn\u0105 z tych funkcji jest np. Safe Sensor, kt\u00f3ry dba o bezpiecze\u0144stwo wszystkich domownik\u00f3w. Dzia\u0142a on na zasadzie czujnika automatycznie wy\u0142\u0105czaj\u0105cego funkcje grzania, kt\u00f3ry zabezpiecza przed spaleniem w momencie przys\u0142onienia kominka przez np. obrus, firan\u0119 inne cia\u0142o obce. Do tego wk\u0142adu elektrycznego mo\u017cna dobra\u0107 sobie r\u00f3\u017cne obudowy kominkowe.<\/p>\n<p>Poni\u017cej link do przyk\u0142adowych wk\u0142ad\u00f3w elektrycznych na podczerwie\u0144:<\/p>\n<p><a href=\"https:\/\/www.kominki-elektryczne.pl\/pl\/szukaj?controller=search&amp;orderby=position&amp;orderway=desc&amp;search_query=wk\u0142ad+elektryczny+na+podczerwien+infrared&amp;submit_search\">https:\/\/www.kominki-elektryczne.pl\/pl\/szukaj?controller=search&amp;orderby=position&amp;orderway=desc&amp;search_query=wk%C5%82ad+elektryczny+na+podczerwien+infrared&amp;submit_search<\/a>=<\/p>\n<p><img loading=\"lazy\" decoding=\"async\" class=\" wp-image-189 aligncenter\" src=\"https:\/\/kominki-elektryczne.pl\/blog\/wp-content\/uploads\/2019\/09\/wklad-elektryczny-3d-32-infrared-classic-flame-model-2019-300x300.jpg\" alt=\"\" width=\"387\" height=\"387\" srcset=\"https:\/\/kominki-elektryczne.pl\/blog\/wp-content\/uploads\/2019\/09\/wklad-elektryczny-3d-32-infrared-classic-flame-model-2019-300x300.jpg 300w, https:\/\/kominki-elektryczne.pl\/blog\/wp-content\/uploads\/2019\/09\/wklad-elektryczny-3d-32-infrared-classic-flame-model-2019-150x150.jpg 150w, https:\/\/kominki-elektryczne.pl\/blog\/wp-content\/uploads\/2019\/09\/wklad-elektryczny-3d-32-infrared-classic-flame-model-2019-768x768.jpg 768w, https:\/\/kominki-elektryczne.pl\/blog\/wp-content\/uploads\/2019\/09\/wklad-elektryczny-3d-32-infrared-classic-flame-model-2019-100x100.jpg 100w, https:\/\/kominki-elektryczne.pl\/blog\/wp-content\/uploads\/2019\/09\/wklad-elektryczny-3d-32-infrared-classic-flame-model-2019.jpg 800w\" sizes=\"auto, (max-width: 387px) 100vw, 387px\" \/><\/p>\n<p>Polecamy kominek z wk\u0142adem na podczerwie\u0144 ze wzgl\u0119du na jego wydajno\u015b\u0107 jest to najdro\u017csza opcja, ale napewno szybko si\u0119 zwr\u00f3ci.<\/p>\n","protected":false},"excerpt":{"rendered":"<p>Dzie\u0144 dobry Rozpoczyna si\u0119 sezon grzewczy, mamy par\u0119 propozycji do rozgrzania Waszych wn\u0119trz: 1. Biokominek Biokominki jest to \u017cywy ogie\u0144, kt\u00f3ry pojawia si\u0119 dzi\u0119ki podpaleniu specjalnego biopaliwa. Biokominek jest w stanie nieznacznie podwy\u017cszy\u0107 nasz\u0105 temperatur\u0119 w pomieszczeniu. Jest to jeden z najmniej efektywnych sposob\u00f3w ogrzewania &hellip; <\/p>\n","protected":false},"author":1,"featured_media":0,"comment_status":"closed","ping_status":"closed","sticky":false,"template":"","format":"standard","meta":{"footnotes":""},"categories":[1],"tags":[],"class_list":["post-187","post","type-post","status-publish","format-standard","hentry","category-bez-kategorii"],"yoast_head":"<!-- This site is optimized with the Yoast SEO plugin v25.7 - https:\/\/yoast.com\/wordpress\/plugins\/seo\/ -->\n<title>Sezon grzewczy \u2013 por\u00f3wnanie trzech komink\u00f3w. - Kominki-Elektryczne.pl<\/title>\n<meta name=\"robots\" content=\"index, follow, max-snippet:-1, max-image-preview:large, max-video-preview:-1\" \/>\n<link rel=\"canonical\" href=\"https:\/\/kominki-elektryczne.pl\/blog\/2019\/09\/27\/sezon-grzewczy-porownanie-trzech-kominkow\/\" \/>\n<meta property=\"og:locale\" content=\"pl_PL\" \/>\n<meta property=\"og:type\" content=\"article\" \/>\n<meta property=\"og:title\" content=\"Sezon grzewczy \u2013 por\u00f3wnanie trzech komink\u00f3w. - Kominki-Elektryczne.pl\" \/>\n<meta property=\"og:description\" content=\"Dzie\u0144 dobry Rozpoczyna si\u0119 sezon grzewczy, mamy par\u0119 propozycji do rozgrzania Waszych wn\u0119trz: 1. Biokominek Biokominki jest to \u017cywy ogie\u0144, kt\u00f3ry pojawia si\u0119 dzi\u0119ki podpaleniu specjalnego biopaliwa. Biokominek jest w stanie nieznacznie podwy\u017cszy\u0107 nasz\u0105 temperatur\u0119 w pomieszczeniu. Jest to jeden z najmniej efektywnych sposob\u00f3w ogrzewania &hellip;\" \/>\n<meta property=\"og:url\" content=\"https:\/\/kominki-elektryczne.pl\/blog\/2019\/09\/27\/sezon-grzewczy-porownanie-trzech-kominkow\/\" \/>\n<meta property=\"og:site_name\" content=\"Kominki-Elektryczne.pl\" \/>\n<meta property=\"article:publisher\" content=\"https:\/\/www.facebook.com\/elektrycznekominki\" \/>\n<meta property=\"article:published_time\" content=\"2019-09-27T13:12:26+00:00\" \/>\n<meta property=\"article:modified_time\" content=\"2024-10-08T10:14:48+00:00\" \/>\n<meta property=\"og:image\" content=\"https:\/\/kominki-elektryczne.pl\/blog\/wp-content\/uploads\/2019\/09\/biokominek-bodo-2w1-klasyczny-aflamo-model-2019.jpg\" \/>\n\t<meta property=\"og:image:width\" content=\"800\" \/>\n\t<meta property=\"og:image:height\" content=\"800\" \/>\n\t<meta property=\"og:image:type\" content=\"image\/jpeg\" \/>\n<meta name=\"author\" content=\"Kominkowy\" \/>\n<meta name=\"twitter:card\" content=\"summary_large_image\" \/>\n<meta name=\"twitter:label1\" content=\"Napisane przez\" \/>\n\t<meta name=\"twitter:data1\" content=\"Kominkowy\" \/>\n\t<meta name=\"twitter:label2\" content=\"Szacowany czas czytania\" \/>\n\t<meta name=\"twitter:data2\" content=\"2 minuty\" \/>\n<script type=\"application\/ld+json\" class=\"yoast-schema-graph\">{\"@context\":\"https:\/\/schema.org\",\"@graph\":[{\"@type\":\"Article\",\"@id\":\"https:\/\/kominki-elektryczne.pl\/blog\/2019\/09\/27\/sezon-grzewczy-porownanie-trzech-kominkow\/#article\",\"isPartOf\":{\"@id\":\"https:\/\/kominki-elektryczne.pl\/blog\/2019\/09\/27\/sezon-grzewczy-porownanie-trzech-kominkow\/\"},\"author\":{\"name\":\"Kominkowy\",\"@id\":\"https:\/\/kominki-elektryczne.pl\/blog\/#\/schema\/person\/045e7544e3e90364f5f82cc509123089\"},\"headline\":\"Sezon grzewczy \u2013 por\u00f3wnanie trzech komink\u00f3w.\",\"datePublished\":\"2019-09-27T13:12:26+00:00\",\"dateModified\":\"2024-10-08T10:14:48+00:00\",\"mainEntityOfPage\":{\"@id\":\"https:\/\/kominki-elektryczne.pl\/blog\/2019\/09\/27\/sezon-grzewczy-porownanie-trzech-kominkow\/\"},\"wordCount\":337,\"publisher\":{\"@id\":\"https:\/\/kominki-elektryczne.pl\/blog\/#organization\"},\"image\":{\"@id\":\"https:\/\/kominki-elektryczne.pl\/blog\/2019\/09\/27\/sezon-grzewczy-porownanie-trzech-kominkow\/#primaryimage\"},\"thumbnailUrl\":\"https:\/\/kominki-elektryczne.pl\/blog\/wp-content\/uploads\/2019\/09\/biokominek-bodo-2w1-klasyczny-aflamo-model-2019-300x300.jpg\",\"inLanguage\":\"pl-PL\"},{\"@type\":\"WebPage\",\"@id\":\"https:\/\/kominki-elektryczne.pl\/blog\/2019\/09\/27\/sezon-grzewczy-porownanie-trzech-kominkow\/\",\"url\":\"https:\/\/kominki-elektryczne.pl\/blog\/2019\/09\/27\/sezon-grzewczy-porownanie-trzech-kominkow\/\",\"name\":\"Sezon grzewczy \u2013 por\u00f3wnanie trzech komink\u00f3w. - Kominki-Elektryczne.pl\",\"isPartOf\":{\"@id\":\"https:\/\/kominki-elektryczne.pl\/blog\/#website\"},\"primaryImageOfPage\":{\"@id\":\"https:\/\/kominki-elektryczne.pl\/blog\/2019\/09\/27\/sezon-grzewczy-porownanie-trzech-kominkow\/#primaryimage\"},\"image\":{\"@id\":\"https:\/\/kominki-elektryczne.pl\/blog\/2019\/09\/27\/sezon-grzewczy-porownanie-trzech-kominkow\/#primaryimage\"},\"thumbnailUrl\":\"https:\/\/kominki-elektryczne.pl\/blog\/wp-content\/uploads\/2019\/09\/biokominek-bodo-2w1-klasyczny-aflamo-model-2019-300x300.jpg\",\"datePublished\":\"2019-09-27T13:12:26+00:00\",\"dateModified\":\"2024-10-08T10:14:48+00:00\",\"breadcrumb\":{\"@id\":\"https:\/\/kominki-elektryczne.pl\/blog\/2019\/09\/27\/sezon-grzewczy-porownanie-trzech-kominkow\/#breadcrumb\"},\"inLanguage\":\"pl-PL\",\"potentialAction\":[{\"@type\":\"ReadAction\",\"target\":[\"https:\/\/kominki-elektryczne.pl\/blog\/2019\/09\/27\/sezon-grzewczy-porownanie-trzech-kominkow\/\"]}]},{\"@type\":\"ImageObject\",\"inLanguage\":\"pl-PL\",\"@id\":\"https:\/\/kominki-elektryczne.pl\/blog\/2019\/09\/27\/sezon-grzewczy-porownanie-trzech-kominkow\/#primaryimage\",\"url\":\"https:\/\/kominki-elektryczne.pl\/blog\/wp-content\/uploads\/2019\/09\/biokominek-bodo-2w1-klasyczny-aflamo-model-2019.jpg\",\"contentUrl\":\"https:\/\/kominki-elektryczne.pl\/blog\/wp-content\/uploads\/2019\/09\/biokominek-bodo-2w1-klasyczny-aflamo-model-2019.jpg\",\"width\":800,\"height\":800},{\"@type\":\"BreadcrumbList\",\"@id\":\"https:\/\/kominki-elektryczne.pl\/blog\/2019\/09\/27\/sezon-grzewczy-porownanie-trzech-kominkow\/#breadcrumb\",\"itemListElement\":[{\"@type\":\"ListItem\",\"position\":1,\"name\":\"Strona g\u0142\u00f3wna\",\"item\":\"https:\/\/kominki-elektryczne.pl\/blog\/\"},{\"@type\":\"ListItem\",\"position\":2,\"name\":\"Sezon grzewczy \u2013 por\u00f3wnanie trzech komink\u00f3w.\"}]},{\"@type\":\"WebSite\",\"@id\":\"https:\/\/kominki-elektryczne.pl\/blog\/#website\",\"url\":\"https:\/\/kominki-elektryczne.pl\/blog\/\",\"name\":\"Kominki-Elektryczne.pl\",\"description\":\"Opisy - Porady - Recenzje\",\"publisher\":{\"@id\":\"https:\/\/kominki-elektryczne.pl\/blog\/#organization\"},\"potentialAction\":[{\"@type\":\"SearchAction\",\"target\":{\"@type\":\"EntryPoint\",\"urlTemplate\":\"https:\/\/kominki-elektryczne.pl\/blog\/?s={search_term_string}\"},\"query-input\":{\"@type\":\"PropertyValueSpecification\",\"valueRequired\":true,\"valueName\":\"search_term_string\"}}],\"inLanguage\":\"pl-PL\"},{\"@type\":\"Organization\",\"@id\":\"https:\/\/kominki-elektryczne.pl\/blog\/#organization\",\"name\":\"Kominki-Elektryczne.pl\",\"url\":\"https:\/\/kominki-elektryczne.pl\/blog\/\",\"logo\":{\"@type\":\"ImageObject\",\"inLanguage\":\"pl-PL\",\"@id\":\"https:\/\/kominki-elektryczne.pl\/blog\/#\/schema\/logo\/image\/\",\"url\":\"https:\/\/kominki-elektryczne.pl\/blog\/wp-content\/uploads\/2025\/04\/cropped-LogoAflamo.jpg\",\"contentUrl\":\"https:\/\/kominki-elektryczne.pl\/blog\/wp-content\/uploads\/2025\/04\/cropped-LogoAflamo.jpg\",\"width\":200,\"height\":58,\"caption\":\"Kominki-Elektryczne.pl\"},\"image\":{\"@id\":\"https:\/\/kominki-elektryczne.pl\/blog\/#\/schema\/logo\/image\/\"},\"sameAs\":[\"https:\/\/www.facebook.com\/elektrycznekominki\"]},{\"@type\":\"Person\",\"@id\":\"https:\/\/kominki-elektryczne.pl\/blog\/#\/schema\/person\/045e7544e3e90364f5f82cc509123089\",\"name\":\"Kominkowy\",\"image\":{\"@type\":\"ImageObject\",\"inLanguage\":\"pl-PL\",\"@id\":\"https:\/\/kominki-elektryczne.pl\/blog\/#\/schema\/person\/image\/\",\"url\":\"https:\/\/secure.gravatar.com\/avatar\/8c15720599195e8ba4119df2db28ce7e?s=96&d=mm&r=g\",\"contentUrl\":\"https:\/\/secure.gravatar.com\/avatar\/8c15720599195e8ba4119df2db28ce7e?s=96&d=mm&r=g\",\"caption\":\"Kominkowy\"},\"sameAs\":[\"http:\/\/www.kominki-elektryczne.pl\"],\"url\":\"https:\/\/kominki-elektryczne.pl\/blog\/author\/led-handel\/\"}]}<\/script>\n<!-- \/ Yoast SEO plugin. -->","yoast_head_json":{"title":"Sezon grzewczy \u2013 por\u00f3wnanie trzech komink\u00f3w. - Kominki-Elektryczne.pl","robots":{"index":"index","follow":"follow","max-snippet":"max-snippet:-1","max-image-preview":"max-image-preview:large","max-video-preview":"max-video-preview:-1"},"canonical":"https:\/\/kominki-elektryczne.pl\/blog\/2019\/09\/27\/sezon-grzewczy-porownanie-trzech-kominkow\/","og_locale":"pl_PL","og_type":"article","og_title":"Sezon grzewczy \u2013 por\u00f3wnanie trzech komink\u00f3w. - Kominki-Elektryczne.pl","og_description":"Dzie\u0144 dobry Rozpoczyna si\u0119 sezon grzewczy, mamy par\u0119 propozycji do rozgrzania Waszych wn\u0119trz: 1. Biokominek Biokominki jest to \u017cywy ogie\u0144, kt\u00f3ry pojawia si\u0119 dzi\u0119ki podpaleniu specjalnego biopaliwa. Biokominek jest w stanie nieznacznie podwy\u017cszy\u0107 nasz\u0105 temperatur\u0119 w pomieszczeniu. Jest to jeden z najmniej efektywnych sposob\u00f3w ogrzewania &hellip;","og_url":"https:\/\/kominki-elektryczne.pl\/blog\/2019\/09\/27\/sezon-grzewczy-porownanie-trzech-kominkow\/","og_site_name":"Kominki-Elektryczne.pl","article_publisher":"https:\/\/www.facebook.com\/elektrycznekominki","article_published_time":"2019-09-27T13:12:26+00:00","article_modified_time":"2024-10-08T10:14:48+00:00","og_image":[{"width":800,"height":800,"url":"https:\/\/kominki-elektryczne.pl\/blog\/wp-content\/uploads\/2019\/09\/biokominek-bodo-2w1-klasyczny-aflamo-model-2019.jpg","type":"image\/jpeg"}],"author":"Kominkowy","twitter_card":"summary_large_image","twitter_misc":{"Napisane przez":"Kominkowy","Szacowany czas czytania":"2 minuty"},"schema":{"@context":"https:\/\/schema.org","@graph":[{"@type":"Article","@id":"https:\/\/kominki-elektryczne.pl\/blog\/2019\/09\/27\/sezon-grzewczy-porownanie-trzech-kominkow\/#article","isPartOf":{"@id":"https:\/\/kominki-elektryczne.pl\/blog\/2019\/09\/27\/sezon-grzewczy-porownanie-trzech-kominkow\/"},"author":{"name":"Kominkowy","@id":"https:\/\/kominki-elektryczne.pl\/blog\/#\/schema\/person\/045e7544e3e90364f5f82cc509123089"},"headline":"Sezon grzewczy \u2013 por\u00f3wnanie trzech komink\u00f3w.","datePublished":"2019-09-27T13:12:26+00:00","dateModified":"2024-10-08T10:14:48+00:00","mainEntityOfPage":{"@id":"https:\/\/kominki-elektryczne.pl\/blog\/2019\/09\/27\/sezon-grzewczy-porownanie-trzech-kominkow\/"},"wordCount":337,"publisher":{"@id":"https:\/\/kominki-elektryczne.pl\/blog\/#organization"},"image":{"@id":"https:\/\/kominki-elektryczne.pl\/blog\/2019\/09\/27\/sezon-grzewczy-porownanie-trzech-kominkow\/#primaryimage"},"thumbnailUrl":"https:\/\/kominki-elektryczne.pl\/blog\/wp-content\/uploads\/2019\/09\/biokominek-bodo-2w1-klasyczny-aflamo-model-2019-300x300.jpg","inLanguage":"pl-PL"},{"@type":"WebPage","@id":"https:\/\/kominki-elektryczne.pl\/blog\/2019\/09\/27\/sezon-grzewczy-porownanie-trzech-kominkow\/","url":"https:\/\/kominki-elektryczne.pl\/blog\/2019\/09\/27\/sezon-grzewczy-porownanie-trzech-kominkow\/","name":"Sezon grzewczy \u2013 por\u00f3wnanie trzech komink\u00f3w. - Kominki-Elektryczne.pl","isPartOf":{"@id":"https:\/\/kominki-elektryczne.pl\/blog\/#website"},"primaryImageOfPage":{"@id":"https:\/\/kominki-elektryczne.pl\/blog\/2019\/09\/27\/sezon-grzewczy-porownanie-trzech-kominkow\/#primaryimage"},"image":{"@id":"https:\/\/kominki-elektryczne.pl\/blog\/2019\/09\/27\/sezon-grzewczy-porownanie-trzech-kominkow\/#primaryimage"},"thumbnailUrl":"https:\/\/kominki-elektryczne.pl\/blog\/wp-content\/uploads\/2019\/09\/biokominek-bodo-2w1-klasyczny-aflamo-model-2019-300x300.jpg","datePublished":"2019-09-27T13:12:26+00:00","dateModified":"2024-10-08T10:14:48+00:00","breadcrumb":{"@id":"https:\/\/kominki-elektryczne.pl\/blog\/2019\/09\/27\/sezon-grzewczy-porownanie-trzech-kominkow\/#breadcrumb"},"inLanguage":"pl-PL","potentialAction":[{"@type":"ReadAction","target":["https:\/\/kominki-elektryczne.pl\/blog\/2019\/09\/27\/sezon-grzewczy-porownanie-trzech-kominkow\/"]}]},{"@type":"ImageObject","inLanguage":"pl-PL","@id":"https:\/\/kominki-elektryczne.pl\/blog\/2019\/09\/27\/sezon-grzewczy-porownanie-trzech-kominkow\/#primaryimage","url":"https:\/\/kominki-elektryczne.pl\/blog\/wp-content\/uploads\/2019\/09\/biokominek-bodo-2w1-klasyczny-aflamo-model-2019.jpg","contentUrl":"https:\/\/kominki-elektryczne.pl\/blog\/wp-content\/uploads\/2019\/09\/biokominek-bodo-2w1-klasyczny-aflamo-model-2019.jpg","width":800,"height":800},{"@type":"BreadcrumbList","@id":"https:\/\/kominki-elektryczne.pl\/blog\/2019\/09\/27\/sezon-grzewczy-porownanie-trzech-kominkow\/#breadcrumb","itemListElement":[{"@type":"ListItem","position":1,"name":"Strona g\u0142\u00f3wna","item":"https:\/\/kominki-elektryczne.pl\/blog\/"},{"@type":"ListItem","position":2,"name":"Sezon grzewczy \u2013 por\u00f3wnanie trzech komink\u00f3w."}]},{"@type":"WebSite","@id":"https:\/\/kominki-elektryczne.pl\/blog\/#website","url":"https:\/\/kominki-elektryczne.pl\/blog\/","name":"Kominki-Elektryczne.pl","description":"Opisy - Porady - Recenzje","publisher":{"@id":"https:\/\/kominki-elektryczne.pl\/blog\/#organization"},"potentialAction":[{"@type":"SearchAction","target":{"@type":"EntryPoint","urlTemplate":"https:\/\/kominki-elektryczne.pl\/blog\/?s={search_term_string}"},"query-input":{"@type":"PropertyValueSpecification","valueRequired":true,"valueName":"search_term_string"}}],"inLanguage":"pl-PL"},{"@type":"Organization","@id":"https:\/\/kominki-elektryczne.pl\/blog\/#organization","name":"Kominki-Elektryczne.pl","url":"https:\/\/kominki-elektryczne.pl\/blog\/","logo":{"@type":"ImageObject","inLanguage":"pl-PL","@id":"https:\/\/kominki-elektryczne.pl\/blog\/#\/schema\/logo\/image\/","url":"https:\/\/kominki-elektryczne.pl\/blog\/wp-content\/uploads\/2025\/04\/cropped-LogoAflamo.jpg","contentUrl":"https:\/\/kominki-elektryczne.pl\/blog\/wp-content\/uploads\/2025\/04\/cropped-LogoAflamo.jpg","width":200,"height":58,"caption":"Kominki-Elektryczne.pl"},"image":{"@id":"https:\/\/kominki-elektryczne.pl\/blog\/#\/schema\/logo\/image\/"},"sameAs":["https:\/\/www.facebook.com\/elektrycznekominki"]},{"@type":"Person","@id":"https:\/\/kominki-elektryczne.pl\/blog\/#\/schema\/person\/045e7544e3e90364f5f82cc509123089","name":"Kominkowy","image":{"@type":"ImageObject","inLanguage":"pl-PL","@id":"https:\/\/kominki-elektryczne.pl\/blog\/#\/schema\/person\/image\/","url":"https:\/\/secure.gravatar.com\/avatar\/8c15720599195e8ba4119df2db28ce7e?s=96&d=mm&r=g","contentUrl":"https:\/\/secure.gravatar.com\/avatar\/8c15720599195e8ba4119df2db28ce7e?s=96&d=mm&r=g","caption":"Kominkowy"},"sameAs":["http:\/\/www.kominki-elektryczne.pl"],"url":"https:\/\/kominki-elektryczne.pl\/blog\/author\/led-handel\/"}]}},"_links":{"self":[{"href":"https:\/\/kominki-elektryczne.pl\/blog\/wp-json\/wp\/v2\/posts\/187","targetHints":{"allow":["GET"]}}],"collection":[{"href":"https:\/\/kominki-elektryczne.pl\/blog\/wp-json\/wp\/v2\/posts"}],"about":[{"href":"https:\/\/kominki-elektryczne.pl\/blog\/wp-json\/wp\/v2\/types\/post"}],"author":[{"embeddable":true,"href":"https:\/\/kominki-elektryczne.pl\/blog\/wp-json\/wp\/v2\/users\/1"}],"replies":[{"embeddable":true,"href":"https:\/\/kominki-elektryczne.pl\/blog\/wp-json\/wp\/v2\/comments?post=187"}],"version-history":[{"count":1,"href":"https:\/\/kominki-elektryczne.pl\/blog\/wp-json\/wp\/v2\/posts\/187\/revisions"}],"predecessor-version":[{"id":191,"href":"https:\/\/kominki-elektryczne.pl\/blog\/wp-json\/wp\/v2\/posts\/187\/revisions\/191"}],"wp:attachment":[{"href":"https:\/\/kominki-elektryczne.pl\/blog\/wp-json\/wp\/v2\/media?parent=187"}],"wp:term":[{"taxonomy":"category","embeddable":true,"href":"https:\/\/kominki-elektryczne.pl\/blog\/wp-json\/wp\/v2\/categories?post=187"},{"taxonomy":"post_tag","embeddable":true,"href":"https:\/\/kominki-elektryczne.pl\/blog\/wp-json\/wp\/v2\/tags?post=187"}],"curies":[{"name":"wp","href":"https:\/\/api.w.org\/{rel}","templated":true}]}}