{"id":204,"date":"2019-12-05T12:22:11","date_gmt":"2019-12-05T11:22:11","guid":{"rendered":"https:\/\/kominki-elektryczne.pl\/blog\/?p=204"},"modified":"2024-10-08T12:14:48","modified_gmt":"2024-10-08T10:14:48","slug":"swiateczna-oferta-w-naszym-sklepie","status":"publish","type":"post","link":"https:\/\/kominki-elektryczne.pl\/blog\/2019\/12\/05\/swiateczna-oferta-w-naszym-sklepie\/","title":{"rendered":"\u015awi\u0105teczna oferta w naszym sklepie."},"content":{"rendered":"<p><span style=\"font-family: Arial, sans-serif;\">Witam<\/span><\/p>\n<p><span style=\"font-family: Arial, sans-serif;\">Pojawi\u0142y si\u0119 kominki elektryczne w \u015bwi\u0105tecznej promocji.<\/span><\/p>\n<p><span style=\"color: #000000;\"><span style=\"font-family: Arial, sans-serif;\"><span style=\"font-size: medium;\">Kominek elektryczny LED Sula jest mo\u017cliwy tylko do kupienia w naszym sklepie, poniewa\u017c zosta\u0142y nam tylko 4 szt tego modelu. Jest to ostatni moment aby jeszcze z\u0142apa\u0107 go na naszej okazji. <\/span><\/span><\/span><\/p>\n<p><a href=\"https:\/\/www.kominki-elektryczne.pl\/pl\/kominki-led-3d-z-obudowa\/113-sula-classic-flame-kominek-elektryczny-led.html?search_query=sula&amp;results=2\"><span style=\"color: #000000;\"><span style=\"font-family: Arial, sans-serif;\"><span style=\"font-size: medium;\">https:\/\/www.kominki-elektryczne.pl\/pl\/kominki-led-3d-z-obudowa\/113-sula-classic-flame-kominek-elektryczny-led.html?search_query=sula&amp;results=2<\/span><\/span><\/span><\/a><\/p>\n<p><span style=\"color: #000000;\"><span style=\"font-family: Arial, sans-serif;\"><span style=\"font-size: medium;\"><br \/>\n<\/span><\/span><\/span><span style=\"color: #000000;\"><span style=\"font-family: Arial, sans-serif;\"><span style=\"font-size: medium;\">Wk\u0142ad wk\u0142ad elektryczny Aflamo LED 60 \u2013 posiada bardzo realistyczny efekt p\u0142omienia LED. Spiesz si\u0119, bo zosta\u0142y nam par\u0119 ostatnich sztuk w ni\u017cszej cenie. <\/span><\/span><\/span><\/p>\n<p><a href=\"https:\/\/www.kominki-elektryczne.pl\/pl\/glowna\/381-wklad-kominkowy-aflamo-led-60.html\"><span style=\"color: #000000;\"><span style=\"font-family: Arial, sans-serif;\"><span style=\"font-size: medium;\">https:\/\/www.kominki-elektryczne.pl\/pl\/glowna\/381-wklad-kominkowy-aflamo-led-60.html<\/span><\/span><\/span><\/a><\/p>\n<p><img loading=\"lazy\" decoding=\"async\" class=\"alignnone size-full wp-image-207\" src=\"https:\/\/kominki-elektryczne.pl\/blog\/wp-content\/uploads\/2019\/12\/Sw.Mikolaj.jpg\" alt=\"\" width=\"199\" height=\"212\" \/><\/p>\n","protected":false},"excerpt":{"rendered":"<p>Witam Pojawi\u0142y si\u0119 kominki elektryczne w \u015bwi\u0105tecznej promocji. Kominek elektryczny LED Sula jest mo\u017cliwy tylko do kupienia w naszym sklepie, poniewa\u017c zosta\u0142y nam tylko 4 szt tego modelu. Jest to ostatni moment aby jeszcze z\u0142apa\u0107 go na naszej okazji. https:\/\/www.kominki-elektryczne.pl\/pl\/kominki-led-3d-z-obudowa\/113-sula-classic-flame-kominek-elektryczny-led.html?search_query=sula&amp;results=2 Wk\u0142ad wk\u0142ad elektryczny Aflamo LED &hellip; <\/p>\n","protected":false},"author":1,"featured_media":0,"comment_status":"closed","ping_status":"closed","sticky":false,"template":"","format":"standard","meta":{"footnotes":""},"categories":[1],"tags":[],"class_list":["post-204","post","type-post","status-publish","format-standard","hentry","category-bez-kategorii"],"yoast_head":"<!-- This site is optimized with the Yoast SEO plugin v25.7 - https:\/\/yoast.com\/wordpress\/plugins\/seo\/ -->\n<title>\u015awi\u0105teczna oferta w naszym sklepie. - Kominki-Elektryczne.pl<\/title>\n<meta name=\"robots\" content=\"index, follow, max-snippet:-1, max-image-preview:large, max-video-preview:-1\" \/>\n<link rel=\"canonical\" href=\"https:\/\/kominki-elektryczne.pl\/blog\/2019\/12\/05\/swiateczna-oferta-w-naszym-sklepie\/\" \/>\n<meta property=\"og:locale\" content=\"pl_PL\" \/>\n<meta property=\"og:type\" content=\"article\" \/>\n<meta property=\"og:title\" content=\"\u015awi\u0105teczna oferta w naszym sklepie. - Kominki-Elektryczne.pl\" \/>\n<meta property=\"og:description\" content=\"Witam Pojawi\u0142y si\u0119 kominki elektryczne w \u015bwi\u0105tecznej promocji. Kominek elektryczny LED Sula jest mo\u017cliwy tylko do kupienia w naszym sklepie, poniewa\u017c zosta\u0142y nam tylko 4 szt tego modelu. Jest to ostatni moment aby jeszcze z\u0142apa\u0107 go na naszej okazji. https:\/\/www.kominki-elektryczne.pl\/pl\/kominki-led-3d-z-obudowa\/113-sula-classic-flame-kominek-elektryczny-led.html?search_query=sula&amp;results=2 Wk\u0142ad wk\u0142ad elektryczny Aflamo LED &hellip;\" \/>\n<meta property=\"og:url\" content=\"https:\/\/kominki-elektryczne.pl\/blog\/2019\/12\/05\/swiateczna-oferta-w-naszym-sklepie\/\" \/>\n<meta property=\"og:site_name\" content=\"Kominki-Elektryczne.pl\" \/>\n<meta property=\"article:publisher\" content=\"https:\/\/www.facebook.com\/elektrycznekominki\" \/>\n<meta property=\"article:published_time\" content=\"2019-12-05T11:22:11+00:00\" \/>\n<meta property=\"article:modified_time\" content=\"2024-10-08T10:14:48+00:00\" \/>\n<meta property=\"og:image\" content=\"https:\/\/kominki-elektryczne.pl\/blog\/wp-content\/uploads\/2019\/12\/Sw.Mikolaj.jpg\" \/>\n\t<meta property=\"og:image:width\" content=\"199\" \/>\n\t<meta property=\"og:image:height\" content=\"212\" \/>\n\t<meta property=\"og:image:type\" content=\"image\/jpeg\" \/>\n<meta name=\"author\" content=\"Kominkowy\" \/>\n<meta name=\"twitter:card\" content=\"summary_large_image\" \/>\n<meta name=\"twitter:label1\" content=\"Napisane przez\" \/>\n\t<meta name=\"twitter:data1\" content=\"Kominkowy\" \/>\n<script type=\"application\/ld+json\" class=\"yoast-schema-graph\">{\"@context\":\"https:\/\/schema.org\",\"@graph\":[{\"@type\":\"Article\",\"@id\":\"https:\/\/kominki-elektryczne.pl\/blog\/2019\/12\/05\/swiateczna-oferta-w-naszym-sklepie\/#article\",\"isPartOf\":{\"@id\":\"https:\/\/kominki-elektryczne.pl\/blog\/2019\/12\/05\/swiateczna-oferta-w-naszym-sklepie\/\"},\"author\":{\"name\":\"Kominkowy\",\"@id\":\"https:\/\/kominki-elektryczne.pl\/blog\/#\/schema\/person\/045e7544e3e90364f5f82cc509123089\"},\"headline\":\"\u015awi\u0105teczna oferta w naszym sklepie.\",\"datePublished\":\"2019-12-05T11:22:11+00:00\",\"dateModified\":\"2024-10-08T10:14:48+00:00\",\"mainEntityOfPage\":{\"@id\":\"https:\/\/kominki-elektryczne.pl\/blog\/2019\/12\/05\/swiateczna-oferta-w-naszym-sklepie\/\"},\"wordCount\":98,\"publisher\":{\"@id\":\"https:\/\/kominki-elektryczne.pl\/blog\/#organization\"},\"image\":{\"@id\":\"https:\/\/kominki-elektryczne.pl\/blog\/2019\/12\/05\/swiateczna-oferta-w-naszym-sklepie\/#primaryimage\"},\"thumbnailUrl\":\"https:\/\/kominki-elektryczne.pl\/blog\/wp-content\/uploads\/2019\/12\/Sw.Mikolaj.jpg\",\"inLanguage\":\"pl-PL\"},{\"@type\":\"WebPage\",\"@id\":\"https:\/\/kominki-elektryczne.pl\/blog\/2019\/12\/05\/swiateczna-oferta-w-naszym-sklepie\/\",\"url\":\"https:\/\/kominki-elektryczne.pl\/blog\/2019\/12\/05\/swiateczna-oferta-w-naszym-sklepie\/\",\"name\":\"\u015awi\u0105teczna oferta w naszym sklepie. - Kominki-Elektryczne.pl\",\"isPartOf\":{\"@id\":\"https:\/\/kominki-elektryczne.pl\/blog\/#website\"},\"primaryImageOfPage\":{\"@id\":\"https:\/\/kominki-elektryczne.pl\/blog\/2019\/12\/05\/swiateczna-oferta-w-naszym-sklepie\/#primaryimage\"},\"image\":{\"@id\":\"https:\/\/kominki-elektryczne.pl\/blog\/2019\/12\/05\/swiateczna-oferta-w-naszym-sklepie\/#primaryimage\"},\"thumbnailUrl\":\"https:\/\/kominki-elektryczne.pl\/blog\/wp-content\/uploads\/2019\/12\/Sw.Mikolaj.jpg\",\"datePublished\":\"2019-12-05T11:22:11+00:00\",\"dateModified\":\"2024-10-08T10:14:48+00:00\",\"breadcrumb\":{\"@id\":\"https:\/\/kominki-elektryczne.pl\/blog\/2019\/12\/05\/swiateczna-oferta-w-naszym-sklepie\/#breadcrumb\"},\"inLanguage\":\"pl-PL\",\"potentialAction\":[{\"@type\":\"ReadAction\",\"target\":[\"https:\/\/kominki-elektryczne.pl\/blog\/2019\/12\/05\/swiateczna-oferta-w-naszym-sklepie\/\"]}]},{\"@type\":\"ImageObject\",\"inLanguage\":\"pl-PL\",\"@id\":\"https:\/\/kominki-elektryczne.pl\/blog\/2019\/12\/05\/swiateczna-oferta-w-naszym-sklepie\/#primaryimage\",\"url\":\"https:\/\/kominki-elektryczne.pl\/blog\/wp-content\/uploads\/2019\/12\/Sw.Mikolaj.jpg\",\"contentUrl\":\"https:\/\/kominki-elektryczne.pl\/blog\/wp-content\/uploads\/2019\/12\/Sw.Mikolaj.jpg\",\"width\":199,\"height\":212},{\"@type\":\"BreadcrumbList\",\"@id\":\"https:\/\/kominki-elektryczne.pl\/blog\/2019\/12\/05\/swiateczna-oferta-w-naszym-sklepie\/#breadcrumb\",\"itemListElement\":[{\"@type\":\"ListItem\",\"position\":1,\"name\":\"Strona g\u0142\u00f3wna\",\"item\":\"https:\/\/kominki-elektryczne.pl\/blog\/\"},{\"@type\":\"ListItem\",\"position\":2,\"name\":\"\u015awi\u0105teczna oferta w naszym sklepie.\"}]},{\"@type\":\"WebSite\",\"@id\":\"https:\/\/kominki-elektryczne.pl\/blog\/#website\",\"url\":\"https:\/\/kominki-elektryczne.pl\/blog\/\",\"name\":\"Kominki-Elektryczne.pl\",\"description\":\"Opisy - Porady - Recenzje\",\"publisher\":{\"@id\":\"https:\/\/kominki-elektryczne.pl\/blog\/#organization\"},\"potentialAction\":[{\"@type\":\"SearchAction\",\"target\":{\"@type\":\"EntryPoint\",\"urlTemplate\":\"https:\/\/kominki-elektryczne.pl\/blog\/?s={search_term_string}\"},\"query-input\":{\"@type\":\"PropertyValueSpecification\",\"valueRequired\":true,\"valueName\":\"search_term_string\"}}],\"inLanguage\":\"pl-PL\"},{\"@type\":\"Organization\",\"@id\":\"https:\/\/kominki-elektryczne.pl\/blog\/#organization\",\"name\":\"Kominki-Elektryczne.pl\",\"url\":\"https:\/\/kominki-elektryczne.pl\/blog\/\",\"logo\":{\"@type\":\"ImageObject\",\"inLanguage\":\"pl-PL\",\"@id\":\"https:\/\/kominki-elektryczne.pl\/blog\/#\/schema\/logo\/image\/\",\"url\":\"https:\/\/kominki-elektryczne.pl\/blog\/wp-content\/uploads\/2025\/04\/cropped-LogoAflamo.jpg\",\"contentUrl\":\"https:\/\/kominki-elektryczne.pl\/blog\/wp-content\/uploads\/2025\/04\/cropped-LogoAflamo.jpg\",\"width\":200,\"height\":58,\"caption\":\"Kominki-Elektryczne.pl\"},\"image\":{\"@id\":\"https:\/\/kominki-elektryczne.pl\/blog\/#\/schema\/logo\/image\/\"},\"sameAs\":[\"https:\/\/www.facebook.com\/elektrycznekominki\"]},{\"@type\":\"Person\",\"@id\":\"https:\/\/kominki-elektryczne.pl\/blog\/#\/schema\/person\/045e7544e3e90364f5f82cc509123089\",\"name\":\"Kominkowy\",\"image\":{\"@type\":\"ImageObject\",\"inLanguage\":\"pl-PL\",\"@id\":\"https:\/\/kominki-elektryczne.pl\/blog\/#\/schema\/person\/image\/\",\"url\":\"https:\/\/secure.gravatar.com\/avatar\/8c15720599195e8ba4119df2db28ce7e?s=96&d=mm&r=g\",\"contentUrl\":\"https:\/\/secure.gravatar.com\/avatar\/8c15720599195e8ba4119df2db28ce7e?s=96&d=mm&r=g\",\"caption\":\"Kominkowy\"},\"sameAs\":[\"http:\/\/www.kominki-elektryczne.pl\"],\"url\":\"https:\/\/kominki-elektryczne.pl\/blog\/author\/led-handel\/\"}]}<\/script>\n<!-- \/ Yoast SEO plugin. -->","yoast_head_json":{"title":"\u015awi\u0105teczna oferta w naszym sklepie. - Kominki-Elektryczne.pl","robots":{"index":"index","follow":"follow","max-snippet":"max-snippet:-1","max-image-preview":"max-image-preview:large","max-video-preview":"max-video-preview:-1"},"canonical":"https:\/\/kominki-elektryczne.pl\/blog\/2019\/12\/05\/swiateczna-oferta-w-naszym-sklepie\/","og_locale":"pl_PL","og_type":"article","og_title":"\u015awi\u0105teczna oferta w naszym sklepie. - Kominki-Elektryczne.pl","og_description":"Witam Pojawi\u0142y si\u0119 kominki elektryczne w \u015bwi\u0105tecznej promocji. Kominek elektryczny LED Sula jest mo\u017cliwy tylko do kupienia w naszym sklepie, poniewa\u017c zosta\u0142y nam tylko 4 szt tego modelu. Jest to ostatni moment aby jeszcze z\u0142apa\u0107 go na naszej okazji. https:\/\/www.kominki-elektryczne.pl\/pl\/kominki-led-3d-z-obudowa\/113-sula-classic-flame-kominek-elektryczny-led.html?search_query=sula&amp;results=2 Wk\u0142ad wk\u0142ad elektryczny Aflamo LED &hellip;","og_url":"https:\/\/kominki-elektryczne.pl\/blog\/2019\/12\/05\/swiateczna-oferta-w-naszym-sklepie\/","og_site_name":"Kominki-Elektryczne.pl","article_publisher":"https:\/\/www.facebook.com\/elektrycznekominki","article_published_time":"2019-12-05T11:22:11+00:00","article_modified_time":"2024-10-08T10:14:48+00:00","og_image":[{"width":199,"height":212,"url":"https:\/\/kominki-elektryczne.pl\/blog\/wp-content\/uploads\/2019\/12\/Sw.Mikolaj.jpg","type":"image\/jpeg"}],"author":"Kominkowy","twitter_card":"summary_large_image","twitter_misc":{"Napisane przez":"Kominkowy"},"schema":{"@context":"https:\/\/schema.org","@graph":[{"@type":"Article","@id":"https:\/\/kominki-elektryczne.pl\/blog\/2019\/12\/05\/swiateczna-oferta-w-naszym-sklepie\/#article","isPartOf":{"@id":"https:\/\/kominki-elektryczne.pl\/blog\/2019\/12\/05\/swiateczna-oferta-w-naszym-sklepie\/"},"author":{"name":"Kominkowy","@id":"https:\/\/kominki-elektryczne.pl\/blog\/#\/schema\/person\/045e7544e3e90364f5f82cc509123089"},"headline":"\u015awi\u0105teczna oferta w naszym sklepie.","datePublished":"2019-12-05T11:22:11+00:00","dateModified":"2024-10-08T10:14:48+00:00","mainEntityOfPage":{"@id":"https:\/\/kominki-elektryczne.pl\/blog\/2019\/12\/05\/swiateczna-oferta-w-naszym-sklepie\/"},"wordCount":98,"publisher":{"@id":"https:\/\/kominki-elektryczne.pl\/blog\/#organization"},"image":{"@id":"https:\/\/kominki-elektryczne.pl\/blog\/2019\/12\/05\/swiateczna-oferta-w-naszym-sklepie\/#primaryimage"},"thumbnailUrl":"https:\/\/kominki-elektryczne.pl\/blog\/wp-content\/uploads\/2019\/12\/Sw.Mikolaj.jpg","inLanguage":"pl-PL"},{"@type":"WebPage","@id":"https:\/\/kominki-elektryczne.pl\/blog\/2019\/12\/05\/swiateczna-oferta-w-naszym-sklepie\/","url":"https:\/\/kominki-elektryczne.pl\/blog\/2019\/12\/05\/swiateczna-oferta-w-naszym-sklepie\/","name":"\u015awi\u0105teczna oferta w naszym sklepie. - Kominki-Elektryczne.pl","isPartOf":{"@id":"https:\/\/kominki-elektryczne.pl\/blog\/#website"},"primaryImageOfPage":{"@id":"https:\/\/kominki-elektryczne.pl\/blog\/2019\/12\/05\/swiateczna-oferta-w-naszym-sklepie\/#primaryimage"},"image":{"@id":"https:\/\/kominki-elektryczne.pl\/blog\/2019\/12\/05\/swiateczna-oferta-w-naszym-sklepie\/#primaryimage"},"thumbnailUrl":"https:\/\/kominki-elektryczne.pl\/blog\/wp-content\/uploads\/2019\/12\/Sw.Mikolaj.jpg","datePublished":"2019-12-05T11:22:11+00:00","dateModified":"2024-10-08T10:14:48+00:00","breadcrumb":{"@id":"https:\/\/kominki-elektryczne.pl\/blog\/2019\/12\/05\/swiateczna-oferta-w-naszym-sklepie\/#breadcrumb"},"inLanguage":"pl-PL","potentialAction":[{"@type":"ReadAction","target":["https:\/\/kominki-elektryczne.pl\/blog\/2019\/12\/05\/swiateczna-oferta-w-naszym-sklepie\/"]}]},{"@type":"ImageObject","inLanguage":"pl-PL","@id":"https:\/\/kominki-elektryczne.pl\/blog\/2019\/12\/05\/swiateczna-oferta-w-naszym-sklepie\/#primaryimage","url":"https:\/\/kominki-elektryczne.pl\/blog\/wp-content\/uploads\/2019\/12\/Sw.Mikolaj.jpg","contentUrl":"https:\/\/kominki-elektryczne.pl\/blog\/wp-content\/uploads\/2019\/12\/Sw.Mikolaj.jpg","width":199,"height":212},{"@type":"BreadcrumbList","@id":"https:\/\/kominki-elektryczne.pl\/blog\/2019\/12\/05\/swiateczna-oferta-w-naszym-sklepie\/#breadcrumb","itemListElement":[{"@type":"ListItem","position":1,"name":"Strona g\u0142\u00f3wna","item":"https:\/\/kominki-elektryczne.pl\/blog\/"},{"@type":"ListItem","position":2,"name":"\u015awi\u0105teczna oferta w naszym sklepie."}]},{"@type":"WebSite","@id":"https:\/\/kominki-elektryczne.pl\/blog\/#website","url":"https:\/\/kominki-elektryczne.pl\/blog\/","name":"Kominki-Elektryczne.pl","description":"Opisy - Porady - Recenzje","publisher":{"@id":"https:\/\/kominki-elektryczne.pl\/blog\/#organization"},"potentialAction":[{"@type":"SearchAction","target":{"@type":"EntryPoint","urlTemplate":"https:\/\/kominki-elektryczne.pl\/blog\/?s={search_term_string}"},"query-input":{"@type":"PropertyValueSpecification","valueRequired":true,"valueName":"search_term_string"}}],"inLanguage":"pl-PL"},{"@type":"Organization","@id":"https:\/\/kominki-elektryczne.pl\/blog\/#organization","name":"Kominki-Elektryczne.pl","url":"https:\/\/kominki-elektryczne.pl\/blog\/","logo":{"@type":"ImageObject","inLanguage":"pl-PL","@id":"https:\/\/kominki-elektryczne.pl\/blog\/#\/schema\/logo\/image\/","url":"https:\/\/kominki-elektryczne.pl\/blog\/wp-content\/uploads\/2025\/04\/cropped-LogoAflamo.jpg","contentUrl":"https:\/\/kominki-elektryczne.pl\/blog\/wp-content\/uploads\/2025\/04\/cropped-LogoAflamo.jpg","width":200,"height":58,"caption":"Kominki-Elektryczne.pl"},"image":{"@id":"https:\/\/kominki-elektryczne.pl\/blog\/#\/schema\/logo\/image\/"},"sameAs":["https:\/\/www.facebook.com\/elektrycznekominki"]},{"@type":"Person","@id":"https:\/\/kominki-elektryczne.pl\/blog\/#\/schema\/person\/045e7544e3e90364f5f82cc509123089","name":"Kominkowy","image":{"@type":"ImageObject","inLanguage":"pl-PL","@id":"https:\/\/kominki-elektryczne.pl\/blog\/#\/schema\/person\/image\/","url":"https:\/\/secure.gravatar.com\/avatar\/8c15720599195e8ba4119df2db28ce7e?s=96&d=mm&r=g","contentUrl":"https:\/\/secure.gravatar.com\/avatar\/8c15720599195e8ba4119df2db28ce7e?s=96&d=mm&r=g","caption":"Kominkowy"},"sameAs":["http:\/\/www.kominki-elektryczne.pl"],"url":"https:\/\/kominki-elektryczne.pl\/blog\/author\/led-handel\/"}]}},"_links":{"self":[{"href":"https:\/\/kominki-elektryczne.pl\/blog\/wp-json\/wp\/v2\/posts\/204","targetHints":{"allow":["GET"]}}],"collection":[{"href":"https:\/\/kominki-elektryczne.pl\/blog\/wp-json\/wp\/v2\/posts"}],"about":[{"href":"https:\/\/kominki-elektryczne.pl\/blog\/wp-json\/wp\/v2\/types\/post"}],"author":[{"embeddable":true,"href":"https:\/\/kominki-elektryczne.pl\/blog\/wp-json\/wp\/v2\/users\/1"}],"replies":[{"embeddable":true,"href":"https:\/\/kominki-elektryczne.pl\/blog\/wp-json\/wp\/v2\/comments?post=204"}],"version-history":[{"count":3,"href":"https:\/\/kominki-elektryczne.pl\/blog\/wp-json\/wp\/v2\/posts\/204\/revisions"}],"predecessor-version":[{"id":208,"href":"https:\/\/kominki-elektryczne.pl\/blog\/wp-json\/wp\/v2\/posts\/204\/revisions\/208"}],"wp:attachment":[{"href":"https:\/\/kominki-elektryczne.pl\/blog\/wp-json\/wp\/v2\/media?parent=204"}],"wp:term":[{"taxonomy":"category","embeddable":true,"href":"https:\/\/kominki-elektryczne.pl\/blog\/wp-json\/wp\/v2\/categories?post=204"},{"taxonomy":"post_tag","embeddable":true,"href":"https:\/\/kominki-elektryczne.pl\/blog\/wp-json\/wp\/v2\/tags?post=204"}],"curies":[{"name":"wp","href":"https:\/\/api.w.org\/{rel}","templated":true}]}}