{"id":221,"date":"2020-02-06T14:44:15","date_gmt":"2020-02-06T13:44:15","guid":{"rendered":"https:\/\/kominki-elektryczne.pl\/blog\/?p=221"},"modified":"2024-10-08T12:14:48","modified_gmt":"2024-10-08T10:14:48","slug":"nowosci-nowosci","status":"publish","type":"post","link":"https:\/\/kominki-elektryczne.pl\/blog\/2020\/02\/06\/nowosci-nowosci\/","title":{"rendered":"Nowo\u015bci, nowo\u015bci!"},"content":{"rendered":"<p>Dzie\u0144 dobry!<\/p>\n<p>Zagl\u0105dajcie codziennie na nasza stron\u0119. Codziennie pojawiaj\u0105 si\u0119 kolejne modele, kt\u00f3re wchodz\u0105 do naszej oferty \ud83d\ude42<\/p>\n<p>Dzisiaj pojawi\u0142y si\u0119 np. Kominki elektryczne LED \u015bcienne Albion w KOLORZE SREBRNYM. Takich kolor\u00f3w to jeszcze u nas nie by\u0142o \ud83d\ude09<\/p>\n<p>Zapraszamy!<\/p>\n<p><a href=\"https:\/\/www.kominki-elektryczne.pl\/pl\/glowna\/437-albion-33-srebrny-kominek-elektryczny-scienny-led-aflamo.html?search_query=albion&amp;results=15\">Albion 33&#8243; srebrny<\/a><\/p>\n<p><a href=\"https:\/\/www.kominki-elektryczne.pl\/pl\/glowna\/438-albion-42-srebrny-kominek-elektryczny-scienny-led-aflamo.html?search_query=albion&amp;results=15\">Albion 42&#8243; srebrny\u00a0<\/a><\/p>\n","protected":false},"excerpt":{"rendered":"<p>Dzie\u0144 dobry! Zagl\u0105dajcie codziennie na nasza stron\u0119. Codziennie pojawiaj\u0105 si\u0119 kolejne modele, kt\u00f3re wchodz\u0105 do naszej oferty \ud83d\ude42 Dzisiaj pojawi\u0142y si\u0119 np. Kominki elektryczne LED \u015bcienne Albion w KOLORZE SREBRNYM. Takich kolor\u00f3w to jeszcze u nas nie by\u0142o \ud83d\ude09 Zapraszamy! Albion 33&#8243; srebrny Albion 42&#8243; &hellip; <\/p>\n","protected":false},"author":1,"featured_media":222,"comment_status":"closed","ping_status":"closed","sticky":false,"template":"","format":"standard","meta":{"footnotes":""},"categories":[1],"tags":[],"class_list":["post-221","post","type-post","status-publish","format-standard","has-post-thumbnail","hentry","category-bez-kategorii"],"yoast_head":"<!-- This site is optimized with the Yoast SEO plugin v25.7 - https:\/\/yoast.com\/wordpress\/plugins\/seo\/ -->\n<title>Nowo\u015bci, nowo\u015bci! - Kominki-Elektryczne.pl<\/title>\n<meta name=\"robots\" content=\"index, follow, max-snippet:-1, max-image-preview:large, max-video-preview:-1\" \/>\n<link rel=\"canonical\" href=\"https:\/\/kominki-elektryczne.pl\/blog\/2020\/02\/06\/nowosci-nowosci\/\" \/>\n<meta property=\"og:locale\" content=\"pl_PL\" \/>\n<meta property=\"og:type\" content=\"article\" \/>\n<meta property=\"og:title\" content=\"Nowo\u015bci, nowo\u015bci! - Kominki-Elektryczne.pl\" \/>\n<meta property=\"og:description\" content=\"Dzie\u0144 dobry! Zagl\u0105dajcie codziennie na nasza stron\u0119. Codziennie pojawiaj\u0105 si\u0119 kolejne modele, kt\u00f3re wchodz\u0105 do naszej oferty \ud83d\ude42 Dzisiaj pojawi\u0142y si\u0119 np. Kominki elektryczne LED \u015bcienne Albion w KOLORZE SREBRNYM. Takich kolor\u00f3w to jeszcze u nas nie by\u0142o \ud83d\ude09 Zapraszamy! Albion 33&#8243; srebrny Albion 42&#8243; &hellip;\" \/>\n<meta property=\"og:url\" content=\"https:\/\/kominki-elektryczne.pl\/blog\/2020\/02\/06\/nowosci-nowosci\/\" \/>\n<meta property=\"og:site_name\" content=\"Kominki-Elektryczne.pl\" \/>\n<meta property=\"article:publisher\" content=\"https:\/\/www.facebook.com\/elektrycznekominki\" \/>\n<meta property=\"article:published_time\" content=\"2020-02-06T13:44:15+00:00\" \/>\n<meta property=\"article:modified_time\" content=\"2024-10-08T10:14:48+00:00\" \/>\n<meta property=\"og:image\" content=\"https:\/\/kominki-elektryczne.pl\/blog\/wp-content\/uploads\/2020\/02\/albion-42-srebrny-e1580996630193.jpg\" \/>\n\t<meta property=\"og:image:width\" content=\"500\" \/>\n\t<meta property=\"og:image:height\" content=\"235\" \/>\n\t<meta property=\"og:image:type\" content=\"image\/jpeg\" \/>\n<meta name=\"author\" content=\"Kominkowy\" \/>\n<meta name=\"twitter:card\" content=\"summary_large_image\" \/>\n<meta name=\"twitter:label1\" content=\"Napisane przez\" \/>\n\t<meta name=\"twitter:data1\" content=\"Kominkowy\" \/>\n<script type=\"application\/ld+json\" class=\"yoast-schema-graph\">{\"@context\":\"https:\/\/schema.org\",\"@graph\":[{\"@type\":\"Article\",\"@id\":\"https:\/\/kominki-elektryczne.pl\/blog\/2020\/02\/06\/nowosci-nowosci\/#article\",\"isPartOf\":{\"@id\":\"https:\/\/kominki-elektryczne.pl\/blog\/2020\/02\/06\/nowosci-nowosci\/\"},\"author\":{\"name\":\"Kominkowy\",\"@id\":\"https:\/\/kominki-elektryczne.pl\/blog\/#\/schema\/person\/045e7544e3e90364f5f82cc509123089\"},\"headline\":\"Nowo\u015bci, nowo\u015bci!\",\"datePublished\":\"2020-02-06T13:44:15+00:00\",\"dateModified\":\"2024-10-08T10:14:48+00:00\",\"mainEntityOfPage\":{\"@id\":\"https:\/\/kominki-elektryczne.pl\/blog\/2020\/02\/06\/nowosci-nowosci\/\"},\"wordCount\":51,\"publisher\":{\"@id\":\"https:\/\/kominki-elektryczne.pl\/blog\/#organization\"},\"image\":{\"@id\":\"https:\/\/kominki-elektryczne.pl\/blog\/2020\/02\/06\/nowosci-nowosci\/#primaryimage\"},\"thumbnailUrl\":\"https:\/\/kominki-elektryczne.pl\/blog\/wp-content\/uploads\/2020\/02\/albion-42-srebrny-e1580996630193.jpg\",\"inLanguage\":\"pl-PL\"},{\"@type\":\"WebPage\",\"@id\":\"https:\/\/kominki-elektryczne.pl\/blog\/2020\/02\/06\/nowosci-nowosci\/\",\"url\":\"https:\/\/kominki-elektryczne.pl\/blog\/2020\/02\/06\/nowosci-nowosci\/\",\"name\":\"Nowo\u015bci, nowo\u015bci! - Kominki-Elektryczne.pl\",\"isPartOf\":{\"@id\":\"https:\/\/kominki-elektryczne.pl\/blog\/#website\"},\"primaryImageOfPage\":{\"@id\":\"https:\/\/kominki-elektryczne.pl\/blog\/2020\/02\/06\/nowosci-nowosci\/#primaryimage\"},\"image\":{\"@id\":\"https:\/\/kominki-elektryczne.pl\/blog\/2020\/02\/06\/nowosci-nowosci\/#primaryimage\"},\"thumbnailUrl\":\"https:\/\/kominki-elektryczne.pl\/blog\/wp-content\/uploads\/2020\/02\/albion-42-srebrny-e1580996630193.jpg\",\"datePublished\":\"2020-02-06T13:44:15+00:00\",\"dateModified\":\"2024-10-08T10:14:48+00:00\",\"breadcrumb\":{\"@id\":\"https:\/\/kominki-elektryczne.pl\/blog\/2020\/02\/06\/nowosci-nowosci\/#breadcrumb\"},\"inLanguage\":\"pl-PL\",\"potentialAction\":[{\"@type\":\"ReadAction\",\"target\":[\"https:\/\/kominki-elektryczne.pl\/blog\/2020\/02\/06\/nowosci-nowosci\/\"]}]},{\"@type\":\"ImageObject\",\"inLanguage\":\"pl-PL\",\"@id\":\"https:\/\/kominki-elektryczne.pl\/blog\/2020\/02\/06\/nowosci-nowosci\/#primaryimage\",\"url\":\"https:\/\/kominki-elektryczne.pl\/blog\/wp-content\/uploads\/2020\/02\/albion-42-srebrny-e1580996630193.jpg\",\"contentUrl\":\"https:\/\/kominki-elektryczne.pl\/blog\/wp-content\/uploads\/2020\/02\/albion-42-srebrny-e1580996630193.jpg\",\"width\":500,\"height\":235},{\"@type\":\"BreadcrumbList\",\"@id\":\"https:\/\/kominki-elektryczne.pl\/blog\/2020\/02\/06\/nowosci-nowosci\/#breadcrumb\",\"itemListElement\":[{\"@type\":\"ListItem\",\"position\":1,\"name\":\"Strona g\u0142\u00f3wna\",\"item\":\"https:\/\/kominki-elektryczne.pl\/blog\/\"},{\"@type\":\"ListItem\",\"position\":2,\"name\":\"Nowo\u015bci, nowo\u015bci!\"}]},{\"@type\":\"WebSite\",\"@id\":\"https:\/\/kominki-elektryczne.pl\/blog\/#website\",\"url\":\"https:\/\/kominki-elektryczne.pl\/blog\/\",\"name\":\"Kominki-Elektryczne.pl\",\"description\":\"Opisy - Porady - Recenzje\",\"publisher\":{\"@id\":\"https:\/\/kominki-elektryczne.pl\/blog\/#organization\"},\"potentialAction\":[{\"@type\":\"SearchAction\",\"target\":{\"@type\":\"EntryPoint\",\"urlTemplate\":\"https:\/\/kominki-elektryczne.pl\/blog\/?s={search_term_string}\"},\"query-input\":{\"@type\":\"PropertyValueSpecification\",\"valueRequired\":true,\"valueName\":\"search_term_string\"}}],\"inLanguage\":\"pl-PL\"},{\"@type\":\"Organization\",\"@id\":\"https:\/\/kominki-elektryczne.pl\/blog\/#organization\",\"name\":\"Kominki-Elektryczne.pl\",\"url\":\"https:\/\/kominki-elektryczne.pl\/blog\/\",\"logo\":{\"@type\":\"ImageObject\",\"inLanguage\":\"pl-PL\",\"@id\":\"https:\/\/kominki-elektryczne.pl\/blog\/#\/schema\/logo\/image\/\",\"url\":\"https:\/\/kominki-elektryczne.pl\/blog\/wp-content\/uploads\/2025\/04\/cropped-LogoAflamo.jpg\",\"contentUrl\":\"https:\/\/kominki-elektryczne.pl\/blog\/wp-content\/uploads\/2025\/04\/cropped-LogoAflamo.jpg\",\"width\":200,\"height\":58,\"caption\":\"Kominki-Elektryczne.pl\"},\"image\":{\"@id\":\"https:\/\/kominki-elektryczne.pl\/blog\/#\/schema\/logo\/image\/\"},\"sameAs\":[\"https:\/\/www.facebook.com\/elektrycznekominki\"]},{\"@type\":\"Person\",\"@id\":\"https:\/\/kominki-elektryczne.pl\/blog\/#\/schema\/person\/045e7544e3e90364f5f82cc509123089\",\"name\":\"Kominkowy\",\"image\":{\"@type\":\"ImageObject\",\"inLanguage\":\"pl-PL\",\"@id\":\"https:\/\/kominki-elektryczne.pl\/blog\/#\/schema\/person\/image\/\",\"url\":\"https:\/\/secure.gravatar.com\/avatar\/8c15720599195e8ba4119df2db28ce7e?s=96&d=mm&r=g\",\"contentUrl\":\"https:\/\/secure.gravatar.com\/avatar\/8c15720599195e8ba4119df2db28ce7e?s=96&d=mm&r=g\",\"caption\":\"Kominkowy\"},\"sameAs\":[\"http:\/\/www.kominki-elektryczne.pl\"],\"url\":\"https:\/\/kominki-elektryczne.pl\/blog\/author\/led-handel\/\"}]}<\/script>\n<!-- \/ Yoast SEO plugin. -->","yoast_head_json":{"title":"Nowo\u015bci, nowo\u015bci! - Kominki-Elektryczne.pl","robots":{"index":"index","follow":"follow","max-snippet":"max-snippet:-1","max-image-preview":"max-image-preview:large","max-video-preview":"max-video-preview:-1"},"canonical":"https:\/\/kominki-elektryczne.pl\/blog\/2020\/02\/06\/nowosci-nowosci\/","og_locale":"pl_PL","og_type":"article","og_title":"Nowo\u015bci, nowo\u015bci! - Kominki-Elektryczne.pl","og_description":"Dzie\u0144 dobry! Zagl\u0105dajcie codziennie na nasza stron\u0119. Codziennie pojawiaj\u0105 si\u0119 kolejne modele, kt\u00f3re wchodz\u0105 do naszej oferty \ud83d\ude42 Dzisiaj pojawi\u0142y si\u0119 np. Kominki elektryczne LED \u015bcienne Albion w KOLORZE SREBRNYM. Takich kolor\u00f3w to jeszcze u nas nie by\u0142o \ud83d\ude09 Zapraszamy! Albion 33&#8243; srebrny Albion 42&#8243; &hellip;","og_url":"https:\/\/kominki-elektryczne.pl\/blog\/2020\/02\/06\/nowosci-nowosci\/","og_site_name":"Kominki-Elektryczne.pl","article_publisher":"https:\/\/www.facebook.com\/elektrycznekominki","article_published_time":"2020-02-06T13:44:15+00:00","article_modified_time":"2024-10-08T10:14:48+00:00","og_image":[{"width":500,"height":235,"url":"https:\/\/kominki-elektryczne.pl\/blog\/wp-content\/uploads\/2020\/02\/albion-42-srebrny-e1580996630193.jpg","type":"image\/jpeg"}],"author":"Kominkowy","twitter_card":"summary_large_image","twitter_misc":{"Napisane przez":"Kominkowy"},"schema":{"@context":"https:\/\/schema.org","@graph":[{"@type":"Article","@id":"https:\/\/kominki-elektryczne.pl\/blog\/2020\/02\/06\/nowosci-nowosci\/#article","isPartOf":{"@id":"https:\/\/kominki-elektryczne.pl\/blog\/2020\/02\/06\/nowosci-nowosci\/"},"author":{"name":"Kominkowy","@id":"https:\/\/kominki-elektryczne.pl\/blog\/#\/schema\/person\/045e7544e3e90364f5f82cc509123089"},"headline":"Nowo\u015bci, nowo\u015bci!","datePublished":"2020-02-06T13:44:15+00:00","dateModified":"2024-10-08T10:14:48+00:00","mainEntityOfPage":{"@id":"https:\/\/kominki-elektryczne.pl\/blog\/2020\/02\/06\/nowosci-nowosci\/"},"wordCount":51,"publisher":{"@id":"https:\/\/kominki-elektryczne.pl\/blog\/#organization"},"image":{"@id":"https:\/\/kominki-elektryczne.pl\/blog\/2020\/02\/06\/nowosci-nowosci\/#primaryimage"},"thumbnailUrl":"https:\/\/kominki-elektryczne.pl\/blog\/wp-content\/uploads\/2020\/02\/albion-42-srebrny-e1580996630193.jpg","inLanguage":"pl-PL"},{"@type":"WebPage","@id":"https:\/\/kominki-elektryczne.pl\/blog\/2020\/02\/06\/nowosci-nowosci\/","url":"https:\/\/kominki-elektryczne.pl\/blog\/2020\/02\/06\/nowosci-nowosci\/","name":"Nowo\u015bci, nowo\u015bci! - Kominki-Elektryczne.pl","isPartOf":{"@id":"https:\/\/kominki-elektryczne.pl\/blog\/#website"},"primaryImageOfPage":{"@id":"https:\/\/kominki-elektryczne.pl\/blog\/2020\/02\/06\/nowosci-nowosci\/#primaryimage"},"image":{"@id":"https:\/\/kominki-elektryczne.pl\/blog\/2020\/02\/06\/nowosci-nowosci\/#primaryimage"},"thumbnailUrl":"https:\/\/kominki-elektryczne.pl\/blog\/wp-content\/uploads\/2020\/02\/albion-42-srebrny-e1580996630193.jpg","datePublished":"2020-02-06T13:44:15+00:00","dateModified":"2024-10-08T10:14:48+00:00","breadcrumb":{"@id":"https:\/\/kominki-elektryczne.pl\/blog\/2020\/02\/06\/nowosci-nowosci\/#breadcrumb"},"inLanguage":"pl-PL","potentialAction":[{"@type":"ReadAction","target":["https:\/\/kominki-elektryczne.pl\/blog\/2020\/02\/06\/nowosci-nowosci\/"]}]},{"@type":"ImageObject","inLanguage":"pl-PL","@id":"https:\/\/kominki-elektryczne.pl\/blog\/2020\/02\/06\/nowosci-nowosci\/#primaryimage","url":"https:\/\/kominki-elektryczne.pl\/blog\/wp-content\/uploads\/2020\/02\/albion-42-srebrny-e1580996630193.jpg","contentUrl":"https:\/\/kominki-elektryczne.pl\/blog\/wp-content\/uploads\/2020\/02\/albion-42-srebrny-e1580996630193.jpg","width":500,"height":235},{"@type":"BreadcrumbList","@id":"https:\/\/kominki-elektryczne.pl\/blog\/2020\/02\/06\/nowosci-nowosci\/#breadcrumb","itemListElement":[{"@type":"ListItem","position":1,"name":"Strona g\u0142\u00f3wna","item":"https:\/\/kominki-elektryczne.pl\/blog\/"},{"@type":"ListItem","position":2,"name":"Nowo\u015bci, nowo\u015bci!"}]},{"@type":"WebSite","@id":"https:\/\/kominki-elektryczne.pl\/blog\/#website","url":"https:\/\/kominki-elektryczne.pl\/blog\/","name":"Kominki-Elektryczne.pl","description":"Opisy - Porady - Recenzje","publisher":{"@id":"https:\/\/kominki-elektryczne.pl\/blog\/#organization"},"potentialAction":[{"@type":"SearchAction","target":{"@type":"EntryPoint","urlTemplate":"https:\/\/kominki-elektryczne.pl\/blog\/?s={search_term_string}"},"query-input":{"@type":"PropertyValueSpecification","valueRequired":true,"valueName":"search_term_string"}}],"inLanguage":"pl-PL"},{"@type":"Organization","@id":"https:\/\/kominki-elektryczne.pl\/blog\/#organization","name":"Kominki-Elektryczne.pl","url":"https:\/\/kominki-elektryczne.pl\/blog\/","logo":{"@type":"ImageObject","inLanguage":"pl-PL","@id":"https:\/\/kominki-elektryczne.pl\/blog\/#\/schema\/logo\/image\/","url":"https:\/\/kominki-elektryczne.pl\/blog\/wp-content\/uploads\/2025\/04\/cropped-LogoAflamo.jpg","contentUrl":"https:\/\/kominki-elektryczne.pl\/blog\/wp-content\/uploads\/2025\/04\/cropped-LogoAflamo.jpg","width":200,"height":58,"caption":"Kominki-Elektryczne.pl"},"image":{"@id":"https:\/\/kominki-elektryczne.pl\/blog\/#\/schema\/logo\/image\/"},"sameAs":["https:\/\/www.facebook.com\/elektrycznekominki"]},{"@type":"Person","@id":"https:\/\/kominki-elektryczne.pl\/blog\/#\/schema\/person\/045e7544e3e90364f5f82cc509123089","name":"Kominkowy","image":{"@type":"ImageObject","inLanguage":"pl-PL","@id":"https:\/\/kominki-elektryczne.pl\/blog\/#\/schema\/person\/image\/","url":"https:\/\/secure.gravatar.com\/avatar\/8c15720599195e8ba4119df2db28ce7e?s=96&d=mm&r=g","contentUrl":"https:\/\/secure.gravatar.com\/avatar\/8c15720599195e8ba4119df2db28ce7e?s=96&d=mm&r=g","caption":"Kominkowy"},"sameAs":["http:\/\/www.kominki-elektryczne.pl"],"url":"https:\/\/kominki-elektryczne.pl\/blog\/author\/led-handel\/"}]}},"_links":{"self":[{"href":"https:\/\/kominki-elektryczne.pl\/blog\/wp-json\/wp\/v2\/posts\/221","targetHints":{"allow":["GET"]}}],"collection":[{"href":"https:\/\/kominki-elektryczne.pl\/blog\/wp-json\/wp\/v2\/posts"}],"about":[{"href":"https:\/\/kominki-elektryczne.pl\/blog\/wp-json\/wp\/v2\/types\/post"}],"author":[{"embeddable":true,"href":"https:\/\/kominki-elektryczne.pl\/blog\/wp-json\/wp\/v2\/users\/1"}],"replies":[{"embeddable":true,"href":"https:\/\/kominki-elektryczne.pl\/blog\/wp-json\/wp\/v2\/comments?post=221"}],"version-history":[{"count":1,"href":"https:\/\/kominki-elektryczne.pl\/blog\/wp-json\/wp\/v2\/posts\/221\/revisions"}],"predecessor-version":[{"id":223,"href":"https:\/\/kominki-elektryczne.pl\/blog\/wp-json\/wp\/v2\/posts\/221\/revisions\/223"}],"wp:featuredmedia":[{"embeddable":true,"href":"https:\/\/kominki-elektryczne.pl\/blog\/wp-json\/wp\/v2\/media\/222"}],"wp:attachment":[{"href":"https:\/\/kominki-elektryczne.pl\/blog\/wp-json\/wp\/v2\/media?parent=221"}],"wp:term":[{"taxonomy":"category","embeddable":true,"href":"https:\/\/kominki-elektryczne.pl\/blog\/wp-json\/wp\/v2\/categories?post=221"},{"taxonomy":"post_tag","embeddable":true,"href":"https:\/\/kominki-elektryczne.pl\/blog\/wp-json\/wp\/v2\/tags?post=221"}],"curies":[{"name":"wp","href":"https:\/\/api.w.org\/{rel}","templated":true}]}}