{"id":253,"date":"2020-08-28T13:13:04","date_gmt":"2020-08-28T11:13:04","guid":{"rendered":"https:\/\/kominki-elektryczne.pl\/blog\/?p=253"},"modified":"2024-10-08T12:14:47","modified_gmt":"2024-10-08T10:14:47","slug":"la-serie-de-chimeneas-mas-popular-majestic","status":"publish","type":"post","link":"https:\/\/kominki-elektryczne.pl\/blog\/2020\/08\/28\/la-serie-de-chimeneas-mas-popular-majestic\/","title":{"rendered":"La serie de chimeneas m\u00e1s popular &#8211; MAJESTIC"},"content":{"rendered":"<p style=\"text-align: left;\">Encantador,<\/p>\n<p style=\"text-align: left;\">Queremos presentarle nuestra serie m\u00e1s popular de chimeneas Majestic. \u00bfPor qu\u00e9 son tan populares? Encontrar\u00e1s la respuesta a continuaci\u00f3n.<\/p>\n<p><img loading=\"lazy\" decoding=\"async\" class=\"aligncenter wp-image-254 size-full\" src=\"https:\/\/kominki-elektryczne.pl\/blog\/wp-content\/uploads\/2020\/08\/majestic-45.jpg\" alt=\"\" width=\"720\" height=\"348\" srcset=\"https:\/\/kominki-elektryczne.pl\/blog\/wp-content\/uploads\/2020\/08\/majestic-45.jpg 720w, https:\/\/kominki-elektryczne.pl\/blog\/wp-content\/uploads\/2020\/08\/majestic-45-300x145.jpg 300w\" sizes=\"auto, (max-width: 720px) 100vw, 720px\" \/><em>\u00a0\u00a0\u00a0\u00a0\u00a0\u00a0\u00a0\u00a0\u00a0\u00a0\u00a0\u00a0\u00a0\u00a0\u00a0\u00a0\u00a0\u00a0\u00a0\u00a0\u00a0\u00a0\u00a0\u00a0\u00a0\u00a0\u00a0\u00a0\u00a0\u00a0\u00a0\u00a0\u00a0\u00a0\u00a0\u00a0\u00a0\u00a0\u00a0\u00a0\u00a0\u00a0\u00a0\u00a0 Chimenea el\u00e9ctrica Majestic 45<\/em><\/p>\n<p>En primer lugar, estas chimeneas vienen en una amplia gama de tama\u00f1os, desde un ancho de 66 cm a 254 cm.<\/p>\n<div class=\"tlid-input input\">\n<div class=\"source-wrap\">\n<div class=\"input-full-height-wrapper tlid-input-full-height-wrapper\">\n<div class=\"source-input\">\n<div class=\"source-footer-wrap source-or-target-footer\">\n<div class=\"character-count tlid-character-count\">\n<div class=\"result-shield-container tlid-copy-target\" tabindex=\"0\"><span class=\"tlid-translation translation\" lang=\"es\"><span title=\"\">Dimensiones detalladas de la chimenea el\u00e9ctrica Majestic<\/span>:<\/span><\/div>\n<div class=\"result-shield-container tlid-copy-target\" tabindex=\"0\"><span class=\"tlid-translation translation\" lang=\"es\"><br \/>\n<em><strong><span title=\"\">Majestic 26:\u00a0<\/span><\/strong><span title=\"\"> ancho 66,\u00a0 alto 42,\u00a0 fondo 12<\/span><strong><span title=\"\"><br \/>\n<\/span><\/strong><\/em><\/span><span class=\"tlid-translation translation\" lang=\"es\"><em><strong><span title=\"\">Majestic 36:\u00a0 <\/span><\/strong><span title=\"\">ancho 91,5,\u00a0 altura 54,4, fondo14<\/span><\/em><br \/>\n<em><strong><span title=\"\">Majestic 45:\u00a0<\/span><\/strong><span title=\"\"> ancho 115,3,\u00a0 altura 54,4, fondo 14<\/span><\/em><br \/>\n<em><strong><span title=\"\">Majestic 50:\u00a0 <\/span><\/strong><span title=\"\">ancho 128,\u00a0 altura 54,4, fondo 14<\/span><\/em><br \/>\n<em><strong><span title=\"\">Majestic 60:\u00a0 <\/span><\/strong><span title=\"\">ancho 152,\u00a0 alto 54,4, fondo 14<\/span><\/em><br \/>\n<em><strong><span title=\"\">Majestic 65:\u00a0 <\/span><\/strong><span title=\"\">ancho 165,\u00a0 alto 54,4, fondo 14<\/span><\/em><br \/>\n<em><strong><span title=\"\">Majestic 72:\u00a0 <\/span><\/strong><span title=\"\">ancho 185,\u00a0 alto 54,4, fondo 14<\/span><\/em><br \/>\n<em><strong><span class=\"\" title=\"\">Majestic 100:\u00a0 <\/span><\/strong><span class=\"\" title=\"\">ancho 254,\u00a0 alto 54,4, fondo 14<\/span><\/em><\/span><\/div>\n<\/div>\n<\/div>\n<\/div>\n<\/div>\n<\/div>\n<\/div>\n<p>&nbsp;<\/p>\n<p>En segundo lugar, la gama de chimeneas Majestic tiene un centro extra\u00edble. Podemos tener troncos, cristales o piedras. Los intercambiamos cuando queramos. \u00bfQu\u00e9 m\u00e1s distingue a esta serie? Es un hecho que se puede construir o colocar en una pared. Disponemos de tres m\u00e9todos de instalaci\u00f3n: una chimenea suspendida, ligeramente empotrada en la pared y totalmente empotrada.<\/p>\n<p>&nbsp;<\/p>\n<p><img loading=\"lazy\" decoding=\"async\" class=\"aligncenter wp-image-256 size-full\" src=\"https:\/\/kominki-elektryczne.pl\/blog\/wp-content\/uploads\/2020\/08\/montaz.jpg\" alt=\"\" width=\"537\" height=\"314\" srcset=\"https:\/\/kominki-elektryczne.pl\/blog\/wp-content\/uploads\/2020\/08\/montaz.jpg 537w, https:\/\/kominki-elektryczne.pl\/blog\/wp-content\/uploads\/2020\/08\/montaz-300x175.jpg 300w\" sizes=\"auto, (max-width: 537px) 100vw, 537px\" \/><br \/>\n<em>\u00a0\u00a0\u00a0\u00a0\u00a0\u00a0\u00a0\u00a0\u00a0\u00a0\u00a0\u00a0\u00a0\u00a0\u00a0\u00a0\u00a0\u00a0\u00a0\u00a0\u00a0\u00a0\u00a0\u00a0\u00a0\u00a0\u00a0\u00a0\u00a0\u00a0\u00a0\u00a0\u00a0\u00a0\u00a0\u00a0\u00a0\u00a0\u00a0 Tres formas de instalar la chimenea<\/em>.<\/p>\n<p>La chimenea el\u00e9ctrica Majestic no tiene muchas funciones adicionales, pero sus dimensiones m\u00faltiples lo compensan todo. Tienen tres colores de llama, un temporizador con regulaci\u00f3n de tiempo, control de temperatura, un panel t\u00e1ctil y por supuesto un mando a distancia. Incluso para personas exigentes ser\u00e1 perfecto.<\/p>\n<p>El consumo de energ\u00eda de estas chimeneas, con el propio efecto de la llama, es diferente para cada una de ellas. Los tama\u00f1os de chimenea m\u00e1s grandes simplemente consumen m\u00e1s energ\u00eda:<\/p>\n<p>Majestic 26&#8243;\u00a0 &#8211; 12W<br \/>\nMajestic 36&#8243; &#8211; 12W<br \/>\nMajestic 45&#8243; &#8211; 12W<br \/>\nMajestic 50 &#8222;-15 W<br \/>\nMajestic 60 &#8221; &#8211; 15W<br \/>\nMajestic 65 &#8221; &#8211; 15W<br \/>\nMajestic 72 &#8221; &#8211; 20 W<br \/>\nMajestic 100 &#8222;- 20W<\/p>\n<p>Con el efecto calentamiento, todos ellos tienen un consumo de energ\u00eda de 750\/1500 W.<\/p>\n<p>Puede encontrar m\u00e1s informaci\u00f3n sobre la chimenea el\u00e9ctrica Majestic en nuestro sitio web:<\/p>\n<p><a href=\"https:\/\/www.kominki-elektryczne.pl\/es\/szukaj?controller=search&amp;orderby=position&amp;orderway=desc&amp;search_query=Majestic&amp;submit_search=\">Majestic chimeneas el\u00e9ctricas<\/a><\/p>\n","protected":false},"excerpt":{"rendered":"<p>Encantador, Queremos presentarle nuestra serie m\u00e1s popular de chimeneas Majestic. \u00bfPor qu\u00e9 son tan populares? Encontrar\u00e1s la respuesta a continuaci\u00f3n. \u00a0\u00a0\u00a0\u00a0\u00a0\u00a0\u00a0\u00a0\u00a0\u00a0\u00a0\u00a0\u00a0\u00a0\u00a0\u00a0\u00a0\u00a0\u00a0\u00a0\u00a0\u00a0\u00a0\u00a0\u00a0\u00a0\u00a0\u00a0\u00a0\u00a0\u00a0\u00a0\u00a0\u00a0\u00a0\u00a0\u00a0\u00a0\u00a0\u00a0\u00a0\u00a0\u00a0\u00a0 Chimenea el\u00e9ctrica Majestic 45 En primer lugar, estas chimeneas vienen en una amplia gama de tama\u00f1os, desde un ancho de 66 cm a 254 &hellip; <\/p>\n","protected":false},"author":1,"featured_media":0,"comment_status":"closed","ping_status":"closed","sticky":false,"template":"","format":"standard","meta":{"footnotes":""},"categories":[1],"tags":[],"class_list":["post-253","post","type-post","status-publish","format-standard","hentry","category-bez-kategorii"],"yoast_head":"<!-- This site is optimized with the Yoast SEO plugin v25.7 - https:\/\/yoast.com\/wordpress\/plugins\/seo\/ -->\n<title>La serie de chimeneas m\u00e1s popular - MAJESTIC - Kominki-Elektryczne.pl<\/title>\n<meta name=\"robots\" content=\"index, follow, max-snippet:-1, max-image-preview:large, max-video-preview:-1\" \/>\n<link rel=\"canonical\" href=\"https:\/\/kominki-elektryczne.pl\/blog\/2020\/08\/28\/la-serie-de-chimeneas-mas-popular-majestic\/\" \/>\n<meta property=\"og:locale\" content=\"pl_PL\" \/>\n<meta property=\"og:type\" content=\"article\" \/>\n<meta property=\"og:title\" content=\"La serie de chimeneas m\u00e1s popular - MAJESTIC - Kominki-Elektryczne.pl\" \/>\n<meta property=\"og:description\" content=\"Encantador, Queremos presentarle nuestra serie m\u00e1s popular de chimeneas Majestic. \u00bfPor qu\u00e9 son tan populares? Encontrar\u00e1s la respuesta a continuaci\u00f3n. \u00a0\u00a0\u00a0\u00a0\u00a0\u00a0\u00a0\u00a0\u00a0\u00a0\u00a0\u00a0\u00a0\u00a0\u00a0\u00a0\u00a0\u00a0\u00a0\u00a0\u00a0\u00a0\u00a0\u00a0\u00a0\u00a0\u00a0\u00a0\u00a0\u00a0\u00a0\u00a0\u00a0\u00a0\u00a0\u00a0\u00a0\u00a0\u00a0\u00a0\u00a0\u00a0\u00a0\u00a0 Chimenea el\u00e9ctrica Majestic 45 En primer lugar, estas chimeneas vienen en una amplia gama de tama\u00f1os, desde un ancho de 66 cm a 254 &hellip;\" \/>\n<meta property=\"og:url\" content=\"https:\/\/kominki-elektryczne.pl\/blog\/2020\/08\/28\/la-serie-de-chimeneas-mas-popular-majestic\/\" \/>\n<meta property=\"og:site_name\" content=\"Kominki-Elektryczne.pl\" \/>\n<meta property=\"article:publisher\" content=\"https:\/\/www.facebook.com\/elektrycznekominki\" \/>\n<meta property=\"article:published_time\" content=\"2020-08-28T11:13:04+00:00\" \/>\n<meta property=\"article:modified_time\" content=\"2024-10-08T10:14:47+00:00\" \/>\n<meta property=\"og:image\" content=\"https:\/\/kominki-elektryczne.pl\/blog\/wp-content\/uploads\/2020\/08\/majestic-45.jpg\" \/>\n\t<meta property=\"og:image:width\" content=\"720\" \/>\n\t<meta property=\"og:image:height\" content=\"348\" \/>\n\t<meta property=\"og:image:type\" content=\"image\/jpeg\" \/>\n<meta name=\"author\" content=\"Kominkowy\" \/>\n<meta name=\"twitter:card\" content=\"summary_large_image\" \/>\n<meta name=\"twitter:label1\" content=\"Napisane przez\" \/>\n\t<meta name=\"twitter:data1\" content=\"Kominkowy\" \/>\n\t<meta name=\"twitter:label2\" content=\"Szacowany czas czytania\" \/>\n\t<meta name=\"twitter:data2\" content=\"2 minuty\" \/>\n<script type=\"application\/ld+json\" class=\"yoast-schema-graph\">{\"@context\":\"https:\/\/schema.org\",\"@graph\":[{\"@type\":\"Article\",\"@id\":\"https:\/\/kominki-elektryczne.pl\/blog\/2020\/08\/28\/la-serie-de-chimeneas-mas-popular-majestic\/#article\",\"isPartOf\":{\"@id\":\"https:\/\/kominki-elektryczne.pl\/blog\/2020\/08\/28\/la-serie-de-chimeneas-mas-popular-majestic\/\"},\"author\":{\"name\":\"Kominkowy\",\"@id\":\"https:\/\/kominki-elektryczne.pl\/blog\/#\/schema\/person\/045e7544e3e90364f5f82cc509123089\"},\"headline\":\"La serie de chimeneas m\u00e1s popular &#8211; MAJESTIC\",\"datePublished\":\"2020-08-28T11:13:04+00:00\",\"dateModified\":\"2024-10-08T10:14:47+00:00\",\"mainEntityOfPage\":{\"@id\":\"https:\/\/kominki-elektryczne.pl\/blog\/2020\/08\/28\/la-serie-de-chimeneas-mas-popular-majestic\/\"},\"wordCount\":309,\"publisher\":{\"@id\":\"https:\/\/kominki-elektryczne.pl\/blog\/#organization\"},\"image\":{\"@id\":\"https:\/\/kominki-elektryczne.pl\/blog\/2020\/08\/28\/la-serie-de-chimeneas-mas-popular-majestic\/#primaryimage\"},\"thumbnailUrl\":\"https:\/\/kominki-elektryczne.pl\/blog\/wp-content\/uploads\/2020\/08\/majestic-45.jpg\",\"inLanguage\":\"pl-PL\"},{\"@type\":\"WebPage\",\"@id\":\"https:\/\/kominki-elektryczne.pl\/blog\/2020\/08\/28\/la-serie-de-chimeneas-mas-popular-majestic\/\",\"url\":\"https:\/\/kominki-elektryczne.pl\/blog\/2020\/08\/28\/la-serie-de-chimeneas-mas-popular-majestic\/\",\"name\":\"La serie de chimeneas m\u00e1s popular - MAJESTIC - Kominki-Elektryczne.pl\",\"isPartOf\":{\"@id\":\"https:\/\/kominki-elektryczne.pl\/blog\/#website\"},\"primaryImageOfPage\":{\"@id\":\"https:\/\/kominki-elektryczne.pl\/blog\/2020\/08\/28\/la-serie-de-chimeneas-mas-popular-majestic\/#primaryimage\"},\"image\":{\"@id\":\"https:\/\/kominki-elektryczne.pl\/blog\/2020\/08\/28\/la-serie-de-chimeneas-mas-popular-majestic\/#primaryimage\"},\"thumbnailUrl\":\"https:\/\/kominki-elektryczne.pl\/blog\/wp-content\/uploads\/2020\/08\/majestic-45.jpg\",\"datePublished\":\"2020-08-28T11:13:04+00:00\",\"dateModified\":\"2024-10-08T10:14:47+00:00\",\"breadcrumb\":{\"@id\":\"https:\/\/kominki-elektryczne.pl\/blog\/2020\/08\/28\/la-serie-de-chimeneas-mas-popular-majestic\/#breadcrumb\"},\"inLanguage\":\"pl-PL\",\"potentialAction\":[{\"@type\":\"ReadAction\",\"target\":[\"https:\/\/kominki-elektryczne.pl\/blog\/2020\/08\/28\/la-serie-de-chimeneas-mas-popular-majestic\/\"]}]},{\"@type\":\"ImageObject\",\"inLanguage\":\"pl-PL\",\"@id\":\"https:\/\/kominki-elektryczne.pl\/blog\/2020\/08\/28\/la-serie-de-chimeneas-mas-popular-majestic\/#primaryimage\",\"url\":\"https:\/\/kominki-elektryczne.pl\/blog\/wp-content\/uploads\/2020\/08\/majestic-45.jpg\",\"contentUrl\":\"https:\/\/kominki-elektryczne.pl\/blog\/wp-content\/uploads\/2020\/08\/majestic-45.jpg\",\"width\":720,\"height\":348},{\"@type\":\"BreadcrumbList\",\"@id\":\"https:\/\/kominki-elektryczne.pl\/blog\/2020\/08\/28\/la-serie-de-chimeneas-mas-popular-majestic\/#breadcrumb\",\"itemListElement\":[{\"@type\":\"ListItem\",\"position\":1,\"name\":\"Strona g\u0142\u00f3wna\",\"item\":\"https:\/\/kominki-elektryczne.pl\/blog\/\"},{\"@type\":\"ListItem\",\"position\":2,\"name\":\"La serie de chimeneas m\u00e1s popular &#8211; MAJESTIC\"}]},{\"@type\":\"WebSite\",\"@id\":\"https:\/\/kominki-elektryczne.pl\/blog\/#website\",\"url\":\"https:\/\/kominki-elektryczne.pl\/blog\/\",\"name\":\"Kominki-Elektryczne.pl\",\"description\":\"Opisy - Porady - Recenzje\",\"publisher\":{\"@id\":\"https:\/\/kominki-elektryczne.pl\/blog\/#organization\"},\"potentialAction\":[{\"@type\":\"SearchAction\",\"target\":{\"@type\":\"EntryPoint\",\"urlTemplate\":\"https:\/\/kominki-elektryczne.pl\/blog\/?s={search_term_string}\"},\"query-input\":{\"@type\":\"PropertyValueSpecification\",\"valueRequired\":true,\"valueName\":\"search_term_string\"}}],\"inLanguage\":\"pl-PL\"},{\"@type\":\"Organization\",\"@id\":\"https:\/\/kominki-elektryczne.pl\/blog\/#organization\",\"name\":\"Kominki-Elektryczne.pl\",\"url\":\"https:\/\/kominki-elektryczne.pl\/blog\/\",\"logo\":{\"@type\":\"ImageObject\",\"inLanguage\":\"pl-PL\",\"@id\":\"https:\/\/kominki-elektryczne.pl\/blog\/#\/schema\/logo\/image\/\",\"url\":\"https:\/\/kominki-elektryczne.pl\/blog\/wp-content\/uploads\/2025\/04\/cropped-LogoAflamo.jpg\",\"contentUrl\":\"https:\/\/kominki-elektryczne.pl\/blog\/wp-content\/uploads\/2025\/04\/cropped-LogoAflamo.jpg\",\"width\":200,\"height\":58,\"caption\":\"Kominki-Elektryczne.pl\"},\"image\":{\"@id\":\"https:\/\/kominki-elektryczne.pl\/blog\/#\/schema\/logo\/image\/\"},\"sameAs\":[\"https:\/\/www.facebook.com\/elektrycznekominki\"]},{\"@type\":\"Person\",\"@id\":\"https:\/\/kominki-elektryczne.pl\/blog\/#\/schema\/person\/045e7544e3e90364f5f82cc509123089\",\"name\":\"Kominkowy\",\"image\":{\"@type\":\"ImageObject\",\"inLanguage\":\"pl-PL\",\"@id\":\"https:\/\/kominki-elektryczne.pl\/blog\/#\/schema\/person\/image\/\",\"url\":\"https:\/\/secure.gravatar.com\/avatar\/8c15720599195e8ba4119df2db28ce7e?s=96&d=mm&r=g\",\"contentUrl\":\"https:\/\/secure.gravatar.com\/avatar\/8c15720599195e8ba4119df2db28ce7e?s=96&d=mm&r=g\",\"caption\":\"Kominkowy\"},\"sameAs\":[\"http:\/\/www.kominki-elektryczne.pl\"],\"url\":\"https:\/\/kominki-elektryczne.pl\/blog\/author\/led-handel\/\"}]}<\/script>\n<!-- \/ Yoast SEO plugin. -->","yoast_head_json":{"title":"La serie de chimeneas m\u00e1s popular - MAJESTIC - Kominki-Elektryczne.pl","robots":{"index":"index","follow":"follow","max-snippet":"max-snippet:-1","max-image-preview":"max-image-preview:large","max-video-preview":"max-video-preview:-1"},"canonical":"https:\/\/kominki-elektryczne.pl\/blog\/2020\/08\/28\/la-serie-de-chimeneas-mas-popular-majestic\/","og_locale":"pl_PL","og_type":"article","og_title":"La serie de chimeneas m\u00e1s popular - MAJESTIC - Kominki-Elektryczne.pl","og_description":"Encantador, Queremos presentarle nuestra serie m\u00e1s popular de chimeneas Majestic. \u00bfPor qu\u00e9 son tan populares? Encontrar\u00e1s la respuesta a continuaci\u00f3n. \u00a0\u00a0\u00a0\u00a0\u00a0\u00a0\u00a0\u00a0\u00a0\u00a0\u00a0\u00a0\u00a0\u00a0\u00a0\u00a0\u00a0\u00a0\u00a0\u00a0\u00a0\u00a0\u00a0\u00a0\u00a0\u00a0\u00a0\u00a0\u00a0\u00a0\u00a0\u00a0\u00a0\u00a0\u00a0\u00a0\u00a0\u00a0\u00a0\u00a0\u00a0\u00a0\u00a0\u00a0 Chimenea el\u00e9ctrica Majestic 45 En primer lugar, estas chimeneas vienen en una amplia gama de tama\u00f1os, desde un ancho de 66 cm a 254 &hellip;","og_url":"https:\/\/kominki-elektryczne.pl\/blog\/2020\/08\/28\/la-serie-de-chimeneas-mas-popular-majestic\/","og_site_name":"Kominki-Elektryczne.pl","article_publisher":"https:\/\/www.facebook.com\/elektrycznekominki","article_published_time":"2020-08-28T11:13:04+00:00","article_modified_time":"2024-10-08T10:14:47+00:00","og_image":[{"width":720,"height":348,"url":"https:\/\/kominki-elektryczne.pl\/blog\/wp-content\/uploads\/2020\/08\/majestic-45.jpg","type":"image\/jpeg"}],"author":"Kominkowy","twitter_card":"summary_large_image","twitter_misc":{"Napisane przez":"Kominkowy","Szacowany czas czytania":"2 minuty"},"schema":{"@context":"https:\/\/schema.org","@graph":[{"@type":"Article","@id":"https:\/\/kominki-elektryczne.pl\/blog\/2020\/08\/28\/la-serie-de-chimeneas-mas-popular-majestic\/#article","isPartOf":{"@id":"https:\/\/kominki-elektryczne.pl\/blog\/2020\/08\/28\/la-serie-de-chimeneas-mas-popular-majestic\/"},"author":{"name":"Kominkowy","@id":"https:\/\/kominki-elektryczne.pl\/blog\/#\/schema\/person\/045e7544e3e90364f5f82cc509123089"},"headline":"La serie de chimeneas m\u00e1s popular &#8211; MAJESTIC","datePublished":"2020-08-28T11:13:04+00:00","dateModified":"2024-10-08T10:14:47+00:00","mainEntityOfPage":{"@id":"https:\/\/kominki-elektryczne.pl\/blog\/2020\/08\/28\/la-serie-de-chimeneas-mas-popular-majestic\/"},"wordCount":309,"publisher":{"@id":"https:\/\/kominki-elektryczne.pl\/blog\/#organization"},"image":{"@id":"https:\/\/kominki-elektryczne.pl\/blog\/2020\/08\/28\/la-serie-de-chimeneas-mas-popular-majestic\/#primaryimage"},"thumbnailUrl":"https:\/\/kominki-elektryczne.pl\/blog\/wp-content\/uploads\/2020\/08\/majestic-45.jpg","inLanguage":"pl-PL"},{"@type":"WebPage","@id":"https:\/\/kominki-elektryczne.pl\/blog\/2020\/08\/28\/la-serie-de-chimeneas-mas-popular-majestic\/","url":"https:\/\/kominki-elektryczne.pl\/blog\/2020\/08\/28\/la-serie-de-chimeneas-mas-popular-majestic\/","name":"La serie de chimeneas m\u00e1s popular - MAJESTIC - Kominki-Elektryczne.pl","isPartOf":{"@id":"https:\/\/kominki-elektryczne.pl\/blog\/#website"},"primaryImageOfPage":{"@id":"https:\/\/kominki-elektryczne.pl\/blog\/2020\/08\/28\/la-serie-de-chimeneas-mas-popular-majestic\/#primaryimage"},"image":{"@id":"https:\/\/kominki-elektryczne.pl\/blog\/2020\/08\/28\/la-serie-de-chimeneas-mas-popular-majestic\/#primaryimage"},"thumbnailUrl":"https:\/\/kominki-elektryczne.pl\/blog\/wp-content\/uploads\/2020\/08\/majestic-45.jpg","datePublished":"2020-08-28T11:13:04+00:00","dateModified":"2024-10-08T10:14:47+00:00","breadcrumb":{"@id":"https:\/\/kominki-elektryczne.pl\/blog\/2020\/08\/28\/la-serie-de-chimeneas-mas-popular-majestic\/#breadcrumb"},"inLanguage":"pl-PL","potentialAction":[{"@type":"ReadAction","target":["https:\/\/kominki-elektryczne.pl\/blog\/2020\/08\/28\/la-serie-de-chimeneas-mas-popular-majestic\/"]}]},{"@type":"ImageObject","inLanguage":"pl-PL","@id":"https:\/\/kominki-elektryczne.pl\/blog\/2020\/08\/28\/la-serie-de-chimeneas-mas-popular-majestic\/#primaryimage","url":"https:\/\/kominki-elektryczne.pl\/blog\/wp-content\/uploads\/2020\/08\/majestic-45.jpg","contentUrl":"https:\/\/kominki-elektryczne.pl\/blog\/wp-content\/uploads\/2020\/08\/majestic-45.jpg","width":720,"height":348},{"@type":"BreadcrumbList","@id":"https:\/\/kominki-elektryczne.pl\/blog\/2020\/08\/28\/la-serie-de-chimeneas-mas-popular-majestic\/#breadcrumb","itemListElement":[{"@type":"ListItem","position":1,"name":"Strona g\u0142\u00f3wna","item":"https:\/\/kominki-elektryczne.pl\/blog\/"},{"@type":"ListItem","position":2,"name":"La serie de chimeneas m\u00e1s popular &#8211; MAJESTIC"}]},{"@type":"WebSite","@id":"https:\/\/kominki-elektryczne.pl\/blog\/#website","url":"https:\/\/kominki-elektryczne.pl\/blog\/","name":"Kominki-Elektryczne.pl","description":"Opisy - Porady - Recenzje","publisher":{"@id":"https:\/\/kominki-elektryczne.pl\/blog\/#organization"},"potentialAction":[{"@type":"SearchAction","target":{"@type":"EntryPoint","urlTemplate":"https:\/\/kominki-elektryczne.pl\/blog\/?s={search_term_string}"},"query-input":{"@type":"PropertyValueSpecification","valueRequired":true,"valueName":"search_term_string"}}],"inLanguage":"pl-PL"},{"@type":"Organization","@id":"https:\/\/kominki-elektryczne.pl\/blog\/#organization","name":"Kominki-Elektryczne.pl","url":"https:\/\/kominki-elektryczne.pl\/blog\/","logo":{"@type":"ImageObject","inLanguage":"pl-PL","@id":"https:\/\/kominki-elektryczne.pl\/blog\/#\/schema\/logo\/image\/","url":"https:\/\/kominki-elektryczne.pl\/blog\/wp-content\/uploads\/2025\/04\/cropped-LogoAflamo.jpg","contentUrl":"https:\/\/kominki-elektryczne.pl\/blog\/wp-content\/uploads\/2025\/04\/cropped-LogoAflamo.jpg","width":200,"height":58,"caption":"Kominki-Elektryczne.pl"},"image":{"@id":"https:\/\/kominki-elektryczne.pl\/blog\/#\/schema\/logo\/image\/"},"sameAs":["https:\/\/www.facebook.com\/elektrycznekominki"]},{"@type":"Person","@id":"https:\/\/kominki-elektryczne.pl\/blog\/#\/schema\/person\/045e7544e3e90364f5f82cc509123089","name":"Kominkowy","image":{"@type":"ImageObject","inLanguage":"pl-PL","@id":"https:\/\/kominki-elektryczne.pl\/blog\/#\/schema\/person\/image\/","url":"https:\/\/secure.gravatar.com\/avatar\/8c15720599195e8ba4119df2db28ce7e?s=96&d=mm&r=g","contentUrl":"https:\/\/secure.gravatar.com\/avatar\/8c15720599195e8ba4119df2db28ce7e?s=96&d=mm&r=g","caption":"Kominkowy"},"sameAs":["http:\/\/www.kominki-elektryczne.pl"],"url":"https:\/\/kominki-elektryczne.pl\/blog\/author\/led-handel\/"}]}},"_links":{"self":[{"href":"https:\/\/kominki-elektryczne.pl\/blog\/wp-json\/wp\/v2\/posts\/253","targetHints":{"allow":["GET"]}}],"collection":[{"href":"https:\/\/kominki-elektryczne.pl\/blog\/wp-json\/wp\/v2\/posts"}],"about":[{"href":"https:\/\/kominki-elektryczne.pl\/blog\/wp-json\/wp\/v2\/types\/post"}],"author":[{"embeddable":true,"href":"https:\/\/kominki-elektryczne.pl\/blog\/wp-json\/wp\/v2\/users\/1"}],"replies":[{"embeddable":true,"href":"https:\/\/kominki-elektryczne.pl\/blog\/wp-json\/wp\/v2\/comments?post=253"}],"version-history":[{"count":5,"href":"https:\/\/kominki-elektryczne.pl\/blog\/wp-json\/wp\/v2\/posts\/253\/revisions"}],"predecessor-version":[{"id":260,"href":"https:\/\/kominki-elektryczne.pl\/blog\/wp-json\/wp\/v2\/posts\/253\/revisions\/260"}],"wp:attachment":[{"href":"https:\/\/kominki-elektryczne.pl\/blog\/wp-json\/wp\/v2\/media?parent=253"}],"wp:term":[{"taxonomy":"category","embeddable":true,"href":"https:\/\/kominki-elektryczne.pl\/blog\/wp-json\/wp\/v2\/categories?post=253"},{"taxonomy":"post_tag","embeddable":true,"href":"https:\/\/kominki-elektryczne.pl\/blog\/wp-json\/wp\/v2\/tags?post=253"}],"curies":[{"name":"wp","href":"https:\/\/api.w.org\/{rel}","templated":true}]}}