{"id":275,"date":"2020-12-24T11:01:34","date_gmt":"2020-12-24T10:01:34","guid":{"rendered":"https:\/\/kominki-elektryczne.pl\/blog\/?p=275"},"modified":"2024-10-08T12:14:47","modified_gmt":"2024-10-08T10:14:47","slug":"kominek-elektryczny-w-zabudowie-rtv-nowosc","status":"publish","type":"post","link":"https:\/\/kominki-elektryczne.pl\/blog\/2020\/12\/24\/kominek-elektryczny-w-zabudowie-rtv-nowosc\/","title":{"rendered":"Kominek elektryczny w zabudowie RTV- NOWO\u015a\u0106!"},"content":{"rendered":"<p>Witajcie!<br \/>\nOd kilku dni mo\u017cecie zobaczy\u0107 u nas kompletn\u0105 nowo\u015b\u0107!<br \/>\nKominek w gotowej bia\u0142ej zabudowie, kt\u00f3ry mo\u017ce s\u0142u\u017cy\u0107 jako np stolik RTV pod TV.<\/p>\n<p>Klasyczny\u00a0 wygl\u0105d obudowy, wpasuje si\u0119 do ka\u017cdego wn\u0119trza i nada mu niepowtarzalnego wygl\u0105du.<\/p>\n<p>Kominek dost\u0119pny jest w dwoma wk\u0142adami, w zale\u017cno\u015bci czy chcemy kominek z grzaniem czy bez grzania.<\/p>\n<p><img loading=\"lazy\" decoding=\"async\" class=\"alignnone size-medium wp-image-276\" src=\"https:\/\/kominki-elektryczne.pl\/blog\/wp-content\/uploads\/2020\/12\/kominek-elektryczny-rtv-crown-led-50-bialy-300x300.jpg\" alt=\"\" width=\"300\" height=\"300\" srcset=\"https:\/\/kominki-elektryczne.pl\/blog\/wp-content\/uploads\/2020\/12\/kominek-elektryczny-rtv-crown-led-50-bialy-300x300.jpg 300w, https:\/\/kominki-elektryczne.pl\/blog\/wp-content\/uploads\/2020\/12\/kominek-elektryczny-rtv-crown-led-50-bialy-150x150.jpg 150w, https:\/\/kominki-elektryczne.pl\/blog\/wp-content\/uploads\/2020\/12\/kominek-elektryczny-rtv-crown-led-50-bialy-768x768.jpg 768w, https:\/\/kominki-elektryczne.pl\/blog\/wp-content\/uploads\/2020\/12\/kominek-elektryczny-rtv-crown-led-50-bialy-100x100.jpg 100w, https:\/\/kominki-elektryczne.pl\/blog\/wp-content\/uploads\/2020\/12\/kominek-elektryczny-rtv-crown-led-50-bialy.jpg 800w\" sizes=\"auto, (max-width: 300px) 100vw, 300px\" \/><br \/>\n<a href=\"https:\/\/www.kominki-elektryczne.pl\/pl\/glowna\/490-kominek-elektryczny-rtv-crown-led-50-bialy.html?search_query=crown&amp;results=2\" target=\"_blank\" rel=\"noopener\">Kominek RTV w zabudowie CROWN LED 50<\/a><\/p>\n<p><img loading=\"lazy\" decoding=\"async\" class=\"alignnone size-medium wp-image-277\" src=\"https:\/\/kominki-elektryczne.pl\/blog\/wp-content\/uploads\/2020\/12\/kominek-elektryczny-rtv-crown-led-s127-bialy-bez-grzania-300x300.jpg\" alt=\"\" width=\"300\" height=\"300\" srcset=\"https:\/\/kominki-elektryczne.pl\/blog\/wp-content\/uploads\/2020\/12\/kominek-elektryczny-rtv-crown-led-s127-bialy-bez-grzania-300x300.jpg 300w, https:\/\/kominki-elektryczne.pl\/blog\/wp-content\/uploads\/2020\/12\/kominek-elektryczny-rtv-crown-led-s127-bialy-bez-grzania-150x150.jpg 150w, https:\/\/kominki-elektryczne.pl\/blog\/wp-content\/uploads\/2020\/12\/kominek-elektryczny-rtv-crown-led-s127-bialy-bez-grzania-768x768.jpg 768w, https:\/\/kominki-elektryczne.pl\/blog\/wp-content\/uploads\/2020\/12\/kominek-elektryczny-rtv-crown-led-s127-bialy-bez-grzania-100x100.jpg 100w, https:\/\/kominki-elektryczne.pl\/blog\/wp-content\/uploads\/2020\/12\/kominek-elektryczny-rtv-crown-led-s127-bialy-bez-grzania.jpg 800w\" sizes=\"auto, (max-width: 300px) 100vw, 300px\" \/><br \/>\n<a href=\"https:\/\/www.kominki-elektryczne.pl\/pl\/glowna\/491-kominek-elektryczny-rtv-crown-led-s127-bialy-bez-grzania.html?search_query=crown&amp;results=2\" target=\"_blank\" rel=\"noopener\">Kominek RTV w zabudowie CROWN LED s127<\/a><\/p>\n<p>Wi\u0119cej informacji o kominku Crown tutaj:<br \/>\n<a href=\"https:\/\/www.kominki-elektryczne.pl\/pl\/szukaj?controller=search&amp;orderby=position&amp;orderway=desc&amp;search_query=crown&amp;submit_search=\" target=\"_blank\" rel=\"noopener\">Kominek elektryczny RTV CROWN<\/a><\/p>\n","protected":false},"excerpt":{"rendered":"<p>Witajcie! Od kilku dni mo\u017cecie zobaczy\u0107 u nas kompletn\u0105 nowo\u015b\u0107! Kominek w gotowej bia\u0142ej zabudowie, kt\u00f3ry mo\u017ce s\u0142u\u017cy\u0107 jako np stolik RTV pod TV. Klasyczny\u00a0 wygl\u0105d obudowy, wpasuje si\u0119 do ka\u017cdego wn\u0119trza i nada mu niepowtarzalnego wygl\u0105du. Kominek dost\u0119pny jest w dwoma wk\u0142adami, w zale\u017cno\u015bci &hellip; <\/p>\n","protected":false},"author":1,"featured_media":0,"comment_status":"closed","ping_status":"closed","sticky":false,"template":"","format":"standard","meta":{"footnotes":""},"categories":[1],"tags":[],"class_list":["post-275","post","type-post","status-publish","format-standard","hentry","category-bez-kategorii"],"yoast_head":"<!-- This site is optimized with the Yoast SEO plugin v25.7 - https:\/\/yoast.com\/wordpress\/plugins\/seo\/ -->\n<title>Kominek elektryczny w zabudowie RTV- NOWO\u015a\u0106! - Kominki-Elektryczne.pl<\/title>\n<meta name=\"robots\" content=\"index, follow, max-snippet:-1, max-image-preview:large, max-video-preview:-1\" \/>\n<link rel=\"canonical\" href=\"https:\/\/kominki-elektryczne.pl\/blog\/2020\/12\/24\/kominek-elektryczny-w-zabudowie-rtv-nowosc\/\" \/>\n<meta property=\"og:locale\" content=\"pl_PL\" \/>\n<meta property=\"og:type\" content=\"article\" \/>\n<meta property=\"og:title\" content=\"Kominek elektryczny w zabudowie RTV- NOWO\u015a\u0106! - Kominki-Elektryczne.pl\" \/>\n<meta property=\"og:description\" content=\"Witajcie! Od kilku dni mo\u017cecie zobaczy\u0107 u nas kompletn\u0105 nowo\u015b\u0107! Kominek w gotowej bia\u0142ej zabudowie, kt\u00f3ry mo\u017ce s\u0142u\u017cy\u0107 jako np stolik RTV pod TV. Klasyczny\u00a0 wygl\u0105d obudowy, wpasuje si\u0119 do ka\u017cdego wn\u0119trza i nada mu niepowtarzalnego wygl\u0105du. Kominek dost\u0119pny jest w dwoma wk\u0142adami, w zale\u017cno\u015bci &hellip;\" \/>\n<meta property=\"og:url\" content=\"https:\/\/kominki-elektryczne.pl\/blog\/2020\/12\/24\/kominek-elektryczny-w-zabudowie-rtv-nowosc\/\" \/>\n<meta property=\"og:site_name\" content=\"Kominki-Elektryczne.pl\" \/>\n<meta property=\"article:publisher\" content=\"https:\/\/www.facebook.com\/elektrycznekominki\" \/>\n<meta property=\"article:published_time\" content=\"2020-12-24T10:01:34+00:00\" \/>\n<meta property=\"article:modified_time\" content=\"2024-10-08T10:14:47+00:00\" \/>\n<meta property=\"og:image\" content=\"https:\/\/kominki-elektryczne.pl\/blog\/wp-content\/uploads\/2020\/12\/kominek-elektryczny-rtv-crown-led-50-bialy.jpg\" \/>\n\t<meta property=\"og:image:width\" content=\"800\" \/>\n\t<meta property=\"og:image:height\" content=\"800\" \/>\n\t<meta property=\"og:image:type\" content=\"image\/jpeg\" \/>\n<meta name=\"author\" content=\"Kominkowy\" \/>\n<meta name=\"twitter:card\" content=\"summary_large_image\" \/>\n<meta name=\"twitter:label1\" content=\"Napisane przez\" \/>\n\t<meta name=\"twitter:data1\" content=\"Kominkowy\" \/>\n<script type=\"application\/ld+json\" class=\"yoast-schema-graph\">{\"@context\":\"https:\/\/schema.org\",\"@graph\":[{\"@type\":\"Article\",\"@id\":\"https:\/\/kominki-elektryczne.pl\/blog\/2020\/12\/24\/kominek-elektryczny-w-zabudowie-rtv-nowosc\/#article\",\"isPartOf\":{\"@id\":\"https:\/\/kominki-elektryczne.pl\/blog\/2020\/12\/24\/kominek-elektryczny-w-zabudowie-rtv-nowosc\/\"},\"author\":{\"name\":\"Kominkowy\",\"@id\":\"https:\/\/kominki-elektryczne.pl\/blog\/#\/schema\/person\/045e7544e3e90364f5f82cc509123089\"},\"headline\":\"Kominek elektryczny w zabudowie RTV- NOWO\u015a\u0106!\",\"datePublished\":\"2020-12-24T10:01:34+00:00\",\"dateModified\":\"2024-10-08T10:14:47+00:00\",\"mainEntityOfPage\":{\"@id\":\"https:\/\/kominki-elektryczne.pl\/blog\/2020\/12\/24\/kominek-elektryczny-w-zabudowie-rtv-nowosc\/\"},\"wordCount\":97,\"publisher\":{\"@id\":\"https:\/\/kominki-elektryczne.pl\/blog\/#organization\"},\"image\":{\"@id\":\"https:\/\/kominki-elektryczne.pl\/blog\/2020\/12\/24\/kominek-elektryczny-w-zabudowie-rtv-nowosc\/#primaryimage\"},\"thumbnailUrl\":\"https:\/\/kominki-elektryczne.pl\/blog\/wp-content\/uploads\/2020\/12\/kominek-elektryczny-rtv-crown-led-50-bialy-300x300.jpg\",\"inLanguage\":\"pl-PL\"},{\"@type\":\"WebPage\",\"@id\":\"https:\/\/kominki-elektryczne.pl\/blog\/2020\/12\/24\/kominek-elektryczny-w-zabudowie-rtv-nowosc\/\",\"url\":\"https:\/\/kominki-elektryczne.pl\/blog\/2020\/12\/24\/kominek-elektryczny-w-zabudowie-rtv-nowosc\/\",\"name\":\"Kominek elektryczny w zabudowie RTV- NOWO\u015a\u0106! - Kominki-Elektryczne.pl\",\"isPartOf\":{\"@id\":\"https:\/\/kominki-elektryczne.pl\/blog\/#website\"},\"primaryImageOfPage\":{\"@id\":\"https:\/\/kominki-elektryczne.pl\/blog\/2020\/12\/24\/kominek-elektryczny-w-zabudowie-rtv-nowosc\/#primaryimage\"},\"image\":{\"@id\":\"https:\/\/kominki-elektryczne.pl\/blog\/2020\/12\/24\/kominek-elektryczny-w-zabudowie-rtv-nowosc\/#primaryimage\"},\"thumbnailUrl\":\"https:\/\/kominki-elektryczne.pl\/blog\/wp-content\/uploads\/2020\/12\/kominek-elektryczny-rtv-crown-led-50-bialy-300x300.jpg\",\"datePublished\":\"2020-12-24T10:01:34+00:00\",\"dateModified\":\"2024-10-08T10:14:47+00:00\",\"breadcrumb\":{\"@id\":\"https:\/\/kominki-elektryczne.pl\/blog\/2020\/12\/24\/kominek-elektryczny-w-zabudowie-rtv-nowosc\/#breadcrumb\"},\"inLanguage\":\"pl-PL\",\"potentialAction\":[{\"@type\":\"ReadAction\",\"target\":[\"https:\/\/kominki-elektryczne.pl\/blog\/2020\/12\/24\/kominek-elektryczny-w-zabudowie-rtv-nowosc\/\"]}]},{\"@type\":\"ImageObject\",\"inLanguage\":\"pl-PL\",\"@id\":\"https:\/\/kominki-elektryczne.pl\/blog\/2020\/12\/24\/kominek-elektryczny-w-zabudowie-rtv-nowosc\/#primaryimage\",\"url\":\"https:\/\/kominki-elektryczne.pl\/blog\/wp-content\/uploads\/2020\/12\/kominek-elektryczny-rtv-crown-led-50-bialy.jpg\",\"contentUrl\":\"https:\/\/kominki-elektryczne.pl\/blog\/wp-content\/uploads\/2020\/12\/kominek-elektryczny-rtv-crown-led-50-bialy.jpg\",\"width\":800,\"height\":800},{\"@type\":\"BreadcrumbList\",\"@id\":\"https:\/\/kominki-elektryczne.pl\/blog\/2020\/12\/24\/kominek-elektryczny-w-zabudowie-rtv-nowosc\/#breadcrumb\",\"itemListElement\":[{\"@type\":\"ListItem\",\"position\":1,\"name\":\"Strona g\u0142\u00f3wna\",\"item\":\"https:\/\/kominki-elektryczne.pl\/blog\/\"},{\"@type\":\"ListItem\",\"position\":2,\"name\":\"Kominek elektryczny w zabudowie RTV- NOWO\u015a\u0106!\"}]},{\"@type\":\"WebSite\",\"@id\":\"https:\/\/kominki-elektryczne.pl\/blog\/#website\",\"url\":\"https:\/\/kominki-elektryczne.pl\/blog\/\",\"name\":\"Kominki-Elektryczne.pl\",\"description\":\"Opisy - Porady - Recenzje\",\"publisher\":{\"@id\":\"https:\/\/kominki-elektryczne.pl\/blog\/#organization\"},\"potentialAction\":[{\"@type\":\"SearchAction\",\"target\":{\"@type\":\"EntryPoint\",\"urlTemplate\":\"https:\/\/kominki-elektryczne.pl\/blog\/?s={search_term_string}\"},\"query-input\":{\"@type\":\"PropertyValueSpecification\",\"valueRequired\":true,\"valueName\":\"search_term_string\"}}],\"inLanguage\":\"pl-PL\"},{\"@type\":\"Organization\",\"@id\":\"https:\/\/kominki-elektryczne.pl\/blog\/#organization\",\"name\":\"Kominki-Elektryczne.pl\",\"url\":\"https:\/\/kominki-elektryczne.pl\/blog\/\",\"logo\":{\"@type\":\"ImageObject\",\"inLanguage\":\"pl-PL\",\"@id\":\"https:\/\/kominki-elektryczne.pl\/blog\/#\/schema\/logo\/image\/\",\"url\":\"https:\/\/kominki-elektryczne.pl\/blog\/wp-content\/uploads\/2025\/04\/cropped-LogoAflamo.jpg\",\"contentUrl\":\"https:\/\/kominki-elektryczne.pl\/blog\/wp-content\/uploads\/2025\/04\/cropped-LogoAflamo.jpg\",\"width\":200,\"height\":58,\"caption\":\"Kominki-Elektryczne.pl\"},\"image\":{\"@id\":\"https:\/\/kominki-elektryczne.pl\/blog\/#\/schema\/logo\/image\/\"},\"sameAs\":[\"https:\/\/www.facebook.com\/elektrycznekominki\"]},{\"@type\":\"Person\",\"@id\":\"https:\/\/kominki-elektryczne.pl\/blog\/#\/schema\/person\/045e7544e3e90364f5f82cc509123089\",\"name\":\"Kominkowy\",\"image\":{\"@type\":\"ImageObject\",\"inLanguage\":\"pl-PL\",\"@id\":\"https:\/\/kominki-elektryczne.pl\/blog\/#\/schema\/person\/image\/\",\"url\":\"https:\/\/secure.gravatar.com\/avatar\/8c15720599195e8ba4119df2db28ce7e?s=96&d=mm&r=g\",\"contentUrl\":\"https:\/\/secure.gravatar.com\/avatar\/8c15720599195e8ba4119df2db28ce7e?s=96&d=mm&r=g\",\"caption\":\"Kominkowy\"},\"sameAs\":[\"http:\/\/www.kominki-elektryczne.pl\"],\"url\":\"https:\/\/kominki-elektryczne.pl\/blog\/author\/led-handel\/\"}]}<\/script>\n<!-- \/ Yoast SEO plugin. -->","yoast_head_json":{"title":"Kominek elektryczny w zabudowie RTV- NOWO\u015a\u0106! - Kominki-Elektryczne.pl","robots":{"index":"index","follow":"follow","max-snippet":"max-snippet:-1","max-image-preview":"max-image-preview:large","max-video-preview":"max-video-preview:-1"},"canonical":"https:\/\/kominki-elektryczne.pl\/blog\/2020\/12\/24\/kominek-elektryczny-w-zabudowie-rtv-nowosc\/","og_locale":"pl_PL","og_type":"article","og_title":"Kominek elektryczny w zabudowie RTV- NOWO\u015a\u0106! - Kominki-Elektryczne.pl","og_description":"Witajcie! Od kilku dni mo\u017cecie zobaczy\u0107 u nas kompletn\u0105 nowo\u015b\u0107! Kominek w gotowej bia\u0142ej zabudowie, kt\u00f3ry mo\u017ce s\u0142u\u017cy\u0107 jako np stolik RTV pod TV. Klasyczny\u00a0 wygl\u0105d obudowy, wpasuje si\u0119 do ka\u017cdego wn\u0119trza i nada mu niepowtarzalnego wygl\u0105du. Kominek dost\u0119pny jest w dwoma wk\u0142adami, w zale\u017cno\u015bci &hellip;","og_url":"https:\/\/kominki-elektryczne.pl\/blog\/2020\/12\/24\/kominek-elektryczny-w-zabudowie-rtv-nowosc\/","og_site_name":"Kominki-Elektryczne.pl","article_publisher":"https:\/\/www.facebook.com\/elektrycznekominki","article_published_time":"2020-12-24T10:01:34+00:00","article_modified_time":"2024-10-08T10:14:47+00:00","og_image":[{"width":800,"height":800,"url":"https:\/\/kominki-elektryczne.pl\/blog\/wp-content\/uploads\/2020\/12\/kominek-elektryczny-rtv-crown-led-50-bialy.jpg","type":"image\/jpeg"}],"author":"Kominkowy","twitter_card":"summary_large_image","twitter_misc":{"Napisane przez":"Kominkowy"},"schema":{"@context":"https:\/\/schema.org","@graph":[{"@type":"Article","@id":"https:\/\/kominki-elektryczne.pl\/blog\/2020\/12\/24\/kominek-elektryczny-w-zabudowie-rtv-nowosc\/#article","isPartOf":{"@id":"https:\/\/kominki-elektryczne.pl\/blog\/2020\/12\/24\/kominek-elektryczny-w-zabudowie-rtv-nowosc\/"},"author":{"name":"Kominkowy","@id":"https:\/\/kominki-elektryczne.pl\/blog\/#\/schema\/person\/045e7544e3e90364f5f82cc509123089"},"headline":"Kominek elektryczny w zabudowie RTV- NOWO\u015a\u0106!","datePublished":"2020-12-24T10:01:34+00:00","dateModified":"2024-10-08T10:14:47+00:00","mainEntityOfPage":{"@id":"https:\/\/kominki-elektryczne.pl\/blog\/2020\/12\/24\/kominek-elektryczny-w-zabudowie-rtv-nowosc\/"},"wordCount":97,"publisher":{"@id":"https:\/\/kominki-elektryczne.pl\/blog\/#organization"},"image":{"@id":"https:\/\/kominki-elektryczne.pl\/blog\/2020\/12\/24\/kominek-elektryczny-w-zabudowie-rtv-nowosc\/#primaryimage"},"thumbnailUrl":"https:\/\/kominki-elektryczne.pl\/blog\/wp-content\/uploads\/2020\/12\/kominek-elektryczny-rtv-crown-led-50-bialy-300x300.jpg","inLanguage":"pl-PL"},{"@type":"WebPage","@id":"https:\/\/kominki-elektryczne.pl\/blog\/2020\/12\/24\/kominek-elektryczny-w-zabudowie-rtv-nowosc\/","url":"https:\/\/kominki-elektryczne.pl\/blog\/2020\/12\/24\/kominek-elektryczny-w-zabudowie-rtv-nowosc\/","name":"Kominek elektryczny w zabudowie RTV- NOWO\u015a\u0106! - Kominki-Elektryczne.pl","isPartOf":{"@id":"https:\/\/kominki-elektryczne.pl\/blog\/#website"},"primaryImageOfPage":{"@id":"https:\/\/kominki-elektryczne.pl\/blog\/2020\/12\/24\/kominek-elektryczny-w-zabudowie-rtv-nowosc\/#primaryimage"},"image":{"@id":"https:\/\/kominki-elektryczne.pl\/blog\/2020\/12\/24\/kominek-elektryczny-w-zabudowie-rtv-nowosc\/#primaryimage"},"thumbnailUrl":"https:\/\/kominki-elektryczne.pl\/blog\/wp-content\/uploads\/2020\/12\/kominek-elektryczny-rtv-crown-led-50-bialy-300x300.jpg","datePublished":"2020-12-24T10:01:34+00:00","dateModified":"2024-10-08T10:14:47+00:00","breadcrumb":{"@id":"https:\/\/kominki-elektryczne.pl\/blog\/2020\/12\/24\/kominek-elektryczny-w-zabudowie-rtv-nowosc\/#breadcrumb"},"inLanguage":"pl-PL","potentialAction":[{"@type":"ReadAction","target":["https:\/\/kominki-elektryczne.pl\/blog\/2020\/12\/24\/kominek-elektryczny-w-zabudowie-rtv-nowosc\/"]}]},{"@type":"ImageObject","inLanguage":"pl-PL","@id":"https:\/\/kominki-elektryczne.pl\/blog\/2020\/12\/24\/kominek-elektryczny-w-zabudowie-rtv-nowosc\/#primaryimage","url":"https:\/\/kominki-elektryczne.pl\/blog\/wp-content\/uploads\/2020\/12\/kominek-elektryczny-rtv-crown-led-50-bialy.jpg","contentUrl":"https:\/\/kominki-elektryczne.pl\/blog\/wp-content\/uploads\/2020\/12\/kominek-elektryczny-rtv-crown-led-50-bialy.jpg","width":800,"height":800},{"@type":"BreadcrumbList","@id":"https:\/\/kominki-elektryczne.pl\/blog\/2020\/12\/24\/kominek-elektryczny-w-zabudowie-rtv-nowosc\/#breadcrumb","itemListElement":[{"@type":"ListItem","position":1,"name":"Strona g\u0142\u00f3wna","item":"https:\/\/kominki-elektryczne.pl\/blog\/"},{"@type":"ListItem","position":2,"name":"Kominek elektryczny w zabudowie RTV- NOWO\u015a\u0106!"}]},{"@type":"WebSite","@id":"https:\/\/kominki-elektryczne.pl\/blog\/#website","url":"https:\/\/kominki-elektryczne.pl\/blog\/","name":"Kominki-Elektryczne.pl","description":"Opisy - Porady - Recenzje","publisher":{"@id":"https:\/\/kominki-elektryczne.pl\/blog\/#organization"},"potentialAction":[{"@type":"SearchAction","target":{"@type":"EntryPoint","urlTemplate":"https:\/\/kominki-elektryczne.pl\/blog\/?s={search_term_string}"},"query-input":{"@type":"PropertyValueSpecification","valueRequired":true,"valueName":"search_term_string"}}],"inLanguage":"pl-PL"},{"@type":"Organization","@id":"https:\/\/kominki-elektryczne.pl\/blog\/#organization","name":"Kominki-Elektryczne.pl","url":"https:\/\/kominki-elektryczne.pl\/blog\/","logo":{"@type":"ImageObject","inLanguage":"pl-PL","@id":"https:\/\/kominki-elektryczne.pl\/blog\/#\/schema\/logo\/image\/","url":"https:\/\/kominki-elektryczne.pl\/blog\/wp-content\/uploads\/2025\/04\/cropped-LogoAflamo.jpg","contentUrl":"https:\/\/kominki-elektryczne.pl\/blog\/wp-content\/uploads\/2025\/04\/cropped-LogoAflamo.jpg","width":200,"height":58,"caption":"Kominki-Elektryczne.pl"},"image":{"@id":"https:\/\/kominki-elektryczne.pl\/blog\/#\/schema\/logo\/image\/"},"sameAs":["https:\/\/www.facebook.com\/elektrycznekominki"]},{"@type":"Person","@id":"https:\/\/kominki-elektryczne.pl\/blog\/#\/schema\/person\/045e7544e3e90364f5f82cc509123089","name":"Kominkowy","image":{"@type":"ImageObject","inLanguage":"pl-PL","@id":"https:\/\/kominki-elektryczne.pl\/blog\/#\/schema\/person\/image\/","url":"https:\/\/secure.gravatar.com\/avatar\/8c15720599195e8ba4119df2db28ce7e?s=96&d=mm&r=g","contentUrl":"https:\/\/secure.gravatar.com\/avatar\/8c15720599195e8ba4119df2db28ce7e?s=96&d=mm&r=g","caption":"Kominkowy"},"sameAs":["http:\/\/www.kominki-elektryczne.pl"],"url":"https:\/\/kominki-elektryczne.pl\/blog\/author\/led-handel\/"}]}},"_links":{"self":[{"href":"https:\/\/kominki-elektryczne.pl\/blog\/wp-json\/wp\/v2\/posts\/275","targetHints":{"allow":["GET"]}}],"collection":[{"href":"https:\/\/kominki-elektryczne.pl\/blog\/wp-json\/wp\/v2\/posts"}],"about":[{"href":"https:\/\/kominki-elektryczne.pl\/blog\/wp-json\/wp\/v2\/types\/post"}],"author":[{"embeddable":true,"href":"https:\/\/kominki-elektryczne.pl\/blog\/wp-json\/wp\/v2\/users\/1"}],"replies":[{"embeddable":true,"href":"https:\/\/kominki-elektryczne.pl\/blog\/wp-json\/wp\/v2\/comments?post=275"}],"version-history":[{"count":3,"href":"https:\/\/kominki-elektryczne.pl\/blog\/wp-json\/wp\/v2\/posts\/275\/revisions"}],"predecessor-version":[{"id":280,"href":"https:\/\/kominki-elektryczne.pl\/blog\/wp-json\/wp\/v2\/posts\/275\/revisions\/280"}],"wp:attachment":[{"href":"https:\/\/kominki-elektryczne.pl\/blog\/wp-json\/wp\/v2\/media?parent=275"}],"wp:term":[{"taxonomy":"category","embeddable":true,"href":"https:\/\/kominki-elektryczne.pl\/blog\/wp-json\/wp\/v2\/categories?post=275"},{"taxonomy":"post_tag","embeddable":true,"href":"https:\/\/kominki-elektryczne.pl\/blog\/wp-json\/wp\/v2\/tags?post=275"}],"curies":[{"name":"wp","href":"https:\/\/api.w.org\/{rel}","templated":true}]}}