{"id":282,"date":"2021-02-03T14:05:30","date_gmt":"2021-02-03T13:05:30","guid":{"rendered":"https:\/\/kominki-elektryczne.pl\/blog\/?p=282"},"modified":"2024-10-08T12:14:47","modified_gmt":"2024-10-08T10:14:47","slug":"general-nowosc-wsrod-kominkow-kamiennych","status":"publish","type":"post","link":"https:\/\/kominki-elektryczne.pl\/blog\/2021\/02\/03\/general-nowosc-wsrod-kominkow-kamiennych\/","title":{"rendered":"General- Nowo\u015b\u0107 w\u015br\u00f3d komink\u00f3w kamiennych"},"content":{"rendered":"<p>Dzie\u0144 dobry<\/p>\n<p>Mamy nowo\u015b\u0107 w ofercie <a href=\"https:\/\/www.kominki-elektryczne.pl\/pl\/\">komink\u00f3w elektrycznych<\/a>!!!\u00a0 Kominek elektryczny Led kamienny General.\u00a0 Jest to kominek o rozmiarach podobnych do kultowego ju\u017c u nas Geniusa. Wykonany jest ze specjalnego odlewu gipsowego, kt\u00f3ry przypomina \u017cywy kamie\u0144. Dzi\u0119ki temu wygl\u0105da, jak kamie\u0144 naturalny.<\/p>\n<p><img loading=\"lazy\" decoding=\"async\" class=\"alignnone size-medium wp-image-283\" src=\"https:\/\/kominki-elektryczne.pl\/blog\/wp-content\/uploads\/2021\/02\/general-1-300x270.jpg\" alt=\"\" width=\"300\" height=\"270\" srcset=\"https:\/\/kominki-elektryczne.pl\/blog\/wp-content\/uploads\/2021\/02\/general-1-300x270.jpg 300w, https:\/\/kominki-elektryczne.pl\/blog\/wp-content\/uploads\/2021\/02\/general-1.jpg 618w\" sizes=\"auto, (max-width: 300px) 100vw, 300px\" \/><\/p>\n<p>Wymiary kominka to:<\/p>\n<p>Szeroko\u015b\u0107: 114cm<br \/>\nWysoko\u015b\u0107: 102cm<br \/>\nG\u0142\u0119boko\u015b\u0107: 40cm<\/p>\n<p>Wi\u0119cej informacji o kominku znajdziecie tutaj:<\/p>\n<p><a href=\"https:\/\/www.kominki-elektryczne.pl\/pl\/glowna\/501-kominek-elektryczny-general-led-3d-kamienny.html\" target=\"_blank\" rel=\"noopener\">Kominek kamienny General<\/a><\/p>\n","protected":false},"excerpt":{"rendered":"<p>Dzie\u0144 dobry Mamy nowo\u015b\u0107 w ofercie komink\u00f3w elektrycznych!!!\u00a0 Kominek elektryczny Led kamienny General.\u00a0 Jest to kominek o rozmiarach podobnych do kultowego ju\u017c u nas Geniusa. Wykonany jest ze specjalnego odlewu gipsowego, kt\u00f3ry przypomina \u017cywy kamie\u0144. Dzi\u0119ki temu wygl\u0105da, jak kamie\u0144 naturalny. Wymiary kominka to: Szeroko\u015b\u0107: &hellip; <\/p>\n","protected":false},"author":1,"featured_media":0,"comment_status":"closed","ping_status":"closed","sticky":false,"template":"","format":"standard","meta":{"footnotes":""},"categories":[1],"tags":[15,63],"class_list":["post-282","post","type-post","status-publish","format-standard","hentry","category-bez-kategorii","tag-kominek","tag-kominek-elektryczny"],"yoast_head":"<!-- This site is optimized with the Yoast SEO plugin v25.7 - https:\/\/yoast.com\/wordpress\/plugins\/seo\/ -->\n<title>General- Nowo\u015b\u0107 w\u015br\u00f3d komink\u00f3w kamiennych - Kominki-Elektryczne.pl<\/title>\n<meta name=\"robots\" content=\"index, follow, max-snippet:-1, max-image-preview:large, max-video-preview:-1\" \/>\n<link rel=\"canonical\" href=\"https:\/\/kominki-elektryczne.pl\/blog\/2021\/02\/03\/general-nowosc-wsrod-kominkow-kamiennych\/\" \/>\n<meta property=\"og:locale\" content=\"pl_PL\" \/>\n<meta property=\"og:type\" content=\"article\" \/>\n<meta property=\"og:title\" content=\"General- Nowo\u015b\u0107 w\u015br\u00f3d komink\u00f3w kamiennych - Kominki-Elektryczne.pl\" \/>\n<meta property=\"og:description\" content=\"Dzie\u0144 dobry Mamy nowo\u015b\u0107 w ofercie komink\u00f3w elektrycznych!!!\u00a0 Kominek elektryczny Led kamienny General.\u00a0 Jest to kominek o rozmiarach podobnych do kultowego ju\u017c u nas Geniusa. Wykonany jest ze specjalnego odlewu gipsowego, kt\u00f3ry przypomina \u017cywy kamie\u0144. Dzi\u0119ki temu wygl\u0105da, jak kamie\u0144 naturalny. Wymiary kominka to: Szeroko\u015b\u0107: &hellip;\" \/>\n<meta property=\"og:url\" content=\"https:\/\/kominki-elektryczne.pl\/blog\/2021\/02\/03\/general-nowosc-wsrod-kominkow-kamiennych\/\" \/>\n<meta property=\"og:site_name\" content=\"Kominki-Elektryczne.pl\" \/>\n<meta property=\"article:publisher\" content=\"https:\/\/www.facebook.com\/elektrycznekominki\" \/>\n<meta property=\"article:published_time\" content=\"2021-02-03T13:05:30+00:00\" \/>\n<meta property=\"article:modified_time\" content=\"2024-10-08T10:14:47+00:00\" \/>\n<meta property=\"og:image\" content=\"https:\/\/kominki-elektryczne.pl\/blog\/wp-content\/uploads\/2021\/02\/general-1.jpg\" \/>\n\t<meta property=\"og:image:width\" content=\"618\" \/>\n\t<meta property=\"og:image:height\" content=\"556\" \/>\n\t<meta property=\"og:image:type\" content=\"image\/jpeg\" \/>\n<meta name=\"author\" content=\"Kominkowy\" \/>\n<meta name=\"twitter:card\" content=\"summary_large_image\" \/>\n<meta name=\"twitter:label1\" content=\"Napisane przez\" \/>\n\t<meta name=\"twitter:data1\" content=\"Kominkowy\" \/>\n<script type=\"application\/ld+json\" class=\"yoast-schema-graph\">{\"@context\":\"https:\/\/schema.org\",\"@graph\":[{\"@type\":\"Article\",\"@id\":\"https:\/\/kominki-elektryczne.pl\/blog\/2021\/02\/03\/general-nowosc-wsrod-kominkow-kamiennych\/#article\",\"isPartOf\":{\"@id\":\"https:\/\/kominki-elektryczne.pl\/blog\/2021\/02\/03\/general-nowosc-wsrod-kominkow-kamiennych\/\"},\"author\":{\"name\":\"Kominkowy\",\"@id\":\"https:\/\/kominki-elektryczne.pl\/blog\/#\/schema\/person\/045e7544e3e90364f5f82cc509123089\"},\"headline\":\"General- Nowo\u015b\u0107 w\u015br\u00f3d komink\u00f3w kamiennych\",\"datePublished\":\"2021-02-03T13:05:30+00:00\",\"dateModified\":\"2024-10-08T10:14:47+00:00\",\"mainEntityOfPage\":{\"@id\":\"https:\/\/kominki-elektryczne.pl\/blog\/2021\/02\/03\/general-nowosc-wsrod-kominkow-kamiennych\/\"},\"wordCount\":73,\"publisher\":{\"@id\":\"https:\/\/kominki-elektryczne.pl\/blog\/#organization\"},\"image\":{\"@id\":\"https:\/\/kominki-elektryczne.pl\/blog\/2021\/02\/03\/general-nowosc-wsrod-kominkow-kamiennych\/#primaryimage\"},\"thumbnailUrl\":\"https:\/\/kominki-elektryczne.pl\/blog\/wp-content\/uploads\/2021\/02\/general-1-300x270.jpg\",\"keywords\":[\"kominek\",\"kominek elektryczny\"],\"inLanguage\":\"pl-PL\"},{\"@type\":\"WebPage\",\"@id\":\"https:\/\/kominki-elektryczne.pl\/blog\/2021\/02\/03\/general-nowosc-wsrod-kominkow-kamiennych\/\",\"url\":\"https:\/\/kominki-elektryczne.pl\/blog\/2021\/02\/03\/general-nowosc-wsrod-kominkow-kamiennych\/\",\"name\":\"General- Nowo\u015b\u0107 w\u015br\u00f3d komink\u00f3w kamiennych - Kominki-Elektryczne.pl\",\"isPartOf\":{\"@id\":\"https:\/\/kominki-elektryczne.pl\/blog\/#website\"},\"primaryImageOfPage\":{\"@id\":\"https:\/\/kominki-elektryczne.pl\/blog\/2021\/02\/03\/general-nowosc-wsrod-kominkow-kamiennych\/#primaryimage\"},\"image\":{\"@id\":\"https:\/\/kominki-elektryczne.pl\/blog\/2021\/02\/03\/general-nowosc-wsrod-kominkow-kamiennych\/#primaryimage\"},\"thumbnailUrl\":\"https:\/\/kominki-elektryczne.pl\/blog\/wp-content\/uploads\/2021\/02\/general-1-300x270.jpg\",\"datePublished\":\"2021-02-03T13:05:30+00:00\",\"dateModified\":\"2024-10-08T10:14:47+00:00\",\"breadcrumb\":{\"@id\":\"https:\/\/kominki-elektryczne.pl\/blog\/2021\/02\/03\/general-nowosc-wsrod-kominkow-kamiennych\/#breadcrumb\"},\"inLanguage\":\"pl-PL\",\"potentialAction\":[{\"@type\":\"ReadAction\",\"target\":[\"https:\/\/kominki-elektryczne.pl\/blog\/2021\/02\/03\/general-nowosc-wsrod-kominkow-kamiennych\/\"]}]},{\"@type\":\"ImageObject\",\"inLanguage\":\"pl-PL\",\"@id\":\"https:\/\/kominki-elektryczne.pl\/blog\/2021\/02\/03\/general-nowosc-wsrod-kominkow-kamiennych\/#primaryimage\",\"url\":\"https:\/\/kominki-elektryczne.pl\/blog\/wp-content\/uploads\/2021\/02\/general-1.jpg\",\"contentUrl\":\"https:\/\/kominki-elektryczne.pl\/blog\/wp-content\/uploads\/2021\/02\/general-1.jpg\",\"width\":618,\"height\":556},{\"@type\":\"BreadcrumbList\",\"@id\":\"https:\/\/kominki-elektryczne.pl\/blog\/2021\/02\/03\/general-nowosc-wsrod-kominkow-kamiennych\/#breadcrumb\",\"itemListElement\":[{\"@type\":\"ListItem\",\"position\":1,\"name\":\"Strona g\u0142\u00f3wna\",\"item\":\"https:\/\/kominki-elektryczne.pl\/blog\/\"},{\"@type\":\"ListItem\",\"position\":2,\"name\":\"General- Nowo\u015b\u0107 w\u015br\u00f3d komink\u00f3w kamiennych\"}]},{\"@type\":\"WebSite\",\"@id\":\"https:\/\/kominki-elektryczne.pl\/blog\/#website\",\"url\":\"https:\/\/kominki-elektryczne.pl\/blog\/\",\"name\":\"Kominki-Elektryczne.pl\",\"description\":\"Opisy - Porady - Recenzje\",\"publisher\":{\"@id\":\"https:\/\/kominki-elektryczne.pl\/blog\/#organization\"},\"potentialAction\":[{\"@type\":\"SearchAction\",\"target\":{\"@type\":\"EntryPoint\",\"urlTemplate\":\"https:\/\/kominki-elektryczne.pl\/blog\/?s={search_term_string}\"},\"query-input\":{\"@type\":\"PropertyValueSpecification\",\"valueRequired\":true,\"valueName\":\"search_term_string\"}}],\"inLanguage\":\"pl-PL\"},{\"@type\":\"Organization\",\"@id\":\"https:\/\/kominki-elektryczne.pl\/blog\/#organization\",\"name\":\"Kominki-Elektryczne.pl\",\"url\":\"https:\/\/kominki-elektryczne.pl\/blog\/\",\"logo\":{\"@type\":\"ImageObject\",\"inLanguage\":\"pl-PL\",\"@id\":\"https:\/\/kominki-elektryczne.pl\/blog\/#\/schema\/logo\/image\/\",\"url\":\"https:\/\/kominki-elektryczne.pl\/blog\/wp-content\/uploads\/2025\/04\/cropped-LogoAflamo.jpg\",\"contentUrl\":\"https:\/\/kominki-elektryczne.pl\/blog\/wp-content\/uploads\/2025\/04\/cropped-LogoAflamo.jpg\",\"width\":200,\"height\":58,\"caption\":\"Kominki-Elektryczne.pl\"},\"image\":{\"@id\":\"https:\/\/kominki-elektryczne.pl\/blog\/#\/schema\/logo\/image\/\"},\"sameAs\":[\"https:\/\/www.facebook.com\/elektrycznekominki\"]},{\"@type\":\"Person\",\"@id\":\"https:\/\/kominki-elektryczne.pl\/blog\/#\/schema\/person\/045e7544e3e90364f5f82cc509123089\",\"name\":\"Kominkowy\",\"image\":{\"@type\":\"ImageObject\",\"inLanguage\":\"pl-PL\",\"@id\":\"https:\/\/kominki-elektryczne.pl\/blog\/#\/schema\/person\/image\/\",\"url\":\"https:\/\/secure.gravatar.com\/avatar\/8c15720599195e8ba4119df2db28ce7e?s=96&d=mm&r=g\",\"contentUrl\":\"https:\/\/secure.gravatar.com\/avatar\/8c15720599195e8ba4119df2db28ce7e?s=96&d=mm&r=g\",\"caption\":\"Kominkowy\"},\"sameAs\":[\"http:\/\/www.kominki-elektryczne.pl\"],\"url\":\"https:\/\/kominki-elektryczne.pl\/blog\/author\/led-handel\/\"}]}<\/script>\n<!-- \/ Yoast SEO plugin. -->","yoast_head_json":{"title":"General- Nowo\u015b\u0107 w\u015br\u00f3d komink\u00f3w kamiennych - Kominki-Elektryczne.pl","robots":{"index":"index","follow":"follow","max-snippet":"max-snippet:-1","max-image-preview":"max-image-preview:large","max-video-preview":"max-video-preview:-1"},"canonical":"https:\/\/kominki-elektryczne.pl\/blog\/2021\/02\/03\/general-nowosc-wsrod-kominkow-kamiennych\/","og_locale":"pl_PL","og_type":"article","og_title":"General- Nowo\u015b\u0107 w\u015br\u00f3d komink\u00f3w kamiennych - Kominki-Elektryczne.pl","og_description":"Dzie\u0144 dobry Mamy nowo\u015b\u0107 w ofercie komink\u00f3w elektrycznych!!!\u00a0 Kominek elektryczny Led kamienny General.\u00a0 Jest to kominek o rozmiarach podobnych do kultowego ju\u017c u nas Geniusa. Wykonany jest ze specjalnego odlewu gipsowego, kt\u00f3ry przypomina \u017cywy kamie\u0144. Dzi\u0119ki temu wygl\u0105da, jak kamie\u0144 naturalny. Wymiary kominka to: Szeroko\u015b\u0107: &hellip;","og_url":"https:\/\/kominki-elektryczne.pl\/blog\/2021\/02\/03\/general-nowosc-wsrod-kominkow-kamiennych\/","og_site_name":"Kominki-Elektryczne.pl","article_publisher":"https:\/\/www.facebook.com\/elektrycznekominki","article_published_time":"2021-02-03T13:05:30+00:00","article_modified_time":"2024-10-08T10:14:47+00:00","og_image":[{"width":618,"height":556,"url":"https:\/\/kominki-elektryczne.pl\/blog\/wp-content\/uploads\/2021\/02\/general-1.jpg","type":"image\/jpeg"}],"author":"Kominkowy","twitter_card":"summary_large_image","twitter_misc":{"Napisane przez":"Kominkowy"},"schema":{"@context":"https:\/\/schema.org","@graph":[{"@type":"Article","@id":"https:\/\/kominki-elektryczne.pl\/blog\/2021\/02\/03\/general-nowosc-wsrod-kominkow-kamiennych\/#article","isPartOf":{"@id":"https:\/\/kominki-elektryczne.pl\/blog\/2021\/02\/03\/general-nowosc-wsrod-kominkow-kamiennych\/"},"author":{"name":"Kominkowy","@id":"https:\/\/kominki-elektryczne.pl\/blog\/#\/schema\/person\/045e7544e3e90364f5f82cc509123089"},"headline":"General- Nowo\u015b\u0107 w\u015br\u00f3d komink\u00f3w kamiennych","datePublished":"2021-02-03T13:05:30+00:00","dateModified":"2024-10-08T10:14:47+00:00","mainEntityOfPage":{"@id":"https:\/\/kominki-elektryczne.pl\/blog\/2021\/02\/03\/general-nowosc-wsrod-kominkow-kamiennych\/"},"wordCount":73,"publisher":{"@id":"https:\/\/kominki-elektryczne.pl\/blog\/#organization"},"image":{"@id":"https:\/\/kominki-elektryczne.pl\/blog\/2021\/02\/03\/general-nowosc-wsrod-kominkow-kamiennych\/#primaryimage"},"thumbnailUrl":"https:\/\/kominki-elektryczne.pl\/blog\/wp-content\/uploads\/2021\/02\/general-1-300x270.jpg","keywords":["kominek","kominek elektryczny"],"inLanguage":"pl-PL"},{"@type":"WebPage","@id":"https:\/\/kominki-elektryczne.pl\/blog\/2021\/02\/03\/general-nowosc-wsrod-kominkow-kamiennych\/","url":"https:\/\/kominki-elektryczne.pl\/blog\/2021\/02\/03\/general-nowosc-wsrod-kominkow-kamiennych\/","name":"General- Nowo\u015b\u0107 w\u015br\u00f3d komink\u00f3w kamiennych - Kominki-Elektryczne.pl","isPartOf":{"@id":"https:\/\/kominki-elektryczne.pl\/blog\/#website"},"primaryImageOfPage":{"@id":"https:\/\/kominki-elektryczne.pl\/blog\/2021\/02\/03\/general-nowosc-wsrod-kominkow-kamiennych\/#primaryimage"},"image":{"@id":"https:\/\/kominki-elektryczne.pl\/blog\/2021\/02\/03\/general-nowosc-wsrod-kominkow-kamiennych\/#primaryimage"},"thumbnailUrl":"https:\/\/kominki-elektryczne.pl\/blog\/wp-content\/uploads\/2021\/02\/general-1-300x270.jpg","datePublished":"2021-02-03T13:05:30+00:00","dateModified":"2024-10-08T10:14:47+00:00","breadcrumb":{"@id":"https:\/\/kominki-elektryczne.pl\/blog\/2021\/02\/03\/general-nowosc-wsrod-kominkow-kamiennych\/#breadcrumb"},"inLanguage":"pl-PL","potentialAction":[{"@type":"ReadAction","target":["https:\/\/kominki-elektryczne.pl\/blog\/2021\/02\/03\/general-nowosc-wsrod-kominkow-kamiennych\/"]}]},{"@type":"ImageObject","inLanguage":"pl-PL","@id":"https:\/\/kominki-elektryczne.pl\/blog\/2021\/02\/03\/general-nowosc-wsrod-kominkow-kamiennych\/#primaryimage","url":"https:\/\/kominki-elektryczne.pl\/blog\/wp-content\/uploads\/2021\/02\/general-1.jpg","contentUrl":"https:\/\/kominki-elektryczne.pl\/blog\/wp-content\/uploads\/2021\/02\/general-1.jpg","width":618,"height":556},{"@type":"BreadcrumbList","@id":"https:\/\/kominki-elektryczne.pl\/blog\/2021\/02\/03\/general-nowosc-wsrod-kominkow-kamiennych\/#breadcrumb","itemListElement":[{"@type":"ListItem","position":1,"name":"Strona g\u0142\u00f3wna","item":"https:\/\/kominki-elektryczne.pl\/blog\/"},{"@type":"ListItem","position":2,"name":"General- Nowo\u015b\u0107 w\u015br\u00f3d komink\u00f3w kamiennych"}]},{"@type":"WebSite","@id":"https:\/\/kominki-elektryczne.pl\/blog\/#website","url":"https:\/\/kominki-elektryczne.pl\/blog\/","name":"Kominki-Elektryczne.pl","description":"Opisy - Porady - Recenzje","publisher":{"@id":"https:\/\/kominki-elektryczne.pl\/blog\/#organization"},"potentialAction":[{"@type":"SearchAction","target":{"@type":"EntryPoint","urlTemplate":"https:\/\/kominki-elektryczne.pl\/blog\/?s={search_term_string}"},"query-input":{"@type":"PropertyValueSpecification","valueRequired":true,"valueName":"search_term_string"}}],"inLanguage":"pl-PL"},{"@type":"Organization","@id":"https:\/\/kominki-elektryczne.pl\/blog\/#organization","name":"Kominki-Elektryczne.pl","url":"https:\/\/kominki-elektryczne.pl\/blog\/","logo":{"@type":"ImageObject","inLanguage":"pl-PL","@id":"https:\/\/kominki-elektryczne.pl\/blog\/#\/schema\/logo\/image\/","url":"https:\/\/kominki-elektryczne.pl\/blog\/wp-content\/uploads\/2025\/04\/cropped-LogoAflamo.jpg","contentUrl":"https:\/\/kominki-elektryczne.pl\/blog\/wp-content\/uploads\/2025\/04\/cropped-LogoAflamo.jpg","width":200,"height":58,"caption":"Kominki-Elektryczne.pl"},"image":{"@id":"https:\/\/kominki-elektryczne.pl\/blog\/#\/schema\/logo\/image\/"},"sameAs":["https:\/\/www.facebook.com\/elektrycznekominki"]},{"@type":"Person","@id":"https:\/\/kominki-elektryczne.pl\/blog\/#\/schema\/person\/045e7544e3e90364f5f82cc509123089","name":"Kominkowy","image":{"@type":"ImageObject","inLanguage":"pl-PL","@id":"https:\/\/kominki-elektryczne.pl\/blog\/#\/schema\/person\/image\/","url":"https:\/\/secure.gravatar.com\/avatar\/8c15720599195e8ba4119df2db28ce7e?s=96&d=mm&r=g","contentUrl":"https:\/\/secure.gravatar.com\/avatar\/8c15720599195e8ba4119df2db28ce7e?s=96&d=mm&r=g","caption":"Kominkowy"},"sameAs":["http:\/\/www.kominki-elektryczne.pl"],"url":"https:\/\/kominki-elektryczne.pl\/blog\/author\/led-handel\/"}]}},"_links":{"self":[{"href":"https:\/\/kominki-elektryczne.pl\/blog\/wp-json\/wp\/v2\/posts\/282","targetHints":{"allow":["GET"]}}],"collection":[{"href":"https:\/\/kominki-elektryczne.pl\/blog\/wp-json\/wp\/v2\/posts"}],"about":[{"href":"https:\/\/kominki-elektryczne.pl\/blog\/wp-json\/wp\/v2\/types\/post"}],"author":[{"embeddable":true,"href":"https:\/\/kominki-elektryczne.pl\/blog\/wp-json\/wp\/v2\/users\/1"}],"replies":[{"embeddable":true,"href":"https:\/\/kominki-elektryczne.pl\/blog\/wp-json\/wp\/v2\/comments?post=282"}],"version-history":[{"count":2,"href":"https:\/\/kominki-elektryczne.pl\/blog\/wp-json\/wp\/v2\/posts\/282\/revisions"}],"predecessor-version":[{"id":378,"href":"https:\/\/kominki-elektryczne.pl\/blog\/wp-json\/wp\/v2\/posts\/282\/revisions\/378"}],"wp:attachment":[{"href":"https:\/\/kominki-elektryczne.pl\/blog\/wp-json\/wp\/v2\/media?parent=282"}],"wp:term":[{"taxonomy":"category","embeddable":true,"href":"https:\/\/kominki-elektryczne.pl\/blog\/wp-json\/wp\/v2\/categories?post=282"},{"taxonomy":"post_tag","embeddable":true,"href":"https:\/\/kominki-elektryczne.pl\/blog\/wp-json\/wp\/v2\/tags?post=282"}],"curies":[{"name":"wp","href":"https:\/\/api.w.org\/{rel}","templated":true}]}}