{"id":286,"date":"2021-02-26T14:39:10","date_gmt":"2021-02-26T13:39:10","guid":{"rendered":"https:\/\/kominki-elektryczne.pl\/blog\/?p=286"},"modified":"2024-10-08T12:14:47","modified_gmt":"2024-10-08T10:14:47","slug":"zestaw-kominkowy-elektryczny-i-bio-bovi-nowosc","status":"publish","type":"post","link":"https:\/\/kominki-elektryczne.pl\/blog\/2021\/02\/26\/zestaw-kominkowy-elektryczny-i-bio-bovi-nowosc\/","title":{"rendered":"Zestaw kominkowy Elektryczny i Bio &#8211; Bovi NOWO\u015a\u0106"},"content":{"rendered":"<p>Dzie\u0144 dobry<\/p>\n<p>Mamy nowo\u015b\u0107 w ofercie!!!\u00a0 Zestaw kominkowy 2W1 BOVI.<\/p>\n<p>Bovi jest kominkiem, kt\u00f3ry w zestawie posiada obudow\u0119 oraz dwa wk\u0142ady, jeden z nich to wk\u0142ad elektryczny drugi za\u015b BIO.\u00a0 Kominek ten na pewno zadowoli osoby, kt\u00f3re lubi\u0105 zmiany!<\/p>\n<p><img loading=\"lazy\" decoding=\"async\" class=\"aligncenter wp-image-287 size-full\" src=\"https:\/\/kominki-elektryczne.pl\/blog\/wp-content\/uploads\/2021\/02\/bovi.png\" alt=\"\" width=\"568\" height=\"292\" srcset=\"https:\/\/kominki-elektryczne.pl\/blog\/wp-content\/uploads\/2021\/02\/bovi.png 568w, https:\/\/kominki-elektryczne.pl\/blog\/wp-content\/uploads\/2021\/02\/bovi-300x154.png 300w\" sizes=\"auto, (max-width: 568px) 100vw, 568px\" \/><\/p>\n<p>W zestawie znajdziemy dwa nasze kultowe wk\u0142ady<br \/>\nWk\u0142ad elektryczny <a href=\"https:\/\/www.kominki-elektryczne.pl\/pl\/glowna\/468-wklad-kominkowy-aflamo-led-60.html?search_query=LED+60&amp;results=97\" target=\"_blank\" rel=\"noopener\">LED 60<\/a>\u00a0oraz wk\u0142ad do bio kominka <a href=\"https:\/\/www.kominki-elektryczne.pl\/pl\/biokominki\/170-wklad-biokominka-23-cale-aflamo.html\" target=\"_blank\" rel=\"noopener\">BIO 60<\/a><\/p>\n<p>Oba wk\u0142ady idealnie pasuj\u0105 do obudowy, a ich wymiana nie jest trudna. Wystarczy wyj\u0105c jeden i w\u0142o\u017cy\u0107 drugi.<\/p>\n<p>Wymiary kominka Bovi nie s\u0105 du\u017ce i sprawdz\u0105 si\u0119 w ka\u017cdym wn\u0119trzu. Zalet\u0105 kominka na pewno jest to, \u017ce mo\u017cemy dostosowa\u0107 kolor obudowy pod wystr\u00f3j naszego pomieszczenia. <a href=\"https:\/\/www.kominki-elektryczne.pl\/pl\/\" target=\"_blank\" rel=\"noopener\">Marka Aflamo<\/a> oferuje a\u017c 8 kolor\u00f3w obudowy, od klasycznego bia\u0142ego, przez czarny, beton, d\u0105b rustical, a\u017c po bia\u0142y z d\u0119bem sonom\u0105.<\/p>\n<p>Wi\u0119cej informacji o kominku BOVI znajdziecie tutaj:<\/p>\n<p><a href=\"https:\/\/www.kominki-elektryczne.pl\/pl\/glowna\/507-bovi-zestaw-dwa-wklady-w-jednej-obudowie-nowosc.html?search_query=bovi&amp;results=1\" target=\"_blank\" rel=\"noopener\">BOVI zestaw &#8211; dwa wk\u0142ady w jednej obudowie<\/a><\/p>\n","protected":false},"excerpt":{"rendered":"<p>Dzie\u0144 dobry Mamy nowo\u015b\u0107 w ofercie!!!\u00a0 Zestaw kominkowy 2W1 BOVI. Bovi jest kominkiem, kt\u00f3ry w zestawie posiada obudow\u0119 oraz dwa wk\u0142ady, jeden z nich to wk\u0142ad elektryczny drugi za\u015b BIO.\u00a0 Kominek ten na pewno zadowoli osoby, kt\u00f3re lubi\u0105 zmiany! W zestawie znajdziemy dwa nasze kultowe &hellip; <\/p>\n","protected":false},"author":1,"featured_media":0,"comment_status":"closed","ping_status":"closed","sticky":false,"template":"","format":"standard","meta":{"footnotes":""},"categories":[1],"tags":[8,9,12,11,13,10],"class_list":["post-286","post","type-post","status-publish","format-standard","hentry","category-bez-kategorii","tag-bovi","tag-bovizestaw","tag-elektryczny-i-bio","tag-zestaw-2w1","tag-zestaw-elektryczny-i-bio","tag-zestaw-kominkowy"],"yoast_head":"<!-- This site is optimized with the Yoast SEO plugin v25.7 - https:\/\/yoast.com\/wordpress\/plugins\/seo\/ -->\n<title>Zestaw kominkowy Elektryczny i Bio - Bovi NOWO\u015a\u0106 - Kominki-Elektryczne.pl<\/title>\n<meta name=\"robots\" content=\"index, follow, max-snippet:-1, max-image-preview:large, max-video-preview:-1\" \/>\n<link rel=\"canonical\" href=\"https:\/\/kominki-elektryczne.pl\/blog\/2021\/02\/26\/zestaw-kominkowy-elektryczny-i-bio-bovi-nowosc\/\" \/>\n<meta property=\"og:locale\" content=\"pl_PL\" \/>\n<meta property=\"og:type\" content=\"article\" \/>\n<meta property=\"og:title\" content=\"Zestaw kominkowy Elektryczny i Bio - Bovi NOWO\u015a\u0106 - Kominki-Elektryczne.pl\" \/>\n<meta property=\"og:description\" content=\"Dzie\u0144 dobry Mamy nowo\u015b\u0107 w ofercie!!!\u00a0 Zestaw kominkowy 2W1 BOVI. Bovi jest kominkiem, kt\u00f3ry w zestawie posiada obudow\u0119 oraz dwa wk\u0142ady, jeden z nich to wk\u0142ad elektryczny drugi za\u015b BIO.\u00a0 Kominek ten na pewno zadowoli osoby, kt\u00f3re lubi\u0105 zmiany! W zestawie znajdziemy dwa nasze kultowe &hellip;\" \/>\n<meta property=\"og:url\" content=\"https:\/\/kominki-elektryczne.pl\/blog\/2021\/02\/26\/zestaw-kominkowy-elektryczny-i-bio-bovi-nowosc\/\" \/>\n<meta property=\"og:site_name\" content=\"Kominki-Elektryczne.pl\" \/>\n<meta property=\"article:publisher\" content=\"https:\/\/www.facebook.com\/elektrycznekominki\" \/>\n<meta property=\"article:published_time\" content=\"2021-02-26T13:39:10+00:00\" \/>\n<meta property=\"article:modified_time\" content=\"2024-10-08T10:14:47+00:00\" \/>\n<meta property=\"og:image\" content=\"https:\/\/kominki-elektryczne.pl\/blog\/wp-content\/uploads\/2021\/02\/bovi.png\" \/>\n\t<meta property=\"og:image:width\" content=\"568\" \/>\n\t<meta property=\"og:image:height\" content=\"292\" \/>\n\t<meta property=\"og:image:type\" content=\"image\/png\" \/>\n<meta name=\"author\" content=\"Kominkowy\" \/>\n<meta name=\"twitter:card\" content=\"summary_large_image\" \/>\n<meta name=\"twitter:label1\" content=\"Napisane przez\" \/>\n\t<meta name=\"twitter:data1\" content=\"Kominkowy\" \/>\n\t<meta name=\"twitter:label2\" content=\"Szacowany czas czytania\" \/>\n\t<meta name=\"twitter:data2\" content=\"1 minuta\" \/>\n<script type=\"application\/ld+json\" class=\"yoast-schema-graph\">{\"@context\":\"https:\/\/schema.org\",\"@graph\":[{\"@type\":\"Article\",\"@id\":\"https:\/\/kominki-elektryczne.pl\/blog\/2021\/02\/26\/zestaw-kominkowy-elektryczny-i-bio-bovi-nowosc\/#article\",\"isPartOf\":{\"@id\":\"https:\/\/kominki-elektryczne.pl\/blog\/2021\/02\/26\/zestaw-kominkowy-elektryczny-i-bio-bovi-nowosc\/\"},\"author\":{\"name\":\"Kominkowy\",\"@id\":\"https:\/\/kominki-elektryczne.pl\/blog\/#\/schema\/person\/045e7544e3e90364f5f82cc509123089\"},\"headline\":\"Zestaw kominkowy Elektryczny i Bio &#8211; Bovi NOWO\u015a\u0106\",\"datePublished\":\"2021-02-26T13:39:10+00:00\",\"dateModified\":\"2024-10-08T10:14:47+00:00\",\"mainEntityOfPage\":{\"@id\":\"https:\/\/kominki-elektryczne.pl\/blog\/2021\/02\/26\/zestaw-kominkowy-elektryczny-i-bio-bovi-nowosc\/\"},\"wordCount\":166,\"publisher\":{\"@id\":\"https:\/\/kominki-elektryczne.pl\/blog\/#organization\"},\"image\":{\"@id\":\"https:\/\/kominki-elektryczne.pl\/blog\/2021\/02\/26\/zestaw-kominkowy-elektryczny-i-bio-bovi-nowosc\/#primaryimage\"},\"thumbnailUrl\":\"https:\/\/kominki-elektryczne.pl\/blog\/wp-content\/uploads\/2021\/02\/bovi.png\",\"keywords\":[\"bovi\",\"bovizestaw\",\"elektryczny i bio\",\"zestaw 2w1\",\"zestaw elektryczny i bio\",\"zestaw kominkowy\"],\"inLanguage\":\"pl-PL\"},{\"@type\":\"WebPage\",\"@id\":\"https:\/\/kominki-elektryczne.pl\/blog\/2021\/02\/26\/zestaw-kominkowy-elektryczny-i-bio-bovi-nowosc\/\",\"url\":\"https:\/\/kominki-elektryczne.pl\/blog\/2021\/02\/26\/zestaw-kominkowy-elektryczny-i-bio-bovi-nowosc\/\",\"name\":\"Zestaw kominkowy Elektryczny i Bio - Bovi NOWO\u015a\u0106 - Kominki-Elektryczne.pl\",\"isPartOf\":{\"@id\":\"https:\/\/kominki-elektryczne.pl\/blog\/#website\"},\"primaryImageOfPage\":{\"@id\":\"https:\/\/kominki-elektryczne.pl\/blog\/2021\/02\/26\/zestaw-kominkowy-elektryczny-i-bio-bovi-nowosc\/#primaryimage\"},\"image\":{\"@id\":\"https:\/\/kominki-elektryczne.pl\/blog\/2021\/02\/26\/zestaw-kominkowy-elektryczny-i-bio-bovi-nowosc\/#primaryimage\"},\"thumbnailUrl\":\"https:\/\/kominki-elektryczne.pl\/blog\/wp-content\/uploads\/2021\/02\/bovi.png\",\"datePublished\":\"2021-02-26T13:39:10+00:00\",\"dateModified\":\"2024-10-08T10:14:47+00:00\",\"breadcrumb\":{\"@id\":\"https:\/\/kominki-elektryczne.pl\/blog\/2021\/02\/26\/zestaw-kominkowy-elektryczny-i-bio-bovi-nowosc\/#breadcrumb\"},\"inLanguage\":\"pl-PL\",\"potentialAction\":[{\"@type\":\"ReadAction\",\"target\":[\"https:\/\/kominki-elektryczne.pl\/blog\/2021\/02\/26\/zestaw-kominkowy-elektryczny-i-bio-bovi-nowosc\/\"]}]},{\"@type\":\"ImageObject\",\"inLanguage\":\"pl-PL\",\"@id\":\"https:\/\/kominki-elektryczne.pl\/blog\/2021\/02\/26\/zestaw-kominkowy-elektryczny-i-bio-bovi-nowosc\/#primaryimage\",\"url\":\"https:\/\/kominki-elektryczne.pl\/blog\/wp-content\/uploads\/2021\/02\/bovi.png\",\"contentUrl\":\"https:\/\/kominki-elektryczne.pl\/blog\/wp-content\/uploads\/2021\/02\/bovi.png\",\"width\":568,\"height\":292},{\"@type\":\"BreadcrumbList\",\"@id\":\"https:\/\/kominki-elektryczne.pl\/blog\/2021\/02\/26\/zestaw-kominkowy-elektryczny-i-bio-bovi-nowosc\/#breadcrumb\",\"itemListElement\":[{\"@type\":\"ListItem\",\"position\":1,\"name\":\"Strona g\u0142\u00f3wna\",\"item\":\"https:\/\/kominki-elektryczne.pl\/blog\/\"},{\"@type\":\"ListItem\",\"position\":2,\"name\":\"Zestaw kominkowy Elektryczny i Bio &#8211; Bovi NOWO\u015a\u0106\"}]},{\"@type\":\"WebSite\",\"@id\":\"https:\/\/kominki-elektryczne.pl\/blog\/#website\",\"url\":\"https:\/\/kominki-elektryczne.pl\/blog\/\",\"name\":\"Kominki-Elektryczne.pl\",\"description\":\"Opisy - Porady - Recenzje\",\"publisher\":{\"@id\":\"https:\/\/kominki-elektryczne.pl\/blog\/#organization\"},\"potentialAction\":[{\"@type\":\"SearchAction\",\"target\":{\"@type\":\"EntryPoint\",\"urlTemplate\":\"https:\/\/kominki-elektryczne.pl\/blog\/?s={search_term_string}\"},\"query-input\":{\"@type\":\"PropertyValueSpecification\",\"valueRequired\":true,\"valueName\":\"search_term_string\"}}],\"inLanguage\":\"pl-PL\"},{\"@type\":\"Organization\",\"@id\":\"https:\/\/kominki-elektryczne.pl\/blog\/#organization\",\"name\":\"Kominki-Elektryczne.pl\",\"url\":\"https:\/\/kominki-elektryczne.pl\/blog\/\",\"logo\":{\"@type\":\"ImageObject\",\"inLanguage\":\"pl-PL\",\"@id\":\"https:\/\/kominki-elektryczne.pl\/blog\/#\/schema\/logo\/image\/\",\"url\":\"https:\/\/kominki-elektryczne.pl\/blog\/wp-content\/uploads\/2025\/04\/cropped-LogoAflamo.jpg\",\"contentUrl\":\"https:\/\/kominki-elektryczne.pl\/blog\/wp-content\/uploads\/2025\/04\/cropped-LogoAflamo.jpg\",\"width\":200,\"height\":58,\"caption\":\"Kominki-Elektryczne.pl\"},\"image\":{\"@id\":\"https:\/\/kominki-elektryczne.pl\/blog\/#\/schema\/logo\/image\/\"},\"sameAs\":[\"https:\/\/www.facebook.com\/elektrycznekominki\"]},{\"@type\":\"Person\",\"@id\":\"https:\/\/kominki-elektryczne.pl\/blog\/#\/schema\/person\/045e7544e3e90364f5f82cc509123089\",\"name\":\"Kominkowy\",\"image\":{\"@type\":\"ImageObject\",\"inLanguage\":\"pl-PL\",\"@id\":\"https:\/\/kominki-elektryczne.pl\/blog\/#\/schema\/person\/image\/\",\"url\":\"https:\/\/secure.gravatar.com\/avatar\/8c15720599195e8ba4119df2db28ce7e?s=96&d=mm&r=g\",\"contentUrl\":\"https:\/\/secure.gravatar.com\/avatar\/8c15720599195e8ba4119df2db28ce7e?s=96&d=mm&r=g\",\"caption\":\"Kominkowy\"},\"sameAs\":[\"http:\/\/www.kominki-elektryczne.pl\"],\"url\":\"https:\/\/kominki-elektryczne.pl\/blog\/author\/led-handel\/\"}]}<\/script>\n<!-- \/ Yoast SEO plugin. -->","yoast_head_json":{"title":"Zestaw kominkowy Elektryczny i Bio - Bovi NOWO\u015a\u0106 - Kominki-Elektryczne.pl","robots":{"index":"index","follow":"follow","max-snippet":"max-snippet:-1","max-image-preview":"max-image-preview:large","max-video-preview":"max-video-preview:-1"},"canonical":"https:\/\/kominki-elektryczne.pl\/blog\/2021\/02\/26\/zestaw-kominkowy-elektryczny-i-bio-bovi-nowosc\/","og_locale":"pl_PL","og_type":"article","og_title":"Zestaw kominkowy Elektryczny i Bio - Bovi NOWO\u015a\u0106 - Kominki-Elektryczne.pl","og_description":"Dzie\u0144 dobry Mamy nowo\u015b\u0107 w ofercie!!!\u00a0 Zestaw kominkowy 2W1 BOVI. Bovi jest kominkiem, kt\u00f3ry w zestawie posiada obudow\u0119 oraz dwa wk\u0142ady, jeden z nich to wk\u0142ad elektryczny drugi za\u015b BIO.\u00a0 Kominek ten na pewno zadowoli osoby, kt\u00f3re lubi\u0105 zmiany! W zestawie znajdziemy dwa nasze kultowe &hellip;","og_url":"https:\/\/kominki-elektryczne.pl\/blog\/2021\/02\/26\/zestaw-kominkowy-elektryczny-i-bio-bovi-nowosc\/","og_site_name":"Kominki-Elektryczne.pl","article_publisher":"https:\/\/www.facebook.com\/elektrycznekominki","article_published_time":"2021-02-26T13:39:10+00:00","article_modified_time":"2024-10-08T10:14:47+00:00","og_image":[{"width":568,"height":292,"url":"https:\/\/kominki-elektryczne.pl\/blog\/wp-content\/uploads\/2021\/02\/bovi.png","type":"image\/png"}],"author":"Kominkowy","twitter_card":"summary_large_image","twitter_misc":{"Napisane przez":"Kominkowy","Szacowany czas czytania":"1 minuta"},"schema":{"@context":"https:\/\/schema.org","@graph":[{"@type":"Article","@id":"https:\/\/kominki-elektryczne.pl\/blog\/2021\/02\/26\/zestaw-kominkowy-elektryczny-i-bio-bovi-nowosc\/#article","isPartOf":{"@id":"https:\/\/kominki-elektryczne.pl\/blog\/2021\/02\/26\/zestaw-kominkowy-elektryczny-i-bio-bovi-nowosc\/"},"author":{"name":"Kominkowy","@id":"https:\/\/kominki-elektryczne.pl\/blog\/#\/schema\/person\/045e7544e3e90364f5f82cc509123089"},"headline":"Zestaw kominkowy Elektryczny i Bio &#8211; Bovi NOWO\u015a\u0106","datePublished":"2021-02-26T13:39:10+00:00","dateModified":"2024-10-08T10:14:47+00:00","mainEntityOfPage":{"@id":"https:\/\/kominki-elektryczne.pl\/blog\/2021\/02\/26\/zestaw-kominkowy-elektryczny-i-bio-bovi-nowosc\/"},"wordCount":166,"publisher":{"@id":"https:\/\/kominki-elektryczne.pl\/blog\/#organization"},"image":{"@id":"https:\/\/kominki-elektryczne.pl\/blog\/2021\/02\/26\/zestaw-kominkowy-elektryczny-i-bio-bovi-nowosc\/#primaryimage"},"thumbnailUrl":"https:\/\/kominki-elektryczne.pl\/blog\/wp-content\/uploads\/2021\/02\/bovi.png","keywords":["bovi","bovizestaw","elektryczny i bio","zestaw 2w1","zestaw elektryczny i bio","zestaw kominkowy"],"inLanguage":"pl-PL"},{"@type":"WebPage","@id":"https:\/\/kominki-elektryczne.pl\/blog\/2021\/02\/26\/zestaw-kominkowy-elektryczny-i-bio-bovi-nowosc\/","url":"https:\/\/kominki-elektryczne.pl\/blog\/2021\/02\/26\/zestaw-kominkowy-elektryczny-i-bio-bovi-nowosc\/","name":"Zestaw kominkowy Elektryczny i Bio - Bovi NOWO\u015a\u0106 - Kominki-Elektryczne.pl","isPartOf":{"@id":"https:\/\/kominki-elektryczne.pl\/blog\/#website"},"primaryImageOfPage":{"@id":"https:\/\/kominki-elektryczne.pl\/blog\/2021\/02\/26\/zestaw-kominkowy-elektryczny-i-bio-bovi-nowosc\/#primaryimage"},"image":{"@id":"https:\/\/kominki-elektryczne.pl\/blog\/2021\/02\/26\/zestaw-kominkowy-elektryczny-i-bio-bovi-nowosc\/#primaryimage"},"thumbnailUrl":"https:\/\/kominki-elektryczne.pl\/blog\/wp-content\/uploads\/2021\/02\/bovi.png","datePublished":"2021-02-26T13:39:10+00:00","dateModified":"2024-10-08T10:14:47+00:00","breadcrumb":{"@id":"https:\/\/kominki-elektryczne.pl\/blog\/2021\/02\/26\/zestaw-kominkowy-elektryczny-i-bio-bovi-nowosc\/#breadcrumb"},"inLanguage":"pl-PL","potentialAction":[{"@type":"ReadAction","target":["https:\/\/kominki-elektryczne.pl\/blog\/2021\/02\/26\/zestaw-kominkowy-elektryczny-i-bio-bovi-nowosc\/"]}]},{"@type":"ImageObject","inLanguage":"pl-PL","@id":"https:\/\/kominki-elektryczne.pl\/blog\/2021\/02\/26\/zestaw-kominkowy-elektryczny-i-bio-bovi-nowosc\/#primaryimage","url":"https:\/\/kominki-elektryczne.pl\/blog\/wp-content\/uploads\/2021\/02\/bovi.png","contentUrl":"https:\/\/kominki-elektryczne.pl\/blog\/wp-content\/uploads\/2021\/02\/bovi.png","width":568,"height":292},{"@type":"BreadcrumbList","@id":"https:\/\/kominki-elektryczne.pl\/blog\/2021\/02\/26\/zestaw-kominkowy-elektryczny-i-bio-bovi-nowosc\/#breadcrumb","itemListElement":[{"@type":"ListItem","position":1,"name":"Strona g\u0142\u00f3wna","item":"https:\/\/kominki-elektryczne.pl\/blog\/"},{"@type":"ListItem","position":2,"name":"Zestaw kominkowy Elektryczny i Bio &#8211; Bovi NOWO\u015a\u0106"}]},{"@type":"WebSite","@id":"https:\/\/kominki-elektryczne.pl\/blog\/#website","url":"https:\/\/kominki-elektryczne.pl\/blog\/","name":"Kominki-Elektryczne.pl","description":"Opisy - Porady - Recenzje","publisher":{"@id":"https:\/\/kominki-elektryczne.pl\/blog\/#organization"},"potentialAction":[{"@type":"SearchAction","target":{"@type":"EntryPoint","urlTemplate":"https:\/\/kominki-elektryczne.pl\/blog\/?s={search_term_string}"},"query-input":{"@type":"PropertyValueSpecification","valueRequired":true,"valueName":"search_term_string"}}],"inLanguage":"pl-PL"},{"@type":"Organization","@id":"https:\/\/kominki-elektryczne.pl\/blog\/#organization","name":"Kominki-Elektryczne.pl","url":"https:\/\/kominki-elektryczne.pl\/blog\/","logo":{"@type":"ImageObject","inLanguage":"pl-PL","@id":"https:\/\/kominki-elektryczne.pl\/blog\/#\/schema\/logo\/image\/","url":"https:\/\/kominki-elektryczne.pl\/blog\/wp-content\/uploads\/2025\/04\/cropped-LogoAflamo.jpg","contentUrl":"https:\/\/kominki-elektryczne.pl\/blog\/wp-content\/uploads\/2025\/04\/cropped-LogoAflamo.jpg","width":200,"height":58,"caption":"Kominki-Elektryczne.pl"},"image":{"@id":"https:\/\/kominki-elektryczne.pl\/blog\/#\/schema\/logo\/image\/"},"sameAs":["https:\/\/www.facebook.com\/elektrycznekominki"]},{"@type":"Person","@id":"https:\/\/kominki-elektryczne.pl\/blog\/#\/schema\/person\/045e7544e3e90364f5f82cc509123089","name":"Kominkowy","image":{"@type":"ImageObject","inLanguage":"pl-PL","@id":"https:\/\/kominki-elektryczne.pl\/blog\/#\/schema\/person\/image\/","url":"https:\/\/secure.gravatar.com\/avatar\/8c15720599195e8ba4119df2db28ce7e?s=96&d=mm&r=g","contentUrl":"https:\/\/secure.gravatar.com\/avatar\/8c15720599195e8ba4119df2db28ce7e?s=96&d=mm&r=g","caption":"Kominkowy"},"sameAs":["http:\/\/www.kominki-elektryczne.pl"],"url":"https:\/\/kominki-elektryczne.pl\/blog\/author\/led-handel\/"}]}},"_links":{"self":[{"href":"https:\/\/kominki-elektryczne.pl\/blog\/wp-json\/wp\/v2\/posts\/286","targetHints":{"allow":["GET"]}}],"collection":[{"href":"https:\/\/kominki-elektryczne.pl\/blog\/wp-json\/wp\/v2\/posts"}],"about":[{"href":"https:\/\/kominki-elektryczne.pl\/blog\/wp-json\/wp\/v2\/types\/post"}],"author":[{"embeddable":true,"href":"https:\/\/kominki-elektryczne.pl\/blog\/wp-json\/wp\/v2\/users\/1"}],"replies":[{"embeddable":true,"href":"https:\/\/kominki-elektryczne.pl\/blog\/wp-json\/wp\/v2\/comments?post=286"}],"version-history":[{"count":1,"href":"https:\/\/kominki-elektryczne.pl\/blog\/wp-json\/wp\/v2\/posts\/286\/revisions"}],"predecessor-version":[{"id":288,"href":"https:\/\/kominki-elektryczne.pl\/blog\/wp-json\/wp\/v2\/posts\/286\/revisions\/288"}],"wp:attachment":[{"href":"https:\/\/kominki-elektryczne.pl\/blog\/wp-json\/wp\/v2\/media?parent=286"}],"wp:term":[{"taxonomy":"category","embeddable":true,"href":"https:\/\/kominki-elektryczne.pl\/blog\/wp-json\/wp\/v2\/categories?post=286"},{"taxonomy":"post_tag","embeddable":true,"href":"https:\/\/kominki-elektryczne.pl\/blog\/wp-json\/wp\/v2\/tags?post=286"}],"curies":[{"name":"wp","href":"https:\/\/api.w.org\/{rel}","templated":true}]}}