{"id":297,"date":"2021-03-24T14:46:22","date_gmt":"2021-03-24T13:46:22","guid":{"rendered":"https:\/\/kominki-elektryczne.pl\/blog\/?p=297"},"modified":"2024-10-08T12:14:47","modified_gmt":"2024-10-08T10:14:47","slug":"nowosc-srod-sciennych-biokominkow-stellar","status":"publish","type":"post","link":"https:\/\/kominki-elektryczne.pl\/blog\/2021\/03\/24\/nowosc-srod-sciennych-biokominkow-stellar\/","title":{"rendered":"Nowo\u015b\u0107 \u015br\u00f3d \u015bciennych BIOkomink\u00f3w &#8211; Stellar"},"content":{"rendered":"<p>Witajcie!<\/p>\n<p>Kolejna nowo\u015b\u0107 od marki Aflamo!<\/p>\n<p><strong>Nowoczesny biokominek \u015bcienny Stellar, <\/strong>wykonany jest z najwy\u017cszej jako\u015bci stali dzi\u0119ki spawanym i szlifowanym naro\u017cnikom. Jego obudowa jest pomalowana na czarny kolor specjalistyczn\u0105 farb\u0105 odporn\u0105 na wysok\u0105 temperatur\u0119 i uszkodzenia.<strong><br \/>\n<\/strong><\/p>\n<p>Dodatkow\u0105 zalet\u0105 jest to, posiada dopracowan\u0105 konstrukcj\u0119 dzi\u0119ki czemu spalanie jest r\u00f3wnomierne na ca\u0142ej szeroko\u015bci.\u00a0Palnik posiada certyfikat bezpiecze\u0144stwa\u00a0 TUV.<\/p>\n<p>Kominek posiada trzy wielko\u015bci: 100, 130 i 180, ka\u017cdy znajdzie co\u015b dla siebie!<\/p>\n<p><img loading=\"lazy\" decoding=\"async\" class=\"alignnone wp-image-301 size-full\" src=\"https:\/\/kominki-elektryczne.pl\/blog\/wp-content\/uploads\/2021\/03\/biokominek-scienny-do-zabudowy-stellar-100.jpg\" alt=\"\" width=\"800\" height=\"800\" srcset=\"https:\/\/kominki-elektryczne.pl\/blog\/wp-content\/uploads\/2021\/03\/biokominek-scienny-do-zabudowy-stellar-100.jpg 800w, https:\/\/kominki-elektryczne.pl\/blog\/wp-content\/uploads\/2021\/03\/biokominek-scienny-do-zabudowy-stellar-100-150x150.jpg 150w, https:\/\/kominki-elektryczne.pl\/blog\/wp-content\/uploads\/2021\/03\/biokominek-scienny-do-zabudowy-stellar-100-300x300.jpg 300w, https:\/\/kominki-elektryczne.pl\/blog\/wp-content\/uploads\/2021\/03\/biokominek-scienny-do-zabudowy-stellar-100-768x768.jpg 768w, https:\/\/kominki-elektryczne.pl\/blog\/wp-content\/uploads\/2021\/03\/biokominek-scienny-do-zabudowy-stellar-100-100x100.jpg 100w\" sizes=\"auto, (max-width: 800px) 100vw, 800px\" \/><\/p>\n<p>Wi\u0119cej informacji o kominku Stellar znajdziecie tutaj:<\/p>\n<p><a href=\"https:\/\/www.kominki-elektryczne.pl\/pl\/szukaj?controller=search&amp;orderby=position&amp;orderway=desc&amp;search_query=stellar&amp;submit_search=\" target=\"_blank\" rel=\"noopener\">Stellar\u00a0<\/a><\/p>\n","protected":false},"excerpt":{"rendered":"<p>Witajcie! Kolejna nowo\u015b\u0107 od marki Aflamo! Nowoczesny biokominek \u015bcienny Stellar, wykonany jest z najwy\u017cszej jako\u015bci stali dzi\u0119ki spawanym i szlifowanym naro\u017cnikom. Jego obudowa jest pomalowana na czarny kolor specjalistyczn\u0105 farb\u0105 odporn\u0105 na wysok\u0105 temperatur\u0119 i uszkodzenia. Dodatkow\u0105 zalet\u0105 jest to, posiada dopracowan\u0105 konstrukcj\u0119 dzi\u0119ki czemu &hellip; <\/p>\n","protected":false},"author":1,"featured_media":0,"comment_status":"closed","ping_status":"closed","sticky":false,"template":"","format":"standard","meta":{"footnotes":""},"categories":[1],"tags":[14,15,16,18,17,19],"class_list":["post-297","post","type-post","status-publish","format-standard","hentry","category-bez-kategorii","tag-biokominek","tag-kominek","tag-kominek-bio","tag-kominek-do-zabudowy","tag-kominek-scienny","tag-stellar"],"yoast_head":"<!-- This site is optimized with the Yoast SEO plugin v25.7 - https:\/\/yoast.com\/wordpress\/plugins\/seo\/ -->\n<title>Nowo\u015b\u0107 \u015br\u00f3d \u015bciennych BIOkomink\u00f3w - Stellar - Kominki-Elektryczne.pl<\/title>\n<meta name=\"robots\" content=\"index, follow, max-snippet:-1, max-image-preview:large, max-video-preview:-1\" \/>\n<link rel=\"canonical\" href=\"https:\/\/kominki-elektryczne.pl\/blog\/2021\/03\/24\/nowosc-srod-sciennych-biokominkow-stellar\/\" \/>\n<meta property=\"og:locale\" content=\"pl_PL\" \/>\n<meta property=\"og:type\" content=\"article\" \/>\n<meta property=\"og:title\" content=\"Nowo\u015b\u0107 \u015br\u00f3d \u015bciennych BIOkomink\u00f3w - Stellar - Kominki-Elektryczne.pl\" \/>\n<meta property=\"og:description\" content=\"Witajcie! Kolejna nowo\u015b\u0107 od marki Aflamo! Nowoczesny biokominek \u015bcienny Stellar, wykonany jest z najwy\u017cszej jako\u015bci stali dzi\u0119ki spawanym i szlifowanym naro\u017cnikom. Jego obudowa jest pomalowana na czarny kolor specjalistyczn\u0105 farb\u0105 odporn\u0105 na wysok\u0105 temperatur\u0119 i uszkodzenia. Dodatkow\u0105 zalet\u0105 jest to, posiada dopracowan\u0105 konstrukcj\u0119 dzi\u0119ki czemu &hellip;\" \/>\n<meta property=\"og:url\" content=\"https:\/\/kominki-elektryczne.pl\/blog\/2021\/03\/24\/nowosc-srod-sciennych-biokominkow-stellar\/\" \/>\n<meta property=\"og:site_name\" content=\"Kominki-Elektryczne.pl\" \/>\n<meta property=\"article:publisher\" content=\"https:\/\/www.facebook.com\/elektrycznekominki\" \/>\n<meta property=\"article:published_time\" content=\"2021-03-24T13:46:22+00:00\" \/>\n<meta property=\"article:modified_time\" content=\"2024-10-08T10:14:47+00:00\" \/>\n<meta property=\"og:image\" content=\"https:\/\/kominki-elektryczne.pl\/blog\/wp-content\/uploads\/2021\/03\/biokominek-scienny-do-zabudowy-stellar-100.jpg\" \/>\n\t<meta property=\"og:image:width\" content=\"800\" \/>\n\t<meta property=\"og:image:height\" content=\"800\" \/>\n\t<meta property=\"og:image:type\" content=\"image\/jpeg\" \/>\n<meta name=\"author\" content=\"Kominkowy\" \/>\n<meta name=\"twitter:card\" content=\"summary_large_image\" \/>\n<meta name=\"twitter:label1\" content=\"Napisane przez\" \/>\n\t<meta name=\"twitter:data1\" content=\"Kominkowy\" \/>\n<script type=\"application\/ld+json\" class=\"yoast-schema-graph\">{\"@context\":\"https:\/\/schema.org\",\"@graph\":[{\"@type\":\"Article\",\"@id\":\"https:\/\/kominki-elektryczne.pl\/blog\/2021\/03\/24\/nowosc-srod-sciennych-biokominkow-stellar\/#article\",\"isPartOf\":{\"@id\":\"https:\/\/kominki-elektryczne.pl\/blog\/2021\/03\/24\/nowosc-srod-sciennych-biokominkow-stellar\/\"},\"author\":{\"name\":\"Kominkowy\",\"@id\":\"https:\/\/kominki-elektryczne.pl\/blog\/#\/schema\/person\/045e7544e3e90364f5f82cc509123089\"},\"headline\":\"Nowo\u015b\u0107 \u015br\u00f3d \u015bciennych BIOkomink\u00f3w &#8211; Stellar\",\"datePublished\":\"2021-03-24T13:46:22+00:00\",\"dateModified\":\"2024-10-08T10:14:47+00:00\",\"mainEntityOfPage\":{\"@id\":\"https:\/\/kominki-elektryczne.pl\/blog\/2021\/03\/24\/nowosc-srod-sciennych-biokominkow-stellar\/\"},\"wordCount\":94,\"publisher\":{\"@id\":\"https:\/\/kominki-elektryczne.pl\/blog\/#organization\"},\"image\":{\"@id\":\"https:\/\/kominki-elektryczne.pl\/blog\/2021\/03\/24\/nowosc-srod-sciennych-biokominkow-stellar\/#primaryimage\"},\"thumbnailUrl\":\"https:\/\/kominki-elektryczne.pl\/blog\/wp-content\/uploads\/2021\/03\/biokominek-scienny-do-zabudowy-stellar-100.jpg\",\"keywords\":[\"biokominek\",\"kominek\",\"kominek bio\",\"kominek do zabudowy\",\"kominek \u015bcienny\",\"stellar\"],\"inLanguage\":\"pl-PL\"},{\"@type\":\"WebPage\",\"@id\":\"https:\/\/kominki-elektryczne.pl\/blog\/2021\/03\/24\/nowosc-srod-sciennych-biokominkow-stellar\/\",\"url\":\"https:\/\/kominki-elektryczne.pl\/blog\/2021\/03\/24\/nowosc-srod-sciennych-biokominkow-stellar\/\",\"name\":\"Nowo\u015b\u0107 \u015br\u00f3d \u015bciennych BIOkomink\u00f3w - Stellar - Kominki-Elektryczne.pl\",\"isPartOf\":{\"@id\":\"https:\/\/kominki-elektryczne.pl\/blog\/#website\"},\"primaryImageOfPage\":{\"@id\":\"https:\/\/kominki-elektryczne.pl\/blog\/2021\/03\/24\/nowosc-srod-sciennych-biokominkow-stellar\/#primaryimage\"},\"image\":{\"@id\":\"https:\/\/kominki-elektryczne.pl\/blog\/2021\/03\/24\/nowosc-srod-sciennych-biokominkow-stellar\/#primaryimage\"},\"thumbnailUrl\":\"https:\/\/kominki-elektryczne.pl\/blog\/wp-content\/uploads\/2021\/03\/biokominek-scienny-do-zabudowy-stellar-100.jpg\",\"datePublished\":\"2021-03-24T13:46:22+00:00\",\"dateModified\":\"2024-10-08T10:14:47+00:00\",\"breadcrumb\":{\"@id\":\"https:\/\/kominki-elektryczne.pl\/blog\/2021\/03\/24\/nowosc-srod-sciennych-biokominkow-stellar\/#breadcrumb\"},\"inLanguage\":\"pl-PL\",\"potentialAction\":[{\"@type\":\"ReadAction\",\"target\":[\"https:\/\/kominki-elektryczne.pl\/blog\/2021\/03\/24\/nowosc-srod-sciennych-biokominkow-stellar\/\"]}]},{\"@type\":\"ImageObject\",\"inLanguage\":\"pl-PL\",\"@id\":\"https:\/\/kominki-elektryczne.pl\/blog\/2021\/03\/24\/nowosc-srod-sciennych-biokominkow-stellar\/#primaryimage\",\"url\":\"https:\/\/kominki-elektryczne.pl\/blog\/wp-content\/uploads\/2021\/03\/biokominek-scienny-do-zabudowy-stellar-100.jpg\",\"contentUrl\":\"https:\/\/kominki-elektryczne.pl\/blog\/wp-content\/uploads\/2021\/03\/biokominek-scienny-do-zabudowy-stellar-100.jpg\",\"width\":800,\"height\":800},{\"@type\":\"BreadcrumbList\",\"@id\":\"https:\/\/kominki-elektryczne.pl\/blog\/2021\/03\/24\/nowosc-srod-sciennych-biokominkow-stellar\/#breadcrumb\",\"itemListElement\":[{\"@type\":\"ListItem\",\"position\":1,\"name\":\"Strona g\u0142\u00f3wna\",\"item\":\"https:\/\/kominki-elektryczne.pl\/blog\/\"},{\"@type\":\"ListItem\",\"position\":2,\"name\":\"Nowo\u015b\u0107 \u015br\u00f3d \u015bciennych BIOkomink\u00f3w &#8211; Stellar\"}]},{\"@type\":\"WebSite\",\"@id\":\"https:\/\/kominki-elektryczne.pl\/blog\/#website\",\"url\":\"https:\/\/kominki-elektryczne.pl\/blog\/\",\"name\":\"Kominki-Elektryczne.pl\",\"description\":\"Opisy - Porady - Recenzje\",\"publisher\":{\"@id\":\"https:\/\/kominki-elektryczne.pl\/blog\/#organization\"},\"potentialAction\":[{\"@type\":\"SearchAction\",\"target\":{\"@type\":\"EntryPoint\",\"urlTemplate\":\"https:\/\/kominki-elektryczne.pl\/blog\/?s={search_term_string}\"},\"query-input\":{\"@type\":\"PropertyValueSpecification\",\"valueRequired\":true,\"valueName\":\"search_term_string\"}}],\"inLanguage\":\"pl-PL\"},{\"@type\":\"Organization\",\"@id\":\"https:\/\/kominki-elektryczne.pl\/blog\/#organization\",\"name\":\"Kominki-Elektryczne.pl\",\"url\":\"https:\/\/kominki-elektryczne.pl\/blog\/\",\"logo\":{\"@type\":\"ImageObject\",\"inLanguage\":\"pl-PL\",\"@id\":\"https:\/\/kominki-elektryczne.pl\/blog\/#\/schema\/logo\/image\/\",\"url\":\"https:\/\/kominki-elektryczne.pl\/blog\/wp-content\/uploads\/2025\/04\/cropped-LogoAflamo.jpg\",\"contentUrl\":\"https:\/\/kominki-elektryczne.pl\/blog\/wp-content\/uploads\/2025\/04\/cropped-LogoAflamo.jpg\",\"width\":200,\"height\":58,\"caption\":\"Kominki-Elektryczne.pl\"},\"image\":{\"@id\":\"https:\/\/kominki-elektryczne.pl\/blog\/#\/schema\/logo\/image\/\"},\"sameAs\":[\"https:\/\/www.facebook.com\/elektrycznekominki\"]},{\"@type\":\"Person\",\"@id\":\"https:\/\/kominki-elektryczne.pl\/blog\/#\/schema\/person\/045e7544e3e90364f5f82cc509123089\",\"name\":\"Kominkowy\",\"image\":{\"@type\":\"ImageObject\",\"inLanguage\":\"pl-PL\",\"@id\":\"https:\/\/kominki-elektryczne.pl\/blog\/#\/schema\/person\/image\/\",\"url\":\"https:\/\/secure.gravatar.com\/avatar\/8c15720599195e8ba4119df2db28ce7e?s=96&d=mm&r=g\",\"contentUrl\":\"https:\/\/secure.gravatar.com\/avatar\/8c15720599195e8ba4119df2db28ce7e?s=96&d=mm&r=g\",\"caption\":\"Kominkowy\"},\"sameAs\":[\"http:\/\/www.kominki-elektryczne.pl\"],\"url\":\"https:\/\/kominki-elektryczne.pl\/blog\/author\/led-handel\/\"}]}<\/script>\n<!-- \/ Yoast SEO plugin. -->","yoast_head_json":{"title":"Nowo\u015b\u0107 \u015br\u00f3d \u015bciennych BIOkomink\u00f3w - Stellar - Kominki-Elektryczne.pl","robots":{"index":"index","follow":"follow","max-snippet":"max-snippet:-1","max-image-preview":"max-image-preview:large","max-video-preview":"max-video-preview:-1"},"canonical":"https:\/\/kominki-elektryczne.pl\/blog\/2021\/03\/24\/nowosc-srod-sciennych-biokominkow-stellar\/","og_locale":"pl_PL","og_type":"article","og_title":"Nowo\u015b\u0107 \u015br\u00f3d \u015bciennych BIOkomink\u00f3w - Stellar - Kominki-Elektryczne.pl","og_description":"Witajcie! Kolejna nowo\u015b\u0107 od marki Aflamo! Nowoczesny biokominek \u015bcienny Stellar, wykonany jest z najwy\u017cszej jako\u015bci stali dzi\u0119ki spawanym i szlifowanym naro\u017cnikom. Jego obudowa jest pomalowana na czarny kolor specjalistyczn\u0105 farb\u0105 odporn\u0105 na wysok\u0105 temperatur\u0119 i uszkodzenia. Dodatkow\u0105 zalet\u0105 jest to, posiada dopracowan\u0105 konstrukcj\u0119 dzi\u0119ki czemu &hellip;","og_url":"https:\/\/kominki-elektryczne.pl\/blog\/2021\/03\/24\/nowosc-srod-sciennych-biokominkow-stellar\/","og_site_name":"Kominki-Elektryczne.pl","article_publisher":"https:\/\/www.facebook.com\/elektrycznekominki","article_published_time":"2021-03-24T13:46:22+00:00","article_modified_time":"2024-10-08T10:14:47+00:00","og_image":[{"width":800,"height":800,"url":"https:\/\/kominki-elektryczne.pl\/blog\/wp-content\/uploads\/2021\/03\/biokominek-scienny-do-zabudowy-stellar-100.jpg","type":"image\/jpeg"}],"author":"Kominkowy","twitter_card":"summary_large_image","twitter_misc":{"Napisane przez":"Kominkowy"},"schema":{"@context":"https:\/\/schema.org","@graph":[{"@type":"Article","@id":"https:\/\/kominki-elektryczne.pl\/blog\/2021\/03\/24\/nowosc-srod-sciennych-biokominkow-stellar\/#article","isPartOf":{"@id":"https:\/\/kominki-elektryczne.pl\/blog\/2021\/03\/24\/nowosc-srod-sciennych-biokominkow-stellar\/"},"author":{"name":"Kominkowy","@id":"https:\/\/kominki-elektryczne.pl\/blog\/#\/schema\/person\/045e7544e3e90364f5f82cc509123089"},"headline":"Nowo\u015b\u0107 \u015br\u00f3d \u015bciennych BIOkomink\u00f3w &#8211; Stellar","datePublished":"2021-03-24T13:46:22+00:00","dateModified":"2024-10-08T10:14:47+00:00","mainEntityOfPage":{"@id":"https:\/\/kominki-elektryczne.pl\/blog\/2021\/03\/24\/nowosc-srod-sciennych-biokominkow-stellar\/"},"wordCount":94,"publisher":{"@id":"https:\/\/kominki-elektryczne.pl\/blog\/#organization"},"image":{"@id":"https:\/\/kominki-elektryczne.pl\/blog\/2021\/03\/24\/nowosc-srod-sciennych-biokominkow-stellar\/#primaryimage"},"thumbnailUrl":"https:\/\/kominki-elektryczne.pl\/blog\/wp-content\/uploads\/2021\/03\/biokominek-scienny-do-zabudowy-stellar-100.jpg","keywords":["biokominek","kominek","kominek bio","kominek do zabudowy","kominek \u015bcienny","stellar"],"inLanguage":"pl-PL"},{"@type":"WebPage","@id":"https:\/\/kominki-elektryczne.pl\/blog\/2021\/03\/24\/nowosc-srod-sciennych-biokominkow-stellar\/","url":"https:\/\/kominki-elektryczne.pl\/blog\/2021\/03\/24\/nowosc-srod-sciennych-biokominkow-stellar\/","name":"Nowo\u015b\u0107 \u015br\u00f3d \u015bciennych BIOkomink\u00f3w - Stellar - Kominki-Elektryczne.pl","isPartOf":{"@id":"https:\/\/kominki-elektryczne.pl\/blog\/#website"},"primaryImageOfPage":{"@id":"https:\/\/kominki-elektryczne.pl\/blog\/2021\/03\/24\/nowosc-srod-sciennych-biokominkow-stellar\/#primaryimage"},"image":{"@id":"https:\/\/kominki-elektryczne.pl\/blog\/2021\/03\/24\/nowosc-srod-sciennych-biokominkow-stellar\/#primaryimage"},"thumbnailUrl":"https:\/\/kominki-elektryczne.pl\/blog\/wp-content\/uploads\/2021\/03\/biokominek-scienny-do-zabudowy-stellar-100.jpg","datePublished":"2021-03-24T13:46:22+00:00","dateModified":"2024-10-08T10:14:47+00:00","breadcrumb":{"@id":"https:\/\/kominki-elektryczne.pl\/blog\/2021\/03\/24\/nowosc-srod-sciennych-biokominkow-stellar\/#breadcrumb"},"inLanguage":"pl-PL","potentialAction":[{"@type":"ReadAction","target":["https:\/\/kominki-elektryczne.pl\/blog\/2021\/03\/24\/nowosc-srod-sciennych-biokominkow-stellar\/"]}]},{"@type":"ImageObject","inLanguage":"pl-PL","@id":"https:\/\/kominki-elektryczne.pl\/blog\/2021\/03\/24\/nowosc-srod-sciennych-biokominkow-stellar\/#primaryimage","url":"https:\/\/kominki-elektryczne.pl\/blog\/wp-content\/uploads\/2021\/03\/biokominek-scienny-do-zabudowy-stellar-100.jpg","contentUrl":"https:\/\/kominki-elektryczne.pl\/blog\/wp-content\/uploads\/2021\/03\/biokominek-scienny-do-zabudowy-stellar-100.jpg","width":800,"height":800},{"@type":"BreadcrumbList","@id":"https:\/\/kominki-elektryczne.pl\/blog\/2021\/03\/24\/nowosc-srod-sciennych-biokominkow-stellar\/#breadcrumb","itemListElement":[{"@type":"ListItem","position":1,"name":"Strona g\u0142\u00f3wna","item":"https:\/\/kominki-elektryczne.pl\/blog\/"},{"@type":"ListItem","position":2,"name":"Nowo\u015b\u0107 \u015br\u00f3d \u015bciennych BIOkomink\u00f3w &#8211; Stellar"}]},{"@type":"WebSite","@id":"https:\/\/kominki-elektryczne.pl\/blog\/#website","url":"https:\/\/kominki-elektryczne.pl\/blog\/","name":"Kominki-Elektryczne.pl","description":"Opisy - Porady - Recenzje","publisher":{"@id":"https:\/\/kominki-elektryczne.pl\/blog\/#organization"},"potentialAction":[{"@type":"SearchAction","target":{"@type":"EntryPoint","urlTemplate":"https:\/\/kominki-elektryczne.pl\/blog\/?s={search_term_string}"},"query-input":{"@type":"PropertyValueSpecification","valueRequired":true,"valueName":"search_term_string"}}],"inLanguage":"pl-PL"},{"@type":"Organization","@id":"https:\/\/kominki-elektryczne.pl\/blog\/#organization","name":"Kominki-Elektryczne.pl","url":"https:\/\/kominki-elektryczne.pl\/blog\/","logo":{"@type":"ImageObject","inLanguage":"pl-PL","@id":"https:\/\/kominki-elektryczne.pl\/blog\/#\/schema\/logo\/image\/","url":"https:\/\/kominki-elektryczne.pl\/blog\/wp-content\/uploads\/2025\/04\/cropped-LogoAflamo.jpg","contentUrl":"https:\/\/kominki-elektryczne.pl\/blog\/wp-content\/uploads\/2025\/04\/cropped-LogoAflamo.jpg","width":200,"height":58,"caption":"Kominki-Elektryczne.pl"},"image":{"@id":"https:\/\/kominki-elektryczne.pl\/blog\/#\/schema\/logo\/image\/"},"sameAs":["https:\/\/www.facebook.com\/elektrycznekominki"]},{"@type":"Person","@id":"https:\/\/kominki-elektryczne.pl\/blog\/#\/schema\/person\/045e7544e3e90364f5f82cc509123089","name":"Kominkowy","image":{"@type":"ImageObject","inLanguage":"pl-PL","@id":"https:\/\/kominki-elektryczne.pl\/blog\/#\/schema\/person\/image\/","url":"https:\/\/secure.gravatar.com\/avatar\/8c15720599195e8ba4119df2db28ce7e?s=96&d=mm&r=g","contentUrl":"https:\/\/secure.gravatar.com\/avatar\/8c15720599195e8ba4119df2db28ce7e?s=96&d=mm&r=g","caption":"Kominkowy"},"sameAs":["http:\/\/www.kominki-elektryczne.pl"],"url":"https:\/\/kominki-elektryczne.pl\/blog\/author\/led-handel\/"}]}},"_links":{"self":[{"href":"https:\/\/kominki-elektryczne.pl\/blog\/wp-json\/wp\/v2\/posts\/297","targetHints":{"allow":["GET"]}}],"collection":[{"href":"https:\/\/kominki-elektryczne.pl\/blog\/wp-json\/wp\/v2\/posts"}],"about":[{"href":"https:\/\/kominki-elektryczne.pl\/blog\/wp-json\/wp\/v2\/types\/post"}],"author":[{"embeddable":true,"href":"https:\/\/kominki-elektryczne.pl\/blog\/wp-json\/wp\/v2\/users\/1"}],"replies":[{"embeddable":true,"href":"https:\/\/kominki-elektryczne.pl\/blog\/wp-json\/wp\/v2\/comments?post=297"}],"version-history":[{"count":3,"href":"https:\/\/kominki-elektryczne.pl\/blog\/wp-json\/wp\/v2\/posts\/297\/revisions"}],"predecessor-version":[{"id":302,"href":"https:\/\/kominki-elektryczne.pl\/blog\/wp-json\/wp\/v2\/posts\/297\/revisions\/302"}],"wp:attachment":[{"href":"https:\/\/kominki-elektryczne.pl\/blog\/wp-json\/wp\/v2\/media?parent=297"}],"wp:term":[{"taxonomy":"category","embeddable":true,"href":"https:\/\/kominki-elektryczne.pl\/blog\/wp-json\/wp\/v2\/categories?post=297"},{"taxonomy":"post_tag","embeddable":true,"href":"https:\/\/kominki-elektryczne.pl\/blog\/wp-json\/wp\/v2\/tags?post=297"}],"curies":[{"name":"wp","href":"https:\/\/api.w.org\/{rel}","templated":true}]}}