{"id":362,"date":"2021-05-06T13:40:57","date_gmt":"2021-05-06T11:40:57","guid":{"rendered":"https:\/\/kominki-elektryczne.pl\/blog\/?p=362"},"modified":"2024-10-08T12:14:47","modified_gmt":"2024-10-08T10:14:47","slug":"inserto-electrico-23-infrarrojos-infrarrojos","status":"publish","type":"post","link":"https:\/\/kominki-elektryczne.pl\/blog\/es\/2021\/05\/06\/inserto-electrico-23-infrarrojos-infrarrojos\/","title":{"rendered":"Inserto el\u00e9ctrico 23 &#8222;Infrarrojos infrarrojos!"},"content":{"rendered":"\n<p>Bienvenidos,<\/p>\n\n\n\n<p>\u00a1Recientemente ha aparecido en nuestra oferta el \u00faltimo inserto el\u00e9ctrico con efecto 3D! Es la \u00faltima producci\u00f3n de este tipo de insertos. Estas chimeneas tienen el efecto de calefacci\u00f3n por infrarrojos, lo que da un menor consumo de energ\u00eda, pero una mayor eficiencia de la chimenea \ud83d\ude42<br>La llama del cartucho es muy realista. \u00a1Pasa a trav\u00e9s de un claro que lo hace parecer un fuego vivo! Tiene un mando a distancia en el conjunto, que tiene un panel para facilitar la navegaci\u00f3n en el que se muestran todas las funciones!<\/p>\n\n\n\n<figure class=\"wp-block-image size-large\"><img loading=\"lazy\" decoding=\"async\" width=\"498\" height=\"430\" src=\"https:\/\/kominki-elektryczne.pl\/blog\/wp-content\/uploads\/2021\/05\/LED_60_3D_A1-1.jpg\" alt=\"\" class=\"wp-image-363\" srcset=\"https:\/\/kominki-elektryczne.pl\/blog\/wp-content\/uploads\/2021\/05\/LED_60_3D_A1-1.jpg 498w, https:\/\/kominki-elektryczne.pl\/blog\/wp-content\/uploads\/2021\/05\/LED_60_3D_A1-1-300x259.jpg 300w\" sizes=\"auto, (max-width: 498px) 100vw, 498px\" \/><\/figure>\n\n\n\n<p>Inserto el\u00e9ctrico 3D<\/p>\n\n\n\n<p>Puede encontrar m\u00e1s informaci\u00f3n en nuestro sitio web sobre esta chimenea que encontrar\u00e1 en nuestro sitio web:<\/p>\n\n\n\n<p>www.kominki-elektryczne.pl<\/p>\n","protected":false},"excerpt":{"rendered":"<p>Bienvenidos, \u00a1Recientemente ha aparecido en nuestra oferta el \u00faltimo inserto el\u00e9ctrico con efecto 3D! Es la \u00faltima producci\u00f3n de este tipo de insertos. Estas chimeneas tienen el efecto de calefacci\u00f3n por infrarrojos, lo que da un menor consumo de energ\u00eda, pero una mayor eficiencia de &hellip; <\/p>\n","protected":false},"author":1,"featured_media":0,"comment_status":"closed","ping_status":"closed","sticky":false,"template":"","format":"standard","meta":{"footnotes":""},"categories":[29],"tags":[],"class_list":["post-362","post","type-post","status-publish","format-standard","hentry","category-bez-kategorii-es"],"yoast_head":"<!-- This site is optimized with the Yoast SEO plugin v25.7 - https:\/\/yoast.com\/wordpress\/plugins\/seo\/ -->\n<title>Inserto el\u00e9ctrico 23 &quot;Infrarrojos infrarrojos! - Kominki-Elektryczne.pl<\/title>\n<meta name=\"robots\" content=\"index, follow, max-snippet:-1, max-image-preview:large, max-video-preview:-1\" \/>\n<link rel=\"canonical\" href=\"https:\/\/kominki-elektryczne.pl\/blog\/es\/2021\/05\/06\/inserto-electrico-23-infrarrojos-infrarrojos\/\" \/>\n<meta property=\"og:locale\" content=\"pl_PL\" \/>\n<meta property=\"og:type\" content=\"article\" \/>\n<meta property=\"og:title\" content=\"Inserto el\u00e9ctrico 23 &quot;Infrarrojos infrarrojos! - Kominki-Elektryczne.pl\" \/>\n<meta property=\"og:description\" content=\"Bienvenidos, \u00a1Recientemente ha aparecido en nuestra oferta el \u00faltimo inserto el\u00e9ctrico con efecto 3D! Es la \u00faltima producci\u00f3n de este tipo de insertos. Estas chimeneas tienen el efecto de calefacci\u00f3n por infrarrojos, lo que da un menor consumo de energ\u00eda, pero una mayor eficiencia de &hellip;\" \/>\n<meta property=\"og:url\" content=\"https:\/\/kominki-elektryczne.pl\/blog\/es\/2021\/05\/06\/inserto-electrico-23-infrarrojos-infrarrojos\/\" \/>\n<meta property=\"og:site_name\" content=\"Kominki-Elektryczne.pl\" \/>\n<meta property=\"article:publisher\" content=\"https:\/\/www.facebook.com\/elektrycznekominki\" \/>\n<meta property=\"article:published_time\" content=\"2021-05-06T11:40:57+00:00\" \/>\n<meta property=\"article:modified_time\" content=\"2024-10-08T10:14:47+00:00\" \/>\n<meta property=\"og:image\" content=\"https:\/\/kominki-elektryczne.pl\/blog\/wp-content\/uploads\/2021\/05\/LED_60_3D_A1-1.jpg\" \/>\n\t<meta property=\"og:image:width\" content=\"498\" \/>\n\t<meta property=\"og:image:height\" content=\"430\" \/>\n\t<meta property=\"og:image:type\" content=\"image\/jpeg\" \/>\n<meta name=\"author\" content=\"Kominkowy\" \/>\n<meta name=\"twitter:card\" content=\"summary_large_image\" \/>\n<meta name=\"twitter:label1\" content=\"Napisane przez\" \/>\n\t<meta name=\"twitter:data1\" content=\"Kominkowy\" \/>\n\t<meta name=\"twitter:label2\" content=\"Szacowany czas czytania\" \/>\n\t<meta name=\"twitter:data2\" content=\"1 minuta\" \/>\n<script type=\"application\/ld+json\" class=\"yoast-schema-graph\">{\"@context\":\"https:\/\/schema.org\",\"@graph\":[{\"@type\":\"Article\",\"@id\":\"https:\/\/kominki-elektryczne.pl\/blog\/es\/2021\/05\/06\/inserto-electrico-23-infrarrojos-infrarrojos\/#article\",\"isPartOf\":{\"@id\":\"https:\/\/kominki-elektryczne.pl\/blog\/es\/2021\/05\/06\/inserto-electrico-23-infrarrojos-infrarrojos\/\"},\"author\":{\"name\":\"Kominkowy\",\"@id\":\"https:\/\/kominki-elektryczne.pl\/blog\/#\/schema\/person\/045e7544e3e90364f5f82cc509123089\"},\"headline\":\"Inserto el\u00e9ctrico 23 &#8222;Infrarrojos infrarrojos!\",\"datePublished\":\"2021-05-06T11:40:57+00:00\",\"dateModified\":\"2024-10-08T10:14:47+00:00\",\"mainEntityOfPage\":{\"@id\":\"https:\/\/kominki-elektryczne.pl\/blog\/es\/2021\/05\/06\/inserto-electrico-23-infrarrojos-infrarrojos\/\"},\"wordCount\":128,\"publisher\":{\"@id\":\"https:\/\/kominki-elektryczne.pl\/blog\/#organization\"},\"image\":{\"@id\":\"https:\/\/kominki-elektryczne.pl\/blog\/es\/2021\/05\/06\/inserto-electrico-23-infrarrojos-infrarrojos\/#primaryimage\"},\"thumbnailUrl\":\"https:\/\/kominki-elektryczne.pl\/blog\/wp-content\/uploads\/2021\/05\/LED_60_3D_A1-1.jpg\",\"inLanguage\":\"pl-PL\"},{\"@type\":\"WebPage\",\"@id\":\"https:\/\/kominki-elektryczne.pl\/blog\/es\/2021\/05\/06\/inserto-electrico-23-infrarrojos-infrarrojos\/\",\"url\":\"https:\/\/kominki-elektryczne.pl\/blog\/es\/2021\/05\/06\/inserto-electrico-23-infrarrojos-infrarrojos\/\",\"name\":\"Inserto el\u00e9ctrico 23 \\\"Infrarrojos infrarrojos! - Kominki-Elektryczne.pl\",\"isPartOf\":{\"@id\":\"https:\/\/kominki-elektryczne.pl\/blog\/#website\"},\"primaryImageOfPage\":{\"@id\":\"https:\/\/kominki-elektryczne.pl\/blog\/es\/2021\/05\/06\/inserto-electrico-23-infrarrojos-infrarrojos\/#primaryimage\"},\"image\":{\"@id\":\"https:\/\/kominki-elektryczne.pl\/blog\/es\/2021\/05\/06\/inserto-electrico-23-infrarrojos-infrarrojos\/#primaryimage\"},\"thumbnailUrl\":\"https:\/\/kominki-elektryczne.pl\/blog\/wp-content\/uploads\/2021\/05\/LED_60_3D_A1-1.jpg\",\"datePublished\":\"2021-05-06T11:40:57+00:00\",\"dateModified\":\"2024-10-08T10:14:47+00:00\",\"breadcrumb\":{\"@id\":\"https:\/\/kominki-elektryczne.pl\/blog\/es\/2021\/05\/06\/inserto-electrico-23-infrarrojos-infrarrojos\/#breadcrumb\"},\"inLanguage\":\"pl-PL\",\"potentialAction\":[{\"@type\":\"ReadAction\",\"target\":[\"https:\/\/kominki-elektryczne.pl\/blog\/es\/2021\/05\/06\/inserto-electrico-23-infrarrojos-infrarrojos\/\"]}]},{\"@type\":\"ImageObject\",\"inLanguage\":\"pl-PL\",\"@id\":\"https:\/\/kominki-elektryczne.pl\/blog\/es\/2021\/05\/06\/inserto-electrico-23-infrarrojos-infrarrojos\/#primaryimage\",\"url\":\"https:\/\/kominki-elektryczne.pl\/blog\/wp-content\/uploads\/2021\/05\/LED_60_3D_A1-1.jpg\",\"contentUrl\":\"https:\/\/kominki-elektryczne.pl\/blog\/wp-content\/uploads\/2021\/05\/LED_60_3D_A1-1.jpg\",\"width\":498,\"height\":430},{\"@type\":\"BreadcrumbList\",\"@id\":\"https:\/\/kominki-elektryczne.pl\/blog\/es\/2021\/05\/06\/inserto-electrico-23-infrarrojos-infrarrojos\/#breadcrumb\",\"itemListElement\":[{\"@type\":\"ListItem\",\"position\":1,\"name\":\"Strona g\u0142\u00f3wna\",\"item\":\"https:\/\/kominki-elektryczne.pl\/blog\/\"},{\"@type\":\"ListItem\",\"position\":2,\"name\":\"Inserto el\u00e9ctrico 23 &#8222;Infrarrojos infrarrojos!\"}]},{\"@type\":\"WebSite\",\"@id\":\"https:\/\/kominki-elektryczne.pl\/blog\/#website\",\"url\":\"https:\/\/kominki-elektryczne.pl\/blog\/\",\"name\":\"Kominki-Elektryczne.pl\",\"description\":\"Opisy - Porady - Recenzje\",\"publisher\":{\"@id\":\"https:\/\/kominki-elektryczne.pl\/blog\/#organization\"},\"potentialAction\":[{\"@type\":\"SearchAction\",\"target\":{\"@type\":\"EntryPoint\",\"urlTemplate\":\"https:\/\/kominki-elektryczne.pl\/blog\/?s={search_term_string}\"},\"query-input\":{\"@type\":\"PropertyValueSpecification\",\"valueRequired\":true,\"valueName\":\"search_term_string\"}}],\"inLanguage\":\"pl-PL\"},{\"@type\":\"Organization\",\"@id\":\"https:\/\/kominki-elektryczne.pl\/blog\/#organization\",\"name\":\"Kominki-Elektryczne.pl\",\"url\":\"https:\/\/kominki-elektryczne.pl\/blog\/\",\"logo\":{\"@type\":\"ImageObject\",\"inLanguage\":\"pl-PL\",\"@id\":\"https:\/\/kominki-elektryczne.pl\/blog\/#\/schema\/logo\/image\/\",\"url\":\"https:\/\/kominki-elektryczne.pl\/blog\/wp-content\/uploads\/2025\/04\/cropped-LogoAflamo.jpg\",\"contentUrl\":\"https:\/\/kominki-elektryczne.pl\/blog\/wp-content\/uploads\/2025\/04\/cropped-LogoAflamo.jpg\",\"width\":200,\"height\":58,\"caption\":\"Kominki-Elektryczne.pl\"},\"image\":{\"@id\":\"https:\/\/kominki-elektryczne.pl\/blog\/#\/schema\/logo\/image\/\"},\"sameAs\":[\"https:\/\/www.facebook.com\/elektrycznekominki\"]},{\"@type\":\"Person\",\"@id\":\"https:\/\/kominki-elektryczne.pl\/blog\/#\/schema\/person\/045e7544e3e90364f5f82cc509123089\",\"name\":\"Kominkowy\",\"image\":{\"@type\":\"ImageObject\",\"inLanguage\":\"pl-PL\",\"@id\":\"https:\/\/kominki-elektryczne.pl\/blog\/#\/schema\/person\/image\/\",\"url\":\"https:\/\/secure.gravatar.com\/avatar\/8c15720599195e8ba4119df2db28ce7e?s=96&d=mm&r=g\",\"contentUrl\":\"https:\/\/secure.gravatar.com\/avatar\/8c15720599195e8ba4119df2db28ce7e?s=96&d=mm&r=g\",\"caption\":\"Kominkowy\"},\"sameAs\":[\"http:\/\/www.kominki-elektryczne.pl\"],\"url\":\"https:\/\/kominki-elektryczne.pl\/blog\/author\/led-handel\/\"}]}<\/script>\n<!-- \/ Yoast SEO plugin. -->","yoast_head_json":{"title":"Inserto el\u00e9ctrico 23 \"Infrarrojos infrarrojos! - Kominki-Elektryczne.pl","robots":{"index":"index","follow":"follow","max-snippet":"max-snippet:-1","max-image-preview":"max-image-preview:large","max-video-preview":"max-video-preview:-1"},"canonical":"https:\/\/kominki-elektryczne.pl\/blog\/es\/2021\/05\/06\/inserto-electrico-23-infrarrojos-infrarrojos\/","og_locale":"pl_PL","og_type":"article","og_title":"Inserto el\u00e9ctrico 23 \"Infrarrojos infrarrojos! - Kominki-Elektryczne.pl","og_description":"Bienvenidos, \u00a1Recientemente ha aparecido en nuestra oferta el \u00faltimo inserto el\u00e9ctrico con efecto 3D! Es la \u00faltima producci\u00f3n de este tipo de insertos. Estas chimeneas tienen el efecto de calefacci\u00f3n por infrarrojos, lo que da un menor consumo de energ\u00eda, pero una mayor eficiencia de &hellip;","og_url":"https:\/\/kominki-elektryczne.pl\/blog\/es\/2021\/05\/06\/inserto-electrico-23-infrarrojos-infrarrojos\/","og_site_name":"Kominki-Elektryczne.pl","article_publisher":"https:\/\/www.facebook.com\/elektrycznekominki","article_published_time":"2021-05-06T11:40:57+00:00","article_modified_time":"2024-10-08T10:14:47+00:00","og_image":[{"width":498,"height":430,"url":"https:\/\/kominki-elektryczne.pl\/blog\/wp-content\/uploads\/2021\/05\/LED_60_3D_A1-1.jpg","type":"image\/jpeg"}],"author":"Kominkowy","twitter_card":"summary_large_image","twitter_misc":{"Napisane przez":"Kominkowy","Szacowany czas czytania":"1 minuta"},"schema":{"@context":"https:\/\/schema.org","@graph":[{"@type":"Article","@id":"https:\/\/kominki-elektryczne.pl\/blog\/es\/2021\/05\/06\/inserto-electrico-23-infrarrojos-infrarrojos\/#article","isPartOf":{"@id":"https:\/\/kominki-elektryczne.pl\/blog\/es\/2021\/05\/06\/inserto-electrico-23-infrarrojos-infrarrojos\/"},"author":{"name":"Kominkowy","@id":"https:\/\/kominki-elektryczne.pl\/blog\/#\/schema\/person\/045e7544e3e90364f5f82cc509123089"},"headline":"Inserto el\u00e9ctrico 23 &#8222;Infrarrojos infrarrojos!","datePublished":"2021-05-06T11:40:57+00:00","dateModified":"2024-10-08T10:14:47+00:00","mainEntityOfPage":{"@id":"https:\/\/kominki-elektryczne.pl\/blog\/es\/2021\/05\/06\/inserto-electrico-23-infrarrojos-infrarrojos\/"},"wordCount":128,"publisher":{"@id":"https:\/\/kominki-elektryczne.pl\/blog\/#organization"},"image":{"@id":"https:\/\/kominki-elektryczne.pl\/blog\/es\/2021\/05\/06\/inserto-electrico-23-infrarrojos-infrarrojos\/#primaryimage"},"thumbnailUrl":"https:\/\/kominki-elektryczne.pl\/blog\/wp-content\/uploads\/2021\/05\/LED_60_3D_A1-1.jpg","inLanguage":"pl-PL"},{"@type":"WebPage","@id":"https:\/\/kominki-elektryczne.pl\/blog\/es\/2021\/05\/06\/inserto-electrico-23-infrarrojos-infrarrojos\/","url":"https:\/\/kominki-elektryczne.pl\/blog\/es\/2021\/05\/06\/inserto-electrico-23-infrarrojos-infrarrojos\/","name":"Inserto el\u00e9ctrico 23 \"Infrarrojos infrarrojos! - Kominki-Elektryczne.pl","isPartOf":{"@id":"https:\/\/kominki-elektryczne.pl\/blog\/#website"},"primaryImageOfPage":{"@id":"https:\/\/kominki-elektryczne.pl\/blog\/es\/2021\/05\/06\/inserto-electrico-23-infrarrojos-infrarrojos\/#primaryimage"},"image":{"@id":"https:\/\/kominki-elektryczne.pl\/blog\/es\/2021\/05\/06\/inserto-electrico-23-infrarrojos-infrarrojos\/#primaryimage"},"thumbnailUrl":"https:\/\/kominki-elektryczne.pl\/blog\/wp-content\/uploads\/2021\/05\/LED_60_3D_A1-1.jpg","datePublished":"2021-05-06T11:40:57+00:00","dateModified":"2024-10-08T10:14:47+00:00","breadcrumb":{"@id":"https:\/\/kominki-elektryczne.pl\/blog\/es\/2021\/05\/06\/inserto-electrico-23-infrarrojos-infrarrojos\/#breadcrumb"},"inLanguage":"pl-PL","potentialAction":[{"@type":"ReadAction","target":["https:\/\/kominki-elektryczne.pl\/blog\/es\/2021\/05\/06\/inserto-electrico-23-infrarrojos-infrarrojos\/"]}]},{"@type":"ImageObject","inLanguage":"pl-PL","@id":"https:\/\/kominki-elektryczne.pl\/blog\/es\/2021\/05\/06\/inserto-electrico-23-infrarrojos-infrarrojos\/#primaryimage","url":"https:\/\/kominki-elektryczne.pl\/blog\/wp-content\/uploads\/2021\/05\/LED_60_3D_A1-1.jpg","contentUrl":"https:\/\/kominki-elektryczne.pl\/blog\/wp-content\/uploads\/2021\/05\/LED_60_3D_A1-1.jpg","width":498,"height":430},{"@type":"BreadcrumbList","@id":"https:\/\/kominki-elektryczne.pl\/blog\/es\/2021\/05\/06\/inserto-electrico-23-infrarrojos-infrarrojos\/#breadcrumb","itemListElement":[{"@type":"ListItem","position":1,"name":"Strona g\u0142\u00f3wna","item":"https:\/\/kominki-elektryczne.pl\/blog\/"},{"@type":"ListItem","position":2,"name":"Inserto el\u00e9ctrico 23 &#8222;Infrarrojos infrarrojos!"}]},{"@type":"WebSite","@id":"https:\/\/kominki-elektryczne.pl\/blog\/#website","url":"https:\/\/kominki-elektryczne.pl\/blog\/","name":"Kominki-Elektryczne.pl","description":"Opisy - Porady - Recenzje","publisher":{"@id":"https:\/\/kominki-elektryczne.pl\/blog\/#organization"},"potentialAction":[{"@type":"SearchAction","target":{"@type":"EntryPoint","urlTemplate":"https:\/\/kominki-elektryczne.pl\/blog\/?s={search_term_string}"},"query-input":{"@type":"PropertyValueSpecification","valueRequired":true,"valueName":"search_term_string"}}],"inLanguage":"pl-PL"},{"@type":"Organization","@id":"https:\/\/kominki-elektryczne.pl\/blog\/#organization","name":"Kominki-Elektryczne.pl","url":"https:\/\/kominki-elektryczne.pl\/blog\/","logo":{"@type":"ImageObject","inLanguage":"pl-PL","@id":"https:\/\/kominki-elektryczne.pl\/blog\/#\/schema\/logo\/image\/","url":"https:\/\/kominki-elektryczne.pl\/blog\/wp-content\/uploads\/2025\/04\/cropped-LogoAflamo.jpg","contentUrl":"https:\/\/kominki-elektryczne.pl\/blog\/wp-content\/uploads\/2025\/04\/cropped-LogoAflamo.jpg","width":200,"height":58,"caption":"Kominki-Elektryczne.pl"},"image":{"@id":"https:\/\/kominki-elektryczne.pl\/blog\/#\/schema\/logo\/image\/"},"sameAs":["https:\/\/www.facebook.com\/elektrycznekominki"]},{"@type":"Person","@id":"https:\/\/kominki-elektryczne.pl\/blog\/#\/schema\/person\/045e7544e3e90364f5f82cc509123089","name":"Kominkowy","image":{"@type":"ImageObject","inLanguage":"pl-PL","@id":"https:\/\/kominki-elektryczne.pl\/blog\/#\/schema\/person\/image\/","url":"https:\/\/secure.gravatar.com\/avatar\/8c15720599195e8ba4119df2db28ce7e?s=96&d=mm&r=g","contentUrl":"https:\/\/secure.gravatar.com\/avatar\/8c15720599195e8ba4119df2db28ce7e?s=96&d=mm&r=g","caption":"Kominkowy"},"sameAs":["http:\/\/www.kominki-elektryczne.pl"],"url":"https:\/\/kominki-elektryczne.pl\/blog\/author\/led-handel\/"}]}},"_links":{"self":[{"href":"https:\/\/kominki-elektryczne.pl\/blog\/wp-json\/wp\/v2\/posts\/362","targetHints":{"allow":["GET"]}}],"collection":[{"href":"https:\/\/kominki-elektryczne.pl\/blog\/wp-json\/wp\/v2\/posts"}],"about":[{"href":"https:\/\/kominki-elektryczne.pl\/blog\/wp-json\/wp\/v2\/types\/post"}],"author":[{"embeddable":true,"href":"https:\/\/kominki-elektryczne.pl\/blog\/wp-json\/wp\/v2\/users\/1"}],"replies":[{"embeddable":true,"href":"https:\/\/kominki-elektryczne.pl\/blog\/wp-json\/wp\/v2\/comments?post=362"}],"version-history":[{"count":1,"href":"https:\/\/kominki-elektryczne.pl\/blog\/wp-json\/wp\/v2\/posts\/362\/revisions"}],"predecessor-version":[{"id":364,"href":"https:\/\/kominki-elektryczne.pl\/blog\/wp-json\/wp\/v2\/posts\/362\/revisions\/364"}],"wp:attachment":[{"href":"https:\/\/kominki-elektryczne.pl\/blog\/wp-json\/wp\/v2\/media?parent=362"}],"wp:term":[{"taxonomy":"category","embeddable":true,"href":"https:\/\/kominki-elektryczne.pl\/blog\/wp-json\/wp\/v2\/categories?post=362"},{"taxonomy":"post_tag","embeddable":true,"href":"https:\/\/kominki-elektryczne.pl\/blog\/wp-json\/wp\/v2\/tags?post=362"}],"curies":[{"name":"wp","href":"https:\/\/api.w.org\/{rel}","templated":true}]}}