{"id":372,"date":"2021-07-27T15:15:36","date_gmt":"2021-07-27T13:15:36","guid":{"rendered":"https:\/\/kominki-elektryczne.pl\/blog\/?p=372"},"modified":"2024-10-08T12:14:47","modified_gmt":"2024-10-08T10:14:47","slug":"bestseller-powrocil-genius-2d-i-3d","status":"publish","type":"post","link":"https:\/\/kominki-elektryczne.pl\/blog\/2021\/07\/27\/bestseller-powrocil-genius-2d-i-3d\/","title":{"rendered":"Bestseller powr\u00f3ci\u0142 &#8211; GENIUS 2D i 3D"},"content":{"rendered":"\n<p>Witajcie,<\/p>\n\n\n\n<p>Do naszego sklepu powr\u00f3ci\u0142 d\u0142ugo wyczekiwany i wyt\u0119skniony BESTSELLER!<\/p>\n\n\n\n<p>Kominek Genius ju\u017c dostepny Tym razem w dw\u00f3ch wersjach \ud83d\ude09<\/p>\n\n\n\n<p><a rel=\"noreferrer noopener\" href=\"https:\/\/www.kominki-elektryczne.pl\/pl\/szukaj?controller=search&amp;orderby=position&amp;orderway=desc&amp;search_query=genius&amp;submit_search=\" target=\"_blank\"> Kominek elektryczny LED kamienny Genius 2D i 3D<\/a>, jest to wyj\u0105tkowy kominek, kt\u00f3ry niesamowicie wygl\u0105da w ka\u017cdym wn\u0119trzu i nadaje mu klimatu. Jego obudowa&nbsp;jest stworzona z forniru kamiennego, kt\u00f3rego kolory s\u0105 bardzo starannie dobrane, aby wygl\u0105da\u0142y jakby by\u0142y r\u0119cznie u\u0142o\u017cone przez profesjonalnego kamieniarza. Drewniany top jak i sp\u00f3d s\u0105 rustykalnie wyko\u0144czone w kolorze kawowym i idealnie komponuj\u0105 si\u0119 z jego wyj\u0105tkowym kamiennym wygl\u0105dem.&nbsp;<br>Kominek ten nie ma du\u017cych wymiar\u00f3w, dzi\u0119ki czemu zmie\u015bci si\u0119 w nawet najbardziej wymagaj\u0105cym mieszkaniu.<\/p>\n\n\n\n<p><\/p>\n\n\n\n<div class=\"wp-block-image\"><figure class=\"aligncenter size-large is-resized\"><img loading=\"lazy\" decoding=\"async\" src=\"https:\/\/kominki-elektryczne.pl\/blog\/wp-content\/uploads\/2021\/07\/kominek-elektryczny-kamienny-genius-3d-aflamo.jpg\" alt=\"\" class=\"wp-image-385\" width=\"474\" height=\"474\" srcset=\"https:\/\/kominki-elektryczne.pl\/blog\/wp-content\/uploads\/2021\/07\/kominek-elektryczny-kamienny-genius-3d-aflamo.jpg 800w, https:\/\/kominki-elektryczne.pl\/blog\/wp-content\/uploads\/2021\/07\/kominek-elektryczny-kamienny-genius-3d-aflamo-300x300.jpg 300w, https:\/\/kominki-elektryczne.pl\/blog\/wp-content\/uploads\/2021\/07\/kominek-elektryczny-kamienny-genius-3d-aflamo-150x150.jpg 150w, https:\/\/kominki-elektryczne.pl\/blog\/wp-content\/uploads\/2021\/07\/kominek-elektryczny-kamienny-genius-3d-aflamo-768x768.jpg 768w, https:\/\/kominki-elektryczne.pl\/blog\/wp-content\/uploads\/2021\/07\/kominek-elektryczny-kamienny-genius-3d-aflamo-100x100.jpg 100w\" sizes=\"auto, (max-width: 474px) 100vw, 474px\" \/><\/figure><\/div>\n\n\n\n<p>Wk\u0142ad elektryczny,&nbsp;kt\u00f3ry jest nieod\u0142\u0105cznym elementem kominka, to klasyczny LED 60 3D.<\/p>\n\n\n\n<div class=\"wp-block-image\"><figure class=\"aligncenter size-large\"><img decoding=\"async\" src=\"https:\/\/kominki-elektryczne.com.pl\/wp-content\/uploads\/2021\/07\/3d-wkl.png\" alt=\"\" class=\"wp-image-1064\"\/><\/figure><\/div>\n\n\n\n<ol class=\"wp-block-list\"><li>5 kolor\u00f3w p\u0142omienia (pomara\u0144czowy, \u017c\u00f3\u0142ty, \u017c\u00f3\u0142to \u2013 pomara\u0144czowy, fioletowy, niebieski), 5 jasno\u015bci p\u0142omienia 5 szybko\u015bci p\u0142omienia<\/li><li>Realistyczny i energooszcz\u0119dny p\u0142omie\u0144 3D w technologii LED<\/li><li>Funkcja grzania z wykorzystaniem technologii podczerwieni Infrared<\/li><li>2 poziomy mocy grzewczej 1800-2000 W<\/li><li>Regulacja temperatury w zakresie od 18 do 30\u00b0C<\/li><li>Pilot zdalnego sterowania<\/li><li>Czujnik otwartego okna<\/li><li>Zabezpieczenie przed przegrzaniem<\/li><li>P\u0142omie\u0144 niezale\u017cny od funkcji grzania<br><br><br><\/li><\/ol>\n\n\n\n<div class=\"wp-block-image\"><figure class=\"aligncenter size-large is-resized\"><img loading=\"lazy\" decoding=\"async\" src=\"https:\/\/kominki-elektryczne.pl\/blog\/wp-content\/uploads\/2021\/07\/kominek-elektryczny-kamienny-genius-2d-aflamo.jpg\" alt=\"\" class=\"wp-image-384\" width=\"453\" height=\"453\" srcset=\"https:\/\/kominki-elektryczne.pl\/blog\/wp-content\/uploads\/2021\/07\/kominek-elektryczny-kamienny-genius-2d-aflamo.jpg 800w, https:\/\/kominki-elektryczne.pl\/blog\/wp-content\/uploads\/2021\/07\/kominek-elektryczny-kamienny-genius-2d-aflamo-300x300.jpg 300w, https:\/\/kominki-elektryczne.pl\/blog\/wp-content\/uploads\/2021\/07\/kominek-elektryczny-kamienny-genius-2d-aflamo-150x150.jpg 150w, https:\/\/kominki-elektryczne.pl\/blog\/wp-content\/uploads\/2021\/07\/kominek-elektryczny-kamienny-genius-2d-aflamo-768x768.jpg 768w, https:\/\/kominki-elektryczne.pl\/blog\/wp-content\/uploads\/2021\/07\/kominek-elektryczny-kamienny-genius-2d-aflamo-100x100.jpg 100w\" sizes=\"auto, (max-width: 453px) 100vw, 453px\" \/><\/figure><\/div>\n\n\n\n<p>Wk\u0142ad elektryczny,&nbsp;kt\u00f3ry jest nieod\u0142\u0105cznym elementem kominka, to klasyczny LED 60.<\/p>\n\n\n\n<div class=\"wp-block-image\"><figure class=\"aligncenter size-large\"><img decoding=\"async\" src=\"https:\/\/kominki-elektryczne.com.pl\/wp-content\/uploads\/2021\/07\/Bez-tytulu.png\" alt=\"\" class=\"wp-image-1062\"\/><figcaption>1) 3 kolory p\u0142omienia (\u017c\u00f3\u0142ty, pomara\u0144czowy, \u017c\u00f3\u0142to \u2013 pomara\u0144czowy), 5 jasno\u015bci p\u0142omienia<br>2) Realistyczny i energooszcz\u0119dny p\u0142omie\u0144 w technologii LED<br>3) 2 poziomy mocy grzewczej: 900W \/ 1800W<br>4) Regulacja temperatury w zakresie od 10 do 30\u00b0C<br>5) Pilot zdalnego sterowania<br>6) Czujnik otwartego okna<br>7) Zabezpieczenie przed przegrzaniem<br>8) P\u0142omie\u0144 niezale\u017cny od funkcji grzania<br><br><br><br><br><\/figcaption><\/figure><\/div>\n\n\n\n<p class=\"has-text-align-center\"><strong><em>Wymiary:<\/em><\/strong><\/p>\n\n\n\n<p class=\"has-text-align-center\"><strong><em>Obudowa:<\/em><\/strong><em>\u00a0 szeroko\u015b\u0107:103,5, wysoko\u015b\u0107:100, g\u0142\u0119boko\u015b\u0107: 31,5 cm<\/em><\/p>\n\n\n\n<div class=\"wp-block-image\"><figure class=\"aligncenter size-large is-resized\"><img loading=\"lazy\" decoding=\"async\" src=\"https:\/\/kominki-elektryczne.pl\/blog\/wp-content\/uploads\/2021\/07\/Vilano.png\" alt=\"\" class=\"wp-image-395\" width=\"478\" height=\"413\" srcset=\"https:\/\/kominki-elektryczne.pl\/blog\/wp-content\/uploads\/2021\/07\/Vilano.png 737w, https:\/\/kominki-elektryczne.pl\/blog\/wp-content\/uploads\/2021\/07\/Vilano-300x259.png 300w\" sizes=\"auto, (max-width: 478px) 100vw, 478px\" \/><\/figure><\/div>\n\n\n\n<p><\/p>\n\n\n\n<p>Wi\u0119cej na temat komink\u00f3w znajdziecie tutaj:<br>https:\/\/www.kominki-elektryczne.pl\/pl\/<\/p>\n","protected":false},"excerpt":{"rendered":"<p>Witajcie, Do naszego sklepu powr\u00f3ci\u0142 d\u0142ugo wyczekiwany i wyt\u0119skniony BESTSELLER! Kominek Genius ju\u017c dostepny Tym razem w dw\u00f3ch wersjach \ud83d\ude09 Kominek elektryczny LED kamienny Genius 2D i 3D, jest to wyj\u0105tkowy kominek, kt\u00f3ry niesamowicie wygl\u0105da w ka\u017cdym wn\u0119trzu i nadaje mu klimatu. Jego obudowa&nbsp;jest stworzona &hellip; <\/p>\n","protected":false},"author":1,"featured_media":0,"comment_status":"closed","ping_status":"closed","sticky":false,"template":"","format":"standard","meta":{"footnotes":""},"categories":[1],"tags":[72,73,74,75,63,77,78,68],"class_list":["post-372","post","type-post","status-publish","format-standard","hentry","category-bez-kategorii","tag-genius","tag-genius-2d","tag-genius-3d","tag-kominek-elektryczny-genius","tag-kominek-elektryczny","tag-kominek-elektryczny-genius-2d","tag-kominek-elektryczny-genius-3d","tag-kominek-elektryczny-led"],"yoast_head":"<!-- This site is optimized with the Yoast SEO plugin v25.7 - https:\/\/yoast.com\/wordpress\/plugins\/seo\/ -->\n<title>Bestseller powr\u00f3ci\u0142 - GENIUS 2D i 3D - Kominki-Elektryczne.pl<\/title>\n<meta name=\"robots\" content=\"index, follow, max-snippet:-1, max-image-preview:large, max-video-preview:-1\" \/>\n<link rel=\"canonical\" href=\"https:\/\/kominki-elektryczne.pl\/blog\/2021\/07\/27\/bestseller-powrocil-genius-2d-i-3d\/\" \/>\n<meta property=\"og:locale\" content=\"pl_PL\" \/>\n<meta property=\"og:type\" content=\"article\" \/>\n<meta property=\"og:title\" content=\"Bestseller powr\u00f3ci\u0142 - GENIUS 2D i 3D - Kominki-Elektryczne.pl\" \/>\n<meta property=\"og:description\" content=\"Witajcie, Do naszego sklepu powr\u00f3ci\u0142 d\u0142ugo wyczekiwany i wyt\u0119skniony BESTSELLER! Kominek Genius ju\u017c dostepny Tym razem w dw\u00f3ch wersjach \ud83d\ude09 Kominek elektryczny LED kamienny Genius 2D i 3D, jest to wyj\u0105tkowy kominek, kt\u00f3ry niesamowicie wygl\u0105da w ka\u017cdym wn\u0119trzu i nadaje mu klimatu. Jego obudowa&nbsp;jest stworzona &hellip;\" \/>\n<meta property=\"og:url\" content=\"https:\/\/kominki-elektryczne.pl\/blog\/2021\/07\/27\/bestseller-powrocil-genius-2d-i-3d\/\" \/>\n<meta property=\"og:site_name\" content=\"Kominki-Elektryczne.pl\" \/>\n<meta property=\"article:publisher\" content=\"https:\/\/www.facebook.com\/elektrycznekominki\" \/>\n<meta property=\"article:published_time\" content=\"2021-07-27T13:15:36+00:00\" \/>\n<meta property=\"article:modified_time\" content=\"2024-10-08T10:14:47+00:00\" \/>\n<meta property=\"og:image\" content=\"https:\/\/kominki-elektryczne.pl\/blog\/wp-content\/uploads\/2021\/07\/kominek-elektryczny-kamienny-genius-3d-aflamo.jpg\" \/>\n\t<meta property=\"og:image:width\" content=\"800\" \/>\n\t<meta property=\"og:image:height\" content=\"800\" \/>\n\t<meta property=\"og:image:type\" content=\"image\/jpeg\" \/>\n<meta name=\"author\" content=\"Kominkowy\" \/>\n<meta name=\"twitter:card\" content=\"summary_large_image\" \/>\n<meta name=\"twitter:label1\" content=\"Napisane przez\" \/>\n\t<meta name=\"twitter:data1\" content=\"Kominkowy\" \/>\n\t<meta name=\"twitter:label2\" content=\"Szacowany czas czytania\" \/>\n\t<meta name=\"twitter:data2\" content=\"1 minuta\" \/>\n<script type=\"application\/ld+json\" class=\"yoast-schema-graph\">{\"@context\":\"https:\/\/schema.org\",\"@graph\":[{\"@type\":\"Article\",\"@id\":\"https:\/\/kominki-elektryczne.pl\/blog\/2021\/07\/27\/bestseller-powrocil-genius-2d-i-3d\/#article\",\"isPartOf\":{\"@id\":\"https:\/\/kominki-elektryczne.pl\/blog\/2021\/07\/27\/bestseller-powrocil-genius-2d-i-3d\/\"},\"author\":{\"name\":\"Kominkowy\",\"@id\":\"https:\/\/kominki-elektryczne.pl\/blog\/#\/schema\/person\/045e7544e3e90364f5f82cc509123089\"},\"headline\":\"Bestseller powr\u00f3ci\u0142 &#8211; GENIUS 2D i 3D\",\"datePublished\":\"2021-07-27T13:15:36+00:00\",\"dateModified\":\"2024-10-08T10:14:47+00:00\",\"mainEntityOfPage\":{\"@id\":\"https:\/\/kominki-elektryczne.pl\/blog\/2021\/07\/27\/bestseller-powrocil-genius-2d-i-3d\/\"},\"wordCount\":297,\"publisher\":{\"@id\":\"https:\/\/kominki-elektryczne.pl\/blog\/#organization\"},\"image\":{\"@id\":\"https:\/\/kominki-elektryczne.pl\/blog\/2021\/07\/27\/bestseller-powrocil-genius-2d-i-3d\/#primaryimage\"},\"thumbnailUrl\":\"https:\/\/kominki-elektryczne.pl\/blog\/wp-content\/uploads\/2021\/07\/kominek-elektryczny-kamienny-genius-3d-aflamo.jpg\",\"keywords\":[\"genius\",\"genius 2d\",\"genius 3d\",\"kominek e;lektryczny genius\",\"kominek elektryczny\",\"kominek elektryczny GENIUS 2D\",\"KOMINEK ELEKTRYCZNY GENIUS 3D\",\"kominek elektryczny led\"],\"inLanguage\":\"pl-PL\"},{\"@type\":\"WebPage\",\"@id\":\"https:\/\/kominki-elektryczne.pl\/blog\/2021\/07\/27\/bestseller-powrocil-genius-2d-i-3d\/\",\"url\":\"https:\/\/kominki-elektryczne.pl\/blog\/2021\/07\/27\/bestseller-powrocil-genius-2d-i-3d\/\",\"name\":\"Bestseller powr\u00f3ci\u0142 - GENIUS 2D i 3D - Kominki-Elektryczne.pl\",\"isPartOf\":{\"@id\":\"https:\/\/kominki-elektryczne.pl\/blog\/#website\"},\"primaryImageOfPage\":{\"@id\":\"https:\/\/kominki-elektryczne.pl\/blog\/2021\/07\/27\/bestseller-powrocil-genius-2d-i-3d\/#primaryimage\"},\"image\":{\"@id\":\"https:\/\/kominki-elektryczne.pl\/blog\/2021\/07\/27\/bestseller-powrocil-genius-2d-i-3d\/#primaryimage\"},\"thumbnailUrl\":\"https:\/\/kominki-elektryczne.pl\/blog\/wp-content\/uploads\/2021\/07\/kominek-elektryczny-kamienny-genius-3d-aflamo.jpg\",\"datePublished\":\"2021-07-27T13:15:36+00:00\",\"dateModified\":\"2024-10-08T10:14:47+00:00\",\"breadcrumb\":{\"@id\":\"https:\/\/kominki-elektryczne.pl\/blog\/2021\/07\/27\/bestseller-powrocil-genius-2d-i-3d\/#breadcrumb\"},\"inLanguage\":\"pl-PL\",\"potentialAction\":[{\"@type\":\"ReadAction\",\"target\":[\"https:\/\/kominki-elektryczne.pl\/blog\/2021\/07\/27\/bestseller-powrocil-genius-2d-i-3d\/\"]}]},{\"@type\":\"ImageObject\",\"inLanguage\":\"pl-PL\",\"@id\":\"https:\/\/kominki-elektryczne.pl\/blog\/2021\/07\/27\/bestseller-powrocil-genius-2d-i-3d\/#primaryimage\",\"url\":\"https:\/\/kominki-elektryczne.pl\/blog\/wp-content\/uploads\/2021\/07\/kominek-elektryczny-kamienny-genius-3d-aflamo.jpg\",\"contentUrl\":\"https:\/\/kominki-elektryczne.pl\/blog\/wp-content\/uploads\/2021\/07\/kominek-elektryczny-kamienny-genius-3d-aflamo.jpg\",\"width\":800,\"height\":800},{\"@type\":\"BreadcrumbList\",\"@id\":\"https:\/\/kominki-elektryczne.pl\/blog\/2021\/07\/27\/bestseller-powrocil-genius-2d-i-3d\/#breadcrumb\",\"itemListElement\":[{\"@type\":\"ListItem\",\"position\":1,\"name\":\"Strona g\u0142\u00f3wna\",\"item\":\"https:\/\/kominki-elektryczne.pl\/blog\/\"},{\"@type\":\"ListItem\",\"position\":2,\"name\":\"Bestseller powr\u00f3ci\u0142 &#8211; GENIUS 2D i 3D\"}]},{\"@type\":\"WebSite\",\"@id\":\"https:\/\/kominki-elektryczne.pl\/blog\/#website\",\"url\":\"https:\/\/kominki-elektryczne.pl\/blog\/\",\"name\":\"Kominki-Elektryczne.pl\",\"description\":\"Opisy - Porady - Recenzje\",\"publisher\":{\"@id\":\"https:\/\/kominki-elektryczne.pl\/blog\/#organization\"},\"potentialAction\":[{\"@type\":\"SearchAction\",\"target\":{\"@type\":\"EntryPoint\",\"urlTemplate\":\"https:\/\/kominki-elektryczne.pl\/blog\/?s={search_term_string}\"},\"query-input\":{\"@type\":\"PropertyValueSpecification\",\"valueRequired\":true,\"valueName\":\"search_term_string\"}}],\"inLanguage\":\"pl-PL\"},{\"@type\":\"Organization\",\"@id\":\"https:\/\/kominki-elektryczne.pl\/blog\/#organization\",\"name\":\"Kominki-Elektryczne.pl\",\"url\":\"https:\/\/kominki-elektryczne.pl\/blog\/\",\"logo\":{\"@type\":\"ImageObject\",\"inLanguage\":\"pl-PL\",\"@id\":\"https:\/\/kominki-elektryczne.pl\/blog\/#\/schema\/logo\/image\/\",\"url\":\"https:\/\/kominki-elektryczne.pl\/blog\/wp-content\/uploads\/2025\/04\/cropped-LogoAflamo.jpg\",\"contentUrl\":\"https:\/\/kominki-elektryczne.pl\/blog\/wp-content\/uploads\/2025\/04\/cropped-LogoAflamo.jpg\",\"width\":200,\"height\":58,\"caption\":\"Kominki-Elektryczne.pl\"},\"image\":{\"@id\":\"https:\/\/kominki-elektryczne.pl\/blog\/#\/schema\/logo\/image\/\"},\"sameAs\":[\"https:\/\/www.facebook.com\/elektrycznekominki\"]},{\"@type\":\"Person\",\"@id\":\"https:\/\/kominki-elektryczne.pl\/blog\/#\/schema\/person\/045e7544e3e90364f5f82cc509123089\",\"name\":\"Kominkowy\",\"image\":{\"@type\":\"ImageObject\",\"inLanguage\":\"pl-PL\",\"@id\":\"https:\/\/kominki-elektryczne.pl\/blog\/#\/schema\/person\/image\/\",\"url\":\"https:\/\/secure.gravatar.com\/avatar\/8c15720599195e8ba4119df2db28ce7e?s=96&d=mm&r=g\",\"contentUrl\":\"https:\/\/secure.gravatar.com\/avatar\/8c15720599195e8ba4119df2db28ce7e?s=96&d=mm&r=g\",\"caption\":\"Kominkowy\"},\"sameAs\":[\"http:\/\/www.kominki-elektryczne.pl\"],\"url\":\"https:\/\/kominki-elektryczne.pl\/blog\/author\/led-handel\/\"}]}<\/script>\n<!-- \/ Yoast SEO plugin. -->","yoast_head_json":{"title":"Bestseller powr\u00f3ci\u0142 - GENIUS 2D i 3D - Kominki-Elektryczne.pl","robots":{"index":"index","follow":"follow","max-snippet":"max-snippet:-1","max-image-preview":"max-image-preview:large","max-video-preview":"max-video-preview:-1"},"canonical":"https:\/\/kominki-elektryczne.pl\/blog\/2021\/07\/27\/bestseller-powrocil-genius-2d-i-3d\/","og_locale":"pl_PL","og_type":"article","og_title":"Bestseller powr\u00f3ci\u0142 - GENIUS 2D i 3D - Kominki-Elektryczne.pl","og_description":"Witajcie, Do naszego sklepu powr\u00f3ci\u0142 d\u0142ugo wyczekiwany i wyt\u0119skniony BESTSELLER! Kominek Genius ju\u017c dostepny Tym razem w dw\u00f3ch wersjach \ud83d\ude09 Kominek elektryczny LED kamienny Genius 2D i 3D, jest to wyj\u0105tkowy kominek, kt\u00f3ry niesamowicie wygl\u0105da w ka\u017cdym wn\u0119trzu i nadaje mu klimatu. Jego obudowa&nbsp;jest stworzona &hellip;","og_url":"https:\/\/kominki-elektryczne.pl\/blog\/2021\/07\/27\/bestseller-powrocil-genius-2d-i-3d\/","og_site_name":"Kominki-Elektryczne.pl","article_publisher":"https:\/\/www.facebook.com\/elektrycznekominki","article_published_time":"2021-07-27T13:15:36+00:00","article_modified_time":"2024-10-08T10:14:47+00:00","og_image":[{"width":800,"height":800,"url":"https:\/\/kominki-elektryczne.pl\/blog\/wp-content\/uploads\/2021\/07\/kominek-elektryczny-kamienny-genius-3d-aflamo.jpg","type":"image\/jpeg"}],"author":"Kominkowy","twitter_card":"summary_large_image","twitter_misc":{"Napisane przez":"Kominkowy","Szacowany czas czytania":"1 minuta"},"schema":{"@context":"https:\/\/schema.org","@graph":[{"@type":"Article","@id":"https:\/\/kominki-elektryczne.pl\/blog\/2021\/07\/27\/bestseller-powrocil-genius-2d-i-3d\/#article","isPartOf":{"@id":"https:\/\/kominki-elektryczne.pl\/blog\/2021\/07\/27\/bestseller-powrocil-genius-2d-i-3d\/"},"author":{"name":"Kominkowy","@id":"https:\/\/kominki-elektryczne.pl\/blog\/#\/schema\/person\/045e7544e3e90364f5f82cc509123089"},"headline":"Bestseller powr\u00f3ci\u0142 &#8211; GENIUS 2D i 3D","datePublished":"2021-07-27T13:15:36+00:00","dateModified":"2024-10-08T10:14:47+00:00","mainEntityOfPage":{"@id":"https:\/\/kominki-elektryczne.pl\/blog\/2021\/07\/27\/bestseller-powrocil-genius-2d-i-3d\/"},"wordCount":297,"publisher":{"@id":"https:\/\/kominki-elektryczne.pl\/blog\/#organization"},"image":{"@id":"https:\/\/kominki-elektryczne.pl\/blog\/2021\/07\/27\/bestseller-powrocil-genius-2d-i-3d\/#primaryimage"},"thumbnailUrl":"https:\/\/kominki-elektryczne.pl\/blog\/wp-content\/uploads\/2021\/07\/kominek-elektryczny-kamienny-genius-3d-aflamo.jpg","keywords":["genius","genius 2d","genius 3d","kominek e;lektryczny genius","kominek elektryczny","kominek elektryczny GENIUS 2D","KOMINEK ELEKTRYCZNY GENIUS 3D","kominek elektryczny led"],"inLanguage":"pl-PL"},{"@type":"WebPage","@id":"https:\/\/kominki-elektryczne.pl\/blog\/2021\/07\/27\/bestseller-powrocil-genius-2d-i-3d\/","url":"https:\/\/kominki-elektryczne.pl\/blog\/2021\/07\/27\/bestseller-powrocil-genius-2d-i-3d\/","name":"Bestseller powr\u00f3ci\u0142 - GENIUS 2D i 3D - Kominki-Elektryczne.pl","isPartOf":{"@id":"https:\/\/kominki-elektryczne.pl\/blog\/#website"},"primaryImageOfPage":{"@id":"https:\/\/kominki-elektryczne.pl\/blog\/2021\/07\/27\/bestseller-powrocil-genius-2d-i-3d\/#primaryimage"},"image":{"@id":"https:\/\/kominki-elektryczne.pl\/blog\/2021\/07\/27\/bestseller-powrocil-genius-2d-i-3d\/#primaryimage"},"thumbnailUrl":"https:\/\/kominki-elektryczne.pl\/blog\/wp-content\/uploads\/2021\/07\/kominek-elektryczny-kamienny-genius-3d-aflamo.jpg","datePublished":"2021-07-27T13:15:36+00:00","dateModified":"2024-10-08T10:14:47+00:00","breadcrumb":{"@id":"https:\/\/kominki-elektryczne.pl\/blog\/2021\/07\/27\/bestseller-powrocil-genius-2d-i-3d\/#breadcrumb"},"inLanguage":"pl-PL","potentialAction":[{"@type":"ReadAction","target":["https:\/\/kominki-elektryczne.pl\/blog\/2021\/07\/27\/bestseller-powrocil-genius-2d-i-3d\/"]}]},{"@type":"ImageObject","inLanguage":"pl-PL","@id":"https:\/\/kominki-elektryczne.pl\/blog\/2021\/07\/27\/bestseller-powrocil-genius-2d-i-3d\/#primaryimage","url":"https:\/\/kominki-elektryczne.pl\/blog\/wp-content\/uploads\/2021\/07\/kominek-elektryczny-kamienny-genius-3d-aflamo.jpg","contentUrl":"https:\/\/kominki-elektryczne.pl\/blog\/wp-content\/uploads\/2021\/07\/kominek-elektryczny-kamienny-genius-3d-aflamo.jpg","width":800,"height":800},{"@type":"BreadcrumbList","@id":"https:\/\/kominki-elektryczne.pl\/blog\/2021\/07\/27\/bestseller-powrocil-genius-2d-i-3d\/#breadcrumb","itemListElement":[{"@type":"ListItem","position":1,"name":"Strona g\u0142\u00f3wna","item":"https:\/\/kominki-elektryczne.pl\/blog\/"},{"@type":"ListItem","position":2,"name":"Bestseller powr\u00f3ci\u0142 &#8211; GENIUS 2D i 3D"}]},{"@type":"WebSite","@id":"https:\/\/kominki-elektryczne.pl\/blog\/#website","url":"https:\/\/kominki-elektryczne.pl\/blog\/","name":"Kominki-Elektryczne.pl","description":"Opisy - Porady - Recenzje","publisher":{"@id":"https:\/\/kominki-elektryczne.pl\/blog\/#organization"},"potentialAction":[{"@type":"SearchAction","target":{"@type":"EntryPoint","urlTemplate":"https:\/\/kominki-elektryczne.pl\/blog\/?s={search_term_string}"},"query-input":{"@type":"PropertyValueSpecification","valueRequired":true,"valueName":"search_term_string"}}],"inLanguage":"pl-PL"},{"@type":"Organization","@id":"https:\/\/kominki-elektryczne.pl\/blog\/#organization","name":"Kominki-Elektryczne.pl","url":"https:\/\/kominki-elektryczne.pl\/blog\/","logo":{"@type":"ImageObject","inLanguage":"pl-PL","@id":"https:\/\/kominki-elektryczne.pl\/blog\/#\/schema\/logo\/image\/","url":"https:\/\/kominki-elektryczne.pl\/blog\/wp-content\/uploads\/2025\/04\/cropped-LogoAflamo.jpg","contentUrl":"https:\/\/kominki-elektryczne.pl\/blog\/wp-content\/uploads\/2025\/04\/cropped-LogoAflamo.jpg","width":200,"height":58,"caption":"Kominki-Elektryczne.pl"},"image":{"@id":"https:\/\/kominki-elektryczne.pl\/blog\/#\/schema\/logo\/image\/"},"sameAs":["https:\/\/www.facebook.com\/elektrycznekominki"]},{"@type":"Person","@id":"https:\/\/kominki-elektryczne.pl\/blog\/#\/schema\/person\/045e7544e3e90364f5f82cc509123089","name":"Kominkowy","image":{"@type":"ImageObject","inLanguage":"pl-PL","@id":"https:\/\/kominki-elektryczne.pl\/blog\/#\/schema\/person\/image\/","url":"https:\/\/secure.gravatar.com\/avatar\/8c15720599195e8ba4119df2db28ce7e?s=96&d=mm&r=g","contentUrl":"https:\/\/secure.gravatar.com\/avatar\/8c15720599195e8ba4119df2db28ce7e?s=96&d=mm&r=g","caption":"Kominkowy"},"sameAs":["http:\/\/www.kominki-elektryczne.pl"],"url":"https:\/\/kominki-elektryczne.pl\/blog\/author\/led-handel\/"}]}},"_links":{"self":[{"href":"https:\/\/kominki-elektryczne.pl\/blog\/wp-json\/wp\/v2\/posts\/372","targetHints":{"allow":["GET"]}}],"collection":[{"href":"https:\/\/kominki-elektryczne.pl\/blog\/wp-json\/wp\/v2\/posts"}],"about":[{"href":"https:\/\/kominki-elektryczne.pl\/blog\/wp-json\/wp\/v2\/types\/post"}],"author":[{"embeddable":true,"href":"https:\/\/kominki-elektryczne.pl\/blog\/wp-json\/wp\/v2\/users\/1"}],"replies":[{"embeddable":true,"href":"https:\/\/kominki-elektryczne.pl\/blog\/wp-json\/wp\/v2\/comments?post=372"}],"version-history":[{"count":3,"href":"https:\/\/kominki-elektryczne.pl\/blog\/wp-json\/wp\/v2\/posts\/372\/revisions"}],"predecessor-version":[{"id":396,"href":"https:\/\/kominki-elektryczne.pl\/blog\/wp-json\/wp\/v2\/posts\/372\/revisions\/396"}],"wp:attachment":[{"href":"https:\/\/kominki-elektryczne.pl\/blog\/wp-json\/wp\/v2\/media?parent=372"}],"wp:term":[{"taxonomy":"category","embeddable":true,"href":"https:\/\/kominki-elektryczne.pl\/blog\/wp-json\/wp\/v2\/categories?post=372"},{"taxonomy":"post_tag","embeddable":true,"href":"https:\/\/kominki-elektryczne.pl\/blog\/wp-json\/wp\/v2\/tags?post=372"}],"curies":[{"name":"wp","href":"https:\/\/api.w.org\/{rel}","templated":true}]}}