{"id":373,"date":"2021-07-28T11:05:07","date_gmt":"2021-07-28T09:05:07","guid":{"rendered":"https:\/\/kominki-elektryczne.pl\/blog\/?p=373"},"modified":"2024-10-08T12:14:47","modified_gmt":"2024-10-08T10:14:47","slug":"nowosc-wsrod-kominkow-kamiennych-stones-2d","status":"publish","type":"post","link":"https:\/\/kominki-elektryczne.pl\/blog\/2021\/07\/28\/nowosc-wsrod-kominkow-kamiennych-stones-2d\/","title":{"rendered":"Nowo\u015b\u0107 w\u015br\u00f3d komink\u00f3w kamiennych- Stones 2D"},"content":{"rendered":"\n<p>Witajcie,<br><br>Na stronie <a rel=\"noreferrer noopener\" href=\"https:\/\/www.kominki-elektryczne.pl\/pl\/\" target=\"_blank\">kominki-elektryczne.net<\/a> nie dawno pojawi\u0142a si\u0119 zupe\u0142na nowo\u015b\u0107! Kominek elektryczny kamienny Stones 2D<br><\/p>\n\n\n\n<div class=\"wp-block-image\"><figure class=\"aligncenter size-large is-resized\"><img loading=\"lazy\" decoding=\"async\" src=\"https:\/\/kominki-elektryczne.pl\/blog\/wp-content\/uploads\/2021\/07\/kominek-elektryczny-kamienny-stones-2d-aflamo.jpg\" alt=\"\" class=\"wp-image-390\" width=\"478\" height=\"478\" srcset=\"https:\/\/kominki-elektryczne.pl\/blog\/wp-content\/uploads\/2021\/07\/kominek-elektryczny-kamienny-stones-2d-aflamo.jpg 800w, https:\/\/kominki-elektryczne.pl\/blog\/wp-content\/uploads\/2021\/07\/kominek-elektryczny-kamienny-stones-2d-aflamo-300x300.jpg 300w, https:\/\/kominki-elektryczne.pl\/blog\/wp-content\/uploads\/2021\/07\/kominek-elektryczny-kamienny-stones-2d-aflamo-150x150.jpg 150w, https:\/\/kominki-elektryczne.pl\/blog\/wp-content\/uploads\/2021\/07\/kominek-elektryczny-kamienny-stones-2d-aflamo-768x768.jpg 768w, https:\/\/kominki-elektryczne.pl\/blog\/wp-content\/uploads\/2021\/07\/kominek-elektryczny-kamienny-stones-2d-aflamo-100x100.jpg 100w\" sizes=\"auto, (max-width: 478px) 100vw, 478px\" \/><figcaption><a href=\"https:\/\/www.kominki-elektryczne.pl\/pl\/glowna\/530-kominek-elektryczny-kamienny-stones-2d-aflamo.html\" target=\"_blank\" rel=\"noreferrer noopener\">Kominek elektryczny Stones 2D<\/a><\/figcaption><\/figure><\/div>\n\n\n\n<p><a href=\"https:\/\/www.kominki-elektryczne.pl\/pl\/glowna\/530-kominek-elektryczny-kamienny-stones-2d-aflamo.html\" target=\"_blank\" rel=\"noreferrer noopener\">Kominek elektryczny LED kamienny Stones 2D<\/a>, jest to wyj\u0105tkowy kominek, kt\u00f3ry niesamowicie wygl\u0105da w ka\u017cdym wn\u0119trzu i nadaje mu klimatu.<br>Jego obudowa\u00a0jest stworzona z forniru kamiennego, kt\u00f3rego kolory s\u0105 bardzo starannie dobrane,<br>aby wygl\u0105da\u0142y jakby by\u0142y r\u0119cznie u\u0142o\u017cone przez profesjonalnego kamieniarza. Drewniany top jak i sp\u00f3d s\u0105 rustykalnie<br>wyko\u0144czone w kolorze kawowym i idealnie komponuj\u0105 si\u0119 z jego wyj\u0105tkowym kamiennym wygl\u0105dem.\u00a0<br>Kominek ten nie ma du\u017cych wymiar\u00f3w, dzi\u0119ki czemu zmie\u015bci si\u0119 w nawet najbardziej wymagaj\u0105cym mieszkaniu<br>Kominek elektryczny LED kamienny Stones 2D, jest to wyj\u0105tkowy kominek, kt\u00f3ry niesamowicie wygl\u0105da w ka\u017cdym wn\u0119trzu i nadaje mu klimatu.<\/p>\n\n\n\n<div class=\"wp-block-image\"><figure class=\"aligncenter size-large\"><img loading=\"lazy\" decoding=\"async\" width=\"442\" height=\"271\" src=\"https:\/\/kominki-elektryczne.pl\/blog\/wp-content\/uploads\/2021\/07\/led-50.png\" alt=\"\" class=\"wp-image-391\" srcset=\"https:\/\/kominki-elektryczne.pl\/blog\/wp-content\/uploads\/2021\/07\/led-50.png 442w, https:\/\/kominki-elektryczne.pl\/blog\/wp-content\/uploads\/2021\/07\/led-50-300x184.png 300w\" sizes=\"auto, (max-width: 442px) 100vw, 442px\" \/><figcaption><a href=\"https:\/\/www.kominki-elektryczne.pl\/pl\/glowna\/152-wklad-kominkowy-aflamo-led-50.html?search_query=led+50&amp;results=46\" target=\"_blank\" rel=\"noreferrer noopener\">Wk\u0142ad led 50<\/a><\/figcaption><\/figure><\/div>\n\n\n\n<h5 class=\"has-text-align-center wp-block-heading\">Wk\u0142ad LED 50 Classic<\/h5>\n\n\n\n<ol class=\"wp-block-list\"><li>Realistyczny i energooszcz\u0119dny p\u0142omie\u0144 w kolorach:&nbsp;pomara\u0144czowym, \u017c\u00f3\u0142tym i pomara\u0144czowo \u2013 \u017c\u00f3\u0142tym,&nbsp;5 jasno\u015bci p\u0142omienia, 5 jasno\u015bci paleniska<\/li><li>Czujnik otwartego okna<\/li><li>2 poziomy mocy grzewczej:&nbsp;900 \/ 1800 W<\/li><li>Funkcja grzania z regulacj\u0105 temperatury od 18 do 27\u00b0C<\/li><li>Pilot zdalnego sterowania<\/li><\/ol>\n\n\n\n<p class=\"has-text-align-center\"><strong><em>Wymiary:<\/em><\/strong><\/p>\n\n\n\n<p class=\"has-text-align-center\"><strong><em>Obudowa:<\/em><\/strong><em>\u00a0wysoko\u015b\u0107:\u00a0100cm, szeroko\u015b\u0107: 90cm, g\u0142\u0119boko\u015b\u0107:\u00a031,5cm<\/em><\/p>\n\n\n\n<div class=\"wp-block-image\"><figure class=\"aligncenter size-large\"><img loading=\"lazy\" decoding=\"async\" width=\"589\" height=\"416\" src=\"https:\/\/kominki-elektryczne.pl\/blog\/wp-content\/uploads\/2021\/07\/Bez-tytulu.png\" alt=\"\" class=\"wp-image-392\" srcset=\"https:\/\/kominki-elektryczne.pl\/blog\/wp-content\/uploads\/2021\/07\/Bez-tytulu.png 589w, https:\/\/kominki-elektryczne.pl\/blog\/wp-content\/uploads\/2021\/07\/Bez-tytulu-300x212.png 300w\" sizes=\"auto, (max-width: 589px) 100vw, 589px\" \/><\/figure><\/div>\n\n\n\n<p>Po wi\u0119cej modeli komink\u00f3w zapraszamy na nasza stron\u0119:<br>https:\/\/www.kominki-elektryczne.pl\/pl\/<\/p>\n","protected":false},"excerpt":{"rendered":"<p>Witajcie, Na stronie kominki-elektryczne.net nie dawno pojawi\u0142a si\u0119 zupe\u0142na nowo\u015b\u0107! Kominek elektryczny kamienny Stones 2D Kominek elektryczny LED kamienny Stones 2D, jest to wyj\u0105tkowy kominek, kt\u00f3ry niesamowicie wygl\u0105da w ka\u017cdym wn\u0119trzu i nadaje mu klimatu.Jego obudowa\u00a0jest stworzona z forniru kamiennego, kt\u00f3rego kolory s\u0105 bardzo starannie &hellip; <\/p>\n","protected":false},"author":1,"featured_media":0,"comment_status":"closed","ping_status":"closed","sticky":false,"template":"","format":"standard","meta":{"footnotes":""},"categories":[1],"tags":[68,69,67,70,71,64,65,66],"class_list":["post-373","post","type-post","status-publish","format-standard","hentry","category-bez-kategorii","tag-kominek-elektryczny-led","tag-kominek-elektryczny-stones-2d","tag-kominek-elektrycznyu","tag-kominek-kamienny","tag-kominek-z-obudowa","tag-nowosc","tag-stones","tag-stones-2d"],"yoast_head":"<!-- This site is optimized with the Yoast SEO plugin v25.7 - https:\/\/yoast.com\/wordpress\/plugins\/seo\/ -->\n<title>Nowo\u015b\u0107 w\u015br\u00f3d komink\u00f3w kamiennych- Stones 2D - Kominki-Elektryczne.pl<\/title>\n<meta name=\"robots\" content=\"index, follow, max-snippet:-1, max-image-preview:large, max-video-preview:-1\" \/>\n<link rel=\"canonical\" href=\"https:\/\/kominki-elektryczne.pl\/blog\/2021\/07\/28\/nowosc-wsrod-kominkow-kamiennych-stones-2d\/\" \/>\n<meta property=\"og:locale\" content=\"pl_PL\" \/>\n<meta property=\"og:type\" content=\"article\" \/>\n<meta property=\"og:title\" content=\"Nowo\u015b\u0107 w\u015br\u00f3d komink\u00f3w kamiennych- Stones 2D - Kominki-Elektryczne.pl\" \/>\n<meta property=\"og:description\" content=\"Witajcie, Na stronie kominki-elektryczne.net nie dawno pojawi\u0142a si\u0119 zupe\u0142na nowo\u015b\u0107! Kominek elektryczny kamienny Stones 2D Kominek elektryczny LED kamienny Stones 2D, jest to wyj\u0105tkowy kominek, kt\u00f3ry niesamowicie wygl\u0105da w ka\u017cdym wn\u0119trzu i nadaje mu klimatu.Jego obudowa\u00a0jest stworzona z forniru kamiennego, kt\u00f3rego kolory s\u0105 bardzo starannie &hellip;\" \/>\n<meta property=\"og:url\" content=\"https:\/\/kominki-elektryczne.pl\/blog\/2021\/07\/28\/nowosc-wsrod-kominkow-kamiennych-stones-2d\/\" \/>\n<meta property=\"og:site_name\" content=\"Kominki-Elektryczne.pl\" \/>\n<meta property=\"article:publisher\" content=\"https:\/\/www.facebook.com\/elektrycznekominki\" \/>\n<meta property=\"article:published_time\" content=\"2021-07-28T09:05:07+00:00\" \/>\n<meta property=\"article:modified_time\" content=\"2024-10-08T10:14:47+00:00\" \/>\n<meta property=\"og:image\" content=\"https:\/\/kominki-elektryczne.pl\/blog\/wp-content\/uploads\/2021\/07\/kominek-elektryczny-kamienny-stones-2d-aflamo.jpg\" \/>\n\t<meta property=\"og:image:width\" content=\"800\" \/>\n\t<meta property=\"og:image:height\" content=\"800\" \/>\n\t<meta property=\"og:image:type\" content=\"image\/jpeg\" \/>\n<meta name=\"author\" content=\"Kominkowy\" \/>\n<meta name=\"twitter:card\" content=\"summary_large_image\" \/>\n<meta name=\"twitter:label1\" content=\"Napisane przez\" \/>\n\t<meta name=\"twitter:data1\" content=\"Kominkowy\" \/>\n\t<meta name=\"twitter:label2\" content=\"Szacowany czas czytania\" \/>\n\t<meta name=\"twitter:data2\" content=\"1 minuta\" \/>\n<script type=\"application\/ld+json\" class=\"yoast-schema-graph\">{\"@context\":\"https:\/\/schema.org\",\"@graph\":[{\"@type\":\"Article\",\"@id\":\"https:\/\/kominki-elektryczne.pl\/blog\/2021\/07\/28\/nowosc-wsrod-kominkow-kamiennych-stones-2d\/#article\",\"isPartOf\":{\"@id\":\"https:\/\/kominki-elektryczne.pl\/blog\/2021\/07\/28\/nowosc-wsrod-kominkow-kamiennych-stones-2d\/\"},\"author\":{\"name\":\"Kominkowy\",\"@id\":\"https:\/\/kominki-elektryczne.pl\/blog\/#\/schema\/person\/045e7544e3e90364f5f82cc509123089\"},\"headline\":\"Nowo\u015b\u0107 w\u015br\u00f3d komink\u00f3w kamiennych- Stones 2D\",\"datePublished\":\"2021-07-28T09:05:07+00:00\",\"dateModified\":\"2024-10-08T10:14:47+00:00\",\"mainEntityOfPage\":{\"@id\":\"https:\/\/kominki-elektryczne.pl\/blog\/2021\/07\/28\/nowosc-wsrod-kominkow-kamiennych-stones-2d\/\"},\"wordCount\":226,\"publisher\":{\"@id\":\"https:\/\/kominki-elektryczne.pl\/blog\/#organization\"},\"image\":{\"@id\":\"https:\/\/kominki-elektryczne.pl\/blog\/2021\/07\/28\/nowosc-wsrod-kominkow-kamiennych-stones-2d\/#primaryimage\"},\"thumbnailUrl\":\"https:\/\/kominki-elektryczne.pl\/blog\/wp-content\/uploads\/2021\/07\/kominek-elektryczny-kamienny-stones-2d-aflamo.jpg\",\"keywords\":[\"kominek elektryczny led\",\"kominek elektryczny stones 2d\",\"kominek elektrycznyu\",\"kominek kamienny\",\"kominek z obudow\u0105\",\"nowo\u015bc\",\"stones\",\"stones 2d\"],\"inLanguage\":\"pl-PL\"},{\"@type\":\"WebPage\",\"@id\":\"https:\/\/kominki-elektryczne.pl\/blog\/2021\/07\/28\/nowosc-wsrod-kominkow-kamiennych-stones-2d\/\",\"url\":\"https:\/\/kominki-elektryczne.pl\/blog\/2021\/07\/28\/nowosc-wsrod-kominkow-kamiennych-stones-2d\/\",\"name\":\"Nowo\u015b\u0107 w\u015br\u00f3d komink\u00f3w kamiennych- Stones 2D - Kominki-Elektryczne.pl\",\"isPartOf\":{\"@id\":\"https:\/\/kominki-elektryczne.pl\/blog\/#website\"},\"primaryImageOfPage\":{\"@id\":\"https:\/\/kominki-elektryczne.pl\/blog\/2021\/07\/28\/nowosc-wsrod-kominkow-kamiennych-stones-2d\/#primaryimage\"},\"image\":{\"@id\":\"https:\/\/kominki-elektryczne.pl\/blog\/2021\/07\/28\/nowosc-wsrod-kominkow-kamiennych-stones-2d\/#primaryimage\"},\"thumbnailUrl\":\"https:\/\/kominki-elektryczne.pl\/blog\/wp-content\/uploads\/2021\/07\/kominek-elektryczny-kamienny-stones-2d-aflamo.jpg\",\"datePublished\":\"2021-07-28T09:05:07+00:00\",\"dateModified\":\"2024-10-08T10:14:47+00:00\",\"breadcrumb\":{\"@id\":\"https:\/\/kominki-elektryczne.pl\/blog\/2021\/07\/28\/nowosc-wsrod-kominkow-kamiennych-stones-2d\/#breadcrumb\"},\"inLanguage\":\"pl-PL\",\"potentialAction\":[{\"@type\":\"ReadAction\",\"target\":[\"https:\/\/kominki-elektryczne.pl\/blog\/2021\/07\/28\/nowosc-wsrod-kominkow-kamiennych-stones-2d\/\"]}]},{\"@type\":\"ImageObject\",\"inLanguage\":\"pl-PL\",\"@id\":\"https:\/\/kominki-elektryczne.pl\/blog\/2021\/07\/28\/nowosc-wsrod-kominkow-kamiennych-stones-2d\/#primaryimage\",\"url\":\"https:\/\/kominki-elektryczne.pl\/blog\/wp-content\/uploads\/2021\/07\/kominek-elektryczny-kamienny-stones-2d-aflamo.jpg\",\"contentUrl\":\"https:\/\/kominki-elektryczne.pl\/blog\/wp-content\/uploads\/2021\/07\/kominek-elektryczny-kamienny-stones-2d-aflamo.jpg\",\"width\":800,\"height\":800},{\"@type\":\"BreadcrumbList\",\"@id\":\"https:\/\/kominki-elektryczne.pl\/blog\/2021\/07\/28\/nowosc-wsrod-kominkow-kamiennych-stones-2d\/#breadcrumb\",\"itemListElement\":[{\"@type\":\"ListItem\",\"position\":1,\"name\":\"Strona g\u0142\u00f3wna\",\"item\":\"https:\/\/kominki-elektryczne.pl\/blog\/\"},{\"@type\":\"ListItem\",\"position\":2,\"name\":\"Nowo\u015b\u0107 w\u015br\u00f3d komink\u00f3w kamiennych- Stones 2D\"}]},{\"@type\":\"WebSite\",\"@id\":\"https:\/\/kominki-elektryczne.pl\/blog\/#website\",\"url\":\"https:\/\/kominki-elektryczne.pl\/blog\/\",\"name\":\"Kominki-Elektryczne.pl\",\"description\":\"Opisy - Porady - Recenzje\",\"publisher\":{\"@id\":\"https:\/\/kominki-elektryczne.pl\/blog\/#organization\"},\"potentialAction\":[{\"@type\":\"SearchAction\",\"target\":{\"@type\":\"EntryPoint\",\"urlTemplate\":\"https:\/\/kominki-elektryczne.pl\/blog\/?s={search_term_string}\"},\"query-input\":{\"@type\":\"PropertyValueSpecification\",\"valueRequired\":true,\"valueName\":\"search_term_string\"}}],\"inLanguage\":\"pl-PL\"},{\"@type\":\"Organization\",\"@id\":\"https:\/\/kominki-elektryczne.pl\/blog\/#organization\",\"name\":\"Kominki-Elektryczne.pl\",\"url\":\"https:\/\/kominki-elektryczne.pl\/blog\/\",\"logo\":{\"@type\":\"ImageObject\",\"inLanguage\":\"pl-PL\",\"@id\":\"https:\/\/kominki-elektryczne.pl\/blog\/#\/schema\/logo\/image\/\",\"url\":\"https:\/\/kominki-elektryczne.pl\/blog\/wp-content\/uploads\/2025\/04\/cropped-LogoAflamo.jpg\",\"contentUrl\":\"https:\/\/kominki-elektryczne.pl\/blog\/wp-content\/uploads\/2025\/04\/cropped-LogoAflamo.jpg\",\"width\":200,\"height\":58,\"caption\":\"Kominki-Elektryczne.pl\"},\"image\":{\"@id\":\"https:\/\/kominki-elektryczne.pl\/blog\/#\/schema\/logo\/image\/\"},\"sameAs\":[\"https:\/\/www.facebook.com\/elektrycznekominki\"]},{\"@type\":\"Person\",\"@id\":\"https:\/\/kominki-elektryczne.pl\/blog\/#\/schema\/person\/045e7544e3e90364f5f82cc509123089\",\"name\":\"Kominkowy\",\"image\":{\"@type\":\"ImageObject\",\"inLanguage\":\"pl-PL\",\"@id\":\"https:\/\/kominki-elektryczne.pl\/blog\/#\/schema\/person\/image\/\",\"url\":\"https:\/\/secure.gravatar.com\/avatar\/8c15720599195e8ba4119df2db28ce7e?s=96&d=mm&r=g\",\"contentUrl\":\"https:\/\/secure.gravatar.com\/avatar\/8c15720599195e8ba4119df2db28ce7e?s=96&d=mm&r=g\",\"caption\":\"Kominkowy\"},\"sameAs\":[\"http:\/\/www.kominki-elektryczne.pl\"],\"url\":\"https:\/\/kominki-elektryczne.pl\/blog\/author\/led-handel\/\"}]}<\/script>\n<!-- \/ Yoast SEO plugin. -->","yoast_head_json":{"title":"Nowo\u015b\u0107 w\u015br\u00f3d komink\u00f3w kamiennych- Stones 2D - Kominki-Elektryczne.pl","robots":{"index":"index","follow":"follow","max-snippet":"max-snippet:-1","max-image-preview":"max-image-preview:large","max-video-preview":"max-video-preview:-1"},"canonical":"https:\/\/kominki-elektryczne.pl\/blog\/2021\/07\/28\/nowosc-wsrod-kominkow-kamiennych-stones-2d\/","og_locale":"pl_PL","og_type":"article","og_title":"Nowo\u015b\u0107 w\u015br\u00f3d komink\u00f3w kamiennych- Stones 2D - Kominki-Elektryczne.pl","og_description":"Witajcie, Na stronie kominki-elektryczne.net nie dawno pojawi\u0142a si\u0119 zupe\u0142na nowo\u015b\u0107! Kominek elektryczny kamienny Stones 2D Kominek elektryczny LED kamienny Stones 2D, jest to wyj\u0105tkowy kominek, kt\u00f3ry niesamowicie wygl\u0105da w ka\u017cdym wn\u0119trzu i nadaje mu klimatu.Jego obudowa\u00a0jest stworzona z forniru kamiennego, kt\u00f3rego kolory s\u0105 bardzo starannie &hellip;","og_url":"https:\/\/kominki-elektryczne.pl\/blog\/2021\/07\/28\/nowosc-wsrod-kominkow-kamiennych-stones-2d\/","og_site_name":"Kominki-Elektryczne.pl","article_publisher":"https:\/\/www.facebook.com\/elektrycznekominki","article_published_time":"2021-07-28T09:05:07+00:00","article_modified_time":"2024-10-08T10:14:47+00:00","og_image":[{"width":800,"height":800,"url":"https:\/\/kominki-elektryczne.pl\/blog\/wp-content\/uploads\/2021\/07\/kominek-elektryczny-kamienny-stones-2d-aflamo.jpg","type":"image\/jpeg"}],"author":"Kominkowy","twitter_card":"summary_large_image","twitter_misc":{"Napisane przez":"Kominkowy","Szacowany czas czytania":"1 minuta"},"schema":{"@context":"https:\/\/schema.org","@graph":[{"@type":"Article","@id":"https:\/\/kominki-elektryczne.pl\/blog\/2021\/07\/28\/nowosc-wsrod-kominkow-kamiennych-stones-2d\/#article","isPartOf":{"@id":"https:\/\/kominki-elektryczne.pl\/blog\/2021\/07\/28\/nowosc-wsrod-kominkow-kamiennych-stones-2d\/"},"author":{"name":"Kominkowy","@id":"https:\/\/kominki-elektryczne.pl\/blog\/#\/schema\/person\/045e7544e3e90364f5f82cc509123089"},"headline":"Nowo\u015b\u0107 w\u015br\u00f3d komink\u00f3w kamiennych- Stones 2D","datePublished":"2021-07-28T09:05:07+00:00","dateModified":"2024-10-08T10:14:47+00:00","mainEntityOfPage":{"@id":"https:\/\/kominki-elektryczne.pl\/blog\/2021\/07\/28\/nowosc-wsrod-kominkow-kamiennych-stones-2d\/"},"wordCount":226,"publisher":{"@id":"https:\/\/kominki-elektryczne.pl\/blog\/#organization"},"image":{"@id":"https:\/\/kominki-elektryczne.pl\/blog\/2021\/07\/28\/nowosc-wsrod-kominkow-kamiennych-stones-2d\/#primaryimage"},"thumbnailUrl":"https:\/\/kominki-elektryczne.pl\/blog\/wp-content\/uploads\/2021\/07\/kominek-elektryczny-kamienny-stones-2d-aflamo.jpg","keywords":["kominek elektryczny led","kominek elektryczny stones 2d","kominek elektrycznyu","kominek kamienny","kominek z obudow\u0105","nowo\u015bc","stones","stones 2d"],"inLanguage":"pl-PL"},{"@type":"WebPage","@id":"https:\/\/kominki-elektryczne.pl\/blog\/2021\/07\/28\/nowosc-wsrod-kominkow-kamiennych-stones-2d\/","url":"https:\/\/kominki-elektryczne.pl\/blog\/2021\/07\/28\/nowosc-wsrod-kominkow-kamiennych-stones-2d\/","name":"Nowo\u015b\u0107 w\u015br\u00f3d komink\u00f3w kamiennych- Stones 2D - Kominki-Elektryczne.pl","isPartOf":{"@id":"https:\/\/kominki-elektryczne.pl\/blog\/#website"},"primaryImageOfPage":{"@id":"https:\/\/kominki-elektryczne.pl\/blog\/2021\/07\/28\/nowosc-wsrod-kominkow-kamiennych-stones-2d\/#primaryimage"},"image":{"@id":"https:\/\/kominki-elektryczne.pl\/blog\/2021\/07\/28\/nowosc-wsrod-kominkow-kamiennych-stones-2d\/#primaryimage"},"thumbnailUrl":"https:\/\/kominki-elektryczne.pl\/blog\/wp-content\/uploads\/2021\/07\/kominek-elektryczny-kamienny-stones-2d-aflamo.jpg","datePublished":"2021-07-28T09:05:07+00:00","dateModified":"2024-10-08T10:14:47+00:00","breadcrumb":{"@id":"https:\/\/kominki-elektryczne.pl\/blog\/2021\/07\/28\/nowosc-wsrod-kominkow-kamiennych-stones-2d\/#breadcrumb"},"inLanguage":"pl-PL","potentialAction":[{"@type":"ReadAction","target":["https:\/\/kominki-elektryczne.pl\/blog\/2021\/07\/28\/nowosc-wsrod-kominkow-kamiennych-stones-2d\/"]}]},{"@type":"ImageObject","inLanguage":"pl-PL","@id":"https:\/\/kominki-elektryczne.pl\/blog\/2021\/07\/28\/nowosc-wsrod-kominkow-kamiennych-stones-2d\/#primaryimage","url":"https:\/\/kominki-elektryczne.pl\/blog\/wp-content\/uploads\/2021\/07\/kominek-elektryczny-kamienny-stones-2d-aflamo.jpg","contentUrl":"https:\/\/kominki-elektryczne.pl\/blog\/wp-content\/uploads\/2021\/07\/kominek-elektryczny-kamienny-stones-2d-aflamo.jpg","width":800,"height":800},{"@type":"BreadcrumbList","@id":"https:\/\/kominki-elektryczne.pl\/blog\/2021\/07\/28\/nowosc-wsrod-kominkow-kamiennych-stones-2d\/#breadcrumb","itemListElement":[{"@type":"ListItem","position":1,"name":"Strona g\u0142\u00f3wna","item":"https:\/\/kominki-elektryczne.pl\/blog\/"},{"@type":"ListItem","position":2,"name":"Nowo\u015b\u0107 w\u015br\u00f3d komink\u00f3w kamiennych- Stones 2D"}]},{"@type":"WebSite","@id":"https:\/\/kominki-elektryczne.pl\/blog\/#website","url":"https:\/\/kominki-elektryczne.pl\/blog\/","name":"Kominki-Elektryczne.pl","description":"Opisy - Porady - Recenzje","publisher":{"@id":"https:\/\/kominki-elektryczne.pl\/blog\/#organization"},"potentialAction":[{"@type":"SearchAction","target":{"@type":"EntryPoint","urlTemplate":"https:\/\/kominki-elektryczne.pl\/blog\/?s={search_term_string}"},"query-input":{"@type":"PropertyValueSpecification","valueRequired":true,"valueName":"search_term_string"}}],"inLanguage":"pl-PL"},{"@type":"Organization","@id":"https:\/\/kominki-elektryczne.pl\/blog\/#organization","name":"Kominki-Elektryczne.pl","url":"https:\/\/kominki-elektryczne.pl\/blog\/","logo":{"@type":"ImageObject","inLanguage":"pl-PL","@id":"https:\/\/kominki-elektryczne.pl\/blog\/#\/schema\/logo\/image\/","url":"https:\/\/kominki-elektryczne.pl\/blog\/wp-content\/uploads\/2025\/04\/cropped-LogoAflamo.jpg","contentUrl":"https:\/\/kominki-elektryczne.pl\/blog\/wp-content\/uploads\/2025\/04\/cropped-LogoAflamo.jpg","width":200,"height":58,"caption":"Kominki-Elektryczne.pl"},"image":{"@id":"https:\/\/kominki-elektryczne.pl\/blog\/#\/schema\/logo\/image\/"},"sameAs":["https:\/\/www.facebook.com\/elektrycznekominki"]},{"@type":"Person","@id":"https:\/\/kominki-elektryczne.pl\/blog\/#\/schema\/person\/045e7544e3e90364f5f82cc509123089","name":"Kominkowy","image":{"@type":"ImageObject","inLanguage":"pl-PL","@id":"https:\/\/kominki-elektryczne.pl\/blog\/#\/schema\/person\/image\/","url":"https:\/\/secure.gravatar.com\/avatar\/8c15720599195e8ba4119df2db28ce7e?s=96&d=mm&r=g","contentUrl":"https:\/\/secure.gravatar.com\/avatar\/8c15720599195e8ba4119df2db28ce7e?s=96&d=mm&r=g","caption":"Kominkowy"},"sameAs":["http:\/\/www.kominki-elektryczne.pl"],"url":"https:\/\/kominki-elektryczne.pl\/blog\/author\/led-handel\/"}]}},"_links":{"self":[{"href":"https:\/\/kominki-elektryczne.pl\/blog\/wp-json\/wp\/v2\/posts\/373","targetHints":{"allow":["GET"]}}],"collection":[{"href":"https:\/\/kominki-elektryczne.pl\/blog\/wp-json\/wp\/v2\/posts"}],"about":[{"href":"https:\/\/kominki-elektryczne.pl\/blog\/wp-json\/wp\/v2\/types\/post"}],"author":[{"embeddable":true,"href":"https:\/\/kominki-elektryczne.pl\/blog\/wp-json\/wp\/v2\/users\/1"}],"replies":[{"embeddable":true,"href":"https:\/\/kominki-elektryczne.pl\/blog\/wp-json\/wp\/v2\/comments?post=373"}],"version-history":[{"count":2,"href":"https:\/\/kominki-elektryczne.pl\/blog\/wp-json\/wp\/v2\/posts\/373\/revisions"}],"predecessor-version":[{"id":393,"href":"https:\/\/kominki-elektryczne.pl\/blog\/wp-json\/wp\/v2\/posts\/373\/revisions\/393"}],"wp:attachment":[{"href":"https:\/\/kominki-elektryczne.pl\/blog\/wp-json\/wp\/v2\/media?parent=373"}],"wp:term":[{"taxonomy":"category","embeddable":true,"href":"https:\/\/kominki-elektryczne.pl\/blog\/wp-json\/wp\/v2\/categories?post=373"},{"taxonomy":"post_tag","embeddable":true,"href":"https:\/\/kominki-elektryczne.pl\/blog\/wp-json\/wp\/v2\/tags?post=373"}],"curies":[{"name":"wp","href":"https:\/\/api.w.org\/{rel}","templated":true}]}}