{"id":455,"date":"2022-01-05T11:28:02","date_gmt":"2022-01-05T10:28:02","guid":{"rendered":"https:\/\/kominki-elektryczne.pl\/blog\/?p=455"},"modified":"2024-10-08T12:14:46","modified_gmt":"2024-10-08T10:14:46","slug":"kominek-elektryczny-led-cortez-aflamo-kominek-wolnostojacy","status":"publish","type":"post","link":"https:\/\/kominki-elektryczne.pl\/blog\/2022\/01\/05\/kominek-elektryczny-led-cortez-aflamo-kominek-wolnostojacy\/","title":{"rendered":"Kominek elektryczny LED Cortez Aflamo &#8211; kominek wolnostoj\u0105cy"},"content":{"rendered":"\n<div class=\"wp-block-image\"><figure class=\"aligncenter size-large is-resized\"><img loading=\"lazy\" decoding=\"async\" src=\"https:\/\/kominki-elektryczne.pl\/blog\/wp-content\/uploads\/2022\/01\/cortez-1024x972.jpg\" alt=\"\" class=\"wp-image-456\" width=\"460\" height=\"437\" srcset=\"https:\/\/kominki-elektryczne.pl\/blog\/wp-content\/uploads\/2022\/01\/cortez-1024x972.jpg 1024w, https:\/\/kominki-elektryczne.pl\/blog\/wp-content\/uploads\/2022\/01\/cortez-300x285.jpg 300w, https:\/\/kominki-elektryczne.pl\/blog\/wp-content\/uploads\/2022\/01\/cortez-768x729.jpg 768w, https:\/\/kominki-elektryczne.pl\/blog\/wp-content\/uploads\/2022\/01\/cortez-1536x1457.jpg 1536w, https:\/\/kominki-elektryczne.pl\/blog\/wp-content\/uploads\/2022\/01\/cortez.jpg 2048w\" sizes=\"auto, (max-width: 460px) 100vw, 460px\" \/><\/figure><\/div>\n\n\n\n<p>Model Cortez jest to jeden z komink\u00f3w elektrycznych, kt\u00f3re nale\u017c\u0105 do rodziny komink\u00f3w elektrycznych LED wolnostoj\u0105cych. Jego g\u0142\u00f3wn\u0105 zalet\u0105 jest to, \u017ce mo\u017cna go postawi\u0107 gdziekolwiek.<br>Rozmiar kominka wynosi: <\/p>\n\n\n\n<p> <br>szeroko\u015b\u0107: 56 cm<br>wysoko\u015b\u0107: 52 cm<br>g\u0142\u0119boko\u015b\u0107: 22 cm<\/p>\n\n\n\n<p>Posiada on stalow\u0105 obudow\u0119 w kolorze czarnym z bardzo realistycznym efektem p\u0142omienia LED w kolorze pomara\u0144czowym. Jego wydajne ogrzewanie potrafi dogrza\u0107 pomieszczenie do 40 m2. Mo\u017cliwo\u015b\u0107 ustawienia funkcji grzania mocy grzewczej na niski lub wysoki poziom 750W\/1600W<br><br>Jest to \u015bwietny model kominka dla os\u00f3b, kt\u00f3re potrzebuj\u0105 dogrzewa\u0107 pomieszczenie a przy okazji cieszy\u0107 oko \u0142adnym efektem p\u0142omienia. Kominek elektryczny LED Cortez marki Aflamo jest bardzo \u0142atwy w u\u017cyciu, sterujemy nim  poprzez panel znajduj\u0105cy si\u0119 przy kominku. Idealny do domu, restauracji, domku letniskowego.<br><\/p>\n\n\n\n<p>Zach\u0119camy do zapoznania si\u0119 z nim na naszej stronie:<\/p>\n\n\n\n<p><a href=\"https:\/\/www.kominki-elektryczne.pl\/pl\/glowna\/436-kominek-elektryczny-led-stalowy-wolnostojacy-aflamo-cortez-5903886163942.html\" target=\"_blank\" rel=\"noreferrer noopener\">www.kominki-elektryczne.pl<\/a><\/p>\n","protected":false},"excerpt":{"rendered":"<p>Model Cortez jest to jeden z komink\u00f3w elektrycznych, kt\u00f3re nale\u017c\u0105 do rodziny komink\u00f3w elektrycznych LED wolnostoj\u0105cych. Jego g\u0142\u00f3wn\u0105 zalet\u0105 jest to, \u017ce mo\u017cna go postawi\u0107 gdziekolwiek.Rozmiar kominka wynosi: szeroko\u015b\u0107: 56 cmwysoko\u015b\u0107: 52 cmg\u0142\u0119boko\u015b\u0107: 22 cm Posiada on stalow\u0105 obudow\u0119 w kolorze czarnym z bardzo realistycznym &hellip; <\/p>\n","protected":false},"author":1,"featured_media":0,"comment_status":"closed","ping_status":"closed","sticky":false,"template":"","format":"standard","meta":{"footnotes":""},"categories":[1],"tags":[97,121,120,63,68,96,119,90],"class_list":["post-455","post","type-post","status-publish","format-standard","hentry","category-bez-kategorii","tag-aflamo","tag-cortez","tag-kominek-cortez","tag-kominek-elektryczny","tag-kominek-elektryczny-led","tag-kominek-led","tag-kominek-wolnostojacy","tag-kominki-led"],"yoast_head":"<!-- This site is optimized with the Yoast SEO plugin v25.7 - https:\/\/yoast.com\/wordpress\/plugins\/seo\/ -->\n<title>Kominek elektryczny LED Cortez Aflamo - kominek wolnostoj\u0105cy - Kominki-Elektryczne.pl<\/title>\n<meta name=\"robots\" content=\"index, follow, max-snippet:-1, max-image-preview:large, max-video-preview:-1\" \/>\n<link rel=\"canonical\" href=\"https:\/\/kominki-elektryczne.pl\/blog\/2022\/01\/05\/kominek-elektryczny-led-cortez-aflamo-kominek-wolnostojacy\/\" \/>\n<meta property=\"og:locale\" content=\"pl_PL\" \/>\n<meta property=\"og:type\" content=\"article\" \/>\n<meta property=\"og:title\" content=\"Kominek elektryczny LED Cortez Aflamo - kominek wolnostoj\u0105cy - Kominki-Elektryczne.pl\" \/>\n<meta property=\"og:description\" content=\"Model Cortez jest to jeden z komink\u00f3w elektrycznych, kt\u00f3re nale\u017c\u0105 do rodziny komink\u00f3w elektrycznych LED wolnostoj\u0105cych. Jego g\u0142\u00f3wn\u0105 zalet\u0105 jest to, \u017ce mo\u017cna go postawi\u0107 gdziekolwiek.Rozmiar kominka wynosi: szeroko\u015b\u0107: 56 cmwysoko\u015b\u0107: 52 cmg\u0142\u0119boko\u015b\u0107: 22 cm Posiada on stalow\u0105 obudow\u0119 w kolorze czarnym z bardzo realistycznym &hellip;\" \/>\n<meta property=\"og:url\" content=\"https:\/\/kominki-elektryczne.pl\/blog\/2022\/01\/05\/kominek-elektryczny-led-cortez-aflamo-kominek-wolnostojacy\/\" \/>\n<meta property=\"og:site_name\" content=\"Kominki-Elektryczne.pl\" \/>\n<meta property=\"article:publisher\" content=\"https:\/\/www.facebook.com\/elektrycznekominki\" \/>\n<meta property=\"article:published_time\" content=\"2022-01-05T10:28:02+00:00\" \/>\n<meta property=\"article:modified_time\" content=\"2024-10-08T10:14:46+00:00\" \/>\n<meta property=\"og:image\" content=\"https:\/\/kominki-elektryczne.pl\/blog\/wp-content\/uploads\/2022\/01\/cortez.jpg\" \/>\n\t<meta property=\"og:image:width\" content=\"2048\" \/>\n\t<meta property=\"og:image:height\" content=\"1943\" \/>\n\t<meta property=\"og:image:type\" content=\"image\/jpeg\" \/>\n<meta name=\"author\" content=\"Kominkowy\" \/>\n<meta name=\"twitter:card\" content=\"summary_large_image\" \/>\n<meta name=\"twitter:label1\" content=\"Napisane przez\" \/>\n\t<meta name=\"twitter:data1\" content=\"Kominkowy\" \/>\n\t<meta name=\"twitter:label2\" content=\"Szacowany czas czytania\" \/>\n\t<meta name=\"twitter:data2\" content=\"1 minuta\" \/>\n<script type=\"application\/ld+json\" class=\"yoast-schema-graph\">{\"@context\":\"https:\/\/schema.org\",\"@graph\":[{\"@type\":\"Article\",\"@id\":\"https:\/\/kominki-elektryczne.pl\/blog\/2022\/01\/05\/kominek-elektryczny-led-cortez-aflamo-kominek-wolnostojacy\/#article\",\"isPartOf\":{\"@id\":\"https:\/\/kominki-elektryczne.pl\/blog\/2022\/01\/05\/kominek-elektryczny-led-cortez-aflamo-kominek-wolnostojacy\/\"},\"author\":{\"name\":\"Kominkowy\",\"@id\":\"https:\/\/kominki-elektryczne.pl\/blog\/#\/schema\/person\/045e7544e3e90364f5f82cc509123089\"},\"headline\":\"Kominek elektryczny LED Cortez Aflamo &#8211; kominek wolnostoj\u0105cy\",\"datePublished\":\"2022-01-05T10:28:02+00:00\",\"dateModified\":\"2024-10-08T10:14:46+00:00\",\"mainEntityOfPage\":{\"@id\":\"https:\/\/kominki-elektryczne.pl\/blog\/2022\/01\/05\/kominek-elektryczny-led-cortez-aflamo-kominek-wolnostojacy\/\"},\"wordCount\":151,\"publisher\":{\"@id\":\"https:\/\/kominki-elektryczne.pl\/blog\/#organization\"},\"image\":{\"@id\":\"https:\/\/kominki-elektryczne.pl\/blog\/2022\/01\/05\/kominek-elektryczny-led-cortez-aflamo-kominek-wolnostojacy\/#primaryimage\"},\"thumbnailUrl\":\"https:\/\/kominki-elektryczne.pl\/blog\/wp-content\/uploads\/2022\/01\/cortez-1024x972.jpg\",\"keywords\":[\"aflamo\",\"cortez\",\"kominek cortez\",\"kominek elektryczny\",\"kominek elektryczny led\",\"kominek led\",\"kominek wolnostoj\u0105cy\",\"kominki led\"],\"inLanguage\":\"pl-PL\"},{\"@type\":\"WebPage\",\"@id\":\"https:\/\/kominki-elektryczne.pl\/blog\/2022\/01\/05\/kominek-elektryczny-led-cortez-aflamo-kominek-wolnostojacy\/\",\"url\":\"https:\/\/kominki-elektryczne.pl\/blog\/2022\/01\/05\/kominek-elektryczny-led-cortez-aflamo-kominek-wolnostojacy\/\",\"name\":\"Kominek elektryczny LED Cortez Aflamo - kominek wolnostoj\u0105cy - Kominki-Elektryczne.pl\",\"isPartOf\":{\"@id\":\"https:\/\/kominki-elektryczne.pl\/blog\/#website\"},\"primaryImageOfPage\":{\"@id\":\"https:\/\/kominki-elektryczne.pl\/blog\/2022\/01\/05\/kominek-elektryczny-led-cortez-aflamo-kominek-wolnostojacy\/#primaryimage\"},\"image\":{\"@id\":\"https:\/\/kominki-elektryczne.pl\/blog\/2022\/01\/05\/kominek-elektryczny-led-cortez-aflamo-kominek-wolnostojacy\/#primaryimage\"},\"thumbnailUrl\":\"https:\/\/kominki-elektryczne.pl\/blog\/wp-content\/uploads\/2022\/01\/cortez-1024x972.jpg\",\"datePublished\":\"2022-01-05T10:28:02+00:00\",\"dateModified\":\"2024-10-08T10:14:46+00:00\",\"breadcrumb\":{\"@id\":\"https:\/\/kominki-elektryczne.pl\/blog\/2022\/01\/05\/kominek-elektryczny-led-cortez-aflamo-kominek-wolnostojacy\/#breadcrumb\"},\"inLanguage\":\"pl-PL\",\"potentialAction\":[{\"@type\":\"ReadAction\",\"target\":[\"https:\/\/kominki-elektryczne.pl\/blog\/2022\/01\/05\/kominek-elektryczny-led-cortez-aflamo-kominek-wolnostojacy\/\"]}]},{\"@type\":\"ImageObject\",\"inLanguage\":\"pl-PL\",\"@id\":\"https:\/\/kominki-elektryczne.pl\/blog\/2022\/01\/05\/kominek-elektryczny-led-cortez-aflamo-kominek-wolnostojacy\/#primaryimage\",\"url\":\"https:\/\/kominki-elektryczne.pl\/blog\/wp-content\/uploads\/2022\/01\/cortez.jpg\",\"contentUrl\":\"https:\/\/kominki-elektryczne.pl\/blog\/wp-content\/uploads\/2022\/01\/cortez.jpg\",\"width\":2048,\"height\":1943},{\"@type\":\"BreadcrumbList\",\"@id\":\"https:\/\/kominki-elektryczne.pl\/blog\/2022\/01\/05\/kominek-elektryczny-led-cortez-aflamo-kominek-wolnostojacy\/#breadcrumb\",\"itemListElement\":[{\"@type\":\"ListItem\",\"position\":1,\"name\":\"Strona g\u0142\u00f3wna\",\"item\":\"https:\/\/kominki-elektryczne.pl\/blog\/\"},{\"@type\":\"ListItem\",\"position\":2,\"name\":\"Kominek elektryczny LED Cortez Aflamo &#8211; kominek wolnostoj\u0105cy\"}]},{\"@type\":\"WebSite\",\"@id\":\"https:\/\/kominki-elektryczne.pl\/blog\/#website\",\"url\":\"https:\/\/kominki-elektryczne.pl\/blog\/\",\"name\":\"Kominki-Elektryczne.pl\",\"description\":\"Opisy - Porady - Recenzje\",\"publisher\":{\"@id\":\"https:\/\/kominki-elektryczne.pl\/blog\/#organization\"},\"potentialAction\":[{\"@type\":\"SearchAction\",\"target\":{\"@type\":\"EntryPoint\",\"urlTemplate\":\"https:\/\/kominki-elektryczne.pl\/blog\/?s={search_term_string}\"},\"query-input\":{\"@type\":\"PropertyValueSpecification\",\"valueRequired\":true,\"valueName\":\"search_term_string\"}}],\"inLanguage\":\"pl-PL\"},{\"@type\":\"Organization\",\"@id\":\"https:\/\/kominki-elektryczne.pl\/blog\/#organization\",\"name\":\"Kominki-Elektryczne.pl\",\"url\":\"https:\/\/kominki-elektryczne.pl\/blog\/\",\"logo\":{\"@type\":\"ImageObject\",\"inLanguage\":\"pl-PL\",\"@id\":\"https:\/\/kominki-elektryczne.pl\/blog\/#\/schema\/logo\/image\/\",\"url\":\"https:\/\/kominki-elektryczne.pl\/blog\/wp-content\/uploads\/2025\/04\/cropped-LogoAflamo.jpg\",\"contentUrl\":\"https:\/\/kominki-elektryczne.pl\/blog\/wp-content\/uploads\/2025\/04\/cropped-LogoAflamo.jpg\",\"width\":200,\"height\":58,\"caption\":\"Kominki-Elektryczne.pl\"},\"image\":{\"@id\":\"https:\/\/kominki-elektryczne.pl\/blog\/#\/schema\/logo\/image\/\"},\"sameAs\":[\"https:\/\/www.facebook.com\/elektrycznekominki\"]},{\"@type\":\"Person\",\"@id\":\"https:\/\/kominki-elektryczne.pl\/blog\/#\/schema\/person\/045e7544e3e90364f5f82cc509123089\",\"name\":\"Kominkowy\",\"image\":{\"@type\":\"ImageObject\",\"inLanguage\":\"pl-PL\",\"@id\":\"https:\/\/kominki-elektryczne.pl\/blog\/#\/schema\/person\/image\/\",\"url\":\"https:\/\/secure.gravatar.com\/avatar\/8c15720599195e8ba4119df2db28ce7e?s=96&d=mm&r=g\",\"contentUrl\":\"https:\/\/secure.gravatar.com\/avatar\/8c15720599195e8ba4119df2db28ce7e?s=96&d=mm&r=g\",\"caption\":\"Kominkowy\"},\"sameAs\":[\"http:\/\/www.kominki-elektryczne.pl\"],\"url\":\"https:\/\/kominki-elektryczne.pl\/blog\/author\/led-handel\/\"}]}<\/script>\n<!-- \/ Yoast SEO plugin. -->","yoast_head_json":{"title":"Kominek elektryczny LED Cortez Aflamo - kominek wolnostoj\u0105cy - Kominki-Elektryczne.pl","robots":{"index":"index","follow":"follow","max-snippet":"max-snippet:-1","max-image-preview":"max-image-preview:large","max-video-preview":"max-video-preview:-1"},"canonical":"https:\/\/kominki-elektryczne.pl\/blog\/2022\/01\/05\/kominek-elektryczny-led-cortez-aflamo-kominek-wolnostojacy\/","og_locale":"pl_PL","og_type":"article","og_title":"Kominek elektryczny LED Cortez Aflamo - kominek wolnostoj\u0105cy - Kominki-Elektryczne.pl","og_description":"Model Cortez jest to jeden z komink\u00f3w elektrycznych, kt\u00f3re nale\u017c\u0105 do rodziny komink\u00f3w elektrycznych LED wolnostoj\u0105cych. Jego g\u0142\u00f3wn\u0105 zalet\u0105 jest to, \u017ce mo\u017cna go postawi\u0107 gdziekolwiek.Rozmiar kominka wynosi: szeroko\u015b\u0107: 56 cmwysoko\u015b\u0107: 52 cmg\u0142\u0119boko\u015b\u0107: 22 cm Posiada on stalow\u0105 obudow\u0119 w kolorze czarnym z bardzo realistycznym &hellip;","og_url":"https:\/\/kominki-elektryczne.pl\/blog\/2022\/01\/05\/kominek-elektryczny-led-cortez-aflamo-kominek-wolnostojacy\/","og_site_name":"Kominki-Elektryczne.pl","article_publisher":"https:\/\/www.facebook.com\/elektrycznekominki","article_published_time":"2022-01-05T10:28:02+00:00","article_modified_time":"2024-10-08T10:14:46+00:00","og_image":[{"width":2048,"height":1943,"url":"https:\/\/kominki-elektryczne.pl\/blog\/wp-content\/uploads\/2022\/01\/cortez.jpg","type":"image\/jpeg"}],"author":"Kominkowy","twitter_card":"summary_large_image","twitter_misc":{"Napisane przez":"Kominkowy","Szacowany czas czytania":"1 minuta"},"schema":{"@context":"https:\/\/schema.org","@graph":[{"@type":"Article","@id":"https:\/\/kominki-elektryczne.pl\/blog\/2022\/01\/05\/kominek-elektryczny-led-cortez-aflamo-kominek-wolnostojacy\/#article","isPartOf":{"@id":"https:\/\/kominki-elektryczne.pl\/blog\/2022\/01\/05\/kominek-elektryczny-led-cortez-aflamo-kominek-wolnostojacy\/"},"author":{"name":"Kominkowy","@id":"https:\/\/kominki-elektryczne.pl\/blog\/#\/schema\/person\/045e7544e3e90364f5f82cc509123089"},"headline":"Kominek elektryczny LED Cortez Aflamo &#8211; kominek wolnostoj\u0105cy","datePublished":"2022-01-05T10:28:02+00:00","dateModified":"2024-10-08T10:14:46+00:00","mainEntityOfPage":{"@id":"https:\/\/kominki-elektryczne.pl\/blog\/2022\/01\/05\/kominek-elektryczny-led-cortez-aflamo-kominek-wolnostojacy\/"},"wordCount":151,"publisher":{"@id":"https:\/\/kominki-elektryczne.pl\/blog\/#organization"},"image":{"@id":"https:\/\/kominki-elektryczne.pl\/blog\/2022\/01\/05\/kominek-elektryczny-led-cortez-aflamo-kominek-wolnostojacy\/#primaryimage"},"thumbnailUrl":"https:\/\/kominki-elektryczne.pl\/blog\/wp-content\/uploads\/2022\/01\/cortez-1024x972.jpg","keywords":["aflamo","cortez","kominek cortez","kominek elektryczny","kominek elektryczny led","kominek led","kominek wolnostoj\u0105cy","kominki led"],"inLanguage":"pl-PL"},{"@type":"WebPage","@id":"https:\/\/kominki-elektryczne.pl\/blog\/2022\/01\/05\/kominek-elektryczny-led-cortez-aflamo-kominek-wolnostojacy\/","url":"https:\/\/kominki-elektryczne.pl\/blog\/2022\/01\/05\/kominek-elektryczny-led-cortez-aflamo-kominek-wolnostojacy\/","name":"Kominek elektryczny LED Cortez Aflamo - kominek wolnostoj\u0105cy - Kominki-Elektryczne.pl","isPartOf":{"@id":"https:\/\/kominki-elektryczne.pl\/blog\/#website"},"primaryImageOfPage":{"@id":"https:\/\/kominki-elektryczne.pl\/blog\/2022\/01\/05\/kominek-elektryczny-led-cortez-aflamo-kominek-wolnostojacy\/#primaryimage"},"image":{"@id":"https:\/\/kominki-elektryczne.pl\/blog\/2022\/01\/05\/kominek-elektryczny-led-cortez-aflamo-kominek-wolnostojacy\/#primaryimage"},"thumbnailUrl":"https:\/\/kominki-elektryczne.pl\/blog\/wp-content\/uploads\/2022\/01\/cortez-1024x972.jpg","datePublished":"2022-01-05T10:28:02+00:00","dateModified":"2024-10-08T10:14:46+00:00","breadcrumb":{"@id":"https:\/\/kominki-elektryczne.pl\/blog\/2022\/01\/05\/kominek-elektryczny-led-cortez-aflamo-kominek-wolnostojacy\/#breadcrumb"},"inLanguage":"pl-PL","potentialAction":[{"@type":"ReadAction","target":["https:\/\/kominki-elektryczne.pl\/blog\/2022\/01\/05\/kominek-elektryczny-led-cortez-aflamo-kominek-wolnostojacy\/"]}]},{"@type":"ImageObject","inLanguage":"pl-PL","@id":"https:\/\/kominki-elektryczne.pl\/blog\/2022\/01\/05\/kominek-elektryczny-led-cortez-aflamo-kominek-wolnostojacy\/#primaryimage","url":"https:\/\/kominki-elektryczne.pl\/blog\/wp-content\/uploads\/2022\/01\/cortez.jpg","contentUrl":"https:\/\/kominki-elektryczne.pl\/blog\/wp-content\/uploads\/2022\/01\/cortez.jpg","width":2048,"height":1943},{"@type":"BreadcrumbList","@id":"https:\/\/kominki-elektryczne.pl\/blog\/2022\/01\/05\/kominek-elektryczny-led-cortez-aflamo-kominek-wolnostojacy\/#breadcrumb","itemListElement":[{"@type":"ListItem","position":1,"name":"Strona g\u0142\u00f3wna","item":"https:\/\/kominki-elektryczne.pl\/blog\/"},{"@type":"ListItem","position":2,"name":"Kominek elektryczny LED Cortez Aflamo &#8211; kominek wolnostoj\u0105cy"}]},{"@type":"WebSite","@id":"https:\/\/kominki-elektryczne.pl\/blog\/#website","url":"https:\/\/kominki-elektryczne.pl\/blog\/","name":"Kominki-Elektryczne.pl","description":"Opisy - Porady - Recenzje","publisher":{"@id":"https:\/\/kominki-elektryczne.pl\/blog\/#organization"},"potentialAction":[{"@type":"SearchAction","target":{"@type":"EntryPoint","urlTemplate":"https:\/\/kominki-elektryczne.pl\/blog\/?s={search_term_string}"},"query-input":{"@type":"PropertyValueSpecification","valueRequired":true,"valueName":"search_term_string"}}],"inLanguage":"pl-PL"},{"@type":"Organization","@id":"https:\/\/kominki-elektryczne.pl\/blog\/#organization","name":"Kominki-Elektryczne.pl","url":"https:\/\/kominki-elektryczne.pl\/blog\/","logo":{"@type":"ImageObject","inLanguage":"pl-PL","@id":"https:\/\/kominki-elektryczne.pl\/blog\/#\/schema\/logo\/image\/","url":"https:\/\/kominki-elektryczne.pl\/blog\/wp-content\/uploads\/2025\/04\/cropped-LogoAflamo.jpg","contentUrl":"https:\/\/kominki-elektryczne.pl\/blog\/wp-content\/uploads\/2025\/04\/cropped-LogoAflamo.jpg","width":200,"height":58,"caption":"Kominki-Elektryczne.pl"},"image":{"@id":"https:\/\/kominki-elektryczne.pl\/blog\/#\/schema\/logo\/image\/"},"sameAs":["https:\/\/www.facebook.com\/elektrycznekominki"]},{"@type":"Person","@id":"https:\/\/kominki-elektryczne.pl\/blog\/#\/schema\/person\/045e7544e3e90364f5f82cc509123089","name":"Kominkowy","image":{"@type":"ImageObject","inLanguage":"pl-PL","@id":"https:\/\/kominki-elektryczne.pl\/blog\/#\/schema\/person\/image\/","url":"https:\/\/secure.gravatar.com\/avatar\/8c15720599195e8ba4119df2db28ce7e?s=96&d=mm&r=g","contentUrl":"https:\/\/secure.gravatar.com\/avatar\/8c15720599195e8ba4119df2db28ce7e?s=96&d=mm&r=g","caption":"Kominkowy"},"sameAs":["http:\/\/www.kominki-elektryczne.pl"],"url":"https:\/\/kominki-elektryczne.pl\/blog\/author\/led-handel\/"}]}},"_links":{"self":[{"href":"https:\/\/kominki-elektryczne.pl\/blog\/wp-json\/wp\/v2\/posts\/455","targetHints":{"allow":["GET"]}}],"collection":[{"href":"https:\/\/kominki-elektryczne.pl\/blog\/wp-json\/wp\/v2\/posts"}],"about":[{"href":"https:\/\/kominki-elektryczne.pl\/blog\/wp-json\/wp\/v2\/types\/post"}],"author":[{"embeddable":true,"href":"https:\/\/kominki-elektryczne.pl\/blog\/wp-json\/wp\/v2\/users\/1"}],"replies":[{"embeddable":true,"href":"https:\/\/kominki-elektryczne.pl\/blog\/wp-json\/wp\/v2\/comments?post=455"}],"version-history":[{"count":1,"href":"https:\/\/kominki-elektryczne.pl\/blog\/wp-json\/wp\/v2\/posts\/455\/revisions"}],"predecessor-version":[{"id":457,"href":"https:\/\/kominki-elektryczne.pl\/blog\/wp-json\/wp\/v2\/posts\/455\/revisions\/457"}],"wp:attachment":[{"href":"https:\/\/kominki-elektryczne.pl\/blog\/wp-json\/wp\/v2\/media?parent=455"}],"wp:term":[{"taxonomy":"category","embeddable":true,"href":"https:\/\/kominki-elektryczne.pl\/blog\/wp-json\/wp\/v2\/categories?post=455"},{"taxonomy":"post_tag","embeddable":true,"href":"https:\/\/kominki-elektryczne.pl\/blog\/wp-json\/wp\/v2\/tags?post=455"}],"curies":[{"name":"wp","href":"https:\/\/api.w.org\/{rel}","templated":true}]}}