{"id":461,"date":"2022-01-10T14:59:13","date_gmt":"2022-01-10T13:59:13","guid":{"rendered":"https:\/\/kominki-elektryczne.pl\/blog\/?p=461"},"modified":"2024-10-08T12:14:46","modified_gmt":"2024-10-08T10:14:46","slug":"chimenea-electrica-led-cortez-aflamo-chimenea-de-libre-instalacion","status":"publish","type":"post","link":"https:\/\/kominki-elektryczne.pl\/blog\/es\/2022\/01\/10\/chimenea-electrica-led-cortez-aflamo-chimenea-de-libre-instalacion\/","title":{"rendered":"Chimenea el\u00e9ctrica LED Cortez Aflamo &#8211; chimenea de libre instalaci\u00f3n"},"content":{"rendered":"\n<div class=\"wp-block-image\"><figure class=\"aligncenter size-large is-resized\"><img loading=\"lazy\" decoding=\"async\" src=\"https:\/\/kominki-elektryczne.pl\/blog\/wp-content\/uploads\/2022\/01\/cortez-1024x972.jpg\" alt=\"\" class=\"wp-image-456\" width=\"460\" height=\"437\" srcset=\"https:\/\/kominki-elektryczne.pl\/blog\/wp-content\/uploads\/2022\/01\/cortez-1024x972.jpg 1024w, https:\/\/kominki-elektryczne.pl\/blog\/wp-content\/uploads\/2022\/01\/cortez-300x285.jpg 300w, https:\/\/kominki-elektryczne.pl\/blog\/wp-content\/uploads\/2022\/01\/cortez-768x729.jpg 768w, https:\/\/kominki-elektryczne.pl\/blog\/wp-content\/uploads\/2022\/01\/cortez-1536x1457.jpg 1536w, https:\/\/kominki-elektryczne.pl\/blog\/wp-content\/uploads\/2022\/01\/cortez.jpg 2048w\" sizes=\"auto, (max-width: 460px) 100vw, 460px\" \/><\/figure><\/div>\n\n\n\n<p>El modelo Cortez es una de las chimeneas el\u00e9ctricas que pertenecen a la familia de chimeneas el\u00e9ctricas LED de pie. Su principal ventaja es que se puede colocar en cualquier lugar.<br>El tama\u00f1o de la chimenea es:<\/p>\n\n\n\n<p>ancho: 56cm<br>altura: 52cm<br>profundidad: 22cm<\/p>\n\n\n\n<p>Tiene una carcasa de acero negro con un efecto de llama LED naranja muy realista. Su calefacci\u00f3n eficiente puede calentar una habitaci\u00f3n de hasta 40 m2. La capacidad de configurar la funci\u00f3n de calefacci\u00f3n de la potencia de calefacci\u00f3n a un nivel bajo o alto de 750W \/ 1600W<\/p>\n\n\n\n<p>Es un gran modelo de chimenea para personas que necesitan calentar la habitaci\u00f3n y al mismo tiempo disfrutar a la vista con un agradable efecto de llama. La chimenea el\u00e9ctrica Cortez LED de Aflamo es muy f\u00e1cil de usar, se controla mediante un panel situado junto a la chimenea. Perfecto para el hogar, restaurante, casa de vacaciones.<\/p>\n\n\n\n<p><\/p>\n\n\n\n<p><\/p>\n\n\n\n<p><a rel=\"noreferrer noopener\" href=\"https:\/\/www.kominki-elektryczne.pl\/es\/szukaj?controller=search&amp;s=cortez\" target=\"_blank\">www.kominki-elektryczne.pl\/es<\/a><\/p>\n","protected":false},"excerpt":{"rendered":"<p>El modelo Cortez es una de las chimeneas el\u00e9ctricas que pertenecen a la familia de chimeneas el\u00e9ctricas LED de pie. Su principal ventaja es que se puede colocar en cualquier lugar.El tama\u00f1o de la chimenea es: ancho: 56cmaltura: 52cmprofundidad: 22cm Tiene una carcasa de acero &hellip; <\/p>\n","protected":false},"author":1,"featured_media":0,"comment_status":"closed","ping_status":"closed","sticky":false,"template":"","format":"standard","meta":{"footnotes":""},"categories":[29],"tags":[125,124,123,127,126],"class_list":["post-461","post","type-post","status-publish","format-standard","hentry","category-bez-kategorii-es","tag-chimenea-independiente","tag-chimenea-led","tag-chimeneas-electricas-led","tag-cocina","tag-hogar"],"yoast_head":"<!-- This site is optimized with the Yoast SEO plugin v25.7 - https:\/\/yoast.com\/wordpress\/plugins\/seo\/ -->\n<title>Chimenea el\u00e9ctrica LED Cortez Aflamo - chimenea de libre instalaci\u00f3n - Kominki-Elektryczne.pl<\/title>\n<meta name=\"robots\" content=\"index, follow, max-snippet:-1, max-image-preview:large, max-video-preview:-1\" \/>\n<link rel=\"canonical\" href=\"https:\/\/kominki-elektryczne.pl\/blog\/es\/2022\/01\/10\/chimenea-electrica-led-cortez-aflamo-chimenea-de-libre-instalacion\/\" \/>\n<meta property=\"og:locale\" content=\"pl_PL\" \/>\n<meta property=\"og:type\" content=\"article\" \/>\n<meta property=\"og:title\" content=\"Chimenea el\u00e9ctrica LED Cortez Aflamo - chimenea de libre instalaci\u00f3n - Kominki-Elektryczne.pl\" \/>\n<meta property=\"og:description\" content=\"El modelo Cortez es una de las chimeneas el\u00e9ctricas que pertenecen a la familia de chimeneas el\u00e9ctricas LED de pie. Su principal ventaja es que se puede colocar en cualquier lugar.El tama\u00f1o de la chimenea es: ancho: 56cmaltura: 52cmprofundidad: 22cm Tiene una carcasa de acero &hellip;\" \/>\n<meta property=\"og:url\" content=\"https:\/\/kominki-elektryczne.pl\/blog\/es\/2022\/01\/10\/chimenea-electrica-led-cortez-aflamo-chimenea-de-libre-instalacion\/\" \/>\n<meta property=\"og:site_name\" content=\"Kominki-Elektryczne.pl\" \/>\n<meta property=\"article:publisher\" content=\"https:\/\/www.facebook.com\/elektrycznekominki\" \/>\n<meta property=\"article:published_time\" content=\"2022-01-10T13:59:13+00:00\" \/>\n<meta property=\"article:modified_time\" content=\"2024-10-08T10:14:46+00:00\" \/>\n<meta property=\"og:image\" content=\"https:\/\/kominki-elektryczne.pl\/blog\/wp-content\/uploads\/2022\/01\/cortez.jpg\" \/>\n\t<meta property=\"og:image:width\" content=\"2048\" \/>\n\t<meta property=\"og:image:height\" content=\"1943\" \/>\n\t<meta property=\"og:image:type\" content=\"image\/jpeg\" \/>\n<meta name=\"author\" content=\"Kominkowy\" \/>\n<meta name=\"twitter:card\" content=\"summary_large_image\" \/>\n<meta name=\"twitter:label1\" content=\"Napisane przez\" \/>\n\t<meta name=\"twitter:data1\" content=\"Kominkowy\" \/>\n\t<meta name=\"twitter:label2\" content=\"Szacowany czas czytania\" \/>\n\t<meta name=\"twitter:data2\" content=\"1 minuta\" \/>\n<script type=\"application\/ld+json\" class=\"yoast-schema-graph\">{\"@context\":\"https:\/\/schema.org\",\"@graph\":[{\"@type\":\"Article\",\"@id\":\"https:\/\/kominki-elektryczne.pl\/blog\/es\/2022\/01\/10\/chimenea-electrica-led-cortez-aflamo-chimenea-de-libre-instalacion\/#article\",\"isPartOf\":{\"@id\":\"https:\/\/kominki-elektryczne.pl\/blog\/es\/2022\/01\/10\/chimenea-electrica-led-cortez-aflamo-chimenea-de-libre-instalacion\/\"},\"author\":{\"name\":\"Kominkowy\",\"@id\":\"https:\/\/kominki-elektryczne.pl\/blog\/#\/schema\/person\/045e7544e3e90364f5f82cc509123089\"},\"headline\":\"Chimenea el\u00e9ctrica LED Cortez Aflamo &#8211; chimenea de libre instalaci\u00f3n\",\"datePublished\":\"2022-01-10T13:59:13+00:00\",\"dateModified\":\"2024-10-08T10:14:46+00:00\",\"mainEntityOfPage\":{\"@id\":\"https:\/\/kominki-elektryczne.pl\/blog\/es\/2022\/01\/10\/chimenea-electrica-led-cortez-aflamo-chimenea-de-libre-instalacion\/\"},\"wordCount\":172,\"publisher\":{\"@id\":\"https:\/\/kominki-elektryczne.pl\/blog\/#organization\"},\"image\":{\"@id\":\"https:\/\/kominki-elektryczne.pl\/blog\/es\/2022\/01\/10\/chimenea-electrica-led-cortez-aflamo-chimenea-de-libre-instalacion\/#primaryimage\"},\"thumbnailUrl\":\"https:\/\/kominki-elektryczne.pl\/blog\/wp-content\/uploads\/2022\/01\/cortez-1024x972.jpg\",\"keywords\":[\"chimenea independiente\",\"Chimenea LED\",\"Chimeneas el\u00e9ctricas LED\",\"cocina\",\"hogar\"],\"inLanguage\":\"pl-PL\"},{\"@type\":\"WebPage\",\"@id\":\"https:\/\/kominki-elektryczne.pl\/blog\/es\/2022\/01\/10\/chimenea-electrica-led-cortez-aflamo-chimenea-de-libre-instalacion\/\",\"url\":\"https:\/\/kominki-elektryczne.pl\/blog\/es\/2022\/01\/10\/chimenea-electrica-led-cortez-aflamo-chimenea-de-libre-instalacion\/\",\"name\":\"Chimenea el\u00e9ctrica LED Cortez Aflamo - chimenea de libre instalaci\u00f3n - Kominki-Elektryczne.pl\",\"isPartOf\":{\"@id\":\"https:\/\/kominki-elektryczne.pl\/blog\/#website\"},\"primaryImageOfPage\":{\"@id\":\"https:\/\/kominki-elektryczne.pl\/blog\/es\/2022\/01\/10\/chimenea-electrica-led-cortez-aflamo-chimenea-de-libre-instalacion\/#primaryimage\"},\"image\":{\"@id\":\"https:\/\/kominki-elektryczne.pl\/blog\/es\/2022\/01\/10\/chimenea-electrica-led-cortez-aflamo-chimenea-de-libre-instalacion\/#primaryimage\"},\"thumbnailUrl\":\"https:\/\/kominki-elektryczne.pl\/blog\/wp-content\/uploads\/2022\/01\/cortez-1024x972.jpg\",\"datePublished\":\"2022-01-10T13:59:13+00:00\",\"dateModified\":\"2024-10-08T10:14:46+00:00\",\"breadcrumb\":{\"@id\":\"https:\/\/kominki-elektryczne.pl\/blog\/es\/2022\/01\/10\/chimenea-electrica-led-cortez-aflamo-chimenea-de-libre-instalacion\/#breadcrumb\"},\"inLanguage\":\"pl-PL\",\"potentialAction\":[{\"@type\":\"ReadAction\",\"target\":[\"https:\/\/kominki-elektryczne.pl\/blog\/es\/2022\/01\/10\/chimenea-electrica-led-cortez-aflamo-chimenea-de-libre-instalacion\/\"]}]},{\"@type\":\"ImageObject\",\"inLanguage\":\"pl-PL\",\"@id\":\"https:\/\/kominki-elektryczne.pl\/blog\/es\/2022\/01\/10\/chimenea-electrica-led-cortez-aflamo-chimenea-de-libre-instalacion\/#primaryimage\",\"url\":\"https:\/\/kominki-elektryczne.pl\/blog\/wp-content\/uploads\/2022\/01\/cortez.jpg\",\"contentUrl\":\"https:\/\/kominki-elektryczne.pl\/blog\/wp-content\/uploads\/2022\/01\/cortez.jpg\",\"width\":2048,\"height\":1943},{\"@type\":\"BreadcrumbList\",\"@id\":\"https:\/\/kominki-elektryczne.pl\/blog\/es\/2022\/01\/10\/chimenea-electrica-led-cortez-aflamo-chimenea-de-libre-instalacion\/#breadcrumb\",\"itemListElement\":[{\"@type\":\"ListItem\",\"position\":1,\"name\":\"Strona g\u0142\u00f3wna\",\"item\":\"https:\/\/kominki-elektryczne.pl\/blog\/\"},{\"@type\":\"ListItem\",\"position\":2,\"name\":\"Chimenea el\u00e9ctrica LED Cortez Aflamo &#8211; chimenea de libre instalaci\u00f3n\"}]},{\"@type\":\"WebSite\",\"@id\":\"https:\/\/kominki-elektryczne.pl\/blog\/#website\",\"url\":\"https:\/\/kominki-elektryczne.pl\/blog\/\",\"name\":\"Kominki-Elektryczne.pl\",\"description\":\"Opisy - Porady - Recenzje\",\"publisher\":{\"@id\":\"https:\/\/kominki-elektryczne.pl\/blog\/#organization\"},\"potentialAction\":[{\"@type\":\"SearchAction\",\"target\":{\"@type\":\"EntryPoint\",\"urlTemplate\":\"https:\/\/kominki-elektryczne.pl\/blog\/?s={search_term_string}\"},\"query-input\":{\"@type\":\"PropertyValueSpecification\",\"valueRequired\":true,\"valueName\":\"search_term_string\"}}],\"inLanguage\":\"pl-PL\"},{\"@type\":\"Organization\",\"@id\":\"https:\/\/kominki-elektryczne.pl\/blog\/#organization\",\"name\":\"Kominki-Elektryczne.pl\",\"url\":\"https:\/\/kominki-elektryczne.pl\/blog\/\",\"logo\":{\"@type\":\"ImageObject\",\"inLanguage\":\"pl-PL\",\"@id\":\"https:\/\/kominki-elektryczne.pl\/blog\/#\/schema\/logo\/image\/\",\"url\":\"https:\/\/kominki-elektryczne.pl\/blog\/wp-content\/uploads\/2025\/04\/cropped-LogoAflamo.jpg\",\"contentUrl\":\"https:\/\/kominki-elektryczne.pl\/blog\/wp-content\/uploads\/2025\/04\/cropped-LogoAflamo.jpg\",\"width\":200,\"height\":58,\"caption\":\"Kominki-Elektryczne.pl\"},\"image\":{\"@id\":\"https:\/\/kominki-elektryczne.pl\/blog\/#\/schema\/logo\/image\/\"},\"sameAs\":[\"https:\/\/www.facebook.com\/elektrycznekominki\"]},{\"@type\":\"Person\",\"@id\":\"https:\/\/kominki-elektryczne.pl\/blog\/#\/schema\/person\/045e7544e3e90364f5f82cc509123089\",\"name\":\"Kominkowy\",\"image\":{\"@type\":\"ImageObject\",\"inLanguage\":\"pl-PL\",\"@id\":\"https:\/\/kominki-elektryczne.pl\/blog\/#\/schema\/person\/image\/\",\"url\":\"https:\/\/secure.gravatar.com\/avatar\/8c15720599195e8ba4119df2db28ce7e?s=96&d=mm&r=g\",\"contentUrl\":\"https:\/\/secure.gravatar.com\/avatar\/8c15720599195e8ba4119df2db28ce7e?s=96&d=mm&r=g\",\"caption\":\"Kominkowy\"},\"sameAs\":[\"http:\/\/www.kominki-elektryczne.pl\"],\"url\":\"https:\/\/kominki-elektryczne.pl\/blog\/author\/led-handel\/\"}]}<\/script>\n<!-- \/ Yoast SEO plugin. -->","yoast_head_json":{"title":"Chimenea el\u00e9ctrica LED Cortez Aflamo - chimenea de libre instalaci\u00f3n - Kominki-Elektryczne.pl","robots":{"index":"index","follow":"follow","max-snippet":"max-snippet:-1","max-image-preview":"max-image-preview:large","max-video-preview":"max-video-preview:-1"},"canonical":"https:\/\/kominki-elektryczne.pl\/blog\/es\/2022\/01\/10\/chimenea-electrica-led-cortez-aflamo-chimenea-de-libre-instalacion\/","og_locale":"pl_PL","og_type":"article","og_title":"Chimenea el\u00e9ctrica LED Cortez Aflamo - chimenea de libre instalaci\u00f3n - Kominki-Elektryczne.pl","og_description":"El modelo Cortez es una de las chimeneas el\u00e9ctricas que pertenecen a la familia de chimeneas el\u00e9ctricas LED de pie. Su principal ventaja es que se puede colocar en cualquier lugar.El tama\u00f1o de la chimenea es: ancho: 56cmaltura: 52cmprofundidad: 22cm Tiene una carcasa de acero &hellip;","og_url":"https:\/\/kominki-elektryczne.pl\/blog\/es\/2022\/01\/10\/chimenea-electrica-led-cortez-aflamo-chimenea-de-libre-instalacion\/","og_site_name":"Kominki-Elektryczne.pl","article_publisher":"https:\/\/www.facebook.com\/elektrycznekominki","article_published_time":"2022-01-10T13:59:13+00:00","article_modified_time":"2024-10-08T10:14:46+00:00","og_image":[{"width":2048,"height":1943,"url":"https:\/\/kominki-elektryczne.pl\/blog\/wp-content\/uploads\/2022\/01\/cortez.jpg","type":"image\/jpeg"}],"author":"Kominkowy","twitter_card":"summary_large_image","twitter_misc":{"Napisane przez":"Kominkowy","Szacowany czas czytania":"1 minuta"},"schema":{"@context":"https:\/\/schema.org","@graph":[{"@type":"Article","@id":"https:\/\/kominki-elektryczne.pl\/blog\/es\/2022\/01\/10\/chimenea-electrica-led-cortez-aflamo-chimenea-de-libre-instalacion\/#article","isPartOf":{"@id":"https:\/\/kominki-elektryczne.pl\/blog\/es\/2022\/01\/10\/chimenea-electrica-led-cortez-aflamo-chimenea-de-libre-instalacion\/"},"author":{"name":"Kominkowy","@id":"https:\/\/kominki-elektryczne.pl\/blog\/#\/schema\/person\/045e7544e3e90364f5f82cc509123089"},"headline":"Chimenea el\u00e9ctrica LED Cortez Aflamo &#8211; chimenea de libre instalaci\u00f3n","datePublished":"2022-01-10T13:59:13+00:00","dateModified":"2024-10-08T10:14:46+00:00","mainEntityOfPage":{"@id":"https:\/\/kominki-elektryczne.pl\/blog\/es\/2022\/01\/10\/chimenea-electrica-led-cortez-aflamo-chimenea-de-libre-instalacion\/"},"wordCount":172,"publisher":{"@id":"https:\/\/kominki-elektryczne.pl\/blog\/#organization"},"image":{"@id":"https:\/\/kominki-elektryczne.pl\/blog\/es\/2022\/01\/10\/chimenea-electrica-led-cortez-aflamo-chimenea-de-libre-instalacion\/#primaryimage"},"thumbnailUrl":"https:\/\/kominki-elektryczne.pl\/blog\/wp-content\/uploads\/2022\/01\/cortez-1024x972.jpg","keywords":["chimenea independiente","Chimenea LED","Chimeneas el\u00e9ctricas LED","cocina","hogar"],"inLanguage":"pl-PL"},{"@type":"WebPage","@id":"https:\/\/kominki-elektryczne.pl\/blog\/es\/2022\/01\/10\/chimenea-electrica-led-cortez-aflamo-chimenea-de-libre-instalacion\/","url":"https:\/\/kominki-elektryczne.pl\/blog\/es\/2022\/01\/10\/chimenea-electrica-led-cortez-aflamo-chimenea-de-libre-instalacion\/","name":"Chimenea el\u00e9ctrica LED Cortez Aflamo - chimenea de libre instalaci\u00f3n - Kominki-Elektryczne.pl","isPartOf":{"@id":"https:\/\/kominki-elektryczne.pl\/blog\/#website"},"primaryImageOfPage":{"@id":"https:\/\/kominki-elektryczne.pl\/blog\/es\/2022\/01\/10\/chimenea-electrica-led-cortez-aflamo-chimenea-de-libre-instalacion\/#primaryimage"},"image":{"@id":"https:\/\/kominki-elektryczne.pl\/blog\/es\/2022\/01\/10\/chimenea-electrica-led-cortez-aflamo-chimenea-de-libre-instalacion\/#primaryimage"},"thumbnailUrl":"https:\/\/kominki-elektryczne.pl\/blog\/wp-content\/uploads\/2022\/01\/cortez-1024x972.jpg","datePublished":"2022-01-10T13:59:13+00:00","dateModified":"2024-10-08T10:14:46+00:00","breadcrumb":{"@id":"https:\/\/kominki-elektryczne.pl\/blog\/es\/2022\/01\/10\/chimenea-electrica-led-cortez-aflamo-chimenea-de-libre-instalacion\/#breadcrumb"},"inLanguage":"pl-PL","potentialAction":[{"@type":"ReadAction","target":["https:\/\/kominki-elektryczne.pl\/blog\/es\/2022\/01\/10\/chimenea-electrica-led-cortez-aflamo-chimenea-de-libre-instalacion\/"]}]},{"@type":"ImageObject","inLanguage":"pl-PL","@id":"https:\/\/kominki-elektryczne.pl\/blog\/es\/2022\/01\/10\/chimenea-electrica-led-cortez-aflamo-chimenea-de-libre-instalacion\/#primaryimage","url":"https:\/\/kominki-elektryczne.pl\/blog\/wp-content\/uploads\/2022\/01\/cortez.jpg","contentUrl":"https:\/\/kominki-elektryczne.pl\/blog\/wp-content\/uploads\/2022\/01\/cortez.jpg","width":2048,"height":1943},{"@type":"BreadcrumbList","@id":"https:\/\/kominki-elektryczne.pl\/blog\/es\/2022\/01\/10\/chimenea-electrica-led-cortez-aflamo-chimenea-de-libre-instalacion\/#breadcrumb","itemListElement":[{"@type":"ListItem","position":1,"name":"Strona g\u0142\u00f3wna","item":"https:\/\/kominki-elektryczne.pl\/blog\/"},{"@type":"ListItem","position":2,"name":"Chimenea el\u00e9ctrica LED Cortez Aflamo &#8211; chimenea de libre instalaci\u00f3n"}]},{"@type":"WebSite","@id":"https:\/\/kominki-elektryczne.pl\/blog\/#website","url":"https:\/\/kominki-elektryczne.pl\/blog\/","name":"Kominki-Elektryczne.pl","description":"Opisy - Porady - Recenzje","publisher":{"@id":"https:\/\/kominki-elektryczne.pl\/blog\/#organization"},"potentialAction":[{"@type":"SearchAction","target":{"@type":"EntryPoint","urlTemplate":"https:\/\/kominki-elektryczne.pl\/blog\/?s={search_term_string}"},"query-input":{"@type":"PropertyValueSpecification","valueRequired":true,"valueName":"search_term_string"}}],"inLanguage":"pl-PL"},{"@type":"Organization","@id":"https:\/\/kominki-elektryczne.pl\/blog\/#organization","name":"Kominki-Elektryczne.pl","url":"https:\/\/kominki-elektryczne.pl\/blog\/","logo":{"@type":"ImageObject","inLanguage":"pl-PL","@id":"https:\/\/kominki-elektryczne.pl\/blog\/#\/schema\/logo\/image\/","url":"https:\/\/kominki-elektryczne.pl\/blog\/wp-content\/uploads\/2025\/04\/cropped-LogoAflamo.jpg","contentUrl":"https:\/\/kominki-elektryczne.pl\/blog\/wp-content\/uploads\/2025\/04\/cropped-LogoAflamo.jpg","width":200,"height":58,"caption":"Kominki-Elektryczne.pl"},"image":{"@id":"https:\/\/kominki-elektryczne.pl\/blog\/#\/schema\/logo\/image\/"},"sameAs":["https:\/\/www.facebook.com\/elektrycznekominki"]},{"@type":"Person","@id":"https:\/\/kominki-elektryczne.pl\/blog\/#\/schema\/person\/045e7544e3e90364f5f82cc509123089","name":"Kominkowy","image":{"@type":"ImageObject","inLanguage":"pl-PL","@id":"https:\/\/kominki-elektryczne.pl\/blog\/#\/schema\/person\/image\/","url":"https:\/\/secure.gravatar.com\/avatar\/8c15720599195e8ba4119df2db28ce7e?s=96&d=mm&r=g","contentUrl":"https:\/\/secure.gravatar.com\/avatar\/8c15720599195e8ba4119df2db28ce7e?s=96&d=mm&r=g","caption":"Kominkowy"},"sameAs":["http:\/\/www.kominki-elektryczne.pl"],"url":"https:\/\/kominki-elektryczne.pl\/blog\/author\/led-handel\/"}]}},"_links":{"self":[{"href":"https:\/\/kominki-elektryczne.pl\/blog\/wp-json\/wp\/v2\/posts\/461","targetHints":{"allow":["GET"]}}],"collection":[{"href":"https:\/\/kominki-elektryczne.pl\/blog\/wp-json\/wp\/v2\/posts"}],"about":[{"href":"https:\/\/kominki-elektryczne.pl\/blog\/wp-json\/wp\/v2\/types\/post"}],"author":[{"embeddable":true,"href":"https:\/\/kominki-elektryczne.pl\/blog\/wp-json\/wp\/v2\/users\/1"}],"replies":[{"embeddable":true,"href":"https:\/\/kominki-elektryczne.pl\/blog\/wp-json\/wp\/v2\/comments?post=461"}],"version-history":[{"count":3,"href":"https:\/\/kominki-elektryczne.pl\/blog\/wp-json\/wp\/v2\/posts\/461\/revisions"}],"predecessor-version":[{"id":484,"href":"https:\/\/kominki-elektryczne.pl\/blog\/wp-json\/wp\/v2\/posts\/461\/revisions\/484"}],"wp:attachment":[{"href":"https:\/\/kominki-elektryczne.pl\/blog\/wp-json\/wp\/v2\/media?parent=461"}],"wp:term":[{"taxonomy":"category","embeddable":true,"href":"https:\/\/kominki-elektryczne.pl\/blog\/wp-json\/wp\/v2\/categories?post=461"},{"taxonomy":"post_tag","embeddable":true,"href":"https:\/\/kominki-elektryczne.pl\/blog\/wp-json\/wp\/v2\/tags?post=461"}],"curies":[{"name":"wp","href":"https:\/\/api.w.org\/{rel}","templated":true}]}}