{"id":463,"date":"2022-01-10T15:02:05","date_gmt":"2022-01-10T14:02:05","guid":{"rendered":"https:\/\/kominki-elektryczne.pl\/blog\/?p=463"},"modified":"2024-10-08T12:14:46","modified_gmt":"2024-10-08T10:14:46","slug":"camino-elettrico-a-led-cortez-aflamo-caminetto-da-appoggio","status":"publish","type":"post","link":"https:\/\/kominki-elektryczne.pl\/blog\/it\/2022\/01\/10\/camino-elettrico-a-led-cortez-aflamo-caminetto-da-appoggio\/","title":{"rendered":"Camino elettrico a LED Cortez Aflamo &#8211; caminetto da appoggio"},"content":{"rendered":"\n<div class=\"wp-block-image\"><figure class=\"aligncenter size-large is-resized\"><img loading=\"lazy\" decoding=\"async\" src=\"https:\/\/kominki-elektryczne.pl\/blog\/wp-content\/uploads\/2022\/01\/cortez-1024x972.jpg\" alt=\"\" class=\"wp-image-456\" width=\"460\" height=\"437\" srcset=\"https:\/\/kominki-elektryczne.pl\/blog\/wp-content\/uploads\/2022\/01\/cortez-1024x972.jpg 1024w, https:\/\/kominki-elektryczne.pl\/blog\/wp-content\/uploads\/2022\/01\/cortez-300x285.jpg 300w, https:\/\/kominki-elektryczne.pl\/blog\/wp-content\/uploads\/2022\/01\/cortez-768x729.jpg 768w, https:\/\/kominki-elektryczne.pl\/blog\/wp-content\/uploads\/2022\/01\/cortez-1536x1457.jpg 1536w, https:\/\/kominki-elektryczne.pl\/blog\/wp-content\/uploads\/2022\/01\/cortez.jpg 2048w\" sizes=\"auto, (max-width: 460px) 100vw, 460px\" \/><\/figure><\/div>\n\n\n\n<p>Camino elettrico a LED Cortez Aflamo &#8211; caminetto da appoggio<\/p>\n\n\n\n<p>Il modello Cortez \u00e8 uno dei camini elettrici che appartengono alla famiglia dei camini elettrici a LED free standing. Il suo principale vantaggio \u00e8 che pu\u00f2 essere posizionato ovunque.<br>La dimensione del camino \u00e8:<\/p>\n\n\n\n<p>larghezza: 56 cm<br>altezza: 52 cm<br>profondit\u00e0: 22 cm<\/p>\n\n\n\n<p>Ha un alloggiamento in acciaio nero con un effetto fiamma LED arancione molto realistico. Il suo efficiente riscaldamento pu\u00f2 riscaldare una stanza fino a 40 m2. La possibilit\u00e0 di impostare la funzione di riscaldamento della potenza di riscaldamento su un livello basso o alto di 750 W \/ 1600 W<\/p>\n\n\n\n<p>\u00c8 un ottimo modello di caminetto per le persone che hanno bisogno di riscaldare la stanza e allo stesso tempo godersi la vista con un piacevole effetto fiamma. Il camino elettrico Cortez LED di Aflamo \u00e8 molto facile da usare, \u00e8 comandato da un pannello posto accanto al camino. Perfetto per casa, ristorante, casa vacanza.<\/p>\n\n\n\n<p><a rel=\"noreferrer noopener\" href=\"https:\/\/www.kominki-elektryczne.pl\/es\/glowna\/436-himenea-electrica-en-acero-led-de-libre-instalacion-aflamo-cortez-5903886163942.html\" target=\"_blank\">www.kominki-elektryczne.pl\/it<\/a><\/p>\n","protected":false},"excerpt":{"rendered":"<p>Camino elettrico a LED Cortez Aflamo &#8211; caminetto da appoggio Il modello Cortez \u00e8 uno dei camini elettrici che appartengono alla famiglia dei camini elettrici a LED free standing. Il suo principale vantaggio \u00e8 che pu\u00f2 essere posizionato ovunque.La dimensione del camino \u00e8: larghezza: 56 &hellip; <\/p>\n","protected":false},"author":1,"featured_media":0,"comment_status":"closed","ping_status":"closed","sticky":false,"template":"","format":"standard","meta":{"footnotes":""},"categories":[33],"tags":[128,130,129,132,131],"class_list":["post-463","post","type-post","status-publish","format-standard","hentry","category-bez-kategorii-it","tag-caminetti-elettrici-a-led","tag-caminetto-da-terra","tag-camino-a-led","tag-fornello","tag-il-camino"],"yoast_head":"<!-- This site is optimized with the Yoast SEO plugin v25.7 - https:\/\/yoast.com\/wordpress\/plugins\/seo\/ -->\n<title>Camino elettrico a LED Cortez Aflamo - caminetto da appoggio - Kominki-Elektryczne.pl<\/title>\n<meta name=\"robots\" content=\"index, follow, max-snippet:-1, max-image-preview:large, max-video-preview:-1\" \/>\n<link rel=\"canonical\" href=\"https:\/\/kominki-elektryczne.pl\/blog\/it\/2022\/01\/10\/camino-elettrico-a-led-cortez-aflamo-caminetto-da-appoggio\/\" \/>\n<meta property=\"og:locale\" content=\"pl_PL\" \/>\n<meta property=\"og:type\" content=\"article\" \/>\n<meta property=\"og:title\" content=\"Camino elettrico a LED Cortez Aflamo - caminetto da appoggio - Kominki-Elektryczne.pl\" \/>\n<meta property=\"og:description\" content=\"Camino elettrico a LED Cortez Aflamo &#8211; caminetto da appoggio Il modello Cortez \u00e8 uno dei camini elettrici che appartengono alla famiglia dei camini elettrici a LED free standing. Il suo principale vantaggio \u00e8 che pu\u00f2 essere posizionato ovunque.La dimensione del camino \u00e8: larghezza: 56 &hellip;\" \/>\n<meta property=\"og:url\" content=\"https:\/\/kominki-elektryczne.pl\/blog\/it\/2022\/01\/10\/camino-elettrico-a-led-cortez-aflamo-caminetto-da-appoggio\/\" \/>\n<meta property=\"og:site_name\" content=\"Kominki-Elektryczne.pl\" \/>\n<meta property=\"article:publisher\" content=\"https:\/\/www.facebook.com\/elektrycznekominki\" \/>\n<meta property=\"article:published_time\" content=\"2022-01-10T14:02:05+00:00\" \/>\n<meta property=\"article:modified_time\" content=\"2024-10-08T10:14:46+00:00\" \/>\n<meta property=\"og:image\" content=\"https:\/\/kominki-elektryczne.pl\/blog\/wp-content\/uploads\/2022\/01\/cortez.jpg\" \/>\n\t<meta property=\"og:image:width\" content=\"2048\" \/>\n\t<meta property=\"og:image:height\" content=\"1943\" \/>\n\t<meta property=\"og:image:type\" content=\"image\/jpeg\" \/>\n<meta name=\"author\" content=\"Kominkowy\" \/>\n<meta name=\"twitter:card\" content=\"summary_large_image\" \/>\n<meta name=\"twitter:label1\" content=\"Napisane przez\" \/>\n\t<meta name=\"twitter:data1\" content=\"Kominkowy\" \/>\n\t<meta name=\"twitter:label2\" content=\"Szacowany czas czytania\" \/>\n\t<meta name=\"twitter:data2\" content=\"1 minuta\" \/>\n<script type=\"application\/ld+json\" class=\"yoast-schema-graph\">{\"@context\":\"https:\/\/schema.org\",\"@graph\":[{\"@type\":\"Article\",\"@id\":\"https:\/\/kominki-elektryczne.pl\/blog\/it\/2022\/01\/10\/camino-elettrico-a-led-cortez-aflamo-caminetto-da-appoggio\/#article\",\"isPartOf\":{\"@id\":\"https:\/\/kominki-elektryczne.pl\/blog\/it\/2022\/01\/10\/camino-elettrico-a-led-cortez-aflamo-caminetto-da-appoggio\/\"},\"author\":{\"name\":\"Kominkowy\",\"@id\":\"https:\/\/kominki-elektryczne.pl\/blog\/#\/schema\/person\/045e7544e3e90364f5f82cc509123089\"},\"headline\":\"Camino elettrico a LED Cortez Aflamo &#8211; caminetto da appoggio\",\"datePublished\":\"2022-01-10T14:02:05+00:00\",\"dateModified\":\"2024-10-08T10:14:46+00:00\",\"mainEntityOfPage\":{\"@id\":\"https:\/\/kominki-elektryczne.pl\/blog\/it\/2022\/01\/10\/camino-elettrico-a-led-cortez-aflamo-caminetto-da-appoggio\/\"},\"wordCount\":157,\"publisher\":{\"@id\":\"https:\/\/kominki-elektryczne.pl\/blog\/#organization\"},\"image\":{\"@id\":\"https:\/\/kominki-elektryczne.pl\/blog\/it\/2022\/01\/10\/camino-elettrico-a-led-cortez-aflamo-caminetto-da-appoggio\/#primaryimage\"},\"thumbnailUrl\":\"https:\/\/kominki-elektryczne.pl\/blog\/wp-content\/uploads\/2022\/01\/cortez-1024x972.jpg\",\"keywords\":[\"Caminetti elettrici a LED\",\"caminetto da terra\",\"Camino a LED\",\"fornello\",\"il camino\"],\"inLanguage\":\"pl-PL\"},{\"@type\":\"WebPage\",\"@id\":\"https:\/\/kominki-elektryczne.pl\/blog\/it\/2022\/01\/10\/camino-elettrico-a-led-cortez-aflamo-caminetto-da-appoggio\/\",\"url\":\"https:\/\/kominki-elektryczne.pl\/blog\/it\/2022\/01\/10\/camino-elettrico-a-led-cortez-aflamo-caminetto-da-appoggio\/\",\"name\":\"Camino elettrico a LED Cortez Aflamo - caminetto da appoggio - Kominki-Elektryczne.pl\",\"isPartOf\":{\"@id\":\"https:\/\/kominki-elektryczne.pl\/blog\/#website\"},\"primaryImageOfPage\":{\"@id\":\"https:\/\/kominki-elektryczne.pl\/blog\/it\/2022\/01\/10\/camino-elettrico-a-led-cortez-aflamo-caminetto-da-appoggio\/#primaryimage\"},\"image\":{\"@id\":\"https:\/\/kominki-elektryczne.pl\/blog\/it\/2022\/01\/10\/camino-elettrico-a-led-cortez-aflamo-caminetto-da-appoggio\/#primaryimage\"},\"thumbnailUrl\":\"https:\/\/kominki-elektryczne.pl\/blog\/wp-content\/uploads\/2022\/01\/cortez-1024x972.jpg\",\"datePublished\":\"2022-01-10T14:02:05+00:00\",\"dateModified\":\"2024-10-08T10:14:46+00:00\",\"breadcrumb\":{\"@id\":\"https:\/\/kominki-elektryczne.pl\/blog\/it\/2022\/01\/10\/camino-elettrico-a-led-cortez-aflamo-caminetto-da-appoggio\/#breadcrumb\"},\"inLanguage\":\"pl-PL\",\"potentialAction\":[{\"@type\":\"ReadAction\",\"target\":[\"https:\/\/kominki-elektryczne.pl\/blog\/it\/2022\/01\/10\/camino-elettrico-a-led-cortez-aflamo-caminetto-da-appoggio\/\"]}]},{\"@type\":\"ImageObject\",\"inLanguage\":\"pl-PL\",\"@id\":\"https:\/\/kominki-elektryczne.pl\/blog\/it\/2022\/01\/10\/camino-elettrico-a-led-cortez-aflamo-caminetto-da-appoggio\/#primaryimage\",\"url\":\"https:\/\/kominki-elektryczne.pl\/blog\/wp-content\/uploads\/2022\/01\/cortez.jpg\",\"contentUrl\":\"https:\/\/kominki-elektryczne.pl\/blog\/wp-content\/uploads\/2022\/01\/cortez.jpg\",\"width\":2048,\"height\":1943},{\"@type\":\"BreadcrumbList\",\"@id\":\"https:\/\/kominki-elektryczne.pl\/blog\/it\/2022\/01\/10\/camino-elettrico-a-led-cortez-aflamo-caminetto-da-appoggio\/#breadcrumb\",\"itemListElement\":[{\"@type\":\"ListItem\",\"position\":1,\"name\":\"Strona g\u0142\u00f3wna\",\"item\":\"https:\/\/kominki-elektryczne.pl\/blog\/\"},{\"@type\":\"ListItem\",\"position\":2,\"name\":\"Camino elettrico a LED Cortez Aflamo &#8211; caminetto da appoggio\"}]},{\"@type\":\"WebSite\",\"@id\":\"https:\/\/kominki-elektryczne.pl\/blog\/#website\",\"url\":\"https:\/\/kominki-elektryczne.pl\/blog\/\",\"name\":\"Kominki-Elektryczne.pl\",\"description\":\"Opisy - Porady - Recenzje\",\"publisher\":{\"@id\":\"https:\/\/kominki-elektryczne.pl\/blog\/#organization\"},\"potentialAction\":[{\"@type\":\"SearchAction\",\"target\":{\"@type\":\"EntryPoint\",\"urlTemplate\":\"https:\/\/kominki-elektryczne.pl\/blog\/?s={search_term_string}\"},\"query-input\":{\"@type\":\"PropertyValueSpecification\",\"valueRequired\":true,\"valueName\":\"search_term_string\"}}],\"inLanguage\":\"pl-PL\"},{\"@type\":\"Organization\",\"@id\":\"https:\/\/kominki-elektryczne.pl\/blog\/#organization\",\"name\":\"Kominki-Elektryczne.pl\",\"url\":\"https:\/\/kominki-elektryczne.pl\/blog\/\",\"logo\":{\"@type\":\"ImageObject\",\"inLanguage\":\"pl-PL\",\"@id\":\"https:\/\/kominki-elektryczne.pl\/blog\/#\/schema\/logo\/image\/\",\"url\":\"https:\/\/kominki-elektryczne.pl\/blog\/wp-content\/uploads\/2025\/04\/cropped-LogoAflamo.jpg\",\"contentUrl\":\"https:\/\/kominki-elektryczne.pl\/blog\/wp-content\/uploads\/2025\/04\/cropped-LogoAflamo.jpg\",\"width\":200,\"height\":58,\"caption\":\"Kominki-Elektryczne.pl\"},\"image\":{\"@id\":\"https:\/\/kominki-elektryczne.pl\/blog\/#\/schema\/logo\/image\/\"},\"sameAs\":[\"https:\/\/www.facebook.com\/elektrycznekominki\"]},{\"@type\":\"Person\",\"@id\":\"https:\/\/kominki-elektryczne.pl\/blog\/#\/schema\/person\/045e7544e3e90364f5f82cc509123089\",\"name\":\"Kominkowy\",\"image\":{\"@type\":\"ImageObject\",\"inLanguage\":\"pl-PL\",\"@id\":\"https:\/\/kominki-elektryczne.pl\/blog\/#\/schema\/person\/image\/\",\"url\":\"https:\/\/secure.gravatar.com\/avatar\/8c15720599195e8ba4119df2db28ce7e?s=96&d=mm&r=g\",\"contentUrl\":\"https:\/\/secure.gravatar.com\/avatar\/8c15720599195e8ba4119df2db28ce7e?s=96&d=mm&r=g\",\"caption\":\"Kominkowy\"},\"sameAs\":[\"http:\/\/www.kominki-elektryczne.pl\"],\"url\":\"https:\/\/kominki-elektryczne.pl\/blog\/author\/led-handel\/\"}]}<\/script>\n<!-- \/ Yoast SEO plugin. -->","yoast_head_json":{"title":"Camino elettrico a LED Cortez Aflamo - caminetto da appoggio - Kominki-Elektryczne.pl","robots":{"index":"index","follow":"follow","max-snippet":"max-snippet:-1","max-image-preview":"max-image-preview:large","max-video-preview":"max-video-preview:-1"},"canonical":"https:\/\/kominki-elektryczne.pl\/blog\/it\/2022\/01\/10\/camino-elettrico-a-led-cortez-aflamo-caminetto-da-appoggio\/","og_locale":"pl_PL","og_type":"article","og_title":"Camino elettrico a LED Cortez Aflamo - caminetto da appoggio - Kominki-Elektryczne.pl","og_description":"Camino elettrico a LED Cortez Aflamo &#8211; caminetto da appoggio Il modello Cortez \u00e8 uno dei camini elettrici che appartengono alla famiglia dei camini elettrici a LED free standing. Il suo principale vantaggio \u00e8 che pu\u00f2 essere posizionato ovunque.La dimensione del camino \u00e8: larghezza: 56 &hellip;","og_url":"https:\/\/kominki-elektryczne.pl\/blog\/it\/2022\/01\/10\/camino-elettrico-a-led-cortez-aflamo-caminetto-da-appoggio\/","og_site_name":"Kominki-Elektryczne.pl","article_publisher":"https:\/\/www.facebook.com\/elektrycznekominki","article_published_time":"2022-01-10T14:02:05+00:00","article_modified_time":"2024-10-08T10:14:46+00:00","og_image":[{"width":2048,"height":1943,"url":"https:\/\/kominki-elektryczne.pl\/blog\/wp-content\/uploads\/2022\/01\/cortez.jpg","type":"image\/jpeg"}],"author":"Kominkowy","twitter_card":"summary_large_image","twitter_misc":{"Napisane przez":"Kominkowy","Szacowany czas czytania":"1 minuta"},"schema":{"@context":"https:\/\/schema.org","@graph":[{"@type":"Article","@id":"https:\/\/kominki-elektryczne.pl\/blog\/it\/2022\/01\/10\/camino-elettrico-a-led-cortez-aflamo-caminetto-da-appoggio\/#article","isPartOf":{"@id":"https:\/\/kominki-elektryczne.pl\/blog\/it\/2022\/01\/10\/camino-elettrico-a-led-cortez-aflamo-caminetto-da-appoggio\/"},"author":{"name":"Kominkowy","@id":"https:\/\/kominki-elektryczne.pl\/blog\/#\/schema\/person\/045e7544e3e90364f5f82cc509123089"},"headline":"Camino elettrico a LED Cortez Aflamo &#8211; caminetto da appoggio","datePublished":"2022-01-10T14:02:05+00:00","dateModified":"2024-10-08T10:14:46+00:00","mainEntityOfPage":{"@id":"https:\/\/kominki-elektryczne.pl\/blog\/it\/2022\/01\/10\/camino-elettrico-a-led-cortez-aflamo-caminetto-da-appoggio\/"},"wordCount":157,"publisher":{"@id":"https:\/\/kominki-elektryczne.pl\/blog\/#organization"},"image":{"@id":"https:\/\/kominki-elektryczne.pl\/blog\/it\/2022\/01\/10\/camino-elettrico-a-led-cortez-aflamo-caminetto-da-appoggio\/#primaryimage"},"thumbnailUrl":"https:\/\/kominki-elektryczne.pl\/blog\/wp-content\/uploads\/2022\/01\/cortez-1024x972.jpg","keywords":["Caminetti elettrici a LED","caminetto da terra","Camino a LED","fornello","il camino"],"inLanguage":"pl-PL"},{"@type":"WebPage","@id":"https:\/\/kominki-elektryczne.pl\/blog\/it\/2022\/01\/10\/camino-elettrico-a-led-cortez-aflamo-caminetto-da-appoggio\/","url":"https:\/\/kominki-elektryczne.pl\/blog\/it\/2022\/01\/10\/camino-elettrico-a-led-cortez-aflamo-caminetto-da-appoggio\/","name":"Camino elettrico a LED Cortez Aflamo - caminetto da appoggio - Kominki-Elektryczne.pl","isPartOf":{"@id":"https:\/\/kominki-elektryczne.pl\/blog\/#website"},"primaryImageOfPage":{"@id":"https:\/\/kominki-elektryczne.pl\/blog\/it\/2022\/01\/10\/camino-elettrico-a-led-cortez-aflamo-caminetto-da-appoggio\/#primaryimage"},"image":{"@id":"https:\/\/kominki-elektryczne.pl\/blog\/it\/2022\/01\/10\/camino-elettrico-a-led-cortez-aflamo-caminetto-da-appoggio\/#primaryimage"},"thumbnailUrl":"https:\/\/kominki-elektryczne.pl\/blog\/wp-content\/uploads\/2022\/01\/cortez-1024x972.jpg","datePublished":"2022-01-10T14:02:05+00:00","dateModified":"2024-10-08T10:14:46+00:00","breadcrumb":{"@id":"https:\/\/kominki-elektryczne.pl\/blog\/it\/2022\/01\/10\/camino-elettrico-a-led-cortez-aflamo-caminetto-da-appoggio\/#breadcrumb"},"inLanguage":"pl-PL","potentialAction":[{"@type":"ReadAction","target":["https:\/\/kominki-elektryczne.pl\/blog\/it\/2022\/01\/10\/camino-elettrico-a-led-cortez-aflamo-caminetto-da-appoggio\/"]}]},{"@type":"ImageObject","inLanguage":"pl-PL","@id":"https:\/\/kominki-elektryczne.pl\/blog\/it\/2022\/01\/10\/camino-elettrico-a-led-cortez-aflamo-caminetto-da-appoggio\/#primaryimage","url":"https:\/\/kominki-elektryczne.pl\/blog\/wp-content\/uploads\/2022\/01\/cortez.jpg","contentUrl":"https:\/\/kominki-elektryczne.pl\/blog\/wp-content\/uploads\/2022\/01\/cortez.jpg","width":2048,"height":1943},{"@type":"BreadcrumbList","@id":"https:\/\/kominki-elektryczne.pl\/blog\/it\/2022\/01\/10\/camino-elettrico-a-led-cortez-aflamo-caminetto-da-appoggio\/#breadcrumb","itemListElement":[{"@type":"ListItem","position":1,"name":"Strona g\u0142\u00f3wna","item":"https:\/\/kominki-elektryczne.pl\/blog\/"},{"@type":"ListItem","position":2,"name":"Camino elettrico a LED Cortez Aflamo &#8211; caminetto da appoggio"}]},{"@type":"WebSite","@id":"https:\/\/kominki-elektryczne.pl\/blog\/#website","url":"https:\/\/kominki-elektryczne.pl\/blog\/","name":"Kominki-Elektryczne.pl","description":"Opisy - Porady - Recenzje","publisher":{"@id":"https:\/\/kominki-elektryczne.pl\/blog\/#organization"},"potentialAction":[{"@type":"SearchAction","target":{"@type":"EntryPoint","urlTemplate":"https:\/\/kominki-elektryczne.pl\/blog\/?s={search_term_string}"},"query-input":{"@type":"PropertyValueSpecification","valueRequired":true,"valueName":"search_term_string"}}],"inLanguage":"pl-PL"},{"@type":"Organization","@id":"https:\/\/kominki-elektryczne.pl\/blog\/#organization","name":"Kominki-Elektryczne.pl","url":"https:\/\/kominki-elektryczne.pl\/blog\/","logo":{"@type":"ImageObject","inLanguage":"pl-PL","@id":"https:\/\/kominki-elektryczne.pl\/blog\/#\/schema\/logo\/image\/","url":"https:\/\/kominki-elektryczne.pl\/blog\/wp-content\/uploads\/2025\/04\/cropped-LogoAflamo.jpg","contentUrl":"https:\/\/kominki-elektryczne.pl\/blog\/wp-content\/uploads\/2025\/04\/cropped-LogoAflamo.jpg","width":200,"height":58,"caption":"Kominki-Elektryczne.pl"},"image":{"@id":"https:\/\/kominki-elektryczne.pl\/blog\/#\/schema\/logo\/image\/"},"sameAs":["https:\/\/www.facebook.com\/elektrycznekominki"]},{"@type":"Person","@id":"https:\/\/kominki-elektryczne.pl\/blog\/#\/schema\/person\/045e7544e3e90364f5f82cc509123089","name":"Kominkowy","image":{"@type":"ImageObject","inLanguage":"pl-PL","@id":"https:\/\/kominki-elektryczne.pl\/blog\/#\/schema\/person\/image\/","url":"https:\/\/secure.gravatar.com\/avatar\/8c15720599195e8ba4119df2db28ce7e?s=96&d=mm&r=g","contentUrl":"https:\/\/secure.gravatar.com\/avatar\/8c15720599195e8ba4119df2db28ce7e?s=96&d=mm&r=g","caption":"Kominkowy"},"sameAs":["http:\/\/www.kominki-elektryczne.pl"],"url":"https:\/\/kominki-elektryczne.pl\/blog\/author\/led-handel\/"}]}},"_links":{"self":[{"href":"https:\/\/kominki-elektryczne.pl\/blog\/wp-json\/wp\/v2\/posts\/463","targetHints":{"allow":["GET"]}}],"collection":[{"href":"https:\/\/kominki-elektryczne.pl\/blog\/wp-json\/wp\/v2\/posts"}],"about":[{"href":"https:\/\/kominki-elektryczne.pl\/blog\/wp-json\/wp\/v2\/types\/post"}],"author":[{"embeddable":true,"href":"https:\/\/kominki-elektryczne.pl\/blog\/wp-json\/wp\/v2\/users\/1"}],"replies":[{"embeddable":true,"href":"https:\/\/kominki-elektryczne.pl\/blog\/wp-json\/wp\/v2\/comments?post=463"}],"version-history":[{"count":3,"href":"https:\/\/kominki-elektryczne.pl\/blog\/wp-json\/wp\/v2\/posts\/463\/revisions"}],"predecessor-version":[{"id":485,"href":"https:\/\/kominki-elektryczne.pl\/blog\/wp-json\/wp\/v2\/posts\/463\/revisions\/485"}],"wp:attachment":[{"href":"https:\/\/kominki-elektryczne.pl\/blog\/wp-json\/wp\/v2\/media?parent=463"}],"wp:term":[{"taxonomy":"category","embeddable":true,"href":"https:\/\/kominki-elektryczne.pl\/blog\/wp-json\/wp\/v2\/categories?post=463"},{"taxonomy":"post_tag","embeddable":true,"href":"https:\/\/kominki-elektryczne.pl\/blog\/wp-json\/wp\/v2\/tags?post=463"}],"curies":[{"name":"wp","href":"https:\/\/api.w.org\/{rel}","templated":true}]}}