{"id":486,"date":"2022-01-11T11:27:00","date_gmt":"2022-01-11T10:27:00","guid":{"rendered":"https:\/\/kominki-elektryczne.pl\/blog\/?p=486"},"modified":"2024-10-08T12:14:46","modified_gmt":"2024-10-08T10:14:46","slug":"chimeneas-led-electricas-de-pared-aflamo","status":"publish","type":"post","link":"https:\/\/kominki-elektryczne.pl\/blog\/es\/2022\/01\/11\/chimeneas-led-electricas-de-pared-aflamo\/","title":{"rendered":"Chimeneas LED el\u00e9ctricas de pared &#8211; Aflamo"},"content":{"rendered":"\n<p>Se acercan las vacaciones y el ambiente festivo tambi\u00e9n. A la mayor\u00eda de las personas les gustar\u00eda pasarlas junto a la chimenea, pero no todos tienen un lugar en casa,<br>poner una chimenea el\u00e9ctrica en la vivienda o hacer un hueco,<br>para cubrir la chimenea. As\u00ed que nos apresuramos a ayudar y presentar chimeneas el\u00e9ctricas de pared.<\/p>\n\n\n\n<p>En nuestra tienda disponemos de una gran cantidad de modelos de chimeneas de pared, en varios tama\u00f1os, con paneles de vidrio planos o convexos<br>y en varios colores.<br>Instalamos la chimenea de pared solo con el uso de una tira de montaje<br>(que est\u00e1 incluido), p\u00e9guelo a la pared, cuelgue la chimenea<br>y estamos contentos con el hermoso efecto.<br>Todas nuestras chimeneas el\u00e9ctricas LED montadas en la pared tienen un hermoso efecto de llama LED, as\u00ed como una funci\u00f3n de calefacci\u00f3n.<br>Si no desea utilizar esta funci\u00f3n, tambi\u00e9n disponemos de modelos sin efecto calor.<\/p>\n\n\n\n<p>Le invitamos a familiarizarse con nuestras chimeneas de pared. Todos encontrar\u00e1n algo para s\u00ed mismos \ud83d\ude42<\/p>\n\n\n\n<p><a href=\"https:\/\/www.kominki-elektryczne.pl\/es\/16-chimeneas-led-electricas-de-pared\" target=\"_blank\" rel=\"noreferrer noopener\">www.kominki-elektryczne.pl\/es<\/a><\/p>\n\n\n\n<p>A continuaci\u00f3n les presento algunos arreglos con chimeneas de pared:<\/p>\n\n\n\n<figure class=\"wp-block-image size-large\"><a href=\"https:\/\/www.kominki-elektryczne.pl\/pl\/glowna\/159-kominek-elektryczny-scienny-aflamo-modena.html\"><img loading=\"lazy\" decoding=\"async\" width=\"1024\" height=\"683\" src=\"https:\/\/kominki-elektryczne.pl\/blog\/wp-content\/uploads\/2021\/12\/Modena_bialy_B1-1024x683.jpg\" alt=\"\" class=\"wp-image-443\" srcset=\"https:\/\/kominki-elektryczne.pl\/blog\/wp-content\/uploads\/2021\/12\/Modena_bialy_B1-1024x683.jpg 1024w, https:\/\/kominki-elektryczne.pl\/blog\/wp-content\/uploads\/2021\/12\/Modena_bialy_B1-300x200.jpg 300w, https:\/\/kominki-elektryczne.pl\/blog\/wp-content\/uploads\/2021\/12\/Modena_bialy_B1-768x512.jpg 768w, https:\/\/kominki-elektryczne.pl\/blog\/wp-content\/uploads\/2021\/12\/Modena_bialy_B1-1536x1024.jpg 1536w, https:\/\/kominki-elektryczne.pl\/blog\/wp-content\/uploads\/2021\/12\/Modena_bialy_B1.jpg 2048w\" sizes=\"auto, (max-width: 1024px) 100vw, 1024px\" \/><\/a><figcaption>Chimenea el\u00e9ctrica de pared MODENA<\/figcaption><\/figure>\n\n\n\n<figure class=\"wp-block-image size-large\"><a href=\"https:\/\/www.kominki-elektryczne.pl\/pl\/szukaj?controller=search&amp;s=albion\"><img loading=\"lazy\" decoding=\"async\" width=\"1024\" height=\"768\" src=\"https:\/\/kominki-elektryczne.pl\/blog\/wp-content\/uploads\/2021\/12\/albion-42-czarny-3-1024x768.jpg\" alt=\"\" class=\"wp-image-444\" srcset=\"https:\/\/kominki-elektryczne.pl\/blog\/wp-content\/uploads\/2021\/12\/albion-42-czarny-3-1024x768.jpg 1024w, https:\/\/kominki-elektryczne.pl\/blog\/wp-content\/uploads\/2021\/12\/albion-42-czarny-3-300x225.jpg 300w, https:\/\/kominki-elektryczne.pl\/blog\/wp-content\/uploads\/2021\/12\/albion-42-czarny-3-768x576.jpg 768w, https:\/\/kominki-elektryczne.pl\/blog\/wp-content\/uploads\/2021\/12\/albion-42-czarny-3-1536x1152.jpg 1536w, https:\/\/kominki-elektryczne.pl\/blog\/wp-content\/uploads\/2021\/12\/albion-42-czarny-3.jpg 2048w\" sizes=\"auto, (max-width: 1024px) 100vw, 1024px\" \/><\/a><figcaption>Chimenea el\u00e9ctrica LED Albion<\/figcaption><\/figure>\n\n\n\n<figure class=\"wp-block-image size-large\"><a href=\"https:\/\/www.kominki-elektryczne.pl\/pl\/szukaj?controller=search&amp;s=malibu\"><img loading=\"lazy\" decoding=\"async\" width=\"1024\" height=\"724\" src=\"https:\/\/kominki-elektryczne.pl\/blog\/wp-content\/uploads\/2021\/12\/malibu-24-czarny-1-1024x724.jpg\" alt=\"\" class=\"wp-image-445\" srcset=\"https:\/\/kominki-elektryczne.pl\/blog\/wp-content\/uploads\/2021\/12\/malibu-24-czarny-1-1024x724.jpg 1024w, https:\/\/kominki-elektryczne.pl\/blog\/wp-content\/uploads\/2021\/12\/malibu-24-czarny-1-300x212.jpg 300w, https:\/\/kominki-elektryczne.pl\/blog\/wp-content\/uploads\/2021\/12\/malibu-24-czarny-1-768x543.jpg 768w, https:\/\/kominki-elektryczne.pl\/blog\/wp-content\/uploads\/2021\/12\/malibu-24-czarny-1-1536x1086.jpg 1536w, https:\/\/kominki-elektryczne.pl\/blog\/wp-content\/uploads\/2021\/12\/malibu-24-czarny-1.jpg 2048w\" sizes=\"auto, (max-width: 1024px) 100vw, 1024px\" \/><\/a><figcaption>Chimenea el\u00e9ctrica LED Malibu<\/figcaption><\/figure>\n\n\n\n<figure class=\"wp-block-image size-large\"><a href=\"https:\/\/www.kominki-elektryczne.pl\/pl\/szukaj?controller=search&amp;s=malibu\"><img loading=\"lazy\" decoding=\"async\" width=\"1024\" height=\"614\" src=\"https:\/\/kominki-elektryczne.pl\/blog\/wp-content\/uploads\/2021\/12\/malibu-48-bialy-1-1024x614.jpg\" alt=\"\" class=\"wp-image-446\" srcset=\"https:\/\/kominki-elektryczne.pl\/blog\/wp-content\/uploads\/2021\/12\/malibu-48-bialy-1-1024x614.jpg 1024w, https:\/\/kominki-elektryczne.pl\/blog\/wp-content\/uploads\/2021\/12\/malibu-48-bialy-1-300x180.jpg 300w, https:\/\/kominki-elektryczne.pl\/blog\/wp-content\/uploads\/2021\/12\/malibu-48-bialy-1-768x461.jpg 768w, https:\/\/kominki-elektryczne.pl\/blog\/wp-content\/uploads\/2021\/12\/malibu-48-bialy-1-1536x921.jpg 1536w, https:\/\/kominki-elektryczne.pl\/blog\/wp-content\/uploads\/2021\/12\/malibu-48-bialy-1-2000x1200.jpg 2000w, https:\/\/kominki-elektryczne.pl\/blog\/wp-content\/uploads\/2021\/12\/malibu-48-bialy-1.jpg 2048w\" sizes=\"auto, (max-width: 1024px) 100vw, 1024px\" \/><\/a><figcaption>Chimenea el\u00e9ctrica LED blanca Malibu<\/figcaption><\/figure>\n","protected":false},"excerpt":{"rendered":"<p>Se acercan las vacaciones y el ambiente festivo tambi\u00e9n. A la mayor\u00eda de las personas les gustar\u00eda pasarlas junto a la chimenea, pero no todos tienen un lugar en casa,poner una chimenea el\u00e9ctrica en la vivienda o hacer un hueco,para cubrir la chimenea. As\u00ed que &hellip; <\/p>\n","protected":false},"author":1,"featured_media":0,"comment_status":"closed","ping_status":"closed","sticky":false,"template":"","format":"standard","meta":{"footnotes":""},"categories":[29],"tags":[154,138,142,124,155,126],"class_list":["post-486","post","type-post","status-publish","format-standard","hentry","category-bez-kategorii-es","tag-chimenea-electrica-de-pared","tag-chimenea-electrica-led","tag-chimenea-en-la-pared","tag-chimenea-led","tag-chimenea-para-colgar","tag-hogar"],"yoast_head":"<!-- This site is optimized with the Yoast SEO plugin v25.7 - https:\/\/yoast.com\/wordpress\/plugins\/seo\/ -->\n<title>Chimeneas LED el\u00e9ctricas de pared - Aflamo - Kominki-Elektryczne.pl<\/title>\n<meta name=\"robots\" content=\"index, follow, max-snippet:-1, max-image-preview:large, max-video-preview:-1\" \/>\n<link rel=\"canonical\" href=\"https:\/\/kominki-elektryczne.pl\/blog\/es\/2022\/01\/11\/chimeneas-led-electricas-de-pared-aflamo\/\" \/>\n<meta property=\"og:locale\" content=\"pl_PL\" \/>\n<meta property=\"og:type\" content=\"article\" \/>\n<meta property=\"og:title\" content=\"Chimeneas LED el\u00e9ctricas de pared - Aflamo - Kominki-Elektryczne.pl\" \/>\n<meta property=\"og:description\" content=\"Se acercan las vacaciones y el ambiente festivo tambi\u00e9n. A la mayor\u00eda de las personas les gustar\u00eda pasarlas junto a la chimenea, pero no todos tienen un lugar en casa,poner una chimenea el\u00e9ctrica en la vivienda o hacer un hueco,para cubrir la chimenea. As\u00ed que &hellip;\" \/>\n<meta property=\"og:url\" content=\"https:\/\/kominki-elektryczne.pl\/blog\/es\/2022\/01\/11\/chimeneas-led-electricas-de-pared-aflamo\/\" \/>\n<meta property=\"og:site_name\" content=\"Kominki-Elektryczne.pl\" \/>\n<meta property=\"article:publisher\" content=\"https:\/\/www.facebook.com\/elektrycznekominki\" \/>\n<meta property=\"article:published_time\" content=\"2022-01-11T10:27:00+00:00\" \/>\n<meta property=\"article:modified_time\" content=\"2024-10-08T10:14:46+00:00\" \/>\n<meta property=\"og:image\" content=\"https:\/\/kominki-elektryczne.pl\/blog\/wp-content\/uploads\/2021\/12\/Modena_bialy_B1.jpg\" \/>\n\t<meta property=\"og:image:width\" content=\"2048\" \/>\n\t<meta property=\"og:image:height\" content=\"1365\" \/>\n\t<meta property=\"og:image:type\" content=\"image\/jpeg\" \/>\n<meta name=\"author\" content=\"Kominkowy\" \/>\n<meta name=\"twitter:card\" content=\"summary_large_image\" \/>\n<meta name=\"twitter:label1\" content=\"Napisane przez\" \/>\n\t<meta name=\"twitter:data1\" content=\"Kominkowy\" \/>\n\t<meta name=\"twitter:label2\" content=\"Szacowany czas czytania\" \/>\n\t<meta name=\"twitter:data2\" content=\"1 minuta\" \/>\n<script type=\"application\/ld+json\" class=\"yoast-schema-graph\">{\"@context\":\"https:\/\/schema.org\",\"@graph\":[{\"@type\":\"Article\",\"@id\":\"https:\/\/kominki-elektryczne.pl\/blog\/es\/2022\/01\/11\/chimeneas-led-electricas-de-pared-aflamo\/#article\",\"isPartOf\":{\"@id\":\"https:\/\/kominki-elektryczne.pl\/blog\/es\/2022\/01\/11\/chimeneas-led-electricas-de-pared-aflamo\/\"},\"author\":{\"name\":\"Kominkowy\",\"@id\":\"https:\/\/kominki-elektryczne.pl\/blog\/#\/schema\/person\/045e7544e3e90364f5f82cc509123089\"},\"headline\":\"Chimeneas LED el\u00e9ctricas de pared &#8211; Aflamo\",\"datePublished\":\"2022-01-11T10:27:00+00:00\",\"dateModified\":\"2024-10-08T10:14:46+00:00\",\"mainEntityOfPage\":{\"@id\":\"https:\/\/kominki-elektryczne.pl\/blog\/es\/2022\/01\/11\/chimeneas-led-electricas-de-pared-aflamo\/\"},\"wordCount\":222,\"publisher\":{\"@id\":\"https:\/\/kominki-elektryczne.pl\/blog\/#organization\"},\"image\":{\"@id\":\"https:\/\/kominki-elektryczne.pl\/blog\/es\/2022\/01\/11\/chimeneas-led-electricas-de-pared-aflamo\/#primaryimage\"},\"thumbnailUrl\":\"https:\/\/kominki-elektryczne.pl\/blog\/wp-content\/uploads\/2021\/12\/Modena_bialy_B1-1024x683.jpg\",\"keywords\":[\"Chimenea el\u00e9ctrica de pared\",\"Chimenea el\u00e9ctrica LED\",\"chimenea en la pared\",\"Chimenea LED\",\"chimenea para colgar\",\"hogar\"],\"inLanguage\":\"pl-PL\"},{\"@type\":\"WebPage\",\"@id\":\"https:\/\/kominki-elektryczne.pl\/blog\/es\/2022\/01\/11\/chimeneas-led-electricas-de-pared-aflamo\/\",\"url\":\"https:\/\/kominki-elektryczne.pl\/blog\/es\/2022\/01\/11\/chimeneas-led-electricas-de-pared-aflamo\/\",\"name\":\"Chimeneas LED el\u00e9ctricas de pared - Aflamo - Kominki-Elektryczne.pl\",\"isPartOf\":{\"@id\":\"https:\/\/kominki-elektryczne.pl\/blog\/#website\"},\"primaryImageOfPage\":{\"@id\":\"https:\/\/kominki-elektryczne.pl\/blog\/es\/2022\/01\/11\/chimeneas-led-electricas-de-pared-aflamo\/#primaryimage\"},\"image\":{\"@id\":\"https:\/\/kominki-elektryczne.pl\/blog\/es\/2022\/01\/11\/chimeneas-led-electricas-de-pared-aflamo\/#primaryimage\"},\"thumbnailUrl\":\"https:\/\/kominki-elektryczne.pl\/blog\/wp-content\/uploads\/2021\/12\/Modena_bialy_B1-1024x683.jpg\",\"datePublished\":\"2022-01-11T10:27:00+00:00\",\"dateModified\":\"2024-10-08T10:14:46+00:00\",\"breadcrumb\":{\"@id\":\"https:\/\/kominki-elektryczne.pl\/blog\/es\/2022\/01\/11\/chimeneas-led-electricas-de-pared-aflamo\/#breadcrumb\"},\"inLanguage\":\"pl-PL\",\"potentialAction\":[{\"@type\":\"ReadAction\",\"target\":[\"https:\/\/kominki-elektryczne.pl\/blog\/es\/2022\/01\/11\/chimeneas-led-electricas-de-pared-aflamo\/\"]}]},{\"@type\":\"ImageObject\",\"inLanguage\":\"pl-PL\",\"@id\":\"https:\/\/kominki-elektryczne.pl\/blog\/es\/2022\/01\/11\/chimeneas-led-electricas-de-pared-aflamo\/#primaryimage\",\"url\":\"https:\/\/kominki-elektryczne.pl\/blog\/wp-content\/uploads\/2021\/12\/Modena_bialy_B1.jpg\",\"contentUrl\":\"https:\/\/kominki-elektryczne.pl\/blog\/wp-content\/uploads\/2021\/12\/Modena_bialy_B1.jpg\",\"width\":2048,\"height\":1365},{\"@type\":\"BreadcrumbList\",\"@id\":\"https:\/\/kominki-elektryczne.pl\/blog\/es\/2022\/01\/11\/chimeneas-led-electricas-de-pared-aflamo\/#breadcrumb\",\"itemListElement\":[{\"@type\":\"ListItem\",\"position\":1,\"name\":\"Strona g\u0142\u00f3wna\",\"item\":\"https:\/\/kominki-elektryczne.pl\/blog\/\"},{\"@type\":\"ListItem\",\"position\":2,\"name\":\"Chimeneas LED el\u00e9ctricas de pared &#8211; Aflamo\"}]},{\"@type\":\"WebSite\",\"@id\":\"https:\/\/kominki-elektryczne.pl\/blog\/#website\",\"url\":\"https:\/\/kominki-elektryczne.pl\/blog\/\",\"name\":\"Kominki-Elektryczne.pl\",\"description\":\"Opisy - Porady - Recenzje\",\"publisher\":{\"@id\":\"https:\/\/kominki-elektryczne.pl\/blog\/#organization\"},\"potentialAction\":[{\"@type\":\"SearchAction\",\"target\":{\"@type\":\"EntryPoint\",\"urlTemplate\":\"https:\/\/kominki-elektryczne.pl\/blog\/?s={search_term_string}\"},\"query-input\":{\"@type\":\"PropertyValueSpecification\",\"valueRequired\":true,\"valueName\":\"search_term_string\"}}],\"inLanguage\":\"pl-PL\"},{\"@type\":\"Organization\",\"@id\":\"https:\/\/kominki-elektryczne.pl\/blog\/#organization\",\"name\":\"Kominki-Elektryczne.pl\",\"url\":\"https:\/\/kominki-elektryczne.pl\/blog\/\",\"logo\":{\"@type\":\"ImageObject\",\"inLanguage\":\"pl-PL\",\"@id\":\"https:\/\/kominki-elektryczne.pl\/blog\/#\/schema\/logo\/image\/\",\"url\":\"https:\/\/kominki-elektryczne.pl\/blog\/wp-content\/uploads\/2025\/04\/cropped-LogoAflamo.jpg\",\"contentUrl\":\"https:\/\/kominki-elektryczne.pl\/blog\/wp-content\/uploads\/2025\/04\/cropped-LogoAflamo.jpg\",\"width\":200,\"height\":58,\"caption\":\"Kominki-Elektryczne.pl\"},\"image\":{\"@id\":\"https:\/\/kominki-elektryczne.pl\/blog\/#\/schema\/logo\/image\/\"},\"sameAs\":[\"https:\/\/www.facebook.com\/elektrycznekominki\"]},{\"@type\":\"Person\",\"@id\":\"https:\/\/kominki-elektryczne.pl\/blog\/#\/schema\/person\/045e7544e3e90364f5f82cc509123089\",\"name\":\"Kominkowy\",\"image\":{\"@type\":\"ImageObject\",\"inLanguage\":\"pl-PL\",\"@id\":\"https:\/\/kominki-elektryczne.pl\/blog\/#\/schema\/person\/image\/\",\"url\":\"https:\/\/secure.gravatar.com\/avatar\/8c15720599195e8ba4119df2db28ce7e?s=96&d=mm&r=g\",\"contentUrl\":\"https:\/\/secure.gravatar.com\/avatar\/8c15720599195e8ba4119df2db28ce7e?s=96&d=mm&r=g\",\"caption\":\"Kominkowy\"},\"sameAs\":[\"http:\/\/www.kominki-elektryczne.pl\"],\"url\":\"https:\/\/kominki-elektryczne.pl\/blog\/author\/led-handel\/\"}]}<\/script>\n<!-- \/ Yoast SEO plugin. -->","yoast_head_json":{"title":"Chimeneas LED el\u00e9ctricas de pared - Aflamo - Kominki-Elektryczne.pl","robots":{"index":"index","follow":"follow","max-snippet":"max-snippet:-1","max-image-preview":"max-image-preview:large","max-video-preview":"max-video-preview:-1"},"canonical":"https:\/\/kominki-elektryczne.pl\/blog\/es\/2022\/01\/11\/chimeneas-led-electricas-de-pared-aflamo\/","og_locale":"pl_PL","og_type":"article","og_title":"Chimeneas LED el\u00e9ctricas de pared - Aflamo - Kominki-Elektryczne.pl","og_description":"Se acercan las vacaciones y el ambiente festivo tambi\u00e9n. A la mayor\u00eda de las personas les gustar\u00eda pasarlas junto a la chimenea, pero no todos tienen un lugar en casa,poner una chimenea el\u00e9ctrica en la vivienda o hacer un hueco,para cubrir la chimenea. As\u00ed que &hellip;","og_url":"https:\/\/kominki-elektryczne.pl\/blog\/es\/2022\/01\/11\/chimeneas-led-electricas-de-pared-aflamo\/","og_site_name":"Kominki-Elektryczne.pl","article_publisher":"https:\/\/www.facebook.com\/elektrycznekominki","article_published_time":"2022-01-11T10:27:00+00:00","article_modified_time":"2024-10-08T10:14:46+00:00","og_image":[{"width":2048,"height":1365,"url":"https:\/\/kominki-elektryczne.pl\/blog\/wp-content\/uploads\/2021\/12\/Modena_bialy_B1.jpg","type":"image\/jpeg"}],"author":"Kominkowy","twitter_card":"summary_large_image","twitter_misc":{"Napisane przez":"Kominkowy","Szacowany czas czytania":"1 minuta"},"schema":{"@context":"https:\/\/schema.org","@graph":[{"@type":"Article","@id":"https:\/\/kominki-elektryczne.pl\/blog\/es\/2022\/01\/11\/chimeneas-led-electricas-de-pared-aflamo\/#article","isPartOf":{"@id":"https:\/\/kominki-elektryczne.pl\/blog\/es\/2022\/01\/11\/chimeneas-led-electricas-de-pared-aflamo\/"},"author":{"name":"Kominkowy","@id":"https:\/\/kominki-elektryczne.pl\/blog\/#\/schema\/person\/045e7544e3e90364f5f82cc509123089"},"headline":"Chimeneas LED el\u00e9ctricas de pared &#8211; Aflamo","datePublished":"2022-01-11T10:27:00+00:00","dateModified":"2024-10-08T10:14:46+00:00","mainEntityOfPage":{"@id":"https:\/\/kominki-elektryczne.pl\/blog\/es\/2022\/01\/11\/chimeneas-led-electricas-de-pared-aflamo\/"},"wordCount":222,"publisher":{"@id":"https:\/\/kominki-elektryczne.pl\/blog\/#organization"},"image":{"@id":"https:\/\/kominki-elektryczne.pl\/blog\/es\/2022\/01\/11\/chimeneas-led-electricas-de-pared-aflamo\/#primaryimage"},"thumbnailUrl":"https:\/\/kominki-elektryczne.pl\/blog\/wp-content\/uploads\/2021\/12\/Modena_bialy_B1-1024x683.jpg","keywords":["Chimenea el\u00e9ctrica de pared","Chimenea el\u00e9ctrica LED","chimenea en la pared","Chimenea LED","chimenea para colgar","hogar"],"inLanguage":"pl-PL"},{"@type":"WebPage","@id":"https:\/\/kominki-elektryczne.pl\/blog\/es\/2022\/01\/11\/chimeneas-led-electricas-de-pared-aflamo\/","url":"https:\/\/kominki-elektryczne.pl\/blog\/es\/2022\/01\/11\/chimeneas-led-electricas-de-pared-aflamo\/","name":"Chimeneas LED el\u00e9ctricas de pared - Aflamo - Kominki-Elektryczne.pl","isPartOf":{"@id":"https:\/\/kominki-elektryczne.pl\/blog\/#website"},"primaryImageOfPage":{"@id":"https:\/\/kominki-elektryczne.pl\/blog\/es\/2022\/01\/11\/chimeneas-led-electricas-de-pared-aflamo\/#primaryimage"},"image":{"@id":"https:\/\/kominki-elektryczne.pl\/blog\/es\/2022\/01\/11\/chimeneas-led-electricas-de-pared-aflamo\/#primaryimage"},"thumbnailUrl":"https:\/\/kominki-elektryczne.pl\/blog\/wp-content\/uploads\/2021\/12\/Modena_bialy_B1-1024x683.jpg","datePublished":"2022-01-11T10:27:00+00:00","dateModified":"2024-10-08T10:14:46+00:00","breadcrumb":{"@id":"https:\/\/kominki-elektryczne.pl\/blog\/es\/2022\/01\/11\/chimeneas-led-electricas-de-pared-aflamo\/#breadcrumb"},"inLanguage":"pl-PL","potentialAction":[{"@type":"ReadAction","target":["https:\/\/kominki-elektryczne.pl\/blog\/es\/2022\/01\/11\/chimeneas-led-electricas-de-pared-aflamo\/"]}]},{"@type":"ImageObject","inLanguage":"pl-PL","@id":"https:\/\/kominki-elektryczne.pl\/blog\/es\/2022\/01\/11\/chimeneas-led-electricas-de-pared-aflamo\/#primaryimage","url":"https:\/\/kominki-elektryczne.pl\/blog\/wp-content\/uploads\/2021\/12\/Modena_bialy_B1.jpg","contentUrl":"https:\/\/kominki-elektryczne.pl\/blog\/wp-content\/uploads\/2021\/12\/Modena_bialy_B1.jpg","width":2048,"height":1365},{"@type":"BreadcrumbList","@id":"https:\/\/kominki-elektryczne.pl\/blog\/es\/2022\/01\/11\/chimeneas-led-electricas-de-pared-aflamo\/#breadcrumb","itemListElement":[{"@type":"ListItem","position":1,"name":"Strona g\u0142\u00f3wna","item":"https:\/\/kominki-elektryczne.pl\/blog\/"},{"@type":"ListItem","position":2,"name":"Chimeneas LED el\u00e9ctricas de pared &#8211; Aflamo"}]},{"@type":"WebSite","@id":"https:\/\/kominki-elektryczne.pl\/blog\/#website","url":"https:\/\/kominki-elektryczne.pl\/blog\/","name":"Kominki-Elektryczne.pl","description":"Opisy - Porady - Recenzje","publisher":{"@id":"https:\/\/kominki-elektryczne.pl\/blog\/#organization"},"potentialAction":[{"@type":"SearchAction","target":{"@type":"EntryPoint","urlTemplate":"https:\/\/kominki-elektryczne.pl\/blog\/?s={search_term_string}"},"query-input":{"@type":"PropertyValueSpecification","valueRequired":true,"valueName":"search_term_string"}}],"inLanguage":"pl-PL"},{"@type":"Organization","@id":"https:\/\/kominki-elektryczne.pl\/blog\/#organization","name":"Kominki-Elektryczne.pl","url":"https:\/\/kominki-elektryczne.pl\/blog\/","logo":{"@type":"ImageObject","inLanguage":"pl-PL","@id":"https:\/\/kominki-elektryczne.pl\/blog\/#\/schema\/logo\/image\/","url":"https:\/\/kominki-elektryczne.pl\/blog\/wp-content\/uploads\/2025\/04\/cropped-LogoAflamo.jpg","contentUrl":"https:\/\/kominki-elektryczne.pl\/blog\/wp-content\/uploads\/2025\/04\/cropped-LogoAflamo.jpg","width":200,"height":58,"caption":"Kominki-Elektryczne.pl"},"image":{"@id":"https:\/\/kominki-elektryczne.pl\/blog\/#\/schema\/logo\/image\/"},"sameAs":["https:\/\/www.facebook.com\/elektrycznekominki"]},{"@type":"Person","@id":"https:\/\/kominki-elektryczne.pl\/blog\/#\/schema\/person\/045e7544e3e90364f5f82cc509123089","name":"Kominkowy","image":{"@type":"ImageObject","inLanguage":"pl-PL","@id":"https:\/\/kominki-elektryczne.pl\/blog\/#\/schema\/person\/image\/","url":"https:\/\/secure.gravatar.com\/avatar\/8c15720599195e8ba4119df2db28ce7e?s=96&d=mm&r=g","contentUrl":"https:\/\/secure.gravatar.com\/avatar\/8c15720599195e8ba4119df2db28ce7e?s=96&d=mm&r=g","caption":"Kominkowy"},"sameAs":["http:\/\/www.kominki-elektryczne.pl"],"url":"https:\/\/kominki-elektryczne.pl\/blog\/author\/led-handel\/"}]}},"_links":{"self":[{"href":"https:\/\/kominki-elektryczne.pl\/blog\/wp-json\/wp\/v2\/posts\/486","targetHints":{"allow":["GET"]}}],"collection":[{"href":"https:\/\/kominki-elektryczne.pl\/blog\/wp-json\/wp\/v2\/posts"}],"about":[{"href":"https:\/\/kominki-elektryczne.pl\/blog\/wp-json\/wp\/v2\/types\/post"}],"author":[{"embeddable":true,"href":"https:\/\/kominki-elektryczne.pl\/blog\/wp-json\/wp\/v2\/users\/1"}],"replies":[{"embeddable":true,"href":"https:\/\/kominki-elektryczne.pl\/blog\/wp-json\/wp\/v2\/comments?post=486"}],"version-history":[{"count":1,"href":"https:\/\/kominki-elektryczne.pl\/blog\/wp-json\/wp\/v2\/posts\/486\/revisions"}],"predecessor-version":[{"id":487,"href":"https:\/\/kominki-elektryczne.pl\/blog\/wp-json\/wp\/v2\/posts\/486\/revisions\/487"}],"wp:attachment":[{"href":"https:\/\/kominki-elektryczne.pl\/blog\/wp-json\/wp\/v2\/media?parent=486"}],"wp:term":[{"taxonomy":"category","embeddable":true,"href":"https:\/\/kominki-elektryczne.pl\/blog\/wp-json\/wp\/v2\/categories?post=486"},{"taxonomy":"post_tag","embeddable":true,"href":"https:\/\/kominki-elektryczne.pl\/blog\/wp-json\/wp\/v2\/tags?post=486"}],"curies":[{"name":"wp","href":"https:\/\/api.w.org\/{rel}","templated":true}]}}