{"id":533,"date":"2022-02-16T14:51:32","date_gmt":"2022-02-16T13:51:32","guid":{"rendered":"https:\/\/kominki-elektryczne.pl\/blog\/?p=533"},"modified":"2024-10-08T12:14:45","modified_gmt":"2024-10-08T10:14:45","slug":"una-novedad-entre-las-chimeneas-de-piedra-stones-2d","status":"publish","type":"post","link":"https:\/\/kominki-elektryczne.pl\/blog\/es\/2022\/02\/16\/una-novedad-entre-las-chimeneas-de-piedra-stones-2d\/","title":{"rendered":"Una novedad entre las chimeneas de piedra &#8211; Stones 2D"},"content":{"rendered":"\n<p>Hoy me gustar\u00eda presentaros una completa novedad entre las chimeneas el\u00e9ctricas de piedra.<\/p>\n\n\n\n<p>En el sitio recientemente not\u00e9 una hermosa chimenea de piedra.<\/p>\n\n\n\n<p>Me deleit\u00f3 con su estricta apariencia. En mi opini\u00f3n, la chimenea es un reemplazo m\u00e1s peque\u00f1o y agradable para la ic\u00f3nica chimenea Genius, que no est\u00e1 disponible en este momento.<\/p>\n\n\n\n<p>Hablamos de la chimenea Stones 2D<\/p>\n\n\n\n<div class=\"wp-block-image\"><figure class=\"aligncenter size-large is-resized\"><a href=\"https:\/\/www.youtube.com\/watch?v=orF6DpcRynw\"><img loading=\"lazy\" decoding=\"async\" src=\"https:\/\/kominki-elektryczne.pl\/blog\/wp-content\/uploads\/2022\/02\/stones-1-1024x578.png\" alt=\"\" class=\"wp-image-527\" width=\"650\" height=\"367\" srcset=\"https:\/\/kominki-elektryczne.pl\/blog\/wp-content\/uploads\/2022\/02\/stones-1-1024x578.png 1024w, https:\/\/kominki-elektryczne.pl\/blog\/wp-content\/uploads\/2022\/02\/stones-1-300x169.png 300w, https:\/\/kominki-elektryczne.pl\/blog\/wp-content\/uploads\/2022\/02\/stones-1-768x433.png 768w, https:\/\/kominki-elektryczne.pl\/blog\/wp-content\/uploads\/2022\/02\/stones-1.png 1184w\" sizes=\"auto, (max-width: 650px) 100vw, 650px\" \/><\/a><\/figure><\/div>\n\n\n\n<p>Su carcasa est\u00e1 realizada con enchapes de piedra, cuyos colores son cuidadosamente seleccionados. La chimenea parece haber sido arreglada a mano por un alba\u00f1il profesional. La tapa y el fondo de madera son r\u00fasticos, de color caf\u00e9 y combinan a la perfecci\u00f3n con su exclusivo aspecto de piedra.<\/p>\n\n\n\n<p>Las dimensiones de la chimenea no son grandes, por lo que ser\u00e1 perfecta para cualquier hogar o apartamento, d\u00e1ndole un aspecto \u00fanico.<\/p>\n\n\n\n<p><\/p>\n\n\n\n<p class=\"has-text-align-center\">Las dimensiones de la chimenea son:<\/p>\n\n\n\n<p class=\"has-text-align-center\">alto: 100 cm, ancho: 90 cm, profundidad: 31,5 cm<\/p>\n\n\n\n<div class=\"wp-block-image\"><figure class=\"aligncenter size-full is-resized\"><img loading=\"lazy\" decoding=\"async\" src=\"https:\/\/kominki-elektryczne.pl\/blog\/wp-content\/uploads\/2022\/02\/Aflamo-GENIUS-50-dimensions-1-900x635-1.png\" alt=\"\" class=\"wp-image-528\" width=\"653\" height=\"460\" srcset=\"https:\/\/kominki-elektryczne.pl\/blog\/wp-content\/uploads\/2022\/02\/Aflamo-GENIUS-50-dimensions-1-900x635-1.png 900w, https:\/\/kominki-elektryczne.pl\/blog\/wp-content\/uploads\/2022\/02\/Aflamo-GENIUS-50-dimensions-1-900x635-1-300x212.png 300w, https:\/\/kominki-elektryczne.pl\/blog\/wp-content\/uploads\/2022\/02\/Aflamo-GENIUS-50-dimensions-1-900x635-1-768x542.png 768w\" sizes=\"auto, (max-width: 653px) 100vw, 653px\" \/><\/figure><\/div>\n\n\n\n<div class=\"wp-block-image\"><figure class=\"aligncenter size-full is-resized\"><img loading=\"lazy\" decoding=\"async\" src=\"https:\/\/kominki-elektryczne.pl\/blog\/wp-content\/uploads\/2022\/02\/led50_remote.jpg\" alt=\"\" class=\"wp-image-529\" width=\"454\" height=\"277\" srcset=\"https:\/\/kominki-elektryczne.pl\/blog\/wp-content\/uploads\/2022\/02\/led50_remote.jpg 492w, https:\/\/kominki-elektryczne.pl\/blog\/wp-content\/uploads\/2022\/02\/led50_remote-300x183.jpg 300w\" sizes=\"auto, (max-width: 454px) 100vw, 454px\" \/><\/figure><\/div>\n\n\n\n<p>En la chimenea Stones 2D encontramos el insertable LED 50 Classic:<\/p>\n\n\n\n<ol class=\"wp-block-list\"><li>Llama realista y de bajo consumo en los siguientes colores: naranja, amarillo y naranja-amarillo, 5 brillos de la llama, 5 brillos de la c\u00e1mara de combusti\u00f3n<\/li><li>Sensor de ventana abierta<\/li><li>2 niveles de potencia de calefacci\u00f3n: 900\/1800 W<\/li><li>Funci\u00f3n de calentamiento con control de temperatura de 18 a 27 \u00b0C<\/li><li>Control remoto<\/li><\/ol>\n\n\n\n<p><\/p>\n\n\n\n<p>Puede encontrar m\u00e1s informaci\u00f3n sobre la chimenea Stones aqu\u00ed:<br><a href=\"https:\/\/www.kominki-elektryczne.pl\/es\/szukaj?s=stones\" target=\"_blank\" rel=\"noreferrer noopener\">Stones 2D electric fireplace<\/a><\/p>\n","protected":false},"excerpt":{"rendered":"<p>Hoy me gustar\u00eda presentaros una completa novedad entre las chimeneas el\u00e9ctricas de piedra. En el sitio recientemente not\u00e9 una hermosa chimenea de piedra. Me deleit\u00f3 con su estricta apariencia. En mi opini\u00f3n, la chimenea es un reemplazo m\u00e1s peque\u00f1o y agradable para la ic\u00f3nica chimenea &hellip; <\/p>\n","protected":false},"author":1,"featured_media":0,"comment_status":"closed","ping_status":"closed","sticky":false,"template":"","format":"standard","meta":{"footnotes":""},"categories":[29],"tags":[197,196,66],"class_list":["post-533","post","type-post","status-publish","format-standard","hentry","category-bez-kategorii-es","tag-de-piedra","tag-las-chimeneas","tag-stones-2d"],"yoast_head":"<!-- This site is optimized with the Yoast SEO plugin v25.7 - https:\/\/yoast.com\/wordpress\/plugins\/seo\/ -->\n<title>Una novedad entre las chimeneas de piedra - Stones 2D - Kominki-Elektryczne.pl<\/title>\n<meta name=\"robots\" content=\"index, follow, max-snippet:-1, max-image-preview:large, max-video-preview:-1\" \/>\n<link rel=\"canonical\" href=\"https:\/\/kominki-elektryczne.pl\/blog\/es\/2022\/02\/16\/una-novedad-entre-las-chimeneas-de-piedra-stones-2d\/\" \/>\n<meta property=\"og:locale\" content=\"pl_PL\" \/>\n<meta property=\"og:type\" content=\"article\" \/>\n<meta property=\"og:title\" content=\"Una novedad entre las chimeneas de piedra - Stones 2D - Kominki-Elektryczne.pl\" \/>\n<meta property=\"og:description\" content=\"Hoy me gustar\u00eda presentaros una completa novedad entre las chimeneas el\u00e9ctricas de piedra. En el sitio recientemente not\u00e9 una hermosa chimenea de piedra. Me deleit\u00f3 con su estricta apariencia. En mi opini\u00f3n, la chimenea es un reemplazo m\u00e1s peque\u00f1o y agradable para la ic\u00f3nica chimenea &hellip;\" \/>\n<meta property=\"og:url\" content=\"https:\/\/kominki-elektryczne.pl\/blog\/es\/2022\/02\/16\/una-novedad-entre-las-chimeneas-de-piedra-stones-2d\/\" \/>\n<meta property=\"og:site_name\" content=\"Kominki-Elektryczne.pl\" \/>\n<meta property=\"article:publisher\" content=\"https:\/\/www.facebook.com\/elektrycznekominki\" \/>\n<meta property=\"article:published_time\" content=\"2022-02-16T13:51:32+00:00\" \/>\n<meta property=\"article:modified_time\" content=\"2024-10-08T10:14:45+00:00\" \/>\n<meta property=\"og:image\" content=\"https:\/\/kominki-elektryczne.pl\/blog\/wp-content\/uploads\/2022\/02\/stones-1.png\" \/>\n\t<meta property=\"og:image:width\" content=\"1184\" \/>\n\t<meta property=\"og:image:height\" content=\"668\" \/>\n\t<meta property=\"og:image:type\" content=\"image\/png\" \/>\n<meta name=\"author\" content=\"Kominkowy\" \/>\n<meta name=\"twitter:card\" content=\"summary_large_image\" \/>\n<meta name=\"twitter:label1\" content=\"Napisane przez\" \/>\n\t<meta name=\"twitter:data1\" content=\"Kominkowy\" \/>\n\t<meta name=\"twitter:label2\" content=\"Szacowany czas czytania\" \/>\n\t<meta name=\"twitter:data2\" content=\"1 minuta\" \/>\n<script type=\"application\/ld+json\" class=\"yoast-schema-graph\">{\"@context\":\"https:\/\/schema.org\",\"@graph\":[{\"@type\":\"Article\",\"@id\":\"https:\/\/kominki-elektryczne.pl\/blog\/es\/2022\/02\/16\/una-novedad-entre-las-chimeneas-de-piedra-stones-2d\/#article\",\"isPartOf\":{\"@id\":\"https:\/\/kominki-elektryczne.pl\/blog\/es\/2022\/02\/16\/una-novedad-entre-las-chimeneas-de-piedra-stones-2d\/\"},\"author\":{\"name\":\"Kominkowy\",\"@id\":\"https:\/\/kominki-elektryczne.pl\/blog\/#\/schema\/person\/045e7544e3e90364f5f82cc509123089\"},\"headline\":\"Una novedad entre las chimeneas de piedra &#8211; Stones 2D\",\"datePublished\":\"2022-02-16T13:51:32+00:00\",\"dateModified\":\"2024-10-08T10:14:45+00:00\",\"mainEntityOfPage\":{\"@id\":\"https:\/\/kominki-elektryczne.pl\/blog\/es\/2022\/02\/16\/una-novedad-entre-las-chimeneas-de-piedra-stones-2d\/\"},\"wordCount\":236,\"publisher\":{\"@id\":\"https:\/\/kominki-elektryczne.pl\/blog\/#organization\"},\"image\":{\"@id\":\"https:\/\/kominki-elektryczne.pl\/blog\/es\/2022\/02\/16\/una-novedad-entre-las-chimeneas-de-piedra-stones-2d\/#primaryimage\"},\"thumbnailUrl\":\"https:\/\/kominki-elektryczne.pl\/blog\/wp-content\/uploads\/2022\/02\/stones-1-1024x578.png\",\"keywords\":[\"de piedra\",\"las chimeneas\",\"stones 2d\"],\"inLanguage\":\"pl-PL\"},{\"@type\":\"WebPage\",\"@id\":\"https:\/\/kominki-elektryczne.pl\/blog\/es\/2022\/02\/16\/una-novedad-entre-las-chimeneas-de-piedra-stones-2d\/\",\"url\":\"https:\/\/kominki-elektryczne.pl\/blog\/es\/2022\/02\/16\/una-novedad-entre-las-chimeneas-de-piedra-stones-2d\/\",\"name\":\"Una novedad entre las chimeneas de piedra - Stones 2D - Kominki-Elektryczne.pl\",\"isPartOf\":{\"@id\":\"https:\/\/kominki-elektryczne.pl\/blog\/#website\"},\"primaryImageOfPage\":{\"@id\":\"https:\/\/kominki-elektryczne.pl\/blog\/es\/2022\/02\/16\/una-novedad-entre-las-chimeneas-de-piedra-stones-2d\/#primaryimage\"},\"image\":{\"@id\":\"https:\/\/kominki-elektryczne.pl\/blog\/es\/2022\/02\/16\/una-novedad-entre-las-chimeneas-de-piedra-stones-2d\/#primaryimage\"},\"thumbnailUrl\":\"https:\/\/kominki-elektryczne.pl\/blog\/wp-content\/uploads\/2022\/02\/stones-1-1024x578.png\",\"datePublished\":\"2022-02-16T13:51:32+00:00\",\"dateModified\":\"2024-10-08T10:14:45+00:00\",\"breadcrumb\":{\"@id\":\"https:\/\/kominki-elektryczne.pl\/blog\/es\/2022\/02\/16\/una-novedad-entre-las-chimeneas-de-piedra-stones-2d\/#breadcrumb\"},\"inLanguage\":\"pl-PL\",\"potentialAction\":[{\"@type\":\"ReadAction\",\"target\":[\"https:\/\/kominki-elektryczne.pl\/blog\/es\/2022\/02\/16\/una-novedad-entre-las-chimeneas-de-piedra-stones-2d\/\"]}]},{\"@type\":\"ImageObject\",\"inLanguage\":\"pl-PL\",\"@id\":\"https:\/\/kominki-elektryczne.pl\/blog\/es\/2022\/02\/16\/una-novedad-entre-las-chimeneas-de-piedra-stones-2d\/#primaryimage\",\"url\":\"https:\/\/kominki-elektryczne.pl\/blog\/wp-content\/uploads\/2022\/02\/stones-1.png\",\"contentUrl\":\"https:\/\/kominki-elektryczne.pl\/blog\/wp-content\/uploads\/2022\/02\/stones-1.png\",\"width\":1184,\"height\":668},{\"@type\":\"BreadcrumbList\",\"@id\":\"https:\/\/kominki-elektryczne.pl\/blog\/es\/2022\/02\/16\/una-novedad-entre-las-chimeneas-de-piedra-stones-2d\/#breadcrumb\",\"itemListElement\":[{\"@type\":\"ListItem\",\"position\":1,\"name\":\"Strona g\u0142\u00f3wna\",\"item\":\"https:\/\/kominki-elektryczne.pl\/blog\/\"},{\"@type\":\"ListItem\",\"position\":2,\"name\":\"Una novedad entre las chimeneas de piedra &#8211; Stones 2D\"}]},{\"@type\":\"WebSite\",\"@id\":\"https:\/\/kominki-elektryczne.pl\/blog\/#website\",\"url\":\"https:\/\/kominki-elektryczne.pl\/blog\/\",\"name\":\"Kominki-Elektryczne.pl\",\"description\":\"Opisy - Porady - Recenzje\",\"publisher\":{\"@id\":\"https:\/\/kominki-elektryczne.pl\/blog\/#organization\"},\"potentialAction\":[{\"@type\":\"SearchAction\",\"target\":{\"@type\":\"EntryPoint\",\"urlTemplate\":\"https:\/\/kominki-elektryczne.pl\/blog\/?s={search_term_string}\"},\"query-input\":{\"@type\":\"PropertyValueSpecification\",\"valueRequired\":true,\"valueName\":\"search_term_string\"}}],\"inLanguage\":\"pl-PL\"},{\"@type\":\"Organization\",\"@id\":\"https:\/\/kominki-elektryczne.pl\/blog\/#organization\",\"name\":\"Kominki-Elektryczne.pl\",\"url\":\"https:\/\/kominki-elektryczne.pl\/blog\/\",\"logo\":{\"@type\":\"ImageObject\",\"inLanguage\":\"pl-PL\",\"@id\":\"https:\/\/kominki-elektryczne.pl\/blog\/#\/schema\/logo\/image\/\",\"url\":\"https:\/\/kominki-elektryczne.pl\/blog\/wp-content\/uploads\/2025\/04\/cropped-LogoAflamo.jpg\",\"contentUrl\":\"https:\/\/kominki-elektryczne.pl\/blog\/wp-content\/uploads\/2025\/04\/cropped-LogoAflamo.jpg\",\"width\":200,\"height\":58,\"caption\":\"Kominki-Elektryczne.pl\"},\"image\":{\"@id\":\"https:\/\/kominki-elektryczne.pl\/blog\/#\/schema\/logo\/image\/\"},\"sameAs\":[\"https:\/\/www.facebook.com\/elektrycznekominki\"]},{\"@type\":\"Person\",\"@id\":\"https:\/\/kominki-elektryczne.pl\/blog\/#\/schema\/person\/045e7544e3e90364f5f82cc509123089\",\"name\":\"Kominkowy\",\"image\":{\"@type\":\"ImageObject\",\"inLanguage\":\"pl-PL\",\"@id\":\"https:\/\/kominki-elektryczne.pl\/blog\/#\/schema\/person\/image\/\",\"url\":\"https:\/\/secure.gravatar.com\/avatar\/8c15720599195e8ba4119df2db28ce7e?s=96&d=mm&r=g\",\"contentUrl\":\"https:\/\/secure.gravatar.com\/avatar\/8c15720599195e8ba4119df2db28ce7e?s=96&d=mm&r=g\",\"caption\":\"Kominkowy\"},\"sameAs\":[\"http:\/\/www.kominki-elektryczne.pl\"],\"url\":\"https:\/\/kominki-elektryczne.pl\/blog\/author\/led-handel\/\"}]}<\/script>\n<!-- \/ Yoast SEO plugin. -->","yoast_head_json":{"title":"Una novedad entre las chimeneas de piedra - Stones 2D - Kominki-Elektryczne.pl","robots":{"index":"index","follow":"follow","max-snippet":"max-snippet:-1","max-image-preview":"max-image-preview:large","max-video-preview":"max-video-preview:-1"},"canonical":"https:\/\/kominki-elektryczne.pl\/blog\/es\/2022\/02\/16\/una-novedad-entre-las-chimeneas-de-piedra-stones-2d\/","og_locale":"pl_PL","og_type":"article","og_title":"Una novedad entre las chimeneas de piedra - Stones 2D - Kominki-Elektryczne.pl","og_description":"Hoy me gustar\u00eda presentaros una completa novedad entre las chimeneas el\u00e9ctricas de piedra. En el sitio recientemente not\u00e9 una hermosa chimenea de piedra. Me deleit\u00f3 con su estricta apariencia. En mi opini\u00f3n, la chimenea es un reemplazo m\u00e1s peque\u00f1o y agradable para la ic\u00f3nica chimenea &hellip;","og_url":"https:\/\/kominki-elektryczne.pl\/blog\/es\/2022\/02\/16\/una-novedad-entre-las-chimeneas-de-piedra-stones-2d\/","og_site_name":"Kominki-Elektryczne.pl","article_publisher":"https:\/\/www.facebook.com\/elektrycznekominki","article_published_time":"2022-02-16T13:51:32+00:00","article_modified_time":"2024-10-08T10:14:45+00:00","og_image":[{"width":1184,"height":668,"url":"https:\/\/kominki-elektryczne.pl\/blog\/wp-content\/uploads\/2022\/02\/stones-1.png","type":"image\/png"}],"author":"Kominkowy","twitter_card":"summary_large_image","twitter_misc":{"Napisane przez":"Kominkowy","Szacowany czas czytania":"1 minuta"},"schema":{"@context":"https:\/\/schema.org","@graph":[{"@type":"Article","@id":"https:\/\/kominki-elektryczne.pl\/blog\/es\/2022\/02\/16\/una-novedad-entre-las-chimeneas-de-piedra-stones-2d\/#article","isPartOf":{"@id":"https:\/\/kominki-elektryczne.pl\/blog\/es\/2022\/02\/16\/una-novedad-entre-las-chimeneas-de-piedra-stones-2d\/"},"author":{"name":"Kominkowy","@id":"https:\/\/kominki-elektryczne.pl\/blog\/#\/schema\/person\/045e7544e3e90364f5f82cc509123089"},"headline":"Una novedad entre las chimeneas de piedra &#8211; Stones 2D","datePublished":"2022-02-16T13:51:32+00:00","dateModified":"2024-10-08T10:14:45+00:00","mainEntityOfPage":{"@id":"https:\/\/kominki-elektryczne.pl\/blog\/es\/2022\/02\/16\/una-novedad-entre-las-chimeneas-de-piedra-stones-2d\/"},"wordCount":236,"publisher":{"@id":"https:\/\/kominki-elektryczne.pl\/blog\/#organization"},"image":{"@id":"https:\/\/kominki-elektryczne.pl\/blog\/es\/2022\/02\/16\/una-novedad-entre-las-chimeneas-de-piedra-stones-2d\/#primaryimage"},"thumbnailUrl":"https:\/\/kominki-elektryczne.pl\/blog\/wp-content\/uploads\/2022\/02\/stones-1-1024x578.png","keywords":["de piedra","las chimeneas","stones 2d"],"inLanguage":"pl-PL"},{"@type":"WebPage","@id":"https:\/\/kominki-elektryczne.pl\/blog\/es\/2022\/02\/16\/una-novedad-entre-las-chimeneas-de-piedra-stones-2d\/","url":"https:\/\/kominki-elektryczne.pl\/blog\/es\/2022\/02\/16\/una-novedad-entre-las-chimeneas-de-piedra-stones-2d\/","name":"Una novedad entre las chimeneas de piedra - Stones 2D - Kominki-Elektryczne.pl","isPartOf":{"@id":"https:\/\/kominki-elektryczne.pl\/blog\/#website"},"primaryImageOfPage":{"@id":"https:\/\/kominki-elektryczne.pl\/blog\/es\/2022\/02\/16\/una-novedad-entre-las-chimeneas-de-piedra-stones-2d\/#primaryimage"},"image":{"@id":"https:\/\/kominki-elektryczne.pl\/blog\/es\/2022\/02\/16\/una-novedad-entre-las-chimeneas-de-piedra-stones-2d\/#primaryimage"},"thumbnailUrl":"https:\/\/kominki-elektryczne.pl\/blog\/wp-content\/uploads\/2022\/02\/stones-1-1024x578.png","datePublished":"2022-02-16T13:51:32+00:00","dateModified":"2024-10-08T10:14:45+00:00","breadcrumb":{"@id":"https:\/\/kominki-elektryczne.pl\/blog\/es\/2022\/02\/16\/una-novedad-entre-las-chimeneas-de-piedra-stones-2d\/#breadcrumb"},"inLanguage":"pl-PL","potentialAction":[{"@type":"ReadAction","target":["https:\/\/kominki-elektryczne.pl\/blog\/es\/2022\/02\/16\/una-novedad-entre-las-chimeneas-de-piedra-stones-2d\/"]}]},{"@type":"ImageObject","inLanguage":"pl-PL","@id":"https:\/\/kominki-elektryczne.pl\/blog\/es\/2022\/02\/16\/una-novedad-entre-las-chimeneas-de-piedra-stones-2d\/#primaryimage","url":"https:\/\/kominki-elektryczne.pl\/blog\/wp-content\/uploads\/2022\/02\/stones-1.png","contentUrl":"https:\/\/kominki-elektryczne.pl\/blog\/wp-content\/uploads\/2022\/02\/stones-1.png","width":1184,"height":668},{"@type":"BreadcrumbList","@id":"https:\/\/kominki-elektryczne.pl\/blog\/es\/2022\/02\/16\/una-novedad-entre-las-chimeneas-de-piedra-stones-2d\/#breadcrumb","itemListElement":[{"@type":"ListItem","position":1,"name":"Strona g\u0142\u00f3wna","item":"https:\/\/kominki-elektryczne.pl\/blog\/"},{"@type":"ListItem","position":2,"name":"Una novedad entre las chimeneas de piedra &#8211; Stones 2D"}]},{"@type":"WebSite","@id":"https:\/\/kominki-elektryczne.pl\/blog\/#website","url":"https:\/\/kominki-elektryczne.pl\/blog\/","name":"Kominki-Elektryczne.pl","description":"Opisy - Porady - Recenzje","publisher":{"@id":"https:\/\/kominki-elektryczne.pl\/blog\/#organization"},"potentialAction":[{"@type":"SearchAction","target":{"@type":"EntryPoint","urlTemplate":"https:\/\/kominki-elektryczne.pl\/blog\/?s={search_term_string}"},"query-input":{"@type":"PropertyValueSpecification","valueRequired":true,"valueName":"search_term_string"}}],"inLanguage":"pl-PL"},{"@type":"Organization","@id":"https:\/\/kominki-elektryczne.pl\/blog\/#organization","name":"Kominki-Elektryczne.pl","url":"https:\/\/kominki-elektryczne.pl\/blog\/","logo":{"@type":"ImageObject","inLanguage":"pl-PL","@id":"https:\/\/kominki-elektryczne.pl\/blog\/#\/schema\/logo\/image\/","url":"https:\/\/kominki-elektryczne.pl\/blog\/wp-content\/uploads\/2025\/04\/cropped-LogoAflamo.jpg","contentUrl":"https:\/\/kominki-elektryczne.pl\/blog\/wp-content\/uploads\/2025\/04\/cropped-LogoAflamo.jpg","width":200,"height":58,"caption":"Kominki-Elektryczne.pl"},"image":{"@id":"https:\/\/kominki-elektryczne.pl\/blog\/#\/schema\/logo\/image\/"},"sameAs":["https:\/\/www.facebook.com\/elektrycznekominki"]},{"@type":"Person","@id":"https:\/\/kominki-elektryczne.pl\/blog\/#\/schema\/person\/045e7544e3e90364f5f82cc509123089","name":"Kominkowy","image":{"@type":"ImageObject","inLanguage":"pl-PL","@id":"https:\/\/kominki-elektryczne.pl\/blog\/#\/schema\/person\/image\/","url":"https:\/\/secure.gravatar.com\/avatar\/8c15720599195e8ba4119df2db28ce7e?s=96&d=mm&r=g","contentUrl":"https:\/\/secure.gravatar.com\/avatar\/8c15720599195e8ba4119df2db28ce7e?s=96&d=mm&r=g","caption":"Kominkowy"},"sameAs":["http:\/\/www.kominki-elektryczne.pl"],"url":"https:\/\/kominki-elektryczne.pl\/blog\/author\/led-handel\/"}]}},"_links":{"self":[{"href":"https:\/\/kominki-elektryczne.pl\/blog\/wp-json\/wp\/v2\/posts\/533","targetHints":{"allow":["GET"]}}],"collection":[{"href":"https:\/\/kominki-elektryczne.pl\/blog\/wp-json\/wp\/v2\/posts"}],"about":[{"href":"https:\/\/kominki-elektryczne.pl\/blog\/wp-json\/wp\/v2\/types\/post"}],"author":[{"embeddable":true,"href":"https:\/\/kominki-elektryczne.pl\/blog\/wp-json\/wp\/v2\/users\/1"}],"replies":[{"embeddable":true,"href":"https:\/\/kominki-elektryczne.pl\/blog\/wp-json\/wp\/v2\/comments?post=533"}],"version-history":[{"count":1,"href":"https:\/\/kominki-elektryczne.pl\/blog\/wp-json\/wp\/v2\/posts\/533\/revisions"}],"predecessor-version":[{"id":535,"href":"https:\/\/kominki-elektryczne.pl\/blog\/wp-json\/wp\/v2\/posts\/533\/revisions\/535"}],"wp:attachment":[{"href":"https:\/\/kominki-elektryczne.pl\/blog\/wp-json\/wp\/v2\/media?parent=533"}],"wp:term":[{"taxonomy":"category","embeddable":true,"href":"https:\/\/kominki-elektryczne.pl\/blog\/wp-json\/wp\/v2\/categories?post=533"},{"taxonomy":"post_tag","embeddable":true,"href":"https:\/\/kominki-elektryczne.pl\/blog\/wp-json\/wp\/v2\/tags?post=533"}],"curies":[{"name":"wp","href":"https:\/\/api.w.org\/{rel}","templated":true}]}}