{"id":557,"date":"2022-03-10T14:55:57","date_gmt":"2022-03-10T13:55:57","guid":{"rendered":"https:\/\/kominki-elektryczne.pl\/blog\/?p=557"},"modified":"2024-10-08T12:14:45","modified_gmt":"2024-10-08T10:14:45","slug":"kultowy-vigo-w-nowej-odslonie-juz-teraz-bez-funkcji-grzania","status":"publish","type":"post","link":"https:\/\/kominki-elektryczne.pl\/blog\/2022\/03\/10\/kultowy-vigo-w-nowej-odslonie-juz-teraz-bez-funkcji-grzania\/","title":{"rendered":"Kultowy Vigo w nowej ods\u0142onie. Ju\u017c teraz bez funkcji grzania"},"content":{"rendered":"\n<p>Witajcie,<\/p>\n\n\n\n<p>Zapewne dobrze jest wam znany nasz kultowy i powszechnie lubiany <a rel=\"noreferrer noopener\" href=\"https:\/\/www.kominki-elektryczne.pl\/pl\/szukaj?controller=search&amp;s=vigo\" target=\"_blank\">kominek elektryczny Vigo<\/a>.<\/p>\n\n\n\n<p>Chcemy ju\u017c dzi\u015b og\u0142osi\u0107 wam, ze w naszym sklepie pojawi\u0142a si\u0119 nowa wersja tego kominka: <strong>Kominek elektryczny Vigo bez funkcji grzania<\/strong>.<\/p>\n\n\n\n<p>Kominek ten wyr\u00f3\u017cnia wk\u0142ad elektryczny, jaki znajduje si\u0119 w zestawie. Nowoczesny wk\u0142ad elektryczny z bardzo realistycznym p\u0142omieniem LED.\u00a0Jego wielko\u015b\u0107, wynosi 60 cm dzi\u0119ki temu niesamowicie komponuje si\u0119 z drewniana obudow\u0105 Vigo. Wk\u0142ad posiada\u00a0trzy kolory\u00a0p\u0142omienia i\u00a0ultra cienkie ramki.\u00a0Dodatkow\u0105 zalet\u0105 jest to, \u017ce\u00a0zestaw  zawiera\u00a0wymienne polana, kryszta\u0142ki\u00a0wi\u0119c je\u017celi znudz\u0105 nam si\u0119 kryszta\u0142ki mo\u017cemy\u00a0zmieni\u0107 wn\u0119trze kominka wk\u0142adaj\u0105c polana.\u00a0<\/p>\n\n\n\n<p>Kolejn\u0105 zalet\u0105 kominka Vigo bez funkcji grzania, jest to, \u017ce wk\u0142ad elektryczny <strong>nie posiada szyby<\/strong>.<\/p>\n\n\n\n<p><\/p>\n\n\n\n<p class=\"has-text-align-center\"><strong>Kominek Vigo dost\u0119pny z wk\u0142adem LED 60 bez grzania<\/strong><\/p>\n\n\n\n<div class=\"wp-block-image\"><figure class=\"aligncenter size-full is-resized\"><img loading=\"lazy\" decoding=\"async\" src=\"https:\/\/kominki-elektryczne.pl\/blog\/wp-content\/uploads\/2022\/03\/unique_led60-nh.jpg\" alt=\"\" class=\"wp-image-558\" width=\"397\" height=\"242\" srcset=\"https:\/\/kominki-elektryczne.pl\/blog\/wp-content\/uploads\/2022\/03\/unique_led60-nh.jpg 492w, https:\/\/kominki-elektryczne.pl\/blog\/wp-content\/uploads\/2022\/03\/unique_led60-nh-300x183.jpg 300w\" sizes=\"auto, (max-width: 397px) 100vw, 397px\" \/><figcaption><a href=\"https:\/\/www.kominki-elektryczne.pl\/pl\/glowna\/483-wklad-elektryczny-led-60-nh-bez-grzania-aflamo.html\" target=\"_blank\" rel=\"noreferrer noopener\">Wk\u0142ad elektryczny bez funkcji grzania<\/a><\/figcaption><\/figure><\/div>\n\n\n\n<ul class=\"wp-block-list\"><li>Realistyczny p\u0142omie\u0144 w 3 kolorach:<br>1)pomara\u0144czowym,<br>2)pomara\u0144czowo \u2013 niebieskim,<br>3)\u017c\u00f3\u0142tym<\/li><li>Cienkie ramki<\/li><li>Zdejmowane boki \/ brak frontowej szyby<\/li><li>Pilot zdalnego sterowania<\/li><\/ul>\n\n\n\n<p><\/p>\n\n\n\n<p>Dodatkowo wszystkimi funkcjami kominka mo\u017cemy sterowa\u0107 aplikacja mobiln\u0105. Dost\u0119pna na urz\u0105dzeniach z Android i iOS. Wszystkie funkcje kominka dost\u0119pne z poziomu telefonu. Nasz\u0105 aplikacj\u0119 mo\u017cna pobra\u0107 z Google Play oraz Apple Store wyszukuj\u0105c \u201eAFLAMO\u201d.<\/p>\n\n\n\n<div class=\"wp-block-image\"><figure class=\"aligncenter size-large is-resized\"><img loading=\"lazy\" decoding=\"async\" src=\"https:\/\/kominki-elektryczne.pl\/blog\/wp-content\/uploads\/2022\/03\/Vigo_bialy_classic_A1_LED60NH-1-1008x1024.jpg\" alt=\"\" class=\"wp-image-560\" width=\"409\" height=\"415\"\/><figcaption><a href=\"https:\/\/www.kominki-elektryczne.pl\/pl\/glowna\/486-kominek-elektryczny-vigo-2w1-3d-bez-efektu-grzania-aflamo.html\">Kominek elektryczny Vigo bia\u0142y bez grzania<\/a><\/figcaption><\/figure><\/div>\n\n\n\n<p class=\"has-text-align-center\"><strong><em>Wymiary:<\/em><\/strong><\/p>\n\n\n\n<p><strong><em>Obudowa:<\/em><\/strong><em>\u00a0wysoko\u015b\u0107: 90 cm, szeroko\u015b\u0107: 90 cm, g\u0142\u0119boko\u015b\u0107: 30 cm<\/em><\/p>\n\n\n\n<div class=\"wp-block-image\"><figure class=\"aligncenter size-full is-resized\"><img loading=\"lazy\" decoding=\"async\" src=\"https:\/\/kominki-elektryczne.pl\/blog\/wp-content\/uploads\/2022\/03\/vigo-obudowa.png\" alt=\"\" class=\"wp-image-561\" width=\"601\" height=\"370\" srcset=\"https:\/\/kominki-elektryczne.pl\/blog\/wp-content\/uploads\/2022\/03\/vigo-obudowa.png 900w, https:\/\/kominki-elektryczne.pl\/blog\/wp-content\/uploads\/2022\/03\/vigo-obudowa-300x185.png 300w, https:\/\/kominki-elektryczne.pl\/blog\/wp-content\/uploads\/2022\/03\/vigo-obudowa-768x473.png 768w\" sizes=\"auto, (max-width: 601px) 100vw, 601px\" \/><\/figure><\/div>\n\n\n\n<p><strong><em>Wk\u0142ad elektryczny:<\/em><\/strong><em>\u00a0wysoko\u015b\u0107: 51 cm, szeroko\u015b\u0107: 60 cm, g\u0142\u0119boko\u015b\u0107: 21,5 cm<\/em><\/p>\n\n\n\n<div class=\"wp-block-image\"><figure class=\"aligncenter size-full is-resized\"><img loading=\"lazy\" decoding=\"async\" src=\"https:\/\/kominki-elektryczne.pl\/blog\/wp-content\/uploads\/2022\/03\/led-60-nh.png\" alt=\"\" class=\"wp-image-562\" width=\"459\" height=\"464\" srcset=\"https:\/\/kominki-elektryczne.pl\/blog\/wp-content\/uploads\/2022\/03\/led-60-nh.png 925w, https:\/\/kominki-elektryczne.pl\/blog\/wp-content\/uploads\/2022\/03\/led-60-nh-297x300.png 297w, https:\/\/kominki-elektryczne.pl\/blog\/wp-content\/uploads\/2022\/03\/led-60-nh-768x776.png 768w, https:\/\/kominki-elektryczne.pl\/blog\/wp-content\/uploads\/2022\/03\/led-60-nh-100x100.png 100w\" sizes=\"auto, (max-width: 459px) 100vw, 459px\" \/><\/figure><\/div>\n\n\n\n<p>I jak zapatrujecie si\u0119 na tak\u0105 nowo\u015b\u0107? Zajrzyjcie do kominka <a href=\"https:\/\/www.kominki-elektryczne.pl\/pl\/glowna\/486-kominek-elektryczny-vigo-2w1-3d-bez-efektu-grzania-aflamo.html\" target=\"_blank\" rel=\"noreferrer noopener\">Vigo bez grzania<\/a> i ju\u017c dzi\u015b wybierzcie sw\u00f3j kolor <\/p>\n\n\n\n<p>Wi\u0119cej o naszych produktach znajdziecie tutaj<\/p>\n\n\n\n<p><a href=\"https:\/\/www.kominki-elektryczne.pl\/pl\/\" target=\"_blank\" rel=\"noreferrer noopener\">kominki-elektryczne.pl<\/a><\/p>\n","protected":false},"excerpt":{"rendered":"<p>Witajcie, Zapewne dobrze jest wam znany nasz kultowy i powszechnie lubiany kominek elektryczny Vigo. Chcemy ju\u017c dzi\u015b og\u0142osi\u0107 wam, ze w naszym sklepie pojawi\u0142a si\u0119 nowa wersja tego kominka: Kominek elektryczny Vigo bez funkcji grzania. Kominek ten wyr\u00f3\u017cnia wk\u0142ad elektryczny, jaki znajduje si\u0119 w zestawie. &hellip; <\/p>\n","protected":false},"author":1,"featured_media":0,"comment_status":"closed","ping_status":"closed","sticky":false,"template":"","format":"standard","meta":{"footnotes":""},"categories":[1],"tags":[216,63,217,68,219,71,81,91,218,220,189,222],"class_list":["post-557","post","type-post","status-publish","format-standard","hentry","category-bez-kategorii","tag-bez-grzania","tag-kominek-elektryczny","tag-kominek-elektryczny-bez-funkcji-grzania","tag-kominek-elektryczny-led","tag-kominek-elektryczny-vigo","tag-kominek-z-obudowa","tag-kominki-elektryczne","tag-kominki-elektryczne-led","tag-vigo","tag-vigo-bez-grzania","tag-wklad-elektryczny","tag-wklad-elektryczny-bez-grzania"],"yoast_head":"<!-- This site is optimized with the Yoast SEO plugin v25.7 - https:\/\/yoast.com\/wordpress\/plugins\/seo\/ -->\n<title>Kultowy Vigo w nowej ods\u0142onie. Ju\u017c teraz bez funkcji grzania - Kominki-Elektryczne.pl<\/title>\n<meta name=\"robots\" content=\"index, follow, max-snippet:-1, max-image-preview:large, max-video-preview:-1\" \/>\n<link rel=\"canonical\" href=\"https:\/\/kominki-elektryczne.pl\/blog\/2022\/03\/10\/kultowy-vigo-w-nowej-odslonie-juz-teraz-bez-funkcji-grzania\/\" \/>\n<meta property=\"og:locale\" content=\"pl_PL\" \/>\n<meta property=\"og:type\" content=\"article\" \/>\n<meta property=\"og:title\" content=\"Kultowy Vigo w nowej ods\u0142onie. Ju\u017c teraz bez funkcji grzania - Kominki-Elektryczne.pl\" \/>\n<meta property=\"og:description\" content=\"Witajcie, Zapewne dobrze jest wam znany nasz kultowy i powszechnie lubiany kominek elektryczny Vigo. Chcemy ju\u017c dzi\u015b og\u0142osi\u0107 wam, ze w naszym sklepie pojawi\u0142a si\u0119 nowa wersja tego kominka: Kominek elektryczny Vigo bez funkcji grzania. Kominek ten wyr\u00f3\u017cnia wk\u0142ad elektryczny, jaki znajduje si\u0119 w zestawie. &hellip;\" \/>\n<meta property=\"og:url\" content=\"https:\/\/kominki-elektryczne.pl\/blog\/2022\/03\/10\/kultowy-vigo-w-nowej-odslonie-juz-teraz-bez-funkcji-grzania\/\" \/>\n<meta property=\"og:site_name\" content=\"Kominki-Elektryczne.pl\" \/>\n<meta property=\"article:publisher\" content=\"https:\/\/www.facebook.com\/elektrycznekominki\" \/>\n<meta property=\"article:published_time\" content=\"2022-03-10T13:55:57+00:00\" \/>\n<meta property=\"article:modified_time\" content=\"2024-10-08T10:14:45+00:00\" \/>\n<meta property=\"og:image\" content=\"https:\/\/kominki-elektryczne.pl\/blog\/wp-content\/uploads\/2022\/03\/unique_led60-nh.jpg\" \/>\n\t<meta property=\"og:image:width\" content=\"492\" \/>\n\t<meta property=\"og:image:height\" content=\"300\" \/>\n\t<meta property=\"og:image:type\" content=\"image\/jpeg\" \/>\n<meta name=\"author\" content=\"Kominkowy\" \/>\n<meta name=\"twitter:card\" content=\"summary_large_image\" \/>\n<meta name=\"twitter:label1\" content=\"Napisane przez\" \/>\n\t<meta name=\"twitter:data1\" content=\"Kominkowy\" \/>\n\t<meta name=\"twitter:label2\" content=\"Szacowany czas czytania\" \/>\n\t<meta name=\"twitter:data2\" content=\"1 minuta\" \/>\n<script type=\"application\/ld+json\" class=\"yoast-schema-graph\">{\"@context\":\"https:\/\/schema.org\",\"@graph\":[{\"@type\":\"Article\",\"@id\":\"https:\/\/kominki-elektryczne.pl\/blog\/2022\/03\/10\/kultowy-vigo-w-nowej-odslonie-juz-teraz-bez-funkcji-grzania\/#article\",\"isPartOf\":{\"@id\":\"https:\/\/kominki-elektryczne.pl\/blog\/2022\/03\/10\/kultowy-vigo-w-nowej-odslonie-juz-teraz-bez-funkcji-grzania\/\"},\"author\":{\"name\":\"Kominkowy\",\"@id\":\"https:\/\/kominki-elektryczne.pl\/blog\/#\/schema\/person\/045e7544e3e90364f5f82cc509123089\"},\"headline\":\"Kultowy Vigo w nowej ods\u0142onie. Ju\u017c teraz bez funkcji grzania\",\"datePublished\":\"2022-03-10T13:55:57+00:00\",\"dateModified\":\"2024-10-08T10:14:45+00:00\",\"mainEntityOfPage\":{\"@id\":\"https:\/\/kominki-elektryczne.pl\/blog\/2022\/03\/10\/kultowy-vigo-w-nowej-odslonie-juz-teraz-bez-funkcji-grzania\/\"},\"wordCount\":273,\"publisher\":{\"@id\":\"https:\/\/kominki-elektryczne.pl\/blog\/#organization\"},\"image\":{\"@id\":\"https:\/\/kominki-elektryczne.pl\/blog\/2022\/03\/10\/kultowy-vigo-w-nowej-odslonie-juz-teraz-bez-funkcji-grzania\/#primaryimage\"},\"thumbnailUrl\":\"https:\/\/kominki-elektryczne.pl\/blog\/wp-content\/uploads\/2022\/03\/unique_led60-nh.jpg\",\"keywords\":[\"bez grzania\",\"kominek elektryczny\",\"Kominek elektryczny bez funkcji grzania\",\"kominek elektryczny led\",\"Kominek elektryczny Vigo\",\"kominek z obudow\u0105\",\"kominki elektryczne\",\"kominki elektryczne LED\",\"Vigo\",\"Vigo bez grzania\",\"wk\u0142ad elektryczny\",\"wk\u0142ad elektryczny bez grzania\"],\"inLanguage\":\"pl-PL\"},{\"@type\":\"WebPage\",\"@id\":\"https:\/\/kominki-elektryczne.pl\/blog\/2022\/03\/10\/kultowy-vigo-w-nowej-odslonie-juz-teraz-bez-funkcji-grzania\/\",\"url\":\"https:\/\/kominki-elektryczne.pl\/blog\/2022\/03\/10\/kultowy-vigo-w-nowej-odslonie-juz-teraz-bez-funkcji-grzania\/\",\"name\":\"Kultowy Vigo w nowej ods\u0142onie. Ju\u017c teraz bez funkcji grzania - Kominki-Elektryczne.pl\",\"isPartOf\":{\"@id\":\"https:\/\/kominki-elektryczne.pl\/blog\/#website\"},\"primaryImageOfPage\":{\"@id\":\"https:\/\/kominki-elektryczne.pl\/blog\/2022\/03\/10\/kultowy-vigo-w-nowej-odslonie-juz-teraz-bez-funkcji-grzania\/#primaryimage\"},\"image\":{\"@id\":\"https:\/\/kominki-elektryczne.pl\/blog\/2022\/03\/10\/kultowy-vigo-w-nowej-odslonie-juz-teraz-bez-funkcji-grzania\/#primaryimage\"},\"thumbnailUrl\":\"https:\/\/kominki-elektryczne.pl\/blog\/wp-content\/uploads\/2022\/03\/unique_led60-nh.jpg\",\"datePublished\":\"2022-03-10T13:55:57+00:00\",\"dateModified\":\"2024-10-08T10:14:45+00:00\",\"breadcrumb\":{\"@id\":\"https:\/\/kominki-elektryczne.pl\/blog\/2022\/03\/10\/kultowy-vigo-w-nowej-odslonie-juz-teraz-bez-funkcji-grzania\/#breadcrumb\"},\"inLanguage\":\"pl-PL\",\"potentialAction\":[{\"@type\":\"ReadAction\",\"target\":[\"https:\/\/kominki-elektryczne.pl\/blog\/2022\/03\/10\/kultowy-vigo-w-nowej-odslonie-juz-teraz-bez-funkcji-grzania\/\"]}]},{\"@type\":\"ImageObject\",\"inLanguage\":\"pl-PL\",\"@id\":\"https:\/\/kominki-elektryczne.pl\/blog\/2022\/03\/10\/kultowy-vigo-w-nowej-odslonie-juz-teraz-bez-funkcji-grzania\/#primaryimage\",\"url\":\"https:\/\/kominki-elektryczne.pl\/blog\/wp-content\/uploads\/2022\/03\/unique_led60-nh.jpg\",\"contentUrl\":\"https:\/\/kominki-elektryczne.pl\/blog\/wp-content\/uploads\/2022\/03\/unique_led60-nh.jpg\",\"width\":492,\"height\":300},{\"@type\":\"BreadcrumbList\",\"@id\":\"https:\/\/kominki-elektryczne.pl\/blog\/2022\/03\/10\/kultowy-vigo-w-nowej-odslonie-juz-teraz-bez-funkcji-grzania\/#breadcrumb\",\"itemListElement\":[{\"@type\":\"ListItem\",\"position\":1,\"name\":\"Strona g\u0142\u00f3wna\",\"item\":\"https:\/\/kominki-elektryczne.pl\/blog\/\"},{\"@type\":\"ListItem\",\"position\":2,\"name\":\"Kultowy Vigo w nowej ods\u0142onie. Ju\u017c teraz bez funkcji grzania\"}]},{\"@type\":\"WebSite\",\"@id\":\"https:\/\/kominki-elektryczne.pl\/blog\/#website\",\"url\":\"https:\/\/kominki-elektryczne.pl\/blog\/\",\"name\":\"Kominki-Elektryczne.pl\",\"description\":\"Opisy - Porady - Recenzje\",\"publisher\":{\"@id\":\"https:\/\/kominki-elektryczne.pl\/blog\/#organization\"},\"potentialAction\":[{\"@type\":\"SearchAction\",\"target\":{\"@type\":\"EntryPoint\",\"urlTemplate\":\"https:\/\/kominki-elektryczne.pl\/blog\/?s={search_term_string}\"},\"query-input\":{\"@type\":\"PropertyValueSpecification\",\"valueRequired\":true,\"valueName\":\"search_term_string\"}}],\"inLanguage\":\"pl-PL\"},{\"@type\":\"Organization\",\"@id\":\"https:\/\/kominki-elektryczne.pl\/blog\/#organization\",\"name\":\"Kominki-Elektryczne.pl\",\"url\":\"https:\/\/kominki-elektryczne.pl\/blog\/\",\"logo\":{\"@type\":\"ImageObject\",\"inLanguage\":\"pl-PL\",\"@id\":\"https:\/\/kominki-elektryczne.pl\/blog\/#\/schema\/logo\/image\/\",\"url\":\"https:\/\/kominki-elektryczne.pl\/blog\/wp-content\/uploads\/2025\/04\/cropped-LogoAflamo.jpg\",\"contentUrl\":\"https:\/\/kominki-elektryczne.pl\/blog\/wp-content\/uploads\/2025\/04\/cropped-LogoAflamo.jpg\",\"width\":200,\"height\":58,\"caption\":\"Kominki-Elektryczne.pl\"},\"image\":{\"@id\":\"https:\/\/kominki-elektryczne.pl\/blog\/#\/schema\/logo\/image\/\"},\"sameAs\":[\"https:\/\/www.facebook.com\/elektrycznekominki\"]},{\"@type\":\"Person\",\"@id\":\"https:\/\/kominki-elektryczne.pl\/blog\/#\/schema\/person\/045e7544e3e90364f5f82cc509123089\",\"name\":\"Kominkowy\",\"image\":{\"@type\":\"ImageObject\",\"inLanguage\":\"pl-PL\",\"@id\":\"https:\/\/kominki-elektryczne.pl\/blog\/#\/schema\/person\/image\/\",\"url\":\"https:\/\/secure.gravatar.com\/avatar\/8c15720599195e8ba4119df2db28ce7e?s=96&d=mm&r=g\",\"contentUrl\":\"https:\/\/secure.gravatar.com\/avatar\/8c15720599195e8ba4119df2db28ce7e?s=96&d=mm&r=g\",\"caption\":\"Kominkowy\"},\"sameAs\":[\"http:\/\/www.kominki-elektryczne.pl\"],\"url\":\"https:\/\/kominki-elektryczne.pl\/blog\/author\/led-handel\/\"}]}<\/script>\n<!-- \/ Yoast SEO plugin. -->","yoast_head_json":{"title":"Kultowy Vigo w nowej ods\u0142onie. Ju\u017c teraz bez funkcji grzania - Kominki-Elektryczne.pl","robots":{"index":"index","follow":"follow","max-snippet":"max-snippet:-1","max-image-preview":"max-image-preview:large","max-video-preview":"max-video-preview:-1"},"canonical":"https:\/\/kominki-elektryczne.pl\/blog\/2022\/03\/10\/kultowy-vigo-w-nowej-odslonie-juz-teraz-bez-funkcji-grzania\/","og_locale":"pl_PL","og_type":"article","og_title":"Kultowy Vigo w nowej ods\u0142onie. Ju\u017c teraz bez funkcji grzania - Kominki-Elektryczne.pl","og_description":"Witajcie, Zapewne dobrze jest wam znany nasz kultowy i powszechnie lubiany kominek elektryczny Vigo. Chcemy ju\u017c dzi\u015b og\u0142osi\u0107 wam, ze w naszym sklepie pojawi\u0142a si\u0119 nowa wersja tego kominka: Kominek elektryczny Vigo bez funkcji grzania. Kominek ten wyr\u00f3\u017cnia wk\u0142ad elektryczny, jaki znajduje si\u0119 w zestawie. &hellip;","og_url":"https:\/\/kominki-elektryczne.pl\/blog\/2022\/03\/10\/kultowy-vigo-w-nowej-odslonie-juz-teraz-bez-funkcji-grzania\/","og_site_name":"Kominki-Elektryczne.pl","article_publisher":"https:\/\/www.facebook.com\/elektrycznekominki","article_published_time":"2022-03-10T13:55:57+00:00","article_modified_time":"2024-10-08T10:14:45+00:00","og_image":[{"width":492,"height":300,"url":"https:\/\/kominki-elektryczne.pl\/blog\/wp-content\/uploads\/2022\/03\/unique_led60-nh.jpg","type":"image\/jpeg"}],"author":"Kominkowy","twitter_card":"summary_large_image","twitter_misc":{"Napisane przez":"Kominkowy","Szacowany czas czytania":"1 minuta"},"schema":{"@context":"https:\/\/schema.org","@graph":[{"@type":"Article","@id":"https:\/\/kominki-elektryczne.pl\/blog\/2022\/03\/10\/kultowy-vigo-w-nowej-odslonie-juz-teraz-bez-funkcji-grzania\/#article","isPartOf":{"@id":"https:\/\/kominki-elektryczne.pl\/blog\/2022\/03\/10\/kultowy-vigo-w-nowej-odslonie-juz-teraz-bez-funkcji-grzania\/"},"author":{"name":"Kominkowy","@id":"https:\/\/kominki-elektryczne.pl\/blog\/#\/schema\/person\/045e7544e3e90364f5f82cc509123089"},"headline":"Kultowy Vigo w nowej ods\u0142onie. Ju\u017c teraz bez funkcji grzania","datePublished":"2022-03-10T13:55:57+00:00","dateModified":"2024-10-08T10:14:45+00:00","mainEntityOfPage":{"@id":"https:\/\/kominki-elektryczne.pl\/blog\/2022\/03\/10\/kultowy-vigo-w-nowej-odslonie-juz-teraz-bez-funkcji-grzania\/"},"wordCount":273,"publisher":{"@id":"https:\/\/kominki-elektryczne.pl\/blog\/#organization"},"image":{"@id":"https:\/\/kominki-elektryczne.pl\/blog\/2022\/03\/10\/kultowy-vigo-w-nowej-odslonie-juz-teraz-bez-funkcji-grzania\/#primaryimage"},"thumbnailUrl":"https:\/\/kominki-elektryczne.pl\/blog\/wp-content\/uploads\/2022\/03\/unique_led60-nh.jpg","keywords":["bez grzania","kominek elektryczny","Kominek elektryczny bez funkcji grzania","kominek elektryczny led","Kominek elektryczny Vigo","kominek z obudow\u0105","kominki elektryczne","kominki elektryczne LED","Vigo","Vigo bez grzania","wk\u0142ad elektryczny","wk\u0142ad elektryczny bez grzania"],"inLanguage":"pl-PL"},{"@type":"WebPage","@id":"https:\/\/kominki-elektryczne.pl\/blog\/2022\/03\/10\/kultowy-vigo-w-nowej-odslonie-juz-teraz-bez-funkcji-grzania\/","url":"https:\/\/kominki-elektryczne.pl\/blog\/2022\/03\/10\/kultowy-vigo-w-nowej-odslonie-juz-teraz-bez-funkcji-grzania\/","name":"Kultowy Vigo w nowej ods\u0142onie. Ju\u017c teraz bez funkcji grzania - Kominki-Elektryczne.pl","isPartOf":{"@id":"https:\/\/kominki-elektryczne.pl\/blog\/#website"},"primaryImageOfPage":{"@id":"https:\/\/kominki-elektryczne.pl\/blog\/2022\/03\/10\/kultowy-vigo-w-nowej-odslonie-juz-teraz-bez-funkcji-grzania\/#primaryimage"},"image":{"@id":"https:\/\/kominki-elektryczne.pl\/blog\/2022\/03\/10\/kultowy-vigo-w-nowej-odslonie-juz-teraz-bez-funkcji-grzania\/#primaryimage"},"thumbnailUrl":"https:\/\/kominki-elektryczne.pl\/blog\/wp-content\/uploads\/2022\/03\/unique_led60-nh.jpg","datePublished":"2022-03-10T13:55:57+00:00","dateModified":"2024-10-08T10:14:45+00:00","breadcrumb":{"@id":"https:\/\/kominki-elektryczne.pl\/blog\/2022\/03\/10\/kultowy-vigo-w-nowej-odslonie-juz-teraz-bez-funkcji-grzania\/#breadcrumb"},"inLanguage":"pl-PL","potentialAction":[{"@type":"ReadAction","target":["https:\/\/kominki-elektryczne.pl\/blog\/2022\/03\/10\/kultowy-vigo-w-nowej-odslonie-juz-teraz-bez-funkcji-grzania\/"]}]},{"@type":"ImageObject","inLanguage":"pl-PL","@id":"https:\/\/kominki-elektryczne.pl\/blog\/2022\/03\/10\/kultowy-vigo-w-nowej-odslonie-juz-teraz-bez-funkcji-grzania\/#primaryimage","url":"https:\/\/kominki-elektryczne.pl\/blog\/wp-content\/uploads\/2022\/03\/unique_led60-nh.jpg","contentUrl":"https:\/\/kominki-elektryczne.pl\/blog\/wp-content\/uploads\/2022\/03\/unique_led60-nh.jpg","width":492,"height":300},{"@type":"BreadcrumbList","@id":"https:\/\/kominki-elektryczne.pl\/blog\/2022\/03\/10\/kultowy-vigo-w-nowej-odslonie-juz-teraz-bez-funkcji-grzania\/#breadcrumb","itemListElement":[{"@type":"ListItem","position":1,"name":"Strona g\u0142\u00f3wna","item":"https:\/\/kominki-elektryczne.pl\/blog\/"},{"@type":"ListItem","position":2,"name":"Kultowy Vigo w nowej ods\u0142onie. Ju\u017c teraz bez funkcji grzania"}]},{"@type":"WebSite","@id":"https:\/\/kominki-elektryczne.pl\/blog\/#website","url":"https:\/\/kominki-elektryczne.pl\/blog\/","name":"Kominki-Elektryczne.pl","description":"Opisy - Porady - Recenzje","publisher":{"@id":"https:\/\/kominki-elektryczne.pl\/blog\/#organization"},"potentialAction":[{"@type":"SearchAction","target":{"@type":"EntryPoint","urlTemplate":"https:\/\/kominki-elektryczne.pl\/blog\/?s={search_term_string}"},"query-input":{"@type":"PropertyValueSpecification","valueRequired":true,"valueName":"search_term_string"}}],"inLanguage":"pl-PL"},{"@type":"Organization","@id":"https:\/\/kominki-elektryczne.pl\/blog\/#organization","name":"Kominki-Elektryczne.pl","url":"https:\/\/kominki-elektryczne.pl\/blog\/","logo":{"@type":"ImageObject","inLanguage":"pl-PL","@id":"https:\/\/kominki-elektryczne.pl\/blog\/#\/schema\/logo\/image\/","url":"https:\/\/kominki-elektryczne.pl\/blog\/wp-content\/uploads\/2025\/04\/cropped-LogoAflamo.jpg","contentUrl":"https:\/\/kominki-elektryczne.pl\/blog\/wp-content\/uploads\/2025\/04\/cropped-LogoAflamo.jpg","width":200,"height":58,"caption":"Kominki-Elektryczne.pl"},"image":{"@id":"https:\/\/kominki-elektryczne.pl\/blog\/#\/schema\/logo\/image\/"},"sameAs":["https:\/\/www.facebook.com\/elektrycznekominki"]},{"@type":"Person","@id":"https:\/\/kominki-elektryczne.pl\/blog\/#\/schema\/person\/045e7544e3e90364f5f82cc509123089","name":"Kominkowy","image":{"@type":"ImageObject","inLanguage":"pl-PL","@id":"https:\/\/kominki-elektryczne.pl\/blog\/#\/schema\/person\/image\/","url":"https:\/\/secure.gravatar.com\/avatar\/8c15720599195e8ba4119df2db28ce7e?s=96&d=mm&r=g","contentUrl":"https:\/\/secure.gravatar.com\/avatar\/8c15720599195e8ba4119df2db28ce7e?s=96&d=mm&r=g","caption":"Kominkowy"},"sameAs":["http:\/\/www.kominki-elektryczne.pl"],"url":"https:\/\/kominki-elektryczne.pl\/blog\/author\/led-handel\/"}]}},"_links":{"self":[{"href":"https:\/\/kominki-elektryczne.pl\/blog\/wp-json\/wp\/v2\/posts\/557","targetHints":{"allow":["GET"]}}],"collection":[{"href":"https:\/\/kominki-elektryczne.pl\/blog\/wp-json\/wp\/v2\/posts"}],"about":[{"href":"https:\/\/kominki-elektryczne.pl\/blog\/wp-json\/wp\/v2\/types\/post"}],"author":[{"embeddable":true,"href":"https:\/\/kominki-elektryczne.pl\/blog\/wp-json\/wp\/v2\/users\/1"}],"replies":[{"embeddable":true,"href":"https:\/\/kominki-elektryczne.pl\/blog\/wp-json\/wp\/v2\/comments?post=557"}],"version-history":[{"count":1,"href":"https:\/\/kominki-elektryczne.pl\/blog\/wp-json\/wp\/v2\/posts\/557\/revisions"}],"predecessor-version":[{"id":563,"href":"https:\/\/kominki-elektryczne.pl\/blog\/wp-json\/wp\/v2\/posts\/557\/revisions\/563"}],"wp:attachment":[{"href":"https:\/\/kominki-elektryczne.pl\/blog\/wp-json\/wp\/v2\/media?parent=557"}],"wp:term":[{"taxonomy":"category","embeddable":true,"href":"https:\/\/kominki-elektryczne.pl\/blog\/wp-json\/wp\/v2\/categories?post=557"},{"taxonomy":"post_tag","embeddable":true,"href":"https:\/\/kominki-elektryczne.pl\/blog\/wp-json\/wp\/v2\/tags?post=557"}],"curies":[{"name":"wp","href":"https:\/\/api.w.org\/{rel}","templated":true}]}}