{"id":565,"date":"2022-03-21T14:31:55","date_gmt":"2022-03-21T13:31:55","guid":{"rendered":"https:\/\/kominki-elektryczne.pl\/blog\/?p=565"},"modified":"2024-10-08T12:14:45","modified_gmt":"2024-10-08T10:14:45","slug":"biokominek-scienny-stellar-aflamo","status":"publish","type":"post","link":"https:\/\/kominki-elektryczne.pl\/blog\/2022\/03\/21\/biokominek-scienny-stellar-aflamo\/","title":{"rendered":"Biokominek \u015bcienny STELLAR &#8211; Aflamo"},"content":{"rendered":"\n<p>Biokominek \u015bcienny Stellar jest to najbardziej popularny biokominek w naszym sklepie.  Akualnie dost\u0119pne sa w dw\u00f3ch rozmiarach:<br><br>-1<a rel=\"noreferrer noopener\" href=\"https:\/\/www.kominki-elektryczne.pl\/pl\/glowna\/521-biokominek-scienny-do-zabudowy-stellar-130.html\" target=\"_blank\">30x42x14 cm<\/a><br><a rel=\"noreferrer noopener\" href=\"https:\/\/www.kominki-elektryczne.pl\/pl\/glowna\/522-biokominek-scienny-do-zabudowy-stellar-180.html\" target=\"_blank\">-180x42x14 cm<\/a><br><br>Model biokominka stellar mo\u017cna swobodnie zabudowa\u0107 lub powiesi\u0107 na \u015bcianie. <br>Wykonany w ca\u0142o\u015bci jest on ze stali najwy\u017cszej jako\u015bci, kt\u00f3ra jest pomalowana proszkowo farb\u0105 odporn\u0105 na bardzo wysok\u0105 temperatur\u0119. <br>Nasze biokominki posiadaj\u0105 dopracowan\u0105 konstrukcj\u0119, dzi\u0119ki kt\u00f3rej spalanie odbywa si\u0119 r\u00f3wnomiernie na ca\u0142ej szeroko\u015bci kominka. Ceramiczny wk\u0142ad zabezpiecza przed rozlaniem paliwa.<br><br>Zapraszamy do zapoznania si\u0119 z naszym TOP-owym biokominkiem<\/p>\n\n\n\n<figure class=\"wp-block-image size-large\"><img decoding=\"async\" src=\"https:\/\/www.kominki-elektryczne.pl\/3589-large_default\/biokominek-scienny-do-zabudowy-stellar-130.jpg\" alt=\"\"\/><figcaption>Biokominek Stellar 130 fot. <a href=\"http:\/\/www.kominki-elektryczne.pl\" target=\"_blank\" rel=\"noreferrer noopener\">www.kominki-elektryczne.pl<\/a><\/figcaption><\/figure>\n\n\n\n<p><br><\/p>\n","protected":false},"excerpt":{"rendered":"<p>Biokominek \u015bcienny Stellar jest to najbardziej popularny biokominek w naszym sklepie. Akualnie dost\u0119pne sa w dw\u00f3ch rozmiarach: -130x42x14 cm-180x42x14 cm Model biokominka stellar mo\u017cna swobodnie zabudowa\u0107 lub powiesi\u0107 na \u015bcianie. Wykonany w ca\u0142o\u015bci jest on ze stali najwy\u017cszej jako\u015bci, kt\u00f3ra jest pomalowana proszkowo farb\u0105 odporn\u0105 &hellip; <\/p>\n","protected":false},"author":1,"featured_media":0,"comment_status":"closed","ping_status":"closed","sticky":false,"template":"","format":"standard","meta":{"footnotes":""},"categories":[1],"tags":[97,226,14,225,223,227,224,19],"class_list":["post-565","post","type-post","status-publish","format-standard","hentry","category-bez-kategorii","tag-aflamo","tag-bio-kominek","tag-biokominek","tag-biokominek-pod-zabudowe","tag-biokominek-scienny","tag-biokominek-stellar","tag-biokominek-wiszacy","tag-stellar"],"yoast_head":"<!-- This site is optimized with the Yoast SEO plugin v25.7 - https:\/\/yoast.com\/wordpress\/plugins\/seo\/ -->\n<title>Biokominek \u015bcienny STELLAR - Aflamo - Kominki-Elektryczne.pl<\/title>\n<meta name=\"robots\" content=\"index, follow, max-snippet:-1, max-image-preview:large, max-video-preview:-1\" \/>\n<link rel=\"canonical\" href=\"https:\/\/kominki-elektryczne.pl\/blog\/2022\/03\/21\/biokominek-scienny-stellar-aflamo\/\" \/>\n<meta property=\"og:locale\" content=\"pl_PL\" \/>\n<meta property=\"og:type\" content=\"article\" \/>\n<meta property=\"og:title\" content=\"Biokominek \u015bcienny STELLAR - Aflamo - Kominki-Elektryczne.pl\" \/>\n<meta property=\"og:description\" content=\"Biokominek \u015bcienny Stellar jest to najbardziej popularny biokominek w naszym sklepie. Akualnie dost\u0119pne sa w dw\u00f3ch rozmiarach: -130x42x14 cm-180x42x14 cm Model biokominka stellar mo\u017cna swobodnie zabudowa\u0107 lub powiesi\u0107 na \u015bcianie. Wykonany w ca\u0142o\u015bci jest on ze stali najwy\u017cszej jako\u015bci, kt\u00f3ra jest pomalowana proszkowo farb\u0105 odporn\u0105 &hellip;\" \/>\n<meta property=\"og:url\" content=\"https:\/\/kominki-elektryczne.pl\/blog\/2022\/03\/21\/biokominek-scienny-stellar-aflamo\/\" \/>\n<meta property=\"og:site_name\" content=\"Kominki-Elektryczne.pl\" \/>\n<meta property=\"article:publisher\" content=\"https:\/\/www.facebook.com\/elektrycznekominki\" \/>\n<meta property=\"article:published_time\" content=\"2022-03-21T13:31:55+00:00\" \/>\n<meta property=\"article:modified_time\" content=\"2024-10-08T10:14:45+00:00\" \/>\n<meta property=\"og:image\" content=\"https:\/\/www.kominki-elektryczne.pl\/3589-large_default\/biokominek-scienny-do-zabudowy-stellar-130.jpg\" \/>\n<meta name=\"author\" content=\"Kominkowy\" \/>\n<meta name=\"twitter:card\" content=\"summary_large_image\" \/>\n<meta name=\"twitter:label1\" content=\"Napisane przez\" \/>\n\t<meta name=\"twitter:data1\" content=\"Kominkowy\" \/>\n\t<meta name=\"twitter:label2\" content=\"Szacowany czas czytania\" \/>\n\t<meta name=\"twitter:data2\" content=\"1 minuta\" \/>\n<script type=\"application\/ld+json\" class=\"yoast-schema-graph\">{\"@context\":\"https:\/\/schema.org\",\"@graph\":[{\"@type\":\"Article\",\"@id\":\"https:\/\/kominki-elektryczne.pl\/blog\/2022\/03\/21\/biokominek-scienny-stellar-aflamo\/#article\",\"isPartOf\":{\"@id\":\"https:\/\/kominki-elektryczne.pl\/blog\/2022\/03\/21\/biokominek-scienny-stellar-aflamo\/\"},\"author\":{\"name\":\"Kominkowy\",\"@id\":\"https:\/\/kominki-elektryczne.pl\/blog\/#\/schema\/person\/045e7544e3e90364f5f82cc509123089\"},\"headline\":\"Biokominek \u015bcienny STELLAR &#8211; Aflamo\",\"datePublished\":\"2022-03-21T13:31:55+00:00\",\"dateModified\":\"2024-10-08T10:14:45+00:00\",\"mainEntityOfPage\":{\"@id\":\"https:\/\/kominki-elektryczne.pl\/blog\/2022\/03\/21\/biokominek-scienny-stellar-aflamo\/\"},\"wordCount\":108,\"publisher\":{\"@id\":\"https:\/\/kominki-elektryczne.pl\/blog\/#organization\"},\"image\":{\"@id\":\"https:\/\/kominki-elektryczne.pl\/blog\/2022\/03\/21\/biokominek-scienny-stellar-aflamo\/#primaryimage\"},\"thumbnailUrl\":\"https:\/\/www.kominki-elektryczne.pl\/3589-large_default\/biokominek-scienny-do-zabudowy-stellar-130.jpg\",\"keywords\":[\"aflamo\",\"bio kominek\",\"biokominek\",\"biokominek pod zabudow\u0119\",\"biokominek \u015bcienny\",\"biokominek stellar\",\"biokominek wisz\u0105cy\",\"stellar\"],\"inLanguage\":\"pl-PL\"},{\"@type\":\"WebPage\",\"@id\":\"https:\/\/kominki-elektryczne.pl\/blog\/2022\/03\/21\/biokominek-scienny-stellar-aflamo\/\",\"url\":\"https:\/\/kominki-elektryczne.pl\/blog\/2022\/03\/21\/biokominek-scienny-stellar-aflamo\/\",\"name\":\"Biokominek \u015bcienny STELLAR - Aflamo - Kominki-Elektryczne.pl\",\"isPartOf\":{\"@id\":\"https:\/\/kominki-elektryczne.pl\/blog\/#website\"},\"primaryImageOfPage\":{\"@id\":\"https:\/\/kominki-elektryczne.pl\/blog\/2022\/03\/21\/biokominek-scienny-stellar-aflamo\/#primaryimage\"},\"image\":{\"@id\":\"https:\/\/kominki-elektryczne.pl\/blog\/2022\/03\/21\/biokominek-scienny-stellar-aflamo\/#primaryimage\"},\"thumbnailUrl\":\"https:\/\/www.kominki-elektryczne.pl\/3589-large_default\/biokominek-scienny-do-zabudowy-stellar-130.jpg\",\"datePublished\":\"2022-03-21T13:31:55+00:00\",\"dateModified\":\"2024-10-08T10:14:45+00:00\",\"breadcrumb\":{\"@id\":\"https:\/\/kominki-elektryczne.pl\/blog\/2022\/03\/21\/biokominek-scienny-stellar-aflamo\/#breadcrumb\"},\"inLanguage\":\"pl-PL\",\"potentialAction\":[{\"@type\":\"ReadAction\",\"target\":[\"https:\/\/kominki-elektryczne.pl\/blog\/2022\/03\/21\/biokominek-scienny-stellar-aflamo\/\"]}]},{\"@type\":\"ImageObject\",\"inLanguage\":\"pl-PL\",\"@id\":\"https:\/\/kominki-elektryczne.pl\/blog\/2022\/03\/21\/biokominek-scienny-stellar-aflamo\/#primaryimage\",\"url\":\"https:\/\/www.kominki-elektryczne.pl\/3589-large_default\/biokominek-scienny-do-zabudowy-stellar-130.jpg\",\"contentUrl\":\"https:\/\/www.kominki-elektryczne.pl\/3589-large_default\/biokominek-scienny-do-zabudowy-stellar-130.jpg\"},{\"@type\":\"BreadcrumbList\",\"@id\":\"https:\/\/kominki-elektryczne.pl\/blog\/2022\/03\/21\/biokominek-scienny-stellar-aflamo\/#breadcrumb\",\"itemListElement\":[{\"@type\":\"ListItem\",\"position\":1,\"name\":\"Strona g\u0142\u00f3wna\",\"item\":\"https:\/\/kominki-elektryczne.pl\/blog\/\"},{\"@type\":\"ListItem\",\"position\":2,\"name\":\"Biokominek \u015bcienny STELLAR &#8211; Aflamo\"}]},{\"@type\":\"WebSite\",\"@id\":\"https:\/\/kominki-elektryczne.pl\/blog\/#website\",\"url\":\"https:\/\/kominki-elektryczne.pl\/blog\/\",\"name\":\"Kominki-Elektryczne.pl\",\"description\":\"Opisy - Porady - Recenzje\",\"publisher\":{\"@id\":\"https:\/\/kominki-elektryczne.pl\/blog\/#organization\"},\"potentialAction\":[{\"@type\":\"SearchAction\",\"target\":{\"@type\":\"EntryPoint\",\"urlTemplate\":\"https:\/\/kominki-elektryczne.pl\/blog\/?s={search_term_string}\"},\"query-input\":{\"@type\":\"PropertyValueSpecification\",\"valueRequired\":true,\"valueName\":\"search_term_string\"}}],\"inLanguage\":\"pl-PL\"},{\"@type\":\"Organization\",\"@id\":\"https:\/\/kominki-elektryczne.pl\/blog\/#organization\",\"name\":\"Kominki-Elektryczne.pl\",\"url\":\"https:\/\/kominki-elektryczne.pl\/blog\/\",\"logo\":{\"@type\":\"ImageObject\",\"inLanguage\":\"pl-PL\",\"@id\":\"https:\/\/kominki-elektryczne.pl\/blog\/#\/schema\/logo\/image\/\",\"url\":\"https:\/\/kominki-elektryczne.pl\/blog\/wp-content\/uploads\/2025\/04\/cropped-LogoAflamo.jpg\",\"contentUrl\":\"https:\/\/kominki-elektryczne.pl\/blog\/wp-content\/uploads\/2025\/04\/cropped-LogoAflamo.jpg\",\"width\":200,\"height\":58,\"caption\":\"Kominki-Elektryczne.pl\"},\"image\":{\"@id\":\"https:\/\/kominki-elektryczne.pl\/blog\/#\/schema\/logo\/image\/\"},\"sameAs\":[\"https:\/\/www.facebook.com\/elektrycznekominki\"]},{\"@type\":\"Person\",\"@id\":\"https:\/\/kominki-elektryczne.pl\/blog\/#\/schema\/person\/045e7544e3e90364f5f82cc509123089\",\"name\":\"Kominkowy\",\"image\":{\"@type\":\"ImageObject\",\"inLanguage\":\"pl-PL\",\"@id\":\"https:\/\/kominki-elektryczne.pl\/blog\/#\/schema\/person\/image\/\",\"url\":\"https:\/\/secure.gravatar.com\/avatar\/8c15720599195e8ba4119df2db28ce7e?s=96&d=mm&r=g\",\"contentUrl\":\"https:\/\/secure.gravatar.com\/avatar\/8c15720599195e8ba4119df2db28ce7e?s=96&d=mm&r=g\",\"caption\":\"Kominkowy\"},\"sameAs\":[\"http:\/\/www.kominki-elektryczne.pl\"],\"url\":\"https:\/\/kominki-elektryczne.pl\/blog\/author\/led-handel\/\"}]}<\/script>\n<!-- \/ Yoast SEO plugin. -->","yoast_head_json":{"title":"Biokominek \u015bcienny STELLAR - Aflamo - Kominki-Elektryczne.pl","robots":{"index":"index","follow":"follow","max-snippet":"max-snippet:-1","max-image-preview":"max-image-preview:large","max-video-preview":"max-video-preview:-1"},"canonical":"https:\/\/kominki-elektryczne.pl\/blog\/2022\/03\/21\/biokominek-scienny-stellar-aflamo\/","og_locale":"pl_PL","og_type":"article","og_title":"Biokominek \u015bcienny STELLAR - Aflamo - Kominki-Elektryczne.pl","og_description":"Biokominek \u015bcienny Stellar jest to najbardziej popularny biokominek w naszym sklepie. Akualnie dost\u0119pne sa w dw\u00f3ch rozmiarach: -130x42x14 cm-180x42x14 cm Model biokominka stellar mo\u017cna swobodnie zabudowa\u0107 lub powiesi\u0107 na \u015bcianie. Wykonany w ca\u0142o\u015bci jest on ze stali najwy\u017cszej jako\u015bci, kt\u00f3ra jest pomalowana proszkowo farb\u0105 odporn\u0105 &hellip;","og_url":"https:\/\/kominki-elektryczne.pl\/blog\/2022\/03\/21\/biokominek-scienny-stellar-aflamo\/","og_site_name":"Kominki-Elektryczne.pl","article_publisher":"https:\/\/www.facebook.com\/elektrycznekominki","article_published_time":"2022-03-21T13:31:55+00:00","article_modified_time":"2024-10-08T10:14:45+00:00","og_image":[{"url":"https:\/\/www.kominki-elektryczne.pl\/3589-large_default\/biokominek-scienny-do-zabudowy-stellar-130.jpg","type":"","width":"","height":""}],"author":"Kominkowy","twitter_card":"summary_large_image","twitter_misc":{"Napisane przez":"Kominkowy","Szacowany czas czytania":"1 minuta"},"schema":{"@context":"https:\/\/schema.org","@graph":[{"@type":"Article","@id":"https:\/\/kominki-elektryczne.pl\/blog\/2022\/03\/21\/biokominek-scienny-stellar-aflamo\/#article","isPartOf":{"@id":"https:\/\/kominki-elektryczne.pl\/blog\/2022\/03\/21\/biokominek-scienny-stellar-aflamo\/"},"author":{"name":"Kominkowy","@id":"https:\/\/kominki-elektryczne.pl\/blog\/#\/schema\/person\/045e7544e3e90364f5f82cc509123089"},"headline":"Biokominek \u015bcienny STELLAR &#8211; Aflamo","datePublished":"2022-03-21T13:31:55+00:00","dateModified":"2024-10-08T10:14:45+00:00","mainEntityOfPage":{"@id":"https:\/\/kominki-elektryczne.pl\/blog\/2022\/03\/21\/biokominek-scienny-stellar-aflamo\/"},"wordCount":108,"publisher":{"@id":"https:\/\/kominki-elektryczne.pl\/blog\/#organization"},"image":{"@id":"https:\/\/kominki-elektryczne.pl\/blog\/2022\/03\/21\/biokominek-scienny-stellar-aflamo\/#primaryimage"},"thumbnailUrl":"https:\/\/www.kominki-elektryczne.pl\/3589-large_default\/biokominek-scienny-do-zabudowy-stellar-130.jpg","keywords":["aflamo","bio kominek","biokominek","biokominek pod zabudow\u0119","biokominek \u015bcienny","biokominek stellar","biokominek wisz\u0105cy","stellar"],"inLanguage":"pl-PL"},{"@type":"WebPage","@id":"https:\/\/kominki-elektryczne.pl\/blog\/2022\/03\/21\/biokominek-scienny-stellar-aflamo\/","url":"https:\/\/kominki-elektryczne.pl\/blog\/2022\/03\/21\/biokominek-scienny-stellar-aflamo\/","name":"Biokominek \u015bcienny STELLAR - Aflamo - Kominki-Elektryczne.pl","isPartOf":{"@id":"https:\/\/kominki-elektryczne.pl\/blog\/#website"},"primaryImageOfPage":{"@id":"https:\/\/kominki-elektryczne.pl\/blog\/2022\/03\/21\/biokominek-scienny-stellar-aflamo\/#primaryimage"},"image":{"@id":"https:\/\/kominki-elektryczne.pl\/blog\/2022\/03\/21\/biokominek-scienny-stellar-aflamo\/#primaryimage"},"thumbnailUrl":"https:\/\/www.kominki-elektryczne.pl\/3589-large_default\/biokominek-scienny-do-zabudowy-stellar-130.jpg","datePublished":"2022-03-21T13:31:55+00:00","dateModified":"2024-10-08T10:14:45+00:00","breadcrumb":{"@id":"https:\/\/kominki-elektryczne.pl\/blog\/2022\/03\/21\/biokominek-scienny-stellar-aflamo\/#breadcrumb"},"inLanguage":"pl-PL","potentialAction":[{"@type":"ReadAction","target":["https:\/\/kominki-elektryczne.pl\/blog\/2022\/03\/21\/biokominek-scienny-stellar-aflamo\/"]}]},{"@type":"ImageObject","inLanguage":"pl-PL","@id":"https:\/\/kominki-elektryczne.pl\/blog\/2022\/03\/21\/biokominek-scienny-stellar-aflamo\/#primaryimage","url":"https:\/\/www.kominki-elektryczne.pl\/3589-large_default\/biokominek-scienny-do-zabudowy-stellar-130.jpg","contentUrl":"https:\/\/www.kominki-elektryczne.pl\/3589-large_default\/biokominek-scienny-do-zabudowy-stellar-130.jpg"},{"@type":"BreadcrumbList","@id":"https:\/\/kominki-elektryczne.pl\/blog\/2022\/03\/21\/biokominek-scienny-stellar-aflamo\/#breadcrumb","itemListElement":[{"@type":"ListItem","position":1,"name":"Strona g\u0142\u00f3wna","item":"https:\/\/kominki-elektryczne.pl\/blog\/"},{"@type":"ListItem","position":2,"name":"Biokominek \u015bcienny STELLAR &#8211; Aflamo"}]},{"@type":"WebSite","@id":"https:\/\/kominki-elektryczne.pl\/blog\/#website","url":"https:\/\/kominki-elektryczne.pl\/blog\/","name":"Kominki-Elektryczne.pl","description":"Opisy - Porady - Recenzje","publisher":{"@id":"https:\/\/kominki-elektryczne.pl\/blog\/#organization"},"potentialAction":[{"@type":"SearchAction","target":{"@type":"EntryPoint","urlTemplate":"https:\/\/kominki-elektryczne.pl\/blog\/?s={search_term_string}"},"query-input":{"@type":"PropertyValueSpecification","valueRequired":true,"valueName":"search_term_string"}}],"inLanguage":"pl-PL"},{"@type":"Organization","@id":"https:\/\/kominki-elektryczne.pl\/blog\/#organization","name":"Kominki-Elektryczne.pl","url":"https:\/\/kominki-elektryczne.pl\/blog\/","logo":{"@type":"ImageObject","inLanguage":"pl-PL","@id":"https:\/\/kominki-elektryczne.pl\/blog\/#\/schema\/logo\/image\/","url":"https:\/\/kominki-elektryczne.pl\/blog\/wp-content\/uploads\/2025\/04\/cropped-LogoAflamo.jpg","contentUrl":"https:\/\/kominki-elektryczne.pl\/blog\/wp-content\/uploads\/2025\/04\/cropped-LogoAflamo.jpg","width":200,"height":58,"caption":"Kominki-Elektryczne.pl"},"image":{"@id":"https:\/\/kominki-elektryczne.pl\/blog\/#\/schema\/logo\/image\/"},"sameAs":["https:\/\/www.facebook.com\/elektrycznekominki"]},{"@type":"Person","@id":"https:\/\/kominki-elektryczne.pl\/blog\/#\/schema\/person\/045e7544e3e90364f5f82cc509123089","name":"Kominkowy","image":{"@type":"ImageObject","inLanguage":"pl-PL","@id":"https:\/\/kominki-elektryczne.pl\/blog\/#\/schema\/person\/image\/","url":"https:\/\/secure.gravatar.com\/avatar\/8c15720599195e8ba4119df2db28ce7e?s=96&d=mm&r=g","contentUrl":"https:\/\/secure.gravatar.com\/avatar\/8c15720599195e8ba4119df2db28ce7e?s=96&d=mm&r=g","caption":"Kominkowy"},"sameAs":["http:\/\/www.kominki-elektryczne.pl"],"url":"https:\/\/kominki-elektryczne.pl\/blog\/author\/led-handel\/"}]}},"_links":{"self":[{"href":"https:\/\/kominki-elektryczne.pl\/blog\/wp-json\/wp\/v2\/posts\/565","targetHints":{"allow":["GET"]}}],"collection":[{"href":"https:\/\/kominki-elektryczne.pl\/blog\/wp-json\/wp\/v2\/posts"}],"about":[{"href":"https:\/\/kominki-elektryczne.pl\/blog\/wp-json\/wp\/v2\/types\/post"}],"author":[{"embeddable":true,"href":"https:\/\/kominki-elektryczne.pl\/blog\/wp-json\/wp\/v2\/users\/1"}],"replies":[{"embeddable":true,"href":"https:\/\/kominki-elektryczne.pl\/blog\/wp-json\/wp\/v2\/comments?post=565"}],"version-history":[{"count":1,"href":"https:\/\/kominki-elektryczne.pl\/blog\/wp-json\/wp\/v2\/posts\/565\/revisions"}],"predecessor-version":[{"id":566,"href":"https:\/\/kominki-elektryczne.pl\/blog\/wp-json\/wp\/v2\/posts\/565\/revisions\/566"}],"wp:attachment":[{"href":"https:\/\/kominki-elektryczne.pl\/blog\/wp-json\/wp\/v2\/media?parent=565"}],"wp:term":[{"taxonomy":"category","embeddable":true,"href":"https:\/\/kominki-elektryczne.pl\/blog\/wp-json\/wp\/v2\/categories?post=565"},{"taxonomy":"post_tag","embeddable":true,"href":"https:\/\/kominki-elektryczne.pl\/blog\/wp-json\/wp\/v2\/tags?post=565"}],"curies":[{"name":"wp","href":"https:\/\/api.w.org\/{rel}","templated":true}]}}