{"id":59,"date":"2018-10-23T15:10:12","date_gmt":"2018-10-23T13:10:12","guid":{"rendered":"https:\/\/kominki-elektryczne.pl\/blog\/?p=59"},"modified":"2024-10-08T12:14:49","modified_gmt":"2024-10-08T10:14:49","slug":"kominek-elektryczny-led-simo","status":"publish","type":"post","link":"https:\/\/kominki-elektryczne.pl\/blog\/2018\/10\/23\/kominek-elektryczny-led-simo\/","title":{"rendered":"Kominek elektryczny LED SIMO"},"content":{"rendered":"<p>Witam serdecznie,<\/p>\n<p>w dzisiejszym wpisie chcieliby\u015bmy przedstawi\u0107 Pa\u0144stwu kominek elektryczny LED SIMO. Ten model wyst\u0119puje w dw\u00f3ch kolorach:<\/p>\n<p><a href=\"https:\/\/www.kominki-elektryczne.pl\/glowna\/15-simo-kominek-elektryczny.html?search_query=simo&amp;results=2\">-Kominek elektryczny LED SIMO bia\u0142y<\/a><\/p>\n<p><a href=\"https:\/\/www.kominki-elektryczne.pl\/glowna\/16-simo-kominek-elektryczny.html?search_query=simo&amp;results=2\">-Kominek elektryczny LED SIMO czarny<\/a><\/p>\n<p>Kominek elektryczny simo mo\u017ce s\u0142u\u017cy\u0107 jako kominek stoj\u0105cy, ale r\u00f3wnie\u017c i jako wisz\u0105cy. W zestawie znajd\u0105 Pa\u0144stwo elementy do powieszenia na \u015bcianie.<br \/>\nTen model jest bardzo praktyczny, jego wymiary nie s\u0105 zbyt du\u017co wi\u0119c idealnie pasuje do ka\u017cdego wn\u0119trza. Dodatkowo jego obudowa\u00a0 jest z po\u0142yskiem co sprawia, \u017ce \u015bwietnie si\u0119 prezentuje w tym nowoczesnym stylu.<\/p>\n<p>&nbsp;<\/p>\n<p><img loading=\"lazy\" decoding=\"async\" class=\"alignnone size-full wp-image-61\" src=\"https:\/\/kominki-elektryczne.pl\/blog\/wp-content\/uploads\/2018\/10\/Simo_black_wall.jpg\" alt=\"\" width=\"2048\" height=\"1867\" srcset=\"https:\/\/kominki-elektryczne.pl\/blog\/wp-content\/uploads\/2018\/10\/Simo_black_wall.jpg 2048w, https:\/\/kominki-elektryczne.pl\/blog\/wp-content\/uploads\/2018\/10\/Simo_black_wall-300x273.jpg 300w, https:\/\/kominki-elektryczne.pl\/blog\/wp-content\/uploads\/2018\/10\/Simo_black_wall-768x700.jpg 768w, https:\/\/kominki-elektryczne.pl\/blog\/wp-content\/uploads\/2018\/10\/Simo_black_wall-1024x934.jpg 1024w\" sizes=\"auto, (max-width: 2048px) 100vw, 2048px\" \/><\/p>\n<p><img loading=\"lazy\" decoding=\"async\" class=\"alignnone size-full wp-image-60\" src=\"https:\/\/kominki-elektryczne.pl\/blog\/wp-content\/uploads\/2018\/10\/Simo_white_wall.jpg\" alt=\"\" width=\"2048\" height=\"1867\" srcset=\"https:\/\/kominki-elektryczne.pl\/blog\/wp-content\/uploads\/2018\/10\/Simo_white_wall.jpg 2048w, https:\/\/kominki-elektryczne.pl\/blog\/wp-content\/uploads\/2018\/10\/Simo_white_wall-300x273.jpg 300w, https:\/\/kominki-elektryczne.pl\/blog\/wp-content\/uploads\/2018\/10\/Simo_white_wall-768x700.jpg 768w, https:\/\/kominki-elektryczne.pl\/blog\/wp-content\/uploads\/2018\/10\/Simo_white_wall-1024x934.jpg 1024w\" sizes=\"auto, (max-width: 2048px) 100vw, 2048px\" \/><\/p>\n<p>&nbsp;<\/p>\n","protected":false},"excerpt":{"rendered":"<p>Witam serdecznie, w dzisiejszym wpisie chcieliby\u015bmy przedstawi\u0107 Pa\u0144stwu kominek elektryczny LED SIMO. Ten model wyst\u0119puje w dw\u00f3ch kolorach: -Kominek elektryczny LED SIMO bia\u0142y -Kominek elektryczny LED SIMO czarny Kominek elektryczny simo mo\u017ce s\u0142u\u017cy\u0107 jako kominek stoj\u0105cy, ale r\u00f3wnie\u017c i jako wisz\u0105cy. W zestawie znajd\u0105 Pa\u0144stwo &hellip; <\/p>\n","protected":false},"author":1,"featured_media":0,"comment_status":"closed","ping_status":"closed","sticky":false,"template":"","format":"standard","meta":{"footnotes":""},"categories":[1],"tags":[],"class_list":["post-59","post","type-post","status-publish","format-standard","hentry","category-bez-kategorii"],"yoast_head":"<!-- This site is optimized with the Yoast SEO plugin v25.7 - https:\/\/yoast.com\/wordpress\/plugins\/seo\/ -->\n<title>Kominek elektryczny LED SIMO - Kominki-Elektryczne.pl<\/title>\n<meta name=\"robots\" content=\"index, follow, max-snippet:-1, max-image-preview:large, max-video-preview:-1\" \/>\n<link rel=\"canonical\" href=\"https:\/\/kominki-elektryczne.pl\/blog\/2018\/10\/23\/kominek-elektryczny-led-simo\/\" \/>\n<meta property=\"og:locale\" content=\"pl_PL\" \/>\n<meta property=\"og:type\" content=\"article\" \/>\n<meta property=\"og:title\" content=\"Kominek elektryczny LED SIMO - Kominki-Elektryczne.pl\" \/>\n<meta property=\"og:description\" content=\"Witam serdecznie, w dzisiejszym wpisie chcieliby\u015bmy przedstawi\u0107 Pa\u0144stwu kominek elektryczny LED SIMO. Ten model wyst\u0119puje w dw\u00f3ch kolorach: -Kominek elektryczny LED SIMO bia\u0142y -Kominek elektryczny LED SIMO czarny Kominek elektryczny simo mo\u017ce s\u0142u\u017cy\u0107 jako kominek stoj\u0105cy, ale r\u00f3wnie\u017c i jako wisz\u0105cy. W zestawie znajd\u0105 Pa\u0144stwo &hellip;\" \/>\n<meta property=\"og:url\" content=\"https:\/\/kominki-elektryczne.pl\/blog\/2018\/10\/23\/kominek-elektryczny-led-simo\/\" \/>\n<meta property=\"og:site_name\" content=\"Kominki-Elektryczne.pl\" \/>\n<meta property=\"article:publisher\" content=\"https:\/\/www.facebook.com\/elektrycznekominki\" \/>\n<meta property=\"article:published_time\" content=\"2018-10-23T13:10:12+00:00\" \/>\n<meta property=\"article:modified_time\" content=\"2024-10-08T10:14:49+00:00\" \/>\n<meta property=\"og:image\" content=\"https:\/\/kominki-elektryczne.pl\/blog\/wp-content\/uploads\/2018\/10\/Simo_black_wall.jpg\" \/>\n\t<meta property=\"og:image:width\" content=\"2048\" \/>\n\t<meta property=\"og:image:height\" content=\"1867\" \/>\n\t<meta property=\"og:image:type\" content=\"image\/jpeg\" \/>\n<meta name=\"author\" content=\"Kominkowy\" \/>\n<meta name=\"twitter:card\" content=\"summary_large_image\" \/>\n<meta name=\"twitter:label1\" content=\"Napisane przez\" \/>\n\t<meta name=\"twitter:data1\" content=\"Kominkowy\" \/>\n\t<meta name=\"twitter:label2\" content=\"Szacowany czas czytania\" \/>\n\t<meta name=\"twitter:data2\" content=\"1 minuta\" \/>\n<script type=\"application\/ld+json\" class=\"yoast-schema-graph\">{\"@context\":\"https:\/\/schema.org\",\"@graph\":[{\"@type\":\"Article\",\"@id\":\"https:\/\/kominki-elektryczne.pl\/blog\/2018\/10\/23\/kominek-elektryczny-led-simo\/#article\",\"isPartOf\":{\"@id\":\"https:\/\/kominki-elektryczne.pl\/blog\/2018\/10\/23\/kominek-elektryczny-led-simo\/\"},\"author\":{\"name\":\"Kominkowy\",\"@id\":\"https:\/\/kominki-elektryczne.pl\/blog\/#\/schema\/person\/045e7544e3e90364f5f82cc509123089\"},\"headline\":\"Kominek elektryczny LED SIMO\",\"datePublished\":\"2018-10-23T13:10:12+00:00\",\"dateModified\":\"2024-10-08T10:14:49+00:00\",\"mainEntityOfPage\":{\"@id\":\"https:\/\/kominki-elektryczne.pl\/blog\/2018\/10\/23\/kominek-elektryczny-led-simo\/\"},\"wordCount\":106,\"publisher\":{\"@id\":\"https:\/\/kominki-elektryczne.pl\/blog\/#organization\"},\"image\":{\"@id\":\"https:\/\/kominki-elektryczne.pl\/blog\/2018\/10\/23\/kominek-elektryczny-led-simo\/#primaryimage\"},\"thumbnailUrl\":\"https:\/\/kominki-elektryczne.pl\/blog\/wp-content\/uploads\/2018\/10\/Simo_black_wall.jpg\",\"inLanguage\":\"pl-PL\"},{\"@type\":\"WebPage\",\"@id\":\"https:\/\/kominki-elektryczne.pl\/blog\/2018\/10\/23\/kominek-elektryczny-led-simo\/\",\"url\":\"https:\/\/kominki-elektryczne.pl\/blog\/2018\/10\/23\/kominek-elektryczny-led-simo\/\",\"name\":\"Kominek elektryczny LED SIMO - Kominki-Elektryczne.pl\",\"isPartOf\":{\"@id\":\"https:\/\/kominki-elektryczne.pl\/blog\/#website\"},\"primaryImageOfPage\":{\"@id\":\"https:\/\/kominki-elektryczne.pl\/blog\/2018\/10\/23\/kominek-elektryczny-led-simo\/#primaryimage\"},\"image\":{\"@id\":\"https:\/\/kominki-elektryczne.pl\/blog\/2018\/10\/23\/kominek-elektryczny-led-simo\/#primaryimage\"},\"thumbnailUrl\":\"https:\/\/kominki-elektryczne.pl\/blog\/wp-content\/uploads\/2018\/10\/Simo_black_wall.jpg\",\"datePublished\":\"2018-10-23T13:10:12+00:00\",\"dateModified\":\"2024-10-08T10:14:49+00:00\",\"breadcrumb\":{\"@id\":\"https:\/\/kominki-elektryczne.pl\/blog\/2018\/10\/23\/kominek-elektryczny-led-simo\/#breadcrumb\"},\"inLanguage\":\"pl-PL\",\"potentialAction\":[{\"@type\":\"ReadAction\",\"target\":[\"https:\/\/kominki-elektryczne.pl\/blog\/2018\/10\/23\/kominek-elektryczny-led-simo\/\"]}]},{\"@type\":\"ImageObject\",\"inLanguage\":\"pl-PL\",\"@id\":\"https:\/\/kominki-elektryczne.pl\/blog\/2018\/10\/23\/kominek-elektryczny-led-simo\/#primaryimage\",\"url\":\"https:\/\/kominki-elektryczne.pl\/blog\/wp-content\/uploads\/2018\/10\/Simo_black_wall.jpg\",\"contentUrl\":\"https:\/\/kominki-elektryczne.pl\/blog\/wp-content\/uploads\/2018\/10\/Simo_black_wall.jpg\",\"width\":2048,\"height\":1867},{\"@type\":\"BreadcrumbList\",\"@id\":\"https:\/\/kominki-elektryczne.pl\/blog\/2018\/10\/23\/kominek-elektryczny-led-simo\/#breadcrumb\",\"itemListElement\":[{\"@type\":\"ListItem\",\"position\":1,\"name\":\"Strona g\u0142\u00f3wna\",\"item\":\"https:\/\/kominki-elektryczne.pl\/blog\/\"},{\"@type\":\"ListItem\",\"position\":2,\"name\":\"Kominek elektryczny LED SIMO\"}]},{\"@type\":\"WebSite\",\"@id\":\"https:\/\/kominki-elektryczne.pl\/blog\/#website\",\"url\":\"https:\/\/kominki-elektryczne.pl\/blog\/\",\"name\":\"Kominki-Elektryczne.pl\",\"description\":\"Opisy - Porady - Recenzje\",\"publisher\":{\"@id\":\"https:\/\/kominki-elektryczne.pl\/blog\/#organization\"},\"potentialAction\":[{\"@type\":\"SearchAction\",\"target\":{\"@type\":\"EntryPoint\",\"urlTemplate\":\"https:\/\/kominki-elektryczne.pl\/blog\/?s={search_term_string}\"},\"query-input\":{\"@type\":\"PropertyValueSpecification\",\"valueRequired\":true,\"valueName\":\"search_term_string\"}}],\"inLanguage\":\"pl-PL\"},{\"@type\":\"Organization\",\"@id\":\"https:\/\/kominki-elektryczne.pl\/blog\/#organization\",\"name\":\"Kominki-Elektryczne.pl\",\"url\":\"https:\/\/kominki-elektryczne.pl\/blog\/\",\"logo\":{\"@type\":\"ImageObject\",\"inLanguage\":\"pl-PL\",\"@id\":\"https:\/\/kominki-elektryczne.pl\/blog\/#\/schema\/logo\/image\/\",\"url\":\"https:\/\/kominki-elektryczne.pl\/blog\/wp-content\/uploads\/2025\/04\/cropped-LogoAflamo.jpg\",\"contentUrl\":\"https:\/\/kominki-elektryczne.pl\/blog\/wp-content\/uploads\/2025\/04\/cropped-LogoAflamo.jpg\",\"width\":200,\"height\":58,\"caption\":\"Kominki-Elektryczne.pl\"},\"image\":{\"@id\":\"https:\/\/kominki-elektryczne.pl\/blog\/#\/schema\/logo\/image\/\"},\"sameAs\":[\"https:\/\/www.facebook.com\/elektrycznekominki\"]},{\"@type\":\"Person\",\"@id\":\"https:\/\/kominki-elektryczne.pl\/blog\/#\/schema\/person\/045e7544e3e90364f5f82cc509123089\",\"name\":\"Kominkowy\",\"image\":{\"@type\":\"ImageObject\",\"inLanguage\":\"pl-PL\",\"@id\":\"https:\/\/kominki-elektryczne.pl\/blog\/#\/schema\/person\/image\/\",\"url\":\"https:\/\/secure.gravatar.com\/avatar\/8c15720599195e8ba4119df2db28ce7e?s=96&d=mm&r=g\",\"contentUrl\":\"https:\/\/secure.gravatar.com\/avatar\/8c15720599195e8ba4119df2db28ce7e?s=96&d=mm&r=g\",\"caption\":\"Kominkowy\"},\"sameAs\":[\"http:\/\/www.kominki-elektryczne.pl\"],\"url\":\"https:\/\/kominki-elektryczne.pl\/blog\/author\/led-handel\/\"}]}<\/script>\n<!-- \/ Yoast SEO plugin. -->","yoast_head_json":{"title":"Kominek elektryczny LED SIMO - Kominki-Elektryczne.pl","robots":{"index":"index","follow":"follow","max-snippet":"max-snippet:-1","max-image-preview":"max-image-preview:large","max-video-preview":"max-video-preview:-1"},"canonical":"https:\/\/kominki-elektryczne.pl\/blog\/2018\/10\/23\/kominek-elektryczny-led-simo\/","og_locale":"pl_PL","og_type":"article","og_title":"Kominek elektryczny LED SIMO - Kominki-Elektryczne.pl","og_description":"Witam serdecznie, w dzisiejszym wpisie chcieliby\u015bmy przedstawi\u0107 Pa\u0144stwu kominek elektryczny LED SIMO. Ten model wyst\u0119puje w dw\u00f3ch kolorach: -Kominek elektryczny LED SIMO bia\u0142y -Kominek elektryczny LED SIMO czarny Kominek elektryczny simo mo\u017ce s\u0142u\u017cy\u0107 jako kominek stoj\u0105cy, ale r\u00f3wnie\u017c i jako wisz\u0105cy. W zestawie znajd\u0105 Pa\u0144stwo &hellip;","og_url":"https:\/\/kominki-elektryczne.pl\/blog\/2018\/10\/23\/kominek-elektryczny-led-simo\/","og_site_name":"Kominki-Elektryczne.pl","article_publisher":"https:\/\/www.facebook.com\/elektrycznekominki","article_published_time":"2018-10-23T13:10:12+00:00","article_modified_time":"2024-10-08T10:14:49+00:00","og_image":[{"width":2048,"height":1867,"url":"https:\/\/kominki-elektryczne.pl\/blog\/wp-content\/uploads\/2018\/10\/Simo_black_wall.jpg","type":"image\/jpeg"}],"author":"Kominkowy","twitter_card":"summary_large_image","twitter_misc":{"Napisane przez":"Kominkowy","Szacowany czas czytania":"1 minuta"},"schema":{"@context":"https:\/\/schema.org","@graph":[{"@type":"Article","@id":"https:\/\/kominki-elektryczne.pl\/blog\/2018\/10\/23\/kominek-elektryczny-led-simo\/#article","isPartOf":{"@id":"https:\/\/kominki-elektryczne.pl\/blog\/2018\/10\/23\/kominek-elektryczny-led-simo\/"},"author":{"name":"Kominkowy","@id":"https:\/\/kominki-elektryczne.pl\/blog\/#\/schema\/person\/045e7544e3e90364f5f82cc509123089"},"headline":"Kominek elektryczny LED SIMO","datePublished":"2018-10-23T13:10:12+00:00","dateModified":"2024-10-08T10:14:49+00:00","mainEntityOfPage":{"@id":"https:\/\/kominki-elektryczne.pl\/blog\/2018\/10\/23\/kominek-elektryczny-led-simo\/"},"wordCount":106,"publisher":{"@id":"https:\/\/kominki-elektryczne.pl\/blog\/#organization"},"image":{"@id":"https:\/\/kominki-elektryczne.pl\/blog\/2018\/10\/23\/kominek-elektryczny-led-simo\/#primaryimage"},"thumbnailUrl":"https:\/\/kominki-elektryczne.pl\/blog\/wp-content\/uploads\/2018\/10\/Simo_black_wall.jpg","inLanguage":"pl-PL"},{"@type":"WebPage","@id":"https:\/\/kominki-elektryczne.pl\/blog\/2018\/10\/23\/kominek-elektryczny-led-simo\/","url":"https:\/\/kominki-elektryczne.pl\/blog\/2018\/10\/23\/kominek-elektryczny-led-simo\/","name":"Kominek elektryczny LED SIMO - Kominki-Elektryczne.pl","isPartOf":{"@id":"https:\/\/kominki-elektryczne.pl\/blog\/#website"},"primaryImageOfPage":{"@id":"https:\/\/kominki-elektryczne.pl\/blog\/2018\/10\/23\/kominek-elektryczny-led-simo\/#primaryimage"},"image":{"@id":"https:\/\/kominki-elektryczne.pl\/blog\/2018\/10\/23\/kominek-elektryczny-led-simo\/#primaryimage"},"thumbnailUrl":"https:\/\/kominki-elektryczne.pl\/blog\/wp-content\/uploads\/2018\/10\/Simo_black_wall.jpg","datePublished":"2018-10-23T13:10:12+00:00","dateModified":"2024-10-08T10:14:49+00:00","breadcrumb":{"@id":"https:\/\/kominki-elektryczne.pl\/blog\/2018\/10\/23\/kominek-elektryczny-led-simo\/#breadcrumb"},"inLanguage":"pl-PL","potentialAction":[{"@type":"ReadAction","target":["https:\/\/kominki-elektryczne.pl\/blog\/2018\/10\/23\/kominek-elektryczny-led-simo\/"]}]},{"@type":"ImageObject","inLanguage":"pl-PL","@id":"https:\/\/kominki-elektryczne.pl\/blog\/2018\/10\/23\/kominek-elektryczny-led-simo\/#primaryimage","url":"https:\/\/kominki-elektryczne.pl\/blog\/wp-content\/uploads\/2018\/10\/Simo_black_wall.jpg","contentUrl":"https:\/\/kominki-elektryczne.pl\/blog\/wp-content\/uploads\/2018\/10\/Simo_black_wall.jpg","width":2048,"height":1867},{"@type":"BreadcrumbList","@id":"https:\/\/kominki-elektryczne.pl\/blog\/2018\/10\/23\/kominek-elektryczny-led-simo\/#breadcrumb","itemListElement":[{"@type":"ListItem","position":1,"name":"Strona g\u0142\u00f3wna","item":"https:\/\/kominki-elektryczne.pl\/blog\/"},{"@type":"ListItem","position":2,"name":"Kominek elektryczny LED SIMO"}]},{"@type":"WebSite","@id":"https:\/\/kominki-elektryczne.pl\/blog\/#website","url":"https:\/\/kominki-elektryczne.pl\/blog\/","name":"Kominki-Elektryczne.pl","description":"Opisy - Porady - Recenzje","publisher":{"@id":"https:\/\/kominki-elektryczne.pl\/blog\/#organization"},"potentialAction":[{"@type":"SearchAction","target":{"@type":"EntryPoint","urlTemplate":"https:\/\/kominki-elektryczne.pl\/blog\/?s={search_term_string}"},"query-input":{"@type":"PropertyValueSpecification","valueRequired":true,"valueName":"search_term_string"}}],"inLanguage":"pl-PL"},{"@type":"Organization","@id":"https:\/\/kominki-elektryczne.pl\/blog\/#organization","name":"Kominki-Elektryczne.pl","url":"https:\/\/kominki-elektryczne.pl\/blog\/","logo":{"@type":"ImageObject","inLanguage":"pl-PL","@id":"https:\/\/kominki-elektryczne.pl\/blog\/#\/schema\/logo\/image\/","url":"https:\/\/kominki-elektryczne.pl\/blog\/wp-content\/uploads\/2025\/04\/cropped-LogoAflamo.jpg","contentUrl":"https:\/\/kominki-elektryczne.pl\/blog\/wp-content\/uploads\/2025\/04\/cropped-LogoAflamo.jpg","width":200,"height":58,"caption":"Kominki-Elektryczne.pl"},"image":{"@id":"https:\/\/kominki-elektryczne.pl\/blog\/#\/schema\/logo\/image\/"},"sameAs":["https:\/\/www.facebook.com\/elektrycznekominki"]},{"@type":"Person","@id":"https:\/\/kominki-elektryczne.pl\/blog\/#\/schema\/person\/045e7544e3e90364f5f82cc509123089","name":"Kominkowy","image":{"@type":"ImageObject","inLanguage":"pl-PL","@id":"https:\/\/kominki-elektryczne.pl\/blog\/#\/schema\/person\/image\/","url":"https:\/\/secure.gravatar.com\/avatar\/8c15720599195e8ba4119df2db28ce7e?s=96&d=mm&r=g","contentUrl":"https:\/\/secure.gravatar.com\/avatar\/8c15720599195e8ba4119df2db28ce7e?s=96&d=mm&r=g","caption":"Kominkowy"},"sameAs":["http:\/\/www.kominki-elektryczne.pl"],"url":"https:\/\/kominki-elektryczne.pl\/blog\/author\/led-handel\/"}]}},"_links":{"self":[{"href":"https:\/\/kominki-elektryczne.pl\/blog\/wp-json\/wp\/v2\/posts\/59","targetHints":{"allow":["GET"]}}],"collection":[{"href":"https:\/\/kominki-elektryczne.pl\/blog\/wp-json\/wp\/v2\/posts"}],"about":[{"href":"https:\/\/kominki-elektryczne.pl\/blog\/wp-json\/wp\/v2\/types\/post"}],"author":[{"embeddable":true,"href":"https:\/\/kominki-elektryczne.pl\/blog\/wp-json\/wp\/v2\/users\/1"}],"replies":[{"embeddable":true,"href":"https:\/\/kominki-elektryczne.pl\/blog\/wp-json\/wp\/v2\/comments?post=59"}],"version-history":[{"count":1,"href":"https:\/\/kominki-elektryczne.pl\/blog\/wp-json\/wp\/v2\/posts\/59\/revisions"}],"predecessor-version":[{"id":66,"href":"https:\/\/kominki-elektryczne.pl\/blog\/wp-json\/wp\/v2\/posts\/59\/revisions\/66"}],"wp:attachment":[{"href":"https:\/\/kominki-elektryczne.pl\/blog\/wp-json\/wp\/v2\/media?parent=59"}],"wp:term":[{"taxonomy":"category","embeddable":true,"href":"https:\/\/kominki-elektryczne.pl\/blog\/wp-json\/wp\/v2\/categories?post=59"},{"taxonomy":"post_tag","embeddable":true,"href":"https:\/\/kominki-elektryczne.pl\/blog\/wp-json\/wp\/v2\/tags?post=59"}],"curies":[{"name":"wp","href":"https:\/\/api.w.org\/{rel}","templated":true}]}}