{"id":637,"date":"2022-09-01T14:33:48","date_gmt":"2022-09-01T12:33:48","guid":{"rendered":"https:\/\/kominki-elektryczne.pl\/blog\/?p=637"},"modified":"2024-10-08T12:14:44","modified_gmt":"2024-10-08T10:14:44","slug":"panel-grzewczy-na-podczerwien-hit-sezonu-jesienno-zimowego","status":"publish","type":"post","link":"https:\/\/kominki-elektryczne.pl\/blog\/2022\/09\/01\/panel-grzewczy-na-podczerwien-hit-sezonu-jesienno-zimowego\/","title":{"rendered":"Panel grzewczy na podczerwie\u0144 &#8211; Hit sezonu jesienno-zimowego 2022"},"content":{"rendered":"\n<p>Dzie\u0144 dobry,<\/p>\n\n\n\n<p>w naszej sprzeda\u017cy posiadamy tak\u017ce bardzo popularne w ostatnim czasie panele grzewczy na podczerwie\u0144. Panele te s\u0105 bardzo wydajne i \u015bwietnie ogrzewaj\u0105 pomieszczenie w kt\u00f3rym si\u0119 znajduj\u0105.<\/p>\n\n\n\n<p>W ofercie znajd\u0105 Pa\u0144stwo panele o mocach:<br><br><a rel=\"noreferrer noopener\" href=\"https:\/\/www.kominki-elektryczne.pl\/pl\/panele-na-podczerwien\/423-panel-grzewczy-grzejnik-na-podczerwien-infra350w.html\" target=\"_blank\">-350W (ogrzeje 5m2)<\/a><br><a rel=\"noreferrer noopener\" href=\"https:\/\/www.kominki-elektryczne.pl\/pl\/panele-na-podczerwien\/424-panel-grzewczy-grzejnik-na-podczerwien-infra-550w.html\" target=\"_blank\">-550W  (ogrzeje 7,5m2)<\/a><br><a rel=\"noreferrer noopener\" href=\"https:\/\/www.kominki-elektryczne.pl\/pl\/panele-na-podczerwien\/425-panel-grzewczy-grzejnik-na-podczerwien-infra-750w.html\" target=\"_blank\">-750W  (ogrzeje 10m2)<\/a><br><a rel=\"noreferrer noopener\" href=\"https:\/\/www.kominki-elektryczne.pl\/pl\/panele-na-podczerwien\/426-panel-grzewczy-grzejnik-na-podczerwien-infra-950w.html\" target=\"_blank\">-950W (ogrzeje<\/a><a href=\"https:\/\/www.kominki-elektryczne.pl\/pl\/panele-na-podczerwien\/426-panel-grzewczy-grzejnik-na-podczerwien-infra-950w.html\" target=\"_blank\" rel=\"noreferrer noopener\"> <\/a><a rel=\"noreferrer noopener\" href=\"https:\/\/www.kominki-elektryczne.pl\/pl\/panele-na-podczerwien\/426-panel-grzewczy-grzejnik-na-podczerwien-infra-950w.html\" target=\"_blank\">12,5m2)<\/a><\/p>\n\n\n\n<p>W ka\u017cdym pomieszczeniu mo\u017ce by\u0107 kilka paneli. <br>Taki grzejnik mo\u017cna postawi\u0107 na specjalnych n\u00f3\u017ckach, lub powiesi\u0107 na \u015bcianie albo suficie.<br><br>Sezon jesienno zimowy powoli si\u0119 rozpoczyna a taki panel jest to \u015bwietne energooszcz\u0119dne ogrzanie naszego domu.<br><br>Dodatkowo do takich paneli mo\u017cna dokupi\u0107 termostat (s\u0105 dost\u0119pne r\u00f3\u017cne rodzaje termostat\u00f3w) dzi\u0119ki kt\u00f3remu mo\u017cemy ustawi\u0107 dowoln\u0105 temperatur\u0119 grzania. <\/p>\n\n\n\n<p>Na panele grzewcze na podczerwie\u0144 jest gwarancja a\u017c 10 letnia! <\/p>\n\n\n\n<p>Nabywaj\u0105c<strong>\u00a0panele grzewcze podczerwieni z naszej serii<\/strong>\u00a0przenosicie Pa\u0144stwo ma\u0142e s\u0142o\u0144ce do domu. Tak jak s\u0142o\u0144ce ogrzewa swoimi promieniami ziemi\u0119 poprzez emisj\u0119 fal ciep\u0142a, tak te\u017c emitowane jest ciep\u0142o przez panele. Dociera ono bezpo\u015brednio do cia\u0142a wywo\u0142uj\u0105c\u00a0<strong>przyjemne uczucie koj\u0105cego ciep\u0142a.<\/strong><br>Dodatkowo d\u0142uga fala podczerwona po\u015brednio ogrzewa powietrze si\u0142\u0105 tarcia w ca\u0142ej kubaturze pomieszczenia (dzi\u0119ki du\u017cym k\u0105tom rozprzestrzeniania fali ciep\u0142a).<\/p>\n\n\n\n<div class=\"wp-block-image\"><figure class=\"aligncenter size-full\"><img loading=\"lazy\" decoding=\"async\" width=\"500\" height=\"500\" src=\"https:\/\/kominki-elektryczne.pl\/blog\/wp-content\/uploads\/2022\/09\/panele_grzewcze_na_podczerwien_radius_plus.gif\" alt=\"\" class=\"wp-image-638\"\/><figcaption>Panel grzewczy, grzejnik na podczerwie\u0144<\/figcaption><\/figure><\/div>\n\n\n\n<p>Zapraszamy do naszego sklepu!<\/p>\n","protected":false},"excerpt":{"rendered":"<p>Dzie\u0144 dobry, w naszej sprzeda\u017cy posiadamy tak\u017ce bardzo popularne w ostatnim czasie panele grzewczy na podczerwie\u0144. Panele te s\u0105 bardzo wydajne i \u015bwietnie ogrzewaj\u0105 pomieszczenie w kt\u00f3rym si\u0119 znajduj\u0105. W ofercie znajd\u0105 Pa\u0144stwo panele o mocach: -350W (ogrzeje 5m2)-550W (ogrzeje 7,5m2)-750W (ogrzeje 10m2)-950W (ogrzeje 12,5m2) &hellip; <\/p>\n","protected":false},"author":1,"featured_media":0,"comment_status":"closed","ping_status":"closed","sticky":false,"template":"","format":"standard","meta":{"footnotes":""},"categories":[1],"tags":[273,272,270,6,274,7,271],"class_list":["post-637","post","type-post","status-publish","format-standard","hentry","category-bez-kategorii","tag-grzejnik-na-podczerwien","tag-grzejnik-podczerwieni","tag-ogrzewanie-podczerwienia","tag-panel-grzewczy","tag-panel-grzewczy-na-podczerwien","tag-panel-na-podczerwien","tag-panel-podczerwieni"],"yoast_head":"<!-- This site is optimized with the Yoast SEO plugin v25.7 - https:\/\/yoast.com\/wordpress\/plugins\/seo\/ -->\n<title>Panel grzewczy na podczerwie\u0144 - Hit sezonu jesienno-zimowego 2022 - Kominki-Elektryczne.pl<\/title>\n<meta name=\"robots\" content=\"index, follow, max-snippet:-1, max-image-preview:large, max-video-preview:-1\" \/>\n<link rel=\"canonical\" href=\"https:\/\/kominki-elektryczne.pl\/blog\/2022\/09\/01\/panel-grzewczy-na-podczerwien-hit-sezonu-jesienno-zimowego\/\" \/>\n<meta property=\"og:locale\" content=\"pl_PL\" \/>\n<meta property=\"og:type\" content=\"article\" \/>\n<meta property=\"og:title\" content=\"Panel grzewczy na podczerwie\u0144 - Hit sezonu jesienno-zimowego 2022 - Kominki-Elektryczne.pl\" \/>\n<meta property=\"og:description\" content=\"Dzie\u0144 dobry, w naszej sprzeda\u017cy posiadamy tak\u017ce bardzo popularne w ostatnim czasie panele grzewczy na podczerwie\u0144. Panele te s\u0105 bardzo wydajne i \u015bwietnie ogrzewaj\u0105 pomieszczenie w kt\u00f3rym si\u0119 znajduj\u0105. W ofercie znajd\u0105 Pa\u0144stwo panele o mocach: -350W (ogrzeje 5m2)-550W (ogrzeje 7,5m2)-750W (ogrzeje 10m2)-950W (ogrzeje 12,5m2) &hellip;\" \/>\n<meta property=\"og:url\" content=\"https:\/\/kominki-elektryczne.pl\/blog\/2022\/09\/01\/panel-grzewczy-na-podczerwien-hit-sezonu-jesienno-zimowego\/\" \/>\n<meta property=\"og:site_name\" content=\"Kominki-Elektryczne.pl\" \/>\n<meta property=\"article:publisher\" content=\"https:\/\/www.facebook.com\/elektrycznekominki\" \/>\n<meta property=\"article:published_time\" content=\"2022-09-01T12:33:48+00:00\" \/>\n<meta property=\"article:modified_time\" content=\"2024-10-08T10:14:44+00:00\" \/>\n<meta property=\"og:image\" content=\"https:\/\/kominki-elektryczne.pl\/blog\/wp-content\/uploads\/2022\/09\/panele_grzewcze_na_podczerwien_radius_plus.gif\" \/>\n\t<meta property=\"og:image:width\" content=\"500\" \/>\n\t<meta property=\"og:image:height\" content=\"500\" \/>\n\t<meta property=\"og:image:type\" content=\"image\/gif\" \/>\n<meta name=\"author\" content=\"Kominkowy\" \/>\n<meta name=\"twitter:card\" content=\"summary_large_image\" \/>\n<meta name=\"twitter:label1\" content=\"Napisane przez\" \/>\n\t<meta name=\"twitter:data1\" content=\"Kominkowy\" \/>\n\t<meta name=\"twitter:label2\" content=\"Szacowany czas czytania\" \/>\n\t<meta name=\"twitter:data2\" content=\"1 minuta\" \/>\n<script type=\"application\/ld+json\" class=\"yoast-schema-graph\">{\"@context\":\"https:\/\/schema.org\",\"@graph\":[{\"@type\":\"Article\",\"@id\":\"https:\/\/kominki-elektryczne.pl\/blog\/2022\/09\/01\/panel-grzewczy-na-podczerwien-hit-sezonu-jesienno-zimowego\/#article\",\"isPartOf\":{\"@id\":\"https:\/\/kominki-elektryczne.pl\/blog\/2022\/09\/01\/panel-grzewczy-na-podczerwien-hit-sezonu-jesienno-zimowego\/\"},\"author\":{\"name\":\"Kominkowy\",\"@id\":\"https:\/\/kominki-elektryczne.pl\/blog\/#\/schema\/person\/045e7544e3e90364f5f82cc509123089\"},\"headline\":\"Panel grzewczy na podczerwie\u0144 &#8211; Hit sezonu jesienno-zimowego 2022\",\"datePublished\":\"2022-09-01T12:33:48+00:00\",\"dateModified\":\"2024-10-08T10:14:44+00:00\",\"mainEntityOfPage\":{\"@id\":\"https:\/\/kominki-elektryczne.pl\/blog\/2022\/09\/01\/panel-grzewczy-na-podczerwien-hit-sezonu-jesienno-zimowego\/\"},\"wordCount\":231,\"publisher\":{\"@id\":\"https:\/\/kominki-elektryczne.pl\/blog\/#organization\"},\"image\":{\"@id\":\"https:\/\/kominki-elektryczne.pl\/blog\/2022\/09\/01\/panel-grzewczy-na-podczerwien-hit-sezonu-jesienno-zimowego\/#primaryimage\"},\"thumbnailUrl\":\"https:\/\/kominki-elektryczne.pl\/blog\/wp-content\/uploads\/2022\/09\/panele_grzewcze_na_podczerwien_radius_plus.gif\",\"keywords\":[\"grzejnik na podczerwie\u0144\",\"grzejnik podczerwieni\",\"ogrzewanie podczerwieni\u0105\",\"panel grzewczy\",\"panel grzewczy na podczerwie\u0144\",\"panel na podczerwie\u0144\",\"panel podczerwieni\"],\"inLanguage\":\"pl-PL\"},{\"@type\":\"WebPage\",\"@id\":\"https:\/\/kominki-elektryczne.pl\/blog\/2022\/09\/01\/panel-grzewczy-na-podczerwien-hit-sezonu-jesienno-zimowego\/\",\"url\":\"https:\/\/kominki-elektryczne.pl\/blog\/2022\/09\/01\/panel-grzewczy-na-podczerwien-hit-sezonu-jesienno-zimowego\/\",\"name\":\"Panel grzewczy na podczerwie\u0144 - Hit sezonu jesienno-zimowego 2022 - Kominki-Elektryczne.pl\",\"isPartOf\":{\"@id\":\"https:\/\/kominki-elektryczne.pl\/blog\/#website\"},\"primaryImageOfPage\":{\"@id\":\"https:\/\/kominki-elektryczne.pl\/blog\/2022\/09\/01\/panel-grzewczy-na-podczerwien-hit-sezonu-jesienno-zimowego\/#primaryimage\"},\"image\":{\"@id\":\"https:\/\/kominki-elektryczne.pl\/blog\/2022\/09\/01\/panel-grzewczy-na-podczerwien-hit-sezonu-jesienno-zimowego\/#primaryimage\"},\"thumbnailUrl\":\"https:\/\/kominki-elektryczne.pl\/blog\/wp-content\/uploads\/2022\/09\/panele_grzewcze_na_podczerwien_radius_plus.gif\",\"datePublished\":\"2022-09-01T12:33:48+00:00\",\"dateModified\":\"2024-10-08T10:14:44+00:00\",\"breadcrumb\":{\"@id\":\"https:\/\/kominki-elektryczne.pl\/blog\/2022\/09\/01\/panel-grzewczy-na-podczerwien-hit-sezonu-jesienno-zimowego\/#breadcrumb\"},\"inLanguage\":\"pl-PL\",\"potentialAction\":[{\"@type\":\"ReadAction\",\"target\":[\"https:\/\/kominki-elektryczne.pl\/blog\/2022\/09\/01\/panel-grzewczy-na-podczerwien-hit-sezonu-jesienno-zimowego\/\"]}]},{\"@type\":\"ImageObject\",\"inLanguage\":\"pl-PL\",\"@id\":\"https:\/\/kominki-elektryczne.pl\/blog\/2022\/09\/01\/panel-grzewczy-na-podczerwien-hit-sezonu-jesienno-zimowego\/#primaryimage\",\"url\":\"https:\/\/kominki-elektryczne.pl\/blog\/wp-content\/uploads\/2022\/09\/panele_grzewcze_na_podczerwien_radius_plus.gif\",\"contentUrl\":\"https:\/\/kominki-elektryczne.pl\/blog\/wp-content\/uploads\/2022\/09\/panele_grzewcze_na_podczerwien_radius_plus.gif\",\"width\":500,\"height\":500},{\"@type\":\"BreadcrumbList\",\"@id\":\"https:\/\/kominki-elektryczne.pl\/blog\/2022\/09\/01\/panel-grzewczy-na-podczerwien-hit-sezonu-jesienno-zimowego\/#breadcrumb\",\"itemListElement\":[{\"@type\":\"ListItem\",\"position\":1,\"name\":\"Strona g\u0142\u00f3wna\",\"item\":\"https:\/\/kominki-elektryczne.pl\/blog\/\"},{\"@type\":\"ListItem\",\"position\":2,\"name\":\"Panel grzewczy na podczerwie\u0144 &#8211; Hit sezonu jesienno-zimowego 2022\"}]},{\"@type\":\"WebSite\",\"@id\":\"https:\/\/kominki-elektryczne.pl\/blog\/#website\",\"url\":\"https:\/\/kominki-elektryczne.pl\/blog\/\",\"name\":\"Kominki-Elektryczne.pl\",\"description\":\"Opisy - Porady - Recenzje\",\"publisher\":{\"@id\":\"https:\/\/kominki-elektryczne.pl\/blog\/#organization\"},\"potentialAction\":[{\"@type\":\"SearchAction\",\"target\":{\"@type\":\"EntryPoint\",\"urlTemplate\":\"https:\/\/kominki-elektryczne.pl\/blog\/?s={search_term_string}\"},\"query-input\":{\"@type\":\"PropertyValueSpecification\",\"valueRequired\":true,\"valueName\":\"search_term_string\"}}],\"inLanguage\":\"pl-PL\"},{\"@type\":\"Organization\",\"@id\":\"https:\/\/kominki-elektryczne.pl\/blog\/#organization\",\"name\":\"Kominki-Elektryczne.pl\",\"url\":\"https:\/\/kominki-elektryczne.pl\/blog\/\",\"logo\":{\"@type\":\"ImageObject\",\"inLanguage\":\"pl-PL\",\"@id\":\"https:\/\/kominki-elektryczne.pl\/blog\/#\/schema\/logo\/image\/\",\"url\":\"https:\/\/kominki-elektryczne.pl\/blog\/wp-content\/uploads\/2025\/04\/cropped-LogoAflamo.jpg\",\"contentUrl\":\"https:\/\/kominki-elektryczne.pl\/blog\/wp-content\/uploads\/2025\/04\/cropped-LogoAflamo.jpg\",\"width\":200,\"height\":58,\"caption\":\"Kominki-Elektryczne.pl\"},\"image\":{\"@id\":\"https:\/\/kominki-elektryczne.pl\/blog\/#\/schema\/logo\/image\/\"},\"sameAs\":[\"https:\/\/www.facebook.com\/elektrycznekominki\"]},{\"@type\":\"Person\",\"@id\":\"https:\/\/kominki-elektryczne.pl\/blog\/#\/schema\/person\/045e7544e3e90364f5f82cc509123089\",\"name\":\"Kominkowy\",\"image\":{\"@type\":\"ImageObject\",\"inLanguage\":\"pl-PL\",\"@id\":\"https:\/\/kominki-elektryczne.pl\/blog\/#\/schema\/person\/image\/\",\"url\":\"https:\/\/secure.gravatar.com\/avatar\/8c15720599195e8ba4119df2db28ce7e?s=96&d=mm&r=g\",\"contentUrl\":\"https:\/\/secure.gravatar.com\/avatar\/8c15720599195e8ba4119df2db28ce7e?s=96&d=mm&r=g\",\"caption\":\"Kominkowy\"},\"sameAs\":[\"http:\/\/www.kominki-elektryczne.pl\"],\"url\":\"https:\/\/kominki-elektryczne.pl\/blog\/author\/led-handel\/\"}]}<\/script>\n<!-- \/ Yoast SEO plugin. -->","yoast_head_json":{"title":"Panel grzewczy na podczerwie\u0144 - Hit sezonu jesienno-zimowego 2022 - Kominki-Elektryczne.pl","robots":{"index":"index","follow":"follow","max-snippet":"max-snippet:-1","max-image-preview":"max-image-preview:large","max-video-preview":"max-video-preview:-1"},"canonical":"https:\/\/kominki-elektryczne.pl\/blog\/2022\/09\/01\/panel-grzewczy-na-podczerwien-hit-sezonu-jesienno-zimowego\/","og_locale":"pl_PL","og_type":"article","og_title":"Panel grzewczy na podczerwie\u0144 - Hit sezonu jesienno-zimowego 2022 - Kominki-Elektryczne.pl","og_description":"Dzie\u0144 dobry, w naszej sprzeda\u017cy posiadamy tak\u017ce bardzo popularne w ostatnim czasie panele grzewczy na podczerwie\u0144. Panele te s\u0105 bardzo wydajne i \u015bwietnie ogrzewaj\u0105 pomieszczenie w kt\u00f3rym si\u0119 znajduj\u0105. W ofercie znajd\u0105 Pa\u0144stwo panele o mocach: -350W (ogrzeje 5m2)-550W (ogrzeje 7,5m2)-750W (ogrzeje 10m2)-950W (ogrzeje 12,5m2) &hellip;","og_url":"https:\/\/kominki-elektryczne.pl\/blog\/2022\/09\/01\/panel-grzewczy-na-podczerwien-hit-sezonu-jesienno-zimowego\/","og_site_name":"Kominki-Elektryczne.pl","article_publisher":"https:\/\/www.facebook.com\/elektrycznekominki","article_published_time":"2022-09-01T12:33:48+00:00","article_modified_time":"2024-10-08T10:14:44+00:00","og_image":[{"url":"https:\/\/kominki-elektryczne.pl\/blog\/wp-content\/uploads\/2022\/09\/panele_grzewcze_na_podczerwien_radius_plus.gif","width":500,"height":500,"type":"image\/gif"}],"author":"Kominkowy","twitter_card":"summary_large_image","twitter_misc":{"Napisane przez":"Kominkowy","Szacowany czas czytania":"1 minuta"},"schema":{"@context":"https:\/\/schema.org","@graph":[{"@type":"Article","@id":"https:\/\/kominki-elektryczne.pl\/blog\/2022\/09\/01\/panel-grzewczy-na-podczerwien-hit-sezonu-jesienno-zimowego\/#article","isPartOf":{"@id":"https:\/\/kominki-elektryczne.pl\/blog\/2022\/09\/01\/panel-grzewczy-na-podczerwien-hit-sezonu-jesienno-zimowego\/"},"author":{"name":"Kominkowy","@id":"https:\/\/kominki-elektryczne.pl\/blog\/#\/schema\/person\/045e7544e3e90364f5f82cc509123089"},"headline":"Panel grzewczy na podczerwie\u0144 &#8211; Hit sezonu jesienno-zimowego 2022","datePublished":"2022-09-01T12:33:48+00:00","dateModified":"2024-10-08T10:14:44+00:00","mainEntityOfPage":{"@id":"https:\/\/kominki-elektryczne.pl\/blog\/2022\/09\/01\/panel-grzewczy-na-podczerwien-hit-sezonu-jesienno-zimowego\/"},"wordCount":231,"publisher":{"@id":"https:\/\/kominki-elektryczne.pl\/blog\/#organization"},"image":{"@id":"https:\/\/kominki-elektryczne.pl\/blog\/2022\/09\/01\/panel-grzewczy-na-podczerwien-hit-sezonu-jesienno-zimowego\/#primaryimage"},"thumbnailUrl":"https:\/\/kominki-elektryczne.pl\/blog\/wp-content\/uploads\/2022\/09\/panele_grzewcze_na_podczerwien_radius_plus.gif","keywords":["grzejnik na podczerwie\u0144","grzejnik podczerwieni","ogrzewanie podczerwieni\u0105","panel grzewczy","panel grzewczy na podczerwie\u0144","panel na podczerwie\u0144","panel podczerwieni"],"inLanguage":"pl-PL"},{"@type":"WebPage","@id":"https:\/\/kominki-elektryczne.pl\/blog\/2022\/09\/01\/panel-grzewczy-na-podczerwien-hit-sezonu-jesienno-zimowego\/","url":"https:\/\/kominki-elektryczne.pl\/blog\/2022\/09\/01\/panel-grzewczy-na-podczerwien-hit-sezonu-jesienno-zimowego\/","name":"Panel grzewczy na podczerwie\u0144 - Hit sezonu jesienno-zimowego 2022 - Kominki-Elektryczne.pl","isPartOf":{"@id":"https:\/\/kominki-elektryczne.pl\/blog\/#website"},"primaryImageOfPage":{"@id":"https:\/\/kominki-elektryczne.pl\/blog\/2022\/09\/01\/panel-grzewczy-na-podczerwien-hit-sezonu-jesienno-zimowego\/#primaryimage"},"image":{"@id":"https:\/\/kominki-elektryczne.pl\/blog\/2022\/09\/01\/panel-grzewczy-na-podczerwien-hit-sezonu-jesienno-zimowego\/#primaryimage"},"thumbnailUrl":"https:\/\/kominki-elektryczne.pl\/blog\/wp-content\/uploads\/2022\/09\/panele_grzewcze_na_podczerwien_radius_plus.gif","datePublished":"2022-09-01T12:33:48+00:00","dateModified":"2024-10-08T10:14:44+00:00","breadcrumb":{"@id":"https:\/\/kominki-elektryczne.pl\/blog\/2022\/09\/01\/panel-grzewczy-na-podczerwien-hit-sezonu-jesienno-zimowego\/#breadcrumb"},"inLanguage":"pl-PL","potentialAction":[{"@type":"ReadAction","target":["https:\/\/kominki-elektryczne.pl\/blog\/2022\/09\/01\/panel-grzewczy-na-podczerwien-hit-sezonu-jesienno-zimowego\/"]}]},{"@type":"ImageObject","inLanguage":"pl-PL","@id":"https:\/\/kominki-elektryczne.pl\/blog\/2022\/09\/01\/panel-grzewczy-na-podczerwien-hit-sezonu-jesienno-zimowego\/#primaryimage","url":"https:\/\/kominki-elektryczne.pl\/blog\/wp-content\/uploads\/2022\/09\/panele_grzewcze_na_podczerwien_radius_plus.gif","contentUrl":"https:\/\/kominki-elektryczne.pl\/blog\/wp-content\/uploads\/2022\/09\/panele_grzewcze_na_podczerwien_radius_plus.gif","width":500,"height":500},{"@type":"BreadcrumbList","@id":"https:\/\/kominki-elektryczne.pl\/blog\/2022\/09\/01\/panel-grzewczy-na-podczerwien-hit-sezonu-jesienno-zimowego\/#breadcrumb","itemListElement":[{"@type":"ListItem","position":1,"name":"Strona g\u0142\u00f3wna","item":"https:\/\/kominki-elektryczne.pl\/blog\/"},{"@type":"ListItem","position":2,"name":"Panel grzewczy na podczerwie\u0144 &#8211; Hit sezonu jesienno-zimowego 2022"}]},{"@type":"WebSite","@id":"https:\/\/kominki-elektryczne.pl\/blog\/#website","url":"https:\/\/kominki-elektryczne.pl\/blog\/","name":"Kominki-Elektryczne.pl","description":"Opisy - Porady - Recenzje","publisher":{"@id":"https:\/\/kominki-elektryczne.pl\/blog\/#organization"},"potentialAction":[{"@type":"SearchAction","target":{"@type":"EntryPoint","urlTemplate":"https:\/\/kominki-elektryczne.pl\/blog\/?s={search_term_string}"},"query-input":{"@type":"PropertyValueSpecification","valueRequired":true,"valueName":"search_term_string"}}],"inLanguage":"pl-PL"},{"@type":"Organization","@id":"https:\/\/kominki-elektryczne.pl\/blog\/#organization","name":"Kominki-Elektryczne.pl","url":"https:\/\/kominki-elektryczne.pl\/blog\/","logo":{"@type":"ImageObject","inLanguage":"pl-PL","@id":"https:\/\/kominki-elektryczne.pl\/blog\/#\/schema\/logo\/image\/","url":"https:\/\/kominki-elektryczne.pl\/blog\/wp-content\/uploads\/2025\/04\/cropped-LogoAflamo.jpg","contentUrl":"https:\/\/kominki-elektryczne.pl\/blog\/wp-content\/uploads\/2025\/04\/cropped-LogoAflamo.jpg","width":200,"height":58,"caption":"Kominki-Elektryczne.pl"},"image":{"@id":"https:\/\/kominki-elektryczne.pl\/blog\/#\/schema\/logo\/image\/"},"sameAs":["https:\/\/www.facebook.com\/elektrycznekominki"]},{"@type":"Person","@id":"https:\/\/kominki-elektryczne.pl\/blog\/#\/schema\/person\/045e7544e3e90364f5f82cc509123089","name":"Kominkowy","image":{"@type":"ImageObject","inLanguage":"pl-PL","@id":"https:\/\/kominki-elektryczne.pl\/blog\/#\/schema\/person\/image\/","url":"https:\/\/secure.gravatar.com\/avatar\/8c15720599195e8ba4119df2db28ce7e?s=96&d=mm&r=g","contentUrl":"https:\/\/secure.gravatar.com\/avatar\/8c15720599195e8ba4119df2db28ce7e?s=96&d=mm&r=g","caption":"Kominkowy"},"sameAs":["http:\/\/www.kominki-elektryczne.pl"],"url":"https:\/\/kominki-elektryczne.pl\/blog\/author\/led-handel\/"}]}},"_links":{"self":[{"href":"https:\/\/kominki-elektryczne.pl\/blog\/wp-json\/wp\/v2\/posts\/637","targetHints":{"allow":["GET"]}}],"collection":[{"href":"https:\/\/kominki-elektryczne.pl\/blog\/wp-json\/wp\/v2\/posts"}],"about":[{"href":"https:\/\/kominki-elektryczne.pl\/blog\/wp-json\/wp\/v2\/types\/post"}],"author":[{"embeddable":true,"href":"https:\/\/kominki-elektryczne.pl\/blog\/wp-json\/wp\/v2\/users\/1"}],"replies":[{"embeddable":true,"href":"https:\/\/kominki-elektryczne.pl\/blog\/wp-json\/wp\/v2\/comments?post=637"}],"version-history":[{"count":2,"href":"https:\/\/kominki-elektryczne.pl\/blog\/wp-json\/wp\/v2\/posts\/637\/revisions"}],"predecessor-version":[{"id":641,"href":"https:\/\/kominki-elektryczne.pl\/blog\/wp-json\/wp\/v2\/posts\/637\/revisions\/641"}],"wp:attachment":[{"href":"https:\/\/kominki-elektryczne.pl\/blog\/wp-json\/wp\/v2\/media?parent=637"}],"wp:term":[{"taxonomy":"category","embeddable":true,"href":"https:\/\/kominki-elektryczne.pl\/blog\/wp-json\/wp\/v2\/categories?post=637"},{"taxonomy":"post_tag","embeddable":true,"href":"https:\/\/kominki-elektryczne.pl\/blog\/wp-json\/wp\/v2\/tags?post=637"}],"curies":[{"name":"wp","href":"https:\/\/api.w.org\/{rel}","templated":true}]}}