{"id":643,"date":"2022-09-14T12:37:32","date_gmt":"2022-09-14T10:37:32","guid":{"rendered":"https:\/\/kominki-elektryczne.pl\/blog\/?p=643"},"modified":"2024-10-08T12:14:44","modified_gmt":"2024-10-08T10:14:44","slug":"nowosc-na-sezon-zimowy-kominek-elektryczny-led-lex","status":"publish","type":"post","link":"https:\/\/kominki-elektryczne.pl\/blog\/2022\/09\/14\/nowosc-na-sezon-zimowy-kominek-elektryczny-led-lex\/","title":{"rendered":"Nowo\u015b\u0107 na sezon zimowy! Kominek elektryczny LED LEX"},"content":{"rendered":"\n<p>Witam serdecznie,<\/p>\n\n\n\n<p>od tygodnia w naszej ofercie posiadamy nowy pi\u0119kny kominek elektryczny LED LEX.<br>Kominek b\u0119dzie dost\u0119pny od grudnia 2022 &#8211; przyjmujemy na niego rezerwacje. <br><br>Model LEX jest to kamienny kominek w kolorze czystej bieli.<br>Na jego froncie znajduje si\u0119 medalion a jego boki s\u0105 stylizowane na skrzyd\u0142a \u0142ab\u0119dzie. Dodaje to kominkowi bardzo du\u017co uroku i klasy.<\/p>\n\n\n\n<p>Kominek posiada w zestawie najlepszy wk\u0142ad elektryczny z efektem LED 3D. P\u0142omie\u0144 w tym wk\u0142adzie przypomina \u017cywy ogie\u0144 i idealnie oddaje jego wygl\u0105d. Palenisko posiada polana przez kt\u00f3re przechodzi p\u0142omie\u0144.<br>Oczywi\u015bcie tak\u017ce posiada wiele funkcji dodatkowych w tym jedn\u0105 z najwa\u017cniejszych \u2013 grzanie na podczerwie\u0144.<br>Dzi\u0119ki podczerwieni efekt grzania jest bardzo wydajny i bardzo szybko nagrzewa pomieszczenie a\u017c do 90 m2!<\/p>\n\n\n\n<p>Kominek elektryczny LED LEX jest idealny dla os\u00f3b, kt\u00f3re na sezon zimowy potrzebuj\u0105 czego\u015b aby ogrza\u0107 sw\u00f3j dom czy mieszkanie w do\u015b\u0107 tani i szybki spos\u00f3b.<\/p>\n\n\n\n<p>Zapraszamy do zapoznania si\u0119 z nasz\u0105 nowo\u015bci\u0105 i zach\u0119camy do rezerwacji tego modelu <br><br><a href=\"https:\/\/www.kominki-elektryczne.pl\/pl\/glowna\/559-kominek-elektryczny-led-kamienny-lex-bialy-aflamo-nowosc.html\" target=\"_blank\" rel=\"noreferrer noopener\">https:\/\/www.kominki-elektryczne.pl\/pl\/glowna\/559-kominek-elektryczny-led-kamienny-lex-bialy-aflamo-nowosc.html<\/a><\/p>\n","protected":false},"excerpt":{"rendered":"<p>Witam serdecznie, od tygodnia w naszej ofercie posiadamy nowy pi\u0119kny kominek elektryczny LED LEX.Kominek b\u0119dzie dost\u0119pny od grudnia 2022 &#8211; przyjmujemy na niego rezerwacje. Model LEX jest to kamienny kominek w kolorze czystej bieli.Na jego froncie znajduje si\u0119 medalion a jego boki s\u0105 stylizowane na &hellip; <\/p>\n","protected":false},"author":1,"featured_media":0,"comment_status":"closed","ping_status":"closed","sticky":false,"template":"","format":"standard","meta":{"footnotes":""},"categories":[1],"tags":[275],"class_list":["post-643","post","type-post","status-publish","format-standard","hentry","category-bez-kategorii","tag-kominek-lex"],"yoast_head":"<!-- This site is optimized with the Yoast SEO plugin v25.7 - https:\/\/yoast.com\/wordpress\/plugins\/seo\/ -->\n<title>Nowo\u015b\u0107 na sezon zimowy! Kominek elektryczny LED LEX - Kominki-Elektryczne.pl<\/title>\n<meta name=\"robots\" content=\"index, follow, max-snippet:-1, max-image-preview:large, max-video-preview:-1\" \/>\n<link rel=\"canonical\" href=\"https:\/\/kominki-elektryczne.pl\/blog\/2022\/09\/14\/nowosc-na-sezon-zimowy-kominek-elektryczny-led-lex\/\" \/>\n<meta property=\"og:locale\" content=\"pl_PL\" \/>\n<meta property=\"og:type\" content=\"article\" \/>\n<meta property=\"og:title\" content=\"Nowo\u015b\u0107 na sezon zimowy! Kominek elektryczny LED LEX - Kominki-Elektryczne.pl\" \/>\n<meta property=\"og:description\" content=\"Witam serdecznie, od tygodnia w naszej ofercie posiadamy nowy pi\u0119kny kominek elektryczny LED LEX.Kominek b\u0119dzie dost\u0119pny od grudnia 2022 &#8211; przyjmujemy na niego rezerwacje. Model LEX jest to kamienny kominek w kolorze czystej bieli.Na jego froncie znajduje si\u0119 medalion a jego boki s\u0105 stylizowane na &hellip;\" \/>\n<meta property=\"og:url\" content=\"https:\/\/kominki-elektryczne.pl\/blog\/2022\/09\/14\/nowosc-na-sezon-zimowy-kominek-elektryczny-led-lex\/\" \/>\n<meta property=\"og:site_name\" content=\"Kominki-Elektryczne.pl\" \/>\n<meta property=\"article:publisher\" content=\"https:\/\/www.facebook.com\/elektrycznekominki\" \/>\n<meta property=\"article:published_time\" content=\"2022-09-14T10:37:32+00:00\" \/>\n<meta property=\"article:modified_time\" content=\"2024-10-08T10:14:44+00:00\" \/>\n<meta name=\"author\" content=\"Kominkowy\" \/>\n<meta name=\"twitter:card\" content=\"summary_large_image\" \/>\n<meta name=\"twitter:label1\" content=\"Napisane przez\" \/>\n\t<meta name=\"twitter:data1\" content=\"Kominkowy\" \/>\n\t<meta name=\"twitter:label2\" content=\"Szacowany czas czytania\" \/>\n\t<meta name=\"twitter:data2\" content=\"1 minuta\" \/>\n<script type=\"application\/ld+json\" class=\"yoast-schema-graph\">{\"@context\":\"https:\/\/schema.org\",\"@graph\":[{\"@type\":\"Article\",\"@id\":\"https:\/\/kominki-elektryczne.pl\/blog\/2022\/09\/14\/nowosc-na-sezon-zimowy-kominek-elektryczny-led-lex\/#article\",\"isPartOf\":{\"@id\":\"https:\/\/kominki-elektryczne.pl\/blog\/2022\/09\/14\/nowosc-na-sezon-zimowy-kominek-elektryczny-led-lex\/\"},\"author\":{\"name\":\"Kominkowy\",\"@id\":\"https:\/\/kominki-elektryczne.pl\/blog\/#\/schema\/person\/045e7544e3e90364f5f82cc509123089\"},\"headline\":\"Nowo\u015b\u0107 na sezon zimowy! Kominek elektryczny LED LEX\",\"datePublished\":\"2022-09-14T10:37:32+00:00\",\"dateModified\":\"2024-10-08T10:14:44+00:00\",\"mainEntityOfPage\":{\"@id\":\"https:\/\/kominki-elektryczne.pl\/blog\/2022\/09\/14\/nowosc-na-sezon-zimowy-kominek-elektryczny-led-lex\/\"},\"wordCount\":192,\"publisher\":{\"@id\":\"https:\/\/kominki-elektryczne.pl\/blog\/#organization\"},\"keywords\":[\"kominek LEX\"],\"inLanguage\":\"pl-PL\"},{\"@type\":\"WebPage\",\"@id\":\"https:\/\/kominki-elektryczne.pl\/blog\/2022\/09\/14\/nowosc-na-sezon-zimowy-kominek-elektryczny-led-lex\/\",\"url\":\"https:\/\/kominki-elektryczne.pl\/blog\/2022\/09\/14\/nowosc-na-sezon-zimowy-kominek-elektryczny-led-lex\/\",\"name\":\"Nowo\u015b\u0107 na sezon zimowy! Kominek elektryczny LED LEX - Kominki-Elektryczne.pl\",\"isPartOf\":{\"@id\":\"https:\/\/kominki-elektryczne.pl\/blog\/#website\"},\"datePublished\":\"2022-09-14T10:37:32+00:00\",\"dateModified\":\"2024-10-08T10:14:44+00:00\",\"breadcrumb\":{\"@id\":\"https:\/\/kominki-elektryczne.pl\/blog\/2022\/09\/14\/nowosc-na-sezon-zimowy-kominek-elektryczny-led-lex\/#breadcrumb\"},\"inLanguage\":\"pl-PL\",\"potentialAction\":[{\"@type\":\"ReadAction\",\"target\":[\"https:\/\/kominki-elektryczne.pl\/blog\/2022\/09\/14\/nowosc-na-sezon-zimowy-kominek-elektryczny-led-lex\/\"]}]},{\"@type\":\"BreadcrumbList\",\"@id\":\"https:\/\/kominki-elektryczne.pl\/blog\/2022\/09\/14\/nowosc-na-sezon-zimowy-kominek-elektryczny-led-lex\/#breadcrumb\",\"itemListElement\":[{\"@type\":\"ListItem\",\"position\":1,\"name\":\"Strona g\u0142\u00f3wna\",\"item\":\"https:\/\/kominki-elektryczne.pl\/blog\/\"},{\"@type\":\"ListItem\",\"position\":2,\"name\":\"Nowo\u015b\u0107 na sezon zimowy! Kominek elektryczny LED LEX\"}]},{\"@type\":\"WebSite\",\"@id\":\"https:\/\/kominki-elektryczne.pl\/blog\/#website\",\"url\":\"https:\/\/kominki-elektryczne.pl\/blog\/\",\"name\":\"Kominki-Elektryczne.pl\",\"description\":\"Opisy - Porady - Recenzje\",\"publisher\":{\"@id\":\"https:\/\/kominki-elektryczne.pl\/blog\/#organization\"},\"potentialAction\":[{\"@type\":\"SearchAction\",\"target\":{\"@type\":\"EntryPoint\",\"urlTemplate\":\"https:\/\/kominki-elektryczne.pl\/blog\/?s={search_term_string}\"},\"query-input\":{\"@type\":\"PropertyValueSpecification\",\"valueRequired\":true,\"valueName\":\"search_term_string\"}}],\"inLanguage\":\"pl-PL\"},{\"@type\":\"Organization\",\"@id\":\"https:\/\/kominki-elektryczne.pl\/blog\/#organization\",\"name\":\"Kominki-Elektryczne.pl\",\"url\":\"https:\/\/kominki-elektryczne.pl\/blog\/\",\"logo\":{\"@type\":\"ImageObject\",\"inLanguage\":\"pl-PL\",\"@id\":\"https:\/\/kominki-elektryczne.pl\/blog\/#\/schema\/logo\/image\/\",\"url\":\"https:\/\/kominki-elektryczne.pl\/blog\/wp-content\/uploads\/2025\/04\/cropped-LogoAflamo.jpg\",\"contentUrl\":\"https:\/\/kominki-elektryczne.pl\/blog\/wp-content\/uploads\/2025\/04\/cropped-LogoAflamo.jpg\",\"width\":200,\"height\":58,\"caption\":\"Kominki-Elektryczne.pl\"},\"image\":{\"@id\":\"https:\/\/kominki-elektryczne.pl\/blog\/#\/schema\/logo\/image\/\"},\"sameAs\":[\"https:\/\/www.facebook.com\/elektrycznekominki\"]},{\"@type\":\"Person\",\"@id\":\"https:\/\/kominki-elektryczne.pl\/blog\/#\/schema\/person\/045e7544e3e90364f5f82cc509123089\",\"name\":\"Kominkowy\",\"image\":{\"@type\":\"ImageObject\",\"inLanguage\":\"pl-PL\",\"@id\":\"https:\/\/kominki-elektryczne.pl\/blog\/#\/schema\/person\/image\/\",\"url\":\"https:\/\/secure.gravatar.com\/avatar\/8c15720599195e8ba4119df2db28ce7e?s=96&d=mm&r=g\",\"contentUrl\":\"https:\/\/secure.gravatar.com\/avatar\/8c15720599195e8ba4119df2db28ce7e?s=96&d=mm&r=g\",\"caption\":\"Kominkowy\"},\"sameAs\":[\"http:\/\/www.kominki-elektryczne.pl\"],\"url\":\"https:\/\/kominki-elektryczne.pl\/blog\/author\/led-handel\/\"}]}<\/script>\n<!-- \/ Yoast SEO plugin. -->","yoast_head_json":{"title":"Nowo\u015b\u0107 na sezon zimowy! Kominek elektryczny LED LEX - Kominki-Elektryczne.pl","robots":{"index":"index","follow":"follow","max-snippet":"max-snippet:-1","max-image-preview":"max-image-preview:large","max-video-preview":"max-video-preview:-1"},"canonical":"https:\/\/kominki-elektryczne.pl\/blog\/2022\/09\/14\/nowosc-na-sezon-zimowy-kominek-elektryczny-led-lex\/","og_locale":"pl_PL","og_type":"article","og_title":"Nowo\u015b\u0107 na sezon zimowy! Kominek elektryczny LED LEX - Kominki-Elektryczne.pl","og_description":"Witam serdecznie, od tygodnia w naszej ofercie posiadamy nowy pi\u0119kny kominek elektryczny LED LEX.Kominek b\u0119dzie dost\u0119pny od grudnia 2022 &#8211; przyjmujemy na niego rezerwacje. Model LEX jest to kamienny kominek w kolorze czystej bieli.Na jego froncie znajduje si\u0119 medalion a jego boki s\u0105 stylizowane na &hellip;","og_url":"https:\/\/kominki-elektryczne.pl\/blog\/2022\/09\/14\/nowosc-na-sezon-zimowy-kominek-elektryczny-led-lex\/","og_site_name":"Kominki-Elektryczne.pl","article_publisher":"https:\/\/www.facebook.com\/elektrycznekominki","article_published_time":"2022-09-14T10:37:32+00:00","article_modified_time":"2024-10-08T10:14:44+00:00","author":"Kominkowy","twitter_card":"summary_large_image","twitter_misc":{"Napisane przez":"Kominkowy","Szacowany czas czytania":"1 minuta"},"schema":{"@context":"https:\/\/schema.org","@graph":[{"@type":"Article","@id":"https:\/\/kominki-elektryczne.pl\/blog\/2022\/09\/14\/nowosc-na-sezon-zimowy-kominek-elektryczny-led-lex\/#article","isPartOf":{"@id":"https:\/\/kominki-elektryczne.pl\/blog\/2022\/09\/14\/nowosc-na-sezon-zimowy-kominek-elektryczny-led-lex\/"},"author":{"name":"Kominkowy","@id":"https:\/\/kominki-elektryczne.pl\/blog\/#\/schema\/person\/045e7544e3e90364f5f82cc509123089"},"headline":"Nowo\u015b\u0107 na sezon zimowy! Kominek elektryczny LED LEX","datePublished":"2022-09-14T10:37:32+00:00","dateModified":"2024-10-08T10:14:44+00:00","mainEntityOfPage":{"@id":"https:\/\/kominki-elektryczne.pl\/blog\/2022\/09\/14\/nowosc-na-sezon-zimowy-kominek-elektryczny-led-lex\/"},"wordCount":192,"publisher":{"@id":"https:\/\/kominki-elektryczne.pl\/blog\/#organization"},"keywords":["kominek LEX"],"inLanguage":"pl-PL"},{"@type":"WebPage","@id":"https:\/\/kominki-elektryczne.pl\/blog\/2022\/09\/14\/nowosc-na-sezon-zimowy-kominek-elektryczny-led-lex\/","url":"https:\/\/kominki-elektryczne.pl\/blog\/2022\/09\/14\/nowosc-na-sezon-zimowy-kominek-elektryczny-led-lex\/","name":"Nowo\u015b\u0107 na sezon zimowy! Kominek elektryczny LED LEX - Kominki-Elektryczne.pl","isPartOf":{"@id":"https:\/\/kominki-elektryczne.pl\/blog\/#website"},"datePublished":"2022-09-14T10:37:32+00:00","dateModified":"2024-10-08T10:14:44+00:00","breadcrumb":{"@id":"https:\/\/kominki-elektryczne.pl\/blog\/2022\/09\/14\/nowosc-na-sezon-zimowy-kominek-elektryczny-led-lex\/#breadcrumb"},"inLanguage":"pl-PL","potentialAction":[{"@type":"ReadAction","target":["https:\/\/kominki-elektryczne.pl\/blog\/2022\/09\/14\/nowosc-na-sezon-zimowy-kominek-elektryczny-led-lex\/"]}]},{"@type":"BreadcrumbList","@id":"https:\/\/kominki-elektryczne.pl\/blog\/2022\/09\/14\/nowosc-na-sezon-zimowy-kominek-elektryczny-led-lex\/#breadcrumb","itemListElement":[{"@type":"ListItem","position":1,"name":"Strona g\u0142\u00f3wna","item":"https:\/\/kominki-elektryczne.pl\/blog\/"},{"@type":"ListItem","position":2,"name":"Nowo\u015b\u0107 na sezon zimowy! Kominek elektryczny LED LEX"}]},{"@type":"WebSite","@id":"https:\/\/kominki-elektryczne.pl\/blog\/#website","url":"https:\/\/kominki-elektryczne.pl\/blog\/","name":"Kominki-Elektryczne.pl","description":"Opisy - Porady - Recenzje","publisher":{"@id":"https:\/\/kominki-elektryczne.pl\/blog\/#organization"},"potentialAction":[{"@type":"SearchAction","target":{"@type":"EntryPoint","urlTemplate":"https:\/\/kominki-elektryczne.pl\/blog\/?s={search_term_string}"},"query-input":{"@type":"PropertyValueSpecification","valueRequired":true,"valueName":"search_term_string"}}],"inLanguage":"pl-PL"},{"@type":"Organization","@id":"https:\/\/kominki-elektryczne.pl\/blog\/#organization","name":"Kominki-Elektryczne.pl","url":"https:\/\/kominki-elektryczne.pl\/blog\/","logo":{"@type":"ImageObject","inLanguage":"pl-PL","@id":"https:\/\/kominki-elektryczne.pl\/blog\/#\/schema\/logo\/image\/","url":"https:\/\/kominki-elektryczne.pl\/blog\/wp-content\/uploads\/2025\/04\/cropped-LogoAflamo.jpg","contentUrl":"https:\/\/kominki-elektryczne.pl\/blog\/wp-content\/uploads\/2025\/04\/cropped-LogoAflamo.jpg","width":200,"height":58,"caption":"Kominki-Elektryczne.pl"},"image":{"@id":"https:\/\/kominki-elektryczne.pl\/blog\/#\/schema\/logo\/image\/"},"sameAs":["https:\/\/www.facebook.com\/elektrycznekominki"]},{"@type":"Person","@id":"https:\/\/kominki-elektryczne.pl\/blog\/#\/schema\/person\/045e7544e3e90364f5f82cc509123089","name":"Kominkowy","image":{"@type":"ImageObject","inLanguage":"pl-PL","@id":"https:\/\/kominki-elektryczne.pl\/blog\/#\/schema\/person\/image\/","url":"https:\/\/secure.gravatar.com\/avatar\/8c15720599195e8ba4119df2db28ce7e?s=96&d=mm&r=g","contentUrl":"https:\/\/secure.gravatar.com\/avatar\/8c15720599195e8ba4119df2db28ce7e?s=96&d=mm&r=g","caption":"Kominkowy"},"sameAs":["http:\/\/www.kominki-elektryczne.pl"],"url":"https:\/\/kominki-elektryczne.pl\/blog\/author\/led-handel\/"}]}},"_links":{"self":[{"href":"https:\/\/kominki-elektryczne.pl\/blog\/wp-json\/wp\/v2\/posts\/643","targetHints":{"allow":["GET"]}}],"collection":[{"href":"https:\/\/kominki-elektryczne.pl\/blog\/wp-json\/wp\/v2\/posts"}],"about":[{"href":"https:\/\/kominki-elektryczne.pl\/blog\/wp-json\/wp\/v2\/types\/post"}],"author":[{"embeddable":true,"href":"https:\/\/kominki-elektryczne.pl\/blog\/wp-json\/wp\/v2\/users\/1"}],"replies":[{"embeddable":true,"href":"https:\/\/kominki-elektryczne.pl\/blog\/wp-json\/wp\/v2\/comments?post=643"}],"version-history":[{"count":1,"href":"https:\/\/kominki-elektryczne.pl\/blog\/wp-json\/wp\/v2\/posts\/643\/revisions"}],"predecessor-version":[{"id":644,"href":"https:\/\/kominki-elektryczne.pl\/blog\/wp-json\/wp\/v2\/posts\/643\/revisions\/644"}],"wp:attachment":[{"href":"https:\/\/kominki-elektryczne.pl\/blog\/wp-json\/wp\/v2\/media?parent=643"}],"wp:term":[{"taxonomy":"category","embeddable":true,"href":"https:\/\/kominki-elektryczne.pl\/blog\/wp-json\/wp\/v2\/categories?post=643"},{"taxonomy":"post_tag","embeddable":true,"href":"https:\/\/kominki-elektryczne.pl\/blog\/wp-json\/wp\/v2\/tags?post=643"}],"curies":[{"name":"wp","href":"https:\/\/api.w.org\/{rel}","templated":true}]}}