{"id":645,"date":"2022-09-16T10:11:34","date_gmt":"2022-09-16T08:11:34","guid":{"rendered":"https:\/\/kominki-elektryczne.pl\/blog\/?p=645"},"modified":"2024-10-08T12:14:44","modified_gmt":"2024-10-08T10:14:44","slug":"panele-grzewcze-na-podczerwien-energooszczedne-rozwiazanie","status":"publish","type":"post","link":"https:\/\/kominki-elektryczne.pl\/blog\/2022\/09\/16\/panele-grzewcze-na-podczerwien-energooszczedne-rozwiazanie\/","title":{"rendered":"Panele grzewcze na podczerwie\u0144! Energooszcz\u0119dne rozwi\u0105zanie"},"content":{"rendered":"\n<p>Dzie\u0144 dobry,<\/p>\n\n\n\n<p>Zapraszamy do zapoznania si\u0119 z nasza gam\u0105 produkt\u00f3w na podczerwie\u0144.<br>Dzisiaj przedstawimy Pa\u0144stwu z czego skonstruowane s\u0105 panele.<\/p>\n\n\n\n<h2 class=\"wp-block-heading\"><strong><a href=\"https:\/\/www.kominki-elektryczne.pl\/pl\/27-promienniki-panele-na-podczerwien\" target=\"_blank\" rel=\"noreferrer noopener\">Panele grzewcze na podczerwie\u0144<\/a>. Jak s\u0105 skonstruowane?<\/strong><\/h2>\n\n\n\n<p><strong>Bardzo dok\u0142adnie wykonana pow\u0142oka o strukturze zoptymalizowanej powierzchniowo<\/strong>\u00a0&#8211; zwi\u0119ksza powierzchni\u0119 emitera ciep\u0142a, oraz k\u0105t rozprowadzenia fali cieplnej po pomieszczeniu.<br>Dodatkowo nasze panele osi\u0105gaj\u0105 temperatur\u0119 emisji ciep\u0142a w podczerwieni w kr\u00f3tszym czasie &#8211; co znacznie wp\u0142ywa na koszty eksploatacji.<br>Nie bez znaczenia pozostaje fakt r\u00f3wnomiernego rozk\u0142adu temperatury na ca\u0142ej powierzchni, w przeciwie\u0144stwie do konkurencyjnych produkt\u00f3w, z czasem trac\u0105cych ten parametr.<br><br>Specjalnie zaprojektowany uchwyt \u015bcienny i sufitowy w zestawie z grzejnikami. Uchwyt ten znacznie u\u0142atwia monta\u017c. Wszystko dla Pa\u0144stwa wygody i oszcz\u0119dno\u015bci czasowo finansowych.<br><br>Bardzo solidne materia\u0142y, u\u017cyte do konstrukcji paneli, zapewni\u0105 d\u0142ugoletni\u0105 i bezawaryjn\u0105 prac\u0119. Na dow\u00f3d tego oferujemy\u00a0pe\u0142n\u0105 10 letni\u0105 gwarancj\u0119\u00a0z mo\u017cliwo\u015bci\u0105 przed\u0142u\u017cenia na bazie przegl\u0105du termowizyjnego, po up\u0142ywie gwarancji.\u00a0Opracowania, statystyki, do\u015bwiadczenie zbudowane na bazie kilkuset wdro\u017ce\u0144, pozwoli\u0142o nam stworzy\u0107 panele grzewcze o niesamowitej skuteczno\u015bci i trwa\u0142o\u015bci. Zakupy u nas to gwarancja trafnego wyboru.<\/p>\n\n\n\n<figure class=\"wp-block-gallery columns-1 is-cropped wp-block-gallery-1 is-layout-flex wp-block-gallery-is-layout-flex\"><ul class=\"blocks-gallery-grid\"><li class=\"blocks-gallery-item\"><figure><img loading=\"lazy\" decoding=\"async\" width=\"500\" height=\"240\" src=\"https:\/\/kominki-elektryczne.pl\/blog\/wp-content\/uploads\/2022\/09\/rozklad-ciepla-1.jpg\" alt=\"\" data-id=\"647\" data-full-url=\"https:\/\/kominki-elektryczne.pl\/blog\/wp-content\/uploads\/2022\/09\/rozklad-ciepla-1.jpg\" data-link=\"https:\/\/kominki-elektryczne.pl\/blog\/?attachment_id=647\" class=\"wp-image-647\" srcset=\"https:\/\/kominki-elektryczne.pl\/blog\/wp-content\/uploads\/2022\/09\/rozklad-ciepla-1.jpg 500w, https:\/\/kominki-elektryczne.pl\/blog\/wp-content\/uploads\/2022\/09\/rozklad-ciepla-1-300x144.jpg 300w\" sizes=\"auto, (max-width: 500px) 100vw, 500px\" \/><\/figure><\/li><\/ul><\/figure>\n","protected":false},"excerpt":{"rendered":"<p>Dzie\u0144 dobry, Zapraszamy do zapoznania si\u0119 z nasza gam\u0105 produkt\u00f3w na podczerwie\u0144.Dzisiaj przedstawimy Pa\u0144stwu z czego skonstruowane s\u0105 panele. Panele grzewcze na podczerwie\u0144. Jak s\u0105 skonstruowane? Bardzo dok\u0142adnie wykonana pow\u0142oka o strukturze zoptymalizowanej powierzchniowo\u00a0&#8211; zwi\u0119ksza powierzchni\u0119 emitera ciep\u0142a, oraz k\u0105t rozprowadzenia fali cieplnej po pomieszczeniu.Dodatkowo &hellip; <\/p>\n","protected":false},"author":1,"featured_media":0,"comment_status":"closed","ping_status":"closed","sticky":false,"template":"","format":"standard","meta":{"footnotes":""},"categories":[1],"tags":[276,6,7,277],"class_list":["post-645","post","type-post","status-publish","format-standard","hentry","category-bez-kategorii","tag-grzanie-na-podczerwien","tag-panel-grzewczy","tag-panel-na-podczerwien","tag-wydajne-ogrzewanie"],"yoast_head":"<!-- This site is optimized with the Yoast SEO plugin v25.7 - https:\/\/yoast.com\/wordpress\/plugins\/seo\/ -->\n<title>Panele grzewcze na podczerwie\u0144! Energooszcz\u0119dne rozwi\u0105zanie - Kominki-Elektryczne.pl<\/title>\n<meta name=\"robots\" content=\"index, follow, max-snippet:-1, max-image-preview:large, max-video-preview:-1\" \/>\n<link rel=\"canonical\" href=\"https:\/\/kominki-elektryczne.pl\/blog\/2022\/09\/16\/panele-grzewcze-na-podczerwien-energooszczedne-rozwiazanie\/\" \/>\n<meta property=\"og:locale\" content=\"pl_PL\" \/>\n<meta property=\"og:type\" content=\"article\" \/>\n<meta property=\"og:title\" content=\"Panele grzewcze na podczerwie\u0144! Energooszcz\u0119dne rozwi\u0105zanie - Kominki-Elektryczne.pl\" \/>\n<meta property=\"og:description\" content=\"Dzie\u0144 dobry, Zapraszamy do zapoznania si\u0119 z nasza gam\u0105 produkt\u00f3w na podczerwie\u0144.Dzisiaj przedstawimy Pa\u0144stwu z czego skonstruowane s\u0105 panele. Panele grzewcze na podczerwie\u0144. Jak s\u0105 skonstruowane? Bardzo dok\u0142adnie wykonana pow\u0142oka o strukturze zoptymalizowanej powierzchniowo\u00a0&#8211; zwi\u0119ksza powierzchni\u0119 emitera ciep\u0142a, oraz k\u0105t rozprowadzenia fali cieplnej po pomieszczeniu.Dodatkowo &hellip;\" \/>\n<meta property=\"og:url\" content=\"https:\/\/kominki-elektryczne.pl\/blog\/2022\/09\/16\/panele-grzewcze-na-podczerwien-energooszczedne-rozwiazanie\/\" \/>\n<meta property=\"og:site_name\" content=\"Kominki-Elektryczne.pl\" \/>\n<meta property=\"article:publisher\" content=\"https:\/\/www.facebook.com\/elektrycznekominki\" \/>\n<meta property=\"article:published_time\" content=\"2022-09-16T08:11:34+00:00\" \/>\n<meta property=\"article:modified_time\" content=\"2024-10-08T10:14:44+00:00\" \/>\n<meta property=\"og:image\" content=\"https:\/\/kominki-elektryczne.pl\/blog\/wp-content\/uploads\/2022\/09\/rozklad-ciepla-1.jpg\" \/>\n\t<meta property=\"og:image:width\" content=\"500\" \/>\n\t<meta property=\"og:image:height\" content=\"240\" \/>\n\t<meta property=\"og:image:type\" content=\"image\/jpeg\" \/>\n<meta name=\"author\" content=\"Kominkowy\" \/>\n<meta name=\"twitter:card\" content=\"summary_large_image\" \/>\n<meta name=\"twitter:label1\" content=\"Napisane przez\" \/>\n\t<meta name=\"twitter:data1\" content=\"Kominkowy\" \/>\n\t<meta name=\"twitter:label2\" content=\"Szacowany czas czytania\" \/>\n\t<meta name=\"twitter:data2\" content=\"1 minuta\" \/>\n<script type=\"application\/ld+json\" class=\"yoast-schema-graph\">{\"@context\":\"https:\/\/schema.org\",\"@graph\":[{\"@type\":\"Article\",\"@id\":\"https:\/\/kominki-elektryczne.pl\/blog\/2022\/09\/16\/panele-grzewcze-na-podczerwien-energooszczedne-rozwiazanie\/#article\",\"isPartOf\":{\"@id\":\"https:\/\/kominki-elektryczne.pl\/blog\/2022\/09\/16\/panele-grzewcze-na-podczerwien-energooszczedne-rozwiazanie\/\"},\"author\":{\"name\":\"Kominkowy\",\"@id\":\"https:\/\/kominki-elektryczne.pl\/blog\/#\/schema\/person\/045e7544e3e90364f5f82cc509123089\"},\"headline\":\"Panele grzewcze na podczerwie\u0144! Energooszcz\u0119dne rozwi\u0105zanie\",\"datePublished\":\"2022-09-16T08:11:34+00:00\",\"dateModified\":\"2024-10-08T10:14:44+00:00\",\"mainEntityOfPage\":{\"@id\":\"https:\/\/kominki-elektryczne.pl\/blog\/2022\/09\/16\/panele-grzewcze-na-podczerwien-energooszczedne-rozwiazanie\/\"},\"wordCount\":210,\"publisher\":{\"@id\":\"https:\/\/kominki-elektryczne.pl\/blog\/#organization\"},\"image\":{\"@id\":\"https:\/\/kominki-elektryczne.pl\/blog\/2022\/09\/16\/panele-grzewcze-na-podczerwien-energooszczedne-rozwiazanie\/#primaryimage\"},\"thumbnailUrl\":\"https:\/\/kominki-elektryczne.pl\/blog\/wp-content\/uploads\/2022\/09\/rozklad-ciepla-1.jpg\",\"keywords\":[\"grzanie na podczerwie\u0144\",\"panel grzewczy\",\"panel na podczerwie\u0144\",\"wydajne ogrzewanie\"],\"inLanguage\":\"pl-PL\"},{\"@type\":\"WebPage\",\"@id\":\"https:\/\/kominki-elektryczne.pl\/blog\/2022\/09\/16\/panele-grzewcze-na-podczerwien-energooszczedne-rozwiazanie\/\",\"url\":\"https:\/\/kominki-elektryczne.pl\/blog\/2022\/09\/16\/panele-grzewcze-na-podczerwien-energooszczedne-rozwiazanie\/\",\"name\":\"Panele grzewcze na podczerwie\u0144! Energooszcz\u0119dne rozwi\u0105zanie - Kominki-Elektryczne.pl\",\"isPartOf\":{\"@id\":\"https:\/\/kominki-elektryczne.pl\/blog\/#website\"},\"primaryImageOfPage\":{\"@id\":\"https:\/\/kominki-elektryczne.pl\/blog\/2022\/09\/16\/panele-grzewcze-na-podczerwien-energooszczedne-rozwiazanie\/#primaryimage\"},\"image\":{\"@id\":\"https:\/\/kominki-elektryczne.pl\/blog\/2022\/09\/16\/panele-grzewcze-na-podczerwien-energooszczedne-rozwiazanie\/#primaryimage\"},\"thumbnailUrl\":\"https:\/\/kominki-elektryczne.pl\/blog\/wp-content\/uploads\/2022\/09\/rozklad-ciepla-1.jpg\",\"datePublished\":\"2022-09-16T08:11:34+00:00\",\"dateModified\":\"2024-10-08T10:14:44+00:00\",\"breadcrumb\":{\"@id\":\"https:\/\/kominki-elektryczne.pl\/blog\/2022\/09\/16\/panele-grzewcze-na-podczerwien-energooszczedne-rozwiazanie\/#breadcrumb\"},\"inLanguage\":\"pl-PL\",\"potentialAction\":[{\"@type\":\"ReadAction\",\"target\":[\"https:\/\/kominki-elektryczne.pl\/blog\/2022\/09\/16\/panele-grzewcze-na-podczerwien-energooszczedne-rozwiazanie\/\"]}]},{\"@type\":\"ImageObject\",\"inLanguage\":\"pl-PL\",\"@id\":\"https:\/\/kominki-elektryczne.pl\/blog\/2022\/09\/16\/panele-grzewcze-na-podczerwien-energooszczedne-rozwiazanie\/#primaryimage\",\"url\":\"https:\/\/kominki-elektryczne.pl\/blog\/wp-content\/uploads\/2022\/09\/rozklad-ciepla-1.jpg\",\"contentUrl\":\"https:\/\/kominki-elektryczne.pl\/blog\/wp-content\/uploads\/2022\/09\/rozklad-ciepla-1.jpg\",\"width\":500,\"height\":240},{\"@type\":\"BreadcrumbList\",\"@id\":\"https:\/\/kominki-elektryczne.pl\/blog\/2022\/09\/16\/panele-grzewcze-na-podczerwien-energooszczedne-rozwiazanie\/#breadcrumb\",\"itemListElement\":[{\"@type\":\"ListItem\",\"position\":1,\"name\":\"Strona g\u0142\u00f3wna\",\"item\":\"https:\/\/kominki-elektryczne.pl\/blog\/\"},{\"@type\":\"ListItem\",\"position\":2,\"name\":\"Panele grzewcze na podczerwie\u0144! Energooszcz\u0119dne rozwi\u0105zanie\"}]},{\"@type\":\"WebSite\",\"@id\":\"https:\/\/kominki-elektryczne.pl\/blog\/#website\",\"url\":\"https:\/\/kominki-elektryczne.pl\/blog\/\",\"name\":\"Kominki-Elektryczne.pl\",\"description\":\"Opisy - Porady - Recenzje\",\"publisher\":{\"@id\":\"https:\/\/kominki-elektryczne.pl\/blog\/#organization\"},\"potentialAction\":[{\"@type\":\"SearchAction\",\"target\":{\"@type\":\"EntryPoint\",\"urlTemplate\":\"https:\/\/kominki-elektryczne.pl\/blog\/?s={search_term_string}\"},\"query-input\":{\"@type\":\"PropertyValueSpecification\",\"valueRequired\":true,\"valueName\":\"search_term_string\"}}],\"inLanguage\":\"pl-PL\"},{\"@type\":\"Organization\",\"@id\":\"https:\/\/kominki-elektryczne.pl\/blog\/#organization\",\"name\":\"Kominki-Elektryczne.pl\",\"url\":\"https:\/\/kominki-elektryczne.pl\/blog\/\",\"logo\":{\"@type\":\"ImageObject\",\"inLanguage\":\"pl-PL\",\"@id\":\"https:\/\/kominki-elektryczne.pl\/blog\/#\/schema\/logo\/image\/\",\"url\":\"https:\/\/kominki-elektryczne.pl\/blog\/wp-content\/uploads\/2025\/04\/cropped-LogoAflamo.jpg\",\"contentUrl\":\"https:\/\/kominki-elektryczne.pl\/blog\/wp-content\/uploads\/2025\/04\/cropped-LogoAflamo.jpg\",\"width\":200,\"height\":58,\"caption\":\"Kominki-Elektryczne.pl\"},\"image\":{\"@id\":\"https:\/\/kominki-elektryczne.pl\/blog\/#\/schema\/logo\/image\/\"},\"sameAs\":[\"https:\/\/www.facebook.com\/elektrycznekominki\"]},{\"@type\":\"Person\",\"@id\":\"https:\/\/kominki-elektryczne.pl\/blog\/#\/schema\/person\/045e7544e3e90364f5f82cc509123089\",\"name\":\"Kominkowy\",\"image\":{\"@type\":\"ImageObject\",\"inLanguage\":\"pl-PL\",\"@id\":\"https:\/\/kominki-elektryczne.pl\/blog\/#\/schema\/person\/image\/\",\"url\":\"https:\/\/secure.gravatar.com\/avatar\/8c15720599195e8ba4119df2db28ce7e?s=96&d=mm&r=g\",\"contentUrl\":\"https:\/\/secure.gravatar.com\/avatar\/8c15720599195e8ba4119df2db28ce7e?s=96&d=mm&r=g\",\"caption\":\"Kominkowy\"},\"sameAs\":[\"http:\/\/www.kominki-elektryczne.pl\"],\"url\":\"https:\/\/kominki-elektryczne.pl\/blog\/author\/led-handel\/\"}]}<\/script>\n<!-- \/ Yoast SEO plugin. -->","yoast_head_json":{"title":"Panele grzewcze na podczerwie\u0144! Energooszcz\u0119dne rozwi\u0105zanie - Kominki-Elektryczne.pl","robots":{"index":"index","follow":"follow","max-snippet":"max-snippet:-1","max-image-preview":"max-image-preview:large","max-video-preview":"max-video-preview:-1"},"canonical":"https:\/\/kominki-elektryczne.pl\/blog\/2022\/09\/16\/panele-grzewcze-na-podczerwien-energooszczedne-rozwiazanie\/","og_locale":"pl_PL","og_type":"article","og_title":"Panele grzewcze na podczerwie\u0144! Energooszcz\u0119dne rozwi\u0105zanie - Kominki-Elektryczne.pl","og_description":"Dzie\u0144 dobry, Zapraszamy do zapoznania si\u0119 z nasza gam\u0105 produkt\u00f3w na podczerwie\u0144.Dzisiaj przedstawimy Pa\u0144stwu z czego skonstruowane s\u0105 panele. Panele grzewcze na podczerwie\u0144. Jak s\u0105 skonstruowane? Bardzo dok\u0142adnie wykonana pow\u0142oka o strukturze zoptymalizowanej powierzchniowo\u00a0&#8211; zwi\u0119ksza powierzchni\u0119 emitera ciep\u0142a, oraz k\u0105t rozprowadzenia fali cieplnej po pomieszczeniu.Dodatkowo &hellip;","og_url":"https:\/\/kominki-elektryczne.pl\/blog\/2022\/09\/16\/panele-grzewcze-na-podczerwien-energooszczedne-rozwiazanie\/","og_site_name":"Kominki-Elektryczne.pl","article_publisher":"https:\/\/www.facebook.com\/elektrycznekominki","article_published_time":"2022-09-16T08:11:34+00:00","article_modified_time":"2024-10-08T10:14:44+00:00","og_image":[{"width":500,"height":240,"url":"https:\/\/kominki-elektryczne.pl\/blog\/wp-content\/uploads\/2022\/09\/rozklad-ciepla-1.jpg","type":"image\/jpeg"}],"author":"Kominkowy","twitter_card":"summary_large_image","twitter_misc":{"Napisane przez":"Kominkowy","Szacowany czas czytania":"1 minuta"},"schema":{"@context":"https:\/\/schema.org","@graph":[{"@type":"Article","@id":"https:\/\/kominki-elektryczne.pl\/blog\/2022\/09\/16\/panele-grzewcze-na-podczerwien-energooszczedne-rozwiazanie\/#article","isPartOf":{"@id":"https:\/\/kominki-elektryczne.pl\/blog\/2022\/09\/16\/panele-grzewcze-na-podczerwien-energooszczedne-rozwiazanie\/"},"author":{"name":"Kominkowy","@id":"https:\/\/kominki-elektryczne.pl\/blog\/#\/schema\/person\/045e7544e3e90364f5f82cc509123089"},"headline":"Panele grzewcze na podczerwie\u0144! Energooszcz\u0119dne rozwi\u0105zanie","datePublished":"2022-09-16T08:11:34+00:00","dateModified":"2024-10-08T10:14:44+00:00","mainEntityOfPage":{"@id":"https:\/\/kominki-elektryczne.pl\/blog\/2022\/09\/16\/panele-grzewcze-na-podczerwien-energooszczedne-rozwiazanie\/"},"wordCount":210,"publisher":{"@id":"https:\/\/kominki-elektryczne.pl\/blog\/#organization"},"image":{"@id":"https:\/\/kominki-elektryczne.pl\/blog\/2022\/09\/16\/panele-grzewcze-na-podczerwien-energooszczedne-rozwiazanie\/#primaryimage"},"thumbnailUrl":"https:\/\/kominki-elektryczne.pl\/blog\/wp-content\/uploads\/2022\/09\/rozklad-ciepla-1.jpg","keywords":["grzanie na podczerwie\u0144","panel grzewczy","panel na podczerwie\u0144","wydajne ogrzewanie"],"inLanguage":"pl-PL"},{"@type":"WebPage","@id":"https:\/\/kominki-elektryczne.pl\/blog\/2022\/09\/16\/panele-grzewcze-na-podczerwien-energooszczedne-rozwiazanie\/","url":"https:\/\/kominki-elektryczne.pl\/blog\/2022\/09\/16\/panele-grzewcze-na-podczerwien-energooszczedne-rozwiazanie\/","name":"Panele grzewcze na podczerwie\u0144! Energooszcz\u0119dne rozwi\u0105zanie - Kominki-Elektryczne.pl","isPartOf":{"@id":"https:\/\/kominki-elektryczne.pl\/blog\/#website"},"primaryImageOfPage":{"@id":"https:\/\/kominki-elektryczne.pl\/blog\/2022\/09\/16\/panele-grzewcze-na-podczerwien-energooszczedne-rozwiazanie\/#primaryimage"},"image":{"@id":"https:\/\/kominki-elektryczne.pl\/blog\/2022\/09\/16\/panele-grzewcze-na-podczerwien-energooszczedne-rozwiazanie\/#primaryimage"},"thumbnailUrl":"https:\/\/kominki-elektryczne.pl\/blog\/wp-content\/uploads\/2022\/09\/rozklad-ciepla-1.jpg","datePublished":"2022-09-16T08:11:34+00:00","dateModified":"2024-10-08T10:14:44+00:00","breadcrumb":{"@id":"https:\/\/kominki-elektryczne.pl\/blog\/2022\/09\/16\/panele-grzewcze-na-podczerwien-energooszczedne-rozwiazanie\/#breadcrumb"},"inLanguage":"pl-PL","potentialAction":[{"@type":"ReadAction","target":["https:\/\/kominki-elektryczne.pl\/blog\/2022\/09\/16\/panele-grzewcze-na-podczerwien-energooszczedne-rozwiazanie\/"]}]},{"@type":"ImageObject","inLanguage":"pl-PL","@id":"https:\/\/kominki-elektryczne.pl\/blog\/2022\/09\/16\/panele-grzewcze-na-podczerwien-energooszczedne-rozwiazanie\/#primaryimage","url":"https:\/\/kominki-elektryczne.pl\/blog\/wp-content\/uploads\/2022\/09\/rozklad-ciepla-1.jpg","contentUrl":"https:\/\/kominki-elektryczne.pl\/blog\/wp-content\/uploads\/2022\/09\/rozklad-ciepla-1.jpg","width":500,"height":240},{"@type":"BreadcrumbList","@id":"https:\/\/kominki-elektryczne.pl\/blog\/2022\/09\/16\/panele-grzewcze-na-podczerwien-energooszczedne-rozwiazanie\/#breadcrumb","itemListElement":[{"@type":"ListItem","position":1,"name":"Strona g\u0142\u00f3wna","item":"https:\/\/kominki-elektryczne.pl\/blog\/"},{"@type":"ListItem","position":2,"name":"Panele grzewcze na podczerwie\u0144! Energooszcz\u0119dne rozwi\u0105zanie"}]},{"@type":"WebSite","@id":"https:\/\/kominki-elektryczne.pl\/blog\/#website","url":"https:\/\/kominki-elektryczne.pl\/blog\/","name":"Kominki-Elektryczne.pl","description":"Opisy - Porady - Recenzje","publisher":{"@id":"https:\/\/kominki-elektryczne.pl\/blog\/#organization"},"potentialAction":[{"@type":"SearchAction","target":{"@type":"EntryPoint","urlTemplate":"https:\/\/kominki-elektryczne.pl\/blog\/?s={search_term_string}"},"query-input":{"@type":"PropertyValueSpecification","valueRequired":true,"valueName":"search_term_string"}}],"inLanguage":"pl-PL"},{"@type":"Organization","@id":"https:\/\/kominki-elektryczne.pl\/blog\/#organization","name":"Kominki-Elektryczne.pl","url":"https:\/\/kominki-elektryczne.pl\/blog\/","logo":{"@type":"ImageObject","inLanguage":"pl-PL","@id":"https:\/\/kominki-elektryczne.pl\/blog\/#\/schema\/logo\/image\/","url":"https:\/\/kominki-elektryczne.pl\/blog\/wp-content\/uploads\/2025\/04\/cropped-LogoAflamo.jpg","contentUrl":"https:\/\/kominki-elektryczne.pl\/blog\/wp-content\/uploads\/2025\/04\/cropped-LogoAflamo.jpg","width":200,"height":58,"caption":"Kominki-Elektryczne.pl"},"image":{"@id":"https:\/\/kominki-elektryczne.pl\/blog\/#\/schema\/logo\/image\/"},"sameAs":["https:\/\/www.facebook.com\/elektrycznekominki"]},{"@type":"Person","@id":"https:\/\/kominki-elektryczne.pl\/blog\/#\/schema\/person\/045e7544e3e90364f5f82cc509123089","name":"Kominkowy","image":{"@type":"ImageObject","inLanguage":"pl-PL","@id":"https:\/\/kominki-elektryczne.pl\/blog\/#\/schema\/person\/image\/","url":"https:\/\/secure.gravatar.com\/avatar\/8c15720599195e8ba4119df2db28ce7e?s=96&d=mm&r=g","contentUrl":"https:\/\/secure.gravatar.com\/avatar\/8c15720599195e8ba4119df2db28ce7e?s=96&d=mm&r=g","caption":"Kominkowy"},"sameAs":["http:\/\/www.kominki-elektryczne.pl"],"url":"https:\/\/kominki-elektryczne.pl\/blog\/author\/led-handel\/"}]}},"_links":{"self":[{"href":"https:\/\/kominki-elektryczne.pl\/blog\/wp-json\/wp\/v2\/posts\/645","targetHints":{"allow":["GET"]}}],"collection":[{"href":"https:\/\/kominki-elektryczne.pl\/blog\/wp-json\/wp\/v2\/posts"}],"about":[{"href":"https:\/\/kominki-elektryczne.pl\/blog\/wp-json\/wp\/v2\/types\/post"}],"author":[{"embeddable":true,"href":"https:\/\/kominki-elektryczne.pl\/blog\/wp-json\/wp\/v2\/users\/1"}],"replies":[{"embeddable":true,"href":"https:\/\/kominki-elektryczne.pl\/blog\/wp-json\/wp\/v2\/comments?post=645"}],"version-history":[{"count":1,"href":"https:\/\/kominki-elektryczne.pl\/blog\/wp-json\/wp\/v2\/posts\/645\/revisions"}],"predecessor-version":[{"id":648,"href":"https:\/\/kominki-elektryczne.pl\/blog\/wp-json\/wp\/v2\/posts\/645\/revisions\/648"}],"wp:attachment":[{"href":"https:\/\/kominki-elektryczne.pl\/blog\/wp-json\/wp\/v2\/media?parent=645"}],"wp:term":[{"taxonomy":"category","embeddable":true,"href":"https:\/\/kominki-elektryczne.pl\/blog\/wp-json\/wp\/v2\/categories?post=645"},{"taxonomy":"post_tag","embeddable":true,"href":"https:\/\/kominki-elektryczne.pl\/blog\/wp-json\/wp\/v2\/tags?post=645"}],"curies":[{"name":"wp","href":"https:\/\/api.w.org\/{rel}","templated":true}]}}