{"id":655,"date":"2022-10-11T15:27:44","date_gmt":"2022-10-11T13:27:44","guid":{"rendered":"https:\/\/kominki-elektryczne.pl\/blog\/?p=655"},"modified":"2024-10-08T12:14:44","modified_gmt":"2024-10-08T10:14:44","slug":"kolejne-nowosci-kominkow-elektrycznych-w-naszym-sklepie","status":"publish","type":"post","link":"https:\/\/kominki-elektryczne.pl\/blog\/2022\/10\/11\/kolejne-nowosci-kominkow-elektrycznych-w-naszym-sklepie\/","title":{"rendered":"Kolejne nowo\u015bci komink\u00f3w elektrycznych w naszym sklepie"},"content":{"rendered":"\n<p>Dzie\u0144 dobry,<\/p>\n\n\n\n<p>Od poniedzia\u0142ku do naszego sklepu wchodz\u0105 kolejne nowo\u015bci w kominkach elektrycznych LED z obudow\u0105. <br>B\u0119d\u0105 to pi\u0119kne kominki elektryczne LED w klasycznych obudowach w kolorze bia\u0142y i kolorze d\u0105b.<\/p>\n\n\n\n<p>Poni\u017cej przedstawiamy zdj\u0119cia komin\u00f3w, kt\u00f3re w naszym sklepie b\u0119d\u0105 dost\u0119pne od r\u0119ki za oko\u0142o miesi\u0105c, ale ju\u017c zaczynamy przyjmowa\u0107 rezerwacje.<br><br>1. Kominek LEX &#8212;-> o tym modelu ju\u017c pisali\u015bmy, link do artyku\u0142u <a href=\"https:\/\/kominki-elektryczne.pl\/blog\/2022\/09\/14\/nowosc-na-sezon-zimowy-kominek-elektryczny-led-lex\/\" target=\"_blank\" rel=\"noreferrer noopener\">https:\/\/kominki-elektryczne.pl\/blog\/2022\/09\/14\/nowosc-na-sezon-zimowy-kominek-elektryczny-led-lex\/<\/a><\/p>\n\n\n\n<p>2. Kominek elektryczny LED FARO<br>Ten model jest pi\u0119knym po\u0142\u0105czeniem kolor\u00f3w czerni i bieli. Jest to ma\u0142y i zgrabny model kominka kt\u00f3ry posiada wymiary: 84 x 88 x 26 cm<br>Wk\u0142ad kt\u00f3ry jest w zestawie to LED 60, kt\u00f3ry ma naturalny efekt p\u0142omienia. <\/p>\n\n\n\n<div class=\"wp-block-image\"><figure class=\"aligncenter size-large is-resized\"><img loading=\"lazy\" decoding=\"async\" src=\"https:\/\/kominki-elektryczne.pl\/blog\/wp-content\/uploads\/2022\/10\/Faro_front-986x1024.jpg\" alt=\"\" class=\"wp-image-656\" width=\"478\" height=\"496\" srcset=\"https:\/\/kominki-elektryczne.pl\/blog\/wp-content\/uploads\/2022\/10\/Faro_front-986x1024.jpg 986w, https:\/\/kominki-elektryczne.pl\/blog\/wp-content\/uploads\/2022\/10\/Faro_front-289x300.jpg 289w, https:\/\/kominki-elektryczne.pl\/blog\/wp-content\/uploads\/2022\/10\/Faro_front-768x798.jpg 768w, https:\/\/kominki-elektryczne.pl\/blog\/wp-content\/uploads\/2022\/10\/Faro_front-1479x1536.jpg 1479w, https:\/\/kominki-elektryczne.pl\/blog\/wp-content\/uploads\/2022\/10\/Faro_front.jpg 1972w\" sizes=\"auto, (max-width: 478px) 100vw, 478px\" \/><\/figure><\/div>\n\n\n\n<p>Kominek elektryczny LED FARO <\/p>\n\n\n\n<p>3. Kominek elektryczny LED RIVIA<br>\u015awietnie prezentuj\u0105ca si\u0119 obudowa w stylu modern. Posiada ciekawy front, wyst\u0119puj\u0105 na nim kwiaty, za\u015b kolumny przywdziewaj\u0105 wy\u017c\u0142obione w drewnie pasy.<br>Rozmiar: 102 x 96 x 28 cm<\/p>\n\n\n\n<p>Ten model b\u0119dzie wyst\u0119powa\u0142 z wk\u0142adem 3D, wk\u0142adem klasycznym ale i te\u017c w wersji BIO<\/p>\n\n\n\n<div class=\"wp-block-image\"><figure class=\"aligncenter size-large is-resized\"><img loading=\"lazy\" decoding=\"async\" src=\"https:\/\/kominki-elektryczne.pl\/blog\/wp-content\/uploads\/2022\/10\/Rivia_white_front_3D-1-1024x946.jpg\" alt=\"\" class=\"wp-image-657\" width=\"531\" height=\"491\" srcset=\"https:\/\/kominki-elektryczne.pl\/blog\/wp-content\/uploads\/2022\/10\/Rivia_white_front_3D-1-1024x946.jpg 1024w, https:\/\/kominki-elektryczne.pl\/blog\/wp-content\/uploads\/2022\/10\/Rivia_white_front_3D-1-300x277.jpg 300w, https:\/\/kominki-elektryczne.pl\/blog\/wp-content\/uploads\/2022\/10\/Rivia_white_front_3D-1-768x710.jpg 768w, https:\/\/kominki-elektryczne.pl\/blog\/wp-content\/uploads\/2022\/10\/Rivia_white_front_3D-1-1536x1419.jpg 1536w, https:\/\/kominki-elektryczne.pl\/blog\/wp-content\/uploads\/2022\/10\/Rivia_white_front_3D-1.jpg 2048w\" sizes=\"auto, (max-width: 531px) 100vw, 531px\" \/><figcaption>Kominek elektryczny LED rivia<\/figcaption><\/figure><\/div>\n\n\n\n<p>Zapraszamy do zakup\u00f3w: <a href=\"http:\/\/www.kominki-elektryczne.pl\" target=\"_blank\" rel=\"noreferrer noopener\">www.kominki-elektryczne.pl<\/a><\/p>\n\n\n\n<p><br><br><\/p>\n","protected":false},"excerpt":{"rendered":"<p>Dzie\u0144 dobry, Od poniedzia\u0142ku do naszego sklepu wchodz\u0105 kolejne nowo\u015bci w kominkach elektrycznych LED z obudow\u0105. B\u0119d\u0105 to pi\u0119kne kominki elektryczne LED w klasycznych obudowach w kolorze bia\u0142y i kolorze d\u0105b. Poni\u017cej przedstawiamy zdj\u0119cia komin\u00f3w, kt\u00f3re w naszym sklepie b\u0119d\u0105 dost\u0119pne od r\u0119ki za oko\u0142o &hellip; <\/p>\n","protected":false},"author":1,"featured_media":0,"comment_status":"closed","ping_status":"closed","sticky":false,"template":"","format":"standard","meta":{"footnotes":""},"categories":[1],"tags":[284,285],"class_list":["post-655","post","type-post","status-publish","format-standard","hentry","category-bez-kategorii","tag-kominki-z-funkcja-grzania","tag-nowe-kominki-elektryczne"],"yoast_head":"<!-- This site is optimized with the Yoast SEO plugin v25.7 - https:\/\/yoast.com\/wordpress\/plugins\/seo\/ -->\n<title>Kolejne nowo\u015bci komink\u00f3w elektrycznych w naszym sklepie - Kominki-Elektryczne.pl<\/title>\n<meta name=\"robots\" content=\"index, follow, max-snippet:-1, max-image-preview:large, max-video-preview:-1\" \/>\n<link rel=\"canonical\" href=\"https:\/\/kominki-elektryczne.pl\/blog\/2022\/10\/11\/kolejne-nowosci-kominkow-elektrycznych-w-naszym-sklepie\/\" \/>\n<meta property=\"og:locale\" content=\"pl_PL\" \/>\n<meta property=\"og:type\" content=\"article\" \/>\n<meta property=\"og:title\" content=\"Kolejne nowo\u015bci komink\u00f3w elektrycznych w naszym sklepie - Kominki-Elektryczne.pl\" \/>\n<meta property=\"og:description\" content=\"Dzie\u0144 dobry, Od poniedzia\u0142ku do naszego sklepu wchodz\u0105 kolejne nowo\u015bci w kominkach elektrycznych LED z obudow\u0105. B\u0119d\u0105 to pi\u0119kne kominki elektryczne LED w klasycznych obudowach w kolorze bia\u0142y i kolorze d\u0105b. Poni\u017cej przedstawiamy zdj\u0119cia komin\u00f3w, kt\u00f3re w naszym sklepie b\u0119d\u0105 dost\u0119pne od r\u0119ki za oko\u0142o &hellip;\" \/>\n<meta property=\"og:url\" content=\"https:\/\/kominki-elektryczne.pl\/blog\/2022\/10\/11\/kolejne-nowosci-kominkow-elektrycznych-w-naszym-sklepie\/\" \/>\n<meta property=\"og:site_name\" content=\"Kominki-Elektryczne.pl\" \/>\n<meta property=\"article:publisher\" content=\"https:\/\/www.facebook.com\/elektrycznekominki\" \/>\n<meta property=\"article:published_time\" content=\"2022-10-11T13:27:44+00:00\" \/>\n<meta property=\"article:modified_time\" content=\"2024-10-08T10:14:44+00:00\" \/>\n<meta property=\"og:image\" content=\"https:\/\/kominki-elektryczne.pl\/blog\/wp-content\/uploads\/2022\/10\/Faro_front.jpg\" \/>\n\t<meta property=\"og:image:width\" content=\"1972\" \/>\n\t<meta property=\"og:image:height\" content=\"2048\" \/>\n\t<meta property=\"og:image:type\" content=\"image\/jpeg\" \/>\n<meta name=\"author\" content=\"Kominkowy\" \/>\n<meta name=\"twitter:card\" content=\"summary_large_image\" \/>\n<meta name=\"twitter:label1\" content=\"Napisane przez\" \/>\n\t<meta name=\"twitter:data1\" content=\"Kominkowy\" \/>\n\t<meta name=\"twitter:label2\" content=\"Szacowany czas czytania\" \/>\n\t<meta name=\"twitter:data2\" content=\"1 minuta\" \/>\n<script type=\"application\/ld+json\" class=\"yoast-schema-graph\">{\"@context\":\"https:\/\/schema.org\",\"@graph\":[{\"@type\":\"Article\",\"@id\":\"https:\/\/kominki-elektryczne.pl\/blog\/2022\/10\/11\/kolejne-nowosci-kominkow-elektrycznych-w-naszym-sklepie\/#article\",\"isPartOf\":{\"@id\":\"https:\/\/kominki-elektryczne.pl\/blog\/2022\/10\/11\/kolejne-nowosci-kominkow-elektrycznych-w-naszym-sklepie\/\"},\"author\":{\"name\":\"Kominkowy\",\"@id\":\"https:\/\/kominki-elektryczne.pl\/blog\/#\/schema\/person\/045e7544e3e90364f5f82cc509123089\"},\"headline\":\"Kolejne nowo\u015bci komink\u00f3w elektrycznych w naszym sklepie\",\"datePublished\":\"2022-10-11T13:27:44+00:00\",\"dateModified\":\"2024-10-08T10:14:44+00:00\",\"mainEntityOfPage\":{\"@id\":\"https:\/\/kominki-elektryczne.pl\/blog\/2022\/10\/11\/kolejne-nowosci-kominkow-elektrycznych-w-naszym-sklepie\/\"},\"wordCount\":204,\"publisher\":{\"@id\":\"https:\/\/kominki-elektryczne.pl\/blog\/#organization\"},\"image\":{\"@id\":\"https:\/\/kominki-elektryczne.pl\/blog\/2022\/10\/11\/kolejne-nowosci-kominkow-elektrycznych-w-naszym-sklepie\/#primaryimage\"},\"thumbnailUrl\":\"https:\/\/kominki-elektryczne.pl\/blog\/wp-content\/uploads\/2022\/10\/Faro_front-986x1024.jpg\",\"keywords\":[\"kominki z funkcj\u0105 grzania\",\"nowe kominki elektryczne\"],\"inLanguage\":\"pl-PL\"},{\"@type\":\"WebPage\",\"@id\":\"https:\/\/kominki-elektryczne.pl\/blog\/2022\/10\/11\/kolejne-nowosci-kominkow-elektrycznych-w-naszym-sklepie\/\",\"url\":\"https:\/\/kominki-elektryczne.pl\/blog\/2022\/10\/11\/kolejne-nowosci-kominkow-elektrycznych-w-naszym-sklepie\/\",\"name\":\"Kolejne nowo\u015bci komink\u00f3w elektrycznych w naszym sklepie - Kominki-Elektryczne.pl\",\"isPartOf\":{\"@id\":\"https:\/\/kominki-elektryczne.pl\/blog\/#website\"},\"primaryImageOfPage\":{\"@id\":\"https:\/\/kominki-elektryczne.pl\/blog\/2022\/10\/11\/kolejne-nowosci-kominkow-elektrycznych-w-naszym-sklepie\/#primaryimage\"},\"image\":{\"@id\":\"https:\/\/kominki-elektryczne.pl\/blog\/2022\/10\/11\/kolejne-nowosci-kominkow-elektrycznych-w-naszym-sklepie\/#primaryimage\"},\"thumbnailUrl\":\"https:\/\/kominki-elektryczne.pl\/blog\/wp-content\/uploads\/2022\/10\/Faro_front-986x1024.jpg\",\"datePublished\":\"2022-10-11T13:27:44+00:00\",\"dateModified\":\"2024-10-08T10:14:44+00:00\",\"breadcrumb\":{\"@id\":\"https:\/\/kominki-elektryczne.pl\/blog\/2022\/10\/11\/kolejne-nowosci-kominkow-elektrycznych-w-naszym-sklepie\/#breadcrumb\"},\"inLanguage\":\"pl-PL\",\"potentialAction\":[{\"@type\":\"ReadAction\",\"target\":[\"https:\/\/kominki-elektryczne.pl\/blog\/2022\/10\/11\/kolejne-nowosci-kominkow-elektrycznych-w-naszym-sklepie\/\"]}]},{\"@type\":\"ImageObject\",\"inLanguage\":\"pl-PL\",\"@id\":\"https:\/\/kominki-elektryczne.pl\/blog\/2022\/10\/11\/kolejne-nowosci-kominkow-elektrycznych-w-naszym-sklepie\/#primaryimage\",\"url\":\"https:\/\/kominki-elektryczne.pl\/blog\/wp-content\/uploads\/2022\/10\/Faro_front.jpg\",\"contentUrl\":\"https:\/\/kominki-elektryczne.pl\/blog\/wp-content\/uploads\/2022\/10\/Faro_front.jpg\",\"width\":1972,\"height\":2048},{\"@type\":\"BreadcrumbList\",\"@id\":\"https:\/\/kominki-elektryczne.pl\/blog\/2022\/10\/11\/kolejne-nowosci-kominkow-elektrycznych-w-naszym-sklepie\/#breadcrumb\",\"itemListElement\":[{\"@type\":\"ListItem\",\"position\":1,\"name\":\"Strona g\u0142\u00f3wna\",\"item\":\"https:\/\/kominki-elektryczne.pl\/blog\/\"},{\"@type\":\"ListItem\",\"position\":2,\"name\":\"Kolejne nowo\u015bci komink\u00f3w elektrycznych w naszym sklepie\"}]},{\"@type\":\"WebSite\",\"@id\":\"https:\/\/kominki-elektryczne.pl\/blog\/#website\",\"url\":\"https:\/\/kominki-elektryczne.pl\/blog\/\",\"name\":\"Kominki-Elektryczne.pl\",\"description\":\"Opisy - Porady - Recenzje\",\"publisher\":{\"@id\":\"https:\/\/kominki-elektryczne.pl\/blog\/#organization\"},\"potentialAction\":[{\"@type\":\"SearchAction\",\"target\":{\"@type\":\"EntryPoint\",\"urlTemplate\":\"https:\/\/kominki-elektryczne.pl\/blog\/?s={search_term_string}\"},\"query-input\":{\"@type\":\"PropertyValueSpecification\",\"valueRequired\":true,\"valueName\":\"search_term_string\"}}],\"inLanguage\":\"pl-PL\"},{\"@type\":\"Organization\",\"@id\":\"https:\/\/kominki-elektryczne.pl\/blog\/#organization\",\"name\":\"Kominki-Elektryczne.pl\",\"url\":\"https:\/\/kominki-elektryczne.pl\/blog\/\",\"logo\":{\"@type\":\"ImageObject\",\"inLanguage\":\"pl-PL\",\"@id\":\"https:\/\/kominki-elektryczne.pl\/blog\/#\/schema\/logo\/image\/\",\"url\":\"https:\/\/kominki-elektryczne.pl\/blog\/wp-content\/uploads\/2025\/04\/cropped-LogoAflamo.jpg\",\"contentUrl\":\"https:\/\/kominki-elektryczne.pl\/blog\/wp-content\/uploads\/2025\/04\/cropped-LogoAflamo.jpg\",\"width\":200,\"height\":58,\"caption\":\"Kominki-Elektryczne.pl\"},\"image\":{\"@id\":\"https:\/\/kominki-elektryczne.pl\/blog\/#\/schema\/logo\/image\/\"},\"sameAs\":[\"https:\/\/www.facebook.com\/elektrycznekominki\"]},{\"@type\":\"Person\",\"@id\":\"https:\/\/kominki-elektryczne.pl\/blog\/#\/schema\/person\/045e7544e3e90364f5f82cc509123089\",\"name\":\"Kominkowy\",\"image\":{\"@type\":\"ImageObject\",\"inLanguage\":\"pl-PL\",\"@id\":\"https:\/\/kominki-elektryczne.pl\/blog\/#\/schema\/person\/image\/\",\"url\":\"https:\/\/secure.gravatar.com\/avatar\/8c15720599195e8ba4119df2db28ce7e?s=96&d=mm&r=g\",\"contentUrl\":\"https:\/\/secure.gravatar.com\/avatar\/8c15720599195e8ba4119df2db28ce7e?s=96&d=mm&r=g\",\"caption\":\"Kominkowy\"},\"sameAs\":[\"http:\/\/www.kominki-elektryczne.pl\"],\"url\":\"https:\/\/kominki-elektryczne.pl\/blog\/author\/led-handel\/\"}]}<\/script>\n<!-- \/ Yoast SEO plugin. -->","yoast_head_json":{"title":"Kolejne nowo\u015bci komink\u00f3w elektrycznych w naszym sklepie - Kominki-Elektryczne.pl","robots":{"index":"index","follow":"follow","max-snippet":"max-snippet:-1","max-image-preview":"max-image-preview:large","max-video-preview":"max-video-preview:-1"},"canonical":"https:\/\/kominki-elektryczne.pl\/blog\/2022\/10\/11\/kolejne-nowosci-kominkow-elektrycznych-w-naszym-sklepie\/","og_locale":"pl_PL","og_type":"article","og_title":"Kolejne nowo\u015bci komink\u00f3w elektrycznych w naszym sklepie - Kominki-Elektryczne.pl","og_description":"Dzie\u0144 dobry, Od poniedzia\u0142ku do naszego sklepu wchodz\u0105 kolejne nowo\u015bci w kominkach elektrycznych LED z obudow\u0105. B\u0119d\u0105 to pi\u0119kne kominki elektryczne LED w klasycznych obudowach w kolorze bia\u0142y i kolorze d\u0105b. Poni\u017cej przedstawiamy zdj\u0119cia komin\u00f3w, kt\u00f3re w naszym sklepie b\u0119d\u0105 dost\u0119pne od r\u0119ki za oko\u0142o &hellip;","og_url":"https:\/\/kominki-elektryczne.pl\/blog\/2022\/10\/11\/kolejne-nowosci-kominkow-elektrycznych-w-naszym-sklepie\/","og_site_name":"Kominki-Elektryczne.pl","article_publisher":"https:\/\/www.facebook.com\/elektrycznekominki","article_published_time":"2022-10-11T13:27:44+00:00","article_modified_time":"2024-10-08T10:14:44+00:00","og_image":[{"width":1972,"height":2048,"url":"https:\/\/kominki-elektryczne.pl\/blog\/wp-content\/uploads\/2022\/10\/Faro_front.jpg","type":"image\/jpeg"}],"author":"Kominkowy","twitter_card":"summary_large_image","twitter_misc":{"Napisane przez":"Kominkowy","Szacowany czas czytania":"1 minuta"},"schema":{"@context":"https:\/\/schema.org","@graph":[{"@type":"Article","@id":"https:\/\/kominki-elektryczne.pl\/blog\/2022\/10\/11\/kolejne-nowosci-kominkow-elektrycznych-w-naszym-sklepie\/#article","isPartOf":{"@id":"https:\/\/kominki-elektryczne.pl\/blog\/2022\/10\/11\/kolejne-nowosci-kominkow-elektrycznych-w-naszym-sklepie\/"},"author":{"name":"Kominkowy","@id":"https:\/\/kominki-elektryczne.pl\/blog\/#\/schema\/person\/045e7544e3e90364f5f82cc509123089"},"headline":"Kolejne nowo\u015bci komink\u00f3w elektrycznych w naszym sklepie","datePublished":"2022-10-11T13:27:44+00:00","dateModified":"2024-10-08T10:14:44+00:00","mainEntityOfPage":{"@id":"https:\/\/kominki-elektryczne.pl\/blog\/2022\/10\/11\/kolejne-nowosci-kominkow-elektrycznych-w-naszym-sklepie\/"},"wordCount":204,"publisher":{"@id":"https:\/\/kominki-elektryczne.pl\/blog\/#organization"},"image":{"@id":"https:\/\/kominki-elektryczne.pl\/blog\/2022\/10\/11\/kolejne-nowosci-kominkow-elektrycznych-w-naszym-sklepie\/#primaryimage"},"thumbnailUrl":"https:\/\/kominki-elektryczne.pl\/blog\/wp-content\/uploads\/2022\/10\/Faro_front-986x1024.jpg","keywords":["kominki z funkcj\u0105 grzania","nowe kominki elektryczne"],"inLanguage":"pl-PL"},{"@type":"WebPage","@id":"https:\/\/kominki-elektryczne.pl\/blog\/2022\/10\/11\/kolejne-nowosci-kominkow-elektrycznych-w-naszym-sklepie\/","url":"https:\/\/kominki-elektryczne.pl\/blog\/2022\/10\/11\/kolejne-nowosci-kominkow-elektrycznych-w-naszym-sklepie\/","name":"Kolejne nowo\u015bci komink\u00f3w elektrycznych w naszym sklepie - Kominki-Elektryczne.pl","isPartOf":{"@id":"https:\/\/kominki-elektryczne.pl\/blog\/#website"},"primaryImageOfPage":{"@id":"https:\/\/kominki-elektryczne.pl\/blog\/2022\/10\/11\/kolejne-nowosci-kominkow-elektrycznych-w-naszym-sklepie\/#primaryimage"},"image":{"@id":"https:\/\/kominki-elektryczne.pl\/blog\/2022\/10\/11\/kolejne-nowosci-kominkow-elektrycznych-w-naszym-sklepie\/#primaryimage"},"thumbnailUrl":"https:\/\/kominki-elektryczne.pl\/blog\/wp-content\/uploads\/2022\/10\/Faro_front-986x1024.jpg","datePublished":"2022-10-11T13:27:44+00:00","dateModified":"2024-10-08T10:14:44+00:00","breadcrumb":{"@id":"https:\/\/kominki-elektryczne.pl\/blog\/2022\/10\/11\/kolejne-nowosci-kominkow-elektrycznych-w-naszym-sklepie\/#breadcrumb"},"inLanguage":"pl-PL","potentialAction":[{"@type":"ReadAction","target":["https:\/\/kominki-elektryczne.pl\/blog\/2022\/10\/11\/kolejne-nowosci-kominkow-elektrycznych-w-naszym-sklepie\/"]}]},{"@type":"ImageObject","inLanguage":"pl-PL","@id":"https:\/\/kominki-elektryczne.pl\/blog\/2022\/10\/11\/kolejne-nowosci-kominkow-elektrycznych-w-naszym-sklepie\/#primaryimage","url":"https:\/\/kominki-elektryczne.pl\/blog\/wp-content\/uploads\/2022\/10\/Faro_front.jpg","contentUrl":"https:\/\/kominki-elektryczne.pl\/blog\/wp-content\/uploads\/2022\/10\/Faro_front.jpg","width":1972,"height":2048},{"@type":"BreadcrumbList","@id":"https:\/\/kominki-elektryczne.pl\/blog\/2022\/10\/11\/kolejne-nowosci-kominkow-elektrycznych-w-naszym-sklepie\/#breadcrumb","itemListElement":[{"@type":"ListItem","position":1,"name":"Strona g\u0142\u00f3wna","item":"https:\/\/kominki-elektryczne.pl\/blog\/"},{"@type":"ListItem","position":2,"name":"Kolejne nowo\u015bci komink\u00f3w elektrycznych w naszym sklepie"}]},{"@type":"WebSite","@id":"https:\/\/kominki-elektryczne.pl\/blog\/#website","url":"https:\/\/kominki-elektryczne.pl\/blog\/","name":"Kominki-Elektryczne.pl","description":"Opisy - Porady - Recenzje","publisher":{"@id":"https:\/\/kominki-elektryczne.pl\/blog\/#organization"},"potentialAction":[{"@type":"SearchAction","target":{"@type":"EntryPoint","urlTemplate":"https:\/\/kominki-elektryczne.pl\/blog\/?s={search_term_string}"},"query-input":{"@type":"PropertyValueSpecification","valueRequired":true,"valueName":"search_term_string"}}],"inLanguage":"pl-PL"},{"@type":"Organization","@id":"https:\/\/kominki-elektryczne.pl\/blog\/#organization","name":"Kominki-Elektryczne.pl","url":"https:\/\/kominki-elektryczne.pl\/blog\/","logo":{"@type":"ImageObject","inLanguage":"pl-PL","@id":"https:\/\/kominki-elektryczne.pl\/blog\/#\/schema\/logo\/image\/","url":"https:\/\/kominki-elektryczne.pl\/blog\/wp-content\/uploads\/2025\/04\/cropped-LogoAflamo.jpg","contentUrl":"https:\/\/kominki-elektryczne.pl\/blog\/wp-content\/uploads\/2025\/04\/cropped-LogoAflamo.jpg","width":200,"height":58,"caption":"Kominki-Elektryczne.pl"},"image":{"@id":"https:\/\/kominki-elektryczne.pl\/blog\/#\/schema\/logo\/image\/"},"sameAs":["https:\/\/www.facebook.com\/elektrycznekominki"]},{"@type":"Person","@id":"https:\/\/kominki-elektryczne.pl\/blog\/#\/schema\/person\/045e7544e3e90364f5f82cc509123089","name":"Kominkowy","image":{"@type":"ImageObject","inLanguage":"pl-PL","@id":"https:\/\/kominki-elektryczne.pl\/blog\/#\/schema\/person\/image\/","url":"https:\/\/secure.gravatar.com\/avatar\/8c15720599195e8ba4119df2db28ce7e?s=96&d=mm&r=g","contentUrl":"https:\/\/secure.gravatar.com\/avatar\/8c15720599195e8ba4119df2db28ce7e?s=96&d=mm&r=g","caption":"Kominkowy"},"sameAs":["http:\/\/www.kominki-elektryczne.pl"],"url":"https:\/\/kominki-elektryczne.pl\/blog\/author\/led-handel\/"}]}},"_links":{"self":[{"href":"https:\/\/kominki-elektryczne.pl\/blog\/wp-json\/wp\/v2\/posts\/655","targetHints":{"allow":["GET"]}}],"collection":[{"href":"https:\/\/kominki-elektryczne.pl\/blog\/wp-json\/wp\/v2\/posts"}],"about":[{"href":"https:\/\/kominki-elektryczne.pl\/blog\/wp-json\/wp\/v2\/types\/post"}],"author":[{"embeddable":true,"href":"https:\/\/kominki-elektryczne.pl\/blog\/wp-json\/wp\/v2\/users\/1"}],"replies":[{"embeddable":true,"href":"https:\/\/kominki-elektryczne.pl\/blog\/wp-json\/wp\/v2\/comments?post=655"}],"version-history":[{"count":1,"href":"https:\/\/kominki-elektryczne.pl\/blog\/wp-json\/wp\/v2\/posts\/655\/revisions"}],"predecessor-version":[{"id":658,"href":"https:\/\/kominki-elektryczne.pl\/blog\/wp-json\/wp\/v2\/posts\/655\/revisions\/658"}],"wp:attachment":[{"href":"https:\/\/kominki-elektryczne.pl\/blog\/wp-json\/wp\/v2\/media?parent=655"}],"wp:term":[{"taxonomy":"category","embeddable":true,"href":"https:\/\/kominki-elektryczne.pl\/blog\/wp-json\/wp\/v2\/categories?post=655"},{"taxonomy":"post_tag","embeddable":true,"href":"https:\/\/kominki-elektryczne.pl\/blog\/wp-json\/wp\/v2\/tags?post=655"}],"curies":[{"name":"wp","href":"https:\/\/api.w.org\/{rel}","templated":true}]}}