{"id":660,"date":"2022-10-25T15:26:12","date_gmt":"2022-10-25T13:26:12","guid":{"rendered":"https:\/\/kominki-elektryczne.pl\/blog\/?p=660"},"modified":"2024-10-08T12:14:44","modified_gmt":"2024-10-08T10:14:44","slug":"kominek-elektryczny-w-obudowie-riviera-led","status":"publish","type":"post","link":"https:\/\/kominki-elektryczne.pl\/blog\/2022\/10\/25\/kominek-elektryczny-w-obudowie-riviera-led\/","title":{"rendered":"Kominek elektryczny w obudowie RIVIERA LED"},"content":{"rendered":"\n<p>Dzie\u0144 dobry,<\/p>\n\n\n\n<p>Dzisiaj chcieliby\u015bmy przedstawi\u0107 Pa\u0144stwu kominek jakim jest Riviera w obudowie stoj\u0105cej. <br>Ten model kominka pi\u0119knie si\u0119 prezentuje w ka\u017cdym pomieszczeniu. Posiada on rze\u017abiony medalion na froncie kominka kt\u00f3ry idealnie komponuje si\u0119 z blatem i bokami tego modelu. Stworzony jest on z najwy\u017cszej jako\u015bci p\u0142yty MDF.<\/p>\n\n\n\n<p>Kominek Riviera wyst\u0119puje w kolorze wi\u015bni i bia\u0142ym. Mo\u017cna dobra\u0107 sobie do niego wk\u0142ad Aflamo LED 60 lub wk\u0142ad z efektem 3D.<\/p>\n\n\n\n<p>Ten model wyr\u00f3\u017cnia si\u0119 w\u015br\u00f3d innych klasycznych komink\u00f3w w obudowie stoj\u0105cej. <br>Ogromn\u0105 zalet\u0105 jest jego wielko\u015b\u0107:<br>&#8211; szeroko\u015b\u0107 96 cm<br>&#8211; wysoko\u015b\u0107 102 cm<br>&#8211; g\u0142\u0119boko\u015b\u0107 28 cm<br>Obudowa nie jest za du\u017ca, ani za ma\u0142a. Rozmiary jej s\u0105 idealne do ka\u017cdego pomieszczenia.<br><br>Ostatnimi czasy jest to bardzo popularny produkt w naszym sklepie.<br><br>Poni\u017cej przedstawiamy zdj\u0119cia tego modelu:<br><br><\/p>\n\n\n\n<figure class=\"wp-block-image size-full\"><img loading=\"lazy\" decoding=\"async\" width=\"1011\" height=\"467\" src=\"https:\/\/kominki-elektryczne.pl\/blog\/wp-content\/uploads\/2022\/10\/riviera-2.png\" alt=\"\" class=\"wp-image-661\" srcset=\"https:\/\/kominki-elektryczne.pl\/blog\/wp-content\/uploads\/2022\/10\/riviera-2.png 1011w, https:\/\/kominki-elektryczne.pl\/blog\/wp-content\/uploads\/2022\/10\/riviera-2-300x139.png 300w, https:\/\/kominki-elektryczne.pl\/blog\/wp-content\/uploads\/2022\/10\/riviera-2-768x355.png 768w\" sizes=\"auto, (max-width: 1011px) 100vw, 1011px\" \/><figcaption>Kominek elektryczny LED Riviera bia\u0142a 3D i klasyczna LED 60<\/figcaption><\/figure>\n\n\n\n<figure class=\"wp-block-image size-full\"><img loading=\"lazy\" decoding=\"async\" width=\"1011\" height=\"467\" src=\"https:\/\/kominki-elektryczne.pl\/blog\/wp-content\/uploads\/2022\/10\/riv3.png\" alt=\"\" class=\"wp-image-662\" srcset=\"https:\/\/kominki-elektryczne.pl\/blog\/wp-content\/uploads\/2022\/10\/riv3.png 1011w, https:\/\/kominki-elektryczne.pl\/blog\/wp-content\/uploads\/2022\/10\/riv3-300x139.png 300w, https:\/\/kominki-elektryczne.pl\/blog\/wp-content\/uploads\/2022\/10\/riv3-768x355.png 768w\" sizes=\"auto, (max-width: 1011px) 100vw, 1011px\" \/><figcaption>Kominek elektryczny LED Riviera wi\u015bnia 3D i klasyczna LED 60<\/figcaption><\/figure>\n\n\n\n<p><a href=\"https:\/\/www.kominki-elektryczne.pl\/pl\/szukaj?controller=search&amp;s=riviera\" target=\"_blank\" rel=\"noreferrer noopener\">Zapraszamy do zakup\u00f3w <\/a><\/p>\n","protected":false},"excerpt":{"rendered":"<p>Dzie\u0144 dobry, Dzisiaj chcieliby\u015bmy przedstawi\u0107 Pa\u0144stwu kominek jakim jest Riviera w obudowie stoj\u0105cej. Ten model kominka pi\u0119knie si\u0119 prezentuje w ka\u017cdym pomieszczeniu. Posiada on rze\u017abiony medalion na froncie kominka kt\u00f3ry idealnie komponuje si\u0119 z blatem i bokami tego modelu. Stworzony jest on z najwy\u017cszej jako\u015bci &hellip; <\/p>\n","protected":false},"author":1,"featured_media":0,"comment_status":"closed","ping_status":"closed","sticky":false,"template":"","format":"standard","meta":{"footnotes":""},"categories":[1],"tags":[287],"class_list":["post-660","post","type-post","status-publish","format-standard","hentry","category-bez-kategorii","tag-kominek-w-obudowie"],"yoast_head":"<!-- This site is optimized with the Yoast SEO plugin v25.7 - https:\/\/yoast.com\/wordpress\/plugins\/seo\/ -->\n<title>Kominek elektryczny w obudowie RIVIERA LED - Kominki-Elektryczne.pl<\/title>\n<meta name=\"robots\" content=\"index, follow, max-snippet:-1, max-image-preview:large, max-video-preview:-1\" \/>\n<link rel=\"canonical\" href=\"https:\/\/kominki-elektryczne.pl\/blog\/2022\/10\/25\/kominek-elektryczny-w-obudowie-riviera-led\/\" \/>\n<meta property=\"og:locale\" content=\"pl_PL\" \/>\n<meta property=\"og:type\" content=\"article\" \/>\n<meta property=\"og:title\" content=\"Kominek elektryczny w obudowie RIVIERA LED - Kominki-Elektryczne.pl\" \/>\n<meta property=\"og:description\" content=\"Dzie\u0144 dobry, Dzisiaj chcieliby\u015bmy przedstawi\u0107 Pa\u0144stwu kominek jakim jest Riviera w obudowie stoj\u0105cej. Ten model kominka pi\u0119knie si\u0119 prezentuje w ka\u017cdym pomieszczeniu. Posiada on rze\u017abiony medalion na froncie kominka kt\u00f3ry idealnie komponuje si\u0119 z blatem i bokami tego modelu. Stworzony jest on z najwy\u017cszej jako\u015bci &hellip;\" \/>\n<meta property=\"og:url\" content=\"https:\/\/kominki-elektryczne.pl\/blog\/2022\/10\/25\/kominek-elektryczny-w-obudowie-riviera-led\/\" \/>\n<meta property=\"og:site_name\" content=\"Kominki-Elektryczne.pl\" \/>\n<meta property=\"article:publisher\" content=\"https:\/\/www.facebook.com\/elektrycznekominki\" \/>\n<meta property=\"article:published_time\" content=\"2022-10-25T13:26:12+00:00\" \/>\n<meta property=\"article:modified_time\" content=\"2024-10-08T10:14:44+00:00\" \/>\n<meta property=\"og:image\" content=\"https:\/\/kominki-elektryczne.pl\/blog\/wp-content\/uploads\/2022\/10\/riviera-2.png\" \/>\n\t<meta property=\"og:image:width\" content=\"1011\" \/>\n\t<meta property=\"og:image:height\" content=\"467\" \/>\n\t<meta property=\"og:image:type\" content=\"image\/png\" \/>\n<meta name=\"author\" content=\"Kominkowy\" \/>\n<meta name=\"twitter:card\" content=\"summary_large_image\" \/>\n<meta name=\"twitter:label1\" content=\"Napisane przez\" \/>\n\t<meta name=\"twitter:data1\" content=\"Kominkowy\" \/>\n\t<meta name=\"twitter:label2\" content=\"Szacowany czas czytania\" \/>\n\t<meta name=\"twitter:data2\" content=\"1 minuta\" \/>\n<script type=\"application\/ld+json\" class=\"yoast-schema-graph\">{\"@context\":\"https:\/\/schema.org\",\"@graph\":[{\"@type\":\"Article\",\"@id\":\"https:\/\/kominki-elektryczne.pl\/blog\/2022\/10\/25\/kominek-elektryczny-w-obudowie-riviera-led\/#article\",\"isPartOf\":{\"@id\":\"https:\/\/kominki-elektryczne.pl\/blog\/2022\/10\/25\/kominek-elektryczny-w-obudowie-riviera-led\/\"},\"author\":{\"name\":\"Kominkowy\",\"@id\":\"https:\/\/kominki-elektryczne.pl\/blog\/#\/schema\/person\/045e7544e3e90364f5f82cc509123089\"},\"headline\":\"Kominek elektryczny w obudowie RIVIERA LED\",\"datePublished\":\"2022-10-25T13:26:12+00:00\",\"dateModified\":\"2024-10-08T10:14:44+00:00\",\"mainEntityOfPage\":{\"@id\":\"https:\/\/kominki-elektryczne.pl\/blog\/2022\/10\/25\/kominek-elektryczny-w-obudowie-riviera-led\/\"},\"wordCount\":177,\"publisher\":{\"@id\":\"https:\/\/kominki-elektryczne.pl\/blog\/#organization\"},\"image\":{\"@id\":\"https:\/\/kominki-elektryczne.pl\/blog\/2022\/10\/25\/kominek-elektryczny-w-obudowie-riviera-led\/#primaryimage\"},\"thumbnailUrl\":\"https:\/\/kominki-elektryczne.pl\/blog\/wp-content\/uploads\/2022\/10\/riviera-2.png\",\"keywords\":[\"kominek w obudowie\"],\"inLanguage\":\"pl-PL\"},{\"@type\":\"WebPage\",\"@id\":\"https:\/\/kominki-elektryczne.pl\/blog\/2022\/10\/25\/kominek-elektryczny-w-obudowie-riviera-led\/\",\"url\":\"https:\/\/kominki-elektryczne.pl\/blog\/2022\/10\/25\/kominek-elektryczny-w-obudowie-riviera-led\/\",\"name\":\"Kominek elektryczny w obudowie RIVIERA LED - Kominki-Elektryczne.pl\",\"isPartOf\":{\"@id\":\"https:\/\/kominki-elektryczne.pl\/blog\/#website\"},\"primaryImageOfPage\":{\"@id\":\"https:\/\/kominki-elektryczne.pl\/blog\/2022\/10\/25\/kominek-elektryczny-w-obudowie-riviera-led\/#primaryimage\"},\"image\":{\"@id\":\"https:\/\/kominki-elektryczne.pl\/blog\/2022\/10\/25\/kominek-elektryczny-w-obudowie-riviera-led\/#primaryimage\"},\"thumbnailUrl\":\"https:\/\/kominki-elektryczne.pl\/blog\/wp-content\/uploads\/2022\/10\/riviera-2.png\",\"datePublished\":\"2022-10-25T13:26:12+00:00\",\"dateModified\":\"2024-10-08T10:14:44+00:00\",\"breadcrumb\":{\"@id\":\"https:\/\/kominki-elektryczne.pl\/blog\/2022\/10\/25\/kominek-elektryczny-w-obudowie-riviera-led\/#breadcrumb\"},\"inLanguage\":\"pl-PL\",\"potentialAction\":[{\"@type\":\"ReadAction\",\"target\":[\"https:\/\/kominki-elektryczne.pl\/blog\/2022\/10\/25\/kominek-elektryczny-w-obudowie-riviera-led\/\"]}]},{\"@type\":\"ImageObject\",\"inLanguage\":\"pl-PL\",\"@id\":\"https:\/\/kominki-elektryczne.pl\/blog\/2022\/10\/25\/kominek-elektryczny-w-obudowie-riviera-led\/#primaryimage\",\"url\":\"https:\/\/kominki-elektryczne.pl\/blog\/wp-content\/uploads\/2022\/10\/riviera-2.png\",\"contentUrl\":\"https:\/\/kominki-elektryczne.pl\/blog\/wp-content\/uploads\/2022\/10\/riviera-2.png\",\"width\":1011,\"height\":467},{\"@type\":\"BreadcrumbList\",\"@id\":\"https:\/\/kominki-elektryczne.pl\/blog\/2022\/10\/25\/kominek-elektryczny-w-obudowie-riviera-led\/#breadcrumb\",\"itemListElement\":[{\"@type\":\"ListItem\",\"position\":1,\"name\":\"Strona g\u0142\u00f3wna\",\"item\":\"https:\/\/kominki-elektryczne.pl\/blog\/\"},{\"@type\":\"ListItem\",\"position\":2,\"name\":\"Kominek elektryczny w obudowie RIVIERA LED\"}]},{\"@type\":\"WebSite\",\"@id\":\"https:\/\/kominki-elektryczne.pl\/blog\/#website\",\"url\":\"https:\/\/kominki-elektryczne.pl\/blog\/\",\"name\":\"Kominki-Elektryczne.pl\",\"description\":\"Opisy - Porady - Recenzje\",\"publisher\":{\"@id\":\"https:\/\/kominki-elektryczne.pl\/blog\/#organization\"},\"potentialAction\":[{\"@type\":\"SearchAction\",\"target\":{\"@type\":\"EntryPoint\",\"urlTemplate\":\"https:\/\/kominki-elektryczne.pl\/blog\/?s={search_term_string}\"},\"query-input\":{\"@type\":\"PropertyValueSpecification\",\"valueRequired\":true,\"valueName\":\"search_term_string\"}}],\"inLanguage\":\"pl-PL\"},{\"@type\":\"Organization\",\"@id\":\"https:\/\/kominki-elektryczne.pl\/blog\/#organization\",\"name\":\"Kominki-Elektryczne.pl\",\"url\":\"https:\/\/kominki-elektryczne.pl\/blog\/\",\"logo\":{\"@type\":\"ImageObject\",\"inLanguage\":\"pl-PL\",\"@id\":\"https:\/\/kominki-elektryczne.pl\/blog\/#\/schema\/logo\/image\/\",\"url\":\"https:\/\/kominki-elektryczne.pl\/blog\/wp-content\/uploads\/2025\/04\/cropped-LogoAflamo.jpg\",\"contentUrl\":\"https:\/\/kominki-elektryczne.pl\/blog\/wp-content\/uploads\/2025\/04\/cropped-LogoAflamo.jpg\",\"width\":200,\"height\":58,\"caption\":\"Kominki-Elektryczne.pl\"},\"image\":{\"@id\":\"https:\/\/kominki-elektryczne.pl\/blog\/#\/schema\/logo\/image\/\"},\"sameAs\":[\"https:\/\/www.facebook.com\/elektrycznekominki\"]},{\"@type\":\"Person\",\"@id\":\"https:\/\/kominki-elektryczne.pl\/blog\/#\/schema\/person\/045e7544e3e90364f5f82cc509123089\",\"name\":\"Kominkowy\",\"image\":{\"@type\":\"ImageObject\",\"inLanguage\":\"pl-PL\",\"@id\":\"https:\/\/kominki-elektryczne.pl\/blog\/#\/schema\/person\/image\/\",\"url\":\"https:\/\/secure.gravatar.com\/avatar\/8c15720599195e8ba4119df2db28ce7e?s=96&d=mm&r=g\",\"contentUrl\":\"https:\/\/secure.gravatar.com\/avatar\/8c15720599195e8ba4119df2db28ce7e?s=96&d=mm&r=g\",\"caption\":\"Kominkowy\"},\"sameAs\":[\"http:\/\/www.kominki-elektryczne.pl\"],\"url\":\"https:\/\/kominki-elektryczne.pl\/blog\/author\/led-handel\/\"}]}<\/script>\n<!-- \/ Yoast SEO plugin. -->","yoast_head_json":{"title":"Kominek elektryczny w obudowie RIVIERA LED - Kominki-Elektryczne.pl","robots":{"index":"index","follow":"follow","max-snippet":"max-snippet:-1","max-image-preview":"max-image-preview:large","max-video-preview":"max-video-preview:-1"},"canonical":"https:\/\/kominki-elektryczne.pl\/blog\/2022\/10\/25\/kominek-elektryczny-w-obudowie-riviera-led\/","og_locale":"pl_PL","og_type":"article","og_title":"Kominek elektryczny w obudowie RIVIERA LED - Kominki-Elektryczne.pl","og_description":"Dzie\u0144 dobry, Dzisiaj chcieliby\u015bmy przedstawi\u0107 Pa\u0144stwu kominek jakim jest Riviera w obudowie stoj\u0105cej. Ten model kominka pi\u0119knie si\u0119 prezentuje w ka\u017cdym pomieszczeniu. Posiada on rze\u017abiony medalion na froncie kominka kt\u00f3ry idealnie komponuje si\u0119 z blatem i bokami tego modelu. Stworzony jest on z najwy\u017cszej jako\u015bci &hellip;","og_url":"https:\/\/kominki-elektryczne.pl\/blog\/2022\/10\/25\/kominek-elektryczny-w-obudowie-riviera-led\/","og_site_name":"Kominki-Elektryczne.pl","article_publisher":"https:\/\/www.facebook.com\/elektrycznekominki","article_published_time":"2022-10-25T13:26:12+00:00","article_modified_time":"2024-10-08T10:14:44+00:00","og_image":[{"width":1011,"height":467,"url":"https:\/\/kominki-elektryczne.pl\/blog\/wp-content\/uploads\/2022\/10\/riviera-2.png","type":"image\/png"}],"author":"Kominkowy","twitter_card":"summary_large_image","twitter_misc":{"Napisane przez":"Kominkowy","Szacowany czas czytania":"1 minuta"},"schema":{"@context":"https:\/\/schema.org","@graph":[{"@type":"Article","@id":"https:\/\/kominki-elektryczne.pl\/blog\/2022\/10\/25\/kominek-elektryczny-w-obudowie-riviera-led\/#article","isPartOf":{"@id":"https:\/\/kominki-elektryczne.pl\/blog\/2022\/10\/25\/kominek-elektryczny-w-obudowie-riviera-led\/"},"author":{"name":"Kominkowy","@id":"https:\/\/kominki-elektryczne.pl\/blog\/#\/schema\/person\/045e7544e3e90364f5f82cc509123089"},"headline":"Kominek elektryczny w obudowie RIVIERA LED","datePublished":"2022-10-25T13:26:12+00:00","dateModified":"2024-10-08T10:14:44+00:00","mainEntityOfPage":{"@id":"https:\/\/kominki-elektryczne.pl\/blog\/2022\/10\/25\/kominek-elektryczny-w-obudowie-riviera-led\/"},"wordCount":177,"publisher":{"@id":"https:\/\/kominki-elektryczne.pl\/blog\/#organization"},"image":{"@id":"https:\/\/kominki-elektryczne.pl\/blog\/2022\/10\/25\/kominek-elektryczny-w-obudowie-riviera-led\/#primaryimage"},"thumbnailUrl":"https:\/\/kominki-elektryczne.pl\/blog\/wp-content\/uploads\/2022\/10\/riviera-2.png","keywords":["kominek w obudowie"],"inLanguage":"pl-PL"},{"@type":"WebPage","@id":"https:\/\/kominki-elektryczne.pl\/blog\/2022\/10\/25\/kominek-elektryczny-w-obudowie-riviera-led\/","url":"https:\/\/kominki-elektryczne.pl\/blog\/2022\/10\/25\/kominek-elektryczny-w-obudowie-riviera-led\/","name":"Kominek elektryczny w obudowie RIVIERA LED - Kominki-Elektryczne.pl","isPartOf":{"@id":"https:\/\/kominki-elektryczne.pl\/blog\/#website"},"primaryImageOfPage":{"@id":"https:\/\/kominki-elektryczne.pl\/blog\/2022\/10\/25\/kominek-elektryczny-w-obudowie-riviera-led\/#primaryimage"},"image":{"@id":"https:\/\/kominki-elektryczne.pl\/blog\/2022\/10\/25\/kominek-elektryczny-w-obudowie-riviera-led\/#primaryimage"},"thumbnailUrl":"https:\/\/kominki-elektryczne.pl\/blog\/wp-content\/uploads\/2022\/10\/riviera-2.png","datePublished":"2022-10-25T13:26:12+00:00","dateModified":"2024-10-08T10:14:44+00:00","breadcrumb":{"@id":"https:\/\/kominki-elektryczne.pl\/blog\/2022\/10\/25\/kominek-elektryczny-w-obudowie-riviera-led\/#breadcrumb"},"inLanguage":"pl-PL","potentialAction":[{"@type":"ReadAction","target":["https:\/\/kominki-elektryczne.pl\/blog\/2022\/10\/25\/kominek-elektryczny-w-obudowie-riviera-led\/"]}]},{"@type":"ImageObject","inLanguage":"pl-PL","@id":"https:\/\/kominki-elektryczne.pl\/blog\/2022\/10\/25\/kominek-elektryczny-w-obudowie-riviera-led\/#primaryimage","url":"https:\/\/kominki-elektryczne.pl\/blog\/wp-content\/uploads\/2022\/10\/riviera-2.png","contentUrl":"https:\/\/kominki-elektryczne.pl\/blog\/wp-content\/uploads\/2022\/10\/riviera-2.png","width":1011,"height":467},{"@type":"BreadcrumbList","@id":"https:\/\/kominki-elektryczne.pl\/blog\/2022\/10\/25\/kominek-elektryczny-w-obudowie-riviera-led\/#breadcrumb","itemListElement":[{"@type":"ListItem","position":1,"name":"Strona g\u0142\u00f3wna","item":"https:\/\/kominki-elektryczne.pl\/blog\/"},{"@type":"ListItem","position":2,"name":"Kominek elektryczny w obudowie RIVIERA LED"}]},{"@type":"WebSite","@id":"https:\/\/kominki-elektryczne.pl\/blog\/#website","url":"https:\/\/kominki-elektryczne.pl\/blog\/","name":"Kominki-Elektryczne.pl","description":"Opisy - Porady - Recenzje","publisher":{"@id":"https:\/\/kominki-elektryczne.pl\/blog\/#organization"},"potentialAction":[{"@type":"SearchAction","target":{"@type":"EntryPoint","urlTemplate":"https:\/\/kominki-elektryczne.pl\/blog\/?s={search_term_string}"},"query-input":{"@type":"PropertyValueSpecification","valueRequired":true,"valueName":"search_term_string"}}],"inLanguage":"pl-PL"},{"@type":"Organization","@id":"https:\/\/kominki-elektryczne.pl\/blog\/#organization","name":"Kominki-Elektryczne.pl","url":"https:\/\/kominki-elektryczne.pl\/blog\/","logo":{"@type":"ImageObject","inLanguage":"pl-PL","@id":"https:\/\/kominki-elektryczne.pl\/blog\/#\/schema\/logo\/image\/","url":"https:\/\/kominki-elektryczne.pl\/blog\/wp-content\/uploads\/2025\/04\/cropped-LogoAflamo.jpg","contentUrl":"https:\/\/kominki-elektryczne.pl\/blog\/wp-content\/uploads\/2025\/04\/cropped-LogoAflamo.jpg","width":200,"height":58,"caption":"Kominki-Elektryczne.pl"},"image":{"@id":"https:\/\/kominki-elektryczne.pl\/blog\/#\/schema\/logo\/image\/"},"sameAs":["https:\/\/www.facebook.com\/elektrycznekominki"]},{"@type":"Person","@id":"https:\/\/kominki-elektryczne.pl\/blog\/#\/schema\/person\/045e7544e3e90364f5f82cc509123089","name":"Kominkowy","image":{"@type":"ImageObject","inLanguage":"pl-PL","@id":"https:\/\/kominki-elektryczne.pl\/blog\/#\/schema\/person\/image\/","url":"https:\/\/secure.gravatar.com\/avatar\/8c15720599195e8ba4119df2db28ce7e?s=96&d=mm&r=g","contentUrl":"https:\/\/secure.gravatar.com\/avatar\/8c15720599195e8ba4119df2db28ce7e?s=96&d=mm&r=g","caption":"Kominkowy"},"sameAs":["http:\/\/www.kominki-elektryczne.pl"],"url":"https:\/\/kominki-elektryczne.pl\/blog\/author\/led-handel\/"}]}},"_links":{"self":[{"href":"https:\/\/kominki-elektryczne.pl\/blog\/wp-json\/wp\/v2\/posts\/660","targetHints":{"allow":["GET"]}}],"collection":[{"href":"https:\/\/kominki-elektryczne.pl\/blog\/wp-json\/wp\/v2\/posts"}],"about":[{"href":"https:\/\/kominki-elektryczne.pl\/blog\/wp-json\/wp\/v2\/types\/post"}],"author":[{"embeddable":true,"href":"https:\/\/kominki-elektryczne.pl\/blog\/wp-json\/wp\/v2\/users\/1"}],"replies":[{"embeddable":true,"href":"https:\/\/kominki-elektryczne.pl\/blog\/wp-json\/wp\/v2\/comments?post=660"}],"version-history":[{"count":1,"href":"https:\/\/kominki-elektryczne.pl\/blog\/wp-json\/wp\/v2\/posts\/660\/revisions"}],"predecessor-version":[{"id":663,"href":"https:\/\/kominki-elektryczne.pl\/blog\/wp-json\/wp\/v2\/posts\/660\/revisions\/663"}],"wp:attachment":[{"href":"https:\/\/kominki-elektryczne.pl\/blog\/wp-json\/wp\/v2\/media?parent=660"}],"wp:term":[{"taxonomy":"category","embeddable":true,"href":"https:\/\/kominki-elektryczne.pl\/blog\/wp-json\/wp\/v2\/categories?post=660"},{"taxonomy":"post_tag","embeddable":true,"href":"https:\/\/kominki-elektryczne.pl\/blog\/wp-json\/wp\/v2\/tags?post=660"}],"curies":[{"name":"wp","href":"https:\/\/api.w.org\/{rel}","templated":true}]}}