{"id":665,"date":"2022-11-15T11:29:24","date_gmt":"2022-11-15T10:29:24","guid":{"rendered":"https:\/\/kominki-elektryczne.pl\/blog\/?p=665"},"modified":"2024-10-08T12:14:44","modified_gmt":"2024-10-08T10:14:44","slug":"kominek-elektryczny-superb-trojscienny-kominek","status":"publish","type":"post","link":"https:\/\/kominki-elektryczne.pl\/blog\/2022\/11\/15\/kominek-elektryczny-superb-trojscienny-kominek\/","title":{"rendered":"Kominek elektryczny Superb &#8211; tr\u00f3j\u015bcienny kominek"},"content":{"rendered":"\n<p>Witam serdecznie,<\/p>\n\n\n\n<p>dzisiaj chcieliby\u015bmy przedstawi\u0107 Pa\u0144stwu kominek elektryczny LED SuperB. Styl tego kominka jest bardzo nowoczesny.<br>Dzi\u0119ki temu, \u017ce posiada on du\u017c\u0105 przestrze\u0144 i specjalne \u015bwiat\u0142o LED kt\u00f3re \u015bwieci od g\u00f3ry, efekt jego jest osza\u0142amiaj\u0105cy.<br>P\u0142omie\u0144 wygl\u0105da bardzo naturalnie a dzi\u0119ki szybom kt\u00f3re znajduj\u0105 si\u0119 po bokach kominka wygl\u0105da jak \u017cywy ogie\u0144.<\/p>\n\n\n\n<p>Ten kominek wyst\u0119puje w paru rozmiarach od 84 cm do rozmiaru 152 cm. W zestawie s\u0105 wymienne paleniska, wi\u0119c mo\u017cna wybra\u0107 sobie jaki ma by\u0107 wygl\u0105d kominka lub po\u0142\u0105czy\u0107 ze sob\u0105 wszystkie paleniska. W zestawie s\u0105 tak\u017ce specjalne za\u015blepki kt\u00f3re mo\u017cna u\u017cy\u0107 na jego boczne szyby aby ustawi\u0107 sobie kominek przy \u015bcianie w rogu czy gdziekolwiek chcemy.  <\/p>\n\n\n\n<p>P\u0142omie\u0144 posiada pi\u0119\u0107 kolor\u00f3w i 5 kolor\u00f3w pod\u015bwietlenia paleniska. <\/p>\n\n\n\n<p>Model Superb jest to kominek typowo do zabudowy, mo\u017cna go \u015bwietnie zaaran\u017cowa\u0107 tak by wygl\u0105da\u0142 jak prawdziwy ekskluzywny kominek<\/p>\n\n\n\n<figure class=\"wp-block-image size-large\"><img loading=\"lazy\" decoding=\"async\" width=\"1024\" height=\"724\" src=\"https:\/\/kominki-elektryczne.pl\/blog\/wp-content\/uploads\/2022\/11\/superb-50-4-1024x724.jpg\" alt=\"\" class=\"wp-image-666\" srcset=\"https:\/\/kominki-elektryczne.pl\/blog\/wp-content\/uploads\/2022\/11\/superb-50-4-1024x724.jpg 1024w, https:\/\/kominki-elektryczne.pl\/blog\/wp-content\/uploads\/2022\/11\/superb-50-4-300x212.jpg 300w, https:\/\/kominki-elektryczne.pl\/blog\/wp-content\/uploads\/2022\/11\/superb-50-4-768x543.jpg 768w, https:\/\/kominki-elektryczne.pl\/blog\/wp-content\/uploads\/2022\/11\/superb-50-4-1536x1086.jpg 1536w, https:\/\/kominki-elektryczne.pl\/blog\/wp-content\/uploads\/2022\/11\/superb-50-4.jpg 2048w\" sizes=\"auto, (max-width: 1024px) 100vw, 1024px\" \/><figcaption>Kominek elektryczny Superb <\/figcaption><\/figure>\n\n\n\n<p>Poni\u017cej przedstawiamy film na kt\u00f3rym jest on pokazany w swojej ca\u0142ej okaza\u0142o\u015bci razem z efektem p\u0142omienia:<\/p>\n\n\n\n<figure class=\"wp-block-embed is-type-video is-provider-youtube wp-block-embed-youtube wp-embed-aspect-16-9 wp-has-aspect-ratio\"><div class=\"wp-block-embed__wrapper\">\n<iframe loading=\"lazy\" title=\"AFLAMO - Superb - kominek elektryczny\" width=\"840\" height=\"473\" src=\"https:\/\/www.youtube.com\/embed\/-60M7hiGr3g?feature=oembed\" frameborder=\"0\" allow=\"accelerometer; autoplay; clipboard-write; encrypted-media; gyroscope; picture-in-picture; web-share\" referrerpolicy=\"strict-origin-when-cross-origin\" allowfullscreen><\/iframe>\n<\/div><figcaption>Kominek SuperB<\/figcaption><\/figure>\n\n\n\n<p>Po wi\u0119cej informacji zapraszamy na nasz\u0105 stron\u0119:<\/p>\n\n\n\n<p><a href=\"https:\/\/www.kominki-elektryczne.pl\/pl\/szukaj?controller=search&amp;s=superb\" target=\"_blank\" rel=\"noreferrer noopener\">www.kominki-elektryczne.pl<\/a><\/p>\n","protected":false},"excerpt":{"rendered":"<p>Witam serdecznie, dzisiaj chcieliby\u015bmy przedstawi\u0107 Pa\u0144stwu kominek elektryczny LED SuperB. Styl tego kominka jest bardzo nowoczesny.Dzi\u0119ki temu, \u017ce posiada on du\u017c\u0105 przestrze\u0144 i specjalne \u015bwiat\u0142o LED kt\u00f3re \u015bwieci od g\u00f3ry, efekt jego jest osza\u0142amiaj\u0105cy.P\u0142omie\u0144 wygl\u0105da bardzo naturalnie a dzi\u0119ki szybom kt\u00f3re znajduj\u0105 si\u0119 po bokach &hellip; <\/p>\n","protected":false},"author":1,"featured_media":0,"comment_status":"closed","ping_status":"closed","sticky":false,"template":"","format":"standard","meta":{"footnotes":""},"categories":[1],"tags":[15,18,288,289],"class_list":["post-665","post","type-post","status-publish","format-standard","hentry","category-bez-kategorii","tag-kominek","tag-kominek-do-zabudowy","tag-kominek-superb","tag-superb"],"yoast_head":"<!-- This site is optimized with the Yoast SEO plugin v25.7 - https:\/\/yoast.com\/wordpress\/plugins\/seo\/ -->\n<title>Kominek elektryczny Superb - tr\u00f3j\u015bcienny kominek - Kominki-Elektryczne.pl<\/title>\n<meta name=\"robots\" content=\"index, follow, max-snippet:-1, max-image-preview:large, max-video-preview:-1\" \/>\n<link rel=\"canonical\" href=\"https:\/\/kominki-elektryczne.pl\/blog\/2022\/11\/15\/kominek-elektryczny-superb-trojscienny-kominek\/\" \/>\n<meta property=\"og:locale\" content=\"pl_PL\" \/>\n<meta property=\"og:type\" content=\"article\" \/>\n<meta property=\"og:title\" content=\"Kominek elektryczny Superb - tr\u00f3j\u015bcienny kominek - Kominki-Elektryczne.pl\" \/>\n<meta property=\"og:description\" content=\"Witam serdecznie, dzisiaj chcieliby\u015bmy przedstawi\u0107 Pa\u0144stwu kominek elektryczny LED SuperB. Styl tego kominka jest bardzo nowoczesny.Dzi\u0119ki temu, \u017ce posiada on du\u017c\u0105 przestrze\u0144 i specjalne \u015bwiat\u0142o LED kt\u00f3re \u015bwieci od g\u00f3ry, efekt jego jest osza\u0142amiaj\u0105cy.P\u0142omie\u0144 wygl\u0105da bardzo naturalnie a dzi\u0119ki szybom kt\u00f3re znajduj\u0105 si\u0119 po bokach &hellip;\" \/>\n<meta property=\"og:url\" content=\"https:\/\/kominki-elektryczne.pl\/blog\/2022\/11\/15\/kominek-elektryczny-superb-trojscienny-kominek\/\" \/>\n<meta property=\"og:site_name\" content=\"Kominki-Elektryczne.pl\" \/>\n<meta property=\"article:publisher\" content=\"https:\/\/www.facebook.com\/elektrycznekominki\" \/>\n<meta property=\"article:published_time\" content=\"2022-11-15T10:29:24+00:00\" \/>\n<meta property=\"article:modified_time\" content=\"2024-10-08T10:14:44+00:00\" \/>\n<meta property=\"og:image\" content=\"https:\/\/kominki-elektryczne.pl\/blog\/wp-content\/uploads\/2022\/11\/superb-50-4.jpg\" \/>\n\t<meta property=\"og:image:width\" content=\"2048\" \/>\n\t<meta property=\"og:image:height\" content=\"1448\" \/>\n\t<meta property=\"og:image:type\" content=\"image\/jpeg\" \/>\n<meta name=\"author\" content=\"Kominkowy\" \/>\n<meta name=\"twitter:card\" content=\"summary_large_image\" \/>\n<meta name=\"twitter:label1\" content=\"Napisane przez\" \/>\n\t<meta name=\"twitter:data1\" content=\"Kominkowy\" \/>\n\t<meta name=\"twitter:label2\" content=\"Szacowany czas czytania\" \/>\n\t<meta name=\"twitter:data2\" content=\"1 minuta\" \/>\n<script type=\"application\/ld+json\" class=\"yoast-schema-graph\">{\"@context\":\"https:\/\/schema.org\",\"@graph\":[{\"@type\":\"Article\",\"@id\":\"https:\/\/kominki-elektryczne.pl\/blog\/2022\/11\/15\/kominek-elektryczny-superb-trojscienny-kominek\/#article\",\"isPartOf\":{\"@id\":\"https:\/\/kominki-elektryczne.pl\/blog\/2022\/11\/15\/kominek-elektryczny-superb-trojscienny-kominek\/\"},\"author\":{\"name\":\"Kominkowy\",\"@id\":\"https:\/\/kominki-elektryczne.pl\/blog\/#\/schema\/person\/045e7544e3e90364f5f82cc509123089\"},\"headline\":\"Kominek elektryczny Superb &#8211; tr\u00f3j\u015bcienny kominek\",\"datePublished\":\"2022-11-15T10:29:24+00:00\",\"dateModified\":\"2024-10-08T10:14:44+00:00\",\"mainEntityOfPage\":{\"@id\":\"https:\/\/kominki-elektryczne.pl\/blog\/2022\/11\/15\/kominek-elektryczny-superb-trojscienny-kominek\/\"},\"wordCount\":217,\"publisher\":{\"@id\":\"https:\/\/kominki-elektryczne.pl\/blog\/#organization\"},\"image\":{\"@id\":\"https:\/\/kominki-elektryczne.pl\/blog\/2022\/11\/15\/kominek-elektryczny-superb-trojscienny-kominek\/#primaryimage\"},\"thumbnailUrl\":\"https:\/\/kominki-elektryczne.pl\/blog\/wp-content\/uploads\/2022\/11\/superb-50-4-1024x724.jpg\",\"keywords\":[\"kominek\",\"kominek do zabudowy\",\"kominek superb\",\"superb\"],\"inLanguage\":\"pl-PL\"},{\"@type\":\"WebPage\",\"@id\":\"https:\/\/kominki-elektryczne.pl\/blog\/2022\/11\/15\/kominek-elektryczny-superb-trojscienny-kominek\/\",\"url\":\"https:\/\/kominki-elektryczne.pl\/blog\/2022\/11\/15\/kominek-elektryczny-superb-trojscienny-kominek\/\",\"name\":\"Kominek elektryczny Superb - tr\u00f3j\u015bcienny kominek - Kominki-Elektryczne.pl\",\"isPartOf\":{\"@id\":\"https:\/\/kominki-elektryczne.pl\/blog\/#website\"},\"primaryImageOfPage\":{\"@id\":\"https:\/\/kominki-elektryczne.pl\/blog\/2022\/11\/15\/kominek-elektryczny-superb-trojscienny-kominek\/#primaryimage\"},\"image\":{\"@id\":\"https:\/\/kominki-elektryczne.pl\/blog\/2022\/11\/15\/kominek-elektryczny-superb-trojscienny-kominek\/#primaryimage\"},\"thumbnailUrl\":\"https:\/\/kominki-elektryczne.pl\/blog\/wp-content\/uploads\/2022\/11\/superb-50-4-1024x724.jpg\",\"datePublished\":\"2022-11-15T10:29:24+00:00\",\"dateModified\":\"2024-10-08T10:14:44+00:00\",\"breadcrumb\":{\"@id\":\"https:\/\/kominki-elektryczne.pl\/blog\/2022\/11\/15\/kominek-elektryczny-superb-trojscienny-kominek\/#breadcrumb\"},\"inLanguage\":\"pl-PL\",\"potentialAction\":[{\"@type\":\"ReadAction\",\"target\":[\"https:\/\/kominki-elektryczne.pl\/blog\/2022\/11\/15\/kominek-elektryczny-superb-trojscienny-kominek\/\"]}]},{\"@type\":\"ImageObject\",\"inLanguage\":\"pl-PL\",\"@id\":\"https:\/\/kominki-elektryczne.pl\/blog\/2022\/11\/15\/kominek-elektryczny-superb-trojscienny-kominek\/#primaryimage\",\"url\":\"https:\/\/kominki-elektryczne.pl\/blog\/wp-content\/uploads\/2022\/11\/superb-50-4.jpg\",\"contentUrl\":\"https:\/\/kominki-elektryczne.pl\/blog\/wp-content\/uploads\/2022\/11\/superb-50-4.jpg\",\"width\":2048,\"height\":1448},{\"@type\":\"BreadcrumbList\",\"@id\":\"https:\/\/kominki-elektryczne.pl\/blog\/2022\/11\/15\/kominek-elektryczny-superb-trojscienny-kominek\/#breadcrumb\",\"itemListElement\":[{\"@type\":\"ListItem\",\"position\":1,\"name\":\"Strona g\u0142\u00f3wna\",\"item\":\"https:\/\/kominki-elektryczne.pl\/blog\/\"},{\"@type\":\"ListItem\",\"position\":2,\"name\":\"Kominek elektryczny Superb &#8211; tr\u00f3j\u015bcienny kominek\"}]},{\"@type\":\"WebSite\",\"@id\":\"https:\/\/kominki-elektryczne.pl\/blog\/#website\",\"url\":\"https:\/\/kominki-elektryczne.pl\/blog\/\",\"name\":\"Kominki-Elektryczne.pl\",\"description\":\"Opisy - Porady - Recenzje\",\"publisher\":{\"@id\":\"https:\/\/kominki-elektryczne.pl\/blog\/#organization\"},\"potentialAction\":[{\"@type\":\"SearchAction\",\"target\":{\"@type\":\"EntryPoint\",\"urlTemplate\":\"https:\/\/kominki-elektryczne.pl\/blog\/?s={search_term_string}\"},\"query-input\":{\"@type\":\"PropertyValueSpecification\",\"valueRequired\":true,\"valueName\":\"search_term_string\"}}],\"inLanguage\":\"pl-PL\"},{\"@type\":\"Organization\",\"@id\":\"https:\/\/kominki-elektryczne.pl\/blog\/#organization\",\"name\":\"Kominki-Elektryczne.pl\",\"url\":\"https:\/\/kominki-elektryczne.pl\/blog\/\",\"logo\":{\"@type\":\"ImageObject\",\"inLanguage\":\"pl-PL\",\"@id\":\"https:\/\/kominki-elektryczne.pl\/blog\/#\/schema\/logo\/image\/\",\"url\":\"https:\/\/kominki-elektryczne.pl\/blog\/wp-content\/uploads\/2025\/04\/cropped-LogoAflamo.jpg\",\"contentUrl\":\"https:\/\/kominki-elektryczne.pl\/blog\/wp-content\/uploads\/2025\/04\/cropped-LogoAflamo.jpg\",\"width\":200,\"height\":58,\"caption\":\"Kominki-Elektryczne.pl\"},\"image\":{\"@id\":\"https:\/\/kominki-elektryczne.pl\/blog\/#\/schema\/logo\/image\/\"},\"sameAs\":[\"https:\/\/www.facebook.com\/elektrycznekominki\"]},{\"@type\":\"Person\",\"@id\":\"https:\/\/kominki-elektryczne.pl\/blog\/#\/schema\/person\/045e7544e3e90364f5f82cc509123089\",\"name\":\"Kominkowy\",\"image\":{\"@type\":\"ImageObject\",\"inLanguage\":\"pl-PL\",\"@id\":\"https:\/\/kominki-elektryczne.pl\/blog\/#\/schema\/person\/image\/\",\"url\":\"https:\/\/secure.gravatar.com\/avatar\/8c15720599195e8ba4119df2db28ce7e?s=96&d=mm&r=g\",\"contentUrl\":\"https:\/\/secure.gravatar.com\/avatar\/8c15720599195e8ba4119df2db28ce7e?s=96&d=mm&r=g\",\"caption\":\"Kominkowy\"},\"sameAs\":[\"http:\/\/www.kominki-elektryczne.pl\"],\"url\":\"https:\/\/kominki-elektryczne.pl\/blog\/author\/led-handel\/\"}]}<\/script>\n<!-- \/ Yoast SEO plugin. -->","yoast_head_json":{"title":"Kominek elektryczny Superb - tr\u00f3j\u015bcienny kominek - Kominki-Elektryczne.pl","robots":{"index":"index","follow":"follow","max-snippet":"max-snippet:-1","max-image-preview":"max-image-preview:large","max-video-preview":"max-video-preview:-1"},"canonical":"https:\/\/kominki-elektryczne.pl\/blog\/2022\/11\/15\/kominek-elektryczny-superb-trojscienny-kominek\/","og_locale":"pl_PL","og_type":"article","og_title":"Kominek elektryczny Superb - tr\u00f3j\u015bcienny kominek - Kominki-Elektryczne.pl","og_description":"Witam serdecznie, dzisiaj chcieliby\u015bmy przedstawi\u0107 Pa\u0144stwu kominek elektryczny LED SuperB. Styl tego kominka jest bardzo nowoczesny.Dzi\u0119ki temu, \u017ce posiada on du\u017c\u0105 przestrze\u0144 i specjalne \u015bwiat\u0142o LED kt\u00f3re \u015bwieci od g\u00f3ry, efekt jego jest osza\u0142amiaj\u0105cy.P\u0142omie\u0144 wygl\u0105da bardzo naturalnie a dzi\u0119ki szybom kt\u00f3re znajduj\u0105 si\u0119 po bokach &hellip;","og_url":"https:\/\/kominki-elektryczne.pl\/blog\/2022\/11\/15\/kominek-elektryczny-superb-trojscienny-kominek\/","og_site_name":"Kominki-Elektryczne.pl","article_publisher":"https:\/\/www.facebook.com\/elektrycznekominki","article_published_time":"2022-11-15T10:29:24+00:00","article_modified_time":"2024-10-08T10:14:44+00:00","og_image":[{"width":2048,"height":1448,"url":"https:\/\/kominki-elektryczne.pl\/blog\/wp-content\/uploads\/2022\/11\/superb-50-4.jpg","type":"image\/jpeg"}],"author":"Kominkowy","twitter_card":"summary_large_image","twitter_misc":{"Napisane przez":"Kominkowy","Szacowany czas czytania":"1 minuta"},"schema":{"@context":"https:\/\/schema.org","@graph":[{"@type":"Article","@id":"https:\/\/kominki-elektryczne.pl\/blog\/2022\/11\/15\/kominek-elektryczny-superb-trojscienny-kominek\/#article","isPartOf":{"@id":"https:\/\/kominki-elektryczne.pl\/blog\/2022\/11\/15\/kominek-elektryczny-superb-trojscienny-kominek\/"},"author":{"name":"Kominkowy","@id":"https:\/\/kominki-elektryczne.pl\/blog\/#\/schema\/person\/045e7544e3e90364f5f82cc509123089"},"headline":"Kominek elektryczny Superb &#8211; tr\u00f3j\u015bcienny kominek","datePublished":"2022-11-15T10:29:24+00:00","dateModified":"2024-10-08T10:14:44+00:00","mainEntityOfPage":{"@id":"https:\/\/kominki-elektryczne.pl\/blog\/2022\/11\/15\/kominek-elektryczny-superb-trojscienny-kominek\/"},"wordCount":217,"publisher":{"@id":"https:\/\/kominki-elektryczne.pl\/blog\/#organization"},"image":{"@id":"https:\/\/kominki-elektryczne.pl\/blog\/2022\/11\/15\/kominek-elektryczny-superb-trojscienny-kominek\/#primaryimage"},"thumbnailUrl":"https:\/\/kominki-elektryczne.pl\/blog\/wp-content\/uploads\/2022\/11\/superb-50-4-1024x724.jpg","keywords":["kominek","kominek do zabudowy","kominek superb","superb"],"inLanguage":"pl-PL"},{"@type":"WebPage","@id":"https:\/\/kominki-elektryczne.pl\/blog\/2022\/11\/15\/kominek-elektryczny-superb-trojscienny-kominek\/","url":"https:\/\/kominki-elektryczne.pl\/blog\/2022\/11\/15\/kominek-elektryczny-superb-trojscienny-kominek\/","name":"Kominek elektryczny Superb - tr\u00f3j\u015bcienny kominek - Kominki-Elektryczne.pl","isPartOf":{"@id":"https:\/\/kominki-elektryczne.pl\/blog\/#website"},"primaryImageOfPage":{"@id":"https:\/\/kominki-elektryczne.pl\/blog\/2022\/11\/15\/kominek-elektryczny-superb-trojscienny-kominek\/#primaryimage"},"image":{"@id":"https:\/\/kominki-elektryczne.pl\/blog\/2022\/11\/15\/kominek-elektryczny-superb-trojscienny-kominek\/#primaryimage"},"thumbnailUrl":"https:\/\/kominki-elektryczne.pl\/blog\/wp-content\/uploads\/2022\/11\/superb-50-4-1024x724.jpg","datePublished":"2022-11-15T10:29:24+00:00","dateModified":"2024-10-08T10:14:44+00:00","breadcrumb":{"@id":"https:\/\/kominki-elektryczne.pl\/blog\/2022\/11\/15\/kominek-elektryczny-superb-trojscienny-kominek\/#breadcrumb"},"inLanguage":"pl-PL","potentialAction":[{"@type":"ReadAction","target":["https:\/\/kominki-elektryczne.pl\/blog\/2022\/11\/15\/kominek-elektryczny-superb-trojscienny-kominek\/"]}]},{"@type":"ImageObject","inLanguage":"pl-PL","@id":"https:\/\/kominki-elektryczne.pl\/blog\/2022\/11\/15\/kominek-elektryczny-superb-trojscienny-kominek\/#primaryimage","url":"https:\/\/kominki-elektryczne.pl\/blog\/wp-content\/uploads\/2022\/11\/superb-50-4.jpg","contentUrl":"https:\/\/kominki-elektryczne.pl\/blog\/wp-content\/uploads\/2022\/11\/superb-50-4.jpg","width":2048,"height":1448},{"@type":"BreadcrumbList","@id":"https:\/\/kominki-elektryczne.pl\/blog\/2022\/11\/15\/kominek-elektryczny-superb-trojscienny-kominek\/#breadcrumb","itemListElement":[{"@type":"ListItem","position":1,"name":"Strona g\u0142\u00f3wna","item":"https:\/\/kominki-elektryczne.pl\/blog\/"},{"@type":"ListItem","position":2,"name":"Kominek elektryczny Superb &#8211; tr\u00f3j\u015bcienny kominek"}]},{"@type":"WebSite","@id":"https:\/\/kominki-elektryczne.pl\/blog\/#website","url":"https:\/\/kominki-elektryczne.pl\/blog\/","name":"Kominki-Elektryczne.pl","description":"Opisy - Porady - Recenzje","publisher":{"@id":"https:\/\/kominki-elektryczne.pl\/blog\/#organization"},"potentialAction":[{"@type":"SearchAction","target":{"@type":"EntryPoint","urlTemplate":"https:\/\/kominki-elektryczne.pl\/blog\/?s={search_term_string}"},"query-input":{"@type":"PropertyValueSpecification","valueRequired":true,"valueName":"search_term_string"}}],"inLanguage":"pl-PL"},{"@type":"Organization","@id":"https:\/\/kominki-elektryczne.pl\/blog\/#organization","name":"Kominki-Elektryczne.pl","url":"https:\/\/kominki-elektryczne.pl\/blog\/","logo":{"@type":"ImageObject","inLanguage":"pl-PL","@id":"https:\/\/kominki-elektryczne.pl\/blog\/#\/schema\/logo\/image\/","url":"https:\/\/kominki-elektryczne.pl\/blog\/wp-content\/uploads\/2025\/04\/cropped-LogoAflamo.jpg","contentUrl":"https:\/\/kominki-elektryczne.pl\/blog\/wp-content\/uploads\/2025\/04\/cropped-LogoAflamo.jpg","width":200,"height":58,"caption":"Kominki-Elektryczne.pl"},"image":{"@id":"https:\/\/kominki-elektryczne.pl\/blog\/#\/schema\/logo\/image\/"},"sameAs":["https:\/\/www.facebook.com\/elektrycznekominki"]},{"@type":"Person","@id":"https:\/\/kominki-elektryczne.pl\/blog\/#\/schema\/person\/045e7544e3e90364f5f82cc509123089","name":"Kominkowy","image":{"@type":"ImageObject","inLanguage":"pl-PL","@id":"https:\/\/kominki-elektryczne.pl\/blog\/#\/schema\/person\/image\/","url":"https:\/\/secure.gravatar.com\/avatar\/8c15720599195e8ba4119df2db28ce7e?s=96&d=mm&r=g","contentUrl":"https:\/\/secure.gravatar.com\/avatar\/8c15720599195e8ba4119df2db28ce7e?s=96&d=mm&r=g","caption":"Kominkowy"},"sameAs":["http:\/\/www.kominki-elektryczne.pl"],"url":"https:\/\/kominki-elektryczne.pl\/blog\/author\/led-handel\/"}]}},"_links":{"self":[{"href":"https:\/\/kominki-elektryczne.pl\/blog\/wp-json\/wp\/v2\/posts\/665","targetHints":{"allow":["GET"]}}],"collection":[{"href":"https:\/\/kominki-elektryczne.pl\/blog\/wp-json\/wp\/v2\/posts"}],"about":[{"href":"https:\/\/kominki-elektryczne.pl\/blog\/wp-json\/wp\/v2\/types\/post"}],"author":[{"embeddable":true,"href":"https:\/\/kominki-elektryczne.pl\/blog\/wp-json\/wp\/v2\/users\/1"}],"replies":[{"embeddable":true,"href":"https:\/\/kominki-elektryczne.pl\/blog\/wp-json\/wp\/v2\/comments?post=665"}],"version-history":[{"count":1,"href":"https:\/\/kominki-elektryczne.pl\/blog\/wp-json\/wp\/v2\/posts\/665\/revisions"}],"predecessor-version":[{"id":667,"href":"https:\/\/kominki-elektryczne.pl\/blog\/wp-json\/wp\/v2\/posts\/665\/revisions\/667"}],"wp:attachment":[{"href":"https:\/\/kominki-elektryczne.pl\/blog\/wp-json\/wp\/v2\/media?parent=665"}],"wp:term":[{"taxonomy":"category","embeddable":true,"href":"https:\/\/kominki-elektryczne.pl\/blog\/wp-json\/wp\/v2\/categories?post=665"},{"taxonomy":"post_tag","embeddable":true,"href":"https:\/\/kominki-elektryczne.pl\/blog\/wp-json\/wp\/v2\/tags?post=665"}],"curies":[{"name":"wp","href":"https:\/\/api.w.org\/{rel}","templated":true}]}}