{"id":675,"date":"2022-12-15T11:12:40","date_gmt":"2022-12-15T10:12:40","guid":{"rendered":"https:\/\/kominki-elektryczne.pl\/blog\/?p=675"},"modified":"2024-10-08T12:14:44","modified_gmt":"2024-10-08T10:14:44","slug":"przedswiateczny-czas-a-realizacja-zamowien-kominkow","status":"publish","type":"post","link":"https:\/\/kominki-elektryczne.pl\/blog\/2022\/12\/15\/przedswiateczny-czas-a-realizacja-zamowien-kominkow\/","title":{"rendered":"Przed\u015bwi\u0105teczny czas, a realizacja zam\u00f3wie\u0144 komink\u00f3w"},"content":{"rendered":"\n<p>Dzie\u0144 dobry, <\/p>\n\n\n\n<p>czas przed\u015bwi\u0105teczny jest dla bardzo ale to bardzo intensywny. <br>Mamy bardzo du\u017c\u0105 ilo\u015b\u0107 zam\u00f3wie\u0144 a co za tym idzie bardzo du\u017co wysy\u0142ek.<br>Je\u017celi zwlekasz z zam\u00f3wieniem kominka elektrycznego to zam\u00f3w najlepiej kominek ju\u017c dzisiaj!<\/p>\n\n\n\n<p>Gwarantujemy dostaw\u0119 przed \u015bwi\u0119tami dla zam\u00f3wie\u0144 kt\u00f3re wpadn\u0105 nam do przysz\u0142ego wtorku!<\/p>\n\n\n\n<p>Zapraszamy na nasz\u0105 stron\u0119 <a href=\"http:\/\/www.kominki-elektryczne.pl\" target=\"_blank\" rel=\"noreferrer noopener\">www.kominki-elektryczne.pl <\/a><\/p>\n\n\n\n<p>Zam\u00f3w wymarzony kominek ju\u017c dzi\u015b!<\/p>\n","protected":false},"excerpt":{"rendered":"<p>Dzie\u0144 dobry, czas przed\u015bwi\u0105teczny jest dla bardzo ale to bardzo intensywny. Mamy bardzo du\u017c\u0105 ilo\u015b\u0107 zam\u00f3wie\u0144 a co za tym idzie bardzo du\u017co wysy\u0142ek.Je\u017celi zwlekasz z zam\u00f3wieniem kominka elektrycznego to zam\u00f3w najlepiej kominek ju\u017c dzisiaj! Gwarantujemy dostaw\u0119 przed \u015bwi\u0119tami dla zam\u00f3wie\u0144 kt\u00f3re wpadn\u0105 nam do &hellip; <\/p>\n","protected":false},"author":1,"featured_media":0,"comment_status":"closed","ping_status":"closed","sticky":false,"template":"","format":"standard","meta":{"footnotes":""},"categories":[1],"tags":[],"class_list":["post-675","post","type-post","status-publish","format-standard","hentry","category-bez-kategorii"],"yoast_head":"<!-- This site is optimized with the Yoast SEO plugin v25.7 - https:\/\/yoast.com\/wordpress\/plugins\/seo\/ -->\n<title>Przed\u015bwi\u0105teczny czas, a realizacja zam\u00f3wie\u0144 komink\u00f3w - Kominki-Elektryczne.pl<\/title>\n<meta name=\"robots\" content=\"index, follow, max-snippet:-1, max-image-preview:large, max-video-preview:-1\" \/>\n<link rel=\"canonical\" href=\"https:\/\/kominki-elektryczne.pl\/blog\/2022\/12\/15\/przedswiateczny-czas-a-realizacja-zamowien-kominkow\/\" \/>\n<meta property=\"og:locale\" content=\"pl_PL\" \/>\n<meta property=\"og:type\" content=\"article\" \/>\n<meta property=\"og:title\" content=\"Przed\u015bwi\u0105teczny czas, a realizacja zam\u00f3wie\u0144 komink\u00f3w - Kominki-Elektryczne.pl\" \/>\n<meta property=\"og:description\" content=\"Dzie\u0144 dobry, czas przed\u015bwi\u0105teczny jest dla bardzo ale to bardzo intensywny. Mamy bardzo du\u017c\u0105 ilo\u015b\u0107 zam\u00f3wie\u0144 a co za tym idzie bardzo du\u017co wysy\u0142ek.Je\u017celi zwlekasz z zam\u00f3wieniem kominka elektrycznego to zam\u00f3w najlepiej kominek ju\u017c dzisiaj! Gwarantujemy dostaw\u0119 przed \u015bwi\u0119tami dla zam\u00f3wie\u0144 kt\u00f3re wpadn\u0105 nam do &hellip;\" \/>\n<meta property=\"og:url\" content=\"https:\/\/kominki-elektryczne.pl\/blog\/2022\/12\/15\/przedswiateczny-czas-a-realizacja-zamowien-kominkow\/\" \/>\n<meta property=\"og:site_name\" content=\"Kominki-Elektryczne.pl\" \/>\n<meta property=\"article:publisher\" content=\"https:\/\/www.facebook.com\/elektrycznekominki\" \/>\n<meta property=\"article:published_time\" content=\"2022-12-15T10:12:40+00:00\" \/>\n<meta property=\"article:modified_time\" content=\"2024-10-08T10:14:44+00:00\" \/>\n<meta name=\"author\" content=\"Kominkowy\" \/>\n<meta name=\"twitter:card\" content=\"summary_large_image\" \/>\n<meta name=\"twitter:label1\" content=\"Napisane przez\" \/>\n\t<meta name=\"twitter:data1\" content=\"Kominkowy\" \/>\n<script type=\"application\/ld+json\" class=\"yoast-schema-graph\">{\"@context\":\"https:\/\/schema.org\",\"@graph\":[{\"@type\":\"Article\",\"@id\":\"https:\/\/kominki-elektryczne.pl\/blog\/2022\/12\/15\/przedswiateczny-czas-a-realizacja-zamowien-kominkow\/#article\",\"isPartOf\":{\"@id\":\"https:\/\/kominki-elektryczne.pl\/blog\/2022\/12\/15\/przedswiateczny-czas-a-realizacja-zamowien-kominkow\/\"},\"author\":{\"name\":\"Kominkowy\",\"@id\":\"https:\/\/kominki-elektryczne.pl\/blog\/#\/schema\/person\/045e7544e3e90364f5f82cc509123089\"},\"headline\":\"Przed\u015bwi\u0105teczny czas, a realizacja zam\u00f3wie\u0144 komink\u00f3w\",\"datePublished\":\"2022-12-15T10:12:40+00:00\",\"dateModified\":\"2024-10-08T10:14:44+00:00\",\"mainEntityOfPage\":{\"@id\":\"https:\/\/kominki-elektryczne.pl\/blog\/2022\/12\/15\/przedswiateczny-czas-a-realizacja-zamowien-kominkow\/\"},\"wordCount\":83,\"publisher\":{\"@id\":\"https:\/\/kominki-elektryczne.pl\/blog\/#organization\"},\"inLanguage\":\"pl-PL\"},{\"@type\":\"WebPage\",\"@id\":\"https:\/\/kominki-elektryczne.pl\/blog\/2022\/12\/15\/przedswiateczny-czas-a-realizacja-zamowien-kominkow\/\",\"url\":\"https:\/\/kominki-elektryczne.pl\/blog\/2022\/12\/15\/przedswiateczny-czas-a-realizacja-zamowien-kominkow\/\",\"name\":\"Przed\u015bwi\u0105teczny czas, a realizacja zam\u00f3wie\u0144 komink\u00f3w - Kominki-Elektryczne.pl\",\"isPartOf\":{\"@id\":\"https:\/\/kominki-elektryczne.pl\/blog\/#website\"},\"datePublished\":\"2022-12-15T10:12:40+00:00\",\"dateModified\":\"2024-10-08T10:14:44+00:00\",\"breadcrumb\":{\"@id\":\"https:\/\/kominki-elektryczne.pl\/blog\/2022\/12\/15\/przedswiateczny-czas-a-realizacja-zamowien-kominkow\/#breadcrumb\"},\"inLanguage\":\"pl-PL\",\"potentialAction\":[{\"@type\":\"ReadAction\",\"target\":[\"https:\/\/kominki-elektryczne.pl\/blog\/2022\/12\/15\/przedswiateczny-czas-a-realizacja-zamowien-kominkow\/\"]}]},{\"@type\":\"BreadcrumbList\",\"@id\":\"https:\/\/kominki-elektryczne.pl\/blog\/2022\/12\/15\/przedswiateczny-czas-a-realizacja-zamowien-kominkow\/#breadcrumb\",\"itemListElement\":[{\"@type\":\"ListItem\",\"position\":1,\"name\":\"Strona g\u0142\u00f3wna\",\"item\":\"https:\/\/kominki-elektryczne.pl\/blog\/\"},{\"@type\":\"ListItem\",\"position\":2,\"name\":\"Przed\u015bwi\u0105teczny czas, a realizacja zam\u00f3wie\u0144 komink\u00f3w\"}]},{\"@type\":\"WebSite\",\"@id\":\"https:\/\/kominki-elektryczne.pl\/blog\/#website\",\"url\":\"https:\/\/kominki-elektryczne.pl\/blog\/\",\"name\":\"Kominki-Elektryczne.pl\",\"description\":\"Opisy - Porady - Recenzje\",\"publisher\":{\"@id\":\"https:\/\/kominki-elektryczne.pl\/blog\/#organization\"},\"potentialAction\":[{\"@type\":\"SearchAction\",\"target\":{\"@type\":\"EntryPoint\",\"urlTemplate\":\"https:\/\/kominki-elektryczne.pl\/blog\/?s={search_term_string}\"},\"query-input\":{\"@type\":\"PropertyValueSpecification\",\"valueRequired\":true,\"valueName\":\"search_term_string\"}}],\"inLanguage\":\"pl-PL\"},{\"@type\":\"Organization\",\"@id\":\"https:\/\/kominki-elektryczne.pl\/blog\/#organization\",\"name\":\"Kominki-Elektryczne.pl\",\"url\":\"https:\/\/kominki-elektryczne.pl\/blog\/\",\"logo\":{\"@type\":\"ImageObject\",\"inLanguage\":\"pl-PL\",\"@id\":\"https:\/\/kominki-elektryczne.pl\/blog\/#\/schema\/logo\/image\/\",\"url\":\"https:\/\/kominki-elektryczne.pl\/blog\/wp-content\/uploads\/2025\/04\/cropped-LogoAflamo.jpg\",\"contentUrl\":\"https:\/\/kominki-elektryczne.pl\/blog\/wp-content\/uploads\/2025\/04\/cropped-LogoAflamo.jpg\",\"width\":200,\"height\":58,\"caption\":\"Kominki-Elektryczne.pl\"},\"image\":{\"@id\":\"https:\/\/kominki-elektryczne.pl\/blog\/#\/schema\/logo\/image\/\"},\"sameAs\":[\"https:\/\/www.facebook.com\/elektrycznekominki\"]},{\"@type\":\"Person\",\"@id\":\"https:\/\/kominki-elektryczne.pl\/blog\/#\/schema\/person\/045e7544e3e90364f5f82cc509123089\",\"name\":\"Kominkowy\",\"image\":{\"@type\":\"ImageObject\",\"inLanguage\":\"pl-PL\",\"@id\":\"https:\/\/kominki-elektryczne.pl\/blog\/#\/schema\/person\/image\/\",\"url\":\"https:\/\/secure.gravatar.com\/avatar\/8c15720599195e8ba4119df2db28ce7e?s=96&d=mm&r=g\",\"contentUrl\":\"https:\/\/secure.gravatar.com\/avatar\/8c15720599195e8ba4119df2db28ce7e?s=96&d=mm&r=g\",\"caption\":\"Kominkowy\"},\"sameAs\":[\"http:\/\/www.kominki-elektryczne.pl\"],\"url\":\"https:\/\/kominki-elektryczne.pl\/blog\/author\/led-handel\/\"}]}<\/script>\n<!-- \/ Yoast SEO plugin. -->","yoast_head_json":{"title":"Przed\u015bwi\u0105teczny czas, a realizacja zam\u00f3wie\u0144 komink\u00f3w - Kominki-Elektryczne.pl","robots":{"index":"index","follow":"follow","max-snippet":"max-snippet:-1","max-image-preview":"max-image-preview:large","max-video-preview":"max-video-preview:-1"},"canonical":"https:\/\/kominki-elektryczne.pl\/blog\/2022\/12\/15\/przedswiateczny-czas-a-realizacja-zamowien-kominkow\/","og_locale":"pl_PL","og_type":"article","og_title":"Przed\u015bwi\u0105teczny czas, a realizacja zam\u00f3wie\u0144 komink\u00f3w - Kominki-Elektryczne.pl","og_description":"Dzie\u0144 dobry, czas przed\u015bwi\u0105teczny jest dla bardzo ale to bardzo intensywny. Mamy bardzo du\u017c\u0105 ilo\u015b\u0107 zam\u00f3wie\u0144 a co za tym idzie bardzo du\u017co wysy\u0142ek.Je\u017celi zwlekasz z zam\u00f3wieniem kominka elektrycznego to zam\u00f3w najlepiej kominek ju\u017c dzisiaj! Gwarantujemy dostaw\u0119 przed \u015bwi\u0119tami dla zam\u00f3wie\u0144 kt\u00f3re wpadn\u0105 nam do &hellip;","og_url":"https:\/\/kominki-elektryczne.pl\/blog\/2022\/12\/15\/przedswiateczny-czas-a-realizacja-zamowien-kominkow\/","og_site_name":"Kominki-Elektryczne.pl","article_publisher":"https:\/\/www.facebook.com\/elektrycznekominki","article_published_time":"2022-12-15T10:12:40+00:00","article_modified_time":"2024-10-08T10:14:44+00:00","author":"Kominkowy","twitter_card":"summary_large_image","twitter_misc":{"Napisane przez":"Kominkowy"},"schema":{"@context":"https:\/\/schema.org","@graph":[{"@type":"Article","@id":"https:\/\/kominki-elektryczne.pl\/blog\/2022\/12\/15\/przedswiateczny-czas-a-realizacja-zamowien-kominkow\/#article","isPartOf":{"@id":"https:\/\/kominki-elektryczne.pl\/blog\/2022\/12\/15\/przedswiateczny-czas-a-realizacja-zamowien-kominkow\/"},"author":{"name":"Kominkowy","@id":"https:\/\/kominki-elektryczne.pl\/blog\/#\/schema\/person\/045e7544e3e90364f5f82cc509123089"},"headline":"Przed\u015bwi\u0105teczny czas, a realizacja zam\u00f3wie\u0144 komink\u00f3w","datePublished":"2022-12-15T10:12:40+00:00","dateModified":"2024-10-08T10:14:44+00:00","mainEntityOfPage":{"@id":"https:\/\/kominki-elektryczne.pl\/blog\/2022\/12\/15\/przedswiateczny-czas-a-realizacja-zamowien-kominkow\/"},"wordCount":83,"publisher":{"@id":"https:\/\/kominki-elektryczne.pl\/blog\/#organization"},"inLanguage":"pl-PL"},{"@type":"WebPage","@id":"https:\/\/kominki-elektryczne.pl\/blog\/2022\/12\/15\/przedswiateczny-czas-a-realizacja-zamowien-kominkow\/","url":"https:\/\/kominki-elektryczne.pl\/blog\/2022\/12\/15\/przedswiateczny-czas-a-realizacja-zamowien-kominkow\/","name":"Przed\u015bwi\u0105teczny czas, a realizacja zam\u00f3wie\u0144 komink\u00f3w - Kominki-Elektryczne.pl","isPartOf":{"@id":"https:\/\/kominki-elektryczne.pl\/blog\/#website"},"datePublished":"2022-12-15T10:12:40+00:00","dateModified":"2024-10-08T10:14:44+00:00","breadcrumb":{"@id":"https:\/\/kominki-elektryczne.pl\/blog\/2022\/12\/15\/przedswiateczny-czas-a-realizacja-zamowien-kominkow\/#breadcrumb"},"inLanguage":"pl-PL","potentialAction":[{"@type":"ReadAction","target":["https:\/\/kominki-elektryczne.pl\/blog\/2022\/12\/15\/przedswiateczny-czas-a-realizacja-zamowien-kominkow\/"]}]},{"@type":"BreadcrumbList","@id":"https:\/\/kominki-elektryczne.pl\/blog\/2022\/12\/15\/przedswiateczny-czas-a-realizacja-zamowien-kominkow\/#breadcrumb","itemListElement":[{"@type":"ListItem","position":1,"name":"Strona g\u0142\u00f3wna","item":"https:\/\/kominki-elektryczne.pl\/blog\/"},{"@type":"ListItem","position":2,"name":"Przed\u015bwi\u0105teczny czas, a realizacja zam\u00f3wie\u0144 komink\u00f3w"}]},{"@type":"WebSite","@id":"https:\/\/kominki-elektryczne.pl\/blog\/#website","url":"https:\/\/kominki-elektryczne.pl\/blog\/","name":"Kominki-Elektryczne.pl","description":"Opisy - Porady - Recenzje","publisher":{"@id":"https:\/\/kominki-elektryczne.pl\/blog\/#organization"},"potentialAction":[{"@type":"SearchAction","target":{"@type":"EntryPoint","urlTemplate":"https:\/\/kominki-elektryczne.pl\/blog\/?s={search_term_string}"},"query-input":{"@type":"PropertyValueSpecification","valueRequired":true,"valueName":"search_term_string"}}],"inLanguage":"pl-PL"},{"@type":"Organization","@id":"https:\/\/kominki-elektryczne.pl\/blog\/#organization","name":"Kominki-Elektryczne.pl","url":"https:\/\/kominki-elektryczne.pl\/blog\/","logo":{"@type":"ImageObject","inLanguage":"pl-PL","@id":"https:\/\/kominki-elektryczne.pl\/blog\/#\/schema\/logo\/image\/","url":"https:\/\/kominki-elektryczne.pl\/blog\/wp-content\/uploads\/2025\/04\/cropped-LogoAflamo.jpg","contentUrl":"https:\/\/kominki-elektryczne.pl\/blog\/wp-content\/uploads\/2025\/04\/cropped-LogoAflamo.jpg","width":200,"height":58,"caption":"Kominki-Elektryczne.pl"},"image":{"@id":"https:\/\/kominki-elektryczne.pl\/blog\/#\/schema\/logo\/image\/"},"sameAs":["https:\/\/www.facebook.com\/elektrycznekominki"]},{"@type":"Person","@id":"https:\/\/kominki-elektryczne.pl\/blog\/#\/schema\/person\/045e7544e3e90364f5f82cc509123089","name":"Kominkowy","image":{"@type":"ImageObject","inLanguage":"pl-PL","@id":"https:\/\/kominki-elektryczne.pl\/blog\/#\/schema\/person\/image\/","url":"https:\/\/secure.gravatar.com\/avatar\/8c15720599195e8ba4119df2db28ce7e?s=96&d=mm&r=g","contentUrl":"https:\/\/secure.gravatar.com\/avatar\/8c15720599195e8ba4119df2db28ce7e?s=96&d=mm&r=g","caption":"Kominkowy"},"sameAs":["http:\/\/www.kominki-elektryczne.pl"],"url":"https:\/\/kominki-elektryczne.pl\/blog\/author\/led-handel\/"}]}},"_links":{"self":[{"href":"https:\/\/kominki-elektryczne.pl\/blog\/wp-json\/wp\/v2\/posts\/675","targetHints":{"allow":["GET"]}}],"collection":[{"href":"https:\/\/kominki-elektryczne.pl\/blog\/wp-json\/wp\/v2\/posts"}],"about":[{"href":"https:\/\/kominki-elektryczne.pl\/blog\/wp-json\/wp\/v2\/types\/post"}],"author":[{"embeddable":true,"href":"https:\/\/kominki-elektryczne.pl\/blog\/wp-json\/wp\/v2\/users\/1"}],"replies":[{"embeddable":true,"href":"https:\/\/kominki-elektryczne.pl\/blog\/wp-json\/wp\/v2\/comments?post=675"}],"version-history":[{"count":1,"href":"https:\/\/kominki-elektryczne.pl\/blog\/wp-json\/wp\/v2\/posts\/675\/revisions"}],"predecessor-version":[{"id":676,"href":"https:\/\/kominki-elektryczne.pl\/blog\/wp-json\/wp\/v2\/posts\/675\/revisions\/676"}],"wp:attachment":[{"href":"https:\/\/kominki-elektryczne.pl\/blog\/wp-json\/wp\/v2\/media?parent=675"}],"wp:term":[{"taxonomy":"category","embeddable":true,"href":"https:\/\/kominki-elektryczne.pl\/blog\/wp-json\/wp\/v2\/categories?post=675"},{"taxonomy":"post_tag","embeddable":true,"href":"https:\/\/kominki-elektryczne.pl\/blog\/wp-json\/wp\/v2\/tags?post=675"}],"curies":[{"name":"wp","href":"https:\/\/api.w.org\/{rel}","templated":true}]}}