{"id":677,"date":"2022-12-20T10:09:21","date_gmt":"2022-12-20T09:09:21","guid":{"rendered":"https:\/\/kominki-elektryczne.pl\/blog\/?p=677"},"modified":"2024-10-08T12:14:44","modified_gmt":"2024-10-08T10:14:44","slug":"novita-per-la-stagione-invernale-camino-elettrico-led-lex","status":"publish","type":"post","link":"https:\/\/kominki-elektryczne.pl\/blog\/it\/2022\/12\/20\/novita-per-la-stagione-invernale-camino-elettrico-led-lex\/","title":{"rendered":"Novit\u00e0 per la stagione invernale! Camino elettrico LED LEX"},"content":{"rendered":"\n<p>Ciao e Benvenuto,<\/p>\n\n\n\n<p>Per una settimana abbiamo un nuovo bellissimo camino elettrico LED LEX nella nostra offerta.<br>Il camino sar\u00e0 disponibile da dicembre 2022 &#8211; accettiamo prenotazioni per questo.<\/p>\n\n\n\n<p>Il modello LEX \u00e8 un camino in pietra bianca pura.<br>Sul davanti \u00e8 presente un medaglione ei lati sono stilizzati come ali di cigno. Questo aggiunge molto fascino e classe al camino.<br>Il camino elettrico a LED LEX \u00e8 l&#8217;ideale per chi ha bisogno di qualcosa per riscaldare la propria casa o appartamento in modo relativamente economico e veloce per la stagione invernale.<\/p>\n\n\n\n<p>Vi invitiamo a familiarizzare con la nostra novit\u00e0 e vi invitiamo a prenotare questo modello<\/p>\n\n\n\n<p><a href=\"https:\/\/www.kominki-elektryczne.pl\/it\/glowna\/559-kominek-elektryczny-led-kamienny-lex-bialy-aflamo-nowosc.html\" target=\"_blank\" rel=\"noreferrer noopener\">Camino elettrico LED LEX<\/a><\/p>\n\n\n\n<figure class=\"wp-block-image size-full\"><img loading=\"lazy\" decoding=\"async\" width=\"800\" height=\"800\" src=\"https:\/\/kominki-elektryczne.pl\/blog\/wp-content\/uploads\/2022\/12\/Lex_1_sq.jpg\" alt=\"\" class=\"wp-image-678\" srcset=\"https:\/\/kominki-elektryczne.pl\/blog\/wp-content\/uploads\/2022\/12\/Lex_1_sq.jpg 800w, https:\/\/kominki-elektryczne.pl\/blog\/wp-content\/uploads\/2022\/12\/Lex_1_sq-300x300.jpg 300w, https:\/\/kominki-elektryczne.pl\/blog\/wp-content\/uploads\/2022\/12\/Lex_1_sq-150x150.jpg 150w, https:\/\/kominki-elektryczne.pl\/blog\/wp-content\/uploads\/2022\/12\/Lex_1_sq-768x768.jpg 768w, https:\/\/kominki-elektryczne.pl\/blog\/wp-content\/uploads\/2022\/12\/Lex_1_sq-100x100.jpg 100w\" sizes=\"auto, (max-width: 800px) 100vw, 800px\" \/><\/figure>\n","protected":false},"excerpt":{"rendered":"<p>Ciao e Benvenuto, Per una settimana abbiamo un nuovo bellissimo camino elettrico LED LEX nella nostra offerta.Il camino sar\u00e0 disponibile da dicembre 2022 &#8211; accettiamo prenotazioni per questo. Il modello LEX \u00e8 un camino in pietra bianca pura.Sul davanti \u00e8 presente un medaglione ei lati &hellip; <\/p>\n","protected":false},"author":1,"featured_media":0,"comment_status":"closed","ping_status":"closed","sticky":false,"template":"","format":"standard","meta":{"footnotes":""},"categories":[33],"tags":[543,545,547,549,551,131],"class_list":["post-677","post","type-post","status-publish","format-standard","hentry","category-bez-kategorii-it","tag-caminetto-elettrico-lex-led-it","tag-camini-a-mensola-it","tag-camino-3d-it","tag-camino-con-funzione-di-riscaldamento-it","tag-camino-con-rivestimento-it","tag-il-camino"],"yoast_head":"<!-- This site is optimized with the Yoast SEO plugin v25.7 - https:\/\/yoast.com\/wordpress\/plugins\/seo\/ -->\n<title>Novit\u00e0 per la stagione invernale! Camino elettrico LED LEX - Kominki-Elektryczne.pl<\/title>\n<meta name=\"robots\" content=\"index, follow, max-snippet:-1, max-image-preview:large, max-video-preview:-1\" \/>\n<link rel=\"canonical\" href=\"https:\/\/kominki-elektryczne.pl\/blog\/it\/2022\/12\/20\/novita-per-la-stagione-invernale-camino-elettrico-led-lex\/\" \/>\n<meta property=\"og:locale\" content=\"pl_PL\" \/>\n<meta property=\"og:type\" content=\"article\" \/>\n<meta property=\"og:title\" content=\"Novit\u00e0 per la stagione invernale! Camino elettrico LED LEX - Kominki-Elektryczne.pl\" \/>\n<meta property=\"og:description\" content=\"Ciao e Benvenuto, Per una settimana abbiamo un nuovo bellissimo camino elettrico LED LEX nella nostra offerta.Il camino sar\u00e0 disponibile da dicembre 2022 &#8211; accettiamo prenotazioni per questo. Il modello LEX \u00e8 un camino in pietra bianca pura.Sul davanti \u00e8 presente un medaglione ei lati &hellip;\" \/>\n<meta property=\"og:url\" content=\"https:\/\/kominki-elektryczne.pl\/blog\/it\/2022\/12\/20\/novita-per-la-stagione-invernale-camino-elettrico-led-lex\/\" \/>\n<meta property=\"og:site_name\" content=\"Kominki-Elektryczne.pl\" \/>\n<meta property=\"article:publisher\" content=\"https:\/\/www.facebook.com\/elektrycznekominki\" \/>\n<meta property=\"article:published_time\" content=\"2022-12-20T09:09:21+00:00\" \/>\n<meta property=\"article:modified_time\" content=\"2024-10-08T10:14:44+00:00\" \/>\n<meta property=\"og:image\" content=\"https:\/\/kominki-elektryczne.pl\/blog\/wp-content\/uploads\/2022\/12\/Lex_1_sq.jpg\" \/>\n\t<meta property=\"og:image:width\" content=\"800\" \/>\n\t<meta property=\"og:image:height\" content=\"800\" \/>\n\t<meta property=\"og:image:type\" content=\"image\/jpeg\" \/>\n<meta name=\"author\" content=\"Kominkowy\" \/>\n<meta name=\"twitter:card\" content=\"summary_large_image\" \/>\n<meta name=\"twitter:label1\" content=\"Napisane przez\" \/>\n\t<meta name=\"twitter:data1\" content=\"Kominkowy\" \/>\n\t<meta name=\"twitter:label2\" content=\"Szacowany czas czytania\" \/>\n\t<meta name=\"twitter:data2\" content=\"1 minuta\" \/>\n<script type=\"application\/ld+json\" class=\"yoast-schema-graph\">{\"@context\":\"https:\/\/schema.org\",\"@graph\":[{\"@type\":\"Article\",\"@id\":\"https:\/\/kominki-elektryczne.pl\/blog\/it\/2022\/12\/20\/novita-per-la-stagione-invernale-camino-elettrico-led-lex\/#article\",\"isPartOf\":{\"@id\":\"https:\/\/kominki-elektryczne.pl\/blog\/it\/2022\/12\/20\/novita-per-la-stagione-invernale-camino-elettrico-led-lex\/\"},\"author\":{\"name\":\"Kominkowy\",\"@id\":\"https:\/\/kominki-elektryczne.pl\/blog\/#\/schema\/person\/045e7544e3e90364f5f82cc509123089\"},\"headline\":\"Novit\u00e0 per la stagione invernale! Camino elettrico LED LEX\",\"datePublished\":\"2022-12-20T09:09:21+00:00\",\"dateModified\":\"2024-10-08T10:14:44+00:00\",\"mainEntityOfPage\":{\"@id\":\"https:\/\/kominki-elektryczne.pl\/blog\/it\/2022\/12\/20\/novita-per-la-stagione-invernale-camino-elettrico-led-lex\/\"},\"wordCount\":116,\"publisher\":{\"@id\":\"https:\/\/kominki-elektryczne.pl\/blog\/#organization\"},\"image\":{\"@id\":\"https:\/\/kominki-elektryczne.pl\/blog\/it\/2022\/12\/20\/novita-per-la-stagione-invernale-camino-elettrico-led-lex\/#primaryimage\"},\"thumbnailUrl\":\"https:\/\/kominki-elektryczne.pl\/blog\/wp-content\/uploads\/2022\/12\/Lex_1_sq.jpg\",\"keywords\":[\"Caminetto elettrico Lex LED\",\"camini a mensola\",\"camino 3D\",\"camino con funzione di riscaldamento\",\"camino con rivestimento\",\"il camino\"],\"inLanguage\":\"pl-PL\"},{\"@type\":\"WebPage\",\"@id\":\"https:\/\/kominki-elektryczne.pl\/blog\/it\/2022\/12\/20\/novita-per-la-stagione-invernale-camino-elettrico-led-lex\/\",\"url\":\"https:\/\/kominki-elektryczne.pl\/blog\/it\/2022\/12\/20\/novita-per-la-stagione-invernale-camino-elettrico-led-lex\/\",\"name\":\"Novit\u00e0 per la stagione invernale! Camino elettrico LED LEX - Kominki-Elektryczne.pl\",\"isPartOf\":{\"@id\":\"https:\/\/kominki-elektryczne.pl\/blog\/#website\"},\"primaryImageOfPage\":{\"@id\":\"https:\/\/kominki-elektryczne.pl\/blog\/it\/2022\/12\/20\/novita-per-la-stagione-invernale-camino-elettrico-led-lex\/#primaryimage\"},\"image\":{\"@id\":\"https:\/\/kominki-elektryczne.pl\/blog\/it\/2022\/12\/20\/novita-per-la-stagione-invernale-camino-elettrico-led-lex\/#primaryimage\"},\"thumbnailUrl\":\"https:\/\/kominki-elektryczne.pl\/blog\/wp-content\/uploads\/2022\/12\/Lex_1_sq.jpg\",\"datePublished\":\"2022-12-20T09:09:21+00:00\",\"dateModified\":\"2024-10-08T10:14:44+00:00\",\"breadcrumb\":{\"@id\":\"https:\/\/kominki-elektryczne.pl\/blog\/it\/2022\/12\/20\/novita-per-la-stagione-invernale-camino-elettrico-led-lex\/#breadcrumb\"},\"inLanguage\":\"pl-PL\",\"potentialAction\":[{\"@type\":\"ReadAction\",\"target\":[\"https:\/\/kominki-elektryczne.pl\/blog\/it\/2022\/12\/20\/novita-per-la-stagione-invernale-camino-elettrico-led-lex\/\"]}]},{\"@type\":\"ImageObject\",\"inLanguage\":\"pl-PL\",\"@id\":\"https:\/\/kominki-elektryczne.pl\/blog\/it\/2022\/12\/20\/novita-per-la-stagione-invernale-camino-elettrico-led-lex\/#primaryimage\",\"url\":\"https:\/\/kominki-elektryczne.pl\/blog\/wp-content\/uploads\/2022\/12\/Lex_1_sq.jpg\",\"contentUrl\":\"https:\/\/kominki-elektryczne.pl\/blog\/wp-content\/uploads\/2022\/12\/Lex_1_sq.jpg\",\"width\":800,\"height\":800},{\"@type\":\"BreadcrumbList\",\"@id\":\"https:\/\/kominki-elektryczne.pl\/blog\/it\/2022\/12\/20\/novita-per-la-stagione-invernale-camino-elettrico-led-lex\/#breadcrumb\",\"itemListElement\":[{\"@type\":\"ListItem\",\"position\":1,\"name\":\"Strona g\u0142\u00f3wna\",\"item\":\"https:\/\/kominki-elektryczne.pl\/blog\/\"},{\"@type\":\"ListItem\",\"position\":2,\"name\":\"Novit\u00e0 per la stagione invernale! Camino elettrico LED LEX\"}]},{\"@type\":\"WebSite\",\"@id\":\"https:\/\/kominki-elektryczne.pl\/blog\/#website\",\"url\":\"https:\/\/kominki-elektryczne.pl\/blog\/\",\"name\":\"Kominki-Elektryczne.pl\",\"description\":\"Opisy - Porady - Recenzje\",\"publisher\":{\"@id\":\"https:\/\/kominki-elektryczne.pl\/blog\/#organization\"},\"potentialAction\":[{\"@type\":\"SearchAction\",\"target\":{\"@type\":\"EntryPoint\",\"urlTemplate\":\"https:\/\/kominki-elektryczne.pl\/blog\/?s={search_term_string}\"},\"query-input\":{\"@type\":\"PropertyValueSpecification\",\"valueRequired\":true,\"valueName\":\"search_term_string\"}}],\"inLanguage\":\"pl-PL\"},{\"@type\":\"Organization\",\"@id\":\"https:\/\/kominki-elektryczne.pl\/blog\/#organization\",\"name\":\"Kominki-Elektryczne.pl\",\"url\":\"https:\/\/kominki-elektryczne.pl\/blog\/\",\"logo\":{\"@type\":\"ImageObject\",\"inLanguage\":\"pl-PL\",\"@id\":\"https:\/\/kominki-elektryczne.pl\/blog\/#\/schema\/logo\/image\/\",\"url\":\"https:\/\/kominki-elektryczne.pl\/blog\/wp-content\/uploads\/2025\/04\/cropped-LogoAflamo.jpg\",\"contentUrl\":\"https:\/\/kominki-elektryczne.pl\/blog\/wp-content\/uploads\/2025\/04\/cropped-LogoAflamo.jpg\",\"width\":200,\"height\":58,\"caption\":\"Kominki-Elektryczne.pl\"},\"image\":{\"@id\":\"https:\/\/kominki-elektryczne.pl\/blog\/#\/schema\/logo\/image\/\"},\"sameAs\":[\"https:\/\/www.facebook.com\/elektrycznekominki\"]},{\"@type\":\"Person\",\"@id\":\"https:\/\/kominki-elektryczne.pl\/blog\/#\/schema\/person\/045e7544e3e90364f5f82cc509123089\",\"name\":\"Kominkowy\",\"image\":{\"@type\":\"ImageObject\",\"inLanguage\":\"pl-PL\",\"@id\":\"https:\/\/kominki-elektryczne.pl\/blog\/#\/schema\/person\/image\/\",\"url\":\"https:\/\/secure.gravatar.com\/avatar\/8c15720599195e8ba4119df2db28ce7e?s=96&d=mm&r=g\",\"contentUrl\":\"https:\/\/secure.gravatar.com\/avatar\/8c15720599195e8ba4119df2db28ce7e?s=96&d=mm&r=g\",\"caption\":\"Kominkowy\"},\"sameAs\":[\"http:\/\/www.kominki-elektryczne.pl\"],\"url\":\"https:\/\/kominki-elektryczne.pl\/blog\/author\/led-handel\/\"}]}<\/script>\n<!-- \/ Yoast SEO plugin. -->","yoast_head_json":{"title":"Novit\u00e0 per la stagione invernale! Camino elettrico LED LEX - Kominki-Elektryczne.pl","robots":{"index":"index","follow":"follow","max-snippet":"max-snippet:-1","max-image-preview":"max-image-preview:large","max-video-preview":"max-video-preview:-1"},"canonical":"https:\/\/kominki-elektryczne.pl\/blog\/it\/2022\/12\/20\/novita-per-la-stagione-invernale-camino-elettrico-led-lex\/","og_locale":"pl_PL","og_type":"article","og_title":"Novit\u00e0 per la stagione invernale! Camino elettrico LED LEX - Kominki-Elektryczne.pl","og_description":"Ciao e Benvenuto, Per una settimana abbiamo un nuovo bellissimo camino elettrico LED LEX nella nostra offerta.Il camino sar\u00e0 disponibile da dicembre 2022 &#8211; accettiamo prenotazioni per questo. Il modello LEX \u00e8 un camino in pietra bianca pura.Sul davanti \u00e8 presente un medaglione ei lati &hellip;","og_url":"https:\/\/kominki-elektryczne.pl\/blog\/it\/2022\/12\/20\/novita-per-la-stagione-invernale-camino-elettrico-led-lex\/","og_site_name":"Kominki-Elektryczne.pl","article_publisher":"https:\/\/www.facebook.com\/elektrycznekominki","article_published_time":"2022-12-20T09:09:21+00:00","article_modified_time":"2024-10-08T10:14:44+00:00","og_image":[{"width":800,"height":800,"url":"https:\/\/kominki-elektryczne.pl\/blog\/wp-content\/uploads\/2022\/12\/Lex_1_sq.jpg","type":"image\/jpeg"}],"author":"Kominkowy","twitter_card":"summary_large_image","twitter_misc":{"Napisane przez":"Kominkowy","Szacowany czas czytania":"1 minuta"},"schema":{"@context":"https:\/\/schema.org","@graph":[{"@type":"Article","@id":"https:\/\/kominki-elektryczne.pl\/blog\/it\/2022\/12\/20\/novita-per-la-stagione-invernale-camino-elettrico-led-lex\/#article","isPartOf":{"@id":"https:\/\/kominki-elektryczne.pl\/blog\/it\/2022\/12\/20\/novita-per-la-stagione-invernale-camino-elettrico-led-lex\/"},"author":{"name":"Kominkowy","@id":"https:\/\/kominki-elektryczne.pl\/blog\/#\/schema\/person\/045e7544e3e90364f5f82cc509123089"},"headline":"Novit\u00e0 per la stagione invernale! Camino elettrico LED LEX","datePublished":"2022-12-20T09:09:21+00:00","dateModified":"2024-10-08T10:14:44+00:00","mainEntityOfPage":{"@id":"https:\/\/kominki-elektryczne.pl\/blog\/it\/2022\/12\/20\/novita-per-la-stagione-invernale-camino-elettrico-led-lex\/"},"wordCount":116,"publisher":{"@id":"https:\/\/kominki-elektryczne.pl\/blog\/#organization"},"image":{"@id":"https:\/\/kominki-elektryczne.pl\/blog\/it\/2022\/12\/20\/novita-per-la-stagione-invernale-camino-elettrico-led-lex\/#primaryimage"},"thumbnailUrl":"https:\/\/kominki-elektryczne.pl\/blog\/wp-content\/uploads\/2022\/12\/Lex_1_sq.jpg","keywords":["Caminetto elettrico Lex LED","camini a mensola","camino 3D","camino con funzione di riscaldamento","camino con rivestimento","il camino"],"inLanguage":"pl-PL"},{"@type":"WebPage","@id":"https:\/\/kominki-elektryczne.pl\/blog\/it\/2022\/12\/20\/novita-per-la-stagione-invernale-camino-elettrico-led-lex\/","url":"https:\/\/kominki-elektryczne.pl\/blog\/it\/2022\/12\/20\/novita-per-la-stagione-invernale-camino-elettrico-led-lex\/","name":"Novit\u00e0 per la stagione invernale! Camino elettrico LED LEX - Kominki-Elektryczne.pl","isPartOf":{"@id":"https:\/\/kominki-elektryczne.pl\/blog\/#website"},"primaryImageOfPage":{"@id":"https:\/\/kominki-elektryczne.pl\/blog\/it\/2022\/12\/20\/novita-per-la-stagione-invernale-camino-elettrico-led-lex\/#primaryimage"},"image":{"@id":"https:\/\/kominki-elektryczne.pl\/blog\/it\/2022\/12\/20\/novita-per-la-stagione-invernale-camino-elettrico-led-lex\/#primaryimage"},"thumbnailUrl":"https:\/\/kominki-elektryczne.pl\/blog\/wp-content\/uploads\/2022\/12\/Lex_1_sq.jpg","datePublished":"2022-12-20T09:09:21+00:00","dateModified":"2024-10-08T10:14:44+00:00","breadcrumb":{"@id":"https:\/\/kominki-elektryczne.pl\/blog\/it\/2022\/12\/20\/novita-per-la-stagione-invernale-camino-elettrico-led-lex\/#breadcrumb"},"inLanguage":"pl-PL","potentialAction":[{"@type":"ReadAction","target":["https:\/\/kominki-elektryczne.pl\/blog\/it\/2022\/12\/20\/novita-per-la-stagione-invernale-camino-elettrico-led-lex\/"]}]},{"@type":"ImageObject","inLanguage":"pl-PL","@id":"https:\/\/kominki-elektryczne.pl\/blog\/it\/2022\/12\/20\/novita-per-la-stagione-invernale-camino-elettrico-led-lex\/#primaryimage","url":"https:\/\/kominki-elektryczne.pl\/blog\/wp-content\/uploads\/2022\/12\/Lex_1_sq.jpg","contentUrl":"https:\/\/kominki-elektryczne.pl\/blog\/wp-content\/uploads\/2022\/12\/Lex_1_sq.jpg","width":800,"height":800},{"@type":"BreadcrumbList","@id":"https:\/\/kominki-elektryczne.pl\/blog\/it\/2022\/12\/20\/novita-per-la-stagione-invernale-camino-elettrico-led-lex\/#breadcrumb","itemListElement":[{"@type":"ListItem","position":1,"name":"Strona g\u0142\u00f3wna","item":"https:\/\/kominki-elektryczne.pl\/blog\/"},{"@type":"ListItem","position":2,"name":"Novit\u00e0 per la stagione invernale! Camino elettrico LED LEX"}]},{"@type":"WebSite","@id":"https:\/\/kominki-elektryczne.pl\/blog\/#website","url":"https:\/\/kominki-elektryczne.pl\/blog\/","name":"Kominki-Elektryczne.pl","description":"Opisy - Porady - Recenzje","publisher":{"@id":"https:\/\/kominki-elektryczne.pl\/blog\/#organization"},"potentialAction":[{"@type":"SearchAction","target":{"@type":"EntryPoint","urlTemplate":"https:\/\/kominki-elektryczne.pl\/blog\/?s={search_term_string}"},"query-input":{"@type":"PropertyValueSpecification","valueRequired":true,"valueName":"search_term_string"}}],"inLanguage":"pl-PL"},{"@type":"Organization","@id":"https:\/\/kominki-elektryczne.pl\/blog\/#organization","name":"Kominki-Elektryczne.pl","url":"https:\/\/kominki-elektryczne.pl\/blog\/","logo":{"@type":"ImageObject","inLanguage":"pl-PL","@id":"https:\/\/kominki-elektryczne.pl\/blog\/#\/schema\/logo\/image\/","url":"https:\/\/kominki-elektryczne.pl\/blog\/wp-content\/uploads\/2025\/04\/cropped-LogoAflamo.jpg","contentUrl":"https:\/\/kominki-elektryczne.pl\/blog\/wp-content\/uploads\/2025\/04\/cropped-LogoAflamo.jpg","width":200,"height":58,"caption":"Kominki-Elektryczne.pl"},"image":{"@id":"https:\/\/kominki-elektryczne.pl\/blog\/#\/schema\/logo\/image\/"},"sameAs":["https:\/\/www.facebook.com\/elektrycznekominki"]},{"@type":"Person","@id":"https:\/\/kominki-elektryczne.pl\/blog\/#\/schema\/person\/045e7544e3e90364f5f82cc509123089","name":"Kominkowy","image":{"@type":"ImageObject","inLanguage":"pl-PL","@id":"https:\/\/kominki-elektryczne.pl\/blog\/#\/schema\/person\/image\/","url":"https:\/\/secure.gravatar.com\/avatar\/8c15720599195e8ba4119df2db28ce7e?s=96&d=mm&r=g","contentUrl":"https:\/\/secure.gravatar.com\/avatar\/8c15720599195e8ba4119df2db28ce7e?s=96&d=mm&r=g","caption":"Kominkowy"},"sameAs":["http:\/\/www.kominki-elektryczne.pl"],"url":"https:\/\/kominki-elektryczne.pl\/blog\/author\/led-handel\/"}]}},"_links":{"self":[{"href":"https:\/\/kominki-elektryczne.pl\/blog\/wp-json\/wp\/v2\/posts\/677","targetHints":{"allow":["GET"]}}],"collection":[{"href":"https:\/\/kominki-elektryczne.pl\/blog\/wp-json\/wp\/v2\/posts"}],"about":[{"href":"https:\/\/kominki-elektryczne.pl\/blog\/wp-json\/wp\/v2\/types\/post"}],"author":[{"embeddable":true,"href":"https:\/\/kominki-elektryczne.pl\/blog\/wp-json\/wp\/v2\/users\/1"}],"replies":[{"embeddable":true,"href":"https:\/\/kominki-elektryczne.pl\/blog\/wp-json\/wp\/v2\/comments?post=677"}],"version-history":[{"count":1,"href":"https:\/\/kominki-elektryczne.pl\/blog\/wp-json\/wp\/v2\/posts\/677\/revisions"}],"predecessor-version":[{"id":679,"href":"https:\/\/kominki-elektryczne.pl\/blog\/wp-json\/wp\/v2\/posts\/677\/revisions\/679"}],"wp:attachment":[{"href":"https:\/\/kominki-elektryczne.pl\/blog\/wp-json\/wp\/v2\/media?parent=677"}],"wp:term":[{"taxonomy":"category","embeddable":true,"href":"https:\/\/kominki-elektryczne.pl\/blog\/wp-json\/wp\/v2\/categories?post=677"},{"taxonomy":"post_tag","embeddable":true,"href":"https:\/\/kominki-elektryczne.pl\/blog\/wp-json\/wp\/v2\/tags?post=677"}],"curies":[{"name":"wp","href":"https:\/\/api.w.org\/{rel}","templated":true}]}}