{"id":699,"date":"2023-02-15T13:16:05","date_gmt":"2023-02-15T12:16:05","guid":{"rendered":"https:\/\/kominki-elektryczne.pl\/blog\/?p=699"},"modified":"2024-10-08T12:14:44","modified_gmt":"2024-10-08T10:14:44","slug":"generator-pradu-agregat-pradotworczy","status":"publish","type":"post","link":"https:\/\/kominki-elektryczne.pl\/blog\/2023\/02\/15\/generator-pradu-agregat-pradotworczy\/","title":{"rendered":"Generator pr\u0105du &#8211; agregat pr\u0105dotw\u00f3rczy"},"content":{"rendered":"\n<p>Dzie\u0144 dobry,<\/p>\n\n\n\n<p>w naszym sklepie pojawi\u0142 si\u0119 nowy produkt, kt\u00f3ry w tych ci\u0119\u017ckich czasach jest bardzo popularny.<br>Agregat pr\u0105dotw\u00f3rczy marki Volteno w bardzo atrakcyjnej cenie. <\/p>\n\n\n\n<p>Agregat wykonany jest na komponentach marki Honda, przez co jest niezawodny w swojej pracy.<\/p>\n\n\n\n<p>W przeciwie\u0144stwie do tradycyjnych agregat\u00f3w, kt\u00f3re pracuj\u0105 ze sta\u0142\u0105 pr\u0119dko\u015bci\u0105 generator zawiera Technologie Inteligentnej Przepustnicy, kt\u00f3ra dostosowuje pr\u0119dko\u015b\u0107 pracy silnika do obci\u0105\u017cenia. Je\u015bli generator nie zasila wielu urz\u0105dze\u0144, pracuje na wolniejszych obrotach. W ten spos\u00f3b zmniejsza zu\u017cycie paliwa.<\/p>\n\n\n\n<p>Zapraszamy do zapoznania si\u0119 z tym produktem na naszej <a rel=\"noreferrer noopener\" href=\"https:\/\/www.kominki-elektryczne.pl\/pl\/glowna\/568-generator-pradu-agregat-pradotworczy-na-komponentach-hondy-5kw.html\" target=\"_blank\">stronie internetowej<\/a>,<\/p>\n\n\n\n<figure class=\"wp-block-image size-full\"><img loading=\"lazy\" decoding=\"async\" width=\"865\" height=\"729\" src=\"https:\/\/kominki-elektryczne.pl\/blog\/wp-content\/uploads\/2023\/02\/Generator-prady-MOCNY-na-komponentach-Hondy-5kW-Kod-producenta-VO2865.jpg\" alt=\"\" class=\"wp-image-700\" srcset=\"https:\/\/kominki-elektryczne.pl\/blog\/wp-content\/uploads\/2023\/02\/Generator-prady-MOCNY-na-komponentach-Hondy-5kW-Kod-producenta-VO2865.jpg 865w, https:\/\/kominki-elektryczne.pl\/blog\/wp-content\/uploads\/2023\/02\/Generator-prady-MOCNY-na-komponentach-Hondy-5kW-Kod-producenta-VO2865-300x253.jpg 300w, https:\/\/kominki-elektryczne.pl\/blog\/wp-content\/uploads\/2023\/02\/Generator-prady-MOCNY-na-komponentach-Hondy-5kW-Kod-producenta-VO2865-768x647.jpg 768w\" sizes=\"auto, (max-width: 865px) 100vw, 865px\" \/><\/figure>\n","protected":false},"excerpt":{"rendered":"<p>Dzie\u0144 dobry, w naszym sklepie pojawi\u0142 si\u0119 nowy produkt, kt\u00f3ry w tych ci\u0119\u017ckich czasach jest bardzo popularny.Agregat pr\u0105dotw\u00f3rczy marki Volteno w bardzo atrakcyjnej cenie. Agregat wykonany jest na komponentach marki Honda, przez co jest niezawodny w swojej pracy. W przeciwie\u0144stwie do tradycyjnych agregat\u00f3w, kt\u00f3re pracuj\u0105 &hellip; <\/p>\n","protected":false},"author":1,"featured_media":0,"comment_status":"closed","ping_status":"closed","sticky":false,"template":"","format":"standard","meta":{"footnotes":""},"categories":[1],"tags":[331,333,335,337,339],"class_list":["post-699","post","type-post","status-publish","format-standard","hentry","category-bez-kategorii","tag-agregat","tag-agregat-pradotworczy","tag-generator","tag-generator-pradu","tag-przenosny-prad"],"yoast_head":"<!-- This site is optimized with the Yoast SEO plugin v25.7 - https:\/\/yoast.com\/wordpress\/plugins\/seo\/ -->\n<title>Generator pr\u0105du - agregat pr\u0105dotw\u00f3rczy - Kominki-Elektryczne.pl<\/title>\n<meta name=\"robots\" content=\"index, follow, max-snippet:-1, max-image-preview:large, max-video-preview:-1\" \/>\n<link rel=\"canonical\" href=\"https:\/\/kominki-elektryczne.pl\/blog\/2023\/02\/15\/generator-pradu-agregat-pradotworczy\/\" \/>\n<meta property=\"og:locale\" content=\"pl_PL\" \/>\n<meta property=\"og:type\" content=\"article\" \/>\n<meta property=\"og:title\" content=\"Generator pr\u0105du - agregat pr\u0105dotw\u00f3rczy - Kominki-Elektryczne.pl\" \/>\n<meta property=\"og:description\" content=\"Dzie\u0144 dobry, w naszym sklepie pojawi\u0142 si\u0119 nowy produkt, kt\u00f3ry w tych ci\u0119\u017ckich czasach jest bardzo popularny.Agregat pr\u0105dotw\u00f3rczy marki Volteno w bardzo atrakcyjnej cenie. Agregat wykonany jest na komponentach marki Honda, przez co jest niezawodny w swojej pracy. W przeciwie\u0144stwie do tradycyjnych agregat\u00f3w, kt\u00f3re pracuj\u0105 &hellip;\" \/>\n<meta property=\"og:url\" content=\"https:\/\/kominki-elektryczne.pl\/blog\/2023\/02\/15\/generator-pradu-agregat-pradotworczy\/\" \/>\n<meta property=\"og:site_name\" content=\"Kominki-Elektryczne.pl\" \/>\n<meta property=\"article:publisher\" content=\"https:\/\/www.facebook.com\/elektrycznekominki\" \/>\n<meta property=\"article:published_time\" content=\"2023-02-15T12:16:05+00:00\" \/>\n<meta property=\"article:modified_time\" content=\"2024-10-08T10:14:44+00:00\" \/>\n<meta property=\"og:image\" content=\"https:\/\/kominki-elektryczne.pl\/blog\/wp-content\/uploads\/2023\/02\/Generator-prady-MOCNY-na-komponentach-Hondy-5kW-Kod-producenta-VO2865.jpg\" \/>\n\t<meta property=\"og:image:width\" content=\"865\" \/>\n\t<meta property=\"og:image:height\" content=\"729\" \/>\n\t<meta property=\"og:image:type\" content=\"image\/jpeg\" \/>\n<meta name=\"author\" content=\"Kominkowy\" \/>\n<meta name=\"twitter:card\" content=\"summary_large_image\" \/>\n<meta name=\"twitter:label1\" content=\"Napisane przez\" \/>\n\t<meta name=\"twitter:data1\" content=\"Kominkowy\" \/>\n\t<meta name=\"twitter:label2\" content=\"Szacowany czas czytania\" \/>\n\t<meta name=\"twitter:data2\" content=\"1 minuta\" \/>\n<script type=\"application\/ld+json\" class=\"yoast-schema-graph\">{\"@context\":\"https:\/\/schema.org\",\"@graph\":[{\"@type\":\"Article\",\"@id\":\"https:\/\/kominki-elektryczne.pl\/blog\/2023\/02\/15\/generator-pradu-agregat-pradotworczy\/#article\",\"isPartOf\":{\"@id\":\"https:\/\/kominki-elektryczne.pl\/blog\/2023\/02\/15\/generator-pradu-agregat-pradotworczy\/\"},\"author\":{\"name\":\"Kominkowy\",\"@id\":\"https:\/\/kominki-elektryczne.pl\/blog\/#\/schema\/person\/045e7544e3e90364f5f82cc509123089\"},\"headline\":\"Generator pr\u0105du &#8211; agregat pr\u0105dotw\u00f3rczy\",\"datePublished\":\"2023-02-15T12:16:05+00:00\",\"dateModified\":\"2024-10-08T10:14:44+00:00\",\"mainEntityOfPage\":{\"@id\":\"https:\/\/kominki-elektryczne.pl\/blog\/2023\/02\/15\/generator-pradu-agregat-pradotworczy\/\"},\"wordCount\":112,\"publisher\":{\"@id\":\"https:\/\/kominki-elektryczne.pl\/blog\/#organization\"},\"image\":{\"@id\":\"https:\/\/kominki-elektryczne.pl\/blog\/2023\/02\/15\/generator-pradu-agregat-pradotworczy\/#primaryimage\"},\"thumbnailUrl\":\"https:\/\/kominki-elektryczne.pl\/blog\/wp-content\/uploads\/2023\/02\/Generator-prady-MOCNY-na-komponentach-Hondy-5kW-Kod-producenta-VO2865.jpg\",\"keywords\":[\"agregat\",\"agregat pr\u0105dotw\u00f3rczy\",\"generator\",\"generator pr\u0105du\",\"przeno\u015bny pr\u0105d\"],\"inLanguage\":\"pl-PL\"},{\"@type\":\"WebPage\",\"@id\":\"https:\/\/kominki-elektryczne.pl\/blog\/2023\/02\/15\/generator-pradu-agregat-pradotworczy\/\",\"url\":\"https:\/\/kominki-elektryczne.pl\/blog\/2023\/02\/15\/generator-pradu-agregat-pradotworczy\/\",\"name\":\"Generator pr\u0105du - agregat pr\u0105dotw\u00f3rczy - Kominki-Elektryczne.pl\",\"isPartOf\":{\"@id\":\"https:\/\/kominki-elektryczne.pl\/blog\/#website\"},\"primaryImageOfPage\":{\"@id\":\"https:\/\/kominki-elektryczne.pl\/blog\/2023\/02\/15\/generator-pradu-agregat-pradotworczy\/#primaryimage\"},\"image\":{\"@id\":\"https:\/\/kominki-elektryczne.pl\/blog\/2023\/02\/15\/generator-pradu-agregat-pradotworczy\/#primaryimage\"},\"thumbnailUrl\":\"https:\/\/kominki-elektryczne.pl\/blog\/wp-content\/uploads\/2023\/02\/Generator-prady-MOCNY-na-komponentach-Hondy-5kW-Kod-producenta-VO2865.jpg\",\"datePublished\":\"2023-02-15T12:16:05+00:00\",\"dateModified\":\"2024-10-08T10:14:44+00:00\",\"breadcrumb\":{\"@id\":\"https:\/\/kominki-elektryczne.pl\/blog\/2023\/02\/15\/generator-pradu-agregat-pradotworczy\/#breadcrumb\"},\"inLanguage\":\"pl-PL\",\"potentialAction\":[{\"@type\":\"ReadAction\",\"target\":[\"https:\/\/kominki-elektryczne.pl\/blog\/2023\/02\/15\/generator-pradu-agregat-pradotworczy\/\"]}]},{\"@type\":\"ImageObject\",\"inLanguage\":\"pl-PL\",\"@id\":\"https:\/\/kominki-elektryczne.pl\/blog\/2023\/02\/15\/generator-pradu-agregat-pradotworczy\/#primaryimage\",\"url\":\"https:\/\/kominki-elektryczne.pl\/blog\/wp-content\/uploads\/2023\/02\/Generator-prady-MOCNY-na-komponentach-Hondy-5kW-Kod-producenta-VO2865.jpg\",\"contentUrl\":\"https:\/\/kominki-elektryczne.pl\/blog\/wp-content\/uploads\/2023\/02\/Generator-prady-MOCNY-na-komponentach-Hondy-5kW-Kod-producenta-VO2865.jpg\",\"width\":865,\"height\":729},{\"@type\":\"BreadcrumbList\",\"@id\":\"https:\/\/kominki-elektryczne.pl\/blog\/2023\/02\/15\/generator-pradu-agregat-pradotworczy\/#breadcrumb\",\"itemListElement\":[{\"@type\":\"ListItem\",\"position\":1,\"name\":\"Strona g\u0142\u00f3wna\",\"item\":\"https:\/\/kominki-elektryczne.pl\/blog\/\"},{\"@type\":\"ListItem\",\"position\":2,\"name\":\"Generator pr\u0105du &#8211; agregat pr\u0105dotw\u00f3rczy\"}]},{\"@type\":\"WebSite\",\"@id\":\"https:\/\/kominki-elektryczne.pl\/blog\/#website\",\"url\":\"https:\/\/kominki-elektryczne.pl\/blog\/\",\"name\":\"Kominki-Elektryczne.pl\",\"description\":\"Opisy - Porady - Recenzje\",\"publisher\":{\"@id\":\"https:\/\/kominki-elektryczne.pl\/blog\/#organization\"},\"potentialAction\":[{\"@type\":\"SearchAction\",\"target\":{\"@type\":\"EntryPoint\",\"urlTemplate\":\"https:\/\/kominki-elektryczne.pl\/blog\/?s={search_term_string}\"},\"query-input\":{\"@type\":\"PropertyValueSpecification\",\"valueRequired\":true,\"valueName\":\"search_term_string\"}}],\"inLanguage\":\"pl-PL\"},{\"@type\":\"Organization\",\"@id\":\"https:\/\/kominki-elektryczne.pl\/blog\/#organization\",\"name\":\"Kominki-Elektryczne.pl\",\"url\":\"https:\/\/kominki-elektryczne.pl\/blog\/\",\"logo\":{\"@type\":\"ImageObject\",\"inLanguage\":\"pl-PL\",\"@id\":\"https:\/\/kominki-elektryczne.pl\/blog\/#\/schema\/logo\/image\/\",\"url\":\"https:\/\/kominki-elektryczne.pl\/blog\/wp-content\/uploads\/2025\/04\/cropped-LogoAflamo.jpg\",\"contentUrl\":\"https:\/\/kominki-elektryczne.pl\/blog\/wp-content\/uploads\/2025\/04\/cropped-LogoAflamo.jpg\",\"width\":200,\"height\":58,\"caption\":\"Kominki-Elektryczne.pl\"},\"image\":{\"@id\":\"https:\/\/kominki-elektryczne.pl\/blog\/#\/schema\/logo\/image\/\"},\"sameAs\":[\"https:\/\/www.facebook.com\/elektrycznekominki\"]},{\"@type\":\"Person\",\"@id\":\"https:\/\/kominki-elektryczne.pl\/blog\/#\/schema\/person\/045e7544e3e90364f5f82cc509123089\",\"name\":\"Kominkowy\",\"image\":{\"@type\":\"ImageObject\",\"inLanguage\":\"pl-PL\",\"@id\":\"https:\/\/kominki-elektryczne.pl\/blog\/#\/schema\/person\/image\/\",\"url\":\"https:\/\/secure.gravatar.com\/avatar\/8c15720599195e8ba4119df2db28ce7e?s=96&d=mm&r=g\",\"contentUrl\":\"https:\/\/secure.gravatar.com\/avatar\/8c15720599195e8ba4119df2db28ce7e?s=96&d=mm&r=g\",\"caption\":\"Kominkowy\"},\"sameAs\":[\"http:\/\/www.kominki-elektryczne.pl\"],\"url\":\"https:\/\/kominki-elektryczne.pl\/blog\/author\/led-handel\/\"}]}<\/script>\n<!-- \/ Yoast SEO plugin. -->","yoast_head_json":{"title":"Generator pr\u0105du - agregat pr\u0105dotw\u00f3rczy - Kominki-Elektryczne.pl","robots":{"index":"index","follow":"follow","max-snippet":"max-snippet:-1","max-image-preview":"max-image-preview:large","max-video-preview":"max-video-preview:-1"},"canonical":"https:\/\/kominki-elektryczne.pl\/blog\/2023\/02\/15\/generator-pradu-agregat-pradotworczy\/","og_locale":"pl_PL","og_type":"article","og_title":"Generator pr\u0105du - agregat pr\u0105dotw\u00f3rczy - Kominki-Elektryczne.pl","og_description":"Dzie\u0144 dobry, w naszym sklepie pojawi\u0142 si\u0119 nowy produkt, kt\u00f3ry w tych ci\u0119\u017ckich czasach jest bardzo popularny.Agregat pr\u0105dotw\u00f3rczy marki Volteno w bardzo atrakcyjnej cenie. Agregat wykonany jest na komponentach marki Honda, przez co jest niezawodny w swojej pracy. W przeciwie\u0144stwie do tradycyjnych agregat\u00f3w, kt\u00f3re pracuj\u0105 &hellip;","og_url":"https:\/\/kominki-elektryczne.pl\/blog\/2023\/02\/15\/generator-pradu-agregat-pradotworczy\/","og_site_name":"Kominki-Elektryczne.pl","article_publisher":"https:\/\/www.facebook.com\/elektrycznekominki","article_published_time":"2023-02-15T12:16:05+00:00","article_modified_time":"2024-10-08T10:14:44+00:00","og_image":[{"width":865,"height":729,"url":"https:\/\/kominki-elektryczne.pl\/blog\/wp-content\/uploads\/2023\/02\/Generator-prady-MOCNY-na-komponentach-Hondy-5kW-Kod-producenta-VO2865.jpg","type":"image\/jpeg"}],"author":"Kominkowy","twitter_card":"summary_large_image","twitter_misc":{"Napisane przez":"Kominkowy","Szacowany czas czytania":"1 minuta"},"schema":{"@context":"https:\/\/schema.org","@graph":[{"@type":"Article","@id":"https:\/\/kominki-elektryczne.pl\/blog\/2023\/02\/15\/generator-pradu-agregat-pradotworczy\/#article","isPartOf":{"@id":"https:\/\/kominki-elektryczne.pl\/blog\/2023\/02\/15\/generator-pradu-agregat-pradotworczy\/"},"author":{"name":"Kominkowy","@id":"https:\/\/kominki-elektryczne.pl\/blog\/#\/schema\/person\/045e7544e3e90364f5f82cc509123089"},"headline":"Generator pr\u0105du &#8211; agregat pr\u0105dotw\u00f3rczy","datePublished":"2023-02-15T12:16:05+00:00","dateModified":"2024-10-08T10:14:44+00:00","mainEntityOfPage":{"@id":"https:\/\/kominki-elektryczne.pl\/blog\/2023\/02\/15\/generator-pradu-agregat-pradotworczy\/"},"wordCount":112,"publisher":{"@id":"https:\/\/kominki-elektryczne.pl\/blog\/#organization"},"image":{"@id":"https:\/\/kominki-elektryczne.pl\/blog\/2023\/02\/15\/generator-pradu-agregat-pradotworczy\/#primaryimage"},"thumbnailUrl":"https:\/\/kominki-elektryczne.pl\/blog\/wp-content\/uploads\/2023\/02\/Generator-prady-MOCNY-na-komponentach-Hondy-5kW-Kod-producenta-VO2865.jpg","keywords":["agregat","agregat pr\u0105dotw\u00f3rczy","generator","generator pr\u0105du","przeno\u015bny pr\u0105d"],"inLanguage":"pl-PL"},{"@type":"WebPage","@id":"https:\/\/kominki-elektryczne.pl\/blog\/2023\/02\/15\/generator-pradu-agregat-pradotworczy\/","url":"https:\/\/kominki-elektryczne.pl\/blog\/2023\/02\/15\/generator-pradu-agregat-pradotworczy\/","name":"Generator pr\u0105du - agregat pr\u0105dotw\u00f3rczy - Kominki-Elektryczne.pl","isPartOf":{"@id":"https:\/\/kominki-elektryczne.pl\/blog\/#website"},"primaryImageOfPage":{"@id":"https:\/\/kominki-elektryczne.pl\/blog\/2023\/02\/15\/generator-pradu-agregat-pradotworczy\/#primaryimage"},"image":{"@id":"https:\/\/kominki-elektryczne.pl\/blog\/2023\/02\/15\/generator-pradu-agregat-pradotworczy\/#primaryimage"},"thumbnailUrl":"https:\/\/kominki-elektryczne.pl\/blog\/wp-content\/uploads\/2023\/02\/Generator-prady-MOCNY-na-komponentach-Hondy-5kW-Kod-producenta-VO2865.jpg","datePublished":"2023-02-15T12:16:05+00:00","dateModified":"2024-10-08T10:14:44+00:00","breadcrumb":{"@id":"https:\/\/kominki-elektryczne.pl\/blog\/2023\/02\/15\/generator-pradu-agregat-pradotworczy\/#breadcrumb"},"inLanguage":"pl-PL","potentialAction":[{"@type":"ReadAction","target":["https:\/\/kominki-elektryczne.pl\/blog\/2023\/02\/15\/generator-pradu-agregat-pradotworczy\/"]}]},{"@type":"ImageObject","inLanguage":"pl-PL","@id":"https:\/\/kominki-elektryczne.pl\/blog\/2023\/02\/15\/generator-pradu-agregat-pradotworczy\/#primaryimage","url":"https:\/\/kominki-elektryczne.pl\/blog\/wp-content\/uploads\/2023\/02\/Generator-prady-MOCNY-na-komponentach-Hondy-5kW-Kod-producenta-VO2865.jpg","contentUrl":"https:\/\/kominki-elektryczne.pl\/blog\/wp-content\/uploads\/2023\/02\/Generator-prady-MOCNY-na-komponentach-Hondy-5kW-Kod-producenta-VO2865.jpg","width":865,"height":729},{"@type":"BreadcrumbList","@id":"https:\/\/kominki-elektryczne.pl\/blog\/2023\/02\/15\/generator-pradu-agregat-pradotworczy\/#breadcrumb","itemListElement":[{"@type":"ListItem","position":1,"name":"Strona g\u0142\u00f3wna","item":"https:\/\/kominki-elektryczne.pl\/blog\/"},{"@type":"ListItem","position":2,"name":"Generator pr\u0105du &#8211; agregat pr\u0105dotw\u00f3rczy"}]},{"@type":"WebSite","@id":"https:\/\/kominki-elektryczne.pl\/blog\/#website","url":"https:\/\/kominki-elektryczne.pl\/blog\/","name":"Kominki-Elektryczne.pl","description":"Opisy - Porady - Recenzje","publisher":{"@id":"https:\/\/kominki-elektryczne.pl\/blog\/#organization"},"potentialAction":[{"@type":"SearchAction","target":{"@type":"EntryPoint","urlTemplate":"https:\/\/kominki-elektryczne.pl\/blog\/?s={search_term_string}"},"query-input":{"@type":"PropertyValueSpecification","valueRequired":true,"valueName":"search_term_string"}}],"inLanguage":"pl-PL"},{"@type":"Organization","@id":"https:\/\/kominki-elektryczne.pl\/blog\/#organization","name":"Kominki-Elektryczne.pl","url":"https:\/\/kominki-elektryczne.pl\/blog\/","logo":{"@type":"ImageObject","inLanguage":"pl-PL","@id":"https:\/\/kominki-elektryczne.pl\/blog\/#\/schema\/logo\/image\/","url":"https:\/\/kominki-elektryczne.pl\/blog\/wp-content\/uploads\/2025\/04\/cropped-LogoAflamo.jpg","contentUrl":"https:\/\/kominki-elektryczne.pl\/blog\/wp-content\/uploads\/2025\/04\/cropped-LogoAflamo.jpg","width":200,"height":58,"caption":"Kominki-Elektryczne.pl"},"image":{"@id":"https:\/\/kominki-elektryczne.pl\/blog\/#\/schema\/logo\/image\/"},"sameAs":["https:\/\/www.facebook.com\/elektrycznekominki"]},{"@type":"Person","@id":"https:\/\/kominki-elektryczne.pl\/blog\/#\/schema\/person\/045e7544e3e90364f5f82cc509123089","name":"Kominkowy","image":{"@type":"ImageObject","inLanguage":"pl-PL","@id":"https:\/\/kominki-elektryczne.pl\/blog\/#\/schema\/person\/image\/","url":"https:\/\/secure.gravatar.com\/avatar\/8c15720599195e8ba4119df2db28ce7e?s=96&d=mm&r=g","contentUrl":"https:\/\/secure.gravatar.com\/avatar\/8c15720599195e8ba4119df2db28ce7e?s=96&d=mm&r=g","caption":"Kominkowy"},"sameAs":["http:\/\/www.kominki-elektryczne.pl"],"url":"https:\/\/kominki-elektryczne.pl\/blog\/author\/led-handel\/"}]}},"_links":{"self":[{"href":"https:\/\/kominki-elektryczne.pl\/blog\/wp-json\/wp\/v2\/posts\/699","targetHints":{"allow":["GET"]}}],"collection":[{"href":"https:\/\/kominki-elektryczne.pl\/blog\/wp-json\/wp\/v2\/posts"}],"about":[{"href":"https:\/\/kominki-elektryczne.pl\/blog\/wp-json\/wp\/v2\/types\/post"}],"author":[{"embeddable":true,"href":"https:\/\/kominki-elektryczne.pl\/blog\/wp-json\/wp\/v2\/users\/1"}],"replies":[{"embeddable":true,"href":"https:\/\/kominki-elektryczne.pl\/blog\/wp-json\/wp\/v2\/comments?post=699"}],"version-history":[{"count":1,"href":"https:\/\/kominki-elektryczne.pl\/blog\/wp-json\/wp\/v2\/posts\/699\/revisions"}],"predecessor-version":[{"id":701,"href":"https:\/\/kominki-elektryczne.pl\/blog\/wp-json\/wp\/v2\/posts\/699\/revisions\/701"}],"wp:attachment":[{"href":"https:\/\/kominki-elektryczne.pl\/blog\/wp-json\/wp\/v2\/media?parent=699"}],"wp:term":[{"taxonomy":"category","embeddable":true,"href":"https:\/\/kominki-elektryczne.pl\/blog\/wp-json\/wp\/v2\/categories?post=699"},{"taxonomy":"post_tag","embeddable":true,"href":"https:\/\/kominki-elektryczne.pl\/blog\/wp-json\/wp\/v2\/tags?post=699"}],"curies":[{"name":"wp","href":"https:\/\/api.w.org\/{rel}","templated":true}]}}